{"id":136744,"date":"2022-10-02T20:15:37","date_gmt":"2022-10-02T18:15:37","guid":{"rendered":"https:\/\/www.bellunopress.it\/?p=136744"},"modified":"2022-10-02T20:15:37","modified_gmt":"2022-10-02T18:15:37","slug":"la-maledizione-del-4-2-i-dolomitici-cadono-ancora","status":"publish","type":"post","link":"https:\/\/www.bellunopress.it\/fr\/2022\/10\/02\/la-maledizione-del-4-2-i-dolomitici-cadono-ancora\/","title":{"rendered":"La maledizione del 4-2: i dolomitici cadono ancora"},"content":{"rendered":"<p><img loading=\"lazy\" decoding=\"async\" class=\"alignleft size-full wp-image-136745\" src=\"https:\/\/www.bellunopress.it\/wp-content\/uploads\/2022\/10\/Dolomiti-Bellunesi-calcio.jpg\" alt=\"\" width=\"927\" height=\"642\" srcset=\"https:\/\/www.bellunopress.it\/wp-content\/uploads\/2022\/10\/Dolomiti-Bellunesi-calcio.jpg 927w, https:\/\/www.bellunopress.it\/wp-content\/uploads\/2022\/10\/Dolomiti-Bellunesi-calcio-500x346.jpg 500w, https:\/\/www.bellunopress.it\/wp-content\/uploads\/2022\/10\/Dolomiti-Bellunesi-calcio-218x150.jpg 218w, https:\/\/www.bellunopress.it\/wp-content\/uploads\/2022\/10\/Dolomiti-Bellunesi-calcio-696x482.jpg 696w, https:\/\/www.bellunopress.it\/wp-content\/uploads\/2022\/10\/Dolomiti-Bellunesi-calcio-606x420.jpg 606w, https:\/\/www.bellunopress.it\/wp-content\/uploads\/2022\/10\/Dolomiti-Bellunesi-calcio-100x70.jpg 100w\" sizes=\"auto, (max-width: 927px) 100vw, 927px\" \/>DOLOMITI BELLUNESI-CARTIGLIANO 2-4<\/p>\n<p>GOL: pt 6&#8242; Barzon, 43&#8242; A. Cossalter; st 11&#8242; Stevanin, 32&#8242; Buson, 45&#8242; Artioli, 47&#8242; Scapin.<\/p>\n<p>DOLOMITI BELLUNESI: Virvilas; Pasqualino, Alari, Pettin\u00e0, Toniolo; Artioli, Casella (st 22&#8242; De Paoli), De Carli (pt 37&#8242; Arcopinto); A. Cossalter; Corbanese, Svidercoschi (st 27&#8242; Onescu) (a disposizione: Saccon, Sommacal, Conti, T. Cossalter, Alcides, Est\u00e9vez. Allenatore: D. Zanin.<\/p>\n<p>CARTIGLIANO: Melone, Pregnolato (st 1&#8242; Pilotto), Stevanin, Boudraa, Miniati, Buson, Griggio (st 22&#8242; Gobbetti), G. Scapin, T. Scapin (st 19&#8242; Di Gennaro), Barzon (st 44&#8242; Pelizzer), Giacobbo (st 14&#8242; Tonin). (a disposizione: Scanagatta, Brugnolo, Pan, Baggio). Allenatore: A. Ferronato.<\/p>\n<p>ARBITRO: Piero Marangone di Udine (assistenti: Riccardo Bonicelli di Bergamo e Francesca Pia Algieri di Milano).<\/p>\n<p>NOTE. Spettatori: 400 circa. Ammoniti: Pregnolato, Casella, Stevanin, Pilotto. Angoli: 7-4 per la SSD Dolomiti Bellunesi. Recupero: pt 3&#8242;; st 5&#8242;.<\/p>\n<p>&nbsp;<\/p>\n<p>La settimana maledetta si conclude con un altro 4-2 al passivo: dopo quello di Bolzano, prende forma una nuova sconfitta. E con gli stessi contorni. Questa volta allo stadio Zugni Tauro di Feltre, dove a passare \u00e8 il Cartigliano, che rende cos\u00ec amaro il debutto in panchina di mister Diego Zanin. Fatali un paio di disattenzioni difensive, soprattutto su palla inattiva: la prodezza di Alex Cossalter e il tap-in di Artioli non bastano. La SSD Dolomiti Bellunesi rimedia il quarto ko in cinque partite. E si trova ora in fondo alla classifica, a pari merito con il Mestre: un avversario che Corbanese e compagni affronteranno domenica prossima in trasferta.<\/p>\n<p>ASSETTO &#8211; Cambia il tecnico? E pure l&#8217;assetto: la difesa, infatti, si srotola a quattro, mentre il centrocampo \u00e8 a rombo, con Casella vertice basso e Alex Cossalter alto. Davanti, invece, c&#8217;\u00e8 un tandem: Corbanese insieme a Svidercoschi. \u00c8 un inedito assoluto. Ma la partenza \u00e8 tutta in salita, visto che al 6&#8242; Barzon inventa un gran sinistro su cui Virvilas non pu\u00f2 arrivare: il tiro \u00e8 preciso, potente, angolato. In una parola: vincente. Come di consueto, il Cartigliano mantiene fede al suo Dna: una squadra organizzata, molto ben messa in campo e poco propensa a concedere spazi. In pi\u00f9, in casa dolomitica, ci si mette pure la cattiva sorte, se \u00e8 vero che De Carli \u00e8 costretto a uscire per un infortunio alla caviglia a ridosso dell&#8217;intervallo. I padroni di casa, comunque, non mollano. Anzi, continuano a spingere. E trovano il pareggio sull&#8217;asse Artioli-Cossalter: cross d&#8217;esterno del &#8220;diez&#8221;, spettacolare girata di Alex. E Melone \u00e8 scavalcato: 1-1.<\/p>\n<p>CORNER FATALI &#8211; Rinfrancata dal gol, la SSD Dolomiti Bellunesi si affaccia al secondo tempo con intraprendenza e sfiora il bersaglio con Arcopinto e Corbanese (colpo di testa fuori di un soffio), salvo poi capitolare all&#8217;11&#8217; sugli sviluppi di un corner: la deviazione decisiva \u00e8 dell&#8217;ex terzino dell&#8217;Union Feltre, Stevanin. Corner che risulter\u00e0 indigesto pure attorno alla mezz&#8217;ora, quando Buson svetta nel cuore dell&#8217;area e confeziona il tris. Il gruppo di Zanin non ci sta e accorcia le distanze allo scadere, grazie a un tocco sotto porta di Artioli, sulla corta respinta del portiere Melone. L&#8217;ultimo acuto, per\u00f2, \u00e8 ancora del Cartigliano: in contropiede, chiude i conti Scapin.<\/p>\n<p>LE PAROLE DI ZANIN &#8211; \u00abEssendo arrivato solo venerd\u00ec &#8211; sono le parole di Diego Zanin, nel post partita &#8211; oggi, pi\u00f9 che un allenatore, ero soprattutto un osservatore. Ho provato a dare degli input morali e la squadra ha risposto: ha avuto una buona reazione, non si \u00e8 lasciata andare ed \u00e8 riuscita a tenere la gara aperta. Poi altre cose andranno migliorate\u00bb. A cominciare dalle palle inattive: \u00abS\u00ec, i nostri avversari hanno segnato con troppa facilit\u00e0, peraltro nel nostro momento migliore. In ogni caso, lo ripeto, i ragazzi si sono battuti e ci hanno provato fino all&#8217;ultimo minuto. Dobbiamo crescere, \u00e8 ovvio: se abbiamo questa classifica, significa che c&#8217;\u00e8 bisogno di tanto lavoro\u00bb.<\/p>","protected":false},"excerpt":{"rendered":"<p>DOLOMITI BELLUNESI-CARTIGLIANO 2-4 GOL: pt 6&#8242; Barzon, 43&#8242; A. Cossalter; st 11&#8242; Stevanin, 32&#8242; Buson, 45&#8242; Artioli, 47&#8242; Scapin. DOLOMITI BELLUNESI: Virvilas; Pasqualino, Alari, Pettin\u00e0, Toniolo; Artioli, Casella (st 22&#8242; De Paoli), De Carli (pt 37&#8242; Arcopinto); A. Cossalter; Corbanese, Svidercoschi (st 27&#8242; Onescu) (a disposizione: Saccon, Sommacal, Conti, T. Cossalter, Alcides, Est\u00e9vez. Allenatore: D. [&hellip;]<\/p>\n","protected":false},"author":2,"featured_media":136745,"comment_status":"closed","ping_status":"open","sticky":false,"template":"","format":"standard","meta":{"footnotes":""},"categories":[26,4],"tags":[],"class_list":["post-136744","post","type-post","status-publish","format-standard","has-post-thumbnail","category-prima-pagina","category-sport"],"yoast_head":"<!-- This site is optimized with the Yoast SEO plugin v28.4 - https:\/\/yoast.com\/product\/yoast-seo-wordpress\/ -->\n<title>La maledizione del 4-2: i dolomitici cadono ancora - Bellunopress - Dolomiti<\/title>\n<meta name=\"robots\" content=\"index, follow, max-snippet:-1, max-image-preview:large, max-video-preview:-1\" \/>\n<link rel=\"canonical\" href=\"https:\/\/www.bellunopress.it\/fr\/2022\/10\/02\/la-maledizione-del-4-2-i-dolomitici-cadono-ancora\/\" \/>\n<meta property=\"og:locale\" content=\"fr_FR\" \/>\n<meta property=\"og:type\" content=\"article\" \/>\n<meta property=\"og:title\" content=\"La maledizione del 4-2: i dolomitici cadono ancora - Bellunopress - Dolomiti\" \/>\n<meta property=\"og:description\" content=\"DOLOMITI BELLUNESI-CARTIGLIANO 2-4 GOL: pt 6&#8242; Barzon, 43&#8242; A. Cossalter; st 11&#8242; Stevanin, 32&#8242; Buson, 45&#8242; Artioli, 47&#8242; Scapin. DOLOMITI BELLUNESI: Virvilas; Pasqualino, Alari, Pettin\u00e0, Toniolo; Artioli, Casella (st 22&#8242; De Paoli), De Carli (pt 37&#8242; Arcopinto); A. Cossalter; Corbanese, Svidercoschi (st 27&#8242; Onescu) (a disposizione: Saccon, Sommacal, Conti, T. Cossalter, Alcides, Est\u00e9vez. Allenatore: D. [&hellip;]\" \/>\n<meta property=\"og:url\" content=\"https:\/\/www.bellunopress.it\/fr\/2022\/10\/02\/la-maledizione-del-4-2-i-dolomitici-cadono-ancora\/\" \/>\n<meta property=\"og:site_name\" content=\"Bellunopress - Dolomiti\" \/>\n<meta property=\"article:publisher\" content=\"https:\/\/www.facebook.com\/profile.php?id=100008943462799\" \/>\n<meta property=\"article:published_time\" content=\"2022-10-02T18:15:37+00:00\" \/>\n<meta property=\"og:image\" content=\"https:\/\/www.bellunopress.it\/wp-content\/uploads\/2022\/10\/Dolomiti-Bellunesi-calcio.jpg\" \/>\n\t<meta property=\"og:image:width\" content=\"927\" \/>\n\t<meta property=\"og:image:height\" content=\"642\" \/>\n\t<meta property=\"og:image:type\" content=\"image\/jpeg\" \/>\n<meta name=\"author\" content=\"redazione\" \/>\n<meta name=\"twitter:card\" content=\"summary_large_image\" \/>\n<meta name=\"twitter:creator\" content=\"@bellunopress\" \/>\n<meta name=\"twitter:site\" content=\"@bellunopress\" \/>\n<meta name=\"twitter:label1\" content=\"\u00c9crit par\" \/>\n\t<meta name=\"twitter:data1\" content=\"redazione\" \/>\n\t<meta name=\"twitter:label2\" content=\"Dur\u00e9e de lecture estim\u00e9e\" \/>\n\t<meta name=\"twitter:data2\" content=\"4 minutes\" \/>\n<script type=\"application\/ld+json\" class=\"yoast-schema-graph\">{\"@context\":\"https:\\\/\\\/schema.org\",\"@graph\":[{\"@type\":\"Article\",\"@id\":\"https:\\\/\\\/www.bellunopress.it\\\/2022\\\/10\\\/02\\\/la-maledizione-del-4-2-i-dolomitici-cadono-ancora\\\/#article\",\"isPartOf\":{\"@id\":\"https:\\\/\\\/www.bellunopress.it\\\/2022\\\/10\\\/02\\\/la-maledizione-del-4-2-i-dolomitici-cadono-ancora\\\/\"},\"author\":{\"name\":\"redazione\",\"@id\":\"https:\\\/\\\/www.bellunopress.it\\\/#\\\/schema\\\/person\\\/79bb06722b37ece1c03d3e94beb30d73\"},\"headline\":\"La maledizione del 4-2: i dolomitici cadono ancora\",\"datePublished\":\"2022-10-02T18:15:37+00:00\",\"mainEntityOfPage\":{\"@id\":\"https:\\\/\\\/www.bellunopress.it\\\/2022\\\/10\\\/02\\\/la-maledizione-del-4-2-i-dolomitici-cadono-ancora\\\/\"},\"wordCount\":611,\"publisher\":{\"@id\":\"https:\\\/\\\/www.bellunopress.it\\\/#organization\"},\"image\":{\"@id\":\"https:\\\/\\\/www.bellunopress.it\\\/2022\\\/10\\\/02\\\/la-maledizione-del-4-2-i-dolomitici-cadono-ancora\\\/#primaryimage\"},\"thumbnailUrl\":\"https:\\\/\\\/www.bellunopress.it\\\/wp-content\\\/uploads\\\/2022\\\/10\\\/Dolomiti-Bellunesi-calcio.jpg\",\"articleSection\":[\"Prima Pagina\",\"Sport, tempo libero\"],\"inLanguage\":\"fr-FR\"},{\"@type\":\"WebPage\",\"@id\":\"https:\\\/\\\/www.bellunopress.it\\\/2022\\\/10\\\/02\\\/la-maledizione-del-4-2-i-dolomitici-cadono-ancora\\\/\",\"url\":\"https:\\\/\\\/www.bellunopress.it\\\/2022\\\/10\\\/02\\\/la-maledizione-del-4-2-i-dolomitici-cadono-ancora\\\/\",\"name\":\"La maledizione del 4-2: i dolomitici cadono ancora - Bellunopress - Dolomiti\",\"isPartOf\":{\"@id\":\"https:\\\/\\\/www.bellunopress.it\\\/#website\"},\"primaryImageOfPage\":{\"@id\":\"https:\\\/\\\/www.bellunopress.it\\\/2022\\\/10\\\/02\\\/la-maledizione-del-4-2-i-dolomitici-cadono-ancora\\\/#primaryimage\"},\"image\":{\"@id\":\"https:\\\/\\\/www.bellunopress.it\\\/2022\\\/10\\\/02\\\/la-maledizione-del-4-2-i-dolomitici-cadono-ancora\\\/#primaryimage\"},\"thumbnailUrl\":\"https:\\\/\\\/www.bellunopress.it\\\/wp-content\\\/uploads\\\/2022\\\/10\\\/Dolomiti-Bellunesi-calcio.jpg\",\"datePublished\":\"2022-10-02T18:15:37+00:00\",\"breadcrumb\":{\"@id\":\"https:\\\/\\\/www.bellunopress.it\\\/2022\\\/10\\\/02\\\/la-maledizione-del-4-2-i-dolomitici-cadono-ancora\\\/#breadcrumb\"},\"inLanguage\":\"fr-FR\",\"potentialAction\":[{\"@type\":\"ReadAction\",\"target\":[\"https:\\\/\\\/www.bellunopress.it\\\/2022\\\/10\\\/02\\\/la-maledizione-del-4-2-i-dolomitici-cadono-ancora\\\/\"]}]},{\"@type\":\"ImageObject\",\"inLanguage\":\"fr-FR\",\"@id\":\"https:\\\/\\\/www.bellunopress.it\\\/2022\\\/10\\\/02\\\/la-maledizione-del-4-2-i-dolomitici-cadono-ancora\\\/#primaryimage\",\"url\":\"https:\\\/\\\/www.bellunopress.it\\\/wp-content\\\/uploads\\\/2022\\\/10\\\/Dolomiti-Bellunesi-calcio.jpg\",\"contentUrl\":\"https:\\\/\\\/www.bellunopress.it\\\/wp-content\\\/uploads\\\/2022\\\/10\\\/Dolomiti-Bellunesi-calcio.jpg\",\"width\":927,\"height\":642},{\"@type\":\"BreadcrumbList\",\"@id\":\"https:\\\/\\\/www.bellunopress.it\\\/2022\\\/10\\\/02\\\/la-maledizione-del-4-2-i-dolomitici-cadono-ancora\\\/#breadcrumb\",\"itemListElement\":[{\"@type\":\"ListItem\",\"position\":1,\"name\":\"Home\",\"item\":\"https:\\\/\\\/www.bellunopress.it\\\/\"},{\"@type\":\"ListItem\",\"position\":2,\"name\":\"La maledizione del 4-2: i dolomitici cadono ancora\"}]},{\"@type\":\"WebSite\",\"@id\":\"https:\\\/\\\/www.bellunopress.it\\\/#website\",\"url\":\"https:\\\/\\\/www.bellunopress.it\\\/\",\"name\":\"Bellunopress - Dolomiti\",\"description\":\"e-mail: redazione@bellunopress.it\",\"publisher\":{\"@id\":\"https:\\\/\\\/www.bellunopress.it\\\/#organization\"},\"potentialAction\":[{\"@type\":\"SearchAction\",\"target\":{\"@type\":\"EntryPoint\",\"urlTemplate\":\"https:\\\/\\\/www.bellunopress.it\\\/?s={search_term_string}\"},\"query-input\":{\"@type\":\"PropertyValueSpecification\",\"valueRequired\":true,\"valueName\":\"search_term_string\"}}],\"inLanguage\":\"fr-FR\"},{\"@type\":\"Organization\",\"@id\":\"https:\\\/\\\/www.bellunopress.it\\\/#organization\",\"name\":\"Bellunopress\",\"url\":\"https:\\\/\\\/www.bellunopress.it\\\/\",\"logo\":{\"@type\":\"ImageObject\",\"inLanguage\":\"fr-FR\",\"@id\":\"https:\\\/\\\/www.bellunopress.it\\\/#\\\/schema\\\/logo\\\/image\\\/\",\"url\":\"https:\\\/\\\/www.bellunopress.it\\\/wp-content\\\/uploads\\\/2011\\\/05\\\/cropped-logo-bellunopress-.jpg\",\"contentUrl\":\"https:\\\/\\\/www.bellunopress.it\\\/wp-content\\\/uploads\\\/2011\\\/05\\\/cropped-logo-bellunopress-.jpg\",\"width\":512,\"height\":512,\"caption\":\"Bellunopress\"},\"image\":{\"@id\":\"https:\\\/\\\/www.bellunopress.it\\\/#\\\/schema\\\/logo\\\/image\\\/\"},\"sameAs\":[\"https:\\\/\\\/www.facebook.com\\\/profile.php?id=100008943462799\",\"https:\\\/\\\/x.com\\\/bellunopress\",\"https:\\\/\\\/www.linkedin.com\\\/hp\\\/?dnr=JBzUWaJfMUw8vbXJJ2tVW5-I3jZKvC4wsoxE&amp;amp;amp;amp;amp;amp;trk=nav_responsive_tab_home\",\"https:\\\/\\\/www.youtube.com\\\/channel\\\/UCxL0wu1uN0_3_7hGG0306cw\"]},{\"@type\":\"Person\",\"@id\":\"https:\\\/\\\/www.bellunopress.it\\\/#\\\/schema\\\/person\\\/79bb06722b37ece1c03d3e94beb30d73\",\"name\":\"redazione\",\"image\":{\"@type\":\"ImageObject\",\"inLanguage\":\"fr-FR\",\"@id\":\"https:\\\/\\\/secure.gravatar.com\\\/avatar\\\/37d968a2e67a6fd04c169c4bdef102d0bc5d31b2546345219e348575eb80e9a0?s=96&d=mm&r=g\",\"url\":\"https:\\\/\\\/secure.gravatar.com\\\/avatar\\\/37d968a2e67a6fd04c169c4bdef102d0bc5d31b2546345219e348575eb80e9a0?s=96&d=mm&r=g\",\"contentUrl\":\"https:\\\/\\\/secure.gravatar.com\\\/avatar\\\/37d968a2e67a6fd04c169c4bdef102d0bc5d31b2546345219e348575eb80e9a0?s=96&d=mm&r=g\",\"caption\":\"redazione\"},\"sameAs\":[\"http:\\\/\\\/www.bellunopress.it\",\"https:\\\/\\\/x.com\\\/bellunopress\"],\"url\":\"https:\\\/\\\/www.bellunopress.it\\\/fr\\\/author\\\/redazione\\\/\"}]}<\/script>\n<!-- \/ Yoast SEO plugin. -->","yoast_head_json":{"title":"La maledizione del 4-2: i dolomitici cadono ancora - Bellunopress - Dolomiti","robots":{"index":"index","follow":"follow","max-snippet":"max-snippet:-1","max-image-preview":"max-image-preview:large","max-video-preview":"max-video-preview:-1"},"canonical":"https:\/\/www.bellunopress.it\/fr\/2022\/10\/02\/la-maledizione-del-4-2-i-dolomitici-cadono-ancora\/","og_locale":"fr_FR","og_type":"article","og_title":"La maledizione del 4-2: i dolomitici cadono ancora - Bellunopress - Dolomiti","og_description":"DOLOMITI BELLUNESI-CARTIGLIANO 2-4 GOL: pt 6&#8242; Barzon, 43&#8242; A. Cossalter; st 11&#8242; Stevanin, 32&#8242; Buson, 45&#8242; Artioli, 47&#8242; Scapin. DOLOMITI BELLUNESI: Virvilas; Pasqualino, Alari, Pettin\u00e0, Toniolo; Artioli, Casella (st 22&#8242; De Paoli), De Carli (pt 37&#8242; Arcopinto); A. Cossalter; Corbanese, Svidercoschi (st 27&#8242; Onescu) (a disposizione: Saccon, Sommacal, Conti, T. Cossalter, Alcides, Est\u00e9vez. Allenatore: D. [&hellip;]","og_url":"https:\/\/www.bellunopress.it\/fr\/2022\/10\/02\/la-maledizione-del-4-2-i-dolomitici-cadono-ancora\/","og_site_name":"Bellunopress - Dolomiti","article_publisher":"https:\/\/www.facebook.com\/profile.php?id=100008943462799","article_published_time":"2022-10-02T18:15:37+00:00","og_image":[{"width":927,"height":642,"url":"https:\/\/www.bellunopress.it\/wp-content\/uploads\/2022\/10\/Dolomiti-Bellunesi-calcio.jpg","type":"image\/jpeg"}],"author":"redazione","twitter_card":"summary_large_image","twitter_creator":"@bellunopress","twitter_site":"@bellunopress","twitter_misc":{"\u00c9crit par":"redazione","Dur\u00e9e de lecture estim\u00e9e":"4 minutes"},"schema":{"@context":"https:\/\/schema.org","@graph":[{"@type":"Article","@id":"https:\/\/www.bellunopress.it\/2022\/10\/02\/la-maledizione-del-4-2-i-dolomitici-cadono-ancora\/#article","isPartOf":{"@id":"https:\/\/www.bellunopress.it\/2022\/10\/02\/la-maledizione-del-4-2-i-dolomitici-cadono-ancora\/"},"author":{"name":"redazione","@id":"https:\/\/www.bellunopress.it\/#\/schema\/person\/79bb06722b37ece1c03d3e94beb30d73"},"headline":"La maledizione del 4-2: i dolomitici cadono ancora","datePublished":"2022-10-02T18:15:37+00:00","mainEntityOfPage":{"@id":"https:\/\/www.bellunopress.it\/2022\/10\/02\/la-maledizione-del-4-2-i-dolomitici-cadono-ancora\/"},"wordCount":611,"publisher":{"@id":"https:\/\/www.bellunopress.it\/#organization"},"image":{"@id":"https:\/\/www.bellunopress.it\/2022\/10\/02\/la-maledizione-del-4-2-i-dolomitici-cadono-ancora\/#primaryimage"},"thumbnailUrl":"https:\/\/www.bellunopress.it\/wp-content\/uploads\/2022\/10\/Dolomiti-Bellunesi-calcio.jpg","articleSection":["Prima Pagina","Sport, tempo libero"],"inLanguage":"fr-FR"},{"@type":"WebPage","@id":"https:\/\/www.bellunopress.it\/2022\/10\/02\/la-maledizione-del-4-2-i-dolomitici-cadono-ancora\/","url":"https:\/\/www.bellunopress.it\/2022\/10\/02\/la-maledizione-del-4-2-i-dolomitici-cadono-ancora\/","name":"La maledizione del 4-2: i dolomitici cadono ancora - Bellunopress - Dolomiti","isPartOf":{"@id":"https:\/\/www.bellunopress.it\/#website"},"primaryImageOfPage":{"@id":"https:\/\/www.bellunopress.it\/2022\/10\/02\/la-maledizione-del-4-2-i-dolomitici-cadono-ancora\/#primaryimage"},"image":{"@id":"https:\/\/www.bellunopress.it\/2022\/10\/02\/la-maledizione-del-4-2-i-dolomitici-cadono-ancora\/#primaryimage"},"thumbnailUrl":"https:\/\/www.bellunopress.it\/wp-content\/uploads\/2022\/10\/Dolomiti-Bellunesi-calcio.jpg","datePublished":"2022-10-02T18:15:37+00:00","breadcrumb":{"@id":"https:\/\/www.bellunopress.it\/2022\/10\/02\/la-maledizione-del-4-2-i-dolomitici-cadono-ancora\/#breadcrumb"},"inLanguage":"fr-FR","potentialAction":[{"@type":"ReadAction","target":["https:\/\/www.bellunopress.it\/2022\/10\/02\/la-maledizione-del-4-2-i-dolomitici-cadono-ancora\/"]}]},{"@type":"ImageObject","inLanguage":"fr-FR","@id":"https:\/\/www.bellunopress.it\/2022\/10\/02\/la-maledizione-del-4-2-i-dolomitici-cadono-ancora\/#primaryimage","url":"https:\/\/www.bellunopress.it\/wp-content\/uploads\/2022\/10\/Dolomiti-Bellunesi-calcio.jpg","contentUrl":"https:\/\/www.bellunopress.it\/wp-content\/uploads\/2022\/10\/Dolomiti-Bellunesi-calcio.jpg","width":927,"height":642},{"@type":"BreadcrumbList","@id":"https:\/\/www.bellunopress.it\/2022\/10\/02\/la-maledizione-del-4-2-i-dolomitici-cadono-ancora\/#breadcrumb","itemListElement":[{"@type":"ListItem","position":1,"name":"Home","item":"https:\/\/www.bellunopress.it\/"},{"@type":"ListItem","position":2,"name":"La maledizione del 4-2: i dolomitici cadono ancora"}]},{"@type":"WebSite","@id":"https:\/\/www.bellunopress.it\/#website","url":"https:\/\/www.bellunopress.it\/","name":"Bellunopress - Dolomiti","description":"e-mail: redazione@bellunopress.it","publisher":{"@id":"https:\/\/www.bellunopress.it\/#organization"},"potentialAction":[{"@type":"SearchAction","target":{"@type":"EntryPoint","urlTemplate":"https:\/\/www.bellunopress.it\/?s={search_term_string}"},"query-input":{"@type":"PropertyValueSpecification","valueRequired":true,"valueName":"search_term_string"}}],"inLanguage":"fr-FR"},{"@type":"Organization","@id":"https:\/\/www.bellunopress.it\/#organization","name":"Bellunopress","url":"https:\/\/www.bellunopress.it\/","logo":{"@type":"ImageObject","inLanguage":"fr-FR","@id":"https:\/\/www.bellunopress.it\/#\/schema\/logo\/image\/","url":"https:\/\/www.bellunopress.it\/wp-content\/uploads\/2011\/05\/cropped-logo-bellunopress-.jpg","contentUrl":"https:\/\/www.bellunopress.it\/wp-content\/uploads\/2011\/05\/cropped-logo-bellunopress-.jpg","width":512,"height":512,"caption":"Bellunopress"},"image":{"@id":"https:\/\/www.bellunopress.it\/#\/schema\/logo\/image\/"},"sameAs":["https:\/\/www.facebook.com\/profile.php?id=100008943462799","https:\/\/x.com\/bellunopress","https:\/\/www.linkedin.com\/hp\/?dnr=JBzUWaJfMUw8vbXJJ2tVW5-I3jZKvC4wsoxE&amp;amp;amp;amp;amp;amp;trk=nav_responsive_tab_home","https:\/\/www.youtube.com\/channel\/UCxL0wu1uN0_3_7hGG0306cw"]},{"@type":"Person","@id":"https:\/\/www.bellunopress.it\/#\/schema\/person\/79bb06722b37ece1c03d3e94beb30d73","name":"r\u00e9daction","image":{"@type":"ImageObject","inLanguage":"fr-FR","@id":"https:\/\/secure.gravatar.com\/avatar\/37d968a2e67a6fd04c169c4bdef102d0bc5d31b2546345219e348575eb80e9a0?s=96&d=mm&r=g","url":"https:\/\/secure.gravatar.com\/avatar\/37d968a2e67a6fd04c169c4bdef102d0bc5d31b2546345219e348575eb80e9a0?s=96&d=mm&r=g","contentUrl":"https:\/\/secure.gravatar.com\/avatar\/37d968a2e67a6fd04c169c4bdef102d0bc5d31b2546345219e348575eb80e9a0?s=96&d=mm&r=g","caption":"redazione"},"sameAs":["http:\/\/www.bellunopress.it","https:\/\/x.com\/bellunopress"],"url":"https:\/\/www.bellunopress.it\/fr\/author\/redazione\/"}]}},"_links":{"self":[{"href":"https:\/\/www.bellunopress.it\/fr\/wp-json\/wp\/v2\/posts\/136744","targetHints":{"allow":["GET"]}}],"collection":[{"href":"https:\/\/www.bellunopress.it\/fr\/wp-json\/wp\/v2\/posts"}],"about":[{"href":"https:\/\/www.bellunopress.it\/fr\/wp-json\/wp\/v2\/types\/post"}],"author":[{"embeddable":true,"href":"https:\/\/www.bellunopress.it\/fr\/wp-json\/wp\/v2\/users\/2"}],"replies":[{"embeddable":true,"href":"https:\/\/www.bellunopress.it\/fr\/wp-json\/wp\/v2\/comments?post=136744"}],"version-history":[{"count":1,"href":"https:\/\/www.bellunopress.it\/fr\/wp-json\/wp\/v2\/posts\/136744\/revisions"}],"predecessor-version":[{"id":136746,"href":"https:\/\/www.bellunopress.it\/fr\/wp-json\/wp\/v2\/posts\/136744\/revisions\/136746"}],"wp:featuredmedia":[{"embeddable":true,"href":"https:\/\/www.bellunopress.it\/fr\/wp-json\/wp\/v2\/media\/136745"}],"wp:attachment":[{"href":"https:\/\/www.bellunopress.it\/fr\/wp-json\/wp\/v2\/media?parent=136744"}],"wp:term":[{"taxonomy":"category","embeddable":true,"href":"https:\/\/www.bellunopress.it\/fr\/wp-json\/wp\/v2\/categories?post=136744"},{"taxonomy":"post_tag","embeddable":true,"href":"https:\/\/www.bellunopress.it\/fr\/wp-json\/wp\/v2\/tags?post=136744"}],"curies":[{"name":"wp","href":"https:\/\/api.w.org\/{rel}","templated":true}]}}