{"id":136741,"date":"2022-10-01T18:47:49","date_gmt":"2022-10-01T16:47:49","guid":{"rendered":"https:\/\/www.bellunopress.it\/?p=136741"},"modified":"2022-10-01T18:47:49","modified_gmt":"2022-10-01T16:47:49","slug":"il-bellunese-matteo-sfregola-primo-under-20-nellxterra-world-championships-di-molveno","status":"publish","type":"post","link":"https:\/\/www.bellunopress.it\/fr\/2022\/10\/01\/il-bellunese-matteo-sfregola-primo-under-20-nellxterra-world-championships-di-molveno\/","title":{"rendered":"Il bellunese Matteo Sfregola primo under 20 nell&#8217;Xterra World Championships di Molveno"},"content":{"rendered":"<p><img loading=\"lazy\" decoding=\"async\" class=\"alignleft size-full wp-image-136742\" src=\"https:\/\/www.bellunopress.it\/wp-content\/uploads\/2022\/10\/Matteo-Sfregola_edited.jpg\" alt=\"\" width=\"402\" height=\"469\" srcset=\"https:\/\/www.bellunopress.it\/wp-content\/uploads\/2022\/10\/Matteo-Sfregola_edited.jpg 402w, https:\/\/www.bellunopress.it\/wp-content\/uploads\/2022\/10\/Matteo-Sfregola_edited-360x420.jpg 360w\" sizes=\"auto, (max-width: 402px) 100vw, 402px\" \/>Matteo Sfregola ha vinto la finale mondiale del circuito Xterra nella categoria 18-19 anni.<\/p>\n<p>Oggi, sabato 1\u00b0 ottobre, a Molveno, in Trentino Aldo Adige, negli Xterra World Championships, il 18enne di Pedavena, studente universitario in scienze motorie, ha sbaragliato la concorrenza, conquistando la prestigiosa vittoria in 3h 02&#8242; 09&#8221;. Questo il tempo che il portacolori di Silca Ultralite Vittorio Veneto ha impiegato per nuotare 1500 metri, percorrere in mountain bike 32 chilometri e correre a piedi i 10 chilometri dell&#8217;ultima frazione.\u00a0Dietro di lui, che potr\u00e0 sfregiarsi del titolo di campione mondiale del circuito Xterra under 20, l&#8217;italiano Ruslan Farci e il francese Maxime Coquille.<\/p>\n<p>&#8220;Era molto freddo, nei giorni scorsi ha piovuto tanto e il percorso in mountain bike \u00e8 diventato molto pi\u00f9 tecnico e duro &#8211; ha commentato Sfregola &#8211; dopo aver controllato nella frazione di nuoto, una volta salito in mountain bike ho spinto al massimo per accumulare il vantaggio che poi ho gestito nella frazione finale di corsa a piedi. Puntavo molto su questa gara, sapevo di poter fare un buon risultato, ma non mi aspettavo di vincere. Sono molto contento&#8221;.<\/p>\n<p>Per il 18enne bellunese una nuova bella prova, dopo un&#8217;annata agonistica che l&#8217;ha visto sfiorare il podio agli Europei di Winter Triathlon (quinto tra gli Junior). Per quanto riguarda il circuito XTerra, a giugno la vittoria nella gara Sprint di Toscolano Maderno sul lago di Garda, ad agosto la vittoria nella gara sprint in Repubblica Ceca e la vittoria nella gara under 20 full distance nell&#8217;Xterra Germany.<\/p>\n<p>Oggi a Molveno, per il compagno di squadra, Federico Spinazz\u00e8, campione mondiale di triathlon cross under 23 nel 2021, reduce dai postumi di un incidente stradale, il diciassettesimo posto nella gara \u00e9lite vinta dal fortissimo francese Arthur Serrieres, da anni dominatore della specialit\u00e0.<\/p>\n<p>Soddisfatto il presidente di Silca Ultralite Vittorio Veneto, Aldo Zanetti, per la bella conclusione di una stagione agonistica che nel triathlon cross ha regalato tante soddisfazioni sia nelle gare in Italia che nelle trasferte all&#8217;estero.<\/p>","protected":false},"excerpt":{"rendered":"<p>Matteo Sfregola ha vinto la finale mondiale del circuito Xterra nella categoria 18-19 anni. Oggi, sabato 1\u00b0 ottobre, a Molveno, in Trentino Aldo Adige, negli Xterra World Championships, il 18enne di Pedavena, studente universitario in scienze motorie, ha sbaragliato la concorrenza, conquistando la prestigiosa vittoria in 3h 02&#8242; 09&#8221;. Questo il tempo che il portacolori [&hellip;]<\/p>\n","protected":false},"author":2,"featured_media":136742,"comment_status":"closed","ping_status":"open","sticky":false,"template":"","format":"standard","meta":{"footnotes":""},"categories":[26,4],"tags":[],"class_list":["post-136741","post","type-post","status-publish","format-standard","has-post-thumbnail","category-prima-pagina","category-sport"],"yoast_head":"<!-- This site is optimized with the Yoast SEO plugin v28.4 - https:\/\/yoast.com\/product\/yoast-seo-wordpress\/ -->\n<title>Il bellunese Matteo Sfregola primo under 20 nell&#039;Xterra World Championships di Molveno - Bellunopress - Dolomiti<\/title>\n<meta name=\"robots\" content=\"index, follow, max-snippet:-1, max-image-preview:large, max-video-preview:-1\" \/>\n<link rel=\"canonical\" href=\"https:\/\/www.bellunopress.it\/fr\/2022\/10\/01\/il-bellunese-matteo-sfregola-primo-under-20-nellxterra-world-championships-di-molveno\/\" \/>\n<meta property=\"og:locale\" content=\"fr_FR\" \/>\n<meta property=\"og:type\" content=\"article\" \/>\n<meta property=\"og:title\" content=\"Il bellunese Matteo Sfregola primo under 20 nell&#039;Xterra World Championships di Molveno - Bellunopress - Dolomiti\" \/>\n<meta property=\"og:description\" content=\"Matteo Sfregola ha vinto la finale mondiale del circuito Xterra nella categoria 18-19 anni. Oggi, sabato 1\u00b0 ottobre, a Molveno, in Trentino Aldo Adige, negli Xterra World Championships, il 18enne di Pedavena, studente universitario in scienze motorie, ha sbaragliato la concorrenza, conquistando la prestigiosa vittoria in 3h 02&#8242; 09&#8221;. Questo il tempo che il portacolori [&hellip;]\" \/>\n<meta property=\"og:url\" content=\"https:\/\/www.bellunopress.it\/fr\/2022\/10\/01\/il-bellunese-matteo-sfregola-primo-under-20-nellxterra-world-championships-di-molveno\/\" \/>\n<meta property=\"og:site_name\" content=\"Bellunopress - Dolomiti\" \/>\n<meta property=\"article:publisher\" content=\"https:\/\/www.facebook.com\/profile.php?id=100008943462799\" \/>\n<meta property=\"article:published_time\" content=\"2022-10-01T16:47:49+00:00\" \/>\n<meta property=\"og:image\" content=\"https:\/\/www.bellunopress.it\/wp-content\/uploads\/2022\/10\/Matteo-Sfregola_edited.jpg\" \/>\n\t<meta property=\"og:image:width\" content=\"402\" \/>\n\t<meta property=\"og:image:height\" content=\"469\" \/>\n\t<meta property=\"og:image:type\" content=\"image\/jpeg\" \/>\n<meta name=\"author\" content=\"redazione\" \/>\n<meta name=\"twitter:card\" content=\"summary_large_image\" \/>\n<meta name=\"twitter:creator\" content=\"@bellunopress\" \/>\n<meta name=\"twitter:site\" content=\"@bellunopress\" \/>\n<meta name=\"twitter:label1\" content=\"\u00c9crit par\" \/>\n\t<meta name=\"twitter:data1\" content=\"redazione\" \/>\n\t<meta name=\"twitter:label2\" content=\"Dur\u00e9e de lecture estim\u00e9e\" \/>\n\t<meta name=\"twitter:data2\" content=\"2 minutes\" \/>\n<script type=\"application\/ld+json\" class=\"yoast-schema-graph\">{\"@context\":\"https:\\\/\\\/schema.org\",\"@graph\":[{\"@type\":\"Article\",\"@id\":\"https:\\\/\\\/www.bellunopress.it\\\/2022\\\/10\\\/01\\\/il-bellunese-matteo-sfregola-primo-under-20-nellxterra-world-championships-di-molveno\\\/#article\",\"isPartOf\":{\"@id\":\"https:\\\/\\\/www.bellunopress.it\\\/2022\\\/10\\\/01\\\/il-bellunese-matteo-sfregola-primo-under-20-nellxterra-world-championships-di-molveno\\\/\"},\"author\":{\"name\":\"redazione\",\"@id\":\"https:\\\/\\\/www.bellunopress.it\\\/#\\\/schema\\\/person\\\/79bb06722b37ece1c03d3e94beb30d73\"},\"headline\":\"Il bellunese Matteo Sfregola primo under 20 nell&#8217;Xterra World Championships di Molveno\",\"datePublished\":\"2022-10-01T16:47:49+00:00\",\"mainEntityOfPage\":{\"@id\":\"https:\\\/\\\/www.bellunopress.it\\\/2022\\\/10\\\/01\\\/il-bellunese-matteo-sfregola-primo-under-20-nellxterra-world-championships-di-molveno\\\/\"},\"wordCount\":337,\"publisher\":{\"@id\":\"https:\\\/\\\/www.bellunopress.it\\\/#organization\"},\"image\":{\"@id\":\"https:\\\/\\\/www.bellunopress.it\\\/2022\\\/10\\\/01\\\/il-bellunese-matteo-sfregola-primo-under-20-nellxterra-world-championships-di-molveno\\\/#primaryimage\"},\"thumbnailUrl\":\"https:\\\/\\\/www.bellunopress.it\\\/wp-content\\\/uploads\\\/2022\\\/10\\\/Matteo-Sfregola_edited.jpg\",\"articleSection\":[\"Prima Pagina\",\"Sport, tempo libero\"],\"inLanguage\":\"fr-FR\"},{\"@type\":\"WebPage\",\"@id\":\"https:\\\/\\\/www.bellunopress.it\\\/2022\\\/10\\\/01\\\/il-bellunese-matteo-sfregola-primo-under-20-nellxterra-world-championships-di-molveno\\\/\",\"url\":\"https:\\\/\\\/www.bellunopress.it\\\/2022\\\/10\\\/01\\\/il-bellunese-matteo-sfregola-primo-under-20-nellxterra-world-championships-di-molveno\\\/\",\"name\":\"Il bellunese Matteo Sfregola primo under 20 nell'Xterra World Championships di Molveno - Bellunopress - Dolomiti\",\"isPartOf\":{\"@id\":\"https:\\\/\\\/www.bellunopress.it\\\/#website\"},\"primaryImageOfPage\":{\"@id\":\"https:\\\/\\\/www.bellunopress.it\\\/2022\\\/10\\\/01\\\/il-bellunese-matteo-sfregola-primo-under-20-nellxterra-world-championships-di-molveno\\\/#primaryimage\"},\"image\":{\"@id\":\"https:\\\/\\\/www.bellunopress.it\\\/2022\\\/10\\\/01\\\/il-bellunese-matteo-sfregola-primo-under-20-nellxterra-world-championships-di-molveno\\\/#primaryimage\"},\"thumbnailUrl\":\"https:\\\/\\\/www.bellunopress.it\\\/wp-content\\\/uploads\\\/2022\\\/10\\\/Matteo-Sfregola_edited.jpg\",\"datePublished\":\"2022-10-01T16:47:49+00:00\",\"breadcrumb\":{\"@id\":\"https:\\\/\\\/www.bellunopress.it\\\/2022\\\/10\\\/01\\\/il-bellunese-matteo-sfregola-primo-under-20-nellxterra-world-championships-di-molveno\\\/#breadcrumb\"},\"inLanguage\":\"fr-FR\",\"potentialAction\":[{\"@type\":\"ReadAction\",\"target\":[\"https:\\\/\\\/www.bellunopress.it\\\/2022\\\/10\\\/01\\\/il-bellunese-matteo-sfregola-primo-under-20-nellxterra-world-championships-di-molveno\\\/\"]}]},{\"@type\":\"ImageObject\",\"inLanguage\":\"fr-FR\",\"@id\":\"https:\\\/\\\/www.bellunopress.it\\\/2022\\\/10\\\/01\\\/il-bellunese-matteo-sfregola-primo-under-20-nellxterra-world-championships-di-molveno\\\/#primaryimage\",\"url\":\"https:\\\/\\\/www.bellunopress.it\\\/wp-content\\\/uploads\\\/2022\\\/10\\\/Matteo-Sfregola_edited.jpg\",\"contentUrl\":\"https:\\\/\\\/www.bellunopress.it\\\/wp-content\\\/uploads\\\/2022\\\/10\\\/Matteo-Sfregola_edited.jpg\",\"width\":402,\"height\":469},{\"@type\":\"BreadcrumbList\",\"@id\":\"https:\\\/\\\/www.bellunopress.it\\\/2022\\\/10\\\/01\\\/il-bellunese-matteo-sfregola-primo-under-20-nellxterra-world-championships-di-molveno\\\/#breadcrumb\",\"itemListElement\":[{\"@type\":\"ListItem\",\"position\":1,\"name\":\"Home\",\"item\":\"https:\\\/\\\/www.bellunopress.it\\\/\"},{\"@type\":\"ListItem\",\"position\":2,\"name\":\"Il bellunese Matteo Sfregola primo under 20 nell&#8217;Xterra World Championships di Molveno\"}]},{\"@type\":\"WebSite\",\"@id\":\"https:\\\/\\\/www.bellunopress.it\\\/#website\",\"url\":\"https:\\\/\\\/www.bellunopress.it\\\/\",\"name\":\"Bellunopress - Dolomiti\",\"description\":\"e-mail: redazione@bellunopress.it\",\"publisher\":{\"@id\":\"https:\\\/\\\/www.bellunopress.it\\\/#organization\"},\"potentialAction\":[{\"@type\":\"SearchAction\",\"target\":{\"@type\":\"EntryPoint\",\"urlTemplate\":\"https:\\\/\\\/www.bellunopress.it\\\/?s={search_term_string}\"},\"query-input\":{\"@type\":\"PropertyValueSpecification\",\"valueRequired\":true,\"valueName\":\"search_term_string\"}}],\"inLanguage\":\"fr-FR\"},{\"@type\":\"Organization\",\"@id\":\"https:\\\/\\\/www.bellunopress.it\\\/#organization\",\"name\":\"Bellunopress\",\"url\":\"https:\\\/\\\/www.bellunopress.it\\\/\",\"logo\":{\"@type\":\"ImageObject\",\"inLanguage\":\"fr-FR\",\"@id\":\"https:\\\/\\\/www.bellunopress.it\\\/#\\\/schema\\\/logo\\\/image\\\/\",\"url\":\"https:\\\/\\\/www.bellunopress.it\\\/wp-content\\\/uploads\\\/2011\\\/05\\\/cropped-logo-bellunopress-.jpg\",\"contentUrl\":\"https:\\\/\\\/www.bellunopress.it\\\/wp-content\\\/uploads\\\/2011\\\/05\\\/cropped-logo-bellunopress-.jpg\",\"width\":512,\"height\":512,\"caption\":\"Bellunopress\"},\"image\":{\"@id\":\"https:\\\/\\\/www.bellunopress.it\\\/#\\\/schema\\\/logo\\\/image\\\/\"},\"sameAs\":[\"https:\\\/\\\/www.facebook.com\\\/profile.php?id=100008943462799\",\"https:\\\/\\\/x.com\\\/bellunopress\",\"https:\\\/\\\/www.linkedin.com\\\/hp\\\/?dnr=JBzUWaJfMUw8vbXJJ2tVW5-I3jZKvC4wsoxE&amp;amp;amp;amp;amp;amp;trk=nav_responsive_tab_home\",\"https:\\\/\\\/www.youtube.com\\\/channel\\\/UCxL0wu1uN0_3_7hGG0306cw\"]},{\"@type\":\"Person\",\"@id\":\"https:\\\/\\\/www.bellunopress.it\\\/#\\\/schema\\\/person\\\/79bb06722b37ece1c03d3e94beb30d73\",\"name\":\"redazione\",\"image\":{\"@type\":\"ImageObject\",\"inLanguage\":\"fr-FR\",\"@id\":\"https:\\\/\\\/secure.gravatar.com\\\/avatar\\\/37d968a2e67a6fd04c169c4bdef102d0bc5d31b2546345219e348575eb80e9a0?s=96&d=mm&r=g\",\"url\":\"https:\\\/\\\/secure.gravatar.com\\\/avatar\\\/37d968a2e67a6fd04c169c4bdef102d0bc5d31b2546345219e348575eb80e9a0?s=96&d=mm&r=g\",\"contentUrl\":\"https:\\\/\\\/secure.gravatar.com\\\/avatar\\\/37d968a2e67a6fd04c169c4bdef102d0bc5d31b2546345219e348575eb80e9a0?s=96&d=mm&r=g\",\"caption\":\"redazione\"},\"sameAs\":[\"http:\\\/\\\/www.bellunopress.it\",\"https:\\\/\\\/x.com\\\/bellunopress\"],\"url\":\"https:\\\/\\\/www.bellunopress.it\\\/fr\\\/author\\\/redazione\\\/\"}]}<\/script>\n<!-- \/ Yoast SEO plugin. -->","yoast_head_json":{"title":"Il bellunese Matteo Sfregola primo under 20 nell'Xterra World Championships di Molveno - Bellunopress - Dolomiti","robots":{"index":"index","follow":"follow","max-snippet":"max-snippet:-1","max-image-preview":"max-image-preview:large","max-video-preview":"max-video-preview:-1"},"canonical":"https:\/\/www.bellunopress.it\/fr\/2022\/10\/01\/il-bellunese-matteo-sfregola-primo-under-20-nellxterra-world-championships-di-molveno\/","og_locale":"fr_FR","og_type":"article","og_title":"Il bellunese Matteo Sfregola primo under 20 nell'Xterra World Championships di Molveno - Bellunopress - Dolomiti","og_description":"Matteo Sfregola ha vinto la finale mondiale del circuito Xterra nella categoria 18-19 anni. Oggi, sabato 1\u00b0 ottobre, a Molveno, in Trentino Aldo Adige, negli Xterra World Championships, il 18enne di Pedavena, studente universitario in scienze motorie, ha sbaragliato la concorrenza, conquistando la prestigiosa vittoria in 3h 02&#8242; 09&#8221;. Questo il tempo che il portacolori [&hellip;]","og_url":"https:\/\/www.bellunopress.it\/fr\/2022\/10\/01\/il-bellunese-matteo-sfregola-primo-under-20-nellxterra-world-championships-di-molveno\/","og_site_name":"Bellunopress - Dolomiti","article_publisher":"https:\/\/www.facebook.com\/profile.php?id=100008943462799","article_published_time":"2022-10-01T16:47:49+00:00","og_image":[{"width":402,"height":469,"url":"https:\/\/www.bellunopress.it\/wp-content\/uploads\/2022\/10\/Matteo-Sfregola_edited.jpg","type":"image\/jpeg"}],"author":"redazione","twitter_card":"summary_large_image","twitter_creator":"@bellunopress","twitter_site":"@bellunopress","twitter_misc":{"\u00c9crit par":"redazione","Dur\u00e9e de lecture estim\u00e9e":"2 minutes"},"schema":{"@context":"https:\/\/schema.org","@graph":[{"@type":"Article","@id":"https:\/\/www.bellunopress.it\/2022\/10\/01\/il-bellunese-matteo-sfregola-primo-under-20-nellxterra-world-championships-di-molveno\/#article","isPartOf":{"@id":"https:\/\/www.bellunopress.it\/2022\/10\/01\/il-bellunese-matteo-sfregola-primo-under-20-nellxterra-world-championships-di-molveno\/"},"author":{"name":"redazione","@id":"https:\/\/www.bellunopress.it\/#\/schema\/person\/79bb06722b37ece1c03d3e94beb30d73"},"headline":"Il bellunese Matteo Sfregola primo under 20 nell&#8217;Xterra World Championships di Molveno","datePublished":"2022-10-01T16:47:49+00:00","mainEntityOfPage":{"@id":"https:\/\/www.bellunopress.it\/2022\/10\/01\/il-bellunese-matteo-sfregola-primo-under-20-nellxterra-world-championships-di-molveno\/"},"wordCount":337,"publisher":{"@id":"https:\/\/www.bellunopress.it\/#organization"},"image":{"@id":"https:\/\/www.bellunopress.it\/2022\/10\/01\/il-bellunese-matteo-sfregola-primo-under-20-nellxterra-world-championships-di-molveno\/#primaryimage"},"thumbnailUrl":"https:\/\/www.bellunopress.it\/wp-content\/uploads\/2022\/10\/Matteo-Sfregola_edited.jpg","articleSection":["Prima Pagina","Sport, tempo libero"],"inLanguage":"fr-FR"},{"@type":"WebPage","@id":"https:\/\/www.bellunopress.it\/2022\/10\/01\/il-bellunese-matteo-sfregola-primo-under-20-nellxterra-world-championships-di-molveno\/","url":"https:\/\/www.bellunopress.it\/2022\/10\/01\/il-bellunese-matteo-sfregola-primo-under-20-nellxterra-world-championships-di-molveno\/","name":"Il bellunese Matteo Sfregola primo under 20 nell'Xterra World Championships di Molveno - Bellunopress - Dolomiti","isPartOf":{"@id":"https:\/\/www.bellunopress.it\/#website"},"primaryImageOfPage":{"@id":"https:\/\/www.bellunopress.it\/2022\/10\/01\/il-bellunese-matteo-sfregola-primo-under-20-nellxterra-world-championships-di-molveno\/#primaryimage"},"image":{"@id":"https:\/\/www.bellunopress.it\/2022\/10\/01\/il-bellunese-matteo-sfregola-primo-under-20-nellxterra-world-championships-di-molveno\/#primaryimage"},"thumbnailUrl":"https:\/\/www.bellunopress.it\/wp-content\/uploads\/2022\/10\/Matteo-Sfregola_edited.jpg","datePublished":"2022-10-01T16:47:49+00:00","breadcrumb":{"@id":"https:\/\/www.bellunopress.it\/2022\/10\/01\/il-bellunese-matteo-sfregola-primo-under-20-nellxterra-world-championships-di-molveno\/#breadcrumb"},"inLanguage":"fr-FR","potentialAction":[{"@type":"ReadAction","target":["https:\/\/www.bellunopress.it\/2022\/10\/01\/il-bellunese-matteo-sfregola-primo-under-20-nellxterra-world-championships-di-molveno\/"]}]},{"@type":"ImageObject","inLanguage":"fr-FR","@id":"https:\/\/www.bellunopress.it\/2022\/10\/01\/il-bellunese-matteo-sfregola-primo-under-20-nellxterra-world-championships-di-molveno\/#primaryimage","url":"https:\/\/www.bellunopress.it\/wp-content\/uploads\/2022\/10\/Matteo-Sfregola_edited.jpg","contentUrl":"https:\/\/www.bellunopress.it\/wp-content\/uploads\/2022\/10\/Matteo-Sfregola_edited.jpg","width":402,"height":469},{"@type":"BreadcrumbList","@id":"https:\/\/www.bellunopress.it\/2022\/10\/01\/il-bellunese-matteo-sfregola-primo-under-20-nellxterra-world-championships-di-molveno\/#breadcrumb","itemListElement":[{"@type":"ListItem","position":1,"name":"Home","item":"https:\/\/www.bellunopress.it\/"},{"@type":"ListItem","position":2,"name":"Il bellunese Matteo Sfregola primo under 20 nell&#8217;Xterra World Championships di Molveno"}]},{"@type":"WebSite","@id":"https:\/\/www.bellunopress.it\/#website","url":"https:\/\/www.bellunopress.it\/","name":"Bellunopress - Dolomiti","description":"e-mail: redazione@bellunopress.it","publisher":{"@id":"https:\/\/www.bellunopress.it\/#organization"},"potentialAction":[{"@type":"SearchAction","target":{"@type":"EntryPoint","urlTemplate":"https:\/\/www.bellunopress.it\/?s={search_term_string}"},"query-input":{"@type":"PropertyValueSpecification","valueRequired":true,"valueName":"search_term_string"}}],"inLanguage":"fr-FR"},{"@type":"Organization","@id":"https:\/\/www.bellunopress.it\/#organization","name":"Bellunopress","url":"https:\/\/www.bellunopress.it\/","logo":{"@type":"ImageObject","inLanguage":"fr-FR","@id":"https:\/\/www.bellunopress.it\/#\/schema\/logo\/image\/","url":"https:\/\/www.bellunopress.it\/wp-content\/uploads\/2011\/05\/cropped-logo-bellunopress-.jpg","contentUrl":"https:\/\/www.bellunopress.it\/wp-content\/uploads\/2011\/05\/cropped-logo-bellunopress-.jpg","width":512,"height":512,"caption":"Bellunopress"},"image":{"@id":"https:\/\/www.bellunopress.it\/#\/schema\/logo\/image\/"},"sameAs":["https:\/\/www.facebook.com\/profile.php?id=100008943462799","https:\/\/x.com\/bellunopress","https:\/\/www.linkedin.com\/hp\/?dnr=JBzUWaJfMUw8vbXJJ2tVW5-I3jZKvC4wsoxE&amp;amp;amp;amp;amp;amp;trk=nav_responsive_tab_home","https:\/\/www.youtube.com\/channel\/UCxL0wu1uN0_3_7hGG0306cw"]},{"@type":"Person","@id":"https:\/\/www.bellunopress.it\/#\/schema\/person\/79bb06722b37ece1c03d3e94beb30d73","name":"r\u00e9daction","image":{"@type":"ImageObject","inLanguage":"fr-FR","@id":"https:\/\/secure.gravatar.com\/avatar\/37d968a2e67a6fd04c169c4bdef102d0bc5d31b2546345219e348575eb80e9a0?s=96&d=mm&r=g","url":"https:\/\/secure.gravatar.com\/avatar\/37d968a2e67a6fd04c169c4bdef102d0bc5d31b2546345219e348575eb80e9a0?s=96&d=mm&r=g","contentUrl":"https:\/\/secure.gravatar.com\/avatar\/37d968a2e67a6fd04c169c4bdef102d0bc5d31b2546345219e348575eb80e9a0?s=96&d=mm&r=g","caption":"redazione"},"sameAs":["http:\/\/www.bellunopress.it","https:\/\/x.com\/bellunopress"],"url":"https:\/\/www.bellunopress.it\/fr\/author\/redazione\/"}]}},"_links":{"self":[{"href":"https:\/\/www.bellunopress.it\/fr\/wp-json\/wp\/v2\/posts\/136741","targetHints":{"allow":["GET"]}}],"collection":[{"href":"https:\/\/www.bellunopress.it\/fr\/wp-json\/wp\/v2\/posts"}],"about":[{"href":"https:\/\/www.bellunopress.it\/fr\/wp-json\/wp\/v2\/types\/post"}],"author":[{"embeddable":true,"href":"https:\/\/www.bellunopress.it\/fr\/wp-json\/wp\/v2\/users\/2"}],"replies":[{"embeddable":true,"href":"https:\/\/www.bellunopress.it\/fr\/wp-json\/wp\/v2\/comments?post=136741"}],"version-history":[{"count":1,"href":"https:\/\/www.bellunopress.it\/fr\/wp-json\/wp\/v2\/posts\/136741\/revisions"}],"predecessor-version":[{"id":136743,"href":"https:\/\/www.bellunopress.it\/fr\/wp-json\/wp\/v2\/posts\/136741\/revisions\/136743"}],"wp:featuredmedia":[{"embeddable":true,"href":"https:\/\/www.bellunopress.it\/fr\/wp-json\/wp\/v2\/media\/136742"}],"wp:attachment":[{"href":"https:\/\/www.bellunopress.it\/fr\/wp-json\/wp\/v2\/media?parent=136741"}],"wp:term":[{"taxonomy":"category","embeddable":true,"href":"https:\/\/www.bellunopress.it\/fr\/wp-json\/wp\/v2\/categories?post=136741"},{"taxonomy":"post_tag","embeddable":true,"href":"https:\/\/www.bellunopress.it\/fr\/wp-json\/wp\/v2\/tags?post=136741"}],"curies":[{"name":"wp","href":"https:\/\/api.w.org\/{rel}","templated":true}]}}