{"id":136730,"date":"2022-09-30T18:00:32","date_gmt":"2022-09-30T16:00:32","guid":{"rendered":"https:\/\/www.bellunopress.it\/?p=136730"},"modified":"2022-09-30T22:03:13","modified_gmt":"2022-09-30T20:03:13","slug":"si-apre-uno-sguardo-comune-progetto-contro-lisolamento-degli-anziani-di-val-di-zoldo","status":"publish","type":"post","link":"https:\/\/www.bellunopress.it\/fr\/2022\/09\/30\/si-apre-uno-sguardo-comune-progetto-contro-lisolamento-degli-anziani-di-val-di-zoldo\/","title":{"rendered":"Si apre \u201cUno sguardo Comune\u201d. Progetto contro l&#8217;isolamento degli anziani di Val di Zoldo"},"content":{"rendered":"<p><img loading=\"lazy\" decoding=\"async\" class=\"alignleft size-full wp-image-131489\" src=\"https:\/\/www.bellunopress.it\/wp-content\/uploads\/2022\/02\/pensionati_anziani.jpg\" alt=\"\" width=\"780\" height=\"439\" srcset=\"https:\/\/www.bellunopress.it\/wp-content\/uploads\/2022\/02\/pensionati_anziani.jpg 780w, https:\/\/www.bellunopress.it\/wp-content\/uploads\/2022\/02\/pensionati_anziani-500x281.jpg 500w, https:\/\/www.bellunopress.it\/wp-content\/uploads\/2022\/02\/pensionati_anziani-696x392.jpg 696w, https:\/\/www.bellunopress.it\/wp-content\/uploads\/2022\/02\/pensionati_anziani-746x420.jpg 746w\" sizes=\"auto, (max-width: 780px) 100vw, 780px\" \/>Contrastare l\u2019isolamento fisico e tecnologico degli anziani della Val di Zoldo: questo lo scopo del progetto \u201cUno sguardo Comune &#8211; Rete di collaboratori familiari di prossimit\u00e0\u201d, promosso sostenuto da Fondazione Cariverona e coordinato dal Circolo Cultura e Stampa Bellunese come ente capofila, con il Comune di Val di Zoldo nel ruolo di partner operativo e l&#8217;Unione Montana Cadore Longaronese Zoldo e l&#8217;Azienda speciale consortile &#8220;Servizi alla Persona Longarone Zoldo\u201d come partner di rete.<\/p>\n<p>Il progetto, della durata di due anni, prevede la realizzazione di una centrale operativa, supportata da operatori familiari di prossimit\u00e0, che possa dare risposta ai bisogni degli anziani soli. La modalit\u00e0 di gestione delle richieste sar\u00e0 duplice: da un lato, verr\u00e0 attivato uno sportello fisico, con accesso anche telefonico, per la prenotazione o l\u2019utilizzo dei servizi; dall&#8217;altro, sar\u00e0 strutturato un programma di interventi domiciliari per consulenza digitale e tecnologica, consegna di farmaci e di beni di prima necessit\u00e0, trasporto e accompagnamento a visite o occasioni di socialit\u00e0.<br \/>\nGi\u00e0 individuata la sede operativa del progetto, messa a disposizione dal Comune di Val di Zoldo in localit\u00e0 Fusine.<\/p>\n<p>\u00abLa nostra provincia paga tre aspetti che pesano sulla crisi sociale del nostro territorio: denatalit\u00e0, spopolamento e invecchiamento. Nel Bellunese 4200 persone sono non autosufficienti, e sono ben 10600 gli anziani soli, con i relativi problemi di spostamento, di assistenza e di socialit\u00e0. &#8211; spiega il Presidente del Circolo Cultura e Stampa Bellunese, Luigino Boito \u2013 A fronte di questi dati, c&#8217;\u00e8 quello dell&#8217;assenza degli Operatori Socio-Sanitari: ne mancano 250 nella nostra Ulss. Per questo, abbiamo voluto dare vita a questo progetto, che speriamo possa diventare un progetto pilota da replicare in altre aree della provincia, per dare risposta e assistenza a questa fascia di popolazione\u00bb.<\/p>\n<p>Sono circa 470 gli over 74 di Val di Zoldo che nelle prossime settimane saranno contattati per capire quali siano le problematiche e le necessit\u00e0 quotidiane: \u00abGli anziani del futuro prossimo avranno famiglie sempre pi\u00f9 ridotte dal punto di vista numerico, e familiari che vivono spesso lontani da loro. Bisogna quindi portare servizi a domicilio, intervenendo anche sul digital gap che rischia di tenere lontane le persone anziane dai servizi di prima necessit\u00e0, come l&#8217;INPS o i servizi postali, che oggi richiedono sempre pi\u00f9 l&#8217;accesso telematico. Tutto questo, in un&#8217;ottica anche di sviluppo dei progetti del PNRR che puntano anche alla strutturazione di servizi domiciliari per gli anziani\u00bb, spiega Luca Romano, direttore di Local Area Network, societ\u00e0 che ha accompagnato il Circolo Cultura e Stampa Bellunese nella progettazione.<\/p>\n<p>Parla invece di \u201ctempo di consapevolezza\u201d il sindaco di Val di Zoldo, Camillo De Pellegrin: \u00abLe risorse pubbliche oggi vanno destinati agli anziani e alle famiglie in difficolt\u00e0. Ringrazio per questo Fondazione Cariverona e il Circolo Cultura e Stampa per l&#8217;attenzione data a un territorio s\u00ec difficile, ma che sta diventando lentamente il centro di nuove politiche sociali e di sviluppo, come le aree interne. In un territorio ampio e diviso in 30 frazioni, \u00e8 fondamentale per noi avere un quadro reale della situazione e capire quali sono le esigenze dei cittadini pi\u00f9 anziani\u00bb.<\/p>\n<p>Il progetto \u201cUno sguardo Comune\u201d pu\u00f2 contare su un contributo da parte di Fondazione Cariverona di 141mila euro \u2013 a fronte dei 157mila euro di costo complessivi -, a valere sul bando Innovazione sociale.<\/p>","protected":false},"excerpt":{"rendered":"<p>Contrastare l\u2019isolamento fisico e tecnologico degli anziani della Val di Zoldo: questo lo scopo del progetto \u201cUno sguardo Comune &#8211; Rete di collaboratori familiari di prossimit\u00e0\u201d, promosso sostenuto da Fondazione Cariverona e coordinato dal Circolo Cultura e Stampa Bellunese come ente capofila, con il Comune di Val di Zoldo nel ruolo di partner operativo e [&hellip;]<\/p>\n","protected":false},"author":2,"featured_media":131489,"comment_status":"closed","ping_status":"open","sticky":false,"template":"","format":"standard","meta":{"footnotes":""},"categories":[8],"tags":[],"class_list":["post-136730","post","type-post","status-publish","format-standard","has-post-thumbnail","category-societa-istituzioni"],"yoast_head":"<!-- This site is optimized with the Yoast SEO plugin v28.4 - https:\/\/yoast.com\/product\/yoast-seo-wordpress\/ -->\n<title>Si apre \u201cUno sguardo Comune\u201d. Progetto contro l&#039;isolamento degli anziani di Val di Zoldo - Bellunopress - Dolomiti<\/title>\n<meta name=\"robots\" content=\"index, follow, max-snippet:-1, max-image-preview:large, max-video-preview:-1\" \/>\n<link rel=\"canonical\" href=\"https:\/\/www.bellunopress.it\/fr\/2022\/09\/30\/si-apre-uno-sguardo-comune-progetto-contro-lisolamento-degli-anziani-di-val-di-zoldo\/\" \/>\n<meta property=\"og:locale\" content=\"fr_FR\" \/>\n<meta property=\"og:type\" content=\"article\" \/>\n<meta property=\"og:title\" content=\"Si apre \u201cUno sguardo Comune\u201d. Progetto contro l&#039;isolamento degli anziani di Val di Zoldo - Bellunopress - Dolomiti\" \/>\n<meta property=\"og:description\" content=\"Contrastare l\u2019isolamento fisico e tecnologico degli anziani della Val di Zoldo: questo lo scopo del progetto \u201cUno sguardo Comune &#8211; Rete di collaboratori familiari di prossimit\u00e0\u201d, promosso sostenuto da Fondazione Cariverona e coordinato dal Circolo Cultura e Stampa Bellunese come ente capofila, con il Comune di Val di Zoldo nel ruolo di partner operativo e [&hellip;]\" \/>\n<meta property=\"og:url\" content=\"https:\/\/www.bellunopress.it\/fr\/2022\/09\/30\/si-apre-uno-sguardo-comune-progetto-contro-lisolamento-degli-anziani-di-val-di-zoldo\/\" \/>\n<meta property=\"og:site_name\" content=\"Bellunopress - Dolomiti\" \/>\n<meta property=\"article:publisher\" content=\"https:\/\/www.facebook.com\/profile.php?id=100008943462799\" \/>\n<meta property=\"article:published_time\" content=\"2022-09-30T16:00:32+00:00\" \/>\n<meta property=\"article:modified_time\" content=\"2022-09-30T20:03:13+00:00\" \/>\n<meta property=\"og:image\" content=\"https:\/\/www.bellunopress.it\/wp-content\/uploads\/2022\/02\/pensionati_anziani.jpg\" \/>\n\t<meta property=\"og:image:width\" content=\"780\" \/>\n\t<meta property=\"og:image:height\" content=\"439\" \/>\n\t<meta property=\"og:image:type\" content=\"image\/jpeg\" \/>\n<meta name=\"author\" content=\"redazione\" \/>\n<meta name=\"twitter:card\" content=\"summary_large_image\" \/>\n<meta name=\"twitter:creator\" content=\"@bellunopress\" \/>\n<meta name=\"twitter:site\" content=\"@bellunopress\" \/>\n<meta name=\"twitter:label1\" content=\"\u00c9crit par\" \/>\n\t<meta name=\"twitter:data1\" content=\"redazione\" \/>\n\t<meta name=\"twitter:label2\" content=\"Dur\u00e9e de lecture estim\u00e9e\" \/>\n\t<meta name=\"twitter:data2\" content=\"4 minutes\" \/>\n<script type=\"application\/ld+json\" class=\"yoast-schema-graph\">{\"@context\":\"https:\\\/\\\/schema.org\",\"@graph\":[{\"@type\":\"Article\",\"@id\":\"https:\\\/\\\/www.bellunopress.it\\\/2022\\\/09\\\/30\\\/si-apre-uno-sguardo-comune-progetto-contro-lisolamento-degli-anziani-di-val-di-zoldo\\\/#article\",\"isPartOf\":{\"@id\":\"https:\\\/\\\/www.bellunopress.it\\\/2022\\\/09\\\/30\\\/si-apre-uno-sguardo-comune-progetto-contro-lisolamento-degli-anziani-di-val-di-zoldo\\\/\"},\"author\":{\"name\":\"redazione\",\"@id\":\"https:\\\/\\\/www.bellunopress.it\\\/#\\\/schema\\\/person\\\/79bb06722b37ece1c03d3e94beb30d73\"},\"headline\":\"Si apre \u201cUno sguardo Comune\u201d. Progetto contro l&#8217;isolamento degli anziani di Val di Zoldo\",\"datePublished\":\"2022-09-30T16:00:32+00:00\",\"dateModified\":\"2022-09-30T20:03:13+00:00\",\"mainEntityOfPage\":{\"@id\":\"https:\\\/\\\/www.bellunopress.it\\\/2022\\\/09\\\/30\\\/si-apre-uno-sguardo-comune-progetto-contro-lisolamento-degli-anziani-di-val-di-zoldo\\\/\"},\"wordCount\":557,\"publisher\":{\"@id\":\"https:\\\/\\\/www.bellunopress.it\\\/#organization\"},\"image\":{\"@id\":\"https:\\\/\\\/www.bellunopress.it\\\/2022\\\/09\\\/30\\\/si-apre-uno-sguardo-comune-progetto-contro-lisolamento-degli-anziani-di-val-di-zoldo\\\/#primaryimage\"},\"thumbnailUrl\":\"https:\\\/\\\/www.bellunopress.it\\\/wp-content\\\/uploads\\\/2022\\\/02\\\/pensionati_anziani.jpg\",\"articleSection\":[\"Societ\u00e0, Associazioni, Istituzioni\"],\"inLanguage\":\"fr-FR\"},{\"@type\":\"WebPage\",\"@id\":\"https:\\\/\\\/www.bellunopress.it\\\/2022\\\/09\\\/30\\\/si-apre-uno-sguardo-comune-progetto-contro-lisolamento-degli-anziani-di-val-di-zoldo\\\/\",\"url\":\"https:\\\/\\\/www.bellunopress.it\\\/2022\\\/09\\\/30\\\/si-apre-uno-sguardo-comune-progetto-contro-lisolamento-degli-anziani-di-val-di-zoldo\\\/\",\"name\":\"Si apre \u201cUno sguardo Comune\u201d. Progetto contro l'isolamento degli anziani di Val di Zoldo - Bellunopress - Dolomiti\",\"isPartOf\":{\"@id\":\"https:\\\/\\\/www.bellunopress.it\\\/#website\"},\"primaryImageOfPage\":{\"@id\":\"https:\\\/\\\/www.bellunopress.it\\\/2022\\\/09\\\/30\\\/si-apre-uno-sguardo-comune-progetto-contro-lisolamento-degli-anziani-di-val-di-zoldo\\\/#primaryimage\"},\"image\":{\"@id\":\"https:\\\/\\\/www.bellunopress.it\\\/2022\\\/09\\\/30\\\/si-apre-uno-sguardo-comune-progetto-contro-lisolamento-degli-anziani-di-val-di-zoldo\\\/#primaryimage\"},\"thumbnailUrl\":\"https:\\\/\\\/www.bellunopress.it\\\/wp-content\\\/uploads\\\/2022\\\/02\\\/pensionati_anziani.jpg\",\"datePublished\":\"2022-09-30T16:00:32+00:00\",\"dateModified\":\"2022-09-30T20:03:13+00:00\",\"breadcrumb\":{\"@id\":\"https:\\\/\\\/www.bellunopress.it\\\/2022\\\/09\\\/30\\\/si-apre-uno-sguardo-comune-progetto-contro-lisolamento-degli-anziani-di-val-di-zoldo\\\/#breadcrumb\"},\"inLanguage\":\"fr-FR\",\"potentialAction\":[{\"@type\":\"ReadAction\",\"target\":[\"https:\\\/\\\/www.bellunopress.it\\\/2022\\\/09\\\/30\\\/si-apre-uno-sguardo-comune-progetto-contro-lisolamento-degli-anziani-di-val-di-zoldo\\\/\"]}]},{\"@type\":\"ImageObject\",\"inLanguage\":\"fr-FR\",\"@id\":\"https:\\\/\\\/www.bellunopress.it\\\/2022\\\/09\\\/30\\\/si-apre-uno-sguardo-comune-progetto-contro-lisolamento-degli-anziani-di-val-di-zoldo\\\/#primaryimage\",\"url\":\"https:\\\/\\\/www.bellunopress.it\\\/wp-content\\\/uploads\\\/2022\\\/02\\\/pensionati_anziani.jpg\",\"contentUrl\":\"https:\\\/\\\/www.bellunopress.it\\\/wp-content\\\/uploads\\\/2022\\\/02\\\/pensionati_anziani.jpg\",\"width\":780,\"height\":439},{\"@type\":\"BreadcrumbList\",\"@id\":\"https:\\\/\\\/www.bellunopress.it\\\/2022\\\/09\\\/30\\\/si-apre-uno-sguardo-comune-progetto-contro-lisolamento-degli-anziani-di-val-di-zoldo\\\/#breadcrumb\",\"itemListElement\":[{\"@type\":\"ListItem\",\"position\":1,\"name\":\"Home\",\"item\":\"https:\\\/\\\/www.bellunopress.it\\\/\"},{\"@type\":\"ListItem\",\"position\":2,\"name\":\"Si apre \u201cUno sguardo Comune\u201d. Progetto contro l&#8217;isolamento degli anziani di Val di Zoldo\"}]},{\"@type\":\"WebSite\",\"@id\":\"https:\\\/\\\/www.bellunopress.it\\\/#website\",\"url\":\"https:\\\/\\\/www.bellunopress.it\\\/\",\"name\":\"Bellunopress - Dolomiti\",\"description\":\"e-mail: redazione@bellunopress.it\",\"publisher\":{\"@id\":\"https:\\\/\\\/www.bellunopress.it\\\/#organization\"},\"potentialAction\":[{\"@type\":\"SearchAction\",\"target\":{\"@type\":\"EntryPoint\",\"urlTemplate\":\"https:\\\/\\\/www.bellunopress.it\\\/?s={search_term_string}\"},\"query-input\":{\"@type\":\"PropertyValueSpecification\",\"valueRequired\":true,\"valueName\":\"search_term_string\"}}],\"inLanguage\":\"fr-FR\"},{\"@type\":\"Organization\",\"@id\":\"https:\\\/\\\/www.bellunopress.it\\\/#organization\",\"name\":\"Bellunopress\",\"url\":\"https:\\\/\\\/www.bellunopress.it\\\/\",\"logo\":{\"@type\":\"ImageObject\",\"inLanguage\":\"fr-FR\",\"@id\":\"https:\\\/\\\/www.bellunopress.it\\\/#\\\/schema\\\/logo\\\/image\\\/\",\"url\":\"https:\\\/\\\/www.bellunopress.it\\\/wp-content\\\/uploads\\\/2011\\\/05\\\/cropped-logo-bellunopress-.jpg\",\"contentUrl\":\"https:\\\/\\\/www.bellunopress.it\\\/wp-content\\\/uploads\\\/2011\\\/05\\\/cropped-logo-bellunopress-.jpg\",\"width\":512,\"height\":512,\"caption\":\"Bellunopress\"},\"image\":{\"@id\":\"https:\\\/\\\/www.bellunopress.it\\\/#\\\/schema\\\/logo\\\/image\\\/\"},\"sameAs\":[\"https:\\\/\\\/www.facebook.com\\\/profile.php?id=100008943462799\",\"https:\\\/\\\/x.com\\\/bellunopress\",\"https:\\\/\\\/www.linkedin.com\\\/hp\\\/?dnr=JBzUWaJfMUw8vbXJJ2tVW5-I3jZKvC4wsoxE&amp;amp;amp;amp;amp;amp;trk=nav_responsive_tab_home\",\"https:\\\/\\\/www.youtube.com\\\/channel\\\/UCxL0wu1uN0_3_7hGG0306cw\"]},{\"@type\":\"Person\",\"@id\":\"https:\\\/\\\/www.bellunopress.it\\\/#\\\/schema\\\/person\\\/79bb06722b37ece1c03d3e94beb30d73\",\"name\":\"redazione\",\"image\":{\"@type\":\"ImageObject\",\"inLanguage\":\"fr-FR\",\"@id\":\"https:\\\/\\\/secure.gravatar.com\\\/avatar\\\/37d968a2e67a6fd04c169c4bdef102d0bc5d31b2546345219e348575eb80e9a0?s=96&d=mm&r=g\",\"url\":\"https:\\\/\\\/secure.gravatar.com\\\/avatar\\\/37d968a2e67a6fd04c169c4bdef102d0bc5d31b2546345219e348575eb80e9a0?s=96&d=mm&r=g\",\"contentUrl\":\"https:\\\/\\\/secure.gravatar.com\\\/avatar\\\/37d968a2e67a6fd04c169c4bdef102d0bc5d31b2546345219e348575eb80e9a0?s=96&d=mm&r=g\",\"caption\":\"redazione\"},\"sameAs\":[\"http:\\\/\\\/www.bellunopress.it\",\"https:\\\/\\\/x.com\\\/bellunopress\"],\"url\":\"https:\\\/\\\/www.bellunopress.it\\\/fr\\\/author\\\/redazione\\\/\"}]}<\/script>\n<!-- \/ Yoast SEO plugin. -->","yoast_head_json":{"title":"Si apre \u201cUno sguardo Comune\u201d. Progetto contro l'isolamento degli anziani di Val di Zoldo - Bellunopress - Dolomiti","robots":{"index":"index","follow":"follow","max-snippet":"max-snippet:-1","max-image-preview":"max-image-preview:large","max-video-preview":"max-video-preview:-1"},"canonical":"https:\/\/www.bellunopress.it\/fr\/2022\/09\/30\/si-apre-uno-sguardo-comune-progetto-contro-lisolamento-degli-anziani-di-val-di-zoldo\/","og_locale":"fr_FR","og_type":"article","og_title":"Si apre \u201cUno sguardo Comune\u201d. Progetto contro l'isolamento degli anziani di Val di Zoldo - Bellunopress - Dolomiti","og_description":"Contrastare l\u2019isolamento fisico e tecnologico degli anziani della Val di Zoldo: questo lo scopo del progetto \u201cUno sguardo Comune &#8211; Rete di collaboratori familiari di prossimit\u00e0\u201d, promosso sostenuto da Fondazione Cariverona e coordinato dal Circolo Cultura e Stampa Bellunese come ente capofila, con il Comune di Val di Zoldo nel ruolo di partner operativo e [&hellip;]","og_url":"https:\/\/www.bellunopress.it\/fr\/2022\/09\/30\/si-apre-uno-sguardo-comune-progetto-contro-lisolamento-degli-anziani-di-val-di-zoldo\/","og_site_name":"Bellunopress - Dolomiti","article_publisher":"https:\/\/www.facebook.com\/profile.php?id=100008943462799","article_published_time":"2022-09-30T16:00:32+00:00","article_modified_time":"2022-09-30T20:03:13+00:00","og_image":[{"width":780,"height":439,"url":"https:\/\/www.bellunopress.it\/wp-content\/uploads\/2022\/02\/pensionati_anziani.jpg","type":"image\/jpeg"}],"author":"redazione","twitter_card":"summary_large_image","twitter_creator":"@bellunopress","twitter_site":"@bellunopress","twitter_misc":{"\u00c9crit par":"redazione","Dur\u00e9e de lecture estim\u00e9e":"4 minutes"},"schema":{"@context":"https:\/\/schema.org","@graph":[{"@type":"Article","@id":"https:\/\/www.bellunopress.it\/2022\/09\/30\/si-apre-uno-sguardo-comune-progetto-contro-lisolamento-degli-anziani-di-val-di-zoldo\/#article","isPartOf":{"@id":"https:\/\/www.bellunopress.it\/2022\/09\/30\/si-apre-uno-sguardo-comune-progetto-contro-lisolamento-degli-anziani-di-val-di-zoldo\/"},"author":{"name":"redazione","@id":"https:\/\/www.bellunopress.it\/#\/schema\/person\/79bb06722b37ece1c03d3e94beb30d73"},"headline":"Si apre \u201cUno sguardo Comune\u201d. Progetto contro l&#8217;isolamento degli anziani di Val di Zoldo","datePublished":"2022-09-30T16:00:32+00:00","dateModified":"2022-09-30T20:03:13+00:00","mainEntityOfPage":{"@id":"https:\/\/www.bellunopress.it\/2022\/09\/30\/si-apre-uno-sguardo-comune-progetto-contro-lisolamento-degli-anziani-di-val-di-zoldo\/"},"wordCount":557,"publisher":{"@id":"https:\/\/www.bellunopress.it\/#organization"},"image":{"@id":"https:\/\/www.bellunopress.it\/2022\/09\/30\/si-apre-uno-sguardo-comune-progetto-contro-lisolamento-degli-anziani-di-val-di-zoldo\/#primaryimage"},"thumbnailUrl":"https:\/\/www.bellunopress.it\/wp-content\/uploads\/2022\/02\/pensionati_anziani.jpg","articleSection":["Societ\u00e0, Associazioni, Istituzioni"],"inLanguage":"fr-FR"},{"@type":"WebPage","@id":"https:\/\/www.bellunopress.it\/2022\/09\/30\/si-apre-uno-sguardo-comune-progetto-contro-lisolamento-degli-anziani-di-val-di-zoldo\/","url":"https:\/\/www.bellunopress.it\/2022\/09\/30\/si-apre-uno-sguardo-comune-progetto-contro-lisolamento-degli-anziani-di-val-di-zoldo\/","name":"Si apre \u201cUno sguardo Comune\u201d. Progetto contro l'isolamento degli anziani di Val di Zoldo - Bellunopress - Dolomiti","isPartOf":{"@id":"https:\/\/www.bellunopress.it\/#website"},"primaryImageOfPage":{"@id":"https:\/\/www.bellunopress.it\/2022\/09\/30\/si-apre-uno-sguardo-comune-progetto-contro-lisolamento-degli-anziani-di-val-di-zoldo\/#primaryimage"},"image":{"@id":"https:\/\/www.bellunopress.it\/2022\/09\/30\/si-apre-uno-sguardo-comune-progetto-contro-lisolamento-degli-anziani-di-val-di-zoldo\/#primaryimage"},"thumbnailUrl":"https:\/\/www.bellunopress.it\/wp-content\/uploads\/2022\/02\/pensionati_anziani.jpg","datePublished":"2022-09-30T16:00:32+00:00","dateModified":"2022-09-30T20:03:13+00:00","breadcrumb":{"@id":"https:\/\/www.bellunopress.it\/2022\/09\/30\/si-apre-uno-sguardo-comune-progetto-contro-lisolamento-degli-anziani-di-val-di-zoldo\/#breadcrumb"},"inLanguage":"fr-FR","potentialAction":[{"@type":"ReadAction","target":["https:\/\/www.bellunopress.it\/2022\/09\/30\/si-apre-uno-sguardo-comune-progetto-contro-lisolamento-degli-anziani-di-val-di-zoldo\/"]}]},{"@type":"ImageObject","inLanguage":"fr-FR","@id":"https:\/\/www.bellunopress.it\/2022\/09\/30\/si-apre-uno-sguardo-comune-progetto-contro-lisolamento-degli-anziani-di-val-di-zoldo\/#primaryimage","url":"https:\/\/www.bellunopress.it\/wp-content\/uploads\/2022\/02\/pensionati_anziani.jpg","contentUrl":"https:\/\/www.bellunopress.it\/wp-content\/uploads\/2022\/02\/pensionati_anziani.jpg","width":780,"height":439},{"@type":"BreadcrumbList","@id":"https:\/\/www.bellunopress.it\/2022\/09\/30\/si-apre-uno-sguardo-comune-progetto-contro-lisolamento-degli-anziani-di-val-di-zoldo\/#breadcrumb","itemListElement":[{"@type":"ListItem","position":1,"name":"Home","item":"https:\/\/www.bellunopress.it\/"},{"@type":"ListItem","position":2,"name":"Si apre \u201cUno sguardo Comune\u201d. Progetto contro l&#8217;isolamento degli anziani di Val di Zoldo"}]},{"@type":"WebSite","@id":"https:\/\/www.bellunopress.it\/#website","url":"https:\/\/www.bellunopress.it\/","name":"Bellunopress - Dolomiti","description":"e-mail: redazione@bellunopress.it","publisher":{"@id":"https:\/\/www.bellunopress.it\/#organization"},"potentialAction":[{"@type":"SearchAction","target":{"@type":"EntryPoint","urlTemplate":"https:\/\/www.bellunopress.it\/?s={search_term_string}"},"query-input":{"@type":"PropertyValueSpecification","valueRequired":true,"valueName":"search_term_string"}}],"inLanguage":"fr-FR"},{"@type":"Organization","@id":"https:\/\/www.bellunopress.it\/#organization","name":"Bellunopress","url":"https:\/\/www.bellunopress.it\/","logo":{"@type":"ImageObject","inLanguage":"fr-FR","@id":"https:\/\/www.bellunopress.it\/#\/schema\/logo\/image\/","url":"https:\/\/www.bellunopress.it\/wp-content\/uploads\/2011\/05\/cropped-logo-bellunopress-.jpg","contentUrl":"https:\/\/www.bellunopress.it\/wp-content\/uploads\/2011\/05\/cropped-logo-bellunopress-.jpg","width":512,"height":512,"caption":"Bellunopress"},"image":{"@id":"https:\/\/www.bellunopress.it\/#\/schema\/logo\/image\/"},"sameAs":["https:\/\/www.facebook.com\/profile.php?id=100008943462799","https:\/\/x.com\/bellunopress","https:\/\/www.linkedin.com\/hp\/?dnr=JBzUWaJfMUw8vbXJJ2tVW5-I3jZKvC4wsoxE&amp;amp;amp;amp;amp;amp;trk=nav_responsive_tab_home","https:\/\/www.youtube.com\/channel\/UCxL0wu1uN0_3_7hGG0306cw"]},{"@type":"Person","@id":"https:\/\/www.bellunopress.it\/#\/schema\/person\/79bb06722b37ece1c03d3e94beb30d73","name":"r\u00e9daction","image":{"@type":"ImageObject","inLanguage":"fr-FR","@id":"https:\/\/secure.gravatar.com\/avatar\/37d968a2e67a6fd04c169c4bdef102d0bc5d31b2546345219e348575eb80e9a0?s=96&d=mm&r=g","url":"https:\/\/secure.gravatar.com\/avatar\/37d968a2e67a6fd04c169c4bdef102d0bc5d31b2546345219e348575eb80e9a0?s=96&d=mm&r=g","contentUrl":"https:\/\/secure.gravatar.com\/avatar\/37d968a2e67a6fd04c169c4bdef102d0bc5d31b2546345219e348575eb80e9a0?s=96&d=mm&r=g","caption":"redazione"},"sameAs":["http:\/\/www.bellunopress.it","https:\/\/x.com\/bellunopress"],"url":"https:\/\/www.bellunopress.it\/fr\/author\/redazione\/"}]}},"_links":{"self":[{"href":"https:\/\/www.bellunopress.it\/fr\/wp-json\/wp\/v2\/posts\/136730","targetHints":{"allow":["GET"]}}],"collection":[{"href":"https:\/\/www.bellunopress.it\/fr\/wp-json\/wp\/v2\/posts"}],"about":[{"href":"https:\/\/www.bellunopress.it\/fr\/wp-json\/wp\/v2\/types\/post"}],"author":[{"embeddable":true,"href":"https:\/\/www.bellunopress.it\/fr\/wp-json\/wp\/v2\/users\/2"}],"replies":[{"embeddable":true,"href":"https:\/\/www.bellunopress.it\/fr\/wp-json\/wp\/v2\/comments?post=136730"}],"version-history":[{"count":1,"href":"https:\/\/www.bellunopress.it\/fr\/wp-json\/wp\/v2\/posts\/136730\/revisions"}],"predecessor-version":[{"id":136731,"href":"https:\/\/www.bellunopress.it\/fr\/wp-json\/wp\/v2\/posts\/136730\/revisions\/136731"}],"wp:featuredmedia":[{"embeddable":true,"href":"https:\/\/www.bellunopress.it\/fr\/wp-json\/wp\/v2\/media\/131489"}],"wp:attachment":[{"href":"https:\/\/www.bellunopress.it\/fr\/wp-json\/wp\/v2\/media?parent=136730"}],"wp:term":[{"taxonomy":"category","embeddable":true,"href":"https:\/\/www.bellunopress.it\/fr\/wp-json\/wp\/v2\/categories?post=136730"},{"taxonomy":"post_tag","embeddable":true,"href":"https:\/\/www.bellunopress.it\/fr\/wp-json\/wp\/v2\/tags?post=136730"}],"curies":[{"name":"wp","href":"https:\/\/api.w.org\/{rel}","templated":true}]}}