{"id":136726,"date":"2022-09-30T18:27:13","date_gmt":"2022-09-30T16:27:13","guid":{"rendered":"https:\/\/www.bellunopress.it\/?p=136726"},"modified":"2022-09-30T18:27:13","modified_gmt":"2022-09-30T16:27:13","slug":"tornano-in-vigore-da-domani-a-belluno-le-inutili-ordinanze-anti-smog","status":"publish","type":"post","link":"https:\/\/www.bellunopress.it\/fr\/2022\/09\/30\/tornano-in-vigore-da-domani-a-belluno-le-inutili-ordinanze-anti-smog\/","title":{"rendered":"Tornano in vigore da domani a Belluno le inutili ordinanze anti smog"},"content":{"rendered":"<figure id=\"attachment_136051\" aria-describedby=\"caption-attachment-136051\" style=\"width: 545px\" class=\"wp-caption alignleft\"><img loading=\"lazy\" decoding=\"async\" class=\"size-full wp-image-136051\" src=\"https:\/\/www.bellunopress.it\/wp-content\/uploads\/2022\/08\/de-kunovich_edited.jpg\" alt=\"\" width=\"545\" height=\"643\" srcset=\"https:\/\/www.bellunopress.it\/wp-content\/uploads\/2022\/08\/de-kunovich_edited.jpg 545w, https:\/\/www.bellunopress.it\/wp-content\/uploads\/2022\/08\/de-kunovich_edited-424x500.jpg 424w, https:\/\/www.bellunopress.it\/wp-content\/uploads\/2022\/08\/de-kunovich_edited-356x420.jpg 356w\" sizes=\"auto, (max-width: 545px) 100vw, 545px\" \/><figcaption id=\"caption-attachment-136051\" class=\"wp-caption-text\">Lorenza De Kunovich, assessore all&#8217;Ambiente<\/figcaption><\/figure>\n<p>Belluno, 30 settembre 2022 &#8211; Entrano in vigore da domani, sabato 1 ottobre, le due nuove ordinanze comunali \u201cantismog\u201d (N.358 \u201cMisure di limitazione della circolazione stradale per il contenimento dell\u2019inquinamento atmosferico nel periodo dal giorno 1 ottobre 2022 al giorno 30 aprile 2023 e N.359 \u201cMisure di limitazione dell\u2019esercizio degli impianti termici, compresi quelli alimentati a biomassa legnosa, nonch\u00e9 prescrizioni per le combustioni all\u2019aperto ai fini del contenimento dell\u2019inquinamento atmosferico, nel periodo dal 1 ottobre 2022 al 30 aprile 2023\u201d), in rispetto dell\u2019accordo tra Ministero dell\u2019Ambiente e le regioni del bacino padano, relative al traffico veicolare, all&#8217;esercizio degli impianti termici, compresi quelli alimentati a biomassa legnosa, e alle combustioni all\u2019aperto<br \/>\nEntrambe resteranno in vigore fino al 30 aprile 2023.<\/p>\n<p>\u201cSono senza dubbio due ordinanze importanti \u2013 commenta l\u2019assessore all\u2019ambiente Lorenza De Kunovich -, ma siamo costretti ad applicarle senza poter prevedere ulteriori deroghe, che in questo momento di particolare difficolt\u00e0 risulterebbero assolutamente utili. In tal senso come Comune, in sede di CIS, abbiamo totalmente condiviso l\u2019iniziativa gi\u00e0 da tempo avanzata dall\u2019assessore regionale all\u2019ambiente Gianpaolo Bottacin di chiedere al Ministero della Transizione Ecologica espresse deroghe, vista la contingenza attuale\u201d.<\/p>\n<p><strong>Traffico veicolare<\/strong><br \/>\nLe limitazioni con livello di \u201callerta verde\u201d \u2013 equivalente a \u201cnessuna allerta\u201d &#8211; riguardano i veicoli Euro 0 e 1 a benzina, quelli diesel ma fino ad Euro 4 e motocicli e ciclomotori Euro 1.<br \/>\nIl livello di allerta 1 &#8211; colore arancio &#8211; si attiva quando vengono misurati e\/o previsti almeno 4 giorni consecutivi di superamento del valore limite giornaliero per il PM10, sulla base delle verifiche effettuate dall&#8217;Arpav, e prevede il blocco anche dei veicoli a benzina M1, M2, M3 e N1, N2, N3 a benzina Euro 2, dei veicoli a diesel M1, M2 e M3 fino a Euro 5 diesel, degli autoveicoli N1, N2, N3 a diesel fino a Euro 4 e dei motoveicoli fino a Euro 2.<br \/>\nIl livello di allerta 2 &#8211; colore rosso &#8211; si attiva quando vengono misurati e\/o previsti almeno 10 giorni consecutivi di superamento del valore limite giornaliero per il PM10, sempre sulla base della verifica Arpav, che porta allo stop tra le 8.30 e le 12.30 anche per i veicoli commerciali Euro 5 diesel.<br \/>\nLe limitazioni per l&#8217;allerta verde sono in vigore dal luned\u00ec al venerd\u00ec dalle 8.30 alle 18.30, esclusi i giorni festivi infrasettimanali, mentre in caso di allerta arancio e rosso sono estese con identico orario anche al sabato e alla domenica.<br \/>\nInvariata la zona interessata dall&#8217;ordinanza, cos\u00ec come i \u201ccorridoi di libera circolazione\u201d che consentiranno agli automobilisti del capoluogo e da fuori comune di attraversare la citt\u00e0 e di raggiungere i parcheggi pubblici o la stazione ferroviaria senza infrangere i divieti. Qui il link per la planimetria: https:\/\/carto.belluno.nuvolagis.it\/carto\/lite#ordinanzaSmog.<\/p>\n<p><strong>Deroghe<\/strong><br \/>\nSono previste diverse deroghe per tipo di veicolo, di utilizzatore, per scopo del viaggio e per diversi altri aspetti.<br \/>\nConfermate quelle \u201ctradizionali\u201d, come quelle per i veicoli che effettuano il car pooling per il trasporto di bambini e ragazzi agli istituti scolastici (dagli asili nido alla scuola secondaria di primo grado) mezz&#8217;ora prima e dopo gli orari di inizio e fine lezione, o quella per i veicoli di potenza pari o inferiore agli 80 kW condotti da persone con almeno 70 anni o per le famiglie a basso reddito (in questi ultimi due casi deroghe possibili solo con allerta verde), o quella per i veicoli che effettuano il car pooling, ovvero trasportano almeno 3 persone a bordo se omologate a quattro o pi\u00f9 posti oppure con almeno 2 persone a bordo se omologate a 2 posti.<\/p>\n<p><strong>Fuochi e stufe<\/strong><br \/>\nConfermate anche le limitazioni per stufe e impianti termici e per l&#8217;accensione di fuochi all&#8217;aperto.<br \/>\nCon allerta verde, scatta il divieto di combustione all&#8217;aperto di materiale vegetale che rester\u00e0 in vigore per tutto il periodo di validit\u00e0 dell&#8217;ordinanza e sar\u00e0 inoltre vietato l&#8217;utilizzo di stufe con classe di prestazione inferiore alle 3 stelle.<br \/>\nIn caso di allerta arancio, potranno essere utilizzate stufe con classe di prestazione non inferiore alle 4 stelle e scatter\u00e0 anche il divieto per fal\u00f2, barbecue e fuochi d&#8217;artificio; saranno possibili deroghe \u2013 ad esempio per fal\u00f2 tradizionali e i fuochi di Capodanno \u2013 solo dietro preventiva comunicazione al Sindaco.<br \/>\nCon l&#8217;allerta rossa, ferme restando le precedenti prescrizioni, non saranno possibili deroghe a fal\u00f2 e fuochi d&#8217;artificio.<\/p>\n<p>Secondo le perimetrie definite dall\u2019Arpav, che divide l\u2019area del bacino padano in fondovalle e Alpi e Prealpi, \u00e8 prevista una sospensione delle limitazioni sull\u2019utilizzo delle stufe per i territori sopra i 600 metri. In queste aree, infatti, \u00e8 possibile l\u2019utilizzo delle stufe indipendentemente dalla classe di prestazione.<\/p>\n<p>Tutti i dettagli si trovano nel testo delle ordinanze, pubblicate nel sito istituzionale del Comune e scaricabili dalla home page.<\/p>","protected":false},"excerpt":{"rendered":"<p>Belluno, 30 settembre 2022 &#8211; Entrano in vigore da domani, sabato 1 ottobre, le due nuove ordinanze comunali \u201cantismog\u201d (N.358 \u201cMisure di limitazione della circolazione stradale per il contenimento dell\u2019inquinamento atmosferico nel periodo dal giorno 1 ottobre 2022 al giorno 30 aprile 2023 e N.359 \u201cMisure di limitazione dell\u2019esercizio degli impianti termici, compresi quelli alimentati [&hellip;]<\/p>\n","protected":false},"author":2,"featured_media":136051,"comment_status":"closed","ping_status":"open","sticky":false,"template":"","format":"standard","meta":{"footnotes":""},"categories":[5,26],"tags":[],"class_list":["post-136726","post","type-post","status-publish","format-standard","has-post-thumbnail","category-cronaca","category-prima-pagina"],"yoast_head":"<!-- This site is optimized with the Yoast SEO plugin v28.4 - https:\/\/yoast.com\/product\/yoast-seo-wordpress\/ -->\n<title>Tornano in vigore da domani a Belluno le inutili ordinanze anti smog - Bellunopress - Dolomiti<\/title>\n<meta name=\"robots\" content=\"index, follow, max-snippet:-1, max-image-preview:large, max-video-preview:-1\" \/>\n<link rel=\"canonical\" href=\"https:\/\/www.bellunopress.it\/fr\/2022\/09\/30\/tornano-in-vigore-da-domani-a-belluno-le-inutili-ordinanze-anti-smog\/\" \/>\n<meta property=\"og:locale\" content=\"fr_FR\" \/>\n<meta property=\"og:type\" content=\"article\" \/>\n<meta property=\"og:title\" content=\"Tornano in vigore da domani a Belluno le inutili ordinanze anti smog - Bellunopress - Dolomiti\" \/>\n<meta property=\"og:description\" content=\"Belluno, 30 settembre 2022 &#8211; Entrano in vigore da domani, sabato 1 ottobre, le due nuove ordinanze comunali \u201cantismog\u201d (N.358 \u201cMisure di limitazione della circolazione stradale per il contenimento dell\u2019inquinamento atmosferico nel periodo dal giorno 1 ottobre 2022 al giorno 30 aprile 2023 e N.359 \u201cMisure di limitazione dell\u2019esercizio degli impianti termici, compresi quelli alimentati [&hellip;]\" \/>\n<meta property=\"og:url\" content=\"https:\/\/www.bellunopress.it\/fr\/2022\/09\/30\/tornano-in-vigore-da-domani-a-belluno-le-inutili-ordinanze-anti-smog\/\" \/>\n<meta property=\"og:site_name\" content=\"Bellunopress - Dolomiti\" \/>\n<meta property=\"article:publisher\" content=\"https:\/\/www.facebook.com\/profile.php?id=100008943462799\" \/>\n<meta property=\"article:published_time\" content=\"2022-09-30T16:27:13+00:00\" \/>\n<meta property=\"og:image\" content=\"https:\/\/www.bellunopress.it\/wp-content\/uploads\/2022\/08\/de-kunovich_edited.jpg\" \/>\n\t<meta property=\"og:image:width\" content=\"545\" \/>\n\t<meta property=\"og:image:height\" content=\"643\" \/>\n\t<meta property=\"og:image:type\" content=\"image\/jpeg\" \/>\n<meta name=\"author\" content=\"redazione\" \/>\n<meta name=\"twitter:card\" content=\"summary_large_image\" \/>\n<meta name=\"twitter:creator\" content=\"@bellunopress\" \/>\n<meta name=\"twitter:site\" content=\"@bellunopress\" \/>\n<meta name=\"twitter:label1\" content=\"\u00c9crit par\" \/>\n\t<meta name=\"twitter:data1\" content=\"redazione\" \/>\n\t<meta name=\"twitter:label2\" content=\"Dur\u00e9e de lecture estim\u00e9e\" \/>\n\t<meta name=\"twitter:data2\" content=\"5 minutes\" \/>\n<script type=\"application\/ld+json\" class=\"yoast-schema-graph\">{\"@context\":\"https:\\\/\\\/schema.org\",\"@graph\":[{\"@type\":\"Article\",\"@id\":\"https:\\\/\\\/www.bellunopress.it\\\/2022\\\/09\\\/30\\\/tornano-in-vigore-da-domani-a-belluno-le-inutili-ordinanze-anti-smog\\\/#article\",\"isPartOf\":{\"@id\":\"https:\\\/\\\/www.bellunopress.it\\\/2022\\\/09\\\/30\\\/tornano-in-vigore-da-domani-a-belluno-le-inutili-ordinanze-anti-smog\\\/\"},\"author\":{\"name\":\"redazione\",\"@id\":\"https:\\\/\\\/www.bellunopress.it\\\/#\\\/schema\\\/person\\\/79bb06722b37ece1c03d3e94beb30d73\"},\"headline\":\"Tornano in vigore da domani a Belluno le inutili ordinanze anti smog\",\"datePublished\":\"2022-09-30T16:27:13+00:00\",\"mainEntityOfPage\":{\"@id\":\"https:\\\/\\\/www.bellunopress.it\\\/2022\\\/09\\\/30\\\/tornano-in-vigore-da-domani-a-belluno-le-inutili-ordinanze-anti-smog\\\/\"},\"wordCount\":797,\"publisher\":{\"@id\":\"https:\\\/\\\/www.bellunopress.it\\\/#organization\"},\"image\":{\"@id\":\"https:\\\/\\\/www.bellunopress.it\\\/2022\\\/09\\\/30\\\/tornano-in-vigore-da-domani-a-belluno-le-inutili-ordinanze-anti-smog\\\/#primaryimage\"},\"thumbnailUrl\":\"https:\\\/\\\/www.bellunopress.it\\\/wp-content\\\/uploads\\\/2022\\\/08\\\/de-kunovich_edited.jpg\",\"articleSection\":[\"Cronaca\\\/Politica\",\"Prima Pagina\"],\"inLanguage\":\"fr-FR\"},{\"@type\":\"WebPage\",\"@id\":\"https:\\\/\\\/www.bellunopress.it\\\/2022\\\/09\\\/30\\\/tornano-in-vigore-da-domani-a-belluno-le-inutili-ordinanze-anti-smog\\\/\",\"url\":\"https:\\\/\\\/www.bellunopress.it\\\/2022\\\/09\\\/30\\\/tornano-in-vigore-da-domani-a-belluno-le-inutili-ordinanze-anti-smog\\\/\",\"name\":\"Tornano in vigore da domani a Belluno le inutili ordinanze anti smog - Bellunopress - Dolomiti\",\"isPartOf\":{\"@id\":\"https:\\\/\\\/www.bellunopress.it\\\/#website\"},\"primaryImageOfPage\":{\"@id\":\"https:\\\/\\\/www.bellunopress.it\\\/2022\\\/09\\\/30\\\/tornano-in-vigore-da-domani-a-belluno-le-inutili-ordinanze-anti-smog\\\/#primaryimage\"},\"image\":{\"@id\":\"https:\\\/\\\/www.bellunopress.it\\\/2022\\\/09\\\/30\\\/tornano-in-vigore-da-domani-a-belluno-le-inutili-ordinanze-anti-smog\\\/#primaryimage\"},\"thumbnailUrl\":\"https:\\\/\\\/www.bellunopress.it\\\/wp-content\\\/uploads\\\/2022\\\/08\\\/de-kunovich_edited.jpg\",\"datePublished\":\"2022-09-30T16:27:13+00:00\",\"breadcrumb\":{\"@id\":\"https:\\\/\\\/www.bellunopress.it\\\/2022\\\/09\\\/30\\\/tornano-in-vigore-da-domani-a-belluno-le-inutili-ordinanze-anti-smog\\\/#breadcrumb\"},\"inLanguage\":\"fr-FR\",\"potentialAction\":[{\"@type\":\"ReadAction\",\"target\":[\"https:\\\/\\\/www.bellunopress.it\\\/2022\\\/09\\\/30\\\/tornano-in-vigore-da-domani-a-belluno-le-inutili-ordinanze-anti-smog\\\/\"]}]},{\"@type\":\"ImageObject\",\"inLanguage\":\"fr-FR\",\"@id\":\"https:\\\/\\\/www.bellunopress.it\\\/2022\\\/09\\\/30\\\/tornano-in-vigore-da-domani-a-belluno-le-inutili-ordinanze-anti-smog\\\/#primaryimage\",\"url\":\"https:\\\/\\\/www.bellunopress.it\\\/wp-content\\\/uploads\\\/2022\\\/08\\\/de-kunovich_edited.jpg\",\"contentUrl\":\"https:\\\/\\\/www.bellunopress.it\\\/wp-content\\\/uploads\\\/2022\\\/08\\\/de-kunovich_edited.jpg\",\"width\":545,\"height\":643,\"caption\":\"Lorenza De Kunovich, assessore all'Ambiente e Protezione civile al Comune di Belluno\"},{\"@type\":\"BreadcrumbList\",\"@id\":\"https:\\\/\\\/www.bellunopress.it\\\/2022\\\/09\\\/30\\\/tornano-in-vigore-da-domani-a-belluno-le-inutili-ordinanze-anti-smog\\\/#breadcrumb\",\"itemListElement\":[{\"@type\":\"ListItem\",\"position\":1,\"name\":\"Home\",\"item\":\"https:\\\/\\\/www.bellunopress.it\\\/\"},{\"@type\":\"ListItem\",\"position\":2,\"name\":\"Tornano in vigore da domani a Belluno le inutili ordinanze anti smog\"}]},{\"@type\":\"WebSite\",\"@id\":\"https:\\\/\\\/www.bellunopress.it\\\/#website\",\"url\":\"https:\\\/\\\/www.bellunopress.it\\\/\",\"name\":\"Bellunopress - Dolomiti\",\"description\":\"e-mail: redazione@bellunopress.it\",\"publisher\":{\"@id\":\"https:\\\/\\\/www.bellunopress.it\\\/#organization\"},\"potentialAction\":[{\"@type\":\"SearchAction\",\"target\":{\"@type\":\"EntryPoint\",\"urlTemplate\":\"https:\\\/\\\/www.bellunopress.it\\\/?s={search_term_string}\"},\"query-input\":{\"@type\":\"PropertyValueSpecification\",\"valueRequired\":true,\"valueName\":\"search_term_string\"}}],\"inLanguage\":\"fr-FR\"},{\"@type\":\"Organization\",\"@id\":\"https:\\\/\\\/www.bellunopress.it\\\/#organization\",\"name\":\"Bellunopress\",\"url\":\"https:\\\/\\\/www.bellunopress.it\\\/\",\"logo\":{\"@type\":\"ImageObject\",\"inLanguage\":\"fr-FR\",\"@id\":\"https:\\\/\\\/www.bellunopress.it\\\/#\\\/schema\\\/logo\\\/image\\\/\",\"url\":\"https:\\\/\\\/www.bellunopress.it\\\/wp-content\\\/uploads\\\/2011\\\/05\\\/cropped-logo-bellunopress-.jpg\",\"contentUrl\":\"https:\\\/\\\/www.bellunopress.it\\\/wp-content\\\/uploads\\\/2011\\\/05\\\/cropped-logo-bellunopress-.jpg\",\"width\":512,\"height\":512,\"caption\":\"Bellunopress\"},\"image\":{\"@id\":\"https:\\\/\\\/www.bellunopress.it\\\/#\\\/schema\\\/logo\\\/image\\\/\"},\"sameAs\":[\"https:\\\/\\\/www.facebook.com\\\/profile.php?id=100008943462799\",\"https:\\\/\\\/x.com\\\/bellunopress\",\"https:\\\/\\\/www.linkedin.com\\\/hp\\\/?dnr=JBzUWaJfMUw8vbXJJ2tVW5-I3jZKvC4wsoxE&amp;amp;amp;amp;amp;amp;trk=nav_responsive_tab_home\",\"https:\\\/\\\/www.youtube.com\\\/channel\\\/UCxL0wu1uN0_3_7hGG0306cw\"]},{\"@type\":\"Person\",\"@id\":\"https:\\\/\\\/www.bellunopress.it\\\/#\\\/schema\\\/person\\\/79bb06722b37ece1c03d3e94beb30d73\",\"name\":\"redazione\",\"image\":{\"@type\":\"ImageObject\",\"inLanguage\":\"fr-FR\",\"@id\":\"https:\\\/\\\/secure.gravatar.com\\\/avatar\\\/37d968a2e67a6fd04c169c4bdef102d0bc5d31b2546345219e348575eb80e9a0?s=96&d=mm&r=g\",\"url\":\"https:\\\/\\\/secure.gravatar.com\\\/avatar\\\/37d968a2e67a6fd04c169c4bdef102d0bc5d31b2546345219e348575eb80e9a0?s=96&d=mm&r=g\",\"contentUrl\":\"https:\\\/\\\/secure.gravatar.com\\\/avatar\\\/37d968a2e67a6fd04c169c4bdef102d0bc5d31b2546345219e348575eb80e9a0?s=96&d=mm&r=g\",\"caption\":\"redazione\"},\"sameAs\":[\"http:\\\/\\\/www.bellunopress.it\",\"https:\\\/\\\/x.com\\\/bellunopress\"],\"url\":\"https:\\\/\\\/www.bellunopress.it\\\/fr\\\/author\\\/redazione\\\/\"}]}<\/script>\n<!-- \/ Yoast SEO plugin. -->","yoast_head_json":{"title":"Tornano in vigore da domani a Belluno le inutili ordinanze anti smog - Bellunopress - Dolomiti","robots":{"index":"index","follow":"follow","max-snippet":"max-snippet:-1","max-image-preview":"max-image-preview:large","max-video-preview":"max-video-preview:-1"},"canonical":"https:\/\/www.bellunopress.it\/fr\/2022\/09\/30\/tornano-in-vigore-da-domani-a-belluno-le-inutili-ordinanze-anti-smog\/","og_locale":"fr_FR","og_type":"article","og_title":"Tornano in vigore da domani a Belluno le inutili ordinanze anti smog - Bellunopress - Dolomiti","og_description":"Belluno, 30 settembre 2022 &#8211; Entrano in vigore da domani, sabato 1 ottobre, le due nuove ordinanze comunali \u201cantismog\u201d (N.358 \u201cMisure di limitazione della circolazione stradale per il contenimento dell\u2019inquinamento atmosferico nel periodo dal giorno 1 ottobre 2022 al giorno 30 aprile 2023 e N.359 \u201cMisure di limitazione dell\u2019esercizio degli impianti termici, compresi quelli alimentati [&hellip;]","og_url":"https:\/\/www.bellunopress.it\/fr\/2022\/09\/30\/tornano-in-vigore-da-domani-a-belluno-le-inutili-ordinanze-anti-smog\/","og_site_name":"Bellunopress - Dolomiti","article_publisher":"https:\/\/www.facebook.com\/profile.php?id=100008943462799","article_published_time":"2022-09-30T16:27:13+00:00","og_image":[{"width":545,"height":643,"url":"https:\/\/www.bellunopress.it\/wp-content\/uploads\/2022\/08\/de-kunovich_edited.jpg","type":"image\/jpeg"}],"author":"redazione","twitter_card":"summary_large_image","twitter_creator":"@bellunopress","twitter_site":"@bellunopress","twitter_misc":{"\u00c9crit par":"redazione","Dur\u00e9e de lecture estim\u00e9e":"5 minutes"},"schema":{"@context":"https:\/\/schema.org","@graph":[{"@type":"Article","@id":"https:\/\/www.bellunopress.it\/2022\/09\/30\/tornano-in-vigore-da-domani-a-belluno-le-inutili-ordinanze-anti-smog\/#article","isPartOf":{"@id":"https:\/\/www.bellunopress.it\/2022\/09\/30\/tornano-in-vigore-da-domani-a-belluno-le-inutili-ordinanze-anti-smog\/"},"author":{"name":"redazione","@id":"https:\/\/www.bellunopress.it\/#\/schema\/person\/79bb06722b37ece1c03d3e94beb30d73"},"headline":"Tornano in vigore da domani a Belluno le inutili ordinanze anti smog","datePublished":"2022-09-30T16:27:13+00:00","mainEntityOfPage":{"@id":"https:\/\/www.bellunopress.it\/2022\/09\/30\/tornano-in-vigore-da-domani-a-belluno-le-inutili-ordinanze-anti-smog\/"},"wordCount":797,"publisher":{"@id":"https:\/\/www.bellunopress.it\/#organization"},"image":{"@id":"https:\/\/www.bellunopress.it\/2022\/09\/30\/tornano-in-vigore-da-domani-a-belluno-le-inutili-ordinanze-anti-smog\/#primaryimage"},"thumbnailUrl":"https:\/\/www.bellunopress.it\/wp-content\/uploads\/2022\/08\/de-kunovich_edited.jpg","articleSection":["Cronaca\/Politica","Prima Pagina"],"inLanguage":"fr-FR"},{"@type":"WebPage","@id":"https:\/\/www.bellunopress.it\/2022\/09\/30\/tornano-in-vigore-da-domani-a-belluno-le-inutili-ordinanze-anti-smog\/","url":"https:\/\/www.bellunopress.it\/2022\/09\/30\/tornano-in-vigore-da-domani-a-belluno-le-inutili-ordinanze-anti-smog\/","name":"Tornano in vigore da domani a Belluno le inutili ordinanze anti smog - Bellunopress - Dolomiti","isPartOf":{"@id":"https:\/\/www.bellunopress.it\/#website"},"primaryImageOfPage":{"@id":"https:\/\/www.bellunopress.it\/2022\/09\/30\/tornano-in-vigore-da-domani-a-belluno-le-inutili-ordinanze-anti-smog\/#primaryimage"},"image":{"@id":"https:\/\/www.bellunopress.it\/2022\/09\/30\/tornano-in-vigore-da-domani-a-belluno-le-inutili-ordinanze-anti-smog\/#primaryimage"},"thumbnailUrl":"https:\/\/www.bellunopress.it\/wp-content\/uploads\/2022\/08\/de-kunovich_edited.jpg","datePublished":"2022-09-30T16:27:13+00:00","breadcrumb":{"@id":"https:\/\/www.bellunopress.it\/2022\/09\/30\/tornano-in-vigore-da-domani-a-belluno-le-inutili-ordinanze-anti-smog\/#breadcrumb"},"inLanguage":"fr-FR","potentialAction":[{"@type":"ReadAction","target":["https:\/\/www.bellunopress.it\/2022\/09\/30\/tornano-in-vigore-da-domani-a-belluno-le-inutili-ordinanze-anti-smog\/"]}]},{"@type":"ImageObject","inLanguage":"fr-FR","@id":"https:\/\/www.bellunopress.it\/2022\/09\/30\/tornano-in-vigore-da-domani-a-belluno-le-inutili-ordinanze-anti-smog\/#primaryimage","url":"https:\/\/www.bellunopress.it\/wp-content\/uploads\/2022\/08\/de-kunovich_edited.jpg","contentUrl":"https:\/\/www.bellunopress.it\/wp-content\/uploads\/2022\/08\/de-kunovich_edited.jpg","width":545,"height":643,"caption":"Lorenza De Kunovich, assessore all'Ambiente e Protezione civile al Comune di Belluno"},{"@type":"BreadcrumbList","@id":"https:\/\/www.bellunopress.it\/2022\/09\/30\/tornano-in-vigore-da-domani-a-belluno-le-inutili-ordinanze-anti-smog\/#breadcrumb","itemListElement":[{"@type":"ListItem","position":1,"name":"Home","item":"https:\/\/www.bellunopress.it\/"},{"@type":"ListItem","position":2,"name":"Tornano in vigore da domani a Belluno le inutili ordinanze anti smog"}]},{"@type":"WebSite","@id":"https:\/\/www.bellunopress.it\/#website","url":"https:\/\/www.bellunopress.it\/","name":"Bellunopress - Dolomiti","description":"e-mail: redazione@bellunopress.it","publisher":{"@id":"https:\/\/www.bellunopress.it\/#organization"},"potentialAction":[{"@type":"SearchAction","target":{"@type":"EntryPoint","urlTemplate":"https:\/\/www.bellunopress.it\/?s={search_term_string}"},"query-input":{"@type":"PropertyValueSpecification","valueRequired":true,"valueName":"search_term_string"}}],"inLanguage":"fr-FR"},{"@type":"Organization","@id":"https:\/\/www.bellunopress.it\/#organization","name":"Bellunopress","url":"https:\/\/www.bellunopress.it\/","logo":{"@type":"ImageObject","inLanguage":"fr-FR","@id":"https:\/\/www.bellunopress.it\/#\/schema\/logo\/image\/","url":"https:\/\/www.bellunopress.it\/wp-content\/uploads\/2011\/05\/cropped-logo-bellunopress-.jpg","contentUrl":"https:\/\/www.bellunopress.it\/wp-content\/uploads\/2011\/05\/cropped-logo-bellunopress-.jpg","width":512,"height":512,"caption":"Bellunopress"},"image":{"@id":"https:\/\/www.bellunopress.it\/#\/schema\/logo\/image\/"},"sameAs":["https:\/\/www.facebook.com\/profile.php?id=100008943462799","https:\/\/x.com\/bellunopress","https:\/\/www.linkedin.com\/hp\/?dnr=JBzUWaJfMUw8vbXJJ2tVW5-I3jZKvC4wsoxE&amp;amp;amp;amp;amp;amp;trk=nav_responsive_tab_home","https:\/\/www.youtube.com\/channel\/UCxL0wu1uN0_3_7hGG0306cw"]},{"@type":"Person","@id":"https:\/\/www.bellunopress.it\/#\/schema\/person\/79bb06722b37ece1c03d3e94beb30d73","name":"r\u00e9daction","image":{"@type":"ImageObject","inLanguage":"fr-FR","@id":"https:\/\/secure.gravatar.com\/avatar\/37d968a2e67a6fd04c169c4bdef102d0bc5d31b2546345219e348575eb80e9a0?s=96&d=mm&r=g","url":"https:\/\/secure.gravatar.com\/avatar\/37d968a2e67a6fd04c169c4bdef102d0bc5d31b2546345219e348575eb80e9a0?s=96&d=mm&r=g","contentUrl":"https:\/\/secure.gravatar.com\/avatar\/37d968a2e67a6fd04c169c4bdef102d0bc5d31b2546345219e348575eb80e9a0?s=96&d=mm&r=g","caption":"redazione"},"sameAs":["http:\/\/www.bellunopress.it","https:\/\/x.com\/bellunopress"],"url":"https:\/\/www.bellunopress.it\/fr\/author\/redazione\/"}]}},"_links":{"self":[{"href":"https:\/\/www.bellunopress.it\/fr\/wp-json\/wp\/v2\/posts\/136726","targetHints":{"allow":["GET"]}}],"collection":[{"href":"https:\/\/www.bellunopress.it\/fr\/wp-json\/wp\/v2\/posts"}],"about":[{"href":"https:\/\/www.bellunopress.it\/fr\/wp-json\/wp\/v2\/types\/post"}],"author":[{"embeddable":true,"href":"https:\/\/www.bellunopress.it\/fr\/wp-json\/wp\/v2\/users\/2"}],"replies":[{"embeddable":true,"href":"https:\/\/www.bellunopress.it\/fr\/wp-json\/wp\/v2\/comments?post=136726"}],"version-history":[{"count":1,"href":"https:\/\/www.bellunopress.it\/fr\/wp-json\/wp\/v2\/posts\/136726\/revisions"}],"predecessor-version":[{"id":136727,"href":"https:\/\/www.bellunopress.it\/fr\/wp-json\/wp\/v2\/posts\/136726\/revisions\/136727"}],"wp:featuredmedia":[{"embeddable":true,"href":"https:\/\/www.bellunopress.it\/fr\/wp-json\/wp\/v2\/media\/136051"}],"wp:attachment":[{"href":"https:\/\/www.bellunopress.it\/fr\/wp-json\/wp\/v2\/media?parent=136726"}],"wp:term":[{"taxonomy":"category","embeddable":true,"href":"https:\/\/www.bellunopress.it\/fr\/wp-json\/wp\/v2\/categories?post=136726"},{"taxonomy":"post_tag","embeddable":true,"href":"https:\/\/www.bellunopress.it\/fr\/wp-json\/wp\/v2\/tags?post=136726"}],"curies":[{"name":"wp","href":"https:\/\/api.w.org\/{rel}","templated":true}]}}