{"id":136721,"date":"2022-09-30T15:54:48","date_gmt":"2022-09-30T13:54:48","guid":{"rendered":"https:\/\/www.bellunopress.it\/?p=136721"},"modified":"2022-09-30T15:54:48","modified_gmt":"2022-09-30T13:54:48","slug":"cercasi-oss-per-le-case-di-riposo-di-mel-trichiana-e-lentiai","status":"publish","type":"post","link":"https:\/\/www.bellunopress.it\/fr\/2022\/09\/30\/cercasi-oss-per-le-case-di-riposo-di-mel-trichiana-e-lentiai\/","title":{"rendered":"Cercasi OSS per le case di riposo di Mel, Trichiana e Lentiai"},"content":{"rendered":"<figure id=\"attachment_127266\" aria-describedby=\"caption-attachment-127266\" style=\"width: 800px\" class=\"wp-caption alignleft\"><img loading=\"lazy\" decoding=\"async\" class=\"size-full wp-image-127266\" src=\"https:\/\/www.bellunopress.it\/wp-content\/uploads\/2021\/08\/Centro-servizi-anziani-Borgo-Valbelluna_edited.jpg\" alt=\"casa riposo Mel\" width=\"800\" height=\"450\" srcset=\"https:\/\/www.bellunopress.it\/wp-content\/uploads\/2021\/08\/Centro-servizi-anziani-Borgo-Valbelluna_edited.jpg 800w, https:\/\/www.bellunopress.it\/wp-content\/uploads\/2021\/08\/Centro-servizi-anziani-Borgo-Valbelluna_edited-500x281.jpg 500w, https:\/\/www.bellunopress.it\/wp-content\/uploads\/2021\/08\/Centro-servizi-anziani-Borgo-Valbelluna_edited-696x392.jpg 696w, https:\/\/www.bellunopress.it\/wp-content\/uploads\/2021\/08\/Centro-servizi-anziani-Borgo-Valbelluna_edited-747x420.jpg 747w\" sizes=\"auto, (max-width: 800px) 100vw, 800px\" \/><figcaption id=\"caption-attachment-127266\" class=\"wp-caption-text\">Centro servizi anziani Borgo Valbelluna<\/figcaption><\/figure>\n<p>La Valbelluna Servizi srl seleziona operatori socio sanitari da inserire a tempo indeterminato nei Centri Servizi per Anziani del Comune di Borgo Valbelluna: CSA \u201cdr. P. Sbardella\u201d di Mel, CSA \u201cMadonna della Salute\u201d di Trichiana, CSA \u201cRosa e Ettore Mione\u201d di Lentiai. Il termine di scadenza per la presentazione delle domande \u00e8 fissato per il 17 ottobre p.v. e le modalit\u00e0 di presentazione della domanda \u00e8 pubblicata nel sito della Valbelluna Servizi: www.valbellunaservizi.it<\/p>\n<p>La selezione \u00e8 rivolta a tutte le persone che con il titolo di OSS hanno voglia di fare la differenza nella cura agli anziani del nostro territorio, lavorando in team in un ambiente che si impegna a creare benessere.<br \/>\nNell\u2019occasione si evidenzia che da gennaio 2022 \u00e8 operativo il nuovo contratto aziendale che ha introdotto una serie di migliorie che rafforzano un percorso di fidelizzazione e di valorizzazione dei propri collaboratori. In particolare a tutto il personale turnista verr\u00e0 erogata una specifica indennit\u00e0 assistenziale e sono state incrementate le maggiorazioni di turno notturno e festivo. Le maggiorazioni economiche apportate con nuovo contratto aziendale al personale turnista vanno dai \u20ac 1450 ai \u20ac 1750 annui, portando il valore complessivo delle migliorie contrattuali della Valbelluna Servizi rispetto al contratto UNEBA base tra i \u20ac 2.750 e i \u20ac 3.350 annui, oltre alla ripartizione del fondo di produttivit\u00e0 che nell\u2019anno in corso distribuisce in media ulteriori \u20ac 500. \u00c8 stata inoltre confermata l\u2019applicazione migliorativa dell\u2019istituto delle ferie (36 giorni\/anno) e dei permessi retribuiti (3 giorni per motivi personali e 3 giorni per l\u2019esecuzione di visite o esami diagnostici) e la riduzione dell\u2019orario di lavoro a 37 ore settimanali.<\/p>\n<p>Per informazioni: tel. 0437-540411, email: info@valbellunaservizi.it<\/p>\n<p>&nbsp;<\/p>","protected":false},"excerpt":{"rendered":"<p>La Valbelluna Servizi srl seleziona operatori socio sanitari da inserire a tempo indeterminato nei Centri Servizi per Anziani del Comune di Borgo Valbelluna: CSA \u201cdr. P. Sbardella\u201d di Mel, CSA \u201cMadonna della Salute\u201d di Trichiana, CSA \u201cRosa e Ettore Mione\u201d di Lentiai. Il termine di scadenza per la presentazione delle domande \u00e8 fissato per il [&hellip;]<\/p>\n","protected":false},"author":2,"featured_media":127266,"comment_status":"closed","ping_status":"open","sticky":false,"template":"","format":"standard","meta":{"footnotes":""},"categories":[36,17],"tags":[],"class_list":["post-136721","post","type-post","status-publish","format-standard","has-post-thumbnail","category-lavoro-economia","category-sanita"],"yoast_head":"<!-- This site is optimized with the Yoast SEO plugin v28.4 - https:\/\/yoast.com\/product\/yoast-seo-wordpress\/ -->\n<title>Cercasi OSS per le case di riposo di Mel, Trichiana e Lentiai - Bellunopress - Dolomiti<\/title>\n<meta name=\"robots\" content=\"index, follow, max-snippet:-1, max-image-preview:large, max-video-preview:-1\" \/>\n<link rel=\"canonical\" href=\"https:\/\/www.bellunopress.it\/fr\/2022\/09\/30\/cercasi-oss-per-le-case-di-riposo-di-mel-trichiana-e-lentiai\/\" \/>\n<meta property=\"og:locale\" content=\"fr_FR\" \/>\n<meta property=\"og:type\" content=\"article\" \/>\n<meta property=\"og:title\" content=\"Cercasi OSS per le case di riposo di Mel, Trichiana e Lentiai - Bellunopress - Dolomiti\" \/>\n<meta property=\"og:description\" content=\"La Valbelluna Servizi srl seleziona operatori socio sanitari da inserire a tempo indeterminato nei Centri Servizi per Anziani del Comune di Borgo Valbelluna: CSA \u201cdr. P. Sbardella\u201d di Mel, CSA \u201cMadonna della Salute\u201d di Trichiana, CSA \u201cRosa e Ettore Mione\u201d di Lentiai. Il termine di scadenza per la presentazione delle domande \u00e8 fissato per il [&hellip;]\" \/>\n<meta property=\"og:url\" content=\"https:\/\/www.bellunopress.it\/fr\/2022\/09\/30\/cercasi-oss-per-le-case-di-riposo-di-mel-trichiana-e-lentiai\/\" \/>\n<meta property=\"og:site_name\" content=\"Bellunopress - Dolomiti\" \/>\n<meta property=\"article:publisher\" content=\"https:\/\/www.facebook.com\/profile.php?id=100008943462799\" \/>\n<meta property=\"article:published_time\" content=\"2022-09-30T13:54:48+00:00\" \/>\n<meta property=\"og:image\" content=\"https:\/\/www.bellunopress.it\/wp-content\/uploads\/2021\/08\/Centro-servizi-anziani-Borgo-Valbelluna_edited.jpg\" \/>\n\t<meta property=\"og:image:width\" content=\"800\" \/>\n\t<meta property=\"og:image:height\" content=\"450\" \/>\n\t<meta property=\"og:image:type\" content=\"image\/jpeg\" \/>\n<meta name=\"author\" content=\"redazione\" \/>\n<meta name=\"twitter:card\" content=\"summary_large_image\" \/>\n<meta name=\"twitter:creator\" content=\"@bellunopress\" \/>\n<meta name=\"twitter:site\" content=\"@bellunopress\" \/>\n<meta name=\"twitter:label1\" content=\"\u00c9crit par\" \/>\n\t<meta name=\"twitter:data1\" content=\"redazione\" \/>\n\t<meta name=\"twitter:label2\" content=\"Dur\u00e9e de lecture estim\u00e9e\" \/>\n\t<meta name=\"twitter:data2\" content=\"2 minutes\" \/>\n<script type=\"application\/ld+json\" class=\"yoast-schema-graph\">{\"@context\":\"https:\\\/\\\/schema.org\",\"@graph\":[{\"@type\":\"Article\",\"@id\":\"https:\\\/\\\/www.bellunopress.it\\\/2022\\\/09\\\/30\\\/cercasi-oss-per-le-case-di-riposo-di-mel-trichiana-e-lentiai\\\/#article\",\"isPartOf\":{\"@id\":\"https:\\\/\\\/www.bellunopress.it\\\/2022\\\/09\\\/30\\\/cercasi-oss-per-le-case-di-riposo-di-mel-trichiana-e-lentiai\\\/\"},\"author\":{\"name\":\"redazione\",\"@id\":\"https:\\\/\\\/www.bellunopress.it\\\/#\\\/schema\\\/person\\\/79bb06722b37ece1c03d3e94beb30d73\"},\"headline\":\"Cercasi OSS per le case di riposo di Mel, Trichiana e Lentiai\",\"datePublished\":\"2022-09-30T13:54:48+00:00\",\"mainEntityOfPage\":{\"@id\":\"https:\\\/\\\/www.bellunopress.it\\\/2022\\\/09\\\/30\\\/cercasi-oss-per-le-case-di-riposo-di-mel-trichiana-e-lentiai\\\/\"},\"wordCount\":290,\"publisher\":{\"@id\":\"https:\\\/\\\/www.bellunopress.it\\\/#organization\"},\"image\":{\"@id\":\"https:\\\/\\\/www.bellunopress.it\\\/2022\\\/09\\\/30\\\/cercasi-oss-per-le-case-di-riposo-di-mel-trichiana-e-lentiai\\\/#primaryimage\"},\"thumbnailUrl\":\"https:\\\/\\\/www.bellunopress.it\\\/wp-content\\\/uploads\\\/2021\\\/08\\\/Centro-servizi-anziani-Borgo-Valbelluna_edited.jpg\",\"articleSection\":[\"Lavoro, Economia, Turismo\",\"Sanit\u00e0 Medicina\"],\"inLanguage\":\"fr-FR\"},{\"@type\":\"WebPage\",\"@id\":\"https:\\\/\\\/www.bellunopress.it\\\/2022\\\/09\\\/30\\\/cercasi-oss-per-le-case-di-riposo-di-mel-trichiana-e-lentiai\\\/\",\"url\":\"https:\\\/\\\/www.bellunopress.it\\\/2022\\\/09\\\/30\\\/cercasi-oss-per-le-case-di-riposo-di-mel-trichiana-e-lentiai\\\/\",\"name\":\"Cercasi OSS per le case di riposo di Mel, Trichiana e Lentiai - Bellunopress - Dolomiti\",\"isPartOf\":{\"@id\":\"https:\\\/\\\/www.bellunopress.it\\\/#website\"},\"primaryImageOfPage\":{\"@id\":\"https:\\\/\\\/www.bellunopress.it\\\/2022\\\/09\\\/30\\\/cercasi-oss-per-le-case-di-riposo-di-mel-trichiana-e-lentiai\\\/#primaryimage\"},\"image\":{\"@id\":\"https:\\\/\\\/www.bellunopress.it\\\/2022\\\/09\\\/30\\\/cercasi-oss-per-le-case-di-riposo-di-mel-trichiana-e-lentiai\\\/#primaryimage\"},\"thumbnailUrl\":\"https:\\\/\\\/www.bellunopress.it\\\/wp-content\\\/uploads\\\/2021\\\/08\\\/Centro-servizi-anziani-Borgo-Valbelluna_edited.jpg\",\"datePublished\":\"2022-09-30T13:54:48+00:00\",\"breadcrumb\":{\"@id\":\"https:\\\/\\\/www.bellunopress.it\\\/2022\\\/09\\\/30\\\/cercasi-oss-per-le-case-di-riposo-di-mel-trichiana-e-lentiai\\\/#breadcrumb\"},\"inLanguage\":\"fr-FR\",\"potentialAction\":[{\"@type\":\"ReadAction\",\"target\":[\"https:\\\/\\\/www.bellunopress.it\\\/2022\\\/09\\\/30\\\/cercasi-oss-per-le-case-di-riposo-di-mel-trichiana-e-lentiai\\\/\"]}]},{\"@type\":\"ImageObject\",\"inLanguage\":\"fr-FR\",\"@id\":\"https:\\\/\\\/www.bellunopress.it\\\/2022\\\/09\\\/30\\\/cercasi-oss-per-le-case-di-riposo-di-mel-trichiana-e-lentiai\\\/#primaryimage\",\"url\":\"https:\\\/\\\/www.bellunopress.it\\\/wp-content\\\/uploads\\\/2021\\\/08\\\/Centro-servizi-anziani-Borgo-Valbelluna_edited.jpg\",\"contentUrl\":\"https:\\\/\\\/www.bellunopress.it\\\/wp-content\\\/uploads\\\/2021\\\/08\\\/Centro-servizi-anziani-Borgo-Valbelluna_edited.jpg\",\"width\":800,\"height\":450,\"caption\":\"Centro servizi anziani Borgo Valbelluna\"},{\"@type\":\"BreadcrumbList\",\"@id\":\"https:\\\/\\\/www.bellunopress.it\\\/2022\\\/09\\\/30\\\/cercasi-oss-per-le-case-di-riposo-di-mel-trichiana-e-lentiai\\\/#breadcrumb\",\"itemListElement\":[{\"@type\":\"ListItem\",\"position\":1,\"name\":\"Home\",\"item\":\"https:\\\/\\\/www.bellunopress.it\\\/\"},{\"@type\":\"ListItem\",\"position\":2,\"name\":\"Cercasi OSS per le case di riposo di Mel, Trichiana e Lentiai\"}]},{\"@type\":\"WebSite\",\"@id\":\"https:\\\/\\\/www.bellunopress.it\\\/#website\",\"url\":\"https:\\\/\\\/www.bellunopress.it\\\/\",\"name\":\"Bellunopress - Dolomiti\",\"description\":\"e-mail: redazione@bellunopress.it\",\"publisher\":{\"@id\":\"https:\\\/\\\/www.bellunopress.it\\\/#organization\"},\"potentialAction\":[{\"@type\":\"SearchAction\",\"target\":{\"@type\":\"EntryPoint\",\"urlTemplate\":\"https:\\\/\\\/www.bellunopress.it\\\/?s={search_term_string}\"},\"query-input\":{\"@type\":\"PropertyValueSpecification\",\"valueRequired\":true,\"valueName\":\"search_term_string\"}}],\"inLanguage\":\"fr-FR\"},{\"@type\":\"Organization\",\"@id\":\"https:\\\/\\\/www.bellunopress.it\\\/#organization\",\"name\":\"Bellunopress\",\"url\":\"https:\\\/\\\/www.bellunopress.it\\\/\",\"logo\":{\"@type\":\"ImageObject\",\"inLanguage\":\"fr-FR\",\"@id\":\"https:\\\/\\\/www.bellunopress.it\\\/#\\\/schema\\\/logo\\\/image\\\/\",\"url\":\"https:\\\/\\\/www.bellunopress.it\\\/wp-content\\\/uploads\\\/2011\\\/05\\\/cropped-logo-bellunopress-.jpg\",\"contentUrl\":\"https:\\\/\\\/www.bellunopress.it\\\/wp-content\\\/uploads\\\/2011\\\/05\\\/cropped-logo-bellunopress-.jpg\",\"width\":512,\"height\":512,\"caption\":\"Bellunopress\"},\"image\":{\"@id\":\"https:\\\/\\\/www.bellunopress.it\\\/#\\\/schema\\\/logo\\\/image\\\/\"},\"sameAs\":[\"https:\\\/\\\/www.facebook.com\\\/profile.php?id=100008943462799\",\"https:\\\/\\\/x.com\\\/bellunopress\",\"https:\\\/\\\/www.linkedin.com\\\/hp\\\/?dnr=JBzUWaJfMUw8vbXJJ2tVW5-I3jZKvC4wsoxE&amp;amp;amp;amp;amp;amp;trk=nav_responsive_tab_home\",\"https:\\\/\\\/www.youtube.com\\\/channel\\\/UCxL0wu1uN0_3_7hGG0306cw\"]},{\"@type\":\"Person\",\"@id\":\"https:\\\/\\\/www.bellunopress.it\\\/#\\\/schema\\\/person\\\/79bb06722b37ece1c03d3e94beb30d73\",\"name\":\"redazione\",\"image\":{\"@type\":\"ImageObject\",\"inLanguage\":\"fr-FR\",\"@id\":\"https:\\\/\\\/secure.gravatar.com\\\/avatar\\\/37d968a2e67a6fd04c169c4bdef102d0bc5d31b2546345219e348575eb80e9a0?s=96&d=mm&r=g\",\"url\":\"https:\\\/\\\/secure.gravatar.com\\\/avatar\\\/37d968a2e67a6fd04c169c4bdef102d0bc5d31b2546345219e348575eb80e9a0?s=96&d=mm&r=g\",\"contentUrl\":\"https:\\\/\\\/secure.gravatar.com\\\/avatar\\\/37d968a2e67a6fd04c169c4bdef102d0bc5d31b2546345219e348575eb80e9a0?s=96&d=mm&r=g\",\"caption\":\"redazione\"},\"sameAs\":[\"http:\\\/\\\/www.bellunopress.it\",\"https:\\\/\\\/x.com\\\/bellunopress\"],\"url\":\"https:\\\/\\\/www.bellunopress.it\\\/fr\\\/author\\\/redazione\\\/\"}]}<\/script>\n<!-- \/ Yoast SEO plugin. -->","yoast_head_json":{"title":"Cercasi OSS per le case di riposo di Mel, Trichiana e Lentiai - Bellunopress - Dolomiti","robots":{"index":"index","follow":"follow","max-snippet":"max-snippet:-1","max-image-preview":"max-image-preview:large","max-video-preview":"max-video-preview:-1"},"canonical":"https:\/\/www.bellunopress.it\/fr\/2022\/09\/30\/cercasi-oss-per-le-case-di-riposo-di-mel-trichiana-e-lentiai\/","og_locale":"fr_FR","og_type":"article","og_title":"Cercasi OSS per le case di riposo di Mel, Trichiana e Lentiai - Bellunopress - Dolomiti","og_description":"La Valbelluna Servizi srl seleziona operatori socio sanitari da inserire a tempo indeterminato nei Centri Servizi per Anziani del Comune di Borgo Valbelluna: CSA \u201cdr. P. Sbardella\u201d di Mel, CSA \u201cMadonna della Salute\u201d di Trichiana, CSA \u201cRosa e Ettore Mione\u201d di Lentiai. Il termine di scadenza per la presentazione delle domande \u00e8 fissato per il [&hellip;]","og_url":"https:\/\/www.bellunopress.it\/fr\/2022\/09\/30\/cercasi-oss-per-le-case-di-riposo-di-mel-trichiana-e-lentiai\/","og_site_name":"Bellunopress - Dolomiti","article_publisher":"https:\/\/www.facebook.com\/profile.php?id=100008943462799","article_published_time":"2022-09-30T13:54:48+00:00","og_image":[{"width":800,"height":450,"url":"https:\/\/www.bellunopress.it\/wp-content\/uploads\/2021\/08\/Centro-servizi-anziani-Borgo-Valbelluna_edited.jpg","type":"image\/jpeg"}],"author":"redazione","twitter_card":"summary_large_image","twitter_creator":"@bellunopress","twitter_site":"@bellunopress","twitter_misc":{"\u00c9crit par":"redazione","Dur\u00e9e de lecture estim\u00e9e":"2 minutes"},"schema":{"@context":"https:\/\/schema.org","@graph":[{"@type":"Article","@id":"https:\/\/www.bellunopress.it\/2022\/09\/30\/cercasi-oss-per-le-case-di-riposo-di-mel-trichiana-e-lentiai\/#article","isPartOf":{"@id":"https:\/\/www.bellunopress.it\/2022\/09\/30\/cercasi-oss-per-le-case-di-riposo-di-mel-trichiana-e-lentiai\/"},"author":{"name":"redazione","@id":"https:\/\/www.bellunopress.it\/#\/schema\/person\/79bb06722b37ece1c03d3e94beb30d73"},"headline":"Cercasi OSS per le case di riposo di Mel, Trichiana e Lentiai","datePublished":"2022-09-30T13:54:48+00:00","mainEntityOfPage":{"@id":"https:\/\/www.bellunopress.it\/2022\/09\/30\/cercasi-oss-per-le-case-di-riposo-di-mel-trichiana-e-lentiai\/"},"wordCount":290,"publisher":{"@id":"https:\/\/www.bellunopress.it\/#organization"},"image":{"@id":"https:\/\/www.bellunopress.it\/2022\/09\/30\/cercasi-oss-per-le-case-di-riposo-di-mel-trichiana-e-lentiai\/#primaryimage"},"thumbnailUrl":"https:\/\/www.bellunopress.it\/wp-content\/uploads\/2021\/08\/Centro-servizi-anziani-Borgo-Valbelluna_edited.jpg","articleSection":["Lavoro, Economia, Turismo","Sanit\u00e0 Medicina"],"inLanguage":"fr-FR"},{"@type":"WebPage","@id":"https:\/\/www.bellunopress.it\/2022\/09\/30\/cercasi-oss-per-le-case-di-riposo-di-mel-trichiana-e-lentiai\/","url":"https:\/\/www.bellunopress.it\/2022\/09\/30\/cercasi-oss-per-le-case-di-riposo-di-mel-trichiana-e-lentiai\/","name":"Cercasi OSS per le case di riposo di Mel, Trichiana e Lentiai - Bellunopress - Dolomiti","isPartOf":{"@id":"https:\/\/www.bellunopress.it\/#website"},"primaryImageOfPage":{"@id":"https:\/\/www.bellunopress.it\/2022\/09\/30\/cercasi-oss-per-le-case-di-riposo-di-mel-trichiana-e-lentiai\/#primaryimage"},"image":{"@id":"https:\/\/www.bellunopress.it\/2022\/09\/30\/cercasi-oss-per-le-case-di-riposo-di-mel-trichiana-e-lentiai\/#primaryimage"},"thumbnailUrl":"https:\/\/www.bellunopress.it\/wp-content\/uploads\/2021\/08\/Centro-servizi-anziani-Borgo-Valbelluna_edited.jpg","datePublished":"2022-09-30T13:54:48+00:00","breadcrumb":{"@id":"https:\/\/www.bellunopress.it\/2022\/09\/30\/cercasi-oss-per-le-case-di-riposo-di-mel-trichiana-e-lentiai\/#breadcrumb"},"inLanguage":"fr-FR","potentialAction":[{"@type":"ReadAction","target":["https:\/\/www.bellunopress.it\/2022\/09\/30\/cercasi-oss-per-le-case-di-riposo-di-mel-trichiana-e-lentiai\/"]}]},{"@type":"ImageObject","inLanguage":"fr-FR","@id":"https:\/\/www.bellunopress.it\/2022\/09\/30\/cercasi-oss-per-le-case-di-riposo-di-mel-trichiana-e-lentiai\/#primaryimage","url":"https:\/\/www.bellunopress.it\/wp-content\/uploads\/2021\/08\/Centro-servizi-anziani-Borgo-Valbelluna_edited.jpg","contentUrl":"https:\/\/www.bellunopress.it\/wp-content\/uploads\/2021\/08\/Centro-servizi-anziani-Borgo-Valbelluna_edited.jpg","width":800,"height":450,"caption":"Centro servizi anziani Borgo Valbelluna"},{"@type":"BreadcrumbList","@id":"https:\/\/www.bellunopress.it\/2022\/09\/30\/cercasi-oss-per-le-case-di-riposo-di-mel-trichiana-e-lentiai\/#breadcrumb","itemListElement":[{"@type":"ListItem","position":1,"name":"Home","item":"https:\/\/www.bellunopress.it\/"},{"@type":"ListItem","position":2,"name":"Cercasi OSS per le case di riposo di Mel, Trichiana e Lentiai"}]},{"@type":"WebSite","@id":"https:\/\/www.bellunopress.it\/#website","url":"https:\/\/www.bellunopress.it\/","name":"Bellunopress - Dolomiti","description":"e-mail: redazione@bellunopress.it","publisher":{"@id":"https:\/\/www.bellunopress.it\/#organization"},"potentialAction":[{"@type":"SearchAction","target":{"@type":"EntryPoint","urlTemplate":"https:\/\/www.bellunopress.it\/?s={search_term_string}"},"query-input":{"@type":"PropertyValueSpecification","valueRequired":true,"valueName":"search_term_string"}}],"inLanguage":"fr-FR"},{"@type":"Organization","@id":"https:\/\/www.bellunopress.it\/#organization","name":"Bellunopress","url":"https:\/\/www.bellunopress.it\/","logo":{"@type":"ImageObject","inLanguage":"fr-FR","@id":"https:\/\/www.bellunopress.it\/#\/schema\/logo\/image\/","url":"https:\/\/www.bellunopress.it\/wp-content\/uploads\/2011\/05\/cropped-logo-bellunopress-.jpg","contentUrl":"https:\/\/www.bellunopress.it\/wp-content\/uploads\/2011\/05\/cropped-logo-bellunopress-.jpg","width":512,"height":512,"caption":"Bellunopress"},"image":{"@id":"https:\/\/www.bellunopress.it\/#\/schema\/logo\/image\/"},"sameAs":["https:\/\/www.facebook.com\/profile.php?id=100008943462799","https:\/\/x.com\/bellunopress","https:\/\/www.linkedin.com\/hp\/?dnr=JBzUWaJfMUw8vbXJJ2tVW5-I3jZKvC4wsoxE&amp;amp;amp;amp;amp;amp;trk=nav_responsive_tab_home","https:\/\/www.youtube.com\/channel\/UCxL0wu1uN0_3_7hGG0306cw"]},{"@type":"Person","@id":"https:\/\/www.bellunopress.it\/#\/schema\/person\/79bb06722b37ece1c03d3e94beb30d73","name":"r\u00e9daction","image":{"@type":"ImageObject","inLanguage":"fr-FR","@id":"https:\/\/secure.gravatar.com\/avatar\/37d968a2e67a6fd04c169c4bdef102d0bc5d31b2546345219e348575eb80e9a0?s=96&d=mm&r=g","url":"https:\/\/secure.gravatar.com\/avatar\/37d968a2e67a6fd04c169c4bdef102d0bc5d31b2546345219e348575eb80e9a0?s=96&d=mm&r=g","contentUrl":"https:\/\/secure.gravatar.com\/avatar\/37d968a2e67a6fd04c169c4bdef102d0bc5d31b2546345219e348575eb80e9a0?s=96&d=mm&r=g","caption":"redazione"},"sameAs":["http:\/\/www.bellunopress.it","https:\/\/x.com\/bellunopress"],"url":"https:\/\/www.bellunopress.it\/fr\/author\/redazione\/"}]}},"_links":{"self":[{"href":"https:\/\/www.bellunopress.it\/fr\/wp-json\/wp\/v2\/posts\/136721","targetHints":{"allow":["GET"]}}],"collection":[{"href":"https:\/\/www.bellunopress.it\/fr\/wp-json\/wp\/v2\/posts"}],"about":[{"href":"https:\/\/www.bellunopress.it\/fr\/wp-json\/wp\/v2\/types\/post"}],"author":[{"embeddable":true,"href":"https:\/\/www.bellunopress.it\/fr\/wp-json\/wp\/v2\/users\/2"}],"replies":[{"embeddable":true,"href":"https:\/\/www.bellunopress.it\/fr\/wp-json\/wp\/v2\/comments?post=136721"}],"version-history":[{"count":1,"href":"https:\/\/www.bellunopress.it\/fr\/wp-json\/wp\/v2\/posts\/136721\/revisions"}],"predecessor-version":[{"id":136722,"href":"https:\/\/www.bellunopress.it\/fr\/wp-json\/wp\/v2\/posts\/136721\/revisions\/136722"}],"wp:featuredmedia":[{"embeddable":true,"href":"https:\/\/www.bellunopress.it\/fr\/wp-json\/wp\/v2\/media\/127266"}],"wp:attachment":[{"href":"https:\/\/www.bellunopress.it\/fr\/wp-json\/wp\/v2\/media?parent=136721"}],"wp:term":[{"taxonomy":"category","embeddable":true,"href":"https:\/\/www.bellunopress.it\/fr\/wp-json\/wp\/v2\/categories?post=136721"},{"taxonomy":"post_tag","embeddable":true,"href":"https:\/\/www.bellunopress.it\/fr\/wp-json\/wp\/v2\/tags?post=136721"}],"curies":[{"name":"wp","href":"https:\/\/api.w.org\/{rel}","templated":true}]}}