{"id":136704,"date":"2022-09-29T21:43:53","date_gmt":"2022-09-29T19:43:53","guid":{"rendered":"https:\/\/www.bellunopress.it\/?p=136704"},"modified":"2022-09-29T21:43:53","modified_gmt":"2022-09-29T19:43:53","slug":"ordini-superiori-la-testimonianza","status":"publish","type":"post","link":"https:\/\/www.bellunopress.it\/fr\/2022\/09\/29\/ordini-superiori-la-testimonianza\/","title":{"rendered":"Ordini superiori.  La testimonianza"},"content":{"rendered":"<p>Sono gli ordini non ufficiali (non pubblicati, non firmati o segreti) largamente noti ma dichiarati solo confidenzialmente, che provengono \u201cdall\u2019alto\u201d e attraverso una stretta catena arrivano a vassalli, valvassori, valvassini e servi della gleba.<\/p>\n<p>Sono la causa di situazioni spesso illogiche e incomprensibili, talora tragiche e alla base di delitti di cui non si trover\u00e0 mai il colpevole. Colpevoli che sono noti ma dei quali la stampa ufficiale e allineata non parla mai in modo chiaro.<\/p>\n<p>Tutti noi, che ci ritroviamo \u201cin basso\u201d, ne abbiamo una qualche esperienza. In questi ultimi 3 anni non si sono contati e hanno consentito la creazione di un castello di argilla che prima o poi croller\u00e0.<\/p>\n<p>Un esempio illuminante sono le indagini diagnostiche per la positivit\u00e0 al virus. Mi riferisco a quelle \u201cmolecolari\u201d che si basano sulla PCR e quindi su cicli di amplificazione del materiale genetico per l\u2019identificazione del virus e quindi della positivit\u00e0 alla infezione. Gi\u00e0 Kari Mullis, inventore del metodo e poi Drosten, il virologo di Berlino incaricato per la diagnostica della Sars-CoV-2, hanno dichiarato che oltre i 30\/40 cicli di amplificazione i test non hanno alcuna affidabilit\u00e0, con prevalenza di risultati positivi. Lo stesso Drosten ne usa 45 ma dichiara che i risultati sono casuali. Non parliamo dei tamponi rapidi!<\/p>\n<p>Perch\u00e9 allora usare test del tutto inaffidabili? La risposta che comincia a diffondersi (escludendo gli aspetti economici che comunque riguardano guadagni a 9 zeri) \u00e8 molto logica: perch\u00e9 sono utili alla gestione di una pandemia che deve essere grave, altrimenti non si vendono i vaccini! E sicuramente era un \u201cordine superiore\u201d, non certo ufficiale e firmato, quello che ha semplicemente deciso di ignorare il problema.<\/p>\n<p>Se si chiedono spiegazioni agli organi \u201csuperiori\u201d normalmente non c\u2019\u00e8 risposta, a dimostrazione del fatto che la domanda \u00e8 molto valida ma molto scomoda.<\/p>\n<p>La lettera che segue mi \u00e8 stata recapitata in questi giorni. Si tratta di una storia di vita vissuta e di ordinaria angoscia, che nel nostro mondo attuale \u00e8 emblematica di una situazione spesso sopportata in silenzio. La lettera \u00e8 firmata e documentata. Ho chiesto di togliere i nomi.<\/p>\n<p><strong>Filiberto Dal Molin<\/strong><\/p>\n<p>&nbsp;<\/p>\n<p><img loading=\"lazy\" decoding=\"async\" class=\"alignleft size-full wp-image-126945\" src=\"https:\/\/www.bellunopress.it\/wp-content\/uploads\/2021\/08\/ambulanza_edited.jpg\" alt=\"\" width=\"800\" height=\"555\" srcset=\"https:\/\/www.bellunopress.it\/wp-content\/uploads\/2021\/08\/ambulanza_edited.jpg 800w, https:\/\/www.bellunopress.it\/wp-content\/uploads\/2021\/08\/ambulanza_edited-500x347.jpg 500w, https:\/\/www.bellunopress.it\/wp-content\/uploads\/2021\/08\/ambulanza_edited-218x150.jpg 218w, https:\/\/www.bellunopress.it\/wp-content\/uploads\/2021\/08\/ambulanza_edited-696x483.jpg 696w, https:\/\/www.bellunopress.it\/wp-content\/uploads\/2021\/08\/ambulanza_edited-605x420.jpg 605w, https:\/\/www.bellunopress.it\/wp-content\/uploads\/2021\/08\/ambulanza_edited-100x70.jpg 100w\" sizes=\"auto, (max-width: 800px) 100vw, 800px\" \/>\u201cUna tosse stizzosa accompagna le mie giornate lavorative da circa un mese. Tra la sera e l\u2019indomani si scatena su di me l\u2019inferno: fortissimi dolori su tutto il corpo, mal di testa pazzesco e febbre a 39\u00b0C. Il giorno dopo anche mio marito accusa gli stessi sintomi, cos\u00ec decido di chiamare il 118 per ricevere soccorso.<\/p>\n<p><strong>L\u2019operatore del 118, purtroppo, mi risponde: mi dispiace signora, ma non posso inviarle nessun medico a visitarla. Io: come? Perch\u00e9? L\u2019operatore: per ordini dall\u2019alto. Io: ma sta scherzando ? Mi passi un medico per favore. Spiego al medico la mia situazione e la risposta dell\u2019operatore; il medico conferma che quanto detto dall\u2019operatore \u00e8 vero, che per ordini dall\u2019alto gli \u00e8 stato proibito di uscire a visitare i pazienti<\/strong>.<\/p>\n<p>Mi sento angosciata e non so cosa fare. Tre giorni dopo mio marito mi dice che fatica a respirare, in quel momento sento un brivido di paura attraversarmi il corpo, capisco di dover telefonare nuovamente al 118. Risponde un\u2019operatrice, che mi dice di stare tranquilla e mi invia un\u2019ambulanza. Arriva l\u2019ambulanza con due infermieri, uno si occupa del marito, l\u2019altro si rivolge a me e, vedendo le mie condizioni, si ostina perch\u00e9 vada anch\u2019io al pronto soccorso. Fatti gli accertamenti, da l\u00ec a poco arriva la diagnosi, mio marito broncopolmonite ed io polmonite interstiziale, veniamo ricoverati. Durante la notte ci fanno un tampone rinofaringeo e mi dicono che abbiamo preso la Covid-19.<\/p>\n<p><strong>Il giorno dopo, vedendo tutto il personale entrare bardato dalla testa ai piedi, inizio ad avere paura, paura non di morire, ma di non vedere pi\u00f9 le mie figlie e scoppio a piangere. Sono preoccupata e angosciata anche per mio marito\u2026nessuno mi dice cos\u2019ho\u2026Arrivano i dubbi e la paura aumenta; oltre a non sapere che malattia ho contratto, il panico mi assale, registro un audio per le figlie per salutarle prima che arrivi il peggio\u2026<\/strong><\/p>\n<p>Dopo qualche giorno di ricovero, iniziano a darmi l\u2019ossigeno e cure che cominciano fortunatamente a fare effetto. A distanza di due settimane dal ricovero sto meglio. Vengo dimessa assieme a mio marito. Continuo le cure a casa e dopo 5\/6 mesi torno a lavorare. Rientrata al lavoro mi rendo conto che la situazione in reparto \u00e8 completamente stravolta a causa dell\u2019introduzione delle norme anti Covid-19. Muoiono tante persone, il Ministero della Salute proclama lo stato di pandemia per Covid-19 con norme igieniche da tenere sul posto di lavoro, tamponi nasali ogni 20 giorni, grazie ai quali mi provocano lesioni alle narici, uso di guanti, mascherine e distanziamento fino ad arrivare al lockdown. Il 1\u00b0 aprile viene emanata l\u2019entrata in vigore dell\u2019obbligo vaccinale per il personale sanitario e per gli inadempienti e imposta la pena della sospensione dal lavoro con perdita della retribuzione. Visto il mio stato di salute mi reco dal mio medico di famiglia per farmi prescrivere l\u2019esenzione da questo vaccino, ma egli si rifiuta.<\/p>\n<p>Mi reco da un altro medico di base che, spiegata la mia situazione, non esita a farmi l\u2019esenzione alla vaccinazione. Accidentalmente rimango bloccata con la schiena. Quando i giorni di malattia stanno per finire, mi tormenta il pensiero di rientrare al lavoro con tutto quello che leggo e sento che sta accadendo ai colleghi non vaccinati, cos\u00ec faccio scrivere al mio avvocato una lettera accompagnatoria prima del mio rientro al lavoro. Rientro al lavoro dopo due mesi, previa visita del medico aziendale, che ritiene valide le esenzioni ottenute per i tamponi nasali e per il vaccino anti Covid-19. Al lavoro, vengo presa in disparte dal collega medico il quale mi ricorda che l\u00ec non posso stare, perch\u00e9 non essendo vaccinata sono un pericolo per la salute dei pazienti e mi invita a prendere posto provvisoriamente in una delle stanze vuote del reparto finch\u00e9 decidono la mia collocazione lavorativa. In quella stanza isolata dal resto del reparto e dai colleghi ci rimango fino al 31 marzo 2022, data di scadenza del mio certificato di esenzione alla vaccinazione. Ricordo che sono persino stata accusata di essere una guerrafondaia come Putin per aver osato tutelare il mio rientro al lavoro con la lettera dell\u2019avvocato. A fine marzo, vengo informata che il certificato digitale non sar\u00e0 pi\u00f9 prorogato se non porto sufficiente documentazione davanti alla Commissione preposta dell\u2019ASL, che giustifichi la mia esenzione. \u00a0La prima esenzione digitale del mese di marzo la emette un medico dello Spisal, in quanto il mio medico di base si rifiuta nuovamente, perch\u00e9 non sicuro che io abbia diritto all\u2019esenzione e perch\u00e9 non vuole assumersi questa responsabilit\u00e0 per paura di finire in mezzo ai guai; in pratica mi risponde: arrangiati e non chiedermelo pi\u00f9 o chiamo i carabinieri. Al lavoro mi viene proibito di uscire da quella stanza anche per prendere una bottiglia d\u2019acqua o riscaldare il cibo, posso uscire solo per andare in bagno che fortunatamente sta ad un metro dalla mia postazione.<\/p>\n<p><strong>In quella stanza, sola e isolata da tutti, mi tengono tre mesi senza lavorare, a guardare i muri come una carcerata. Tre mesi sono lunghissimi da far passare guardando l\u2019orologio. <\/strong><\/p>\n<p>Un medico Spisal mi scrive che sta aspettando la documentazione utile alla valutazione dell\u2019idoneit\u00e0 all\u2019emissione del nuovo certificato di esenzione altrimenti non pu\u00f2 rinnovarlo e non posso entrare al lavoro. A tale scopo, lo specialista che mi segue rilascia una lettera dove mi prescrive degli accertamenti da fare e chiede il differimento previsto dalla Legge, ma il medico Spisal rifiuta la richiesta e aggiunge che, nella sua figura di medico vaccinatore, non ravvede controindicazioni alla vaccinazione e quindi non mi rilascia il certificato di esenzione. Dopo una settimana mi arriva a casa la lettera con la sospensione. Mi ritrovo sospesa dal lavoro e senza stipendio dopo tutti i sacrifici fatti per ottenere un posto di lavoro. Ho riflettuto molto sul mio vissuto e ho deciso di fare ricorso davanti al giudice del lavoro con la speranza di trovare finalmente giustizia.<\/p>\n<p><strong>Dopo tutto lo stress e i soprusi patiti per cercare di sopravvivere in questi due anni e mezzo, oggi mi ritrovo sconfortata e sfiduciata verso il sistema sanitario e i camici bianchi che incontro li osservo con diffidenza. Mi consolo pensando alla sola cosa positiva di tutta questa terrificante esperienza: il Covid-19 ha fatto emergere gli uomini di Scienza e Coscienza e li ha divisi da quelli dell\u2019incoscienza e negligenza\u2026 Questo mi fa sperare in un futuro pi\u00f9 sano, perch\u00e9 la vera Scienza non pu\u00f2 essere esecutrice di ordini.\u201d<\/strong><\/p>\n<p>Lettera firmata<\/p>\n<p>&nbsp;<\/p>\n<p><strong>\u00a0<\/strong><\/p>\n<p>&nbsp;<\/p>\n<p>&nbsp;<\/p>\n<p><strong>\u00a0<\/strong><\/p>\n<p>&nbsp;<\/p>\n<p>&nbsp;<\/p>\n<p>&nbsp;<\/p>\n<p>&nbsp;<\/p>\n<p>&nbsp;<\/p>\n<p>&nbsp;<\/p>","protected":false},"excerpt":{"rendered":"<p>Sono gli ordini non ufficiali (non pubblicati, non firmati o segreti) largamente noti ma dichiarati solo confidenzialmente, che provengono \u201cdall\u2019alto\u201d e attraverso una stretta catena arrivano a vassalli, valvassori, valvassini e servi della gleba. Sono la causa di situazioni spesso illogiche e incomprensibili, talora tragiche e alla base di delitti di cui non si trover\u00e0 [&hellip;]<\/p>\n","protected":false},"author":2,"featured_media":126945,"comment_status":"closed","ping_status":"open","sticky":false,"template":"","format":"standard","meta":{"footnotes":""},"categories":[3368,3446,26,17],"tags":[],"class_list":["post-136704","post","type-post","status-publish","format-standard","has-post-thumbnail","category-cahiers-de-doleances","category-featured","category-prima-pagina","category-sanita"],"yoast_head":"<!-- This site is optimized with the Yoast SEO plugin v28.4 - https:\/\/yoast.com\/product\/yoast-seo-wordpress\/ -->\n<title>Ordini superiori. La testimonianza - Bellunopress - Dolomiti<\/title>\n<meta name=\"robots\" content=\"index, follow, max-snippet:-1, max-image-preview:large, max-video-preview:-1\" \/>\n<link rel=\"canonical\" href=\"https:\/\/www.bellunopress.it\/fr\/2022\/09\/29\/ordini-superiori-la-testimonianza\/\" \/>\n<meta property=\"og:locale\" content=\"fr_FR\" \/>\n<meta property=\"og:type\" content=\"article\" \/>\n<meta property=\"og:title\" content=\"Ordini superiori. La testimonianza - Bellunopress - Dolomiti\" \/>\n<meta property=\"og:description\" content=\"Sono gli ordini non ufficiali (non pubblicati, non firmati o segreti) largamente noti ma dichiarati solo confidenzialmente, che provengono \u201cdall\u2019alto\u201d e attraverso una stretta catena arrivano a vassalli, valvassori, valvassini e servi della gleba. Sono la causa di situazioni spesso illogiche e incomprensibili, talora tragiche e alla base di delitti di cui non si trover\u00e0 [&hellip;]\" \/>\n<meta property=\"og:url\" content=\"https:\/\/www.bellunopress.it\/fr\/2022\/09\/29\/ordini-superiori-la-testimonianza\/\" \/>\n<meta property=\"og:site_name\" content=\"Bellunopress - Dolomiti\" \/>\n<meta property=\"article:publisher\" content=\"https:\/\/www.facebook.com\/profile.php?id=100008943462799\" \/>\n<meta property=\"article:published_time\" content=\"2022-09-29T19:43:53+00:00\" \/>\n<meta property=\"og:image\" content=\"https:\/\/www.bellunopress.it\/wp-content\/uploads\/2021\/08\/ambulanza_edited.jpg\" \/>\n\t<meta property=\"og:image:width\" content=\"800\" \/>\n\t<meta property=\"og:image:height\" content=\"555\" \/>\n\t<meta property=\"og:image:type\" content=\"image\/jpeg\" \/>\n<meta name=\"author\" content=\"redazione\" \/>\n<meta name=\"twitter:card\" content=\"summary_large_image\" \/>\n<meta name=\"twitter:creator\" content=\"@bellunopress\" \/>\n<meta name=\"twitter:site\" content=\"@bellunopress\" \/>\n<meta name=\"twitter:label1\" content=\"Written by\" \/>\n\t<meta name=\"twitter:data1\" content=\"redazione\" \/>\n\t<meta name=\"twitter:label2\" content=\"Est. reading time\" \/>\n\t<meta name=\"twitter:data2\" content=\"8 minutes\" \/>\n<script type=\"application\/ld+json\" class=\"yoast-schema-graph\">{\"@context\":\"https:\\\/\\\/schema.org\",\"@graph\":[{\"@type\":\"Article\",\"@id\":\"https:\\\/\\\/www.bellunopress.it\\\/2022\\\/09\\\/29\\\/ordini-superiori-la-testimonianza\\\/#article\",\"isPartOf\":{\"@id\":\"https:\\\/\\\/www.bellunopress.it\\\/2022\\\/09\\\/29\\\/ordini-superiori-la-testimonianza\\\/\"},\"author\":{\"name\":\"redazione\",\"@id\":\"https:\\\/\\\/www.bellunopress.it\\\/#\\\/schema\\\/person\\\/79bb06722b37ece1c03d3e94beb30d73\"},\"headline\":\"Ordini superiori. La testimonianza\",\"datePublished\":\"2022-09-29T19:43:53+00:00\",\"mainEntityOfPage\":{\"@id\":\"https:\\\/\\\/www.bellunopress.it\\\/2022\\\/09\\\/29\\\/ordini-superiori-la-testimonianza\\\/\"},\"wordCount\":1439,\"publisher\":{\"@id\":\"https:\\\/\\\/www.bellunopress.it\\\/#organization\"},\"image\":{\"@id\":\"https:\\\/\\\/www.bellunopress.it\\\/2022\\\/09\\\/29\\\/ordini-superiori-la-testimonianza\\\/#primaryimage\"},\"thumbnailUrl\":\"https:\\\/\\\/www.bellunopress.it\\\/wp-content\\\/uploads\\\/2021\\\/08\\\/ambulanza_edited.jpg\",\"articleSection\":[\"Cahiers de dol\u00e9ances\",\"Featured\",\"Prima Pagina\",\"Sanit\u00e0 Medicina\"],\"inLanguage\":\"fr-FR\"},{\"@type\":\"WebPage\",\"@id\":\"https:\\\/\\\/www.bellunopress.it\\\/2022\\\/09\\\/29\\\/ordini-superiori-la-testimonianza\\\/\",\"url\":\"https:\\\/\\\/www.bellunopress.it\\\/2022\\\/09\\\/29\\\/ordini-superiori-la-testimonianza\\\/\",\"name\":\"Ordini superiori. La testimonianza - Bellunopress - Dolomiti\",\"isPartOf\":{\"@id\":\"https:\\\/\\\/www.bellunopress.it\\\/#website\"},\"primaryImageOfPage\":{\"@id\":\"https:\\\/\\\/www.bellunopress.it\\\/2022\\\/09\\\/29\\\/ordini-superiori-la-testimonianza\\\/#primaryimage\"},\"image\":{\"@id\":\"https:\\\/\\\/www.bellunopress.it\\\/2022\\\/09\\\/29\\\/ordini-superiori-la-testimonianza\\\/#primaryimage\"},\"thumbnailUrl\":\"https:\\\/\\\/www.bellunopress.it\\\/wp-content\\\/uploads\\\/2021\\\/08\\\/ambulanza_edited.jpg\",\"datePublished\":\"2022-09-29T19:43:53+00:00\",\"breadcrumb\":{\"@id\":\"https:\\\/\\\/www.bellunopress.it\\\/2022\\\/09\\\/29\\\/ordini-superiori-la-testimonianza\\\/#breadcrumb\"},\"inLanguage\":\"fr-FR\",\"potentialAction\":[{\"@type\":\"ReadAction\",\"target\":[\"https:\\\/\\\/www.bellunopress.it\\\/2022\\\/09\\\/29\\\/ordini-superiori-la-testimonianza\\\/\"]}]},{\"@type\":\"ImageObject\",\"inLanguage\":\"fr-FR\",\"@id\":\"https:\\\/\\\/www.bellunopress.it\\\/2022\\\/09\\\/29\\\/ordini-superiori-la-testimonianza\\\/#primaryimage\",\"url\":\"https:\\\/\\\/www.bellunopress.it\\\/wp-content\\\/uploads\\\/2021\\\/08\\\/ambulanza_edited.jpg\",\"contentUrl\":\"https:\\\/\\\/www.bellunopress.it\\\/wp-content\\\/uploads\\\/2021\\\/08\\\/ambulanza_edited.jpg\",\"width\":800,\"height\":555},{\"@type\":\"BreadcrumbList\",\"@id\":\"https:\\\/\\\/www.bellunopress.it\\\/2022\\\/09\\\/29\\\/ordini-superiori-la-testimonianza\\\/#breadcrumb\",\"itemListElement\":[{\"@type\":\"ListItem\",\"position\":1,\"name\":\"Home\",\"item\":\"https:\\\/\\\/www.bellunopress.it\\\/\"},{\"@type\":\"ListItem\",\"position\":2,\"name\":\"Ordini superiori. La testimonianza\"}]},{\"@type\":\"WebSite\",\"@id\":\"https:\\\/\\\/www.bellunopress.it\\\/#website\",\"url\":\"https:\\\/\\\/www.bellunopress.it\\\/\",\"name\":\"Bellunopress - Dolomiti\",\"description\":\"e-mail: redazione@bellunopress.it\",\"publisher\":{\"@id\":\"https:\\\/\\\/www.bellunopress.it\\\/#organization\"},\"potentialAction\":[{\"@type\":\"SearchAction\",\"target\":{\"@type\":\"EntryPoint\",\"urlTemplate\":\"https:\\\/\\\/www.bellunopress.it\\\/?s={search_term_string}\"},\"query-input\":{\"@type\":\"PropertyValueSpecification\",\"valueRequired\":true,\"valueName\":\"search_term_string\"}}],\"inLanguage\":\"fr-FR\"},{\"@type\":\"Organization\",\"@id\":\"https:\\\/\\\/www.bellunopress.it\\\/#organization\",\"name\":\"Bellunopress\",\"url\":\"https:\\\/\\\/www.bellunopress.it\\\/\",\"logo\":{\"@type\":\"ImageObject\",\"inLanguage\":\"fr-FR\",\"@id\":\"https:\\\/\\\/www.bellunopress.it\\\/#\\\/schema\\\/logo\\\/image\\\/\",\"url\":\"https:\\\/\\\/www.bellunopress.it\\\/wp-content\\\/uploads\\\/2011\\\/05\\\/cropped-logo-bellunopress-.jpg\",\"contentUrl\":\"https:\\\/\\\/www.bellunopress.it\\\/wp-content\\\/uploads\\\/2011\\\/05\\\/cropped-logo-bellunopress-.jpg\",\"width\":512,\"height\":512,\"caption\":\"Bellunopress\"},\"image\":{\"@id\":\"https:\\\/\\\/www.bellunopress.it\\\/#\\\/schema\\\/logo\\\/image\\\/\"},\"sameAs\":[\"https:\\\/\\\/www.facebook.com\\\/profile.php?id=100008943462799\",\"https:\\\/\\\/x.com\\\/bellunopress\",\"https:\\\/\\\/www.linkedin.com\\\/hp\\\/?dnr=JBzUWaJfMUw8vbXJJ2tVW5-I3jZKvC4wsoxE&amp;amp;amp;amp;amp;amp;trk=nav_responsive_tab_home\",\"https:\\\/\\\/www.youtube.com\\\/channel\\\/UCxL0wu1uN0_3_7hGG0306cw\"]},{\"@type\":\"Person\",\"@id\":\"https:\\\/\\\/www.bellunopress.it\\\/#\\\/schema\\\/person\\\/79bb06722b37ece1c03d3e94beb30d73\",\"name\":\"redazione\",\"image\":{\"@type\":\"ImageObject\",\"inLanguage\":\"fr-FR\",\"@id\":\"https:\\\/\\\/secure.gravatar.com\\\/avatar\\\/37d968a2e67a6fd04c169c4bdef102d0bc5d31b2546345219e348575eb80e9a0?s=96&d=mm&r=g\",\"url\":\"https:\\\/\\\/secure.gravatar.com\\\/avatar\\\/37d968a2e67a6fd04c169c4bdef102d0bc5d31b2546345219e348575eb80e9a0?s=96&d=mm&r=g\",\"contentUrl\":\"https:\\\/\\\/secure.gravatar.com\\\/avatar\\\/37d968a2e67a6fd04c169c4bdef102d0bc5d31b2546345219e348575eb80e9a0?s=96&d=mm&r=g\",\"caption\":\"redazione\"},\"sameAs\":[\"http:\\\/\\\/www.bellunopress.it\",\"https:\\\/\\\/x.com\\\/bellunopress\"],\"url\":\"https:\\\/\\\/www.bellunopress.it\\\/fr\\\/author\\\/redazione\\\/\"}]}<\/script>\n<!-- \/ Yoast SEO plugin. -->","yoast_head_json":{"title":"Ordini superiori. La testimonianza - Bellunopress - Dolomiti","robots":{"index":"index","follow":"follow","max-snippet":"max-snippet:-1","max-image-preview":"max-image-preview:large","max-video-preview":"max-video-preview:-1"},"canonical":"https:\/\/www.bellunopress.it\/fr\/2022\/09\/29\/ordini-superiori-la-testimonianza\/","og_locale":"fr_FR","og_type":"article","og_title":"Ordini superiori. La testimonianza - Bellunopress - Dolomiti","og_description":"Sono gli ordini non ufficiali (non pubblicati, non firmati o segreti) largamente noti ma dichiarati solo confidenzialmente, che provengono \u201cdall\u2019alto\u201d e attraverso una stretta catena arrivano a vassalli, valvassori, valvassini e servi della gleba. Sono la causa di situazioni spesso illogiche e incomprensibili, talora tragiche e alla base di delitti di cui non si trover\u00e0 [&hellip;]","og_url":"https:\/\/www.bellunopress.it\/fr\/2022\/09\/29\/ordini-superiori-la-testimonianza\/","og_site_name":"Bellunopress - Dolomiti","article_publisher":"https:\/\/www.facebook.com\/profile.php?id=100008943462799","article_published_time":"2022-09-29T19:43:53+00:00","og_image":[{"width":800,"height":555,"url":"https:\/\/www.bellunopress.it\/wp-content\/uploads\/2021\/08\/ambulanza_edited.jpg","type":"image\/jpeg"}],"author":"redazione","twitter_card":"summary_large_image","twitter_creator":"@bellunopress","twitter_site":"@bellunopress","twitter_misc":{"Written by":"redazione","Est. reading time":"8 minutes"},"schema":{"@context":"https:\/\/schema.org","@graph":[{"@type":"Article","@id":"https:\/\/www.bellunopress.it\/2022\/09\/29\/ordini-superiori-la-testimonianza\/#article","isPartOf":{"@id":"https:\/\/www.bellunopress.it\/2022\/09\/29\/ordini-superiori-la-testimonianza\/"},"author":{"name":"redazione","@id":"https:\/\/www.bellunopress.it\/#\/schema\/person\/79bb06722b37ece1c03d3e94beb30d73"},"headline":"Ordini superiori. La testimonianza","datePublished":"2022-09-29T19:43:53+00:00","mainEntityOfPage":{"@id":"https:\/\/www.bellunopress.it\/2022\/09\/29\/ordini-superiori-la-testimonianza\/"},"wordCount":1439,"publisher":{"@id":"https:\/\/www.bellunopress.it\/#organization"},"image":{"@id":"https:\/\/www.bellunopress.it\/2022\/09\/29\/ordini-superiori-la-testimonianza\/#primaryimage"},"thumbnailUrl":"https:\/\/www.bellunopress.it\/wp-content\/uploads\/2021\/08\/ambulanza_edited.jpg","articleSection":["Cahiers de dol\u00e9ances","Featured","Prima Pagina","Sanit\u00e0 Medicina"],"inLanguage":"fr-FR"},{"@type":"WebPage","@id":"https:\/\/www.bellunopress.it\/2022\/09\/29\/ordini-superiori-la-testimonianza\/","url":"https:\/\/www.bellunopress.it\/2022\/09\/29\/ordini-superiori-la-testimonianza\/","name":"Ordini superiori. La testimonianza - Bellunopress - Dolomiti","isPartOf":{"@id":"https:\/\/www.bellunopress.it\/#website"},"primaryImageOfPage":{"@id":"https:\/\/www.bellunopress.it\/2022\/09\/29\/ordini-superiori-la-testimonianza\/#primaryimage"},"image":{"@id":"https:\/\/www.bellunopress.it\/2022\/09\/29\/ordini-superiori-la-testimonianza\/#primaryimage"},"thumbnailUrl":"https:\/\/www.bellunopress.it\/wp-content\/uploads\/2021\/08\/ambulanza_edited.jpg","datePublished":"2022-09-29T19:43:53+00:00","breadcrumb":{"@id":"https:\/\/www.bellunopress.it\/2022\/09\/29\/ordini-superiori-la-testimonianza\/#breadcrumb"},"inLanguage":"fr-FR","potentialAction":[{"@type":"ReadAction","target":["https:\/\/www.bellunopress.it\/2022\/09\/29\/ordini-superiori-la-testimonianza\/"]}]},{"@type":"ImageObject","inLanguage":"fr-FR","@id":"https:\/\/www.bellunopress.it\/2022\/09\/29\/ordini-superiori-la-testimonianza\/#primaryimage","url":"https:\/\/www.bellunopress.it\/wp-content\/uploads\/2021\/08\/ambulanza_edited.jpg","contentUrl":"https:\/\/www.bellunopress.it\/wp-content\/uploads\/2021\/08\/ambulanza_edited.jpg","width":800,"height":555},{"@type":"BreadcrumbList","@id":"https:\/\/www.bellunopress.it\/2022\/09\/29\/ordini-superiori-la-testimonianza\/#breadcrumb","itemListElement":[{"@type":"ListItem","position":1,"name":"Home","item":"https:\/\/www.bellunopress.it\/"},{"@type":"ListItem","position":2,"name":"Ordini superiori. La testimonianza"}]},{"@type":"WebSite","@id":"https:\/\/www.bellunopress.it\/#website","url":"https:\/\/www.bellunopress.it\/","name":"Bellunopress - Dolomiti","description":"e-mail: redazione@bellunopress.it","publisher":{"@id":"https:\/\/www.bellunopress.it\/#organization"},"potentialAction":[{"@type":"SearchAction","target":{"@type":"EntryPoint","urlTemplate":"https:\/\/www.bellunopress.it\/?s={search_term_string}"},"query-input":{"@type":"PropertyValueSpecification","valueRequired":true,"valueName":"search_term_string"}}],"inLanguage":"fr-FR"},{"@type":"Organization","@id":"https:\/\/www.bellunopress.it\/#organization","name":"Bellunopress","url":"https:\/\/www.bellunopress.it\/","logo":{"@type":"ImageObject","inLanguage":"fr-FR","@id":"https:\/\/www.bellunopress.it\/#\/schema\/logo\/image\/","url":"https:\/\/www.bellunopress.it\/wp-content\/uploads\/2011\/05\/cropped-logo-bellunopress-.jpg","contentUrl":"https:\/\/www.bellunopress.it\/wp-content\/uploads\/2011\/05\/cropped-logo-bellunopress-.jpg","width":512,"height":512,"caption":"Bellunopress"},"image":{"@id":"https:\/\/www.bellunopress.it\/#\/schema\/logo\/image\/"},"sameAs":["https:\/\/www.facebook.com\/profile.php?id=100008943462799","https:\/\/x.com\/bellunopress","https:\/\/www.linkedin.com\/hp\/?dnr=JBzUWaJfMUw8vbXJJ2tVW5-I3jZKvC4wsoxE&amp;amp;amp;amp;amp;amp;trk=nav_responsive_tab_home","https:\/\/www.youtube.com\/channel\/UCxL0wu1uN0_3_7hGG0306cw"]},{"@type":"Person","@id":"https:\/\/www.bellunopress.it\/#\/schema\/person\/79bb06722b37ece1c03d3e94beb30d73","name":"r\u00e9daction","image":{"@type":"ImageObject","inLanguage":"fr-FR","@id":"https:\/\/secure.gravatar.com\/avatar\/37d968a2e67a6fd04c169c4bdef102d0bc5d31b2546345219e348575eb80e9a0?s=96&d=mm&r=g","url":"https:\/\/secure.gravatar.com\/avatar\/37d968a2e67a6fd04c169c4bdef102d0bc5d31b2546345219e348575eb80e9a0?s=96&d=mm&r=g","contentUrl":"https:\/\/secure.gravatar.com\/avatar\/37d968a2e67a6fd04c169c4bdef102d0bc5d31b2546345219e348575eb80e9a0?s=96&d=mm&r=g","caption":"redazione"},"sameAs":["http:\/\/www.bellunopress.it","https:\/\/x.com\/bellunopress"],"url":"https:\/\/www.bellunopress.it\/fr\/author\/redazione\/"}]}},"_links":{"self":[{"href":"https:\/\/www.bellunopress.it\/fr\/wp-json\/wp\/v2\/posts\/136704","targetHints":{"allow":["GET"]}}],"collection":[{"href":"https:\/\/www.bellunopress.it\/fr\/wp-json\/wp\/v2\/posts"}],"about":[{"href":"https:\/\/www.bellunopress.it\/fr\/wp-json\/wp\/v2\/types\/post"}],"author":[{"embeddable":true,"href":"https:\/\/www.bellunopress.it\/fr\/wp-json\/wp\/v2\/users\/2"}],"replies":[{"embeddable":true,"href":"https:\/\/www.bellunopress.it\/fr\/wp-json\/wp\/v2\/comments?post=136704"}],"version-history":[{"count":1,"href":"https:\/\/www.bellunopress.it\/fr\/wp-json\/wp\/v2\/posts\/136704\/revisions"}],"predecessor-version":[{"id":136705,"href":"https:\/\/www.bellunopress.it\/fr\/wp-json\/wp\/v2\/posts\/136704\/revisions\/136705"}],"wp:featuredmedia":[{"embeddable":true,"href":"https:\/\/www.bellunopress.it\/fr\/wp-json\/wp\/v2\/media\/126945"}],"wp:attachment":[{"href":"https:\/\/www.bellunopress.it\/fr\/wp-json\/wp\/v2\/media?parent=136704"}],"wp:term":[{"taxonomy":"category","embeddable":true,"href":"https:\/\/www.bellunopress.it\/fr\/wp-json\/wp\/v2\/categories?post=136704"},{"taxonomy":"post_tag","embeddable":true,"href":"https:\/\/www.bellunopress.it\/fr\/wp-json\/wp\/v2\/tags?post=136704"}],"curies":[{"name":"wp","href":"https:\/\/api.w.org\/{rel}","templated":true}]}}