{"id":136702,"date":"2022-09-29T18:32:04","date_gmt":"2022-09-29T16:32:04","guid":{"rendered":"https:\/\/www.bellunopress.it\/?p=136702"},"modified":"2022-09-29T18:32:04","modified_gmt":"2022-09-29T16:32:04","slug":"approvata-la-nota-di-aggiornamento-al-def","status":"publish","type":"post","link":"https:\/\/www.bellunopress.it\/fr\/2022\/09\/29\/approvata-la-nota-di-aggiornamento-al-def\/","title":{"rendered":"Approvata la nota di aggiornamento al Def"},"content":{"rendered":"<p><em>De Col, Presidente CNA Veneto: \u00abLa tendenza al rialzo del Pil espressa dalla Nadef \u00e8 una &#8216;crescita di stallo&#8217;: non \u00e8 ancora possibile valutare l&#8217;impatto della crisi che stiamo affrontando se non attendendo le evoluzioni dei prossimi mesi. Necessari interventi di urgenza sull&#8217;energia, uniti a piani di sostegno a lungo respiro per il prossimo anno\u00bb<\/em><\/p>\n<figure id=\"attachment_128063\" aria-describedby=\"caption-attachment-128063\" style=\"width: 685px\" class=\"wp-caption alignleft\"><img loading=\"lazy\" decoding=\"async\" class=\"size-full wp-image-128063\" src=\"https:\/\/www.bellunopress.it\/wp-content\/uploads\/2021\/09\/Moreno-De-Col-Presidente-CNA-Veneto-25_09_021_edited.jpg\" alt=\"\" width=\"685\" height=\"800\" srcset=\"https:\/\/www.bellunopress.it\/wp-content\/uploads\/2021\/09\/Moreno-De-Col-Presidente-CNA-Veneto-25_09_021_edited.jpg 685w, https:\/\/www.bellunopress.it\/wp-content\/uploads\/2021\/09\/Moreno-De-Col-Presidente-CNA-Veneto-25_09_021_edited-428x500.jpg 428w, https:\/\/www.bellunopress.it\/wp-content\/uploads\/2021\/09\/Moreno-De-Col-Presidente-CNA-Veneto-25_09_021_edited-360x420.jpg 360w\" sizes=\"auto, (max-width: 685px) 100vw, 685px\" \/><figcaption id=\"caption-attachment-128063\" class=\"wp-caption-text\">Moreno De Col presidente CNA Veneto<\/figcaption><\/figure>\n<p>Marghera, 29 Settembre 2022. Approvata ieri dal Governo la Nota di Aggiornamento del Documento di Economia e Finanza. Il Pil rallenta e nel prossimo anno crescer\u00e0 solo dello 0,6%. In particolare \u00abla crescita stimata del Pil nel 2022 \u00e8 del +3,3%, con una revisione al rialzo rispetto alle previsioni del Def di aprile (+3,1%). Nel 2023, invece, rallenter\u00e0 al +0,6%, per poi risalire (in questo caso le stime confermano le previsioni del Def) a +1,8% nel 2024 e +1,5% nel 2025. La previsione di aumento del Pil per quest&#8217;anno viene rivista al rialzo\u00bb, si legge nel documento, \u00abgrazie alla crescita superiore al previsto registrata nel primo semestre e pur scontando una lieve flessione del Pil nella seconda met\u00e0 dell&#8217;anno\u00bb.<\/p>\n<p>&nbsp;<\/p>\n<p>\u00abLa ripresa avviata lo scorso anno dopo la pandemia \u00e8 stata frenata dalla guerra in Ucraina, dalla carenza delle materie prime, dai rincari dei costi energetici \u2013 commenta Moreno De Col, Presidente di CNA Veneto \u2013. La Nadef presentata per la seconda parte dell&#8217;anno in corso evidenza una tendenza al rialzo del Pil che dovrebbe proseguire, seppure con percentuali minime all&#8217;inizio per poi consolidarsi, anche per il 2023. Ma si tratta di una &#8216;crescita di stallo&#8217;. Purtroppo nonostante gli sforzi del tessuto economico ci sono troppe variabili che non consentono ancora di valutare l&#8217;effettivo impatto della crisi in atto nella quale concorrono pi\u00f9 variabili, e sar\u00e0 necessario attendere l&#8217;evoluzione dei prossimi mesi. Ci\u00f2 che sembra certo al momento \u2013 conclude De Col \u2013 \u00e8 che il vulnus \u00e8 rappresentato dai costi dell&#8217;energia che si stanno ripercuotendo gravemente sul tessuto economico e sulle famiglie. Necessari quindi interventi di emergenza per il prossimo autunno inverno uniti a piani di sostegno a lungo respiro per il prossimo anno.\u00bb<\/p>\n<p>&nbsp;<\/p>","protected":false},"excerpt":{"rendered":"<p>De Col, Presidente CNA Veneto: \u00abLa tendenza al rialzo del Pil espressa dalla Nadef \u00e8 una &#8216;crescita di stallo&#8217;: non \u00e8 ancora possibile valutare l&#8217;impatto della crisi che stiamo affrontando se non attendendo le evoluzioni dei prossimi mesi. Necessari interventi di urgenza sull&#8217;energia, uniti a piani di sostegno a lungo respiro per il prossimo anno\u00bb [&hellip;]<\/p>\n","protected":false},"author":2,"featured_media":128063,"comment_status":"closed","ping_status":"open","sticky":false,"template":"","format":"standard","meta":{"footnotes":""},"categories":[36],"tags":[],"class_list":["post-136702","post","type-post","status-publish","format-standard","has-post-thumbnail","category-lavoro-economia"],"yoast_head":"<!-- This site is optimized with the Yoast SEO plugin v28.4 - https:\/\/yoast.com\/product\/yoast-seo-wordpress\/ -->\n<title>Approvata la nota di aggiornamento al Def - Bellunopress - Dolomiti<\/title>\n<meta name=\"robots\" content=\"index, follow, max-snippet:-1, max-image-preview:large, max-video-preview:-1\" \/>\n<link rel=\"canonical\" href=\"https:\/\/www.bellunopress.it\/fr\/2022\/09\/29\/approvata-la-nota-di-aggiornamento-al-def\/\" \/>\n<meta property=\"og:locale\" content=\"fr_FR\" \/>\n<meta property=\"og:type\" content=\"article\" \/>\n<meta property=\"og:title\" content=\"Approvata la nota di aggiornamento al Def - Bellunopress - Dolomiti\" \/>\n<meta property=\"og:description\" content=\"De Col, Presidente CNA Veneto: \u00abLa tendenza al rialzo del Pil espressa dalla Nadef \u00e8 una &#8216;crescita di stallo&#8217;: non \u00e8 ancora possibile valutare l&#8217;impatto della crisi che stiamo affrontando se non attendendo le evoluzioni dei prossimi mesi. Necessari interventi di urgenza sull&#8217;energia, uniti a piani di sostegno a lungo respiro per il prossimo anno\u00bb [&hellip;]\" \/>\n<meta property=\"og:url\" content=\"https:\/\/www.bellunopress.it\/fr\/2022\/09\/29\/approvata-la-nota-di-aggiornamento-al-def\/\" \/>\n<meta property=\"og:site_name\" content=\"Bellunopress - Dolomiti\" \/>\n<meta property=\"article:publisher\" content=\"https:\/\/www.facebook.com\/profile.php?id=100008943462799\" \/>\n<meta property=\"article:published_time\" content=\"2022-09-29T16:32:04+00:00\" \/>\n<meta property=\"og:image\" content=\"https:\/\/www.bellunopress.it\/wp-content\/uploads\/2021\/09\/Moreno-De-Col-Presidente-CNA-Veneto-25_09_021_edited.jpg\" \/>\n\t<meta property=\"og:image:width\" content=\"685\" \/>\n\t<meta property=\"og:image:height\" content=\"800\" \/>\n\t<meta property=\"og:image:type\" content=\"image\/jpeg\" \/>\n<meta name=\"author\" content=\"redazione\" \/>\n<meta name=\"twitter:card\" content=\"summary_large_image\" \/>\n<meta name=\"twitter:creator\" content=\"@bellunopress\" \/>\n<meta name=\"twitter:site\" content=\"@bellunopress\" \/>\n<meta name=\"twitter:label1\" content=\"Written by\" \/>\n\t<meta name=\"twitter:data1\" content=\"redazione\" \/>\n\t<meta name=\"twitter:label2\" content=\"Est. reading time\" \/>\n\t<meta name=\"twitter:data2\" content=\"3 minutes\" \/>\n<script type=\"application\/ld+json\" class=\"yoast-schema-graph\">{\"@context\":\"https:\\\/\\\/schema.org\",\"@graph\":[{\"@type\":\"Article\",\"@id\":\"https:\\\/\\\/www.bellunopress.it\\\/2022\\\/09\\\/29\\\/approvata-la-nota-di-aggiornamento-al-def\\\/#article\",\"isPartOf\":{\"@id\":\"https:\\\/\\\/www.bellunopress.it\\\/2022\\\/09\\\/29\\\/approvata-la-nota-di-aggiornamento-al-def\\\/\"},\"author\":{\"name\":\"redazione\",\"@id\":\"https:\\\/\\\/www.bellunopress.it\\\/#\\\/schema\\\/person\\\/79bb06722b37ece1c03d3e94beb30d73\"},\"headline\":\"Approvata la nota di aggiornamento al Def\",\"datePublished\":\"2022-09-29T16:32:04+00:00\",\"mainEntityOfPage\":{\"@id\":\"https:\\\/\\\/www.bellunopress.it\\\/2022\\\/09\\\/29\\\/approvata-la-nota-di-aggiornamento-al-def\\\/\"},\"wordCount\":347,\"publisher\":{\"@id\":\"https:\\\/\\\/www.bellunopress.it\\\/#organization\"},\"image\":{\"@id\":\"https:\\\/\\\/www.bellunopress.it\\\/2022\\\/09\\\/29\\\/approvata-la-nota-di-aggiornamento-al-def\\\/#primaryimage\"},\"thumbnailUrl\":\"https:\\\/\\\/www.bellunopress.it\\\/wp-content\\\/uploads\\\/2021\\\/09\\\/Moreno-De-Col-Presidente-CNA-Veneto-25_09_021_edited.jpg\",\"articleSection\":[\"Lavoro, Economia, Turismo\"],\"inLanguage\":\"fr-FR\"},{\"@type\":\"WebPage\",\"@id\":\"https:\\\/\\\/www.bellunopress.it\\\/2022\\\/09\\\/29\\\/approvata-la-nota-di-aggiornamento-al-def\\\/\",\"url\":\"https:\\\/\\\/www.bellunopress.it\\\/2022\\\/09\\\/29\\\/approvata-la-nota-di-aggiornamento-al-def\\\/\",\"name\":\"Approvata la nota di aggiornamento al Def - Bellunopress - Dolomiti\",\"isPartOf\":{\"@id\":\"https:\\\/\\\/www.bellunopress.it\\\/#website\"},\"primaryImageOfPage\":{\"@id\":\"https:\\\/\\\/www.bellunopress.it\\\/2022\\\/09\\\/29\\\/approvata-la-nota-di-aggiornamento-al-def\\\/#primaryimage\"},\"image\":{\"@id\":\"https:\\\/\\\/www.bellunopress.it\\\/2022\\\/09\\\/29\\\/approvata-la-nota-di-aggiornamento-al-def\\\/#primaryimage\"},\"thumbnailUrl\":\"https:\\\/\\\/www.bellunopress.it\\\/wp-content\\\/uploads\\\/2021\\\/09\\\/Moreno-De-Col-Presidente-CNA-Veneto-25_09_021_edited.jpg\",\"datePublished\":\"2022-09-29T16:32:04+00:00\",\"breadcrumb\":{\"@id\":\"https:\\\/\\\/www.bellunopress.it\\\/2022\\\/09\\\/29\\\/approvata-la-nota-di-aggiornamento-al-def\\\/#breadcrumb\"},\"inLanguage\":\"fr-FR\",\"potentialAction\":[{\"@type\":\"ReadAction\",\"target\":[\"https:\\\/\\\/www.bellunopress.it\\\/2022\\\/09\\\/29\\\/approvata-la-nota-di-aggiornamento-al-def\\\/\"]}]},{\"@type\":\"ImageObject\",\"inLanguage\":\"fr-FR\",\"@id\":\"https:\\\/\\\/www.bellunopress.it\\\/2022\\\/09\\\/29\\\/approvata-la-nota-di-aggiornamento-al-def\\\/#primaryimage\",\"url\":\"https:\\\/\\\/www.bellunopress.it\\\/wp-content\\\/uploads\\\/2021\\\/09\\\/Moreno-De-Col-Presidente-CNA-Veneto-25_09_021_edited.jpg\",\"contentUrl\":\"https:\\\/\\\/www.bellunopress.it\\\/wp-content\\\/uploads\\\/2021\\\/09\\\/Moreno-De-Col-Presidente-CNA-Veneto-25_09_021_edited.jpg\",\"width\":685,\"height\":800,\"caption\":\"Moreno De Col presidente CNA Veneto\"},{\"@type\":\"BreadcrumbList\",\"@id\":\"https:\\\/\\\/www.bellunopress.it\\\/2022\\\/09\\\/29\\\/approvata-la-nota-di-aggiornamento-al-def\\\/#breadcrumb\",\"itemListElement\":[{\"@type\":\"ListItem\",\"position\":1,\"name\":\"Home\",\"item\":\"https:\\\/\\\/www.bellunopress.it\\\/\"},{\"@type\":\"ListItem\",\"position\":2,\"name\":\"Approvata la nota di aggiornamento al Def\"}]},{\"@type\":\"WebSite\",\"@id\":\"https:\\\/\\\/www.bellunopress.it\\\/#website\",\"url\":\"https:\\\/\\\/www.bellunopress.it\\\/\",\"name\":\"Bellunopress - Dolomiti\",\"description\":\"e-mail: redazione@bellunopress.it\",\"publisher\":{\"@id\":\"https:\\\/\\\/www.bellunopress.it\\\/#organization\"},\"potentialAction\":[{\"@type\":\"SearchAction\",\"target\":{\"@type\":\"EntryPoint\",\"urlTemplate\":\"https:\\\/\\\/www.bellunopress.it\\\/?s={search_term_string}\"},\"query-input\":{\"@type\":\"PropertyValueSpecification\",\"valueRequired\":true,\"valueName\":\"search_term_string\"}}],\"inLanguage\":\"fr-FR\"},{\"@type\":\"Organization\",\"@id\":\"https:\\\/\\\/www.bellunopress.it\\\/#organization\",\"name\":\"Bellunopress\",\"url\":\"https:\\\/\\\/www.bellunopress.it\\\/\",\"logo\":{\"@type\":\"ImageObject\",\"inLanguage\":\"fr-FR\",\"@id\":\"https:\\\/\\\/www.bellunopress.it\\\/#\\\/schema\\\/logo\\\/image\\\/\",\"url\":\"https:\\\/\\\/www.bellunopress.it\\\/wp-content\\\/uploads\\\/2011\\\/05\\\/cropped-logo-bellunopress-.jpg\",\"contentUrl\":\"https:\\\/\\\/www.bellunopress.it\\\/wp-content\\\/uploads\\\/2011\\\/05\\\/cropped-logo-bellunopress-.jpg\",\"width\":512,\"height\":512,\"caption\":\"Bellunopress\"},\"image\":{\"@id\":\"https:\\\/\\\/www.bellunopress.it\\\/#\\\/schema\\\/logo\\\/image\\\/\"},\"sameAs\":[\"https:\\\/\\\/www.facebook.com\\\/profile.php?id=100008943462799\",\"https:\\\/\\\/x.com\\\/bellunopress\",\"https:\\\/\\\/www.linkedin.com\\\/hp\\\/?dnr=JBzUWaJfMUw8vbXJJ2tVW5-I3jZKvC4wsoxE&amp;amp;amp;amp;amp;amp;trk=nav_responsive_tab_home\",\"https:\\\/\\\/www.youtube.com\\\/channel\\\/UCxL0wu1uN0_3_7hGG0306cw\"]},{\"@type\":\"Person\",\"@id\":\"https:\\\/\\\/www.bellunopress.it\\\/#\\\/schema\\\/person\\\/79bb06722b37ece1c03d3e94beb30d73\",\"name\":\"redazione\",\"image\":{\"@type\":\"ImageObject\",\"inLanguage\":\"fr-FR\",\"@id\":\"https:\\\/\\\/secure.gravatar.com\\\/avatar\\\/37d968a2e67a6fd04c169c4bdef102d0bc5d31b2546345219e348575eb80e9a0?s=96&d=mm&r=g\",\"url\":\"https:\\\/\\\/secure.gravatar.com\\\/avatar\\\/37d968a2e67a6fd04c169c4bdef102d0bc5d31b2546345219e348575eb80e9a0?s=96&d=mm&r=g\",\"contentUrl\":\"https:\\\/\\\/secure.gravatar.com\\\/avatar\\\/37d968a2e67a6fd04c169c4bdef102d0bc5d31b2546345219e348575eb80e9a0?s=96&d=mm&r=g\",\"caption\":\"redazione\"},\"sameAs\":[\"http:\\\/\\\/www.bellunopress.it\",\"https:\\\/\\\/x.com\\\/bellunopress\"],\"url\":\"https:\\\/\\\/www.bellunopress.it\\\/fr\\\/author\\\/redazione\\\/\"}]}<\/script>\n<!-- \/ Yoast SEO plugin. -->","yoast_head_json":{"title":"Approvata la nota di aggiornamento al Def - Bellunopress - Dolomiti","robots":{"index":"index","follow":"follow","max-snippet":"max-snippet:-1","max-image-preview":"max-image-preview:large","max-video-preview":"max-video-preview:-1"},"canonical":"https:\/\/www.bellunopress.it\/fr\/2022\/09\/29\/approvata-la-nota-di-aggiornamento-al-def\/","og_locale":"fr_FR","og_type":"article","og_title":"Approvata la nota di aggiornamento al Def - Bellunopress - Dolomiti","og_description":"De Col, Presidente CNA Veneto: \u00abLa tendenza al rialzo del Pil espressa dalla Nadef \u00e8 una &#8216;crescita di stallo&#8217;: non \u00e8 ancora possibile valutare l&#8217;impatto della crisi che stiamo affrontando se non attendendo le evoluzioni dei prossimi mesi. Necessari interventi di urgenza sull&#8217;energia, uniti a piani di sostegno a lungo respiro per il prossimo anno\u00bb [&hellip;]","og_url":"https:\/\/www.bellunopress.it\/fr\/2022\/09\/29\/approvata-la-nota-di-aggiornamento-al-def\/","og_site_name":"Bellunopress - Dolomiti","article_publisher":"https:\/\/www.facebook.com\/profile.php?id=100008943462799","article_published_time":"2022-09-29T16:32:04+00:00","og_image":[{"width":685,"height":800,"url":"https:\/\/www.bellunopress.it\/wp-content\/uploads\/2021\/09\/Moreno-De-Col-Presidente-CNA-Veneto-25_09_021_edited.jpg","type":"image\/jpeg"}],"author":"redazione","twitter_card":"summary_large_image","twitter_creator":"@bellunopress","twitter_site":"@bellunopress","twitter_misc":{"Written by":"redazione","Est. reading time":"3 minutes"},"schema":{"@context":"https:\/\/schema.org","@graph":[{"@type":"Article","@id":"https:\/\/www.bellunopress.it\/2022\/09\/29\/approvata-la-nota-di-aggiornamento-al-def\/#article","isPartOf":{"@id":"https:\/\/www.bellunopress.it\/2022\/09\/29\/approvata-la-nota-di-aggiornamento-al-def\/"},"author":{"name":"redazione","@id":"https:\/\/www.bellunopress.it\/#\/schema\/person\/79bb06722b37ece1c03d3e94beb30d73"},"headline":"Approvata la nota di aggiornamento al Def","datePublished":"2022-09-29T16:32:04+00:00","mainEntityOfPage":{"@id":"https:\/\/www.bellunopress.it\/2022\/09\/29\/approvata-la-nota-di-aggiornamento-al-def\/"},"wordCount":347,"publisher":{"@id":"https:\/\/www.bellunopress.it\/#organization"},"image":{"@id":"https:\/\/www.bellunopress.it\/2022\/09\/29\/approvata-la-nota-di-aggiornamento-al-def\/#primaryimage"},"thumbnailUrl":"https:\/\/www.bellunopress.it\/wp-content\/uploads\/2021\/09\/Moreno-De-Col-Presidente-CNA-Veneto-25_09_021_edited.jpg","articleSection":["Lavoro, Economia, Turismo"],"inLanguage":"fr-FR"},{"@type":"WebPage","@id":"https:\/\/www.bellunopress.it\/2022\/09\/29\/approvata-la-nota-di-aggiornamento-al-def\/","url":"https:\/\/www.bellunopress.it\/2022\/09\/29\/approvata-la-nota-di-aggiornamento-al-def\/","name":"Approvata la nota di aggiornamento al Def - Bellunopress - Dolomiti","isPartOf":{"@id":"https:\/\/www.bellunopress.it\/#website"},"primaryImageOfPage":{"@id":"https:\/\/www.bellunopress.it\/2022\/09\/29\/approvata-la-nota-di-aggiornamento-al-def\/#primaryimage"},"image":{"@id":"https:\/\/www.bellunopress.it\/2022\/09\/29\/approvata-la-nota-di-aggiornamento-al-def\/#primaryimage"},"thumbnailUrl":"https:\/\/www.bellunopress.it\/wp-content\/uploads\/2021\/09\/Moreno-De-Col-Presidente-CNA-Veneto-25_09_021_edited.jpg","datePublished":"2022-09-29T16:32:04+00:00","breadcrumb":{"@id":"https:\/\/www.bellunopress.it\/2022\/09\/29\/approvata-la-nota-di-aggiornamento-al-def\/#breadcrumb"},"inLanguage":"fr-FR","potentialAction":[{"@type":"ReadAction","target":["https:\/\/www.bellunopress.it\/2022\/09\/29\/approvata-la-nota-di-aggiornamento-al-def\/"]}]},{"@type":"ImageObject","inLanguage":"fr-FR","@id":"https:\/\/www.bellunopress.it\/2022\/09\/29\/approvata-la-nota-di-aggiornamento-al-def\/#primaryimage","url":"https:\/\/www.bellunopress.it\/wp-content\/uploads\/2021\/09\/Moreno-De-Col-Presidente-CNA-Veneto-25_09_021_edited.jpg","contentUrl":"https:\/\/www.bellunopress.it\/wp-content\/uploads\/2021\/09\/Moreno-De-Col-Presidente-CNA-Veneto-25_09_021_edited.jpg","width":685,"height":800,"caption":"Moreno De Col presidente CNA Veneto"},{"@type":"BreadcrumbList","@id":"https:\/\/www.bellunopress.it\/2022\/09\/29\/approvata-la-nota-di-aggiornamento-al-def\/#breadcrumb","itemListElement":[{"@type":"ListItem","position":1,"name":"Home","item":"https:\/\/www.bellunopress.it\/"},{"@type":"ListItem","position":2,"name":"Approvata la nota di aggiornamento al Def"}]},{"@type":"WebSite","@id":"https:\/\/www.bellunopress.it\/#website","url":"https:\/\/www.bellunopress.it\/","name":"Bellunopress - Dolomiti","description":"e-mail: redazione@bellunopress.it","publisher":{"@id":"https:\/\/www.bellunopress.it\/#organization"},"potentialAction":[{"@type":"SearchAction","target":{"@type":"EntryPoint","urlTemplate":"https:\/\/www.bellunopress.it\/?s={search_term_string}"},"query-input":{"@type":"PropertyValueSpecification","valueRequired":true,"valueName":"search_term_string"}}],"inLanguage":"fr-FR"},{"@type":"Organization","@id":"https:\/\/www.bellunopress.it\/#organization","name":"Bellunopress","url":"https:\/\/www.bellunopress.it\/","logo":{"@type":"ImageObject","inLanguage":"fr-FR","@id":"https:\/\/www.bellunopress.it\/#\/schema\/logo\/image\/","url":"https:\/\/www.bellunopress.it\/wp-content\/uploads\/2011\/05\/cropped-logo-bellunopress-.jpg","contentUrl":"https:\/\/www.bellunopress.it\/wp-content\/uploads\/2011\/05\/cropped-logo-bellunopress-.jpg","width":512,"height":512,"caption":"Bellunopress"},"image":{"@id":"https:\/\/www.bellunopress.it\/#\/schema\/logo\/image\/"},"sameAs":["https:\/\/www.facebook.com\/profile.php?id=100008943462799","https:\/\/x.com\/bellunopress","https:\/\/www.linkedin.com\/hp\/?dnr=JBzUWaJfMUw8vbXJJ2tVW5-I3jZKvC4wsoxE&amp;amp;amp;amp;amp;amp;trk=nav_responsive_tab_home","https:\/\/www.youtube.com\/channel\/UCxL0wu1uN0_3_7hGG0306cw"]},{"@type":"Person","@id":"https:\/\/www.bellunopress.it\/#\/schema\/person\/79bb06722b37ece1c03d3e94beb30d73","name":"r\u00e9daction","image":{"@type":"ImageObject","inLanguage":"fr-FR","@id":"https:\/\/secure.gravatar.com\/avatar\/37d968a2e67a6fd04c169c4bdef102d0bc5d31b2546345219e348575eb80e9a0?s=96&d=mm&r=g","url":"https:\/\/secure.gravatar.com\/avatar\/37d968a2e67a6fd04c169c4bdef102d0bc5d31b2546345219e348575eb80e9a0?s=96&d=mm&r=g","contentUrl":"https:\/\/secure.gravatar.com\/avatar\/37d968a2e67a6fd04c169c4bdef102d0bc5d31b2546345219e348575eb80e9a0?s=96&d=mm&r=g","caption":"redazione"},"sameAs":["http:\/\/www.bellunopress.it","https:\/\/x.com\/bellunopress"],"url":"https:\/\/www.bellunopress.it\/fr\/author\/redazione\/"}]}},"_links":{"self":[{"href":"https:\/\/www.bellunopress.it\/fr\/wp-json\/wp\/v2\/posts\/136702","targetHints":{"allow":["GET"]}}],"collection":[{"href":"https:\/\/www.bellunopress.it\/fr\/wp-json\/wp\/v2\/posts"}],"about":[{"href":"https:\/\/www.bellunopress.it\/fr\/wp-json\/wp\/v2\/types\/post"}],"author":[{"embeddable":true,"href":"https:\/\/www.bellunopress.it\/fr\/wp-json\/wp\/v2\/users\/2"}],"replies":[{"embeddable":true,"href":"https:\/\/www.bellunopress.it\/fr\/wp-json\/wp\/v2\/comments?post=136702"}],"version-history":[{"count":1,"href":"https:\/\/www.bellunopress.it\/fr\/wp-json\/wp\/v2\/posts\/136702\/revisions"}],"predecessor-version":[{"id":136703,"href":"https:\/\/www.bellunopress.it\/fr\/wp-json\/wp\/v2\/posts\/136702\/revisions\/136703"}],"wp:featuredmedia":[{"embeddable":true,"href":"https:\/\/www.bellunopress.it\/fr\/wp-json\/wp\/v2\/media\/128063"}],"wp:attachment":[{"href":"https:\/\/www.bellunopress.it\/fr\/wp-json\/wp\/v2\/media?parent=136702"}],"wp:term":[{"taxonomy":"category","embeddable":true,"href":"https:\/\/www.bellunopress.it\/fr\/wp-json\/wp\/v2\/categories?post=136702"},{"taxonomy":"post_tag","embeddable":true,"href":"https:\/\/www.bellunopress.it\/fr\/wp-json\/wp\/v2\/tags?post=136702"}],"curies":[{"name":"wp","href":"https:\/\/api.w.org\/{rel}","templated":true}]}}