{"id":136700,"date":"2022-09-29T18:26:46","date_gmt":"2022-09-29T16:26:46","guid":{"rendered":"https:\/\/www.bellunopress.it\/?p=136700"},"modified":"2022-09-29T18:26:46","modified_gmt":"2022-09-29T16:26:46","slug":"tre-aziende-di-alpago-belluno-e-longarone-intervistate-dagli-studenti-del-liceo-casagrande","status":"publish","type":"post","link":"https:\/\/www.bellunopress.it\/fr\/2022\/09\/29\/tre-aziende-di-alpago-belluno-e-longarone-intervistate-dagli-studenti-del-liceo-casagrande\/","title":{"rendered":"Tre aziende di Alpago, Belluno e Longarone intervistate dagli studenti del Liceo Casagrande"},"content":{"rendered":"<p><em><strong>Pozza: c&#8217;\u00e8 bisogno di giocare d&#8217;anticipo sui processi di trasformazione del lavoro per orientare le scelte formative dei nostri giovani<\/strong><\/em><\/p>\n<figure id=\"attachment_98121\" aria-describedby=\"caption-attachment-98121\" style=\"width: 232px\" class=\"wp-caption alignleft\"><img loading=\"lazy\" decoding=\"async\" class=\"size-full wp-image-98121\" src=\"https:\/\/www.bellunopress.it\/wp-content\/uploads\/2018\/09\/Mario-Pozza.jpg\" alt=\"\" width=\"232\" height=\"300\" \/><figcaption id=\"caption-attachment-98121\" class=\"wp-caption-text\">Mario Pozza<\/figcaption><\/figure>\n<p>Belluno, 29 settembre 2022\u00a0\u00a0Il Presidente della Camera di Commercio di Treviso-Belluno|Dolomiti e di Unioncamere Veneto Mario Pozza ha invitato gli studenti del Liceo scientifico Marco Casagrande, a presentare il progetto &#8220;Riconosci il lavoro che vorrai fare&#8221; al convegno organizzato da Unioncamere Veneto, sul tema: i giovani e il loro rapporto con il mondo del lavoro in occasione del quale gli studenti hanno potuto intervistare tre aziende del bellunese: D.E.M di Longarone progettazione e realizzazione filtri per l&#8217;attenuazione dei radiodisturbi (RFI) delle apparecchiature elettrodomestiche. Met\u00e0logos di Alpago formazione, consulenza e ricerca rivolte alle organizzazioni private, pubbliche e sociali e Flashfactory di Belluno comunicazione e web marketing.<\/p>\n<p>Al convegno, dal titolo &#8220;I giovani e la trasformazione delle competenze professionali e dei modelli di lavoro&#8221;, sono intervenuti Mario Pozza Presidente della Camera di Commercio di Treviso-Belluno|Dolomiti e di Unioncamere Veneto, Tiziano Barone, direttore di Veneto Lavoro e Claudio Gagliardi, Vice Segretario Generale Unioncamere Italiana.<\/p>\n<p>&#8220;C&#8217;\u00e8 bisogno di giocare d&#8217;anticipo sui processi di trasformazione del lavoro per orientare le scelte formative dei nostri giovani &#8211; commenta il Presidente Mario Pozza &#8211; Unioncamere Veneto sta lavorando per dare qualit\u00e0 alle imprese del territorio favorendo la nascita di professionalit\u00e0 adeguate alle evoluzioni del mercato, ad esempio attraverso il sostegno agli ITS. Qui entra in gioco la rilevanza dell&#8217;orientamento alle professioni, su cui il sistema camerale si sta spendendo da tempo. Lo strumento dei PCTO, la cosiddetta &#8216;alternanza scuola-lavoro&#8217; ora messa in discussione per i recenti drammatici accadimenti, resta importante e strategico, certo ponendo la sicurezza sui luoghi di lavoro come priorit\u00e0 assoluta, perch\u00e9 il bisogno che il mondo dell&#8217;impresa ha di professionalit\u00e0 e competenze \u00e8 estremamente forte&#8221;.<\/p>\n<p>Il direttore di Veneto Lavoro Tiziano Barone ha riflettuto sulla domanda di senso che il mondo giovanile si pone rispetto al lavoro, indicando che &#8220;il tema del welfare e dello smart working hanno a che fare con la risposta a questa domanda&#8221;, mentre il Vice Segretario Generale di Unioncamere Italiana Claudio Gagliardi ha ricordato, dati alla mano, che la difficolt\u00e0 di incontro tra domanda e offerta sar\u00e0 sempre pi\u00f9 complessa: &#8220;Secondo gli ultimi dati Excelsior di settembre, in 48 casi su 100 le imprese prevedono di avere difficolt\u00e0 a trovare i profili desiderati, o perch\u00e9 mandano i candidati o perch\u00e9 c&#8217;\u00e8 una non adeguatezza delle competenze. Secondo ISTAT, nei prossimi 10 anni avremo circa quasi 2 milioni di lavoratori in meno e 1 milione e 400mila studenti in meno&#8221;.<\/p>\n<p>\u00c8 seguito poi l&#8217;intervento di Enzo Risso, direttore scientifico di Ipsos, che ha presentato i risultati di un&#8217;indagine, svolta per conto di Unioncamere del Veneto, dal titolo &#8220;Qual \u00e8 l&#8217;importanza e il significato del lavoro nei giovani non occupati del Veneto?&#8221;. L&#8217;indagine condotta su un campione di 500 giovani residenti in Veneto, in et\u00e0 compresa tra i 16 e i 30 anni, ha indagato il loro rapporto con il lavoro e il mondo dell&#8217;impresa.<\/p>\n<p>Sullo stesso tema sono intervenute due aziende trevigiane chiamate in particolare a raccontare cosa stanno facendo attraverso le loro strategie di reclutamento e sviluppo delle persone, per migliorare la loro attrattivit\u00e0 nei confronti dei giovani talenti. Assieme agli HR Manager delle aziende, sono intervenute due giovani neo-assunte che hanno raccontato la loro esperienza lavorativa.<\/p>\n<p>Quando \u00e8 giunto il momento dei ragazzi del Casagrande: Eleonora, Lisa, Matteo hanno presentato il lavoro svolto durante il PCTO &#8220;Riconosci il lavoro che vorrai fare&#8221;, sviluppato da Unioncamere in partnership con l&#8217;Ufficio Scolastico Regionale del Veneto.<\/p>\n<p>Il PCTO si \u00e8 svolto nella seconda met\u00e0 dell&#8217;anno scolastico 2021\/22 ed \u00e8 nato come progetto di &#8220;orientamento attivo&#8221; rivolto agli studenti dei licei veneti, con l&#8217;obiettivo di portare gli studenti a conoscere alcune figure professionali chiave, in aziende altamente rappresentative delle specializzazioni presenti in Veneto.<\/p>\n<p>Gli studenti, dopo una fase iniziale di formazione assieme al sistema camerale regionale, sono stati, infatti, accompagnati a gruppi di 3-4 ad intervistare una specifica figura professionale. Le interviste, preparate e condotte dagli studenti, hanno permesso loro di avere una rappresentazione chiara della professione, delle mansioni e competenze specifiche e del ruolo in azienda, cos\u00ec come di dettagliare i passi svolti per arrivare a ricoprire quel ruolo, &#8220;toccando con mano&#8221; la non linearit\u00e0 di alcuni percorsi formativi e lavorativi. Nei loro report gli studenti hanno mostrato di aver ben compreso questi aspetti, ma anche di aver apprezzato di poter approfondire alcuni aspetti pi\u00f9 personali della figura intervistata, le passioni e interessi cos\u00ec come la soddisfazione nello svolgere il proprio lavoro.<\/p>\n<p>Il progetto ha visto la partecipazione di oltre 200 studenti delle classi 4a e 5a di 10 licei veneti, che hanno intervistato alcune figure chiave di pi\u00f9 di 40 importanti aziende della regione.<\/p>\n<p>A conclusione del convegno i relatori intervenuti, l&#8217;Ufficio Scolastico Regionale, Veneto Lavoro, i rappresentanti delle Associazioni di categoria del Veneto, si sono confrontati sui diversi temi toccati nel corso della mattinata e in particolare del ruolo che il supporto alla transizione scuola-lavoro pu\u00f2 giocare nel grande tema del mismatching occupazionale.<\/p>\n<p>Il direttore dell&#8217;Ufficio Scolastico Regionale Carmela Palumbo ha ricordato come &#8220;la frequentazione del mondo del lavoro sia un percorso imprescindibile all&#8217;interno di un sistema che va strutturato&#8221; e come sia necessario &#8220;lavorare sulla formazione per la sicurezza, di cui lo Stato deve farsi carico&#8221;, mentre il direttore di Veneto Lavoro Tiziano Barone ha rimarcato che &#8220;oggi il cambiamento \u00e8 un fattore su cui dobbiamo confrontarci. Il mismatch \u00e8 caratterizzato da fattori demografici e nel 2030 al mercato del lavoro mancheranno 45.000 persone. Per questo \u00e8 necessario creare un&#8217;infrastruttura di orientamento che dev&#8217;essere istituzionalizzata in rete tra Unioncamere e sistema della formazione e del lavoro, per collegare le competenze alle richieste del mercato&#8221;. Parlando di politiche di genere, per Marco Dalla Bernardina per Confindustria Veneto &#8220;dobbiamo dare a tutti l&#8217;opportunit\u00e0 di dimostrare competenze&#8221; mentre Augusto Pivanti di Coldiretti ha richiamato l&#8217;evoluzione di un settore &#8220;in cui l&#8217;agricoltura 4.0 la fa da padrone e necessita di nuove competenze, ma \u00e8 un mondo ancora poco conosciuto dai giovani&#8221;.<\/p>\n<p>Un appello a &#8216;sporcarsi le mani&#8217; \u00e8 venuto anche da Franco Storer di Casartigiani perch\u00e9 &#8220;gli artigiani vivono una grande difficolt\u00e0 di reperimento di manodopera specializzata, che \u00e8 fusione tra manualit\u00e0 e conoscenze tecnologiche&#8221;. Gli ha fatto eco il direttore di Confartigianato regionale Tiziana Pettenuzzo invitando a &#8220;lavorare su un patto delle competenze, anche con una scolarizzazione pi\u00f9 bassa ma con un percorso di formazione ambizioso, concepito all&#8217;interno delle filiere in cui convivono la grande e la piccola impresa, per creare un processo sistemico dove tutti crescono insieme&#8221;. Dell&#8217;emergenza del reperimento di personale per le imprese tradizionali ha parlato Emiliano Biraku di Confesercenti Veneto in una visione anche internazionale, mentre il Segretario Generale UIL Roberto Toigo \u00e8 tornato sul tema dell&#8217;alternanza &#8220;che non va abbandonata, perch\u00e9 la cultura del lavoro si impara a scuola e il mestiere sul posto di lavoro&#8221; ma ha rivolto un appello alla Regione del Veneto e al sistema scolastico per formare i giovani sulla sicurezza del lavoro prima del loro ingresso in azienda. Luca Bertuola di Confcommercio Regionale ha parlato dell&#8217;autoimprenditorialit\u00e0 e della conoscenza &#8220;del mercato e del contesto in cui i giovani devono calare la propria aspirazione&#8221;, in cui la possibilit\u00e0 di cambiare frequentemente lavoro rappresenta un&#8217;opportunit\u00e0.<\/p>\n<p>&#8220;Si scelgono persone, non competenze&#8221; ha ricordato Enzo Risso di IPSOS. &#8220;Dobbiamo recuperare la capacit\u00e0 di raccontare professioni e mestieri in logica di domani e dare dignit\u00e0 a tutte le professioni, perch\u00e9 \u00e8 cambiato l&#8217;immaginario cos\u00ec come le persone&#8221;.<\/p>\n<p>In chiusura del convegno \u00e8 intervenuta Elena Donazzan, Assessore all&#8217;istruzione &#8211; Formazione e Lavoro della Regione del Veneto, richiamando la necessit\u00e0 di cambiare la narrazione per attrarre competenze, perch\u00e9 &#8220;nel lavoro e nel fare impresa c&#8217;\u00e8 bellezza: siamo l&#8217;unica regione con pi\u00f9 iscritti all&#8217;istruzione tecnica che ai licei, gli ITS stanno dando risultati incredibili e abbiamo imprese che guardano con attenzione al mondo della formazione&#8221;.<\/p>","protected":false},"excerpt":{"rendered":"<p>Pozza: c&#8217;\u00e8 bisogno di giocare d&#8217;anticipo sui processi di trasformazione del lavoro per orientare le scelte formative dei nostri giovani Belluno, 29 settembre 2022\u00a0\u00a0Il Presidente della Camera di Commercio di Treviso-Belluno|Dolomiti e di Unioncamere Veneto Mario Pozza ha invitato gli studenti del Liceo scientifico Marco Casagrande, a presentare il progetto &#8220;Riconosci il lavoro che vorrai [&hellip;]<\/p>\n","protected":false},"author":2,"featured_media":98121,"comment_status":"closed","ping_status":"open","sticky":false,"template":"","format":"standard","meta":{"footnotes":""},"categories":[36,26,15],"tags":[3541,3543,3542],"class_list":["post-136700","post","type-post","status-publish","format-standard","has-post-thumbnail","category-lavoro-economia","category-prima-pagina","category-scuola","tag-d-e-m-di-longarone-progettazione-e-realizzazione-filtri-per-lattenuazione-dei-radiodisturbi","tag-flashfactory-di-belluno","tag-metalogos-di-alpago"],"yoast_head":"<!-- This site is optimized with the Yoast SEO plugin v28.4 - https:\/\/yoast.com\/product\/yoast-seo-wordpress\/ -->\n<title>Tre aziende di Alpago, Belluno e Longarone intervistate dagli studenti del Liceo Casagrande - Bellunopress - Dolomiti<\/title>\n<meta name=\"robots\" content=\"index, follow, max-snippet:-1, max-image-preview:large, max-video-preview:-1\" \/>\n<link rel=\"canonical\" href=\"https:\/\/www.bellunopress.it\/fr\/2022\/09\/29\/tre-aziende-di-alpago-belluno-e-longarone-intervistate-dagli-studenti-del-liceo-casagrande\/\" \/>\n<meta property=\"og:locale\" content=\"fr_FR\" \/>\n<meta property=\"og:type\" content=\"article\" \/>\n<meta property=\"og:title\" content=\"Tre aziende di Alpago, Belluno e Longarone intervistate dagli studenti del Liceo Casagrande - Bellunopress - Dolomiti\" \/>\n<meta property=\"og:description\" content=\"Pozza: c&#8217;\u00e8 bisogno di giocare d&#8217;anticipo sui processi di trasformazione del lavoro per orientare le scelte formative dei nostri giovani Belluno, 29 settembre 2022\u00a0\u00a0Il Presidente della Camera di Commercio di Treviso-Belluno|Dolomiti e di Unioncamere Veneto Mario Pozza ha invitato gli studenti del Liceo scientifico Marco Casagrande, a presentare il progetto &#8220;Riconosci il lavoro che vorrai [&hellip;]\" \/>\n<meta property=\"og:url\" content=\"https:\/\/www.bellunopress.it\/fr\/2022\/09\/29\/tre-aziende-di-alpago-belluno-e-longarone-intervistate-dagli-studenti-del-liceo-casagrande\/\" \/>\n<meta property=\"og:site_name\" content=\"Bellunopress - Dolomiti\" \/>\n<meta property=\"article:publisher\" content=\"https:\/\/www.facebook.com\/profile.php?id=100008943462799\" \/>\n<meta property=\"article:published_time\" content=\"2022-09-29T16:26:46+00:00\" \/>\n<meta property=\"og:image\" content=\"https:\/\/www.bellunopress.it\/wp-content\/uploads\/2018\/09\/Mario-Pozza.jpg\" \/>\n\t<meta property=\"og:image:width\" content=\"232\" \/>\n\t<meta property=\"og:image:height\" content=\"300\" \/>\n\t<meta property=\"og:image:type\" content=\"image\/jpeg\" \/>\n<meta name=\"author\" content=\"redazione\" \/>\n<meta name=\"twitter:card\" content=\"summary_large_image\" \/>\n<meta name=\"twitter:creator\" content=\"@bellunopress\" \/>\n<meta name=\"twitter:site\" content=\"@bellunopress\" \/>\n<meta name=\"twitter:label1\" content=\"\u00c9crit par\" \/>\n\t<meta name=\"twitter:data1\" content=\"redazione\" \/>\n\t<meta name=\"twitter:label2\" content=\"Dur\u00e9e de lecture estim\u00e9e\" \/>\n\t<meta name=\"twitter:data2\" content=\"8 minutes\" \/>\n<script type=\"application\/ld+json\" class=\"yoast-schema-graph\">{\"@context\":\"https:\\\/\\\/schema.org\",\"@graph\":[{\"@type\":\"Article\",\"@id\":\"https:\\\/\\\/www.bellunopress.it\\\/2022\\\/09\\\/29\\\/tre-aziende-di-alpago-belluno-e-longarone-intervistate-dagli-studenti-del-liceo-casagrande\\\/#article\",\"isPartOf\":{\"@id\":\"https:\\\/\\\/www.bellunopress.it\\\/2022\\\/09\\\/29\\\/tre-aziende-di-alpago-belluno-e-longarone-intervistate-dagli-studenti-del-liceo-casagrande\\\/\"},\"author\":{\"name\":\"redazione\",\"@id\":\"https:\\\/\\\/www.bellunopress.it\\\/#\\\/schema\\\/person\\\/79bb06722b37ece1c03d3e94beb30d73\"},\"headline\":\"Tre aziende di Alpago, Belluno e Longarone intervistate dagli studenti del Liceo Casagrande\",\"datePublished\":\"2022-09-29T16:26:46+00:00\",\"mainEntityOfPage\":{\"@id\":\"https:\\\/\\\/www.bellunopress.it\\\/2022\\\/09\\\/29\\\/tre-aziende-di-alpago-belluno-e-longarone-intervistate-dagli-studenti-del-liceo-casagrande\\\/\"},\"wordCount\":1332,\"publisher\":{\"@id\":\"https:\\\/\\\/www.bellunopress.it\\\/#organization\"},\"image\":{\"@id\":\"https:\\\/\\\/www.bellunopress.it\\\/2022\\\/09\\\/29\\\/tre-aziende-di-alpago-belluno-e-longarone-intervistate-dagli-studenti-del-liceo-casagrande\\\/#primaryimage\"},\"thumbnailUrl\":\"https:\\\/\\\/www.bellunopress.it\\\/wp-content\\\/uploads\\\/2018\\\/09\\\/Mario-Pozza.jpg\",\"keywords\":[\"D.E.M di Longarone progettazione e realizzazione filtri per l'attenuazione dei radiodisturbi\",\"Flashfactory di Belluno\",\"Met\u00e0logos di Alpago\"],\"articleSection\":[\"Lavoro, Economia, Turismo\",\"Prima Pagina\",\"Scuola\"],\"inLanguage\":\"fr-FR\"},{\"@type\":\"WebPage\",\"@id\":\"https:\\\/\\\/www.bellunopress.it\\\/2022\\\/09\\\/29\\\/tre-aziende-di-alpago-belluno-e-longarone-intervistate-dagli-studenti-del-liceo-casagrande\\\/\",\"url\":\"https:\\\/\\\/www.bellunopress.it\\\/2022\\\/09\\\/29\\\/tre-aziende-di-alpago-belluno-e-longarone-intervistate-dagli-studenti-del-liceo-casagrande\\\/\",\"name\":\"Tre aziende di Alpago, Belluno e Longarone intervistate dagli studenti del Liceo Casagrande - Bellunopress - Dolomiti\",\"isPartOf\":{\"@id\":\"https:\\\/\\\/www.bellunopress.it\\\/#website\"},\"primaryImageOfPage\":{\"@id\":\"https:\\\/\\\/www.bellunopress.it\\\/2022\\\/09\\\/29\\\/tre-aziende-di-alpago-belluno-e-longarone-intervistate-dagli-studenti-del-liceo-casagrande\\\/#primaryimage\"},\"image\":{\"@id\":\"https:\\\/\\\/www.bellunopress.it\\\/2022\\\/09\\\/29\\\/tre-aziende-di-alpago-belluno-e-longarone-intervistate-dagli-studenti-del-liceo-casagrande\\\/#primaryimage\"},\"thumbnailUrl\":\"https:\\\/\\\/www.bellunopress.it\\\/wp-content\\\/uploads\\\/2018\\\/09\\\/Mario-Pozza.jpg\",\"datePublished\":\"2022-09-29T16:26:46+00:00\",\"breadcrumb\":{\"@id\":\"https:\\\/\\\/www.bellunopress.it\\\/2022\\\/09\\\/29\\\/tre-aziende-di-alpago-belluno-e-longarone-intervistate-dagli-studenti-del-liceo-casagrande\\\/#breadcrumb\"},\"inLanguage\":\"fr-FR\",\"potentialAction\":[{\"@type\":\"ReadAction\",\"target\":[\"https:\\\/\\\/www.bellunopress.it\\\/2022\\\/09\\\/29\\\/tre-aziende-di-alpago-belluno-e-longarone-intervistate-dagli-studenti-del-liceo-casagrande\\\/\"]}]},{\"@type\":\"ImageObject\",\"inLanguage\":\"fr-FR\",\"@id\":\"https:\\\/\\\/www.bellunopress.it\\\/2022\\\/09\\\/29\\\/tre-aziende-di-alpago-belluno-e-longarone-intervistate-dagli-studenti-del-liceo-casagrande\\\/#primaryimage\",\"url\":\"https:\\\/\\\/www.bellunopress.it\\\/wp-content\\\/uploads\\\/2018\\\/09\\\/Mario-Pozza.jpg\",\"contentUrl\":\"https:\\\/\\\/www.bellunopress.it\\\/wp-content\\\/uploads\\\/2018\\\/09\\\/Mario-Pozza.jpg\",\"width\":232,\"height\":300,\"caption\":\"Mario Pozza - Presidente Camera di Commercio Treviso\\\/Belluno\\\/Dolomiti\"},{\"@type\":\"BreadcrumbList\",\"@id\":\"https:\\\/\\\/www.bellunopress.it\\\/2022\\\/09\\\/29\\\/tre-aziende-di-alpago-belluno-e-longarone-intervistate-dagli-studenti-del-liceo-casagrande\\\/#breadcrumb\",\"itemListElement\":[{\"@type\":\"ListItem\",\"position\":1,\"name\":\"Home\",\"item\":\"https:\\\/\\\/www.bellunopress.it\\\/\"},{\"@type\":\"ListItem\",\"position\":2,\"name\":\"Tre aziende di Alpago, Belluno e Longarone intervistate dagli studenti del Liceo Casagrande\"}]},{\"@type\":\"WebSite\",\"@id\":\"https:\\\/\\\/www.bellunopress.it\\\/#website\",\"url\":\"https:\\\/\\\/www.bellunopress.it\\\/\",\"name\":\"Bellunopress - Dolomiti\",\"description\":\"e-mail: redazione@bellunopress.it\",\"publisher\":{\"@id\":\"https:\\\/\\\/www.bellunopress.it\\\/#organization\"},\"potentialAction\":[{\"@type\":\"SearchAction\",\"target\":{\"@type\":\"EntryPoint\",\"urlTemplate\":\"https:\\\/\\\/www.bellunopress.it\\\/?s={search_term_string}\"},\"query-input\":{\"@type\":\"PropertyValueSpecification\",\"valueRequired\":true,\"valueName\":\"search_term_string\"}}],\"inLanguage\":\"fr-FR\"},{\"@type\":\"Organization\",\"@id\":\"https:\\\/\\\/www.bellunopress.it\\\/#organization\",\"name\":\"Bellunopress\",\"url\":\"https:\\\/\\\/www.bellunopress.it\\\/\",\"logo\":{\"@type\":\"ImageObject\",\"inLanguage\":\"fr-FR\",\"@id\":\"https:\\\/\\\/www.bellunopress.it\\\/#\\\/schema\\\/logo\\\/image\\\/\",\"url\":\"https:\\\/\\\/www.bellunopress.it\\\/wp-content\\\/uploads\\\/2011\\\/05\\\/cropped-logo-bellunopress-.jpg\",\"contentUrl\":\"https:\\\/\\\/www.bellunopress.it\\\/wp-content\\\/uploads\\\/2011\\\/05\\\/cropped-logo-bellunopress-.jpg\",\"width\":512,\"height\":512,\"caption\":\"Bellunopress\"},\"image\":{\"@id\":\"https:\\\/\\\/www.bellunopress.it\\\/#\\\/schema\\\/logo\\\/image\\\/\"},\"sameAs\":[\"https:\\\/\\\/www.facebook.com\\\/profile.php?id=100008943462799\",\"https:\\\/\\\/x.com\\\/bellunopress\",\"https:\\\/\\\/www.linkedin.com\\\/hp\\\/?dnr=JBzUWaJfMUw8vbXJJ2tVW5-I3jZKvC4wsoxE&amp;amp;amp;amp;amp;amp;trk=nav_responsive_tab_home\",\"https:\\\/\\\/www.youtube.com\\\/channel\\\/UCxL0wu1uN0_3_7hGG0306cw\"]},{\"@type\":\"Person\",\"@id\":\"https:\\\/\\\/www.bellunopress.it\\\/#\\\/schema\\\/person\\\/79bb06722b37ece1c03d3e94beb30d73\",\"name\":\"redazione\",\"image\":{\"@type\":\"ImageObject\",\"inLanguage\":\"fr-FR\",\"@id\":\"https:\\\/\\\/secure.gravatar.com\\\/avatar\\\/37d968a2e67a6fd04c169c4bdef102d0bc5d31b2546345219e348575eb80e9a0?s=96&d=mm&r=g\",\"url\":\"https:\\\/\\\/secure.gravatar.com\\\/avatar\\\/37d968a2e67a6fd04c169c4bdef102d0bc5d31b2546345219e348575eb80e9a0?s=96&d=mm&r=g\",\"contentUrl\":\"https:\\\/\\\/secure.gravatar.com\\\/avatar\\\/37d968a2e67a6fd04c169c4bdef102d0bc5d31b2546345219e348575eb80e9a0?s=96&d=mm&r=g\",\"caption\":\"redazione\"},\"sameAs\":[\"http:\\\/\\\/www.bellunopress.it\",\"https:\\\/\\\/x.com\\\/bellunopress\"],\"url\":\"https:\\\/\\\/www.bellunopress.it\\\/fr\\\/author\\\/redazione\\\/\"}]}<\/script>\n<!-- \/ Yoast SEO plugin. -->","yoast_head_json":{"title":"Tre aziende di Alpago, Belluno e Longarone intervistate dagli studenti del Liceo Casagrande - Bellunopress - Dolomiti","robots":{"index":"index","follow":"follow","max-snippet":"max-snippet:-1","max-image-preview":"max-image-preview:large","max-video-preview":"max-video-preview:-1"},"canonical":"https:\/\/www.bellunopress.it\/fr\/2022\/09\/29\/tre-aziende-di-alpago-belluno-e-longarone-intervistate-dagli-studenti-del-liceo-casagrande\/","og_locale":"fr_FR","og_type":"article","og_title":"Tre aziende di Alpago, Belluno e Longarone intervistate dagli studenti del Liceo Casagrande - Bellunopress - Dolomiti","og_description":"Pozza: c&#8217;\u00e8 bisogno di giocare d&#8217;anticipo sui processi di trasformazione del lavoro per orientare le scelte formative dei nostri giovani Belluno, 29 settembre 2022\u00a0\u00a0Il Presidente della Camera di Commercio di Treviso-Belluno|Dolomiti e di Unioncamere Veneto Mario Pozza ha invitato gli studenti del Liceo scientifico Marco Casagrande, a presentare il progetto &#8220;Riconosci il lavoro che vorrai [&hellip;]","og_url":"https:\/\/www.bellunopress.it\/fr\/2022\/09\/29\/tre-aziende-di-alpago-belluno-e-longarone-intervistate-dagli-studenti-del-liceo-casagrande\/","og_site_name":"Bellunopress - Dolomiti","article_publisher":"https:\/\/www.facebook.com\/profile.php?id=100008943462799","article_published_time":"2022-09-29T16:26:46+00:00","og_image":[{"width":232,"height":300,"url":"https:\/\/www.bellunopress.it\/wp-content\/uploads\/2018\/09\/Mario-Pozza.jpg","type":"image\/jpeg"}],"author":"redazione","twitter_card":"summary_large_image","twitter_creator":"@bellunopress","twitter_site":"@bellunopress","twitter_misc":{"\u00c9crit par":"redazione","Dur\u00e9e de lecture estim\u00e9e":"8 minutes"},"schema":{"@context":"https:\/\/schema.org","@graph":[{"@type":"Article","@id":"https:\/\/www.bellunopress.it\/2022\/09\/29\/tre-aziende-di-alpago-belluno-e-longarone-intervistate-dagli-studenti-del-liceo-casagrande\/#article","isPartOf":{"@id":"https:\/\/www.bellunopress.it\/2022\/09\/29\/tre-aziende-di-alpago-belluno-e-longarone-intervistate-dagli-studenti-del-liceo-casagrande\/"},"author":{"name":"redazione","@id":"https:\/\/www.bellunopress.it\/#\/schema\/person\/79bb06722b37ece1c03d3e94beb30d73"},"headline":"Tre aziende di Alpago, Belluno e Longarone intervistate dagli studenti del Liceo Casagrande","datePublished":"2022-09-29T16:26:46+00:00","mainEntityOfPage":{"@id":"https:\/\/www.bellunopress.it\/2022\/09\/29\/tre-aziende-di-alpago-belluno-e-longarone-intervistate-dagli-studenti-del-liceo-casagrande\/"},"wordCount":1332,"publisher":{"@id":"https:\/\/www.bellunopress.it\/#organization"},"image":{"@id":"https:\/\/www.bellunopress.it\/2022\/09\/29\/tre-aziende-di-alpago-belluno-e-longarone-intervistate-dagli-studenti-del-liceo-casagrande\/#primaryimage"},"thumbnailUrl":"https:\/\/www.bellunopress.it\/wp-content\/uploads\/2018\/09\/Mario-Pozza.jpg","keywords":["D.E.M di Longarone progettazione e realizzazione filtri per l'attenuazione dei radiodisturbi","Flashfactory di Belluno","Met\u00e0logos di Alpago"],"articleSection":["Lavoro, Economia, Turismo","Prima Pagina","Scuola"],"inLanguage":"fr-FR"},{"@type":"WebPage","@id":"https:\/\/www.bellunopress.it\/2022\/09\/29\/tre-aziende-di-alpago-belluno-e-longarone-intervistate-dagli-studenti-del-liceo-casagrande\/","url":"https:\/\/www.bellunopress.it\/2022\/09\/29\/tre-aziende-di-alpago-belluno-e-longarone-intervistate-dagli-studenti-del-liceo-casagrande\/","name":"Tre aziende di Alpago, Belluno e Longarone intervistate dagli studenti del Liceo Casagrande - Bellunopress - Dolomiti","isPartOf":{"@id":"https:\/\/www.bellunopress.it\/#website"},"primaryImageOfPage":{"@id":"https:\/\/www.bellunopress.it\/2022\/09\/29\/tre-aziende-di-alpago-belluno-e-longarone-intervistate-dagli-studenti-del-liceo-casagrande\/#primaryimage"},"image":{"@id":"https:\/\/www.bellunopress.it\/2022\/09\/29\/tre-aziende-di-alpago-belluno-e-longarone-intervistate-dagli-studenti-del-liceo-casagrande\/#primaryimage"},"thumbnailUrl":"https:\/\/www.bellunopress.it\/wp-content\/uploads\/2018\/09\/Mario-Pozza.jpg","datePublished":"2022-09-29T16:26:46+00:00","breadcrumb":{"@id":"https:\/\/www.bellunopress.it\/2022\/09\/29\/tre-aziende-di-alpago-belluno-e-longarone-intervistate-dagli-studenti-del-liceo-casagrande\/#breadcrumb"},"inLanguage":"fr-FR","potentialAction":[{"@type":"ReadAction","target":["https:\/\/www.bellunopress.it\/2022\/09\/29\/tre-aziende-di-alpago-belluno-e-longarone-intervistate-dagli-studenti-del-liceo-casagrande\/"]}]},{"@type":"ImageObject","inLanguage":"fr-FR","@id":"https:\/\/www.bellunopress.it\/2022\/09\/29\/tre-aziende-di-alpago-belluno-e-longarone-intervistate-dagli-studenti-del-liceo-casagrande\/#primaryimage","url":"https:\/\/www.bellunopress.it\/wp-content\/uploads\/2018\/09\/Mario-Pozza.jpg","contentUrl":"https:\/\/www.bellunopress.it\/wp-content\/uploads\/2018\/09\/Mario-Pozza.jpg","width":232,"height":300,"caption":"Mario Pozza - Presidente Camera di Commercio Treviso\/Belluno\/Dolomiti"},{"@type":"BreadcrumbList","@id":"https:\/\/www.bellunopress.it\/2022\/09\/29\/tre-aziende-di-alpago-belluno-e-longarone-intervistate-dagli-studenti-del-liceo-casagrande\/#breadcrumb","itemListElement":[{"@type":"ListItem","position":1,"name":"Home","item":"https:\/\/www.bellunopress.it\/"},{"@type":"ListItem","position":2,"name":"Tre aziende di Alpago, Belluno e Longarone intervistate dagli studenti del Liceo Casagrande"}]},{"@type":"WebSite","@id":"https:\/\/www.bellunopress.it\/#website","url":"https:\/\/www.bellunopress.it\/","name":"Bellunopress - Dolomiti","description":"e-mail: redazione@bellunopress.it","publisher":{"@id":"https:\/\/www.bellunopress.it\/#organization"},"potentialAction":[{"@type":"SearchAction","target":{"@type":"EntryPoint","urlTemplate":"https:\/\/www.bellunopress.it\/?s={search_term_string}"},"query-input":{"@type":"PropertyValueSpecification","valueRequired":true,"valueName":"search_term_string"}}],"inLanguage":"fr-FR"},{"@type":"Organization","@id":"https:\/\/www.bellunopress.it\/#organization","name":"Bellunopress","url":"https:\/\/www.bellunopress.it\/","logo":{"@type":"ImageObject","inLanguage":"fr-FR","@id":"https:\/\/www.bellunopress.it\/#\/schema\/logo\/image\/","url":"https:\/\/www.bellunopress.it\/wp-content\/uploads\/2011\/05\/cropped-logo-bellunopress-.jpg","contentUrl":"https:\/\/www.bellunopress.it\/wp-content\/uploads\/2011\/05\/cropped-logo-bellunopress-.jpg","width":512,"height":512,"caption":"Bellunopress"},"image":{"@id":"https:\/\/www.bellunopress.it\/#\/schema\/logo\/image\/"},"sameAs":["https:\/\/www.facebook.com\/profile.php?id=100008943462799","https:\/\/x.com\/bellunopress","https:\/\/www.linkedin.com\/hp\/?dnr=JBzUWaJfMUw8vbXJJ2tVW5-I3jZKvC4wsoxE&amp;amp;amp;amp;amp;amp;trk=nav_responsive_tab_home","https:\/\/www.youtube.com\/channel\/UCxL0wu1uN0_3_7hGG0306cw"]},{"@type":"Person","@id":"https:\/\/www.bellunopress.it\/#\/schema\/person\/79bb06722b37ece1c03d3e94beb30d73","name":"r\u00e9daction","image":{"@type":"ImageObject","inLanguage":"fr-FR","@id":"https:\/\/secure.gravatar.com\/avatar\/37d968a2e67a6fd04c169c4bdef102d0bc5d31b2546345219e348575eb80e9a0?s=96&d=mm&r=g","url":"https:\/\/secure.gravatar.com\/avatar\/37d968a2e67a6fd04c169c4bdef102d0bc5d31b2546345219e348575eb80e9a0?s=96&d=mm&r=g","contentUrl":"https:\/\/secure.gravatar.com\/avatar\/37d968a2e67a6fd04c169c4bdef102d0bc5d31b2546345219e348575eb80e9a0?s=96&d=mm&r=g","caption":"redazione"},"sameAs":["http:\/\/www.bellunopress.it","https:\/\/x.com\/bellunopress"],"url":"https:\/\/www.bellunopress.it\/fr\/author\/redazione\/"}]}},"_links":{"self":[{"href":"https:\/\/www.bellunopress.it\/fr\/wp-json\/wp\/v2\/posts\/136700","targetHints":{"allow":["GET"]}}],"collection":[{"href":"https:\/\/www.bellunopress.it\/fr\/wp-json\/wp\/v2\/posts"}],"about":[{"href":"https:\/\/www.bellunopress.it\/fr\/wp-json\/wp\/v2\/types\/post"}],"author":[{"embeddable":true,"href":"https:\/\/www.bellunopress.it\/fr\/wp-json\/wp\/v2\/users\/2"}],"replies":[{"embeddable":true,"href":"https:\/\/www.bellunopress.it\/fr\/wp-json\/wp\/v2\/comments?post=136700"}],"version-history":[{"count":1,"href":"https:\/\/www.bellunopress.it\/fr\/wp-json\/wp\/v2\/posts\/136700\/revisions"}],"predecessor-version":[{"id":136701,"href":"https:\/\/www.bellunopress.it\/fr\/wp-json\/wp\/v2\/posts\/136700\/revisions\/136701"}],"wp:featuredmedia":[{"embeddable":true,"href":"https:\/\/www.bellunopress.it\/fr\/wp-json\/wp\/v2\/media\/98121"}],"wp:attachment":[{"href":"https:\/\/www.bellunopress.it\/fr\/wp-json\/wp\/v2\/media?parent=136700"}],"wp:term":[{"taxonomy":"category","embeddable":true,"href":"https:\/\/www.bellunopress.it\/fr\/wp-json\/wp\/v2\/categories?post=136700"},{"taxonomy":"post_tag","embeddable":true,"href":"https:\/\/www.bellunopress.it\/fr\/wp-json\/wp\/v2\/tags?post=136700"}],"curies":[{"name":"wp","href":"https:\/\/api.w.org\/{rel}","templated":true}]}}