{"id":13670,"date":"2010-03-19T18:52:31","date_gmt":"2010-03-19T17:52:31","guid":{"rendered":"http:\/\/www.bellunopress.it\/?p=13670"},"modified":"2010-03-19T18:52:31","modified_gmt":"2010-03-19T17:52:31","slug":"togli-un-mattone-all%e2%80%99altanon-domani-in-largo-castaldi-a-feltre-il-via-alla-raccolta-fondi","status":"publish","type":"post","link":"https:\/\/www.bellunopress.it\/fr\/2010\/03\/19\/togli-un-mattone-all%e2%80%99altanon-domani-in-largo-castaldi-a-feltre-il-via-alla-raccolta-fondi\/","title":{"rendered":"&#8220;Togli un mattone all\u2019Altanon&#8221;: domani in Largo Castaldi a Feltre, il via alla raccolta fondi"},"content":{"rendered":"<p><a href=\"http:\/\/www.bellunopress.it\/wp-content\/uploads\/2010\/01\/feltre-2-altanon.jpg\"><img loading=\"lazy\" decoding=\"async\" class=\"alignleft size-medium wp-image-11595\" title=\"feltre-2-altanon\" src=\"http:\/\/www.bellunopress.it\/wp-content\/uploads\/2010\/01\/feltre-2-altanon.jpg\" alt=\"\" width=\"233\" height=\"174\" \/><\/a>Il Movimento &#8220;No Altanon&#8221; coordinato da Riccardo Sartor d\u00e0 il via alla raccolta di fondi per finaziare il ricorso al Tar. &#8220;Come annunciato nei giorni scorsi, con la pubblicazione della delibera del consiglio comunale dell\u20198 febbraio sul Piano Altanon &#8211; recita la nota &#8211; abbiamo intrapreso la strada del ricorso al TAR. Domani, sabato 20 marzo, saremo in piazza per dare finalmente l\u2019avvio ufficiale alla raccolta fondi per finanziare il ricorso. Dalle 15.00 alle 19.00 allestiremo un gazebo in Largo Castaldi, con del materiale informativo, e daremo la possibilit\u00e0 ai cittadini di dare il proprio contributo economico per salvare la citt\u00e0 da un progetto inutile, dannoso e speculativo come quello dell\u2019Altanon. Chi non potr\u00e0 essere presente al gazebo avr\u00e0 diverse alternative per donare il proprio contributo. Da domani pomeriggio sar\u00e0 possibile, infatti, lasciare la propria donazione anche presso alcuni negozianti del centro che si sono resi disponibili ad essere i nostri punti di raccolta (Libreria Agor\u00e0 e Gelateria Sommariva). Ancora, venerd\u00ec 26 marzo, dalle 20.00 alle 22.00, presso la sede del Wwf di Feltre (Centro Giovani di Farra) sar\u00e0 allestito un piccolo \u201cpresidio\u201d informativo sull\u2019Altanon, dove ci sar\u00e0 ancora la possibilit\u00e0 di dare il proprio contributo per finanziare il ricorso. Infine, nei prossimi giorni sar\u00e0 attivato un conto corrente postale per dare la possibilit\u00e0, anche a chi non potr\u00e0 essere fisicamente presente ai nostri appuntamenti, e soprattutto ai molti sostenitori via web, di contribuire al ricorso. Invitiamo pertanto tutti i cittadini, nella speranza di un\u2019adesione ampia e trasversale, a compiere questo ulteriore piccolo sforzo per salvaguardare la nostra citt\u00e0 da quest\u2019inutile scempio di cemento e per dare all\u2019area Altanon una riqualificazione in sintonia con i veri bisogni della citt\u00e0. Bastano pochi euro ciascuno per coprire tutte le spese del ricorso. \u201cIo ho a cuore la mia citt\u00e0. E tu?\u201dA nome del Movimento \u201cNO Altanon\u201d *<br \/>\nRiccardo Sartor<br \/>\n* Gruppo Facebook \u201cNo agli scempi architettonici a Feltre\u201d<br \/>\nSezioni di Feltre di Wwf e Italia Nostra<br \/>\nComitato Pra\u2019 Gras<\/p>","protected":false},"excerpt":{"rendered":"<p>Il Movimento &#8220;No Altanon&#8221; coordinato da Riccardo Sartor d\u00e0 il via alla raccolta di fondi per finaziare il ricorso al Tar. &#8220;Come annunciato nei giorni scorsi, con la pubblicazione della delibera del consiglio comunale dell\u20198 febbraio sul Piano Altanon &#8211; recita la nota &#8211; abbiamo intrapreso la strada del ricorso al TAR. Domani, sabato 20 [&hellip;]<\/p>\n","protected":false},"author":2,"featured_media":0,"comment_status":"closed","ping_status":"open","sticky":false,"template":"","format":"standard","meta":{"footnotes":""},"categories":[5,26],"tags":[866,867],"class_list":["post-13670","post","type-post","status-publish","format-standard","category-cronaca","category-prima-pagina","tag-no-altanon","tag-riccardo-sartor"],"yoast_head":"<!-- This site is optimized with the Yoast SEO plugin v28.4 - https:\/\/yoast.com\/product\/yoast-seo-wordpress\/ -->\n<title>&quot;Togli un mattone all\u2019Altanon&quot;: domani in Largo Castaldi a Feltre, il via alla raccolta fondi - Bellunopress - Dolomiti<\/title>\n<meta name=\"robots\" content=\"index, follow, max-snippet:-1, max-image-preview:large, max-video-preview:-1\" \/>\n<link rel=\"canonical\" href=\"https:\/\/www.bellunopress.it\/fr\/2010\/03\/19\/togli-un-mattone-all\u2019altanon-domani-in-largo-castaldi-a-feltre-il-via-alla-raccolta-fondi\/\" \/>\n<meta property=\"og:locale\" content=\"fr_FR\" \/>\n<meta property=\"og:type\" content=\"article\" \/>\n<meta property=\"og:title\" content=\"&quot;Togli un mattone all\u2019Altanon&quot;: domani in Largo Castaldi a Feltre, il via alla raccolta fondi - Bellunopress - Dolomiti\" \/>\n<meta property=\"og:description\" content=\"Il Movimento &#8220;No Altanon&#8221; coordinato da Riccardo Sartor d\u00e0 il via alla raccolta di fondi per finaziare il ricorso al Tar. &#8220;Come annunciato nei giorni scorsi, con la pubblicazione della delibera del consiglio comunale dell\u20198 febbraio sul Piano Altanon &#8211; recita la nota &#8211; abbiamo intrapreso la strada del ricorso al TAR. Domani, sabato 20 [&hellip;]\" \/>\n<meta property=\"og:url\" content=\"https:\/\/www.bellunopress.it\/fr\/2010\/03\/19\/togli-un-mattone-all\u2019altanon-domani-in-largo-castaldi-a-feltre-il-via-alla-raccolta-fondi\/\" \/>\n<meta property=\"og:site_name\" content=\"Bellunopress - Dolomiti\" \/>\n<meta property=\"article:publisher\" content=\"https:\/\/www.facebook.com\/profile.php?id=100008943462799\" \/>\n<meta property=\"article:published_time\" content=\"2010-03-19T17:52:31+00:00\" \/>\n<meta property=\"og:image\" content=\"http:\/\/www.bellunopress.it\/wp-content\/uploads\/2010\/01\/feltre-2-altanon.jpg\" \/>\n<meta name=\"author\" content=\"redazione\" \/>\n<meta name=\"twitter:card\" content=\"summary_large_image\" \/>\n<meta name=\"twitter:creator\" content=\"@bellunopress\" \/>\n<meta name=\"twitter:site\" content=\"@bellunopress\" \/>\n<meta name=\"twitter:label1\" content=\"\u00c9crit par\" \/>\n\t<meta name=\"twitter:data1\" content=\"redazione\" \/>\n\t<meta name=\"twitter:label2\" content=\"Dur\u00e9e de lecture estim\u00e9e\" \/>\n\t<meta name=\"twitter:data2\" content=\"2 minutes\" \/>\n<script type=\"application\/ld+json\" class=\"yoast-schema-graph\">{\"@context\":\"https:\\\/\\\/schema.org\",\"@graph\":[{\"@type\":\"Article\",\"@id\":\"https:\\\/\\\/www.bellunopress.it\\\/2010\\\/03\\\/19\\\/togli-un-mattone-all%e2%80%99altanon-domani-in-largo-castaldi-a-feltre-il-via-alla-raccolta-fondi\\\/#article\",\"isPartOf\":{\"@id\":\"https:\\\/\\\/www.bellunopress.it\\\/2010\\\/03\\\/19\\\/togli-un-mattone-all%e2%80%99altanon-domani-in-largo-castaldi-a-feltre-il-via-alla-raccolta-fondi\\\/\"},\"author\":{\"name\":\"redazione\",\"@id\":\"https:\\\/\\\/www.bellunopress.it\\\/#\\\/schema\\\/person\\\/79bb06722b37ece1c03d3e94beb30d73\"},\"headline\":\"&#8220;Togli un mattone all\u2019Altanon&#8221;: domani in Largo Castaldi a Feltre, il via alla raccolta fondi\",\"datePublished\":\"2010-03-19T17:52:31+00:00\",\"mainEntityOfPage\":{\"@id\":\"https:\\\/\\\/www.bellunopress.it\\\/2010\\\/03\\\/19\\\/togli-un-mattone-all%e2%80%99altanon-domani-in-largo-castaldi-a-feltre-il-via-alla-raccolta-fondi\\\/\"},\"wordCount\":342,\"publisher\":{\"@id\":\"https:\\\/\\\/www.bellunopress.it\\\/#organization\"},\"image\":{\"@id\":\"https:\\\/\\\/www.bellunopress.it\\\/2010\\\/03\\\/19\\\/togli-un-mattone-all%e2%80%99altanon-domani-in-largo-castaldi-a-feltre-il-via-alla-raccolta-fondi\\\/#primaryimage\"},\"thumbnailUrl\":\"http:\\\/\\\/www.bellunopress.it\\\/wp-content\\\/uploads\\\/2010\\\/01\\\/feltre-2-altanon.jpg\",\"keywords\":[\"No Altanon\",\"Riccardo Sartor\"],\"articleSection\":[\"Cronaca\\\/Politica\",\"Prima Pagina\"],\"inLanguage\":\"fr-FR\"},{\"@type\":\"WebPage\",\"@id\":\"https:\\\/\\\/www.bellunopress.it\\\/2010\\\/03\\\/19\\\/togli-un-mattone-all%e2%80%99altanon-domani-in-largo-castaldi-a-feltre-il-via-alla-raccolta-fondi\\\/\",\"url\":\"https:\\\/\\\/www.bellunopress.it\\\/2010\\\/03\\\/19\\\/togli-un-mattone-all%e2%80%99altanon-domani-in-largo-castaldi-a-feltre-il-via-alla-raccolta-fondi\\\/\",\"name\":\"\\\"Togli un mattone all\u2019Altanon\\\": domani in Largo Castaldi a Feltre, il via alla raccolta fondi - Bellunopress - Dolomiti\",\"isPartOf\":{\"@id\":\"https:\\\/\\\/www.bellunopress.it\\\/#website\"},\"primaryImageOfPage\":{\"@id\":\"https:\\\/\\\/www.bellunopress.it\\\/2010\\\/03\\\/19\\\/togli-un-mattone-all%e2%80%99altanon-domani-in-largo-castaldi-a-feltre-il-via-alla-raccolta-fondi\\\/#primaryimage\"},\"image\":{\"@id\":\"https:\\\/\\\/www.bellunopress.it\\\/2010\\\/03\\\/19\\\/togli-un-mattone-all%e2%80%99altanon-domani-in-largo-castaldi-a-feltre-il-via-alla-raccolta-fondi\\\/#primaryimage\"},\"thumbnailUrl\":\"http:\\\/\\\/www.bellunopress.it\\\/wp-content\\\/uploads\\\/2010\\\/01\\\/feltre-2-altanon.jpg\",\"datePublished\":\"2010-03-19T17:52:31+00:00\",\"breadcrumb\":{\"@id\":\"https:\\\/\\\/www.bellunopress.it\\\/2010\\\/03\\\/19\\\/togli-un-mattone-all%e2%80%99altanon-domani-in-largo-castaldi-a-feltre-il-via-alla-raccolta-fondi\\\/#breadcrumb\"},\"inLanguage\":\"fr-FR\",\"potentialAction\":[{\"@type\":\"ReadAction\",\"target\":[\"https:\\\/\\\/www.bellunopress.it\\\/2010\\\/03\\\/19\\\/togli-un-mattone-all%e2%80%99altanon-domani-in-largo-castaldi-a-feltre-il-via-alla-raccolta-fondi\\\/\"]}]},{\"@type\":\"ImageObject\",\"inLanguage\":\"fr-FR\",\"@id\":\"https:\\\/\\\/www.bellunopress.it\\\/2010\\\/03\\\/19\\\/togli-un-mattone-all%e2%80%99altanon-domani-in-largo-castaldi-a-feltre-il-via-alla-raccolta-fondi\\\/#primaryimage\",\"url\":\"http:\\\/\\\/www.bellunopress.it\\\/wp-content\\\/uploads\\\/2010\\\/01\\\/feltre-2-altanon.jpg\",\"contentUrl\":\"http:\\\/\\\/www.bellunopress.it\\\/wp-content\\\/uploads\\\/2010\\\/01\\\/feltre-2-altanon.jpg\"},{\"@type\":\"BreadcrumbList\",\"@id\":\"https:\\\/\\\/www.bellunopress.it\\\/2010\\\/03\\\/19\\\/togli-un-mattone-all%e2%80%99altanon-domani-in-largo-castaldi-a-feltre-il-via-alla-raccolta-fondi\\\/#breadcrumb\",\"itemListElement\":[{\"@type\":\"ListItem\",\"position\":1,\"name\":\"Home\",\"item\":\"https:\\\/\\\/www.bellunopress.it\\\/\"},{\"@type\":\"ListItem\",\"position\":2,\"name\":\"&#8220;Togli un mattone all\u2019Altanon&#8221;: domani in Largo Castaldi a Feltre, il via alla raccolta fondi\"}]},{\"@type\":\"WebSite\",\"@id\":\"https:\\\/\\\/www.bellunopress.it\\\/#website\",\"url\":\"https:\\\/\\\/www.bellunopress.it\\\/\",\"name\":\"Bellunopress - Dolomiti\",\"description\":\"e-mail: redazione@bellunopress.it\",\"publisher\":{\"@id\":\"https:\\\/\\\/www.bellunopress.it\\\/#organization\"},\"potentialAction\":[{\"@type\":\"SearchAction\",\"target\":{\"@type\":\"EntryPoint\",\"urlTemplate\":\"https:\\\/\\\/www.bellunopress.it\\\/?s={search_term_string}\"},\"query-input\":{\"@type\":\"PropertyValueSpecification\",\"valueRequired\":true,\"valueName\":\"search_term_string\"}}],\"inLanguage\":\"fr-FR\"},{\"@type\":\"Organization\",\"@id\":\"https:\\\/\\\/www.bellunopress.it\\\/#organization\",\"name\":\"Bellunopress\",\"url\":\"https:\\\/\\\/www.bellunopress.it\\\/\",\"logo\":{\"@type\":\"ImageObject\",\"inLanguage\":\"fr-FR\",\"@id\":\"https:\\\/\\\/www.bellunopress.it\\\/#\\\/schema\\\/logo\\\/image\\\/\",\"url\":\"https:\\\/\\\/www.bellunopress.it\\\/wp-content\\\/uploads\\\/2011\\\/05\\\/cropped-logo-bellunopress-.jpg\",\"contentUrl\":\"https:\\\/\\\/www.bellunopress.it\\\/wp-content\\\/uploads\\\/2011\\\/05\\\/cropped-logo-bellunopress-.jpg\",\"width\":512,\"height\":512,\"caption\":\"Bellunopress\"},\"image\":{\"@id\":\"https:\\\/\\\/www.bellunopress.it\\\/#\\\/schema\\\/logo\\\/image\\\/\"},\"sameAs\":[\"https:\\\/\\\/www.facebook.com\\\/profile.php?id=100008943462799\",\"https:\\\/\\\/x.com\\\/bellunopress\",\"https:\\\/\\\/www.linkedin.com\\\/hp\\\/?dnr=JBzUWaJfMUw8vbXJJ2tVW5-I3jZKvC4wsoxE&amp;amp;amp;amp;amp;amp;trk=nav_responsive_tab_home\",\"https:\\\/\\\/www.youtube.com\\\/channel\\\/UCxL0wu1uN0_3_7hGG0306cw\"]},{\"@type\":\"Person\",\"@id\":\"https:\\\/\\\/www.bellunopress.it\\\/#\\\/schema\\\/person\\\/79bb06722b37ece1c03d3e94beb30d73\",\"name\":\"redazione\",\"image\":{\"@type\":\"ImageObject\",\"inLanguage\":\"fr-FR\",\"@id\":\"https:\\\/\\\/secure.gravatar.com\\\/avatar\\\/37d968a2e67a6fd04c169c4bdef102d0bc5d31b2546345219e348575eb80e9a0?s=96&d=mm&r=g\",\"url\":\"https:\\\/\\\/secure.gravatar.com\\\/avatar\\\/37d968a2e67a6fd04c169c4bdef102d0bc5d31b2546345219e348575eb80e9a0?s=96&d=mm&r=g\",\"contentUrl\":\"https:\\\/\\\/secure.gravatar.com\\\/avatar\\\/37d968a2e67a6fd04c169c4bdef102d0bc5d31b2546345219e348575eb80e9a0?s=96&d=mm&r=g\",\"caption\":\"redazione\"},\"sameAs\":[\"http:\\\/\\\/www.bellunopress.it\",\"https:\\\/\\\/x.com\\\/bellunopress\"],\"url\":\"https:\\\/\\\/www.bellunopress.it\\\/fr\\\/author\\\/redazione\\\/\"}]}<\/script>\n<!-- \/ Yoast SEO plugin. -->","yoast_head_json":{"title":"\"Togli un mattone all\u2019Altanon\": domani in Largo Castaldi a Feltre, il via alla raccolta fondi - Bellunopress - Dolomiti","robots":{"index":"index","follow":"follow","max-snippet":"max-snippet:-1","max-image-preview":"max-image-preview:large","max-video-preview":"max-video-preview:-1"},"canonical":"https:\/\/www.bellunopress.it\/fr\/2010\/03\/19\/togli-un-mattone-all\u2019altanon-domani-in-largo-castaldi-a-feltre-il-via-alla-raccolta-fondi\/","og_locale":"fr_FR","og_type":"article","og_title":"\"Togli un mattone all\u2019Altanon\": domani in Largo Castaldi a Feltre, il via alla raccolta fondi - Bellunopress - Dolomiti","og_description":"Il Movimento &#8220;No Altanon&#8221; coordinato da Riccardo Sartor d\u00e0 il via alla raccolta di fondi per finaziare il ricorso al Tar. &#8220;Come annunciato nei giorni scorsi, con la pubblicazione della delibera del consiglio comunale dell\u20198 febbraio sul Piano Altanon &#8211; recita la nota &#8211; abbiamo intrapreso la strada del ricorso al TAR. Domani, sabato 20 [&hellip;]","og_url":"https:\/\/www.bellunopress.it\/fr\/2010\/03\/19\/togli-un-mattone-all\u2019altanon-domani-in-largo-castaldi-a-feltre-il-via-alla-raccolta-fondi\/","og_site_name":"Bellunopress - Dolomiti","article_publisher":"https:\/\/www.facebook.com\/profile.php?id=100008943462799","article_published_time":"2010-03-19T17:52:31+00:00","og_image":[{"url":"http:\/\/www.bellunopress.it\/wp-content\/uploads\/2010\/01\/feltre-2-altanon.jpg","type":"","width":"","height":""}],"author":"redazione","twitter_card":"summary_large_image","twitter_creator":"@bellunopress","twitter_site":"@bellunopress","twitter_misc":{"\u00c9crit par":"redazione","Dur\u00e9e de lecture estim\u00e9e":"2 minutes"},"schema":{"@context":"https:\/\/schema.org","@graph":[{"@type":"Article","@id":"https:\/\/www.bellunopress.it\/2010\/03\/19\/togli-un-mattone-all%e2%80%99altanon-domani-in-largo-castaldi-a-feltre-il-via-alla-raccolta-fondi\/#article","isPartOf":{"@id":"https:\/\/www.bellunopress.it\/2010\/03\/19\/togli-un-mattone-all%e2%80%99altanon-domani-in-largo-castaldi-a-feltre-il-via-alla-raccolta-fondi\/"},"author":{"name":"redazione","@id":"https:\/\/www.bellunopress.it\/#\/schema\/person\/79bb06722b37ece1c03d3e94beb30d73"},"headline":"&#8220;Togli un mattone all\u2019Altanon&#8221;: domani in Largo Castaldi a Feltre, il via alla raccolta fondi","datePublished":"2010-03-19T17:52:31+00:00","mainEntityOfPage":{"@id":"https:\/\/www.bellunopress.it\/2010\/03\/19\/togli-un-mattone-all%e2%80%99altanon-domani-in-largo-castaldi-a-feltre-il-via-alla-raccolta-fondi\/"},"wordCount":342,"publisher":{"@id":"https:\/\/www.bellunopress.it\/#organization"},"image":{"@id":"https:\/\/www.bellunopress.it\/2010\/03\/19\/togli-un-mattone-all%e2%80%99altanon-domani-in-largo-castaldi-a-feltre-il-via-alla-raccolta-fondi\/#primaryimage"},"thumbnailUrl":"http:\/\/www.bellunopress.it\/wp-content\/uploads\/2010\/01\/feltre-2-altanon.jpg","keywords":["No Altanon","Riccardo Sartor"],"articleSection":["Cronaca\/Politica","Prima Pagina"],"inLanguage":"fr-FR"},{"@type":"WebPage","@id":"https:\/\/www.bellunopress.it\/2010\/03\/19\/togli-un-mattone-all%e2%80%99altanon-domani-in-largo-castaldi-a-feltre-il-via-alla-raccolta-fondi\/","url":"https:\/\/www.bellunopress.it\/2010\/03\/19\/togli-un-mattone-all%e2%80%99altanon-domani-in-largo-castaldi-a-feltre-il-via-alla-raccolta-fondi\/","name":"\"Togli un mattone all\u2019Altanon\": domani in Largo Castaldi a Feltre, il via alla raccolta fondi - Bellunopress - Dolomiti","isPartOf":{"@id":"https:\/\/www.bellunopress.it\/#website"},"primaryImageOfPage":{"@id":"https:\/\/www.bellunopress.it\/2010\/03\/19\/togli-un-mattone-all%e2%80%99altanon-domani-in-largo-castaldi-a-feltre-il-via-alla-raccolta-fondi\/#primaryimage"},"image":{"@id":"https:\/\/www.bellunopress.it\/2010\/03\/19\/togli-un-mattone-all%e2%80%99altanon-domani-in-largo-castaldi-a-feltre-il-via-alla-raccolta-fondi\/#primaryimage"},"thumbnailUrl":"http:\/\/www.bellunopress.it\/wp-content\/uploads\/2010\/01\/feltre-2-altanon.jpg","datePublished":"2010-03-19T17:52:31+00:00","breadcrumb":{"@id":"https:\/\/www.bellunopress.it\/2010\/03\/19\/togli-un-mattone-all%e2%80%99altanon-domani-in-largo-castaldi-a-feltre-il-via-alla-raccolta-fondi\/#breadcrumb"},"inLanguage":"fr-FR","potentialAction":[{"@type":"ReadAction","target":["https:\/\/www.bellunopress.it\/2010\/03\/19\/togli-un-mattone-all%e2%80%99altanon-domani-in-largo-castaldi-a-feltre-il-via-alla-raccolta-fondi\/"]}]},{"@type":"ImageObject","inLanguage":"fr-FR","@id":"https:\/\/www.bellunopress.it\/2010\/03\/19\/togli-un-mattone-all%e2%80%99altanon-domani-in-largo-castaldi-a-feltre-il-via-alla-raccolta-fondi\/#primaryimage","url":"http:\/\/www.bellunopress.it\/wp-content\/uploads\/2010\/01\/feltre-2-altanon.jpg","contentUrl":"http:\/\/www.bellunopress.it\/wp-content\/uploads\/2010\/01\/feltre-2-altanon.jpg"},{"@type":"BreadcrumbList","@id":"https:\/\/www.bellunopress.it\/2010\/03\/19\/togli-un-mattone-all%e2%80%99altanon-domani-in-largo-castaldi-a-feltre-il-via-alla-raccolta-fondi\/#breadcrumb","itemListElement":[{"@type":"ListItem","position":1,"name":"Home","item":"https:\/\/www.bellunopress.it\/"},{"@type":"ListItem","position":2,"name":"&#8220;Togli un mattone all\u2019Altanon&#8221;: domani in Largo Castaldi a Feltre, il via alla raccolta fondi"}]},{"@type":"WebSite","@id":"https:\/\/www.bellunopress.it\/#website","url":"https:\/\/www.bellunopress.it\/","name":"Bellunopress - Dolomiti","description":"e-mail: redazione@bellunopress.it","publisher":{"@id":"https:\/\/www.bellunopress.it\/#organization"},"potentialAction":[{"@type":"SearchAction","target":{"@type":"EntryPoint","urlTemplate":"https:\/\/www.bellunopress.it\/?s={search_term_string}"},"query-input":{"@type":"PropertyValueSpecification","valueRequired":true,"valueName":"search_term_string"}}],"inLanguage":"fr-FR"},{"@type":"Organization","@id":"https:\/\/www.bellunopress.it\/#organization","name":"Bellunopress","url":"https:\/\/www.bellunopress.it\/","logo":{"@type":"ImageObject","inLanguage":"fr-FR","@id":"https:\/\/www.bellunopress.it\/#\/schema\/logo\/image\/","url":"https:\/\/www.bellunopress.it\/wp-content\/uploads\/2011\/05\/cropped-logo-bellunopress-.jpg","contentUrl":"https:\/\/www.bellunopress.it\/wp-content\/uploads\/2011\/05\/cropped-logo-bellunopress-.jpg","width":512,"height":512,"caption":"Bellunopress"},"image":{"@id":"https:\/\/www.bellunopress.it\/#\/schema\/logo\/image\/"},"sameAs":["https:\/\/www.facebook.com\/profile.php?id=100008943462799","https:\/\/x.com\/bellunopress","https:\/\/www.linkedin.com\/hp\/?dnr=JBzUWaJfMUw8vbXJJ2tVW5-I3jZKvC4wsoxE&amp;amp;amp;amp;amp;amp;trk=nav_responsive_tab_home","https:\/\/www.youtube.com\/channel\/UCxL0wu1uN0_3_7hGG0306cw"]},{"@type":"Person","@id":"https:\/\/www.bellunopress.it\/#\/schema\/person\/79bb06722b37ece1c03d3e94beb30d73","name":"r\u00e9daction","image":{"@type":"ImageObject","inLanguage":"fr-FR","@id":"https:\/\/secure.gravatar.com\/avatar\/37d968a2e67a6fd04c169c4bdef102d0bc5d31b2546345219e348575eb80e9a0?s=96&d=mm&r=g","url":"https:\/\/secure.gravatar.com\/avatar\/37d968a2e67a6fd04c169c4bdef102d0bc5d31b2546345219e348575eb80e9a0?s=96&d=mm&r=g","contentUrl":"https:\/\/secure.gravatar.com\/avatar\/37d968a2e67a6fd04c169c4bdef102d0bc5d31b2546345219e348575eb80e9a0?s=96&d=mm&r=g","caption":"redazione"},"sameAs":["http:\/\/www.bellunopress.it","https:\/\/x.com\/bellunopress"],"url":"https:\/\/www.bellunopress.it\/fr\/author\/redazione\/"}]}},"_links":{"self":[{"href":"https:\/\/www.bellunopress.it\/fr\/wp-json\/wp\/v2\/posts\/13670","targetHints":{"allow":["GET"]}}],"collection":[{"href":"https:\/\/www.bellunopress.it\/fr\/wp-json\/wp\/v2\/posts"}],"about":[{"href":"https:\/\/www.bellunopress.it\/fr\/wp-json\/wp\/v2\/types\/post"}],"author":[{"embeddable":true,"href":"https:\/\/www.bellunopress.it\/fr\/wp-json\/wp\/v2\/users\/2"}],"replies":[{"embeddable":true,"href":"https:\/\/www.bellunopress.it\/fr\/wp-json\/wp\/v2\/comments?post=13670"}],"version-history":[{"count":1,"href":"https:\/\/www.bellunopress.it\/fr\/wp-json\/wp\/v2\/posts\/13670\/revisions"}],"predecessor-version":[{"id":13671,"href":"https:\/\/www.bellunopress.it\/fr\/wp-json\/wp\/v2\/posts\/13670\/revisions\/13671"}],"wp:attachment":[{"href":"https:\/\/www.bellunopress.it\/fr\/wp-json\/wp\/v2\/media?parent=13670"}],"wp:term":[{"taxonomy":"category","embeddable":true,"href":"https:\/\/www.bellunopress.it\/fr\/wp-json\/wp\/v2\/categories?post=13670"},{"taxonomy":"post_tag","embeddable":true,"href":"https:\/\/www.bellunopress.it\/fr\/wp-json\/wp\/v2\/tags?post=13670"}],"curies":[{"name":"wp","href":"https:\/\/api.w.org\/{rel}","templated":true}]}}