{"id":136696,"date":"2022-09-29T18:14:42","date_gmt":"2022-09-29T16:14:42","guid":{"rendered":"https:\/\/www.bellunopress.it\/?p=136696"},"modified":"2022-09-29T18:14:42","modified_gmt":"2022-09-29T16:14:42","slug":"domenica-al-roccolo-di-zelant-di-mel-aperitivo-con-la-musica-al-tei-e-chiusura-mostra-fotografica-francescon","status":"publish","type":"post","link":"https:\/\/www.bellunopress.it\/fr\/2022\/09\/29\/domenica-al-roccolo-di-zelant-di-mel-aperitivo-con-la-musica-al-tei-e-chiusura-mostra-fotografica-francescon\/","title":{"rendered":"Domenica al roccolo di Zelant di Mel aperitivo con la musica &#8220;Al Tei&#8221; e chiusura mostra fotografica Francescon"},"content":{"rendered":"<figure id=\"attachment_136697\" aria-describedby=\"caption-attachment-136697\" style=\"width: 587px\" class=\"wp-caption alignleft\"><img loading=\"lazy\" decoding=\"async\" class=\"size-full wp-image-136697\" src=\"https:\/\/www.bellunopress.it\/wp-content\/uploads\/2022\/09\/rocolo-ai-Guarnieri_edited.jpg\" alt=\"\" width=\"587\" height=\"441\" srcset=\"https:\/\/www.bellunopress.it\/wp-content\/uploads\/2022\/09\/rocolo-ai-Guarnieri_edited.jpg 587w, https:\/\/www.bellunopress.it\/wp-content\/uploads\/2022\/09\/rocolo-ai-Guarnieri_edited-500x376.jpg 500w, https:\/\/www.bellunopress.it\/wp-content\/uploads\/2022\/09\/rocolo-ai-Guarnieri_edited-559x420.jpg 559w, https:\/\/www.bellunopress.it\/wp-content\/uploads\/2022\/09\/rocolo-ai-Guarnieri_edited-80x60.jpg 80w, https:\/\/www.bellunopress.it\/wp-content\/uploads\/2022\/09\/rocolo-ai-Guarnieri_edited-265x198.jpg 265w\" sizes=\"auto, (max-width: 587px) 100vw, 587px\" \/><figcaption id=\"caption-attachment-136697\" class=\"wp-caption-text\">Roccolo dei Guarnieri<\/figcaption><\/figure>\n<p>L\u2019Associazione culturale ArtDolomites APS, in collaborazione con gli organizzatori della Mostra fotografica dedicata alla figura di Giovanni Francescon ancora molto presente nei tanti che ne hanno apprezzato disponibilit\u00e0 e impegno sociale, hanno organizzato per domenica 2 ottobre a Zelant di Mel alle ore 16,00 un Concerto inedito. Infatti, si terr\u00e0 all\u2019interno del Roccolo dei Guarnieri, uno dei pochi roccoli ancora ben conservati presente in provincia.<\/p>\n<p>\u201cE\u2019 nello spirito di ArtDolomites- dichiara il Presidente Renzo Limana- aprirsi al territorio per valorizzarne le bellezze e le potenzialit\u00e0. In questo caso \u00e8 per noi un vero piacere stante che Giovanni \u00e8 stato per noi un amico stimato.<br \/>\nPer Giampaolo Ciet, che ha coordinato la mostra fotografica:\u201c Siamo molto contenti del notevole numero di visitatori che hanno apprezzato la fusione delle foto con le poesie esposte e il contesto ambientale circostante. Ringrazio i volontari che per tutta l\u2019estate hanno tenuto in ordine e sfalciato il sito\u201d.<\/p>\n<p>Allieter\u00e0 l\u2019incontro la musica popolare del duo \u201cAL TEI\u201d con Andrea Da Cort\u00e0 e Sandro Del Duca.<\/p>","protected":false},"excerpt":{"rendered":"<p>L\u2019Associazione culturale ArtDolomites APS, in collaborazione con gli organizzatori della Mostra fotografica dedicata alla figura di Giovanni Francescon ancora molto presente nei tanti che ne hanno apprezzato disponibilit\u00e0 e impegno sociale, hanno organizzato per domenica 2 ottobre a Zelant di Mel alle ore 16,00 un Concerto inedito. Infatti, si terr\u00e0 all\u2019interno del Roccolo dei Guarnieri, [&hellip;]<\/p>\n","protected":false},"author":2,"featured_media":136697,"comment_status":"closed","ping_status":"open","sticky":false,"template":"","format":"standard","meta":{"footnotes":""},"categories":[27,25,4],"tags":[],"class_list":["post-136696","post","type-post","status-publish","format-standard","has-post-thumbnail","category-appuntamenti","category-pausa-caffe","category-sport"],"yoast_head":"<!-- This site is optimized with the Yoast SEO plugin v28.4 - https:\/\/yoast.com\/product\/yoast-seo-wordpress\/ -->\n<title>Domenica al roccolo di Zelant di Mel aperitivo con la musica &quot;Al Tei&quot; e chiusura mostra fotografica Francescon - Bellunopress - Dolomiti<\/title>\n<meta name=\"robots\" content=\"index, follow, max-snippet:-1, max-image-preview:large, max-video-preview:-1\" \/>\n<link rel=\"canonical\" href=\"https:\/\/www.bellunopress.it\/fr\/2022\/09\/29\/domenica-al-roccolo-di-zelant-di-mel-aperitivo-con-la-musica-al-tei-e-chiusura-mostra-fotografica-francescon\/\" \/>\n<meta property=\"og:locale\" content=\"fr_FR\" \/>\n<meta property=\"og:type\" content=\"article\" \/>\n<meta property=\"og:title\" content=\"Domenica al roccolo di Zelant di Mel aperitivo con la musica &quot;Al Tei&quot; e chiusura mostra fotografica Francescon - Bellunopress - Dolomiti\" \/>\n<meta property=\"og:description\" content=\"L\u2019Associazione culturale ArtDolomites APS, in collaborazione con gli organizzatori della Mostra fotografica dedicata alla figura di Giovanni Francescon ancora molto presente nei tanti che ne hanno apprezzato disponibilit\u00e0 e impegno sociale, hanno organizzato per domenica 2 ottobre a Zelant di Mel alle ore 16,00 un Concerto inedito. Infatti, si terr\u00e0 all\u2019interno del Roccolo dei Guarnieri, [&hellip;]\" \/>\n<meta property=\"og:url\" content=\"https:\/\/www.bellunopress.it\/fr\/2022\/09\/29\/domenica-al-roccolo-di-zelant-di-mel-aperitivo-con-la-musica-al-tei-e-chiusura-mostra-fotografica-francescon\/\" \/>\n<meta property=\"og:site_name\" content=\"Bellunopress - Dolomiti\" \/>\n<meta property=\"article:publisher\" content=\"https:\/\/www.facebook.com\/profile.php?id=100008943462799\" \/>\n<meta property=\"article:published_time\" content=\"2022-09-29T16:14:42+00:00\" \/>\n<meta property=\"og:image\" content=\"https:\/\/www.bellunopress.it\/wp-content\/uploads\/2022\/09\/rocolo-ai-Guarnieri_edited.jpg\" \/>\n\t<meta property=\"og:image:width\" content=\"587\" \/>\n\t<meta property=\"og:image:height\" content=\"441\" \/>\n\t<meta property=\"og:image:type\" content=\"image\/jpeg\" \/>\n<meta name=\"author\" content=\"redazione\" \/>\n<meta name=\"twitter:card\" content=\"summary_large_image\" \/>\n<meta name=\"twitter:creator\" content=\"@bellunopress\" \/>\n<meta name=\"twitter:site\" content=\"@bellunopress\" \/>\n<meta name=\"twitter:label1\" content=\"Written by\" \/>\n\t<meta name=\"twitter:data1\" content=\"redazione\" \/>\n\t<meta name=\"twitter:label2\" content=\"Est. reading time\" \/>\n\t<meta name=\"twitter:data2\" content=\"2 minutes\" \/>\n<script type=\"application\/ld+json\" class=\"yoast-schema-graph\">{\"@context\":\"https:\\\/\\\/schema.org\",\"@graph\":[{\"@type\":\"Article\",\"@id\":\"https:\\\/\\\/www.bellunopress.it\\\/2022\\\/09\\\/29\\\/domenica-al-roccolo-di-zelant-di-mel-aperitivo-con-la-musica-al-tei-e-chiusura-mostra-fotografica-francescon\\\/#article\",\"isPartOf\":{\"@id\":\"https:\\\/\\\/www.bellunopress.it\\\/2022\\\/09\\\/29\\\/domenica-al-roccolo-di-zelant-di-mel-aperitivo-con-la-musica-al-tei-e-chiusura-mostra-fotografica-francescon\\\/\"},\"author\":{\"name\":\"redazione\",\"@id\":\"https:\\\/\\\/www.bellunopress.it\\\/#\\\/schema\\\/person\\\/79bb06722b37ece1c03d3e94beb30d73\"},\"headline\":\"Domenica al roccolo di Zelant di Mel aperitivo con la musica &#8220;Al Tei&#8221; e chiusura mostra fotografica Francescon\",\"datePublished\":\"2022-09-29T16:14:42+00:00\",\"mainEntityOfPage\":{\"@id\":\"https:\\\/\\\/www.bellunopress.it\\\/2022\\\/09\\\/29\\\/domenica-al-roccolo-di-zelant-di-mel-aperitivo-con-la-musica-al-tei-e-chiusura-mostra-fotografica-francescon\\\/\"},\"wordCount\":197,\"publisher\":{\"@id\":\"https:\\\/\\\/www.bellunopress.it\\\/#organization\"},\"image\":{\"@id\":\"https:\\\/\\\/www.bellunopress.it\\\/2022\\\/09\\\/29\\\/domenica-al-roccolo-di-zelant-di-mel-aperitivo-con-la-musica-al-tei-e-chiusura-mostra-fotografica-francescon\\\/#primaryimage\"},\"thumbnailUrl\":\"https:\\\/\\\/www.bellunopress.it\\\/wp-content\\\/uploads\\\/2022\\\/09\\\/rocolo-ai-Guarnieri_edited.jpg\",\"articleSection\":[\"Appuntamenti, Eventi\",\"Pausa Caff\u00e8\",\"Sport, tempo libero\"],\"inLanguage\":\"fr-FR\"},{\"@type\":\"WebPage\",\"@id\":\"https:\\\/\\\/www.bellunopress.it\\\/2022\\\/09\\\/29\\\/domenica-al-roccolo-di-zelant-di-mel-aperitivo-con-la-musica-al-tei-e-chiusura-mostra-fotografica-francescon\\\/\",\"url\":\"https:\\\/\\\/www.bellunopress.it\\\/2022\\\/09\\\/29\\\/domenica-al-roccolo-di-zelant-di-mel-aperitivo-con-la-musica-al-tei-e-chiusura-mostra-fotografica-francescon\\\/\",\"name\":\"Domenica al roccolo di Zelant di Mel aperitivo con la musica \\\"Al Tei\\\" e chiusura mostra fotografica Francescon - Bellunopress - Dolomiti\",\"isPartOf\":{\"@id\":\"https:\\\/\\\/www.bellunopress.it\\\/#website\"},\"primaryImageOfPage\":{\"@id\":\"https:\\\/\\\/www.bellunopress.it\\\/2022\\\/09\\\/29\\\/domenica-al-roccolo-di-zelant-di-mel-aperitivo-con-la-musica-al-tei-e-chiusura-mostra-fotografica-francescon\\\/#primaryimage\"},\"image\":{\"@id\":\"https:\\\/\\\/www.bellunopress.it\\\/2022\\\/09\\\/29\\\/domenica-al-roccolo-di-zelant-di-mel-aperitivo-con-la-musica-al-tei-e-chiusura-mostra-fotografica-francescon\\\/#primaryimage\"},\"thumbnailUrl\":\"https:\\\/\\\/www.bellunopress.it\\\/wp-content\\\/uploads\\\/2022\\\/09\\\/rocolo-ai-Guarnieri_edited.jpg\",\"datePublished\":\"2022-09-29T16:14:42+00:00\",\"breadcrumb\":{\"@id\":\"https:\\\/\\\/www.bellunopress.it\\\/2022\\\/09\\\/29\\\/domenica-al-roccolo-di-zelant-di-mel-aperitivo-con-la-musica-al-tei-e-chiusura-mostra-fotografica-francescon\\\/#breadcrumb\"},\"inLanguage\":\"fr-FR\",\"potentialAction\":[{\"@type\":\"ReadAction\",\"target\":[\"https:\\\/\\\/www.bellunopress.it\\\/2022\\\/09\\\/29\\\/domenica-al-roccolo-di-zelant-di-mel-aperitivo-con-la-musica-al-tei-e-chiusura-mostra-fotografica-francescon\\\/\"]}]},{\"@type\":\"ImageObject\",\"inLanguage\":\"fr-FR\",\"@id\":\"https:\\\/\\\/www.bellunopress.it\\\/2022\\\/09\\\/29\\\/domenica-al-roccolo-di-zelant-di-mel-aperitivo-con-la-musica-al-tei-e-chiusura-mostra-fotografica-francescon\\\/#primaryimage\",\"url\":\"https:\\\/\\\/www.bellunopress.it\\\/wp-content\\\/uploads\\\/2022\\\/09\\\/rocolo-ai-Guarnieri_edited.jpg\",\"contentUrl\":\"https:\\\/\\\/www.bellunopress.it\\\/wp-content\\\/uploads\\\/2022\\\/09\\\/rocolo-ai-Guarnieri_edited.jpg\",\"width\":587,\"height\":441,\"caption\":\"Roccolo dei Guarnieri\"},{\"@type\":\"BreadcrumbList\",\"@id\":\"https:\\\/\\\/www.bellunopress.it\\\/2022\\\/09\\\/29\\\/domenica-al-roccolo-di-zelant-di-mel-aperitivo-con-la-musica-al-tei-e-chiusura-mostra-fotografica-francescon\\\/#breadcrumb\",\"itemListElement\":[{\"@type\":\"ListItem\",\"position\":1,\"name\":\"Home\",\"item\":\"https:\\\/\\\/www.bellunopress.it\\\/\"},{\"@type\":\"ListItem\",\"position\":2,\"name\":\"Domenica al roccolo di Zelant di Mel aperitivo con la musica &#8220;Al Tei&#8221; e chiusura mostra fotografica Francescon\"}]},{\"@type\":\"WebSite\",\"@id\":\"https:\\\/\\\/www.bellunopress.it\\\/#website\",\"url\":\"https:\\\/\\\/www.bellunopress.it\\\/\",\"name\":\"Bellunopress - Dolomiti\",\"description\":\"e-mail: redazione@bellunopress.it\",\"publisher\":{\"@id\":\"https:\\\/\\\/www.bellunopress.it\\\/#organization\"},\"potentialAction\":[{\"@type\":\"SearchAction\",\"target\":{\"@type\":\"EntryPoint\",\"urlTemplate\":\"https:\\\/\\\/www.bellunopress.it\\\/?s={search_term_string}\"},\"query-input\":{\"@type\":\"PropertyValueSpecification\",\"valueRequired\":true,\"valueName\":\"search_term_string\"}}],\"inLanguage\":\"fr-FR\"},{\"@type\":\"Organization\",\"@id\":\"https:\\\/\\\/www.bellunopress.it\\\/#organization\",\"name\":\"Bellunopress\",\"url\":\"https:\\\/\\\/www.bellunopress.it\\\/\",\"logo\":{\"@type\":\"ImageObject\",\"inLanguage\":\"fr-FR\",\"@id\":\"https:\\\/\\\/www.bellunopress.it\\\/#\\\/schema\\\/logo\\\/image\\\/\",\"url\":\"https:\\\/\\\/www.bellunopress.it\\\/wp-content\\\/uploads\\\/2011\\\/05\\\/cropped-logo-bellunopress-.jpg\",\"contentUrl\":\"https:\\\/\\\/www.bellunopress.it\\\/wp-content\\\/uploads\\\/2011\\\/05\\\/cropped-logo-bellunopress-.jpg\",\"width\":512,\"height\":512,\"caption\":\"Bellunopress\"},\"image\":{\"@id\":\"https:\\\/\\\/www.bellunopress.it\\\/#\\\/schema\\\/logo\\\/image\\\/\"},\"sameAs\":[\"https:\\\/\\\/www.facebook.com\\\/profile.php?id=100008943462799\",\"https:\\\/\\\/x.com\\\/bellunopress\",\"https:\\\/\\\/www.linkedin.com\\\/hp\\\/?dnr=JBzUWaJfMUw8vbXJJ2tVW5-I3jZKvC4wsoxE&amp;amp;amp;amp;amp;amp;trk=nav_responsive_tab_home\",\"https:\\\/\\\/www.youtube.com\\\/channel\\\/UCxL0wu1uN0_3_7hGG0306cw\"]},{\"@type\":\"Person\",\"@id\":\"https:\\\/\\\/www.bellunopress.it\\\/#\\\/schema\\\/person\\\/79bb06722b37ece1c03d3e94beb30d73\",\"name\":\"redazione\",\"image\":{\"@type\":\"ImageObject\",\"inLanguage\":\"fr-FR\",\"@id\":\"https:\\\/\\\/secure.gravatar.com\\\/avatar\\\/37d968a2e67a6fd04c169c4bdef102d0bc5d31b2546345219e348575eb80e9a0?s=96&d=mm&r=g\",\"url\":\"https:\\\/\\\/secure.gravatar.com\\\/avatar\\\/37d968a2e67a6fd04c169c4bdef102d0bc5d31b2546345219e348575eb80e9a0?s=96&d=mm&r=g\",\"contentUrl\":\"https:\\\/\\\/secure.gravatar.com\\\/avatar\\\/37d968a2e67a6fd04c169c4bdef102d0bc5d31b2546345219e348575eb80e9a0?s=96&d=mm&r=g\",\"caption\":\"redazione\"},\"sameAs\":[\"http:\\\/\\\/www.bellunopress.it\",\"https:\\\/\\\/x.com\\\/bellunopress\"],\"url\":\"https:\\\/\\\/www.bellunopress.it\\\/fr\\\/author\\\/redazione\\\/\"}]}<\/script>\n<!-- \/ Yoast SEO plugin. -->","yoast_head_json":{"title":"Domenica al roccolo di Zelant di Mel aperitivo con la musica \"Al Tei\" e chiusura mostra fotografica Francescon - Bellunopress - Dolomiti","robots":{"index":"index","follow":"follow","max-snippet":"max-snippet:-1","max-image-preview":"max-image-preview:large","max-video-preview":"max-video-preview:-1"},"canonical":"https:\/\/www.bellunopress.it\/fr\/2022\/09\/29\/domenica-al-roccolo-di-zelant-di-mel-aperitivo-con-la-musica-al-tei-e-chiusura-mostra-fotografica-francescon\/","og_locale":"fr_FR","og_type":"article","og_title":"Domenica al roccolo di Zelant di Mel aperitivo con la musica \"Al Tei\" e chiusura mostra fotografica Francescon - Bellunopress - Dolomiti","og_description":"L\u2019Associazione culturale ArtDolomites APS, in collaborazione con gli organizzatori della Mostra fotografica dedicata alla figura di Giovanni Francescon ancora molto presente nei tanti che ne hanno apprezzato disponibilit\u00e0 e impegno sociale, hanno organizzato per domenica 2 ottobre a Zelant di Mel alle ore 16,00 un Concerto inedito. Infatti, si terr\u00e0 all\u2019interno del Roccolo dei Guarnieri, [&hellip;]","og_url":"https:\/\/www.bellunopress.it\/fr\/2022\/09\/29\/domenica-al-roccolo-di-zelant-di-mel-aperitivo-con-la-musica-al-tei-e-chiusura-mostra-fotografica-francescon\/","og_site_name":"Bellunopress - Dolomiti","article_publisher":"https:\/\/www.facebook.com\/profile.php?id=100008943462799","article_published_time":"2022-09-29T16:14:42+00:00","og_image":[{"width":587,"height":441,"url":"https:\/\/www.bellunopress.it\/wp-content\/uploads\/2022\/09\/rocolo-ai-Guarnieri_edited.jpg","type":"image\/jpeg"}],"author":"redazione","twitter_card":"summary_large_image","twitter_creator":"@bellunopress","twitter_site":"@bellunopress","twitter_misc":{"Written by":"redazione","Est. reading time":"2 minutes"},"schema":{"@context":"https:\/\/schema.org","@graph":[{"@type":"Article","@id":"https:\/\/www.bellunopress.it\/2022\/09\/29\/domenica-al-roccolo-di-zelant-di-mel-aperitivo-con-la-musica-al-tei-e-chiusura-mostra-fotografica-francescon\/#article","isPartOf":{"@id":"https:\/\/www.bellunopress.it\/2022\/09\/29\/domenica-al-roccolo-di-zelant-di-mel-aperitivo-con-la-musica-al-tei-e-chiusura-mostra-fotografica-francescon\/"},"author":{"name":"redazione","@id":"https:\/\/www.bellunopress.it\/#\/schema\/person\/79bb06722b37ece1c03d3e94beb30d73"},"headline":"Domenica al roccolo di Zelant di Mel aperitivo con la musica &#8220;Al Tei&#8221; e chiusura mostra fotografica Francescon","datePublished":"2022-09-29T16:14:42+00:00","mainEntityOfPage":{"@id":"https:\/\/www.bellunopress.it\/2022\/09\/29\/domenica-al-roccolo-di-zelant-di-mel-aperitivo-con-la-musica-al-tei-e-chiusura-mostra-fotografica-francescon\/"},"wordCount":197,"publisher":{"@id":"https:\/\/www.bellunopress.it\/#organization"},"image":{"@id":"https:\/\/www.bellunopress.it\/2022\/09\/29\/domenica-al-roccolo-di-zelant-di-mel-aperitivo-con-la-musica-al-tei-e-chiusura-mostra-fotografica-francescon\/#primaryimage"},"thumbnailUrl":"https:\/\/www.bellunopress.it\/wp-content\/uploads\/2022\/09\/rocolo-ai-Guarnieri_edited.jpg","articleSection":["Appuntamenti, Eventi","Pausa Caff\u00e8","Sport, tempo libero"],"inLanguage":"fr-FR"},{"@type":"WebPage","@id":"https:\/\/www.bellunopress.it\/2022\/09\/29\/domenica-al-roccolo-di-zelant-di-mel-aperitivo-con-la-musica-al-tei-e-chiusura-mostra-fotografica-francescon\/","url":"https:\/\/www.bellunopress.it\/2022\/09\/29\/domenica-al-roccolo-di-zelant-di-mel-aperitivo-con-la-musica-al-tei-e-chiusura-mostra-fotografica-francescon\/","name":"Domenica al roccolo di Zelant di Mel aperitivo con la musica \"Al Tei\" e chiusura mostra fotografica Francescon - Bellunopress - Dolomiti","isPartOf":{"@id":"https:\/\/www.bellunopress.it\/#website"},"primaryImageOfPage":{"@id":"https:\/\/www.bellunopress.it\/2022\/09\/29\/domenica-al-roccolo-di-zelant-di-mel-aperitivo-con-la-musica-al-tei-e-chiusura-mostra-fotografica-francescon\/#primaryimage"},"image":{"@id":"https:\/\/www.bellunopress.it\/2022\/09\/29\/domenica-al-roccolo-di-zelant-di-mel-aperitivo-con-la-musica-al-tei-e-chiusura-mostra-fotografica-francescon\/#primaryimage"},"thumbnailUrl":"https:\/\/www.bellunopress.it\/wp-content\/uploads\/2022\/09\/rocolo-ai-Guarnieri_edited.jpg","datePublished":"2022-09-29T16:14:42+00:00","breadcrumb":{"@id":"https:\/\/www.bellunopress.it\/2022\/09\/29\/domenica-al-roccolo-di-zelant-di-mel-aperitivo-con-la-musica-al-tei-e-chiusura-mostra-fotografica-francescon\/#breadcrumb"},"inLanguage":"fr-FR","potentialAction":[{"@type":"ReadAction","target":["https:\/\/www.bellunopress.it\/2022\/09\/29\/domenica-al-roccolo-di-zelant-di-mel-aperitivo-con-la-musica-al-tei-e-chiusura-mostra-fotografica-francescon\/"]}]},{"@type":"ImageObject","inLanguage":"fr-FR","@id":"https:\/\/www.bellunopress.it\/2022\/09\/29\/domenica-al-roccolo-di-zelant-di-mel-aperitivo-con-la-musica-al-tei-e-chiusura-mostra-fotografica-francescon\/#primaryimage","url":"https:\/\/www.bellunopress.it\/wp-content\/uploads\/2022\/09\/rocolo-ai-Guarnieri_edited.jpg","contentUrl":"https:\/\/www.bellunopress.it\/wp-content\/uploads\/2022\/09\/rocolo-ai-Guarnieri_edited.jpg","width":587,"height":441,"caption":"Roccolo dei Guarnieri"},{"@type":"BreadcrumbList","@id":"https:\/\/www.bellunopress.it\/2022\/09\/29\/domenica-al-roccolo-di-zelant-di-mel-aperitivo-con-la-musica-al-tei-e-chiusura-mostra-fotografica-francescon\/#breadcrumb","itemListElement":[{"@type":"ListItem","position":1,"name":"Home","item":"https:\/\/www.bellunopress.it\/"},{"@type":"ListItem","position":2,"name":"Domenica al roccolo di Zelant di Mel aperitivo con la musica &#8220;Al Tei&#8221; e chiusura mostra fotografica Francescon"}]},{"@type":"WebSite","@id":"https:\/\/www.bellunopress.it\/#website","url":"https:\/\/www.bellunopress.it\/","name":"Bellunopress - Dolomiti","description":"e-mail: redazione@bellunopress.it","publisher":{"@id":"https:\/\/www.bellunopress.it\/#organization"},"potentialAction":[{"@type":"SearchAction","target":{"@type":"EntryPoint","urlTemplate":"https:\/\/www.bellunopress.it\/?s={search_term_string}"},"query-input":{"@type":"PropertyValueSpecification","valueRequired":true,"valueName":"search_term_string"}}],"inLanguage":"fr-FR"},{"@type":"Organization","@id":"https:\/\/www.bellunopress.it\/#organization","name":"Bellunopress","url":"https:\/\/www.bellunopress.it\/","logo":{"@type":"ImageObject","inLanguage":"fr-FR","@id":"https:\/\/www.bellunopress.it\/#\/schema\/logo\/image\/","url":"https:\/\/www.bellunopress.it\/wp-content\/uploads\/2011\/05\/cropped-logo-bellunopress-.jpg","contentUrl":"https:\/\/www.bellunopress.it\/wp-content\/uploads\/2011\/05\/cropped-logo-bellunopress-.jpg","width":512,"height":512,"caption":"Bellunopress"},"image":{"@id":"https:\/\/www.bellunopress.it\/#\/schema\/logo\/image\/"},"sameAs":["https:\/\/www.facebook.com\/profile.php?id=100008943462799","https:\/\/x.com\/bellunopress","https:\/\/www.linkedin.com\/hp\/?dnr=JBzUWaJfMUw8vbXJJ2tVW5-I3jZKvC4wsoxE&amp;amp;amp;amp;amp;amp;trk=nav_responsive_tab_home","https:\/\/www.youtube.com\/channel\/UCxL0wu1uN0_3_7hGG0306cw"]},{"@type":"Person","@id":"https:\/\/www.bellunopress.it\/#\/schema\/person\/79bb06722b37ece1c03d3e94beb30d73","name":"r\u00e9daction","image":{"@type":"ImageObject","inLanguage":"fr-FR","@id":"https:\/\/secure.gravatar.com\/avatar\/37d968a2e67a6fd04c169c4bdef102d0bc5d31b2546345219e348575eb80e9a0?s=96&d=mm&r=g","url":"https:\/\/secure.gravatar.com\/avatar\/37d968a2e67a6fd04c169c4bdef102d0bc5d31b2546345219e348575eb80e9a0?s=96&d=mm&r=g","contentUrl":"https:\/\/secure.gravatar.com\/avatar\/37d968a2e67a6fd04c169c4bdef102d0bc5d31b2546345219e348575eb80e9a0?s=96&d=mm&r=g","caption":"redazione"},"sameAs":["http:\/\/www.bellunopress.it","https:\/\/x.com\/bellunopress"],"url":"https:\/\/www.bellunopress.it\/fr\/author\/redazione\/"}]}},"_links":{"self":[{"href":"https:\/\/www.bellunopress.it\/fr\/wp-json\/wp\/v2\/posts\/136696","targetHints":{"allow":["GET"]}}],"collection":[{"href":"https:\/\/www.bellunopress.it\/fr\/wp-json\/wp\/v2\/posts"}],"about":[{"href":"https:\/\/www.bellunopress.it\/fr\/wp-json\/wp\/v2\/types\/post"}],"author":[{"embeddable":true,"href":"https:\/\/www.bellunopress.it\/fr\/wp-json\/wp\/v2\/users\/2"}],"replies":[{"embeddable":true,"href":"https:\/\/www.bellunopress.it\/fr\/wp-json\/wp\/v2\/comments?post=136696"}],"version-history":[{"count":1,"href":"https:\/\/www.bellunopress.it\/fr\/wp-json\/wp\/v2\/posts\/136696\/revisions"}],"predecessor-version":[{"id":136699,"href":"https:\/\/www.bellunopress.it\/fr\/wp-json\/wp\/v2\/posts\/136696\/revisions\/136699"}],"wp:featuredmedia":[{"embeddable":true,"href":"https:\/\/www.bellunopress.it\/fr\/wp-json\/wp\/v2\/media\/136697"}],"wp:attachment":[{"href":"https:\/\/www.bellunopress.it\/fr\/wp-json\/wp\/v2\/media?parent=136696"}],"wp:term":[{"taxonomy":"category","embeddable":true,"href":"https:\/\/www.bellunopress.it\/fr\/wp-json\/wp\/v2\/categories?post=136696"},{"taxonomy":"post_tag","embeddable":true,"href":"https:\/\/www.bellunopress.it\/fr\/wp-json\/wp\/v2\/tags?post=136696"}],"curies":[{"name":"wp","href":"https:\/\/api.w.org\/{rel}","templated":true}]}}