{"id":136694,"date":"2022-09-29T18:06:19","date_gmt":"2022-09-29T16:06:19","guid":{"rendered":"https:\/\/www.bellunopress.it\/?p=136694"},"modified":"2022-09-29T18:06:19","modified_gmt":"2022-09-29T16:06:19","slug":"dal-1-ottobre-al-via-le-preiscrizioni-a-la-sportiva-lavaredo-ultra-trail-by-utmb-2023","status":"publish","type":"post","link":"https:\/\/www.bellunopress.it\/fr\/2022\/09\/29\/dal-1-ottobre-al-via-le-preiscrizioni-a-la-sportiva-lavaredo-ultra-trail-by-utmb-2023\/","title":{"rendered":"Dal 1\u00b0 ottobre al via le preiscrizioni a La Sportiva Lavaredo Ultra Trail by UTMB\u00ae 2023"},"content":{"rendered":"<p><em>L&#8217;evento di Cortina d&#8217;Ampezzo, unica prova italiana delle UTMB\u00ae World Series, \u00e8 in programma dal 22 al 25 giugno. Nuovo sito web e nuovi nomi delle gare<\/em><\/p>\n<p><img loading=\"lazy\" decoding=\"async\" class=\"alignleft size-full wp-image-133636\" src=\"https:\/\/www.bellunopress.it\/wp-content\/uploads\/2022\/05\/La-Sportiva-Lavaredo-\u00a9Canofotosport_edited.jpg\" alt=\"\" width=\"1000\" height=\"667\" srcset=\"https:\/\/www.bellunopress.it\/wp-content\/uploads\/2022\/05\/La-Sportiva-Lavaredo-\u00a9Canofotosport_edited.jpg 1000w, https:\/\/www.bellunopress.it\/wp-content\/uploads\/2022\/05\/La-Sportiva-Lavaredo-\u00a9Canofotosport_edited-500x334.jpg 500w, https:\/\/www.bellunopress.it\/wp-content\/uploads\/2022\/05\/La-Sportiva-Lavaredo-\u00a9Canofotosport_edited-696x464.jpg 696w, https:\/\/www.bellunopress.it\/wp-content\/uploads\/2022\/05\/La-Sportiva-Lavaredo-\u00a9Canofotosport_edited-630x420.jpg 630w\" sizes=\"auto, (max-width: 1000px) 100vw, 1000px\" \/>Cortina d&#8217;Ampezzo (Belluno), 29 settembre 2022 \u2013 All&#8217;appuntamento mancano ancora parecchi mesi ma \u00e8 gi\u00e0 tempo di pensare alla 16\u00aa edizione della La Sportiva Lavaredo Ultra Trail by UTMB\u00ae, la manifestazione internazionale di riferimento assoluto nel calendario degli eventi dedicati alla corsa in natura e unica prova italiana delle UTMB\u00ae World Series, il circuito nato nel 2022 dalla sinergia tra Utmb e Ironman Group, che raggruppa le pi\u00f9 celebri gare ultra al mondo.<br \/>\nLa Sportiva Lavaredo Ultra Trail by UTMB\u00ae si svolger\u00e0 a Cortina d&#8217;Ampezzo, nelle Dolomiti Bellunesi, dal 22 al 25 giugno prossimi. Tra qualche giorno si potr\u00e0 andare a caccia del pettorale: dal 1\u00b0 al 10 ottobre aprono infatti le preiscrizioni. I posti disponibili per le quattro distanze di gara sono 5200, cos\u00ec distribuiti: 1800 per la Lavaredo 120K (nuova denominazione della Lavaredo Ultra Trail), 1000 per la Lavaredo 80K (ex UltraDolomites), 1800 per la Lavaredo 50K (ex Cortina Trail) e 600 per la Lavaredo 20K (ex Cortina Skyrace). La Lavaredo 80K, unica prova in linea del tracciato, nel 2023 vedr\u00e0 la partenza da San Vito di Cadore, dopo le passate edizioni che hanno visto lo start da Auronzo, Sesto e San Vigilio di Marebbe.<br \/>\nSe il numero delle richieste sar\u00e0 superiore ai posti disponibili, si ricorrer\u00e0 come consuetudine al sorteggio. La scorsa edizione della La Sportiva Lavaredo Ultra Trail by UTMB\u00ae ha fatto registrare oltre 10mila richieste di partecipazione.<br \/>\nTutte le informazioni sulle modalit\u00e0 di iscrizione e sui dettagli dell&#8217;evento (percorsi, orari, ecc.) si possono trovare sul rinnovato sito della manifestazione: lavaredo.utmb.world<\/p>\n<p><strong>La Sportiva Lavaredo Ultra Trail by UTMB\u00ae<\/strong><br \/>\nNata nel 2007, la Sportiva Lavaredo Ultra Trail by UTMB\u00ae rappresenta il sogno di ogni trail runner. Si svolge in uno degli scenari di maggior suggestione delle Dolomiti Patrimonio dell&#8217;Umanit\u00e0 Unesco, quello di Cortina d&#8217;Ampezzo, sede di partenza e arrivo di tutti e quattro gli eventi che danno vita alla manifestazione, il pi\u00f9 importante dei quali \u00e8 la Lavaredo 120K, con i suoi 120 chilometri di sviluppo e 5.800 metri di dislivello positivo. Approfondimento: lavaredo.utmb.world<\/p>\n<p><strong>UTMB\u00ae World Series<\/strong><\/p>\n<p>UTMB\u00ae World Series \u00e8 il circuito di trail running pi\u00f9 importante al mondo che unisce i top runner della specialit\u00e0 agli amatori nei massimi eventi internazionali che si svolgono nelle localit\u00e0 pi\u00f9 iconiche. Abbinando la passione per la montagna alla sostenibilit\u00e0 ambientale, UTMB\u00ae World Series offre a tutti gli appassionati di trail running la possibilit\u00e0 di vivere l&#8217;esperienza UTMB\u00ae in tutto il mondo, con eventi che si svolgono tra Asia, Oceania, Europa e Americhe. \u00c8 l&#8217;unico mezzo con il quale i runner possono ambire a un posto per l&#8217;UTMB\u00ae Mont-Blanc \u2013 Francia \u2013 l&#8217;evento finale di UTMB\u00ae World Series. Approfondimento qui: www.utmb.world<\/p>\n<p><strong>IRONMAN Group<\/strong><br \/>\nIRONMAN Group \u00e8 una societ\u00e0 di promozione di eventi sportivi che propone un&#8217;ampia gamma di proposte di altissimo livello: dal triathlon (IRONMAN\u00ae Triathlon Series, IRONMAN\u00ae 70.3\u00ae Triathlon Series, IRONMAN\u00ae Virtual Racing\u2122 Series, 5150\u2122 Triathlon Series, Rock &#8216;n&#8217; Roll\u00ae Running Series, Rock &#8216;n&#8217; Roll Virtual Running\u2122 Series, IRONKIDS\u00ae, World Triathlon Championship Series) al podismo (Singapore Marathon\u2122, The Sun-Herald City2Surf\u00ae, gli eventi delle UTMB\u00ae World Series), dal ciclismo (Absa Cape Epic\u00ae) ad altri eventi multisport.<br \/>\nThe IRONMAN Group \u00e8 la pi\u00f9 importante organizzazione di eventi sportivi di massa al mondo, con centinaia di manifestazioni che si svolgono in 55 paesi. Approfondimento qui: www.ironman.com<\/p>","protected":false},"excerpt":{"rendered":"<p>L&#8217;evento di Cortina d&#8217;Ampezzo, unica prova italiana delle UTMB\u00ae World Series, \u00e8 in programma dal 22 al 25 giugno. Nuovo sito web e nuovi nomi delle gare Cortina d&#8217;Ampezzo (Belluno), 29 settembre 2022 \u2013 All&#8217;appuntamento mancano ancora parecchi mesi ma \u00e8 gi\u00e0 tempo di pensare alla 16\u00aa edizione della La Sportiva Lavaredo Ultra Trail by [&hellip;]<\/p>\n","protected":false},"author":2,"featured_media":133636,"comment_status":"closed","ping_status":"open","sticky":false,"template":"","format":"standard","meta":{"footnotes":""},"categories":[25,4],"tags":[3540],"class_list":["post-136694","post","type-post","status-publish","format-standard","has-post-thumbnail","category-pausa-caffe","category-sport","tag-la-sportiva-lavaredo-ultra-trail-by-utmb"],"yoast_head":"<!-- This site is optimized with the Yoast SEO plugin v28.4 - https:\/\/yoast.com\/product\/yoast-seo-wordpress\/ -->\n<title>Dal 1\u00b0 ottobre al via le preiscrizioni a La Sportiva Lavaredo Ultra Trail by UTMB\u00ae 2023 - Bellunopress - Dolomiti<\/title>\n<meta name=\"robots\" content=\"index, follow, max-snippet:-1, max-image-preview:large, max-video-preview:-1\" \/>\n<link rel=\"canonical\" href=\"https:\/\/www.bellunopress.it\/fr\/2022\/09\/29\/dal-1-ottobre-al-via-le-preiscrizioni-a-la-sportiva-lavaredo-ultra-trail-by-utmb-2023\/\" \/>\n<meta property=\"og:locale\" content=\"fr_FR\" \/>\n<meta property=\"og:type\" content=\"article\" \/>\n<meta property=\"og:title\" content=\"Dal 1\u00b0 ottobre al via le preiscrizioni a La Sportiva Lavaredo Ultra Trail by UTMB\u00ae 2023 - Bellunopress - Dolomiti\" \/>\n<meta property=\"og:description\" content=\"L&#8217;evento di Cortina d&#8217;Ampezzo, unica prova italiana delle UTMB\u00ae World Series, \u00e8 in programma dal 22 al 25 giugno. Nuovo sito web e nuovi nomi delle gare Cortina d&#8217;Ampezzo (Belluno), 29 settembre 2022 \u2013 All&#8217;appuntamento mancano ancora parecchi mesi ma \u00e8 gi\u00e0 tempo di pensare alla 16\u00aa edizione della La Sportiva Lavaredo Ultra Trail by [&hellip;]\" \/>\n<meta property=\"og:url\" content=\"https:\/\/www.bellunopress.it\/fr\/2022\/09\/29\/dal-1-ottobre-al-via-le-preiscrizioni-a-la-sportiva-lavaredo-ultra-trail-by-utmb-2023\/\" \/>\n<meta property=\"og:site_name\" content=\"Bellunopress - Dolomiti\" \/>\n<meta property=\"article:publisher\" content=\"https:\/\/www.facebook.com\/profile.php?id=100008943462799\" \/>\n<meta property=\"article:published_time\" content=\"2022-09-29T16:06:19+00:00\" \/>\n<meta property=\"og:image\" content=\"https:\/\/www.bellunopress.it\/wp-content\/uploads\/2022\/05\/La-Sportiva-Lavaredo-\u00a9Canofotosport_edited.jpg\" \/>\n\t<meta property=\"og:image:width\" content=\"1000\" \/>\n\t<meta property=\"og:image:height\" content=\"667\" \/>\n\t<meta property=\"og:image:type\" content=\"image\/jpeg\" \/>\n<meta name=\"author\" content=\"redazione\" \/>\n<meta name=\"twitter:card\" content=\"summary_large_image\" \/>\n<meta name=\"twitter:creator\" content=\"@bellunopress\" \/>\n<meta name=\"twitter:site\" content=\"@bellunopress\" \/>\n<meta name=\"twitter:label1\" content=\"\u00c9crit par\" \/>\n\t<meta name=\"twitter:data1\" content=\"redazione\" \/>\n\t<meta name=\"twitter:label2\" content=\"Dur\u00e9e de lecture estim\u00e9e\" \/>\n\t<meta name=\"twitter:data2\" content=\"4 minutes\" \/>\n<script type=\"application\/ld+json\" class=\"yoast-schema-graph\">{\"@context\":\"https:\\\/\\\/schema.org\",\"@graph\":[{\"@type\":\"Article\",\"@id\":\"https:\\\/\\\/www.bellunopress.it\\\/2022\\\/09\\\/29\\\/dal-1-ottobre-al-via-le-preiscrizioni-a-la-sportiva-lavaredo-ultra-trail-by-utmb-2023\\\/#article\",\"isPartOf\":{\"@id\":\"https:\\\/\\\/www.bellunopress.it\\\/2022\\\/09\\\/29\\\/dal-1-ottobre-al-via-le-preiscrizioni-a-la-sportiva-lavaredo-ultra-trail-by-utmb-2023\\\/\"},\"author\":{\"name\":\"redazione\",\"@id\":\"https:\\\/\\\/www.bellunopress.it\\\/#\\\/schema\\\/person\\\/79bb06722b37ece1c03d3e94beb30d73\"},\"headline\":\"Dal 1\u00b0 ottobre al via le preiscrizioni a La Sportiva Lavaredo Ultra Trail by UTMB\u00ae 2023\",\"datePublished\":\"2022-09-29T16:06:19+00:00\",\"mainEntityOfPage\":{\"@id\":\"https:\\\/\\\/www.bellunopress.it\\\/2022\\\/09\\\/29\\\/dal-1-ottobre-al-via-le-preiscrizioni-a-la-sportiva-lavaredo-ultra-trail-by-utmb-2023\\\/\"},\"wordCount\":576,\"publisher\":{\"@id\":\"https:\\\/\\\/www.bellunopress.it\\\/#organization\"},\"image\":{\"@id\":\"https:\\\/\\\/www.bellunopress.it\\\/2022\\\/09\\\/29\\\/dal-1-ottobre-al-via-le-preiscrizioni-a-la-sportiva-lavaredo-ultra-trail-by-utmb-2023\\\/#primaryimage\"},\"thumbnailUrl\":\"https:\\\/\\\/www.bellunopress.it\\\/wp-content\\\/uploads\\\/2022\\\/05\\\/La-Sportiva-Lavaredo-\u00a9Canofotosport_edited.jpg\",\"keywords\":[\"La Sportiva Lavaredo Ultra Trail by UTMB\u00ae\"],\"articleSection\":[\"Pausa Caff\u00e8\",\"Sport, tempo libero\"],\"inLanguage\":\"fr-FR\"},{\"@type\":\"WebPage\",\"@id\":\"https:\\\/\\\/www.bellunopress.it\\\/2022\\\/09\\\/29\\\/dal-1-ottobre-al-via-le-preiscrizioni-a-la-sportiva-lavaredo-ultra-trail-by-utmb-2023\\\/\",\"url\":\"https:\\\/\\\/www.bellunopress.it\\\/2022\\\/09\\\/29\\\/dal-1-ottobre-al-via-le-preiscrizioni-a-la-sportiva-lavaredo-ultra-trail-by-utmb-2023\\\/\",\"name\":\"Dal 1\u00b0 ottobre al via le preiscrizioni a La Sportiva Lavaredo Ultra Trail by UTMB\u00ae 2023 - Bellunopress - Dolomiti\",\"isPartOf\":{\"@id\":\"https:\\\/\\\/www.bellunopress.it\\\/#website\"},\"primaryImageOfPage\":{\"@id\":\"https:\\\/\\\/www.bellunopress.it\\\/2022\\\/09\\\/29\\\/dal-1-ottobre-al-via-le-preiscrizioni-a-la-sportiva-lavaredo-ultra-trail-by-utmb-2023\\\/#primaryimage\"},\"image\":{\"@id\":\"https:\\\/\\\/www.bellunopress.it\\\/2022\\\/09\\\/29\\\/dal-1-ottobre-al-via-le-preiscrizioni-a-la-sportiva-lavaredo-ultra-trail-by-utmb-2023\\\/#primaryimage\"},\"thumbnailUrl\":\"https:\\\/\\\/www.bellunopress.it\\\/wp-content\\\/uploads\\\/2022\\\/05\\\/La-Sportiva-Lavaredo-\u00a9Canofotosport_edited.jpg\",\"datePublished\":\"2022-09-29T16:06:19+00:00\",\"breadcrumb\":{\"@id\":\"https:\\\/\\\/www.bellunopress.it\\\/2022\\\/09\\\/29\\\/dal-1-ottobre-al-via-le-preiscrizioni-a-la-sportiva-lavaredo-ultra-trail-by-utmb-2023\\\/#breadcrumb\"},\"inLanguage\":\"fr-FR\",\"potentialAction\":[{\"@type\":\"ReadAction\",\"target\":[\"https:\\\/\\\/www.bellunopress.it\\\/2022\\\/09\\\/29\\\/dal-1-ottobre-al-via-le-preiscrizioni-a-la-sportiva-lavaredo-ultra-trail-by-utmb-2023\\\/\"]}]},{\"@type\":\"ImageObject\",\"inLanguage\":\"fr-FR\",\"@id\":\"https:\\\/\\\/www.bellunopress.it\\\/2022\\\/09\\\/29\\\/dal-1-ottobre-al-via-le-preiscrizioni-a-la-sportiva-lavaredo-ultra-trail-by-utmb-2023\\\/#primaryimage\",\"url\":\"https:\\\/\\\/www.bellunopress.it\\\/wp-content\\\/uploads\\\/2022\\\/05\\\/La-Sportiva-Lavaredo-\u00a9Canofotosport_edited.jpg\",\"contentUrl\":\"https:\\\/\\\/www.bellunopress.it\\\/wp-content\\\/uploads\\\/2022\\\/05\\\/La-Sportiva-Lavaredo-\u00a9Canofotosport_edited.jpg\",\"width\":1000,\"height\":667},{\"@type\":\"BreadcrumbList\",\"@id\":\"https:\\\/\\\/www.bellunopress.it\\\/2022\\\/09\\\/29\\\/dal-1-ottobre-al-via-le-preiscrizioni-a-la-sportiva-lavaredo-ultra-trail-by-utmb-2023\\\/#breadcrumb\",\"itemListElement\":[{\"@type\":\"ListItem\",\"position\":1,\"name\":\"Home\",\"item\":\"https:\\\/\\\/www.bellunopress.it\\\/\"},{\"@type\":\"ListItem\",\"position\":2,\"name\":\"Dal 1\u00b0 ottobre al via le preiscrizioni a La Sportiva Lavaredo Ultra Trail by UTMB\u00ae 2023\"}]},{\"@type\":\"WebSite\",\"@id\":\"https:\\\/\\\/www.bellunopress.it\\\/#website\",\"url\":\"https:\\\/\\\/www.bellunopress.it\\\/\",\"name\":\"Bellunopress - Dolomiti\",\"description\":\"e-mail: redazione@bellunopress.it\",\"publisher\":{\"@id\":\"https:\\\/\\\/www.bellunopress.it\\\/#organization\"},\"potentialAction\":[{\"@type\":\"SearchAction\",\"target\":{\"@type\":\"EntryPoint\",\"urlTemplate\":\"https:\\\/\\\/www.bellunopress.it\\\/?s={search_term_string}\"},\"query-input\":{\"@type\":\"PropertyValueSpecification\",\"valueRequired\":true,\"valueName\":\"search_term_string\"}}],\"inLanguage\":\"fr-FR\"},{\"@type\":\"Organization\",\"@id\":\"https:\\\/\\\/www.bellunopress.it\\\/#organization\",\"name\":\"Bellunopress\",\"url\":\"https:\\\/\\\/www.bellunopress.it\\\/\",\"logo\":{\"@type\":\"ImageObject\",\"inLanguage\":\"fr-FR\",\"@id\":\"https:\\\/\\\/www.bellunopress.it\\\/#\\\/schema\\\/logo\\\/image\\\/\",\"url\":\"https:\\\/\\\/www.bellunopress.it\\\/wp-content\\\/uploads\\\/2011\\\/05\\\/cropped-logo-bellunopress-.jpg\",\"contentUrl\":\"https:\\\/\\\/www.bellunopress.it\\\/wp-content\\\/uploads\\\/2011\\\/05\\\/cropped-logo-bellunopress-.jpg\",\"width\":512,\"height\":512,\"caption\":\"Bellunopress\"},\"image\":{\"@id\":\"https:\\\/\\\/www.bellunopress.it\\\/#\\\/schema\\\/logo\\\/image\\\/\"},\"sameAs\":[\"https:\\\/\\\/www.facebook.com\\\/profile.php?id=100008943462799\",\"https:\\\/\\\/x.com\\\/bellunopress\",\"https:\\\/\\\/www.linkedin.com\\\/hp\\\/?dnr=JBzUWaJfMUw8vbXJJ2tVW5-I3jZKvC4wsoxE&amp;amp;amp;amp;amp;amp;trk=nav_responsive_tab_home\",\"https:\\\/\\\/www.youtube.com\\\/channel\\\/UCxL0wu1uN0_3_7hGG0306cw\"]},{\"@type\":\"Person\",\"@id\":\"https:\\\/\\\/www.bellunopress.it\\\/#\\\/schema\\\/person\\\/79bb06722b37ece1c03d3e94beb30d73\",\"name\":\"redazione\",\"image\":{\"@type\":\"ImageObject\",\"inLanguage\":\"fr-FR\",\"@id\":\"https:\\\/\\\/secure.gravatar.com\\\/avatar\\\/37d968a2e67a6fd04c169c4bdef102d0bc5d31b2546345219e348575eb80e9a0?s=96&d=mm&r=g\",\"url\":\"https:\\\/\\\/secure.gravatar.com\\\/avatar\\\/37d968a2e67a6fd04c169c4bdef102d0bc5d31b2546345219e348575eb80e9a0?s=96&d=mm&r=g\",\"contentUrl\":\"https:\\\/\\\/secure.gravatar.com\\\/avatar\\\/37d968a2e67a6fd04c169c4bdef102d0bc5d31b2546345219e348575eb80e9a0?s=96&d=mm&r=g\",\"caption\":\"redazione\"},\"sameAs\":[\"http:\\\/\\\/www.bellunopress.it\",\"https:\\\/\\\/x.com\\\/bellunopress\"],\"url\":\"https:\\\/\\\/www.bellunopress.it\\\/fr\\\/author\\\/redazione\\\/\"}]}<\/script>\n<!-- \/ Yoast SEO plugin. -->","yoast_head_json":{"title":"Dal 1\u00b0 ottobre al via le preiscrizioni a La Sportiva Lavaredo Ultra Trail by UTMB\u00ae 2023 - Bellunopress - Dolomiti","robots":{"index":"index","follow":"follow","max-snippet":"max-snippet:-1","max-image-preview":"max-image-preview:large","max-video-preview":"max-video-preview:-1"},"canonical":"https:\/\/www.bellunopress.it\/fr\/2022\/09\/29\/dal-1-ottobre-al-via-le-preiscrizioni-a-la-sportiva-lavaredo-ultra-trail-by-utmb-2023\/","og_locale":"fr_FR","og_type":"article","og_title":"Dal 1\u00b0 ottobre al via le preiscrizioni a La Sportiva Lavaredo Ultra Trail by UTMB\u00ae 2023 - Bellunopress - Dolomiti","og_description":"L&#8217;evento di Cortina d&#8217;Ampezzo, unica prova italiana delle UTMB\u00ae World Series, \u00e8 in programma dal 22 al 25 giugno. Nuovo sito web e nuovi nomi delle gare Cortina d&#8217;Ampezzo (Belluno), 29 settembre 2022 \u2013 All&#8217;appuntamento mancano ancora parecchi mesi ma \u00e8 gi\u00e0 tempo di pensare alla 16\u00aa edizione della La Sportiva Lavaredo Ultra Trail by [&hellip;]","og_url":"https:\/\/www.bellunopress.it\/fr\/2022\/09\/29\/dal-1-ottobre-al-via-le-preiscrizioni-a-la-sportiva-lavaredo-ultra-trail-by-utmb-2023\/","og_site_name":"Bellunopress - Dolomiti","article_publisher":"https:\/\/www.facebook.com\/profile.php?id=100008943462799","article_published_time":"2022-09-29T16:06:19+00:00","og_image":[{"width":1000,"height":667,"url":"https:\/\/www.bellunopress.it\/wp-content\/uploads\/2022\/05\/La-Sportiva-Lavaredo-\u00a9Canofotosport_edited.jpg","type":"image\/jpeg"}],"author":"redazione","twitter_card":"summary_large_image","twitter_creator":"@bellunopress","twitter_site":"@bellunopress","twitter_misc":{"\u00c9crit par":"redazione","Dur\u00e9e de lecture estim\u00e9e":"4 minutes"},"schema":{"@context":"https:\/\/schema.org","@graph":[{"@type":"Article","@id":"https:\/\/www.bellunopress.it\/2022\/09\/29\/dal-1-ottobre-al-via-le-preiscrizioni-a-la-sportiva-lavaredo-ultra-trail-by-utmb-2023\/#article","isPartOf":{"@id":"https:\/\/www.bellunopress.it\/2022\/09\/29\/dal-1-ottobre-al-via-le-preiscrizioni-a-la-sportiva-lavaredo-ultra-trail-by-utmb-2023\/"},"author":{"name":"redazione","@id":"https:\/\/www.bellunopress.it\/#\/schema\/person\/79bb06722b37ece1c03d3e94beb30d73"},"headline":"Dal 1\u00b0 ottobre al via le preiscrizioni a La Sportiva Lavaredo Ultra Trail by UTMB\u00ae 2023","datePublished":"2022-09-29T16:06:19+00:00","mainEntityOfPage":{"@id":"https:\/\/www.bellunopress.it\/2022\/09\/29\/dal-1-ottobre-al-via-le-preiscrizioni-a-la-sportiva-lavaredo-ultra-trail-by-utmb-2023\/"},"wordCount":576,"publisher":{"@id":"https:\/\/www.bellunopress.it\/#organization"},"image":{"@id":"https:\/\/www.bellunopress.it\/2022\/09\/29\/dal-1-ottobre-al-via-le-preiscrizioni-a-la-sportiva-lavaredo-ultra-trail-by-utmb-2023\/#primaryimage"},"thumbnailUrl":"https:\/\/www.bellunopress.it\/wp-content\/uploads\/2022\/05\/La-Sportiva-Lavaredo-\u00a9Canofotosport_edited.jpg","keywords":["La Sportiva Lavaredo Ultra Trail by UTMB\u00ae"],"articleSection":["Pausa Caff\u00e8","Sport, tempo libero"],"inLanguage":"fr-FR"},{"@type":"WebPage","@id":"https:\/\/www.bellunopress.it\/2022\/09\/29\/dal-1-ottobre-al-via-le-preiscrizioni-a-la-sportiva-lavaredo-ultra-trail-by-utmb-2023\/","url":"https:\/\/www.bellunopress.it\/2022\/09\/29\/dal-1-ottobre-al-via-le-preiscrizioni-a-la-sportiva-lavaredo-ultra-trail-by-utmb-2023\/","name":"Dal 1\u00b0 ottobre al via le preiscrizioni a La Sportiva Lavaredo Ultra Trail by UTMB\u00ae 2023 - Bellunopress - Dolomiti","isPartOf":{"@id":"https:\/\/www.bellunopress.it\/#website"},"primaryImageOfPage":{"@id":"https:\/\/www.bellunopress.it\/2022\/09\/29\/dal-1-ottobre-al-via-le-preiscrizioni-a-la-sportiva-lavaredo-ultra-trail-by-utmb-2023\/#primaryimage"},"image":{"@id":"https:\/\/www.bellunopress.it\/2022\/09\/29\/dal-1-ottobre-al-via-le-preiscrizioni-a-la-sportiva-lavaredo-ultra-trail-by-utmb-2023\/#primaryimage"},"thumbnailUrl":"https:\/\/www.bellunopress.it\/wp-content\/uploads\/2022\/05\/La-Sportiva-Lavaredo-\u00a9Canofotosport_edited.jpg","datePublished":"2022-09-29T16:06:19+00:00","breadcrumb":{"@id":"https:\/\/www.bellunopress.it\/2022\/09\/29\/dal-1-ottobre-al-via-le-preiscrizioni-a-la-sportiva-lavaredo-ultra-trail-by-utmb-2023\/#breadcrumb"},"inLanguage":"fr-FR","potentialAction":[{"@type":"ReadAction","target":["https:\/\/www.bellunopress.it\/2022\/09\/29\/dal-1-ottobre-al-via-le-preiscrizioni-a-la-sportiva-lavaredo-ultra-trail-by-utmb-2023\/"]}]},{"@type":"ImageObject","inLanguage":"fr-FR","@id":"https:\/\/www.bellunopress.it\/2022\/09\/29\/dal-1-ottobre-al-via-le-preiscrizioni-a-la-sportiva-lavaredo-ultra-trail-by-utmb-2023\/#primaryimage","url":"https:\/\/www.bellunopress.it\/wp-content\/uploads\/2022\/05\/La-Sportiva-Lavaredo-\u00a9Canofotosport_edited.jpg","contentUrl":"https:\/\/www.bellunopress.it\/wp-content\/uploads\/2022\/05\/La-Sportiva-Lavaredo-\u00a9Canofotosport_edited.jpg","width":1000,"height":667},{"@type":"BreadcrumbList","@id":"https:\/\/www.bellunopress.it\/2022\/09\/29\/dal-1-ottobre-al-via-le-preiscrizioni-a-la-sportiva-lavaredo-ultra-trail-by-utmb-2023\/#breadcrumb","itemListElement":[{"@type":"ListItem","position":1,"name":"Home","item":"https:\/\/www.bellunopress.it\/"},{"@type":"ListItem","position":2,"name":"Dal 1\u00b0 ottobre al via le preiscrizioni a La Sportiva Lavaredo Ultra Trail by UTMB\u00ae 2023"}]},{"@type":"WebSite","@id":"https:\/\/www.bellunopress.it\/#website","url":"https:\/\/www.bellunopress.it\/","name":"Bellunopress - Dolomiti","description":"e-mail: redazione@bellunopress.it","publisher":{"@id":"https:\/\/www.bellunopress.it\/#organization"},"potentialAction":[{"@type":"SearchAction","target":{"@type":"EntryPoint","urlTemplate":"https:\/\/www.bellunopress.it\/?s={search_term_string}"},"query-input":{"@type":"PropertyValueSpecification","valueRequired":true,"valueName":"search_term_string"}}],"inLanguage":"fr-FR"},{"@type":"Organization","@id":"https:\/\/www.bellunopress.it\/#organization","name":"Bellunopress","url":"https:\/\/www.bellunopress.it\/","logo":{"@type":"ImageObject","inLanguage":"fr-FR","@id":"https:\/\/www.bellunopress.it\/#\/schema\/logo\/image\/","url":"https:\/\/www.bellunopress.it\/wp-content\/uploads\/2011\/05\/cropped-logo-bellunopress-.jpg","contentUrl":"https:\/\/www.bellunopress.it\/wp-content\/uploads\/2011\/05\/cropped-logo-bellunopress-.jpg","width":512,"height":512,"caption":"Bellunopress"},"image":{"@id":"https:\/\/www.bellunopress.it\/#\/schema\/logo\/image\/"},"sameAs":["https:\/\/www.facebook.com\/profile.php?id=100008943462799","https:\/\/x.com\/bellunopress","https:\/\/www.linkedin.com\/hp\/?dnr=JBzUWaJfMUw8vbXJJ2tVW5-I3jZKvC4wsoxE&amp;amp;amp;amp;amp;amp;trk=nav_responsive_tab_home","https:\/\/www.youtube.com\/channel\/UCxL0wu1uN0_3_7hGG0306cw"]},{"@type":"Person","@id":"https:\/\/www.bellunopress.it\/#\/schema\/person\/79bb06722b37ece1c03d3e94beb30d73","name":"r\u00e9daction","image":{"@type":"ImageObject","inLanguage":"fr-FR","@id":"https:\/\/secure.gravatar.com\/avatar\/37d968a2e67a6fd04c169c4bdef102d0bc5d31b2546345219e348575eb80e9a0?s=96&d=mm&r=g","url":"https:\/\/secure.gravatar.com\/avatar\/37d968a2e67a6fd04c169c4bdef102d0bc5d31b2546345219e348575eb80e9a0?s=96&d=mm&r=g","contentUrl":"https:\/\/secure.gravatar.com\/avatar\/37d968a2e67a6fd04c169c4bdef102d0bc5d31b2546345219e348575eb80e9a0?s=96&d=mm&r=g","caption":"redazione"},"sameAs":["http:\/\/www.bellunopress.it","https:\/\/x.com\/bellunopress"],"url":"https:\/\/www.bellunopress.it\/fr\/author\/redazione\/"}]}},"_links":{"self":[{"href":"https:\/\/www.bellunopress.it\/fr\/wp-json\/wp\/v2\/posts\/136694","targetHints":{"allow":["GET"]}}],"collection":[{"href":"https:\/\/www.bellunopress.it\/fr\/wp-json\/wp\/v2\/posts"}],"about":[{"href":"https:\/\/www.bellunopress.it\/fr\/wp-json\/wp\/v2\/types\/post"}],"author":[{"embeddable":true,"href":"https:\/\/www.bellunopress.it\/fr\/wp-json\/wp\/v2\/users\/2"}],"replies":[{"embeddable":true,"href":"https:\/\/www.bellunopress.it\/fr\/wp-json\/wp\/v2\/comments?post=136694"}],"version-history":[{"count":1,"href":"https:\/\/www.bellunopress.it\/fr\/wp-json\/wp\/v2\/posts\/136694\/revisions"}],"predecessor-version":[{"id":136695,"href":"https:\/\/www.bellunopress.it\/fr\/wp-json\/wp\/v2\/posts\/136694\/revisions\/136695"}],"wp:featuredmedia":[{"embeddable":true,"href":"https:\/\/www.bellunopress.it\/fr\/wp-json\/wp\/v2\/media\/133636"}],"wp:attachment":[{"href":"https:\/\/www.bellunopress.it\/fr\/wp-json\/wp\/v2\/media?parent=136694"}],"wp:term":[{"taxonomy":"category","embeddable":true,"href":"https:\/\/www.bellunopress.it\/fr\/wp-json\/wp\/v2\/categories?post=136694"},{"taxonomy":"post_tag","embeddable":true,"href":"https:\/\/www.bellunopress.it\/fr\/wp-json\/wp\/v2\/tags?post=136694"}],"curies":[{"name":"wp","href":"https:\/\/api.w.org\/{rel}","templated":true}]}}