{"id":136692,"date":"2022-09-29T10:51:41","date_gmt":"2022-09-29T08:51:41","guid":{"rendered":"https:\/\/www.bellunopress.it\/?p=136692"},"modified":"2022-09-29T10:51:41","modified_gmt":"2022-09-29T08:51:41","slug":"gas-aumenti-dal-1-ottobre-tetto-alle-bollette-con-che-soldi-marsiglia-come-li-abbiamo-trovati-per-le-armi-a-kiev","status":"publish","type":"post","link":"https:\/\/www.bellunopress.it\/fr\/2022\/09\/29\/gas-aumenti-dal-1-ottobre-tetto-alle-bollette-con-che-soldi-marsiglia-come-li-abbiamo-trovati-per-le-armi-a-kiev\/","title":{"rendered":"Gas, aumenti dal 1\u00b0 ottobre. Tetto alle bollette con che soldi? Marsiglia: &#8220;Come li abbiamo trovati per le armi a Kiev&#8230;&#8221;"},"content":{"rendered":"<figure id=\"attachment_131872\" aria-describedby=\"caption-attachment-131872\" style=\"width: 860px\" class=\"wp-caption alignleft\"><img loading=\"lazy\" decoding=\"async\" class=\"size-full wp-image-131872\" src=\"https:\/\/www.bellunopress.it\/wp-content\/uploads\/2022\/03\/Marsiglia-FederPetroli-Italia.jpg\" alt=\"\" width=\"860\" height=\"450\" srcset=\"https:\/\/www.bellunopress.it\/wp-content\/uploads\/2022\/03\/Marsiglia-FederPetroli-Italia.jpg 860w, https:\/\/www.bellunopress.it\/wp-content\/uploads\/2022\/03\/Marsiglia-FederPetroli-Italia-500x262.jpg 500w, https:\/\/www.bellunopress.it\/wp-content\/uploads\/2022\/03\/Marsiglia-FederPetroli-Italia-696x364.jpg 696w, https:\/\/www.bellunopress.it\/wp-content\/uploads\/2022\/03\/Marsiglia-FederPetroli-Italia-803x420.jpg 803w\" sizes=\"auto, (max-width: 860px) 100vw, 860px\" \/><figcaption id=\"caption-attachment-131872\" class=\"wp-caption-text\">Michele Marsiglia, presidente FederPetroli Italia<\/figcaption><\/figure>\n<p>Roma 29 settembre 2022 &#8211; In una lunga intervista\u00a0 ilsussidiario.net ha interpellato il presidente di FederPetroli Italia Michele Marsiglia\u00a0per capire cosa potrebbe succedere da sabato in merito alle politiche del Governo nella delicata situazione del Caro-Bollette.<\/p>\n<p>&#8220;Bisognerebbe spiegare semmai agli italiani &#8211; ha detto Marsiglia &#8211; perch\u00e9 i soldi per l&#8217;invio delle armi all&#8217;Ucraina si sono trovati, mentre quelli per le bollette non ancora&#8221;!<\/p>\n<p>&#8220;L&#8217;importante sar\u00e0 non attingere agli stoccaggi, perch\u00e9 si tratta di riserve strategiche, devono servire nel caso di incidenti o episodi come quello di cui si \u00e8 avuta notizia marted\u00ec.<\/p>\n<p>Bisognerebbe prendere la Gran Bretagna come modello: la Premier Truss appena insediata ha messo un tetto alle bollette di famiglie e imprese fino al 2024. Il differenziale per arrivare al prezzo di mercato verr\u00e0 coperto dallo Stato&#8221;.<\/p>\n<p class=\"v1title\"><strong><em>L&#8217;intervista completa: <a href=\"https:\/\/057380.messageplus.it\/nl\/pdl57m\/qi4hyx1\/qwevy1a\/uf\/1\/aHR0cHM6Ly93d3cuaWxzdXNzaWRpYXJpby5uZXQvbmV3cy9hdW1lbnRpLWRhbC0xLW90dG9icmUtdGV0dG8tYWxsZS1ib2xsZXR0ZS1jb24tY2hlLXNvbGRpLWNvbWUtbGktYWJiaWFtby10cm92YXRpLXBlci1sZS1hcm1pLWEta2lldi8yNDEzMDgxLw?_d=78S&amp;_c=da2b816b\" target=\"_blank\" rel=\"noopener noreferrer\">https:\/\/www.ilsussidiario.net\/news\/aumenti-dal-1-ottobre-tetto-alle-bollette-con-che-soldi-come-li-abbiamo-trovati-per-le-armi-a-kiev\/2413081\/<\/a><a href=\"https:\/\/057380.messageplus.it\/nl\/pdl57m\/qi4hyx1\/qwevy1a\/uf\/2\/aHR0cHM6Ly93d3cuaWxzdXNzaWRpYXJpby5uZXQvbmV3cy9nYXMtZS1wb2xpdGljYS1yaXNjaGlhbW8tdW5hbHRyYS1saWJpYS1nb3Zlcm5vLWFzc2VudGUtZS1pbXByZXNlLWluLWNyaXNpLzIzOTA3NzIv?_d=78S&amp;_c=847c767d\" target=\"_blank\" rel=\"noopener noreferrer\"><br \/>\n<\/a><\/em><\/strong><\/p>\n<p align=\"center\">\n<p align=\"center\"><strong>\u00a0<\/strong><\/p>","protected":false},"excerpt":{"rendered":"<p>Roma 29 settembre 2022 &#8211; In una lunga intervista\u00a0 ilsussidiario.net ha interpellato il presidente di FederPetroli Italia Michele Marsiglia\u00a0per capire cosa potrebbe succedere da sabato in merito alle politiche del Governo nella delicata situazione del Caro-Bollette. &#8220;Bisognerebbe spiegare semmai agli italiani &#8211; ha detto Marsiglia &#8211; perch\u00e9 i soldi per l&#8217;invio delle armi all&#8217;Ucraina si [&hellip;]<\/p>\n","protected":false},"author":2,"featured_media":131872,"comment_status":"closed","ping_status":"open","sticky":false,"template":"","format":"standard","meta":{"footnotes":""},"categories":[5,36,26],"tags":[],"class_list":["post-136692","post","type-post","status-publish","format-standard","has-post-thumbnail","category-cronaca","category-lavoro-economia","category-prima-pagina"],"yoast_head":"<!-- This site is optimized with the Yoast SEO plugin v28.4 - https:\/\/yoast.com\/product\/yoast-seo-wordpress\/ -->\n<title>Gas, aumenti dal 1\u00b0 ottobre. Tetto alle bollette con che soldi? Marsiglia: &quot;Come li abbiamo trovati per le armi a Kiev...&quot; - Bellunopress - Dolomiti<\/title>\n<meta name=\"robots\" content=\"index, follow, max-snippet:-1, max-image-preview:large, max-video-preview:-1\" \/>\n<link rel=\"canonical\" href=\"https:\/\/www.bellunopress.it\/fr\/2022\/09\/29\/gas-aumenti-dal-1-ottobre-tetto-alle-bollette-con-che-soldi-marsiglia-come-li-abbiamo-trovati-per-le-armi-a-kiev\/\" \/>\n<meta property=\"og:locale\" content=\"fr_FR\" \/>\n<meta property=\"og:type\" content=\"article\" \/>\n<meta property=\"og:title\" content=\"Gas, aumenti dal 1\u00b0 ottobre. Tetto alle bollette con che soldi? Marsiglia: &quot;Come li abbiamo trovati per le armi a Kiev...&quot; - Bellunopress - Dolomiti\" \/>\n<meta property=\"og:description\" content=\"Roma 29 settembre 2022 &#8211; In una lunga intervista\u00a0 ilsussidiario.net ha interpellato il presidente di FederPetroli Italia Michele Marsiglia\u00a0per capire cosa potrebbe succedere da sabato in merito alle politiche del Governo nella delicata situazione del Caro-Bollette. &#8220;Bisognerebbe spiegare semmai agli italiani &#8211; ha detto Marsiglia &#8211; perch\u00e9 i soldi per l&#8217;invio delle armi all&#8217;Ucraina si [&hellip;]\" \/>\n<meta property=\"og:url\" content=\"https:\/\/www.bellunopress.it\/fr\/2022\/09\/29\/gas-aumenti-dal-1-ottobre-tetto-alle-bollette-con-che-soldi-marsiglia-come-li-abbiamo-trovati-per-le-armi-a-kiev\/\" \/>\n<meta property=\"og:site_name\" content=\"Bellunopress - Dolomiti\" \/>\n<meta property=\"article:publisher\" content=\"https:\/\/www.facebook.com\/profile.php?id=100008943462799\" \/>\n<meta property=\"article:published_time\" content=\"2022-09-29T08:51:41+00:00\" \/>\n<meta property=\"og:image\" content=\"https:\/\/www.bellunopress.it\/wp-content\/uploads\/2022\/03\/Marsiglia-FederPetroli-Italia.jpg\" \/>\n\t<meta property=\"og:image:width\" content=\"860\" \/>\n\t<meta property=\"og:image:height\" content=\"450\" \/>\n\t<meta property=\"og:image:type\" content=\"image\/jpeg\" \/>\n<meta name=\"author\" content=\"redazione\" \/>\n<meta name=\"twitter:card\" content=\"summary_large_image\" \/>\n<meta name=\"twitter:creator\" content=\"@bellunopress\" \/>\n<meta name=\"twitter:site\" content=\"@bellunopress\" \/>\n<meta name=\"twitter:label1\" content=\"\u00c9crit par\" \/>\n\t<meta name=\"twitter:data1\" content=\"redazione\" \/>\n\t<meta name=\"twitter:label2\" content=\"Dur\u00e9e de lecture estim\u00e9e\" \/>\n\t<meta name=\"twitter:data2\" content=\"1 minute\" \/>\n<script type=\"application\/ld+json\" class=\"yoast-schema-graph\">{\"@context\":\"https:\\\/\\\/schema.org\",\"@graph\":[{\"@type\":\"Article\",\"@id\":\"https:\\\/\\\/www.bellunopress.it\\\/2022\\\/09\\\/29\\\/gas-aumenti-dal-1-ottobre-tetto-alle-bollette-con-che-soldi-marsiglia-come-li-abbiamo-trovati-per-le-armi-a-kiev\\\/#article\",\"isPartOf\":{\"@id\":\"https:\\\/\\\/www.bellunopress.it\\\/2022\\\/09\\\/29\\\/gas-aumenti-dal-1-ottobre-tetto-alle-bollette-con-che-soldi-marsiglia-come-li-abbiamo-trovati-per-le-armi-a-kiev\\\/\"},\"author\":{\"name\":\"redazione\",\"@id\":\"https:\\\/\\\/www.bellunopress.it\\\/#\\\/schema\\\/person\\\/79bb06722b37ece1c03d3e94beb30d73\"},\"headline\":\"Gas, aumenti dal 1\u00b0 ottobre. Tetto alle bollette con che soldi? Marsiglia: &#8220;Come li abbiamo trovati per le armi a Kiev&#8230;&#8221;\",\"datePublished\":\"2022-09-29T08:51:41+00:00\",\"mainEntityOfPage\":{\"@id\":\"https:\\\/\\\/www.bellunopress.it\\\/2022\\\/09\\\/29\\\/gas-aumenti-dal-1-ottobre-tetto-alle-bollette-con-che-soldi-marsiglia-come-li-abbiamo-trovati-per-le-armi-a-kiev\\\/\"},\"wordCount\":173,\"publisher\":{\"@id\":\"https:\\\/\\\/www.bellunopress.it\\\/#organization\"},\"image\":{\"@id\":\"https:\\\/\\\/www.bellunopress.it\\\/2022\\\/09\\\/29\\\/gas-aumenti-dal-1-ottobre-tetto-alle-bollette-con-che-soldi-marsiglia-come-li-abbiamo-trovati-per-le-armi-a-kiev\\\/#primaryimage\"},\"thumbnailUrl\":\"https:\\\/\\\/www.bellunopress.it\\\/wp-content\\\/uploads\\\/2022\\\/03\\\/Marsiglia-FederPetroli-Italia.jpg\",\"articleSection\":[\"Cronaca\\\/Politica\",\"Lavoro, Economia, Turismo\",\"Prima Pagina\"],\"inLanguage\":\"fr-FR\"},{\"@type\":\"WebPage\",\"@id\":\"https:\\\/\\\/www.bellunopress.it\\\/2022\\\/09\\\/29\\\/gas-aumenti-dal-1-ottobre-tetto-alle-bollette-con-che-soldi-marsiglia-come-li-abbiamo-trovati-per-le-armi-a-kiev\\\/\",\"url\":\"https:\\\/\\\/www.bellunopress.it\\\/2022\\\/09\\\/29\\\/gas-aumenti-dal-1-ottobre-tetto-alle-bollette-con-che-soldi-marsiglia-come-li-abbiamo-trovati-per-le-armi-a-kiev\\\/\",\"name\":\"Gas, aumenti dal 1\u00b0 ottobre. Tetto alle bollette con che soldi? Marsiglia: \\\"Come li abbiamo trovati per le armi a Kiev...\\\" - Bellunopress - Dolomiti\",\"isPartOf\":{\"@id\":\"https:\\\/\\\/www.bellunopress.it\\\/#website\"},\"primaryImageOfPage\":{\"@id\":\"https:\\\/\\\/www.bellunopress.it\\\/2022\\\/09\\\/29\\\/gas-aumenti-dal-1-ottobre-tetto-alle-bollette-con-che-soldi-marsiglia-come-li-abbiamo-trovati-per-le-armi-a-kiev\\\/#primaryimage\"},\"image\":{\"@id\":\"https:\\\/\\\/www.bellunopress.it\\\/2022\\\/09\\\/29\\\/gas-aumenti-dal-1-ottobre-tetto-alle-bollette-con-che-soldi-marsiglia-come-li-abbiamo-trovati-per-le-armi-a-kiev\\\/#primaryimage\"},\"thumbnailUrl\":\"https:\\\/\\\/www.bellunopress.it\\\/wp-content\\\/uploads\\\/2022\\\/03\\\/Marsiglia-FederPetroli-Italia.jpg\",\"datePublished\":\"2022-09-29T08:51:41+00:00\",\"breadcrumb\":{\"@id\":\"https:\\\/\\\/www.bellunopress.it\\\/2022\\\/09\\\/29\\\/gas-aumenti-dal-1-ottobre-tetto-alle-bollette-con-che-soldi-marsiglia-come-li-abbiamo-trovati-per-le-armi-a-kiev\\\/#breadcrumb\"},\"inLanguage\":\"fr-FR\",\"potentialAction\":[{\"@type\":\"ReadAction\",\"target\":[\"https:\\\/\\\/www.bellunopress.it\\\/2022\\\/09\\\/29\\\/gas-aumenti-dal-1-ottobre-tetto-alle-bollette-con-che-soldi-marsiglia-come-li-abbiamo-trovati-per-le-armi-a-kiev\\\/\"]}]},{\"@type\":\"ImageObject\",\"inLanguage\":\"fr-FR\",\"@id\":\"https:\\\/\\\/www.bellunopress.it\\\/2022\\\/09\\\/29\\\/gas-aumenti-dal-1-ottobre-tetto-alle-bollette-con-che-soldi-marsiglia-come-li-abbiamo-trovati-per-le-armi-a-kiev\\\/#primaryimage\",\"url\":\"https:\\\/\\\/www.bellunopress.it\\\/wp-content\\\/uploads\\\/2022\\\/03\\\/Marsiglia-FederPetroli-Italia.jpg\",\"contentUrl\":\"https:\\\/\\\/www.bellunopress.it\\\/wp-content\\\/uploads\\\/2022\\\/03\\\/Marsiglia-FederPetroli-Italia.jpg\",\"width\":860,\"height\":450,\"caption\":\"Michele Marsiglia, presidente FederPetroli Italia\"},{\"@type\":\"BreadcrumbList\",\"@id\":\"https:\\\/\\\/www.bellunopress.it\\\/2022\\\/09\\\/29\\\/gas-aumenti-dal-1-ottobre-tetto-alle-bollette-con-che-soldi-marsiglia-come-li-abbiamo-trovati-per-le-armi-a-kiev\\\/#breadcrumb\",\"itemListElement\":[{\"@type\":\"ListItem\",\"position\":1,\"name\":\"Home\",\"item\":\"https:\\\/\\\/www.bellunopress.it\\\/\"},{\"@type\":\"ListItem\",\"position\":2,\"name\":\"Gas, aumenti dal 1\u00b0 ottobre. Tetto alle bollette con che soldi? Marsiglia: &#8220;Come li abbiamo trovati per le armi a Kiev&#8230;&#8221;\"}]},{\"@type\":\"WebSite\",\"@id\":\"https:\\\/\\\/www.bellunopress.it\\\/#website\",\"url\":\"https:\\\/\\\/www.bellunopress.it\\\/\",\"name\":\"Bellunopress - Dolomiti\",\"description\":\"e-mail: redazione@bellunopress.it\",\"publisher\":{\"@id\":\"https:\\\/\\\/www.bellunopress.it\\\/#organization\"},\"potentialAction\":[{\"@type\":\"SearchAction\",\"target\":{\"@type\":\"EntryPoint\",\"urlTemplate\":\"https:\\\/\\\/www.bellunopress.it\\\/?s={search_term_string}\"},\"query-input\":{\"@type\":\"PropertyValueSpecification\",\"valueRequired\":true,\"valueName\":\"search_term_string\"}}],\"inLanguage\":\"fr-FR\"},{\"@type\":\"Organization\",\"@id\":\"https:\\\/\\\/www.bellunopress.it\\\/#organization\",\"name\":\"Bellunopress\",\"url\":\"https:\\\/\\\/www.bellunopress.it\\\/\",\"logo\":{\"@type\":\"ImageObject\",\"inLanguage\":\"fr-FR\",\"@id\":\"https:\\\/\\\/www.bellunopress.it\\\/#\\\/schema\\\/logo\\\/image\\\/\",\"url\":\"https:\\\/\\\/www.bellunopress.it\\\/wp-content\\\/uploads\\\/2011\\\/05\\\/cropped-logo-bellunopress-.jpg\",\"contentUrl\":\"https:\\\/\\\/www.bellunopress.it\\\/wp-content\\\/uploads\\\/2011\\\/05\\\/cropped-logo-bellunopress-.jpg\",\"width\":512,\"height\":512,\"caption\":\"Bellunopress\"},\"image\":{\"@id\":\"https:\\\/\\\/www.bellunopress.it\\\/#\\\/schema\\\/logo\\\/image\\\/\"},\"sameAs\":[\"https:\\\/\\\/www.facebook.com\\\/profile.php?id=100008943462799\",\"https:\\\/\\\/x.com\\\/bellunopress\",\"https:\\\/\\\/www.linkedin.com\\\/hp\\\/?dnr=JBzUWaJfMUw8vbXJJ2tVW5-I3jZKvC4wsoxE&amp;amp;amp;amp;amp;amp;trk=nav_responsive_tab_home\",\"https:\\\/\\\/www.youtube.com\\\/channel\\\/UCxL0wu1uN0_3_7hGG0306cw\"]},{\"@type\":\"Person\",\"@id\":\"https:\\\/\\\/www.bellunopress.it\\\/#\\\/schema\\\/person\\\/79bb06722b37ece1c03d3e94beb30d73\",\"name\":\"redazione\",\"image\":{\"@type\":\"ImageObject\",\"inLanguage\":\"fr-FR\",\"@id\":\"https:\\\/\\\/secure.gravatar.com\\\/avatar\\\/37d968a2e67a6fd04c169c4bdef102d0bc5d31b2546345219e348575eb80e9a0?s=96&d=mm&r=g\",\"url\":\"https:\\\/\\\/secure.gravatar.com\\\/avatar\\\/37d968a2e67a6fd04c169c4bdef102d0bc5d31b2546345219e348575eb80e9a0?s=96&d=mm&r=g\",\"contentUrl\":\"https:\\\/\\\/secure.gravatar.com\\\/avatar\\\/37d968a2e67a6fd04c169c4bdef102d0bc5d31b2546345219e348575eb80e9a0?s=96&d=mm&r=g\",\"caption\":\"redazione\"},\"sameAs\":[\"http:\\\/\\\/www.bellunopress.it\",\"https:\\\/\\\/x.com\\\/bellunopress\"],\"url\":\"https:\\\/\\\/www.bellunopress.it\\\/fr\\\/author\\\/redazione\\\/\"}]}<\/script>\n<!-- \/ Yoast SEO plugin. -->","yoast_head_json":{"title":"Gas, aumenti dal 1\u00b0 ottobre. Tetto alle bollette con che soldi? Marsiglia: \"Come li abbiamo trovati per le armi a Kiev...\" - Bellunopress - Dolomiti","robots":{"index":"index","follow":"follow","max-snippet":"max-snippet:-1","max-image-preview":"max-image-preview:large","max-video-preview":"max-video-preview:-1"},"canonical":"https:\/\/www.bellunopress.it\/fr\/2022\/09\/29\/gas-aumenti-dal-1-ottobre-tetto-alle-bollette-con-che-soldi-marsiglia-come-li-abbiamo-trovati-per-le-armi-a-kiev\/","og_locale":"fr_FR","og_type":"article","og_title":"Gas, aumenti dal 1\u00b0 ottobre. Tetto alle bollette con che soldi? Marsiglia: \"Come li abbiamo trovati per le armi a Kiev...\" - Bellunopress - Dolomiti","og_description":"Roma 29 settembre 2022 &#8211; In una lunga intervista\u00a0 ilsussidiario.net ha interpellato il presidente di FederPetroli Italia Michele Marsiglia\u00a0per capire cosa potrebbe succedere da sabato in merito alle politiche del Governo nella delicata situazione del Caro-Bollette. &#8220;Bisognerebbe spiegare semmai agli italiani &#8211; ha detto Marsiglia &#8211; perch\u00e9 i soldi per l&#8217;invio delle armi all&#8217;Ucraina si [&hellip;]","og_url":"https:\/\/www.bellunopress.it\/fr\/2022\/09\/29\/gas-aumenti-dal-1-ottobre-tetto-alle-bollette-con-che-soldi-marsiglia-come-li-abbiamo-trovati-per-le-armi-a-kiev\/","og_site_name":"Bellunopress - Dolomiti","article_publisher":"https:\/\/www.facebook.com\/profile.php?id=100008943462799","article_published_time":"2022-09-29T08:51:41+00:00","og_image":[{"width":860,"height":450,"url":"https:\/\/www.bellunopress.it\/wp-content\/uploads\/2022\/03\/Marsiglia-FederPetroli-Italia.jpg","type":"image\/jpeg"}],"author":"redazione","twitter_card":"summary_large_image","twitter_creator":"@bellunopress","twitter_site":"@bellunopress","twitter_misc":{"\u00c9crit par":"redazione","Dur\u00e9e de lecture estim\u00e9e":"1 minute"},"schema":{"@context":"https:\/\/schema.org","@graph":[{"@type":"Article","@id":"https:\/\/www.bellunopress.it\/2022\/09\/29\/gas-aumenti-dal-1-ottobre-tetto-alle-bollette-con-che-soldi-marsiglia-come-li-abbiamo-trovati-per-le-armi-a-kiev\/#article","isPartOf":{"@id":"https:\/\/www.bellunopress.it\/2022\/09\/29\/gas-aumenti-dal-1-ottobre-tetto-alle-bollette-con-che-soldi-marsiglia-come-li-abbiamo-trovati-per-le-armi-a-kiev\/"},"author":{"name":"redazione","@id":"https:\/\/www.bellunopress.it\/#\/schema\/person\/79bb06722b37ece1c03d3e94beb30d73"},"headline":"Gas, aumenti dal 1\u00b0 ottobre. Tetto alle bollette con che soldi? Marsiglia: &#8220;Come li abbiamo trovati per le armi a Kiev&#8230;&#8221;","datePublished":"2022-09-29T08:51:41+00:00","mainEntityOfPage":{"@id":"https:\/\/www.bellunopress.it\/2022\/09\/29\/gas-aumenti-dal-1-ottobre-tetto-alle-bollette-con-che-soldi-marsiglia-come-li-abbiamo-trovati-per-le-armi-a-kiev\/"},"wordCount":173,"publisher":{"@id":"https:\/\/www.bellunopress.it\/#organization"},"image":{"@id":"https:\/\/www.bellunopress.it\/2022\/09\/29\/gas-aumenti-dal-1-ottobre-tetto-alle-bollette-con-che-soldi-marsiglia-come-li-abbiamo-trovati-per-le-armi-a-kiev\/#primaryimage"},"thumbnailUrl":"https:\/\/www.bellunopress.it\/wp-content\/uploads\/2022\/03\/Marsiglia-FederPetroli-Italia.jpg","articleSection":["Cronaca\/Politica","Lavoro, Economia, Turismo","Prima Pagina"],"inLanguage":"fr-FR"},{"@type":"WebPage","@id":"https:\/\/www.bellunopress.it\/2022\/09\/29\/gas-aumenti-dal-1-ottobre-tetto-alle-bollette-con-che-soldi-marsiglia-come-li-abbiamo-trovati-per-le-armi-a-kiev\/","url":"https:\/\/www.bellunopress.it\/2022\/09\/29\/gas-aumenti-dal-1-ottobre-tetto-alle-bollette-con-che-soldi-marsiglia-come-li-abbiamo-trovati-per-le-armi-a-kiev\/","name":"Gas, aumenti dal 1\u00b0 ottobre. Tetto alle bollette con che soldi? Marsiglia: \"Come li abbiamo trovati per le armi a Kiev...\" - Bellunopress - Dolomiti","isPartOf":{"@id":"https:\/\/www.bellunopress.it\/#website"},"primaryImageOfPage":{"@id":"https:\/\/www.bellunopress.it\/2022\/09\/29\/gas-aumenti-dal-1-ottobre-tetto-alle-bollette-con-che-soldi-marsiglia-come-li-abbiamo-trovati-per-le-armi-a-kiev\/#primaryimage"},"image":{"@id":"https:\/\/www.bellunopress.it\/2022\/09\/29\/gas-aumenti-dal-1-ottobre-tetto-alle-bollette-con-che-soldi-marsiglia-come-li-abbiamo-trovati-per-le-armi-a-kiev\/#primaryimage"},"thumbnailUrl":"https:\/\/www.bellunopress.it\/wp-content\/uploads\/2022\/03\/Marsiglia-FederPetroli-Italia.jpg","datePublished":"2022-09-29T08:51:41+00:00","breadcrumb":{"@id":"https:\/\/www.bellunopress.it\/2022\/09\/29\/gas-aumenti-dal-1-ottobre-tetto-alle-bollette-con-che-soldi-marsiglia-come-li-abbiamo-trovati-per-le-armi-a-kiev\/#breadcrumb"},"inLanguage":"fr-FR","potentialAction":[{"@type":"ReadAction","target":["https:\/\/www.bellunopress.it\/2022\/09\/29\/gas-aumenti-dal-1-ottobre-tetto-alle-bollette-con-che-soldi-marsiglia-come-li-abbiamo-trovati-per-le-armi-a-kiev\/"]}]},{"@type":"ImageObject","inLanguage":"fr-FR","@id":"https:\/\/www.bellunopress.it\/2022\/09\/29\/gas-aumenti-dal-1-ottobre-tetto-alle-bollette-con-che-soldi-marsiglia-come-li-abbiamo-trovati-per-le-armi-a-kiev\/#primaryimage","url":"https:\/\/www.bellunopress.it\/wp-content\/uploads\/2022\/03\/Marsiglia-FederPetroli-Italia.jpg","contentUrl":"https:\/\/www.bellunopress.it\/wp-content\/uploads\/2022\/03\/Marsiglia-FederPetroli-Italia.jpg","width":860,"height":450,"caption":"Michele Marsiglia, presidente FederPetroli Italia"},{"@type":"BreadcrumbList","@id":"https:\/\/www.bellunopress.it\/2022\/09\/29\/gas-aumenti-dal-1-ottobre-tetto-alle-bollette-con-che-soldi-marsiglia-come-li-abbiamo-trovati-per-le-armi-a-kiev\/#breadcrumb","itemListElement":[{"@type":"ListItem","position":1,"name":"Home","item":"https:\/\/www.bellunopress.it\/"},{"@type":"ListItem","position":2,"name":"Gas, aumenti dal 1\u00b0 ottobre. Tetto alle bollette con che soldi? Marsiglia: &#8220;Come li abbiamo trovati per le armi a Kiev&#8230;&#8221;"}]},{"@type":"WebSite","@id":"https:\/\/www.bellunopress.it\/#website","url":"https:\/\/www.bellunopress.it\/","name":"Bellunopress - Dolomiti","description":"e-mail: redazione@bellunopress.it","publisher":{"@id":"https:\/\/www.bellunopress.it\/#organization"},"potentialAction":[{"@type":"SearchAction","target":{"@type":"EntryPoint","urlTemplate":"https:\/\/www.bellunopress.it\/?s={search_term_string}"},"query-input":{"@type":"PropertyValueSpecification","valueRequired":true,"valueName":"search_term_string"}}],"inLanguage":"fr-FR"},{"@type":"Organization","@id":"https:\/\/www.bellunopress.it\/#organization","name":"Bellunopress","url":"https:\/\/www.bellunopress.it\/","logo":{"@type":"ImageObject","inLanguage":"fr-FR","@id":"https:\/\/www.bellunopress.it\/#\/schema\/logo\/image\/","url":"https:\/\/www.bellunopress.it\/wp-content\/uploads\/2011\/05\/cropped-logo-bellunopress-.jpg","contentUrl":"https:\/\/www.bellunopress.it\/wp-content\/uploads\/2011\/05\/cropped-logo-bellunopress-.jpg","width":512,"height":512,"caption":"Bellunopress"},"image":{"@id":"https:\/\/www.bellunopress.it\/#\/schema\/logo\/image\/"},"sameAs":["https:\/\/www.facebook.com\/profile.php?id=100008943462799","https:\/\/x.com\/bellunopress","https:\/\/www.linkedin.com\/hp\/?dnr=JBzUWaJfMUw8vbXJJ2tVW5-I3jZKvC4wsoxE&amp;amp;amp;amp;amp;amp;trk=nav_responsive_tab_home","https:\/\/www.youtube.com\/channel\/UCxL0wu1uN0_3_7hGG0306cw"]},{"@type":"Person","@id":"https:\/\/www.bellunopress.it\/#\/schema\/person\/79bb06722b37ece1c03d3e94beb30d73","name":"r\u00e9daction","image":{"@type":"ImageObject","inLanguage":"fr-FR","@id":"https:\/\/secure.gravatar.com\/avatar\/37d968a2e67a6fd04c169c4bdef102d0bc5d31b2546345219e348575eb80e9a0?s=96&d=mm&r=g","url":"https:\/\/secure.gravatar.com\/avatar\/37d968a2e67a6fd04c169c4bdef102d0bc5d31b2546345219e348575eb80e9a0?s=96&d=mm&r=g","contentUrl":"https:\/\/secure.gravatar.com\/avatar\/37d968a2e67a6fd04c169c4bdef102d0bc5d31b2546345219e348575eb80e9a0?s=96&d=mm&r=g","caption":"redazione"},"sameAs":["http:\/\/www.bellunopress.it","https:\/\/x.com\/bellunopress"],"url":"https:\/\/www.bellunopress.it\/fr\/author\/redazione\/"}]}},"_links":{"self":[{"href":"https:\/\/www.bellunopress.it\/fr\/wp-json\/wp\/v2\/posts\/136692","targetHints":{"allow":["GET"]}}],"collection":[{"href":"https:\/\/www.bellunopress.it\/fr\/wp-json\/wp\/v2\/posts"}],"about":[{"href":"https:\/\/www.bellunopress.it\/fr\/wp-json\/wp\/v2\/types\/post"}],"author":[{"embeddable":true,"href":"https:\/\/www.bellunopress.it\/fr\/wp-json\/wp\/v2\/users\/2"}],"replies":[{"embeddable":true,"href":"https:\/\/www.bellunopress.it\/fr\/wp-json\/wp\/v2\/comments?post=136692"}],"version-history":[{"count":1,"href":"https:\/\/www.bellunopress.it\/fr\/wp-json\/wp\/v2\/posts\/136692\/revisions"}],"predecessor-version":[{"id":136693,"href":"https:\/\/www.bellunopress.it\/fr\/wp-json\/wp\/v2\/posts\/136692\/revisions\/136693"}],"wp:featuredmedia":[{"embeddable":true,"href":"https:\/\/www.bellunopress.it\/fr\/wp-json\/wp\/v2\/media\/131872"}],"wp:attachment":[{"href":"https:\/\/www.bellunopress.it\/fr\/wp-json\/wp\/v2\/media?parent=136692"}],"wp:term":[{"taxonomy":"category","embeddable":true,"href":"https:\/\/www.bellunopress.it\/fr\/wp-json\/wp\/v2\/categories?post=136692"},{"taxonomy":"post_tag","embeddable":true,"href":"https:\/\/www.bellunopress.it\/fr\/wp-json\/wp\/v2\/tags?post=136692"}],"curies":[{"name":"wp","href":"https:\/\/api.w.org\/{rel}","templated":true}]}}