{"id":136681,"date":"2022-09-28T20:21:18","date_gmt":"2022-09-28T18:21:18","guid":{"rendered":"https:\/\/www.bellunopress.it\/?p=136681"},"modified":"2022-09-28T20:21:18","modified_gmt":"2022-09-28T18:21:18","slug":"educazione-motoria-nelle-scuole-primarie-e-comunita-energetiche-due-interrogazioni-delle-opposizioni-oggi-in-consiglio-comunale","status":"publish","type":"post","link":"https:\/\/www.bellunopress.it\/fr\/2022\/09\/28\/educazione-motoria-nelle-scuole-primarie-e-comunita-energetiche-due-interrogazioni-delle-opposizioni-oggi-in-consiglio-comunale\/","title":{"rendered":"Educazione motoria nelle scuole primarie e comunit\u00e0 energetiche. Due interrogazioni delle opposizioni oggi in consiglio comunale"},"content":{"rendered":"<figure id=\"attachment_112706\" aria-describedby=\"caption-attachment-112706\" style=\"width: 900px\" class=\"wp-caption alignleft\"><img loading=\"lazy\" decoding=\"async\" class=\"size-full wp-image-112706\" src=\"https:\/\/www.bellunopress.it\/wp-content\/uploads\/2020\/03\/palazzo-rosso-notte.jpg\" alt=\"\" width=\"900\" height=\"688\" srcset=\"https:\/\/www.bellunopress.it\/wp-content\/uploads\/2020\/03\/palazzo-rosso-notte.jpg 900w, https:\/\/www.bellunopress.it\/wp-content\/uploads\/2020\/03\/palazzo-rosso-notte-500x382.jpg 500w, https:\/\/www.bellunopress.it\/wp-content\/uploads\/2020\/03\/palazzo-rosso-notte-696x532.jpg 696w, https:\/\/www.bellunopress.it\/wp-content\/uploads\/2020\/03\/palazzo-rosso-notte-549x420.jpg 549w, https:\/\/www.bellunopress.it\/wp-content\/uploads\/2020\/03\/palazzo-rosso-notte-80x60.jpg 80w\" sizes=\"auto, (max-width: 900px) 100vw, 900px\" \/><figcaption id=\"caption-attachment-112706\" class=\"wp-caption-text\">Palazzo Rosso, sede dell&#8217;Amministrazione comunale di Belluno<\/figcaption><\/figure>\n<p>Belluno, 28 settembre 2022 &#8211; Due interrogazioni oggi in consiglio comunale da parte delle consigliere del Pd Maria Teresa Cassol e Claudia Bettiol.<\/p>\n<p>La prima a sola firma della Cassol, presentata come domanda di attualit\u00e0 poi trasformata in interrogazione riguarda il nuovo insegnamento di educazione motoria nelle classi 4^ e 5^ delle scuole primarie previsto dalla legge di Bilancio del 2022.<\/p>\n<figure id=\"attachment_37452\" aria-describedby=\"caption-attachment-37452\" style=\"width: 105px\" class=\"wp-caption alignleft\"><img loading=\"lazy\" decoding=\"async\" class=\"size-full wp-image-37452\" src=\"https:\/\/www.bellunopress.it\/wp-content\/uploads\/2012\/04\/Maria-Teresa-Cassol.jpg\" alt=\"\" width=\"105\" height=\"150\" \/><figcaption id=\"caption-attachment-37452\" class=\"wp-caption-text\">Maria Teresa Cassol<\/figcaption><\/figure>\n<p>La consigliera Maria Teresa Cassol\u00a0chiede al sindaco:<br \/>\n\u2022 quali accordi siano stati presi con i dirigenti dei tre Istituti Comprensivi della citt\u00e0 per l\u2019ampliamento del tempo scuola per le classi quinte a tempo normale;<br \/>\n\u2022 se le soluzioni trovate siano state concordate con le famiglie;<br \/>\n\u2022 quanti siano i maggiori costi per l\u2019amministrazione comunale.<\/p>\n<figure id=\"attachment_38019\" aria-describedby=\"caption-attachment-38019\" style=\"width: 246px\" class=\"wp-caption alignleft\"><img loading=\"lazy\" decoding=\"async\" class=\"size-full wp-image-38019\" src=\"https:\/\/www.bellunopress.it\/wp-content\/uploads\/2012\/05\/claudia-bettiol-1.jpg\" alt=\"\" width=\"246\" height=\"290\" \/><figcaption id=\"caption-attachment-38019\" class=\"wp-caption-text\">Claudia Bettiol<\/figcaption><\/figure>\n<p>La seconda interrogazione a risposta scritta e orale a firma delle consigliere Maria Teresa Cassol e Claudia Bettiol riguarda invece l&#8217;energia.<\/p>\n<p>Premesso &#8211; scrivono le due consigliere di opposizione &#8211; che:<br \/>\n\u2022 il decreto legislativo 199 del 2021 d\u00e0 attuazione della direttiva (UE) 2018\/2001 del Parlamento europeo e del Consiglio, dell&#8217;11 dicembre 2018, sulla promozione dell&#8217;uso dell&#8217;energia da fonti rinnovabili<br \/>\n\u2022 tale decreto ha l&#8217;obiettivo di accelerare il percorso di crescita sostenibile del Paese, recando disposizioni in materia di energia da fonti rinnovabili, in coerenza con gli obiettivi europei di decarbonizzazione del sistema energetico al 2030 e di completa decarbonizzazione al 2050<br \/>\n\u2022 il decreto prevede diverse forme di autoconsumo: individuale, collettivo (realizzabile per esempio in un condominio), comunit\u00e0 energetiche<br \/>\n\u2022 la comunit\u00e0 energetica \u00e8 un\u2019associazione composta da enti pubblici locali, aziende, attivit\u00e0 commerciali e cittadini privati che decidono di unirsi per produrre energia e condividerla<br \/>\n\u2022 una comunit\u00e0 energetica \u00e8 un modello energetico che mette in risalto la responsabilit\u00e0 ambientale, la collaborazione tra diversi soggetti, senza tralasciare il risparmio economico<\/p>\n<p>chiedono al sindaco:<br \/>\n\u2022 se e come l\u2019amministrazione intenda promuovere l\u2019autoconsumo collettivo;<br \/>\n\u2022 se e come l\u2019amministrazione intenda promuovere le comunit\u00e0 energetiche;<br \/>\n\u2022 se l\u2019amministrazione e\/o le sue partecipate intendano essere parte di una comunit\u00e0 energetica;<\/p>\n<p>&nbsp;<\/p>\n<p>&nbsp;<\/p>","protected":false},"excerpt":{"rendered":"<p>Belluno, 28 settembre 2022 &#8211; Due interrogazioni oggi in consiglio comunale da parte delle consigliere del Pd Maria Teresa Cassol e Claudia Bettiol. La prima a sola firma della Cassol, presentata come domanda di attualit\u00e0 poi trasformata in interrogazione riguarda il nuovo insegnamento di educazione motoria nelle classi 4^ e 5^ delle scuole primarie previsto [&hellip;]<\/p>\n","protected":false},"author":2,"featured_media":113617,"comment_status":"closed","ping_status":"open","sticky":false,"template":"","format":"standard","meta":{"footnotes":""},"categories":[5,26],"tags":[],"class_list":["post-136681","post","type-post","status-publish","format-standard","has-post-thumbnail","category-cronaca","category-prima-pagina"],"yoast_head":"<!-- This site is optimized with the Yoast SEO plugin v28.4 - https:\/\/yoast.com\/product\/yoast-seo-wordpress\/ -->\n<title>Educazione motoria nelle scuole primarie e comunit\u00e0 energetiche. Due interrogazioni delle opposizioni oggi in consiglio comunale - Bellunopress - Dolomiti<\/title>\n<meta name=\"robots\" content=\"index, follow, max-snippet:-1, max-image-preview:large, max-video-preview:-1\" \/>\n<link rel=\"canonical\" href=\"https:\/\/www.bellunopress.it\/fr\/2022\/09\/28\/educazione-motoria-nelle-scuole-primarie-e-comunita-energetiche-due-interrogazioni-delle-opposizioni-oggi-in-consiglio-comunale\/\" \/>\n<meta property=\"og:locale\" content=\"fr_FR\" \/>\n<meta property=\"og:type\" content=\"article\" \/>\n<meta property=\"og:title\" content=\"Educazione motoria nelle scuole primarie e comunit\u00e0 energetiche. Due interrogazioni delle opposizioni oggi in consiglio comunale - Bellunopress - Dolomiti\" \/>\n<meta property=\"og:description\" content=\"Belluno, 28 settembre 2022 &#8211; Due interrogazioni oggi in consiglio comunale da parte delle consigliere del Pd Maria Teresa Cassol e Claudia Bettiol. La prima a sola firma della Cassol, presentata come domanda di attualit\u00e0 poi trasformata in interrogazione riguarda il nuovo insegnamento di educazione motoria nelle classi 4^ e 5^ delle scuole primarie previsto [&hellip;]\" \/>\n<meta property=\"og:url\" content=\"https:\/\/www.bellunopress.it\/fr\/2022\/09\/28\/educazione-motoria-nelle-scuole-primarie-e-comunita-energetiche-due-interrogazioni-delle-opposizioni-oggi-in-consiglio-comunale\/\" \/>\n<meta property=\"og:site_name\" content=\"Bellunopress - Dolomiti\" \/>\n<meta property=\"article:publisher\" content=\"https:\/\/www.facebook.com\/profile.php?id=100008943462799\" \/>\n<meta property=\"article:published_time\" content=\"2022-09-28T18:21:18+00:00\" \/>\n<meta property=\"og:image\" content=\"https:\/\/www.bellunopress.it\/wp-content\/uploads\/2020\/04\/palazzo-rosso_edited.jpg\" \/>\n\t<meta property=\"og:image:width\" content=\"800\" \/>\n\t<meta property=\"og:image:height\" content=\"563\" \/>\n\t<meta property=\"og:image:type\" content=\"image\/jpeg\" \/>\n<meta name=\"author\" content=\"redazione\" \/>\n<meta name=\"twitter:card\" content=\"summary_large_image\" \/>\n<meta name=\"twitter:creator\" content=\"@bellunopress\" \/>\n<meta name=\"twitter:site\" content=\"@bellunopress\" \/>\n<meta name=\"twitter:label1\" content=\"\u00c9crit par\" \/>\n\t<meta name=\"twitter:data1\" content=\"redazione\" \/>\n\t<meta name=\"twitter:label2\" content=\"Dur\u00e9e de lecture estim\u00e9e\" \/>\n\t<meta name=\"twitter:data2\" content=\"3 minutes\" \/>\n<script type=\"application\/ld+json\" class=\"yoast-schema-graph\">{\"@context\":\"https:\\\/\\\/schema.org\",\"@graph\":[{\"@type\":\"Article\",\"@id\":\"https:\\\/\\\/www.bellunopress.it\\\/2022\\\/09\\\/28\\\/educazione-motoria-nelle-scuole-primarie-e-comunita-energetiche-due-interrogazioni-delle-opposizioni-oggi-in-consiglio-comunale\\\/#article\",\"isPartOf\":{\"@id\":\"https:\\\/\\\/www.bellunopress.it\\\/2022\\\/09\\\/28\\\/educazione-motoria-nelle-scuole-primarie-e-comunita-energetiche-due-interrogazioni-delle-opposizioni-oggi-in-consiglio-comunale\\\/\"},\"author\":{\"name\":\"redazione\",\"@id\":\"https:\\\/\\\/www.bellunopress.it\\\/#\\\/schema\\\/person\\\/79bb06722b37ece1c03d3e94beb30d73\"},\"headline\":\"Educazione motoria nelle scuole primarie e comunit\u00e0 energetiche. Due interrogazioni delle opposizioni oggi in consiglio comunale\",\"datePublished\":\"2022-09-28T18:21:18+00:00\",\"mainEntityOfPage\":{\"@id\":\"https:\\\/\\\/www.bellunopress.it\\\/2022\\\/09\\\/28\\\/educazione-motoria-nelle-scuole-primarie-e-comunita-energetiche-due-interrogazioni-delle-opposizioni-oggi-in-consiglio-comunale\\\/\"},\"wordCount\":363,\"publisher\":{\"@id\":\"https:\\\/\\\/www.bellunopress.it\\\/#organization\"},\"image\":{\"@id\":\"https:\\\/\\\/www.bellunopress.it\\\/2022\\\/09\\\/28\\\/educazione-motoria-nelle-scuole-primarie-e-comunita-energetiche-due-interrogazioni-delle-opposizioni-oggi-in-consiglio-comunale\\\/#primaryimage\"},\"thumbnailUrl\":\"https:\\\/\\\/www.bellunopress.it\\\/wp-content\\\/uploads\\\/2020\\\/04\\\/palazzo-rosso_edited.jpg\",\"articleSection\":[\"Cronaca\\\/Politica\",\"Prima Pagina\"],\"inLanguage\":\"fr-FR\"},{\"@type\":\"WebPage\",\"@id\":\"https:\\\/\\\/www.bellunopress.it\\\/2022\\\/09\\\/28\\\/educazione-motoria-nelle-scuole-primarie-e-comunita-energetiche-due-interrogazioni-delle-opposizioni-oggi-in-consiglio-comunale\\\/\",\"url\":\"https:\\\/\\\/www.bellunopress.it\\\/2022\\\/09\\\/28\\\/educazione-motoria-nelle-scuole-primarie-e-comunita-energetiche-due-interrogazioni-delle-opposizioni-oggi-in-consiglio-comunale\\\/\",\"name\":\"Educazione motoria nelle scuole primarie e comunit\u00e0 energetiche. Due interrogazioni delle opposizioni oggi in consiglio comunale - Bellunopress - Dolomiti\",\"isPartOf\":{\"@id\":\"https:\\\/\\\/www.bellunopress.it\\\/#website\"},\"primaryImageOfPage\":{\"@id\":\"https:\\\/\\\/www.bellunopress.it\\\/2022\\\/09\\\/28\\\/educazione-motoria-nelle-scuole-primarie-e-comunita-energetiche-due-interrogazioni-delle-opposizioni-oggi-in-consiglio-comunale\\\/#primaryimage\"},\"image\":{\"@id\":\"https:\\\/\\\/www.bellunopress.it\\\/2022\\\/09\\\/28\\\/educazione-motoria-nelle-scuole-primarie-e-comunita-energetiche-due-interrogazioni-delle-opposizioni-oggi-in-consiglio-comunale\\\/#primaryimage\"},\"thumbnailUrl\":\"https:\\\/\\\/www.bellunopress.it\\\/wp-content\\\/uploads\\\/2020\\\/04\\\/palazzo-rosso_edited.jpg\",\"datePublished\":\"2022-09-28T18:21:18+00:00\",\"breadcrumb\":{\"@id\":\"https:\\\/\\\/www.bellunopress.it\\\/2022\\\/09\\\/28\\\/educazione-motoria-nelle-scuole-primarie-e-comunita-energetiche-due-interrogazioni-delle-opposizioni-oggi-in-consiglio-comunale\\\/#breadcrumb\"},\"inLanguage\":\"fr-FR\",\"potentialAction\":[{\"@type\":\"ReadAction\",\"target\":[\"https:\\\/\\\/www.bellunopress.it\\\/2022\\\/09\\\/28\\\/educazione-motoria-nelle-scuole-primarie-e-comunita-energetiche-due-interrogazioni-delle-opposizioni-oggi-in-consiglio-comunale\\\/\"]}]},{\"@type\":\"ImageObject\",\"inLanguage\":\"fr-FR\",\"@id\":\"https:\\\/\\\/www.bellunopress.it\\\/2022\\\/09\\\/28\\\/educazione-motoria-nelle-scuole-primarie-e-comunita-energetiche-due-interrogazioni-delle-opposizioni-oggi-in-consiglio-comunale\\\/#primaryimage\",\"url\":\"https:\\\/\\\/www.bellunopress.it\\\/wp-content\\\/uploads\\\/2020\\\/04\\\/palazzo-rosso_edited.jpg\",\"contentUrl\":\"https:\\\/\\\/www.bellunopress.it\\\/wp-content\\\/uploads\\\/2020\\\/04\\\/palazzo-rosso_edited.jpg\",\"width\":800,\"height\":563,\"caption\":\"Palazzo Rosso, sede dell'amministrazione comunale di Belluno\"},{\"@type\":\"BreadcrumbList\",\"@id\":\"https:\\\/\\\/www.bellunopress.it\\\/2022\\\/09\\\/28\\\/educazione-motoria-nelle-scuole-primarie-e-comunita-energetiche-due-interrogazioni-delle-opposizioni-oggi-in-consiglio-comunale\\\/#breadcrumb\",\"itemListElement\":[{\"@type\":\"ListItem\",\"position\":1,\"name\":\"Home\",\"item\":\"https:\\\/\\\/www.bellunopress.it\\\/\"},{\"@type\":\"ListItem\",\"position\":2,\"name\":\"Educazione motoria nelle scuole primarie e comunit\u00e0 energetiche. Due interrogazioni delle opposizioni oggi in consiglio comunale\"}]},{\"@type\":\"WebSite\",\"@id\":\"https:\\\/\\\/www.bellunopress.it\\\/#website\",\"url\":\"https:\\\/\\\/www.bellunopress.it\\\/\",\"name\":\"Bellunopress - Dolomiti\",\"description\":\"e-mail: redazione@bellunopress.it\",\"publisher\":{\"@id\":\"https:\\\/\\\/www.bellunopress.it\\\/#organization\"},\"potentialAction\":[{\"@type\":\"SearchAction\",\"target\":{\"@type\":\"EntryPoint\",\"urlTemplate\":\"https:\\\/\\\/www.bellunopress.it\\\/?s={search_term_string}\"},\"query-input\":{\"@type\":\"PropertyValueSpecification\",\"valueRequired\":true,\"valueName\":\"search_term_string\"}}],\"inLanguage\":\"fr-FR\"},{\"@type\":\"Organization\",\"@id\":\"https:\\\/\\\/www.bellunopress.it\\\/#organization\",\"name\":\"Bellunopress\",\"url\":\"https:\\\/\\\/www.bellunopress.it\\\/\",\"logo\":{\"@type\":\"ImageObject\",\"inLanguage\":\"fr-FR\",\"@id\":\"https:\\\/\\\/www.bellunopress.it\\\/#\\\/schema\\\/logo\\\/image\\\/\",\"url\":\"https:\\\/\\\/www.bellunopress.it\\\/wp-content\\\/uploads\\\/2011\\\/05\\\/cropped-logo-bellunopress-.jpg\",\"contentUrl\":\"https:\\\/\\\/www.bellunopress.it\\\/wp-content\\\/uploads\\\/2011\\\/05\\\/cropped-logo-bellunopress-.jpg\",\"width\":512,\"height\":512,\"caption\":\"Bellunopress\"},\"image\":{\"@id\":\"https:\\\/\\\/www.bellunopress.it\\\/#\\\/schema\\\/logo\\\/image\\\/\"},\"sameAs\":[\"https:\\\/\\\/www.facebook.com\\\/profile.php?id=100008943462799\",\"https:\\\/\\\/x.com\\\/bellunopress\",\"https:\\\/\\\/www.linkedin.com\\\/hp\\\/?dnr=JBzUWaJfMUw8vbXJJ2tVW5-I3jZKvC4wsoxE&amp;amp;amp;amp;amp;amp;trk=nav_responsive_tab_home\",\"https:\\\/\\\/www.youtube.com\\\/channel\\\/UCxL0wu1uN0_3_7hGG0306cw\"]},{\"@type\":\"Person\",\"@id\":\"https:\\\/\\\/www.bellunopress.it\\\/#\\\/schema\\\/person\\\/79bb06722b37ece1c03d3e94beb30d73\",\"name\":\"redazione\",\"image\":{\"@type\":\"ImageObject\",\"inLanguage\":\"fr-FR\",\"@id\":\"https:\\\/\\\/secure.gravatar.com\\\/avatar\\\/37d968a2e67a6fd04c169c4bdef102d0bc5d31b2546345219e348575eb80e9a0?s=96&d=mm&r=g\",\"url\":\"https:\\\/\\\/secure.gravatar.com\\\/avatar\\\/37d968a2e67a6fd04c169c4bdef102d0bc5d31b2546345219e348575eb80e9a0?s=96&d=mm&r=g\",\"contentUrl\":\"https:\\\/\\\/secure.gravatar.com\\\/avatar\\\/37d968a2e67a6fd04c169c4bdef102d0bc5d31b2546345219e348575eb80e9a0?s=96&d=mm&r=g\",\"caption\":\"redazione\"},\"sameAs\":[\"http:\\\/\\\/www.bellunopress.it\",\"https:\\\/\\\/x.com\\\/bellunopress\"],\"url\":\"https:\\\/\\\/www.bellunopress.it\\\/fr\\\/author\\\/redazione\\\/\"}]}<\/script>\n<!-- \/ Yoast SEO plugin. -->","yoast_head_json":{"title":"Educazione motoria nelle scuole primarie e comunit\u00e0 energetiche. Due interrogazioni delle opposizioni oggi in consiglio comunale - Bellunopress - Dolomiti","robots":{"index":"index","follow":"follow","max-snippet":"max-snippet:-1","max-image-preview":"max-image-preview:large","max-video-preview":"max-video-preview:-1"},"canonical":"https:\/\/www.bellunopress.it\/fr\/2022\/09\/28\/educazione-motoria-nelle-scuole-primarie-e-comunita-energetiche-due-interrogazioni-delle-opposizioni-oggi-in-consiglio-comunale\/","og_locale":"fr_FR","og_type":"article","og_title":"Educazione motoria nelle scuole primarie e comunit\u00e0 energetiche. Due interrogazioni delle opposizioni oggi in consiglio comunale - Bellunopress - Dolomiti","og_description":"Belluno, 28 settembre 2022 &#8211; Due interrogazioni oggi in consiglio comunale da parte delle consigliere del Pd Maria Teresa Cassol e Claudia Bettiol. La prima a sola firma della Cassol, presentata come domanda di attualit\u00e0 poi trasformata in interrogazione riguarda il nuovo insegnamento di educazione motoria nelle classi 4^ e 5^ delle scuole primarie previsto [&hellip;]","og_url":"https:\/\/www.bellunopress.it\/fr\/2022\/09\/28\/educazione-motoria-nelle-scuole-primarie-e-comunita-energetiche-due-interrogazioni-delle-opposizioni-oggi-in-consiglio-comunale\/","og_site_name":"Bellunopress - Dolomiti","article_publisher":"https:\/\/www.facebook.com\/profile.php?id=100008943462799","article_published_time":"2022-09-28T18:21:18+00:00","og_image":[{"width":800,"height":563,"url":"https:\/\/www.bellunopress.it\/wp-content\/uploads\/2020\/04\/palazzo-rosso_edited.jpg","type":"image\/jpeg"}],"author":"redazione","twitter_card":"summary_large_image","twitter_creator":"@bellunopress","twitter_site":"@bellunopress","twitter_misc":{"\u00c9crit par":"redazione","Dur\u00e9e de lecture estim\u00e9e":"3 minutes"},"schema":{"@context":"https:\/\/schema.org","@graph":[{"@type":"Article","@id":"https:\/\/www.bellunopress.it\/2022\/09\/28\/educazione-motoria-nelle-scuole-primarie-e-comunita-energetiche-due-interrogazioni-delle-opposizioni-oggi-in-consiglio-comunale\/#article","isPartOf":{"@id":"https:\/\/www.bellunopress.it\/2022\/09\/28\/educazione-motoria-nelle-scuole-primarie-e-comunita-energetiche-due-interrogazioni-delle-opposizioni-oggi-in-consiglio-comunale\/"},"author":{"name":"redazione","@id":"https:\/\/www.bellunopress.it\/#\/schema\/person\/79bb06722b37ece1c03d3e94beb30d73"},"headline":"Educazione motoria nelle scuole primarie e comunit\u00e0 energetiche. Due interrogazioni delle opposizioni oggi in consiglio comunale","datePublished":"2022-09-28T18:21:18+00:00","mainEntityOfPage":{"@id":"https:\/\/www.bellunopress.it\/2022\/09\/28\/educazione-motoria-nelle-scuole-primarie-e-comunita-energetiche-due-interrogazioni-delle-opposizioni-oggi-in-consiglio-comunale\/"},"wordCount":363,"publisher":{"@id":"https:\/\/www.bellunopress.it\/#organization"},"image":{"@id":"https:\/\/www.bellunopress.it\/2022\/09\/28\/educazione-motoria-nelle-scuole-primarie-e-comunita-energetiche-due-interrogazioni-delle-opposizioni-oggi-in-consiglio-comunale\/#primaryimage"},"thumbnailUrl":"https:\/\/www.bellunopress.it\/wp-content\/uploads\/2020\/04\/palazzo-rosso_edited.jpg","articleSection":["Cronaca\/Politica","Prima Pagina"],"inLanguage":"fr-FR"},{"@type":"WebPage","@id":"https:\/\/www.bellunopress.it\/2022\/09\/28\/educazione-motoria-nelle-scuole-primarie-e-comunita-energetiche-due-interrogazioni-delle-opposizioni-oggi-in-consiglio-comunale\/","url":"https:\/\/www.bellunopress.it\/2022\/09\/28\/educazione-motoria-nelle-scuole-primarie-e-comunita-energetiche-due-interrogazioni-delle-opposizioni-oggi-in-consiglio-comunale\/","name":"Educazione motoria nelle scuole primarie e comunit\u00e0 energetiche. Due interrogazioni delle opposizioni oggi in consiglio comunale - Bellunopress - Dolomiti","isPartOf":{"@id":"https:\/\/www.bellunopress.it\/#website"},"primaryImageOfPage":{"@id":"https:\/\/www.bellunopress.it\/2022\/09\/28\/educazione-motoria-nelle-scuole-primarie-e-comunita-energetiche-due-interrogazioni-delle-opposizioni-oggi-in-consiglio-comunale\/#primaryimage"},"image":{"@id":"https:\/\/www.bellunopress.it\/2022\/09\/28\/educazione-motoria-nelle-scuole-primarie-e-comunita-energetiche-due-interrogazioni-delle-opposizioni-oggi-in-consiglio-comunale\/#primaryimage"},"thumbnailUrl":"https:\/\/www.bellunopress.it\/wp-content\/uploads\/2020\/04\/palazzo-rosso_edited.jpg","datePublished":"2022-09-28T18:21:18+00:00","breadcrumb":{"@id":"https:\/\/www.bellunopress.it\/2022\/09\/28\/educazione-motoria-nelle-scuole-primarie-e-comunita-energetiche-due-interrogazioni-delle-opposizioni-oggi-in-consiglio-comunale\/#breadcrumb"},"inLanguage":"fr-FR","potentialAction":[{"@type":"ReadAction","target":["https:\/\/www.bellunopress.it\/2022\/09\/28\/educazione-motoria-nelle-scuole-primarie-e-comunita-energetiche-due-interrogazioni-delle-opposizioni-oggi-in-consiglio-comunale\/"]}]},{"@type":"ImageObject","inLanguage":"fr-FR","@id":"https:\/\/www.bellunopress.it\/2022\/09\/28\/educazione-motoria-nelle-scuole-primarie-e-comunita-energetiche-due-interrogazioni-delle-opposizioni-oggi-in-consiglio-comunale\/#primaryimage","url":"https:\/\/www.bellunopress.it\/wp-content\/uploads\/2020\/04\/palazzo-rosso_edited.jpg","contentUrl":"https:\/\/www.bellunopress.it\/wp-content\/uploads\/2020\/04\/palazzo-rosso_edited.jpg","width":800,"height":563,"caption":"Palazzo Rosso, sede dell'amministrazione comunale di Belluno"},{"@type":"BreadcrumbList","@id":"https:\/\/www.bellunopress.it\/2022\/09\/28\/educazione-motoria-nelle-scuole-primarie-e-comunita-energetiche-due-interrogazioni-delle-opposizioni-oggi-in-consiglio-comunale\/#breadcrumb","itemListElement":[{"@type":"ListItem","position":1,"name":"Home","item":"https:\/\/www.bellunopress.it\/"},{"@type":"ListItem","position":2,"name":"Educazione motoria nelle scuole primarie e comunit\u00e0 energetiche. Due interrogazioni delle opposizioni oggi in consiglio comunale"}]},{"@type":"WebSite","@id":"https:\/\/www.bellunopress.it\/#website","url":"https:\/\/www.bellunopress.it\/","name":"Bellunopress - Dolomiti","description":"e-mail: redazione@bellunopress.it","publisher":{"@id":"https:\/\/www.bellunopress.it\/#organization"},"potentialAction":[{"@type":"SearchAction","target":{"@type":"EntryPoint","urlTemplate":"https:\/\/www.bellunopress.it\/?s={search_term_string}"},"query-input":{"@type":"PropertyValueSpecification","valueRequired":true,"valueName":"search_term_string"}}],"inLanguage":"fr-FR"},{"@type":"Organization","@id":"https:\/\/www.bellunopress.it\/#organization","name":"Bellunopress","url":"https:\/\/www.bellunopress.it\/","logo":{"@type":"ImageObject","inLanguage":"fr-FR","@id":"https:\/\/www.bellunopress.it\/#\/schema\/logo\/image\/","url":"https:\/\/www.bellunopress.it\/wp-content\/uploads\/2011\/05\/cropped-logo-bellunopress-.jpg","contentUrl":"https:\/\/www.bellunopress.it\/wp-content\/uploads\/2011\/05\/cropped-logo-bellunopress-.jpg","width":512,"height":512,"caption":"Bellunopress"},"image":{"@id":"https:\/\/www.bellunopress.it\/#\/schema\/logo\/image\/"},"sameAs":["https:\/\/www.facebook.com\/profile.php?id=100008943462799","https:\/\/x.com\/bellunopress","https:\/\/www.linkedin.com\/hp\/?dnr=JBzUWaJfMUw8vbXJJ2tVW5-I3jZKvC4wsoxE&amp;amp;amp;amp;amp;amp;trk=nav_responsive_tab_home","https:\/\/www.youtube.com\/channel\/UCxL0wu1uN0_3_7hGG0306cw"]},{"@type":"Person","@id":"https:\/\/www.bellunopress.it\/#\/schema\/person\/79bb06722b37ece1c03d3e94beb30d73","name":"r\u00e9daction","image":{"@type":"ImageObject","inLanguage":"fr-FR","@id":"https:\/\/secure.gravatar.com\/avatar\/37d968a2e67a6fd04c169c4bdef102d0bc5d31b2546345219e348575eb80e9a0?s=96&d=mm&r=g","url":"https:\/\/secure.gravatar.com\/avatar\/37d968a2e67a6fd04c169c4bdef102d0bc5d31b2546345219e348575eb80e9a0?s=96&d=mm&r=g","contentUrl":"https:\/\/secure.gravatar.com\/avatar\/37d968a2e67a6fd04c169c4bdef102d0bc5d31b2546345219e348575eb80e9a0?s=96&d=mm&r=g","caption":"redazione"},"sameAs":["http:\/\/www.bellunopress.it","https:\/\/x.com\/bellunopress"],"url":"https:\/\/www.bellunopress.it\/fr\/author\/redazione\/"}]}},"_links":{"self":[{"href":"https:\/\/www.bellunopress.it\/fr\/wp-json\/wp\/v2\/posts\/136681","targetHints":{"allow":["GET"]}}],"collection":[{"href":"https:\/\/www.bellunopress.it\/fr\/wp-json\/wp\/v2\/posts"}],"about":[{"href":"https:\/\/www.bellunopress.it\/fr\/wp-json\/wp\/v2\/types\/post"}],"author":[{"embeddable":true,"href":"https:\/\/www.bellunopress.it\/fr\/wp-json\/wp\/v2\/users\/2"}],"replies":[{"embeddable":true,"href":"https:\/\/www.bellunopress.it\/fr\/wp-json\/wp\/v2\/comments?post=136681"}],"version-history":[{"count":1,"href":"https:\/\/www.bellunopress.it\/fr\/wp-json\/wp\/v2\/posts\/136681\/revisions"}],"predecessor-version":[{"id":136682,"href":"https:\/\/www.bellunopress.it\/fr\/wp-json\/wp\/v2\/posts\/136681\/revisions\/136682"}],"wp:featuredmedia":[{"embeddable":true,"href":"https:\/\/www.bellunopress.it\/fr\/wp-json\/wp\/v2\/media\/113617"}],"wp:attachment":[{"href":"https:\/\/www.bellunopress.it\/fr\/wp-json\/wp\/v2\/media?parent=136681"}],"wp:term":[{"taxonomy":"category","embeddable":true,"href":"https:\/\/www.bellunopress.it\/fr\/wp-json\/wp\/v2\/categories?post=136681"},{"taxonomy":"post_tag","embeddable":true,"href":"https:\/\/www.bellunopress.it\/fr\/wp-json\/wp\/v2\/tags?post=136681"}],"curies":[{"name":"wp","href":"https:\/\/api.w.org\/{rel}","templated":true}]}}