{"id":136658,"date":"2022-09-27T20:13:29","date_gmt":"2022-09-27T18:13:29","guid":{"rendered":"https:\/\/www.bellunopress.it\/?p=136658"},"modified":"2022-09-27T20:13:56","modified_gmt":"2022-09-27T18:13:56","slug":"presidenzialismo-trabucco-approccio-superficiale","status":"publish","type":"post","link":"https:\/\/www.bellunopress.it\/fr\/2022\/09\/27\/presidenzialismo-trabucco-approccio-superficiale\/","title":{"rendered":"Presidenzialismo. Trabucco: &#8220;Approccio superficiale&#8221;"},"content":{"rendered":"<figure id=\"attachment_125649\" aria-describedby=\"caption-attachment-125649\" style=\"width: 332px\" class=\"wp-caption alignleft\"><img loading=\"lazy\" decoding=\"async\" class=\"size-full wp-image-125649\" src=\"https:\/\/www.bellunopress.it\/wp-content\/uploads\/2021\/07\/Daniele-Trabucco.jpg\" alt=\"\" width=\"332\" height=\"392\" \/><figcaption id=\"caption-attachment-125649\" class=\"wp-caption-text\">Daniele Trabucco, costituzionalista<\/figcaption><\/figure>\n<p>All&#8217;indomani delle elezioni politiche del 25 settembre 2022, il partito di maggioranza relativa (Fratelli d&#8217;Italia), in modo pienamente legittimo, ha illustrato uno dei punti del proprio programma politico, ossia la modifica della forma di Governo parlamentare &#8220;a debole razionalizzazione&#8221; in senso presidenziale.<\/p>\n<p>&#8220;Una proposta che condivido &#8211; dichiara il professor Daniele Trabucco &#8211; ma sulla quale noto un approccio molto superficiale. In primo luogo, \u00e8 doveroso ricordare che non esiste un modello astratto di presidenzialismo, ma specifiche e concrete esperienze costituzionali: quella americana, brasiliana, ghanese etc. (si veda, sul punto, la insuperata lezione del prof. Paolo Biscaretti di Ruffia (1912-1996). In secondo luogo, sia alla Camera dei Deputati, sia al Senato della Repubblica, la maggioranza parlamentare di centro-destra non ha i numeri per un&#8217;approvazione, nella seconda deliberazione, mediante la maggioranza dei due terzi dei componenti di ciascuna Camera per evitare il possibile referendum confermativo\/oppositivo (art. 138 Cost.).<\/p>\n<p>Potrebbe essere certamente un&#8217;occasione per coinvolgere il corpo elettorale &#8211; prosegue Trabucco &#8211; con la consapevolezza, per\u00f2, di dover fronteggiare l&#8217;ostilit\u00e0 delle sinistre urlatrici del ritorno del fascismo (ovviamente nella loro mente) e dello &#8220;scardinamento&#8221; della Costituzione repubblicana. In terzo ed ultimo luogo, si cade nel solito errore, a riprova dell&#8217;assenza di una cultura filosofica nel centro-destra quale &#8220;faro&#8221; per qualunque azione politica e giuridica, per cui la priorit\u00e0 \u00e8 la revisione costituzionale (sistemi presidenziali esistono in democrazie di grande tradizione senza pericoli per il nostro Paese) e non il superamento dell&#8217;ideologia neopositivista sottesa al Testo fondamentale vigente del 1948 e successive modificazioni&#8221;.<\/p>\n<p>&nbsp;<\/p>","protected":false},"excerpt":{"rendered":"<p>All&#8217;indomani delle elezioni politiche del 25 settembre 2022, il partito di maggioranza relativa (Fratelli d&#8217;Italia), in modo pienamente legittimo, ha illustrato uno dei punti del proprio programma politico, ossia la modifica della forma di Governo parlamentare &#8220;a debole razionalizzazione&#8221; in senso presidenziale. &#8220;Una proposta che condivido &#8211; dichiara il professor Daniele Trabucco &#8211; ma sulla [&hellip;]<\/p>\n","protected":false},"author":2,"featured_media":125649,"comment_status":"closed","ping_status":"open","sticky":false,"template":"","format":"standard","meta":{"footnotes":""},"categories":[5,26],"tags":[],"class_list":["post-136658","post","type-post","status-publish","format-standard","has-post-thumbnail","category-cronaca","category-prima-pagina"],"yoast_head":"<!-- This site is optimized with the Yoast SEO plugin v28.4 - https:\/\/yoast.com\/product\/yoast-seo-wordpress\/ -->\n<title>Presidenzialismo. Trabucco: &quot;Approccio superficiale&quot; - Bellunopress - Dolomiti<\/title>\n<meta name=\"robots\" content=\"index, follow, max-snippet:-1, max-image-preview:large, max-video-preview:-1\" \/>\n<link rel=\"canonical\" href=\"https:\/\/www.bellunopress.it\/fr\/2022\/09\/27\/presidenzialismo-trabucco-approccio-superficiale\/\" \/>\n<meta property=\"og:locale\" content=\"fr_FR\" \/>\n<meta property=\"og:type\" content=\"article\" \/>\n<meta property=\"og:title\" content=\"Presidenzialismo. Trabucco: &quot;Approccio superficiale&quot; - Bellunopress - Dolomiti\" \/>\n<meta property=\"og:description\" content=\"All&#8217;indomani delle elezioni politiche del 25 settembre 2022, il partito di maggioranza relativa (Fratelli d&#8217;Italia), in modo pienamente legittimo, ha illustrato uno dei punti del proprio programma politico, ossia la modifica della forma di Governo parlamentare &#8220;a debole razionalizzazione&#8221; in senso presidenziale. &#8220;Una proposta che condivido &#8211; dichiara il professor Daniele Trabucco &#8211; ma sulla [&hellip;]\" \/>\n<meta property=\"og:url\" content=\"https:\/\/www.bellunopress.it\/fr\/2022\/09\/27\/presidenzialismo-trabucco-approccio-superficiale\/\" \/>\n<meta property=\"og:site_name\" content=\"Bellunopress - Dolomiti\" \/>\n<meta property=\"article:publisher\" content=\"https:\/\/www.facebook.com\/profile.php?id=100008943462799\" \/>\n<meta property=\"article:published_time\" content=\"2022-09-27T18:13:29+00:00\" \/>\n<meta property=\"article:modified_time\" content=\"2022-09-27T18:13:56+00:00\" \/>\n<meta property=\"og:image\" content=\"https:\/\/www.bellunopress.it\/wp-content\/uploads\/2021\/07\/Daniele-Trabucco.jpg\" \/>\n\t<meta property=\"og:image:width\" content=\"332\" \/>\n\t<meta property=\"og:image:height\" content=\"392\" \/>\n\t<meta property=\"og:image:type\" content=\"image\/jpeg\" \/>\n<meta name=\"author\" content=\"redazione\" \/>\n<meta name=\"twitter:card\" content=\"summary_large_image\" \/>\n<meta name=\"twitter:creator\" content=\"@bellunopress\" \/>\n<meta name=\"twitter:site\" content=\"@bellunopress\" \/>\n<meta name=\"twitter:label1\" content=\"\u00c9crit par\" \/>\n\t<meta name=\"twitter:data1\" content=\"redazione\" \/>\n\t<meta name=\"twitter:label2\" content=\"Dur\u00e9e de lecture estim\u00e9e\" \/>\n\t<meta name=\"twitter:data2\" content=\"2 minutes\" \/>\n<script type=\"application\/ld+json\" class=\"yoast-schema-graph\">{\"@context\":\"https:\\\/\\\/schema.org\",\"@graph\":[{\"@type\":\"Article\",\"@id\":\"https:\\\/\\\/www.bellunopress.it\\\/2022\\\/09\\\/27\\\/presidenzialismo-trabucco-approccio-superficiale\\\/#article\",\"isPartOf\":{\"@id\":\"https:\\\/\\\/www.bellunopress.it\\\/2022\\\/09\\\/27\\\/presidenzialismo-trabucco-approccio-superficiale\\\/\"},\"author\":{\"name\":\"redazione\",\"@id\":\"https:\\\/\\\/www.bellunopress.it\\\/#\\\/schema\\\/person\\\/79bb06722b37ece1c03d3e94beb30d73\"},\"headline\":\"Presidenzialismo. Trabucco: &#8220;Approccio superficiale&#8221;\",\"datePublished\":\"2022-09-27T18:13:29+00:00\",\"dateModified\":\"2022-09-27T18:13:56+00:00\",\"mainEntityOfPage\":{\"@id\":\"https:\\\/\\\/www.bellunopress.it\\\/2022\\\/09\\\/27\\\/presidenzialismo-trabucco-approccio-superficiale\\\/\"},\"wordCount\":267,\"publisher\":{\"@id\":\"https:\\\/\\\/www.bellunopress.it\\\/#organization\"},\"image\":{\"@id\":\"https:\\\/\\\/www.bellunopress.it\\\/2022\\\/09\\\/27\\\/presidenzialismo-trabucco-approccio-superficiale\\\/#primaryimage\"},\"thumbnailUrl\":\"https:\\\/\\\/www.bellunopress.it\\\/wp-content\\\/uploads\\\/2021\\\/07\\\/Daniele-Trabucco.jpg\",\"articleSection\":[\"Cronaca\\\/Politica\",\"Prima Pagina\"],\"inLanguage\":\"fr-FR\"},{\"@type\":\"WebPage\",\"@id\":\"https:\\\/\\\/www.bellunopress.it\\\/2022\\\/09\\\/27\\\/presidenzialismo-trabucco-approccio-superficiale\\\/\",\"url\":\"https:\\\/\\\/www.bellunopress.it\\\/2022\\\/09\\\/27\\\/presidenzialismo-trabucco-approccio-superficiale\\\/\",\"name\":\"Presidenzialismo. Trabucco: \\\"Approccio superficiale\\\" - Bellunopress - Dolomiti\",\"isPartOf\":{\"@id\":\"https:\\\/\\\/www.bellunopress.it\\\/#website\"},\"primaryImageOfPage\":{\"@id\":\"https:\\\/\\\/www.bellunopress.it\\\/2022\\\/09\\\/27\\\/presidenzialismo-trabucco-approccio-superficiale\\\/#primaryimage\"},\"image\":{\"@id\":\"https:\\\/\\\/www.bellunopress.it\\\/2022\\\/09\\\/27\\\/presidenzialismo-trabucco-approccio-superficiale\\\/#primaryimage\"},\"thumbnailUrl\":\"https:\\\/\\\/www.bellunopress.it\\\/wp-content\\\/uploads\\\/2021\\\/07\\\/Daniele-Trabucco.jpg\",\"datePublished\":\"2022-09-27T18:13:29+00:00\",\"dateModified\":\"2022-09-27T18:13:56+00:00\",\"breadcrumb\":{\"@id\":\"https:\\\/\\\/www.bellunopress.it\\\/2022\\\/09\\\/27\\\/presidenzialismo-trabucco-approccio-superficiale\\\/#breadcrumb\"},\"inLanguage\":\"fr-FR\",\"potentialAction\":[{\"@type\":\"ReadAction\",\"target\":[\"https:\\\/\\\/www.bellunopress.it\\\/2022\\\/09\\\/27\\\/presidenzialismo-trabucco-approccio-superficiale\\\/\"]}]},{\"@type\":\"ImageObject\",\"inLanguage\":\"fr-FR\",\"@id\":\"https:\\\/\\\/www.bellunopress.it\\\/2022\\\/09\\\/27\\\/presidenzialismo-trabucco-approccio-superficiale\\\/#primaryimage\",\"url\":\"https:\\\/\\\/www.bellunopress.it\\\/wp-content\\\/uploads\\\/2021\\\/07\\\/Daniele-Trabucco.jpg\",\"contentUrl\":\"https:\\\/\\\/www.bellunopress.it\\\/wp-content\\\/uploads\\\/2021\\\/07\\\/Daniele-Trabucco.jpg\",\"width\":332,\"height\":392,\"caption\":\"Daniele Trabucco, costituzionalista\"},{\"@type\":\"BreadcrumbList\",\"@id\":\"https:\\\/\\\/www.bellunopress.it\\\/2022\\\/09\\\/27\\\/presidenzialismo-trabucco-approccio-superficiale\\\/#breadcrumb\",\"itemListElement\":[{\"@type\":\"ListItem\",\"position\":1,\"name\":\"Home\",\"item\":\"https:\\\/\\\/www.bellunopress.it\\\/\"},{\"@type\":\"ListItem\",\"position\":2,\"name\":\"Presidenzialismo. Trabucco: &#8220;Approccio superficiale&#8221;\"}]},{\"@type\":\"WebSite\",\"@id\":\"https:\\\/\\\/www.bellunopress.it\\\/#website\",\"url\":\"https:\\\/\\\/www.bellunopress.it\\\/\",\"name\":\"Bellunopress - Dolomiti\",\"description\":\"e-mail: redazione@bellunopress.it\",\"publisher\":{\"@id\":\"https:\\\/\\\/www.bellunopress.it\\\/#organization\"},\"potentialAction\":[{\"@type\":\"SearchAction\",\"target\":{\"@type\":\"EntryPoint\",\"urlTemplate\":\"https:\\\/\\\/www.bellunopress.it\\\/?s={search_term_string}\"},\"query-input\":{\"@type\":\"PropertyValueSpecification\",\"valueRequired\":true,\"valueName\":\"search_term_string\"}}],\"inLanguage\":\"fr-FR\"},{\"@type\":\"Organization\",\"@id\":\"https:\\\/\\\/www.bellunopress.it\\\/#organization\",\"name\":\"Bellunopress\",\"url\":\"https:\\\/\\\/www.bellunopress.it\\\/\",\"logo\":{\"@type\":\"ImageObject\",\"inLanguage\":\"fr-FR\",\"@id\":\"https:\\\/\\\/www.bellunopress.it\\\/#\\\/schema\\\/logo\\\/image\\\/\",\"url\":\"https:\\\/\\\/www.bellunopress.it\\\/wp-content\\\/uploads\\\/2011\\\/05\\\/cropped-logo-bellunopress-.jpg\",\"contentUrl\":\"https:\\\/\\\/www.bellunopress.it\\\/wp-content\\\/uploads\\\/2011\\\/05\\\/cropped-logo-bellunopress-.jpg\",\"width\":512,\"height\":512,\"caption\":\"Bellunopress\"},\"image\":{\"@id\":\"https:\\\/\\\/www.bellunopress.it\\\/#\\\/schema\\\/logo\\\/image\\\/\"},\"sameAs\":[\"https:\\\/\\\/www.facebook.com\\\/profile.php?id=100008943462799\",\"https:\\\/\\\/x.com\\\/bellunopress\",\"https:\\\/\\\/www.linkedin.com\\\/hp\\\/?dnr=JBzUWaJfMUw8vbXJJ2tVW5-I3jZKvC4wsoxE&amp;amp;amp;amp;amp;amp;trk=nav_responsive_tab_home\",\"https:\\\/\\\/www.youtube.com\\\/channel\\\/UCxL0wu1uN0_3_7hGG0306cw\"]},{\"@type\":\"Person\",\"@id\":\"https:\\\/\\\/www.bellunopress.it\\\/#\\\/schema\\\/person\\\/79bb06722b37ece1c03d3e94beb30d73\",\"name\":\"redazione\",\"image\":{\"@type\":\"ImageObject\",\"inLanguage\":\"fr-FR\",\"@id\":\"https:\\\/\\\/secure.gravatar.com\\\/avatar\\\/37d968a2e67a6fd04c169c4bdef102d0bc5d31b2546345219e348575eb80e9a0?s=96&d=mm&r=g\",\"url\":\"https:\\\/\\\/secure.gravatar.com\\\/avatar\\\/37d968a2e67a6fd04c169c4bdef102d0bc5d31b2546345219e348575eb80e9a0?s=96&d=mm&r=g\",\"contentUrl\":\"https:\\\/\\\/secure.gravatar.com\\\/avatar\\\/37d968a2e67a6fd04c169c4bdef102d0bc5d31b2546345219e348575eb80e9a0?s=96&d=mm&r=g\",\"caption\":\"redazione\"},\"sameAs\":[\"http:\\\/\\\/www.bellunopress.it\",\"https:\\\/\\\/x.com\\\/bellunopress\"],\"url\":\"https:\\\/\\\/www.bellunopress.it\\\/fr\\\/author\\\/redazione\\\/\"}]}<\/script>\n<!-- \/ Yoast SEO plugin. -->","yoast_head_json":{"title":"Presidenzialismo. Trabucco: \"Approccio superficiale\" - Bellunopress - Dolomiti","robots":{"index":"index","follow":"follow","max-snippet":"max-snippet:-1","max-image-preview":"max-image-preview:large","max-video-preview":"max-video-preview:-1"},"canonical":"https:\/\/www.bellunopress.it\/fr\/2022\/09\/27\/presidenzialismo-trabucco-approccio-superficiale\/","og_locale":"fr_FR","og_type":"article","og_title":"Presidenzialismo. Trabucco: \"Approccio superficiale\" - Bellunopress - Dolomiti","og_description":"All&#8217;indomani delle elezioni politiche del 25 settembre 2022, il partito di maggioranza relativa (Fratelli d&#8217;Italia), in modo pienamente legittimo, ha illustrato uno dei punti del proprio programma politico, ossia la modifica della forma di Governo parlamentare &#8220;a debole razionalizzazione&#8221; in senso presidenziale. &#8220;Una proposta che condivido &#8211; dichiara il professor Daniele Trabucco &#8211; ma sulla [&hellip;]","og_url":"https:\/\/www.bellunopress.it\/fr\/2022\/09\/27\/presidenzialismo-trabucco-approccio-superficiale\/","og_site_name":"Bellunopress - Dolomiti","article_publisher":"https:\/\/www.facebook.com\/profile.php?id=100008943462799","article_published_time":"2022-09-27T18:13:29+00:00","article_modified_time":"2022-09-27T18:13:56+00:00","og_image":[{"width":332,"height":392,"url":"https:\/\/www.bellunopress.it\/wp-content\/uploads\/2021\/07\/Daniele-Trabucco.jpg","type":"image\/jpeg"}],"author":"redazione","twitter_card":"summary_large_image","twitter_creator":"@bellunopress","twitter_site":"@bellunopress","twitter_misc":{"\u00c9crit par":"redazione","Dur\u00e9e de lecture estim\u00e9e":"2 minutes"},"schema":{"@context":"https:\/\/schema.org","@graph":[{"@type":"Article","@id":"https:\/\/www.bellunopress.it\/2022\/09\/27\/presidenzialismo-trabucco-approccio-superficiale\/#article","isPartOf":{"@id":"https:\/\/www.bellunopress.it\/2022\/09\/27\/presidenzialismo-trabucco-approccio-superficiale\/"},"author":{"name":"redazione","@id":"https:\/\/www.bellunopress.it\/#\/schema\/person\/79bb06722b37ece1c03d3e94beb30d73"},"headline":"Presidenzialismo. Trabucco: &#8220;Approccio superficiale&#8221;","datePublished":"2022-09-27T18:13:29+00:00","dateModified":"2022-09-27T18:13:56+00:00","mainEntityOfPage":{"@id":"https:\/\/www.bellunopress.it\/2022\/09\/27\/presidenzialismo-trabucco-approccio-superficiale\/"},"wordCount":267,"publisher":{"@id":"https:\/\/www.bellunopress.it\/#organization"},"image":{"@id":"https:\/\/www.bellunopress.it\/2022\/09\/27\/presidenzialismo-trabucco-approccio-superficiale\/#primaryimage"},"thumbnailUrl":"https:\/\/www.bellunopress.it\/wp-content\/uploads\/2021\/07\/Daniele-Trabucco.jpg","articleSection":["Cronaca\/Politica","Prima Pagina"],"inLanguage":"fr-FR"},{"@type":"WebPage","@id":"https:\/\/www.bellunopress.it\/2022\/09\/27\/presidenzialismo-trabucco-approccio-superficiale\/","url":"https:\/\/www.bellunopress.it\/2022\/09\/27\/presidenzialismo-trabucco-approccio-superficiale\/","name":"Presidenzialismo. Trabucco: \"Approccio superficiale\" - Bellunopress - Dolomiti","isPartOf":{"@id":"https:\/\/www.bellunopress.it\/#website"},"primaryImageOfPage":{"@id":"https:\/\/www.bellunopress.it\/2022\/09\/27\/presidenzialismo-trabucco-approccio-superficiale\/#primaryimage"},"image":{"@id":"https:\/\/www.bellunopress.it\/2022\/09\/27\/presidenzialismo-trabucco-approccio-superficiale\/#primaryimage"},"thumbnailUrl":"https:\/\/www.bellunopress.it\/wp-content\/uploads\/2021\/07\/Daniele-Trabucco.jpg","datePublished":"2022-09-27T18:13:29+00:00","dateModified":"2022-09-27T18:13:56+00:00","breadcrumb":{"@id":"https:\/\/www.bellunopress.it\/2022\/09\/27\/presidenzialismo-trabucco-approccio-superficiale\/#breadcrumb"},"inLanguage":"fr-FR","potentialAction":[{"@type":"ReadAction","target":["https:\/\/www.bellunopress.it\/2022\/09\/27\/presidenzialismo-trabucco-approccio-superficiale\/"]}]},{"@type":"ImageObject","inLanguage":"fr-FR","@id":"https:\/\/www.bellunopress.it\/2022\/09\/27\/presidenzialismo-trabucco-approccio-superficiale\/#primaryimage","url":"https:\/\/www.bellunopress.it\/wp-content\/uploads\/2021\/07\/Daniele-Trabucco.jpg","contentUrl":"https:\/\/www.bellunopress.it\/wp-content\/uploads\/2021\/07\/Daniele-Trabucco.jpg","width":332,"height":392,"caption":"Daniele Trabucco, costituzionalista"},{"@type":"BreadcrumbList","@id":"https:\/\/www.bellunopress.it\/2022\/09\/27\/presidenzialismo-trabucco-approccio-superficiale\/#breadcrumb","itemListElement":[{"@type":"ListItem","position":1,"name":"Home","item":"https:\/\/www.bellunopress.it\/"},{"@type":"ListItem","position":2,"name":"Presidenzialismo. Trabucco: &#8220;Approccio superficiale&#8221;"}]},{"@type":"WebSite","@id":"https:\/\/www.bellunopress.it\/#website","url":"https:\/\/www.bellunopress.it\/","name":"Bellunopress - Dolomiti","description":"e-mail: redazione@bellunopress.it","publisher":{"@id":"https:\/\/www.bellunopress.it\/#organization"},"potentialAction":[{"@type":"SearchAction","target":{"@type":"EntryPoint","urlTemplate":"https:\/\/www.bellunopress.it\/?s={search_term_string}"},"query-input":{"@type":"PropertyValueSpecification","valueRequired":true,"valueName":"search_term_string"}}],"inLanguage":"fr-FR"},{"@type":"Organization","@id":"https:\/\/www.bellunopress.it\/#organization","name":"Bellunopress","url":"https:\/\/www.bellunopress.it\/","logo":{"@type":"ImageObject","inLanguage":"fr-FR","@id":"https:\/\/www.bellunopress.it\/#\/schema\/logo\/image\/","url":"https:\/\/www.bellunopress.it\/wp-content\/uploads\/2011\/05\/cropped-logo-bellunopress-.jpg","contentUrl":"https:\/\/www.bellunopress.it\/wp-content\/uploads\/2011\/05\/cropped-logo-bellunopress-.jpg","width":512,"height":512,"caption":"Bellunopress"},"image":{"@id":"https:\/\/www.bellunopress.it\/#\/schema\/logo\/image\/"},"sameAs":["https:\/\/www.facebook.com\/profile.php?id=100008943462799","https:\/\/x.com\/bellunopress","https:\/\/www.linkedin.com\/hp\/?dnr=JBzUWaJfMUw8vbXJJ2tVW5-I3jZKvC4wsoxE&amp;amp;amp;amp;amp;amp;trk=nav_responsive_tab_home","https:\/\/www.youtube.com\/channel\/UCxL0wu1uN0_3_7hGG0306cw"]},{"@type":"Person","@id":"https:\/\/www.bellunopress.it\/#\/schema\/person\/79bb06722b37ece1c03d3e94beb30d73","name":"r\u00e9daction","image":{"@type":"ImageObject","inLanguage":"fr-FR","@id":"https:\/\/secure.gravatar.com\/avatar\/37d968a2e67a6fd04c169c4bdef102d0bc5d31b2546345219e348575eb80e9a0?s=96&d=mm&r=g","url":"https:\/\/secure.gravatar.com\/avatar\/37d968a2e67a6fd04c169c4bdef102d0bc5d31b2546345219e348575eb80e9a0?s=96&d=mm&r=g","contentUrl":"https:\/\/secure.gravatar.com\/avatar\/37d968a2e67a6fd04c169c4bdef102d0bc5d31b2546345219e348575eb80e9a0?s=96&d=mm&r=g","caption":"redazione"},"sameAs":["http:\/\/www.bellunopress.it","https:\/\/x.com\/bellunopress"],"url":"https:\/\/www.bellunopress.it\/fr\/author\/redazione\/"}]}},"_links":{"self":[{"href":"https:\/\/www.bellunopress.it\/fr\/wp-json\/wp\/v2\/posts\/136658","targetHints":{"allow":["GET"]}}],"collection":[{"href":"https:\/\/www.bellunopress.it\/fr\/wp-json\/wp\/v2\/posts"}],"about":[{"href":"https:\/\/www.bellunopress.it\/fr\/wp-json\/wp\/v2\/types\/post"}],"author":[{"embeddable":true,"href":"https:\/\/www.bellunopress.it\/fr\/wp-json\/wp\/v2\/users\/2"}],"replies":[{"embeddable":true,"href":"https:\/\/www.bellunopress.it\/fr\/wp-json\/wp\/v2\/comments?post=136658"}],"version-history":[{"count":2,"href":"https:\/\/www.bellunopress.it\/fr\/wp-json\/wp\/v2\/posts\/136658\/revisions"}],"predecessor-version":[{"id":136660,"href":"https:\/\/www.bellunopress.it\/fr\/wp-json\/wp\/v2\/posts\/136658\/revisions\/136660"}],"wp:featuredmedia":[{"embeddable":true,"href":"https:\/\/www.bellunopress.it\/fr\/wp-json\/wp\/v2\/media\/125649"}],"wp:attachment":[{"href":"https:\/\/www.bellunopress.it\/fr\/wp-json\/wp\/v2\/media?parent=136658"}],"wp:term":[{"taxonomy":"category","embeddable":true,"href":"https:\/\/www.bellunopress.it\/fr\/wp-json\/wp\/v2\/categories?post=136658"},{"taxonomy":"post_tag","embeddable":true,"href":"https:\/\/www.bellunopress.it\/fr\/wp-json\/wp\/v2\/tags?post=136658"}],"curies":[{"name":"wp","href":"https:\/\/api.w.org\/{rel}","templated":true}]}}