{"id":136655,"date":"2022-09-27T18:07:13","date_gmt":"2022-09-27T16:07:13","guid":{"rendered":"https:\/\/www.bellunopress.it\/?p=136655"},"modified":"2022-09-27T18:07:13","modified_gmt":"2022-09-27T16:07:13","slug":"riqualificazione-energetica-delledificio-kraller-saranno-riservati-8-alloggi-ai-lavoratori-temporanei","status":"publish","type":"post","link":"https:\/\/www.bellunopress.it\/fr\/2022\/09\/27\/riqualificazione-energetica-delledificio-kraller-saranno-riservati-8-alloggi-ai-lavoratori-temporanei\/","title":{"rendered":"Riqualificazione energetica dell&#8217;edificio Kraller. Saranno riservati 8 alloggi ai lavoratori temporanei"},"content":{"rendered":"<p><img loading=\"lazy\" decoding=\"async\" class=\"alignleft size-full wp-image-136656\" src=\"https:\/\/www.bellunopress.it\/wp-content\/uploads\/2022\/09\/Edificio-Kraller-via-Lungardo-Belluno_edited.jpg\" alt=\"\" width=\"1000\" height=\"531\" srcset=\"https:\/\/www.bellunopress.it\/wp-content\/uploads\/2022\/09\/Edificio-Kraller-via-Lungardo-Belluno_edited.jpg 1000w, https:\/\/www.bellunopress.it\/wp-content\/uploads\/2022\/09\/Edificio-Kraller-via-Lungardo-Belluno_edited-500x266.jpg 500w, https:\/\/www.bellunopress.it\/wp-content\/uploads\/2022\/09\/Edificio-Kraller-via-Lungardo-Belluno_edited-696x370.jpg 696w, https:\/\/www.bellunopress.it\/wp-content\/uploads\/2022\/09\/Edificio-Kraller-via-Lungardo-Belluno_edited-791x420.jpg 791w\" sizes=\"auto, (max-width: 1000px) 100vw, 1000px\" \/>Belluno, 27 settembre 2022 &#8211; Via libera oggi in giunta al progetto definitivo\/esecutivo di riqualificazione energetica dell\u2019edificio Kraller, in via Lungardo. L\u2019operazione, finanziata dal Fondo complementare al piano nazionale di ripresa e resilienza \u2013 \u201cSicuro verde e sociale\u201d per 1.021.500,00 euro e avviata gi\u00e0 dalla precedente amministrazione, porter\u00e0 ad una ristrutturazione generale dell\u2019immobile che verr\u00e0 adibito, in futuro, anche a nuove funzioni.<\/p>\n<figure id=\"attachment_135822\" aria-describedby=\"caption-attachment-135822\" style=\"width: 446px\" class=\"wp-caption alignleft\"><img loading=\"lazy\" decoding=\"async\" class=\"size-full wp-image-135822\" src=\"https:\/\/www.bellunopress.it\/wp-content\/uploads\/2022\/08\/Paolo-Gamba.jpg\" alt=\"\" width=\"446\" height=\"545\" srcset=\"https:\/\/www.bellunopress.it\/wp-content\/uploads\/2022\/08\/Paolo-Gamba.jpg 446w, https:\/\/www.bellunopress.it\/wp-content\/uploads\/2022\/08\/Paolo-Gamba-409x500.jpg 409w, https:\/\/www.bellunopress.it\/wp-content\/uploads\/2022\/08\/Paolo-Gamba-344x420.jpg 344w\" sizes=\"auto, (max-width: 446px) 100vw, 446px\" \/><figcaption id=\"caption-attachment-135822\" class=\"wp-caption-text\">Paolo Gamba, vicesindaco di Belluno e assessore al Bilancio<\/figcaption><\/figure>\n<p>\u201cGli appartamenti sono 19, di cui 11 alloggi di emergenza gestiti per conto del Comune dall\u2019Ater \u2013 spiega il vice sindaco e assessore al bilancio Paolo Gamba \u2013. Ai restanti 8 daremo una nuova funzione, saranno infatti dedicati ai lavoratori temporanei. Daranno una prima e parziale risposta alla mancanza di alloggi per tutta una fascia di persone, penso ai medici, per esempio\u201d.<\/p>\n<p>La giunta nella riunione di oggi pomeriggio ha approvato il progetto definitivo\/esecutivo, al quale seguir\u00e0 la manifestazione di interesse per arrivare, poi, all\u2019affidamento dei lavori. Il progetto prevede diversi interventi agli impianti e all\u2019involucro, tutti finalizzati al risparmio energetico e al contenimento della Co2. L\u2019obiettivo, infatti, \u00e8 il miglioramento della performance energetica dell\u2019edificio, oltre alla sostituzione del manto di copertura in quanto quasi tutte le tegole risultano ammalorate. Non solo, verr\u00e0 rinnovato l\u2019impianto termico attraverso l\u2019installazione di un moderno impianto di riscaldamento del tipo radiante a soffitto a bassa temperatura, regolato centralmente in modo che le temperature siano impostabili e controllabili da remoto, e verr\u00e0 rinnovato l\u2019impianto elettrico di ogni singolo appartamento installando corpi illuminanti a led a basso consumo.<\/p>\n<p>Si ricorrer\u00e0 anche al fotovoltaico. Verr\u00e0 infatti realizzata una pensilina fotovoltaica con accumulo, che permetter\u00e0 di rendere autonomo l\u2019edificio per i consumi relativi alle parti comuni e servir\u00e0 da copertura alle automobili.<br \/>\nL\u2019edificio sar\u00e0 poi isolato con un cappotto interno lungo i muri perimetrali e le finestre non rispondenti ai requisiti termici e acustici saranno sostituite.<\/p>\n<p>&nbsp;<\/p>","protected":false},"excerpt":{"rendered":"<p>Belluno, 27 settembre 2022 &#8211; Via libera oggi in giunta al progetto definitivo\/esecutivo di riqualificazione energetica dell\u2019edificio Kraller, in via Lungardo. L\u2019operazione, finanziata dal Fondo complementare al piano nazionale di ripresa e resilienza \u2013 \u201cSicuro verde e sociale\u201d per 1.021.500,00 euro e avviata gi\u00e0 dalla precedente amministrazione, porter\u00e0 ad una ristrutturazione generale dell\u2019immobile che verr\u00e0 [&hellip;]<\/p>\n","protected":false},"author":2,"featured_media":136656,"comment_status":"closed","ping_status":"open","sticky":false,"template":"","format":"standard","meta":{"footnotes":""},"categories":[5,26],"tags":[],"class_list":["post-136655","post","type-post","status-publish","format-standard","has-post-thumbnail","category-cronaca","category-prima-pagina"],"yoast_head":"<!-- This site is optimized with the Yoast SEO plugin v28.4 - https:\/\/yoast.com\/product\/yoast-seo-wordpress\/ -->\n<title>Riqualificazione energetica dell&#039;edificio Kraller. Saranno riservati 8 alloggi ai lavoratori temporanei - Bellunopress - Dolomiti<\/title>\n<meta name=\"robots\" content=\"index, follow, max-snippet:-1, max-image-preview:large, max-video-preview:-1\" \/>\n<link rel=\"canonical\" href=\"https:\/\/www.bellunopress.it\/fr\/2022\/09\/27\/riqualificazione-energetica-delledificio-kraller-saranno-riservati-8-alloggi-ai-lavoratori-temporanei\/\" \/>\n<meta property=\"og:locale\" content=\"fr_FR\" \/>\n<meta property=\"og:type\" content=\"article\" \/>\n<meta property=\"og:title\" content=\"Riqualificazione energetica dell&#039;edificio Kraller. Saranno riservati 8 alloggi ai lavoratori temporanei - Bellunopress - Dolomiti\" \/>\n<meta property=\"og:description\" content=\"Belluno, 27 settembre 2022 &#8211; Via libera oggi in giunta al progetto definitivo\/esecutivo di riqualificazione energetica dell\u2019edificio Kraller, in via Lungardo. L\u2019operazione, finanziata dal Fondo complementare al piano nazionale di ripresa e resilienza \u2013 \u201cSicuro verde e sociale\u201d per 1.021.500,00 euro e avviata gi\u00e0 dalla precedente amministrazione, porter\u00e0 ad una ristrutturazione generale dell\u2019immobile che verr\u00e0 [&hellip;]\" \/>\n<meta property=\"og:url\" content=\"https:\/\/www.bellunopress.it\/fr\/2022\/09\/27\/riqualificazione-energetica-delledificio-kraller-saranno-riservati-8-alloggi-ai-lavoratori-temporanei\/\" \/>\n<meta property=\"og:site_name\" content=\"Bellunopress - Dolomiti\" \/>\n<meta property=\"article:publisher\" content=\"https:\/\/www.facebook.com\/profile.php?id=100008943462799\" \/>\n<meta property=\"article:published_time\" content=\"2022-09-27T16:07:13+00:00\" \/>\n<meta property=\"og:image\" content=\"https:\/\/www.bellunopress.it\/wp-content\/uploads\/2022\/09\/Edificio-Kraller-via-Lungardo-Belluno_edited.jpg\" \/>\n\t<meta property=\"og:image:width\" content=\"1000\" \/>\n\t<meta property=\"og:image:height\" content=\"531\" \/>\n\t<meta property=\"og:image:type\" content=\"image\/jpeg\" \/>\n<meta name=\"author\" content=\"redazione\" \/>\n<meta name=\"twitter:card\" content=\"summary_large_image\" \/>\n<meta name=\"twitter:creator\" content=\"@bellunopress\" \/>\n<meta name=\"twitter:site\" content=\"@bellunopress\" \/>\n<meta name=\"twitter:label1\" content=\"\u00c9crit par\" \/>\n\t<meta name=\"twitter:data1\" content=\"redazione\" \/>\n\t<meta name=\"twitter:label2\" content=\"Dur\u00e9e de lecture estim\u00e9e\" \/>\n\t<meta name=\"twitter:data2\" content=\"3 minutes\" \/>\n<script type=\"application\/ld+json\" class=\"yoast-schema-graph\">{\"@context\":\"https:\\\/\\\/schema.org\",\"@graph\":[{\"@type\":\"Article\",\"@id\":\"https:\\\/\\\/www.bellunopress.it\\\/2022\\\/09\\\/27\\\/riqualificazione-energetica-delledificio-kraller-saranno-riservati-8-alloggi-ai-lavoratori-temporanei\\\/#article\",\"isPartOf\":{\"@id\":\"https:\\\/\\\/www.bellunopress.it\\\/2022\\\/09\\\/27\\\/riqualificazione-energetica-delledificio-kraller-saranno-riservati-8-alloggi-ai-lavoratori-temporanei\\\/\"},\"author\":{\"name\":\"redazione\",\"@id\":\"https:\\\/\\\/www.bellunopress.it\\\/#\\\/schema\\\/person\\\/79bb06722b37ece1c03d3e94beb30d73\"},\"headline\":\"Riqualificazione energetica dell&#8217;edificio Kraller. Saranno riservati 8 alloggi ai lavoratori temporanei\",\"datePublished\":\"2022-09-27T16:07:13+00:00\",\"mainEntityOfPage\":{\"@id\":\"https:\\\/\\\/www.bellunopress.it\\\/2022\\\/09\\\/27\\\/riqualificazione-energetica-delledificio-kraller-saranno-riservati-8-alloggi-ai-lavoratori-temporanei\\\/\"},\"wordCount\":333,\"publisher\":{\"@id\":\"https:\\\/\\\/www.bellunopress.it\\\/#organization\"},\"image\":{\"@id\":\"https:\\\/\\\/www.bellunopress.it\\\/2022\\\/09\\\/27\\\/riqualificazione-energetica-delledificio-kraller-saranno-riservati-8-alloggi-ai-lavoratori-temporanei\\\/#primaryimage\"},\"thumbnailUrl\":\"https:\\\/\\\/www.bellunopress.it\\\/wp-content\\\/uploads\\\/2022\\\/09\\\/Edificio-Kraller-via-Lungardo-Belluno_edited.jpg\",\"articleSection\":[\"Cronaca\\\/Politica\",\"Prima Pagina\"],\"inLanguage\":\"fr-FR\"},{\"@type\":\"WebPage\",\"@id\":\"https:\\\/\\\/www.bellunopress.it\\\/2022\\\/09\\\/27\\\/riqualificazione-energetica-delledificio-kraller-saranno-riservati-8-alloggi-ai-lavoratori-temporanei\\\/\",\"url\":\"https:\\\/\\\/www.bellunopress.it\\\/2022\\\/09\\\/27\\\/riqualificazione-energetica-delledificio-kraller-saranno-riservati-8-alloggi-ai-lavoratori-temporanei\\\/\",\"name\":\"Riqualificazione energetica dell'edificio Kraller. Saranno riservati 8 alloggi ai lavoratori temporanei - Bellunopress - Dolomiti\",\"isPartOf\":{\"@id\":\"https:\\\/\\\/www.bellunopress.it\\\/#website\"},\"primaryImageOfPage\":{\"@id\":\"https:\\\/\\\/www.bellunopress.it\\\/2022\\\/09\\\/27\\\/riqualificazione-energetica-delledificio-kraller-saranno-riservati-8-alloggi-ai-lavoratori-temporanei\\\/#primaryimage\"},\"image\":{\"@id\":\"https:\\\/\\\/www.bellunopress.it\\\/2022\\\/09\\\/27\\\/riqualificazione-energetica-delledificio-kraller-saranno-riservati-8-alloggi-ai-lavoratori-temporanei\\\/#primaryimage\"},\"thumbnailUrl\":\"https:\\\/\\\/www.bellunopress.it\\\/wp-content\\\/uploads\\\/2022\\\/09\\\/Edificio-Kraller-via-Lungardo-Belluno_edited.jpg\",\"datePublished\":\"2022-09-27T16:07:13+00:00\",\"breadcrumb\":{\"@id\":\"https:\\\/\\\/www.bellunopress.it\\\/2022\\\/09\\\/27\\\/riqualificazione-energetica-delledificio-kraller-saranno-riservati-8-alloggi-ai-lavoratori-temporanei\\\/#breadcrumb\"},\"inLanguage\":\"fr-FR\",\"potentialAction\":[{\"@type\":\"ReadAction\",\"target\":[\"https:\\\/\\\/www.bellunopress.it\\\/2022\\\/09\\\/27\\\/riqualificazione-energetica-delledificio-kraller-saranno-riservati-8-alloggi-ai-lavoratori-temporanei\\\/\"]}]},{\"@type\":\"ImageObject\",\"inLanguage\":\"fr-FR\",\"@id\":\"https:\\\/\\\/www.bellunopress.it\\\/2022\\\/09\\\/27\\\/riqualificazione-energetica-delledificio-kraller-saranno-riservati-8-alloggi-ai-lavoratori-temporanei\\\/#primaryimage\",\"url\":\"https:\\\/\\\/www.bellunopress.it\\\/wp-content\\\/uploads\\\/2022\\\/09\\\/Edificio-Kraller-via-Lungardo-Belluno_edited.jpg\",\"contentUrl\":\"https:\\\/\\\/www.bellunopress.it\\\/wp-content\\\/uploads\\\/2022\\\/09\\\/Edificio-Kraller-via-Lungardo-Belluno_edited.jpg\",\"width\":1000,\"height\":531},{\"@type\":\"BreadcrumbList\",\"@id\":\"https:\\\/\\\/www.bellunopress.it\\\/2022\\\/09\\\/27\\\/riqualificazione-energetica-delledificio-kraller-saranno-riservati-8-alloggi-ai-lavoratori-temporanei\\\/#breadcrumb\",\"itemListElement\":[{\"@type\":\"ListItem\",\"position\":1,\"name\":\"Home\",\"item\":\"https:\\\/\\\/www.bellunopress.it\\\/\"},{\"@type\":\"ListItem\",\"position\":2,\"name\":\"Riqualificazione energetica dell&#8217;edificio Kraller. Saranno riservati 8 alloggi ai lavoratori temporanei\"}]},{\"@type\":\"WebSite\",\"@id\":\"https:\\\/\\\/www.bellunopress.it\\\/#website\",\"url\":\"https:\\\/\\\/www.bellunopress.it\\\/\",\"name\":\"Bellunopress - Dolomiti\",\"description\":\"e-mail: redazione@bellunopress.it\",\"publisher\":{\"@id\":\"https:\\\/\\\/www.bellunopress.it\\\/#organization\"},\"potentialAction\":[{\"@type\":\"SearchAction\",\"target\":{\"@type\":\"EntryPoint\",\"urlTemplate\":\"https:\\\/\\\/www.bellunopress.it\\\/?s={search_term_string}\"},\"query-input\":{\"@type\":\"PropertyValueSpecification\",\"valueRequired\":true,\"valueName\":\"search_term_string\"}}],\"inLanguage\":\"fr-FR\"},{\"@type\":\"Organization\",\"@id\":\"https:\\\/\\\/www.bellunopress.it\\\/#organization\",\"name\":\"Bellunopress\",\"url\":\"https:\\\/\\\/www.bellunopress.it\\\/\",\"logo\":{\"@type\":\"ImageObject\",\"inLanguage\":\"fr-FR\",\"@id\":\"https:\\\/\\\/www.bellunopress.it\\\/#\\\/schema\\\/logo\\\/image\\\/\",\"url\":\"https:\\\/\\\/www.bellunopress.it\\\/wp-content\\\/uploads\\\/2011\\\/05\\\/cropped-logo-bellunopress-.jpg\",\"contentUrl\":\"https:\\\/\\\/www.bellunopress.it\\\/wp-content\\\/uploads\\\/2011\\\/05\\\/cropped-logo-bellunopress-.jpg\",\"width\":512,\"height\":512,\"caption\":\"Bellunopress\"},\"image\":{\"@id\":\"https:\\\/\\\/www.bellunopress.it\\\/#\\\/schema\\\/logo\\\/image\\\/\"},\"sameAs\":[\"https:\\\/\\\/www.facebook.com\\\/profile.php?id=100008943462799\",\"https:\\\/\\\/x.com\\\/bellunopress\",\"https:\\\/\\\/www.linkedin.com\\\/hp\\\/?dnr=JBzUWaJfMUw8vbXJJ2tVW5-I3jZKvC4wsoxE&amp;amp;amp;amp;amp;amp;trk=nav_responsive_tab_home\",\"https:\\\/\\\/www.youtube.com\\\/channel\\\/UCxL0wu1uN0_3_7hGG0306cw\"]},{\"@type\":\"Person\",\"@id\":\"https:\\\/\\\/www.bellunopress.it\\\/#\\\/schema\\\/person\\\/79bb06722b37ece1c03d3e94beb30d73\",\"name\":\"redazione\",\"image\":{\"@type\":\"ImageObject\",\"inLanguage\":\"fr-FR\",\"@id\":\"https:\\\/\\\/secure.gravatar.com\\\/avatar\\\/37d968a2e67a6fd04c169c4bdef102d0bc5d31b2546345219e348575eb80e9a0?s=96&d=mm&r=g\",\"url\":\"https:\\\/\\\/secure.gravatar.com\\\/avatar\\\/37d968a2e67a6fd04c169c4bdef102d0bc5d31b2546345219e348575eb80e9a0?s=96&d=mm&r=g\",\"contentUrl\":\"https:\\\/\\\/secure.gravatar.com\\\/avatar\\\/37d968a2e67a6fd04c169c4bdef102d0bc5d31b2546345219e348575eb80e9a0?s=96&d=mm&r=g\",\"caption\":\"redazione\"},\"sameAs\":[\"http:\\\/\\\/www.bellunopress.it\",\"https:\\\/\\\/x.com\\\/bellunopress\"],\"url\":\"https:\\\/\\\/www.bellunopress.it\\\/fr\\\/author\\\/redazione\\\/\"}]}<\/script>\n<!-- \/ Yoast SEO plugin. -->","yoast_head_json":{"title":"Riqualificazione energetica dell'edificio Kraller. Saranno riservati 8 alloggi ai lavoratori temporanei - Bellunopress - Dolomiti","robots":{"index":"index","follow":"follow","max-snippet":"max-snippet:-1","max-image-preview":"max-image-preview:large","max-video-preview":"max-video-preview:-1"},"canonical":"https:\/\/www.bellunopress.it\/fr\/2022\/09\/27\/riqualificazione-energetica-delledificio-kraller-saranno-riservati-8-alloggi-ai-lavoratori-temporanei\/","og_locale":"fr_FR","og_type":"article","og_title":"Riqualificazione energetica dell'edificio Kraller. Saranno riservati 8 alloggi ai lavoratori temporanei - Bellunopress - Dolomiti","og_description":"Belluno, 27 settembre 2022 &#8211; Via libera oggi in giunta al progetto definitivo\/esecutivo di riqualificazione energetica dell\u2019edificio Kraller, in via Lungardo. L\u2019operazione, finanziata dal Fondo complementare al piano nazionale di ripresa e resilienza \u2013 \u201cSicuro verde e sociale\u201d per 1.021.500,00 euro e avviata gi\u00e0 dalla precedente amministrazione, porter\u00e0 ad una ristrutturazione generale dell\u2019immobile che verr\u00e0 [&hellip;]","og_url":"https:\/\/www.bellunopress.it\/fr\/2022\/09\/27\/riqualificazione-energetica-delledificio-kraller-saranno-riservati-8-alloggi-ai-lavoratori-temporanei\/","og_site_name":"Bellunopress - Dolomiti","article_publisher":"https:\/\/www.facebook.com\/profile.php?id=100008943462799","article_published_time":"2022-09-27T16:07:13+00:00","og_image":[{"width":1000,"height":531,"url":"https:\/\/www.bellunopress.it\/wp-content\/uploads\/2022\/09\/Edificio-Kraller-via-Lungardo-Belluno_edited.jpg","type":"image\/jpeg"}],"author":"redazione","twitter_card":"summary_large_image","twitter_creator":"@bellunopress","twitter_site":"@bellunopress","twitter_misc":{"\u00c9crit par":"redazione","Dur\u00e9e de lecture estim\u00e9e":"3 minutes"},"schema":{"@context":"https:\/\/schema.org","@graph":[{"@type":"Article","@id":"https:\/\/www.bellunopress.it\/2022\/09\/27\/riqualificazione-energetica-delledificio-kraller-saranno-riservati-8-alloggi-ai-lavoratori-temporanei\/#article","isPartOf":{"@id":"https:\/\/www.bellunopress.it\/2022\/09\/27\/riqualificazione-energetica-delledificio-kraller-saranno-riservati-8-alloggi-ai-lavoratori-temporanei\/"},"author":{"name":"redazione","@id":"https:\/\/www.bellunopress.it\/#\/schema\/person\/79bb06722b37ece1c03d3e94beb30d73"},"headline":"Riqualificazione energetica dell&#8217;edificio Kraller. Saranno riservati 8 alloggi ai lavoratori temporanei","datePublished":"2022-09-27T16:07:13+00:00","mainEntityOfPage":{"@id":"https:\/\/www.bellunopress.it\/2022\/09\/27\/riqualificazione-energetica-delledificio-kraller-saranno-riservati-8-alloggi-ai-lavoratori-temporanei\/"},"wordCount":333,"publisher":{"@id":"https:\/\/www.bellunopress.it\/#organization"},"image":{"@id":"https:\/\/www.bellunopress.it\/2022\/09\/27\/riqualificazione-energetica-delledificio-kraller-saranno-riservati-8-alloggi-ai-lavoratori-temporanei\/#primaryimage"},"thumbnailUrl":"https:\/\/www.bellunopress.it\/wp-content\/uploads\/2022\/09\/Edificio-Kraller-via-Lungardo-Belluno_edited.jpg","articleSection":["Cronaca\/Politica","Prima Pagina"],"inLanguage":"fr-FR"},{"@type":"WebPage","@id":"https:\/\/www.bellunopress.it\/2022\/09\/27\/riqualificazione-energetica-delledificio-kraller-saranno-riservati-8-alloggi-ai-lavoratori-temporanei\/","url":"https:\/\/www.bellunopress.it\/2022\/09\/27\/riqualificazione-energetica-delledificio-kraller-saranno-riservati-8-alloggi-ai-lavoratori-temporanei\/","name":"Riqualificazione energetica dell'edificio Kraller. Saranno riservati 8 alloggi ai lavoratori temporanei - Bellunopress - Dolomiti","isPartOf":{"@id":"https:\/\/www.bellunopress.it\/#website"},"primaryImageOfPage":{"@id":"https:\/\/www.bellunopress.it\/2022\/09\/27\/riqualificazione-energetica-delledificio-kraller-saranno-riservati-8-alloggi-ai-lavoratori-temporanei\/#primaryimage"},"image":{"@id":"https:\/\/www.bellunopress.it\/2022\/09\/27\/riqualificazione-energetica-delledificio-kraller-saranno-riservati-8-alloggi-ai-lavoratori-temporanei\/#primaryimage"},"thumbnailUrl":"https:\/\/www.bellunopress.it\/wp-content\/uploads\/2022\/09\/Edificio-Kraller-via-Lungardo-Belluno_edited.jpg","datePublished":"2022-09-27T16:07:13+00:00","breadcrumb":{"@id":"https:\/\/www.bellunopress.it\/2022\/09\/27\/riqualificazione-energetica-delledificio-kraller-saranno-riservati-8-alloggi-ai-lavoratori-temporanei\/#breadcrumb"},"inLanguage":"fr-FR","potentialAction":[{"@type":"ReadAction","target":["https:\/\/www.bellunopress.it\/2022\/09\/27\/riqualificazione-energetica-delledificio-kraller-saranno-riservati-8-alloggi-ai-lavoratori-temporanei\/"]}]},{"@type":"ImageObject","inLanguage":"fr-FR","@id":"https:\/\/www.bellunopress.it\/2022\/09\/27\/riqualificazione-energetica-delledificio-kraller-saranno-riservati-8-alloggi-ai-lavoratori-temporanei\/#primaryimage","url":"https:\/\/www.bellunopress.it\/wp-content\/uploads\/2022\/09\/Edificio-Kraller-via-Lungardo-Belluno_edited.jpg","contentUrl":"https:\/\/www.bellunopress.it\/wp-content\/uploads\/2022\/09\/Edificio-Kraller-via-Lungardo-Belluno_edited.jpg","width":1000,"height":531},{"@type":"BreadcrumbList","@id":"https:\/\/www.bellunopress.it\/2022\/09\/27\/riqualificazione-energetica-delledificio-kraller-saranno-riservati-8-alloggi-ai-lavoratori-temporanei\/#breadcrumb","itemListElement":[{"@type":"ListItem","position":1,"name":"Home","item":"https:\/\/www.bellunopress.it\/"},{"@type":"ListItem","position":2,"name":"Riqualificazione energetica dell&#8217;edificio Kraller. Saranno riservati 8 alloggi ai lavoratori temporanei"}]},{"@type":"WebSite","@id":"https:\/\/www.bellunopress.it\/#website","url":"https:\/\/www.bellunopress.it\/","name":"Bellunopress - Dolomiti","description":"e-mail: redazione@bellunopress.it","publisher":{"@id":"https:\/\/www.bellunopress.it\/#organization"},"potentialAction":[{"@type":"SearchAction","target":{"@type":"EntryPoint","urlTemplate":"https:\/\/www.bellunopress.it\/?s={search_term_string}"},"query-input":{"@type":"PropertyValueSpecification","valueRequired":true,"valueName":"search_term_string"}}],"inLanguage":"fr-FR"},{"@type":"Organization","@id":"https:\/\/www.bellunopress.it\/#organization","name":"Bellunopress","url":"https:\/\/www.bellunopress.it\/","logo":{"@type":"ImageObject","inLanguage":"fr-FR","@id":"https:\/\/www.bellunopress.it\/#\/schema\/logo\/image\/","url":"https:\/\/www.bellunopress.it\/wp-content\/uploads\/2011\/05\/cropped-logo-bellunopress-.jpg","contentUrl":"https:\/\/www.bellunopress.it\/wp-content\/uploads\/2011\/05\/cropped-logo-bellunopress-.jpg","width":512,"height":512,"caption":"Bellunopress"},"image":{"@id":"https:\/\/www.bellunopress.it\/#\/schema\/logo\/image\/"},"sameAs":["https:\/\/www.facebook.com\/profile.php?id=100008943462799","https:\/\/x.com\/bellunopress","https:\/\/www.linkedin.com\/hp\/?dnr=JBzUWaJfMUw8vbXJJ2tVW5-I3jZKvC4wsoxE&amp;amp;amp;amp;amp;amp;trk=nav_responsive_tab_home","https:\/\/www.youtube.com\/channel\/UCxL0wu1uN0_3_7hGG0306cw"]},{"@type":"Person","@id":"https:\/\/www.bellunopress.it\/#\/schema\/person\/79bb06722b37ece1c03d3e94beb30d73","name":"r\u00e9daction","image":{"@type":"ImageObject","inLanguage":"fr-FR","@id":"https:\/\/secure.gravatar.com\/avatar\/37d968a2e67a6fd04c169c4bdef102d0bc5d31b2546345219e348575eb80e9a0?s=96&d=mm&r=g","url":"https:\/\/secure.gravatar.com\/avatar\/37d968a2e67a6fd04c169c4bdef102d0bc5d31b2546345219e348575eb80e9a0?s=96&d=mm&r=g","contentUrl":"https:\/\/secure.gravatar.com\/avatar\/37d968a2e67a6fd04c169c4bdef102d0bc5d31b2546345219e348575eb80e9a0?s=96&d=mm&r=g","caption":"redazione"},"sameAs":["http:\/\/www.bellunopress.it","https:\/\/x.com\/bellunopress"],"url":"https:\/\/www.bellunopress.it\/fr\/author\/redazione\/"}]}},"_links":{"self":[{"href":"https:\/\/www.bellunopress.it\/fr\/wp-json\/wp\/v2\/posts\/136655","targetHints":{"allow":["GET"]}}],"collection":[{"href":"https:\/\/www.bellunopress.it\/fr\/wp-json\/wp\/v2\/posts"}],"about":[{"href":"https:\/\/www.bellunopress.it\/fr\/wp-json\/wp\/v2\/types\/post"}],"author":[{"embeddable":true,"href":"https:\/\/www.bellunopress.it\/fr\/wp-json\/wp\/v2\/users\/2"}],"replies":[{"embeddable":true,"href":"https:\/\/www.bellunopress.it\/fr\/wp-json\/wp\/v2\/comments?post=136655"}],"version-history":[{"count":1,"href":"https:\/\/www.bellunopress.it\/fr\/wp-json\/wp\/v2\/posts\/136655\/revisions"}],"predecessor-version":[{"id":136657,"href":"https:\/\/www.bellunopress.it\/fr\/wp-json\/wp\/v2\/posts\/136655\/revisions\/136657"}],"wp:featuredmedia":[{"embeddable":true,"href":"https:\/\/www.bellunopress.it\/fr\/wp-json\/wp\/v2\/media\/136656"}],"wp:attachment":[{"href":"https:\/\/www.bellunopress.it\/fr\/wp-json\/wp\/v2\/media?parent=136655"}],"wp:term":[{"taxonomy":"category","embeddable":true,"href":"https:\/\/www.bellunopress.it\/fr\/wp-json\/wp\/v2\/categories?post=136655"},{"taxonomy":"post_tag","embeddable":true,"href":"https:\/\/www.bellunopress.it\/fr\/wp-json\/wp\/v2\/tags?post=136655"}],"curies":[{"name":"wp","href":"https:\/\/api.w.org\/{rel}","templated":true}]}}