{"id":136639,"date":"2022-09-27T10:25:28","date_gmt":"2022-09-27T08:25:28","guid":{"rendered":"https:\/\/www.bellunopress.it\/?p=136639"},"modified":"2022-09-27T10:25:28","modified_gmt":"2022-09-27T08:25:28","slug":"sabato-il-concerto-dellensemble-murmur-mori-nel-chiostro-dei-santi-vittore-e-corona-a-feltre","status":"publish","type":"post","link":"https:\/\/www.bellunopress.it\/fr\/2022\/09\/27\/sabato-il-concerto-dellensemble-murmur-mori-nel-chiostro-dei-santi-vittore-e-corona-a-feltre\/","title":{"rendered":"Sabato il concerto dell&#8217;Ensemble Murmur Mori nel chiostro dei Santi Vittore e Corona a Feltre"},"content":{"rendered":"<p><img loading=\"lazy\" decoding=\"async\" class=\"alignleft size-full wp-image-136526\" src=\"https:\/\/www.bellunopress.it\/wp-content\/uploads\/2022\/09\/Santuario-Vittore-e-Corona_edited.jpg\" alt=\"\" width=\"503\" height=\"220\" srcset=\"https:\/\/www.bellunopress.it\/wp-content\/uploads\/2022\/09\/Santuario-Vittore-e-Corona_edited.jpg 503w, https:\/\/www.bellunopress.it\/wp-content\/uploads\/2022\/09\/Santuario-Vittore-e-Corona_edited-500x219.jpg 500w\" sizes=\"auto, (max-width: 503px) 100vw, 503px\" \/>Sar\u00e0 il chiostro del Santuario dei Santi Vittore e Corona di Feltre ad ospitare sabato 1 ottobre il concerto dell&#8217;Ensemble Murmur Mori, in occasione della 17esima edizione della rassegna \u201cLa via al Santuario. Itinerario musicale, poetico e di conoscenza\u201d: l&#8217;evento, organizzato dal Centro Studi Claviere di Vittorio Veneto, gode del patrocinio del Comune di Feltre e rientra nel progetto RetEventi Cultura Veneto 2022 per la provincia di Belluno.<br \/>\nTema della serata sar\u00e0 \u201cPoetesse, poeti e poesia giullaresca d\u2019Italia\u201d; l&#8217;ingresso \u2013 inizio del concerto alle ore 17.30 \u2013 \u00e8 ad offerta libera.<\/p>\n<p>L&#8217;Ensemble Murmur Mori, nata a Bologna nel 2015, affonda le sue radici nel Medioevo, periodo in cui la musica era veicolo di svago, di denuncia sociale, ma soprattutto fondamentale veicolo di cultura. Murmur Mori d\u00e0 vita a nuova musica dalle sonorit\u00e0 antiche, trattando temi attuali, proprio come si sarebbe fatto nel Medioevo, dando particolare attenzione al rapporto tra umanit\u00e0 e Natura.<br \/>\nLe produzioni dell\u2019Ensemble vertono sulla poesia popolare e giullaresca e il repertorio \u00e8 restituito con un tipo di vocalit\u00e0 e con strumenti musicali esemplari dell\u2019evo medio.<\/p>\n<p>L&#8217;Ensemble Murmur Mori \u00e8 composta da Silvia Kuro (canto, nakers, tamburo, tamburello, organo portativo); Mirko Volpe (canto, guiterne, ghironda, tamburo a cornice); Alessandra Lazzarini (canto, flauto traverso); Matteo Brusa (canto, tamburo a cornice, darbuka, sonagli, campane).<\/p>","protected":false},"excerpt":{"rendered":"<p>Sar\u00e0 il chiostro del Santuario dei Santi Vittore e Corona di Feltre ad ospitare sabato 1 ottobre il concerto dell&#8217;Ensemble Murmur Mori, in occasione della 17esima edizione della rassegna \u201cLa via al Santuario. Itinerario musicale, poetico e di conoscenza\u201d: l&#8217;evento, organizzato dal Centro Studi Claviere di Vittorio Veneto, gode del patrocinio del Comune di Feltre [&hellip;]<\/p>\n","protected":false},"author":2,"featured_media":136526,"comment_status":"closed","ping_status":"open","sticky":false,"template":"","format":"standard","meta":{"footnotes":""},"categories":[27,3,25],"tags":[],"class_list":["post-136639","post","type-post","status-publish","format-standard","has-post-thumbnail","category-appuntamenti","category-arte-cultura-spettacoli-scienza-archivi","category-pausa-caffe"],"yoast_head":"<!-- This site is optimized with the Yoast SEO plugin v28.4 - https:\/\/yoast.com\/product\/yoast-seo-wordpress\/ -->\n<title>Sabato il concerto dell&#039;Ensemble Murmur Mori nel chiostro dei Santi Vittore e Corona a Feltre - Bellunopress - Dolomiti<\/title>\n<meta name=\"robots\" content=\"index, follow, max-snippet:-1, max-image-preview:large, max-video-preview:-1\" \/>\n<link rel=\"canonical\" href=\"https:\/\/www.bellunopress.it\/fr\/2022\/09\/27\/sabato-il-concerto-dellensemble-murmur-mori-nel-chiostro-dei-santi-vittore-e-corona-a-feltre\/\" \/>\n<meta property=\"og:locale\" content=\"fr_FR\" \/>\n<meta property=\"og:type\" content=\"article\" \/>\n<meta property=\"og:title\" content=\"Sabato il concerto dell&#039;Ensemble Murmur Mori nel chiostro dei Santi Vittore e Corona a Feltre - Bellunopress - Dolomiti\" \/>\n<meta property=\"og:description\" content=\"Sar\u00e0 il chiostro del Santuario dei Santi Vittore e Corona di Feltre ad ospitare sabato 1 ottobre il concerto dell&#8217;Ensemble Murmur Mori, in occasione della 17esima edizione della rassegna \u201cLa via al Santuario. Itinerario musicale, poetico e di conoscenza\u201d: l&#8217;evento, organizzato dal Centro Studi Claviere di Vittorio Veneto, gode del patrocinio del Comune di Feltre [&hellip;]\" \/>\n<meta property=\"og:url\" content=\"https:\/\/www.bellunopress.it\/fr\/2022\/09\/27\/sabato-il-concerto-dellensemble-murmur-mori-nel-chiostro-dei-santi-vittore-e-corona-a-feltre\/\" \/>\n<meta property=\"og:site_name\" content=\"Bellunopress - Dolomiti\" \/>\n<meta property=\"article:publisher\" content=\"https:\/\/www.facebook.com\/profile.php?id=100008943462799\" \/>\n<meta property=\"article:published_time\" content=\"2022-09-27T08:25:28+00:00\" \/>\n<meta property=\"og:image\" content=\"https:\/\/www.bellunopress.it\/wp-content\/uploads\/2022\/09\/Santuario-Vittore-e-Corona_edited.jpg\" \/>\n\t<meta property=\"og:image:width\" content=\"503\" \/>\n\t<meta property=\"og:image:height\" content=\"220\" \/>\n\t<meta property=\"og:image:type\" content=\"image\/jpeg\" \/>\n<meta name=\"author\" content=\"redazione\" \/>\n<meta name=\"twitter:card\" content=\"summary_large_image\" \/>\n<meta name=\"twitter:creator\" content=\"@bellunopress\" \/>\n<meta name=\"twitter:site\" content=\"@bellunopress\" \/>\n<meta name=\"twitter:label1\" content=\"\u00c9crit par\" \/>\n\t<meta name=\"twitter:data1\" content=\"redazione\" \/>\n\t<meta name=\"twitter:label2\" content=\"Dur\u00e9e de lecture estim\u00e9e\" \/>\n\t<meta name=\"twitter:data2\" content=\"2 minutes\" \/>\n<script type=\"application\/ld+json\" class=\"yoast-schema-graph\">{\"@context\":\"https:\\\/\\\/schema.org\",\"@graph\":[{\"@type\":\"Article\",\"@id\":\"https:\\\/\\\/www.bellunopress.it\\\/2022\\\/09\\\/27\\\/sabato-il-concerto-dellensemble-murmur-mori-nel-chiostro-dei-santi-vittore-e-corona-a-feltre\\\/#article\",\"isPartOf\":{\"@id\":\"https:\\\/\\\/www.bellunopress.it\\\/2022\\\/09\\\/27\\\/sabato-il-concerto-dellensemble-murmur-mori-nel-chiostro-dei-santi-vittore-e-corona-a-feltre\\\/\"},\"author\":{\"name\":\"redazione\",\"@id\":\"https:\\\/\\\/www.bellunopress.it\\\/#\\\/schema\\\/person\\\/79bb06722b37ece1c03d3e94beb30d73\"},\"headline\":\"Sabato il concerto dell&#8217;Ensemble Murmur Mori nel chiostro dei Santi Vittore e Corona a Feltre\",\"datePublished\":\"2022-09-27T08:25:28+00:00\",\"mainEntityOfPage\":{\"@id\":\"https:\\\/\\\/www.bellunopress.it\\\/2022\\\/09\\\/27\\\/sabato-il-concerto-dellensemble-murmur-mori-nel-chiostro-dei-santi-vittore-e-corona-a-feltre\\\/\"},\"wordCount\":229,\"publisher\":{\"@id\":\"https:\\\/\\\/www.bellunopress.it\\\/#organization\"},\"image\":{\"@id\":\"https:\\\/\\\/www.bellunopress.it\\\/2022\\\/09\\\/27\\\/sabato-il-concerto-dellensemble-murmur-mori-nel-chiostro-dei-santi-vittore-e-corona-a-feltre\\\/#primaryimage\"},\"thumbnailUrl\":\"https:\\\/\\\/www.bellunopress.it\\\/wp-content\\\/uploads\\\/2022\\\/09\\\/Santuario-Vittore-e-Corona_edited.jpg\",\"articleSection\":[\"Appuntamenti, Eventi\",\"Arte, Cultura, Spettacoli, Scienza\",\"Pausa Caff\u00e8\"],\"inLanguage\":\"fr-FR\"},{\"@type\":\"WebPage\",\"@id\":\"https:\\\/\\\/www.bellunopress.it\\\/2022\\\/09\\\/27\\\/sabato-il-concerto-dellensemble-murmur-mori-nel-chiostro-dei-santi-vittore-e-corona-a-feltre\\\/\",\"url\":\"https:\\\/\\\/www.bellunopress.it\\\/2022\\\/09\\\/27\\\/sabato-il-concerto-dellensemble-murmur-mori-nel-chiostro-dei-santi-vittore-e-corona-a-feltre\\\/\",\"name\":\"Sabato il concerto dell'Ensemble Murmur Mori nel chiostro dei Santi Vittore e Corona a Feltre - Bellunopress - Dolomiti\",\"isPartOf\":{\"@id\":\"https:\\\/\\\/www.bellunopress.it\\\/#website\"},\"primaryImageOfPage\":{\"@id\":\"https:\\\/\\\/www.bellunopress.it\\\/2022\\\/09\\\/27\\\/sabato-il-concerto-dellensemble-murmur-mori-nel-chiostro-dei-santi-vittore-e-corona-a-feltre\\\/#primaryimage\"},\"image\":{\"@id\":\"https:\\\/\\\/www.bellunopress.it\\\/2022\\\/09\\\/27\\\/sabato-il-concerto-dellensemble-murmur-mori-nel-chiostro-dei-santi-vittore-e-corona-a-feltre\\\/#primaryimage\"},\"thumbnailUrl\":\"https:\\\/\\\/www.bellunopress.it\\\/wp-content\\\/uploads\\\/2022\\\/09\\\/Santuario-Vittore-e-Corona_edited.jpg\",\"datePublished\":\"2022-09-27T08:25:28+00:00\",\"breadcrumb\":{\"@id\":\"https:\\\/\\\/www.bellunopress.it\\\/2022\\\/09\\\/27\\\/sabato-il-concerto-dellensemble-murmur-mori-nel-chiostro-dei-santi-vittore-e-corona-a-feltre\\\/#breadcrumb\"},\"inLanguage\":\"fr-FR\",\"potentialAction\":[{\"@type\":\"ReadAction\",\"target\":[\"https:\\\/\\\/www.bellunopress.it\\\/2022\\\/09\\\/27\\\/sabato-il-concerto-dellensemble-murmur-mori-nel-chiostro-dei-santi-vittore-e-corona-a-feltre\\\/\"]}]},{\"@type\":\"ImageObject\",\"inLanguage\":\"fr-FR\",\"@id\":\"https:\\\/\\\/www.bellunopress.it\\\/2022\\\/09\\\/27\\\/sabato-il-concerto-dellensemble-murmur-mori-nel-chiostro-dei-santi-vittore-e-corona-a-feltre\\\/#primaryimage\",\"url\":\"https:\\\/\\\/www.bellunopress.it\\\/wp-content\\\/uploads\\\/2022\\\/09\\\/Santuario-Vittore-e-Corona_edited.jpg\",\"contentUrl\":\"https:\\\/\\\/www.bellunopress.it\\\/wp-content\\\/uploads\\\/2022\\\/09\\\/Santuario-Vittore-e-Corona_edited.jpg\",\"width\":503,\"height\":220},{\"@type\":\"BreadcrumbList\",\"@id\":\"https:\\\/\\\/www.bellunopress.it\\\/2022\\\/09\\\/27\\\/sabato-il-concerto-dellensemble-murmur-mori-nel-chiostro-dei-santi-vittore-e-corona-a-feltre\\\/#breadcrumb\",\"itemListElement\":[{\"@type\":\"ListItem\",\"position\":1,\"name\":\"Home\",\"item\":\"https:\\\/\\\/www.bellunopress.it\\\/\"},{\"@type\":\"ListItem\",\"position\":2,\"name\":\"Sabato il concerto dell&#8217;Ensemble Murmur Mori nel chiostro dei Santi Vittore e Corona a Feltre\"}]},{\"@type\":\"WebSite\",\"@id\":\"https:\\\/\\\/www.bellunopress.it\\\/#website\",\"url\":\"https:\\\/\\\/www.bellunopress.it\\\/\",\"name\":\"Bellunopress - Dolomiti\",\"description\":\"e-mail: redazione@bellunopress.it\",\"publisher\":{\"@id\":\"https:\\\/\\\/www.bellunopress.it\\\/#organization\"},\"potentialAction\":[{\"@type\":\"SearchAction\",\"target\":{\"@type\":\"EntryPoint\",\"urlTemplate\":\"https:\\\/\\\/www.bellunopress.it\\\/?s={search_term_string}\"},\"query-input\":{\"@type\":\"PropertyValueSpecification\",\"valueRequired\":true,\"valueName\":\"search_term_string\"}}],\"inLanguage\":\"fr-FR\"},{\"@type\":\"Organization\",\"@id\":\"https:\\\/\\\/www.bellunopress.it\\\/#organization\",\"name\":\"Bellunopress\",\"url\":\"https:\\\/\\\/www.bellunopress.it\\\/\",\"logo\":{\"@type\":\"ImageObject\",\"inLanguage\":\"fr-FR\",\"@id\":\"https:\\\/\\\/www.bellunopress.it\\\/#\\\/schema\\\/logo\\\/image\\\/\",\"url\":\"https:\\\/\\\/www.bellunopress.it\\\/wp-content\\\/uploads\\\/2011\\\/05\\\/cropped-logo-bellunopress-.jpg\",\"contentUrl\":\"https:\\\/\\\/www.bellunopress.it\\\/wp-content\\\/uploads\\\/2011\\\/05\\\/cropped-logo-bellunopress-.jpg\",\"width\":512,\"height\":512,\"caption\":\"Bellunopress\"},\"image\":{\"@id\":\"https:\\\/\\\/www.bellunopress.it\\\/#\\\/schema\\\/logo\\\/image\\\/\"},\"sameAs\":[\"https:\\\/\\\/www.facebook.com\\\/profile.php?id=100008943462799\",\"https:\\\/\\\/x.com\\\/bellunopress\",\"https:\\\/\\\/www.linkedin.com\\\/hp\\\/?dnr=JBzUWaJfMUw8vbXJJ2tVW5-I3jZKvC4wsoxE&amp;amp;amp;amp;amp;amp;trk=nav_responsive_tab_home\",\"https:\\\/\\\/www.youtube.com\\\/channel\\\/UCxL0wu1uN0_3_7hGG0306cw\"]},{\"@type\":\"Person\",\"@id\":\"https:\\\/\\\/www.bellunopress.it\\\/#\\\/schema\\\/person\\\/79bb06722b37ece1c03d3e94beb30d73\",\"name\":\"redazione\",\"image\":{\"@type\":\"ImageObject\",\"inLanguage\":\"fr-FR\",\"@id\":\"https:\\\/\\\/secure.gravatar.com\\\/avatar\\\/37d968a2e67a6fd04c169c4bdef102d0bc5d31b2546345219e348575eb80e9a0?s=96&d=mm&r=g\",\"url\":\"https:\\\/\\\/secure.gravatar.com\\\/avatar\\\/37d968a2e67a6fd04c169c4bdef102d0bc5d31b2546345219e348575eb80e9a0?s=96&d=mm&r=g\",\"contentUrl\":\"https:\\\/\\\/secure.gravatar.com\\\/avatar\\\/37d968a2e67a6fd04c169c4bdef102d0bc5d31b2546345219e348575eb80e9a0?s=96&d=mm&r=g\",\"caption\":\"redazione\"},\"sameAs\":[\"http:\\\/\\\/www.bellunopress.it\",\"https:\\\/\\\/x.com\\\/bellunopress\"],\"url\":\"https:\\\/\\\/www.bellunopress.it\\\/fr\\\/author\\\/redazione\\\/\"}]}<\/script>\n<!-- \/ Yoast SEO plugin. -->","yoast_head_json":{"title":"Sabato il concerto dell'Ensemble Murmur Mori nel chiostro dei Santi Vittore e Corona a Feltre - Bellunopress - Dolomiti","robots":{"index":"index","follow":"follow","max-snippet":"max-snippet:-1","max-image-preview":"max-image-preview:large","max-video-preview":"max-video-preview:-1"},"canonical":"https:\/\/www.bellunopress.it\/fr\/2022\/09\/27\/sabato-il-concerto-dellensemble-murmur-mori-nel-chiostro-dei-santi-vittore-e-corona-a-feltre\/","og_locale":"fr_FR","og_type":"article","og_title":"Sabato il concerto dell'Ensemble Murmur Mori nel chiostro dei Santi Vittore e Corona a Feltre - Bellunopress - Dolomiti","og_description":"Sar\u00e0 il chiostro del Santuario dei Santi Vittore e Corona di Feltre ad ospitare sabato 1 ottobre il concerto dell&#8217;Ensemble Murmur Mori, in occasione della 17esima edizione della rassegna \u201cLa via al Santuario. Itinerario musicale, poetico e di conoscenza\u201d: l&#8217;evento, organizzato dal Centro Studi Claviere di Vittorio Veneto, gode del patrocinio del Comune di Feltre [&hellip;]","og_url":"https:\/\/www.bellunopress.it\/fr\/2022\/09\/27\/sabato-il-concerto-dellensemble-murmur-mori-nel-chiostro-dei-santi-vittore-e-corona-a-feltre\/","og_site_name":"Bellunopress - Dolomiti","article_publisher":"https:\/\/www.facebook.com\/profile.php?id=100008943462799","article_published_time":"2022-09-27T08:25:28+00:00","og_image":[{"width":503,"height":220,"url":"https:\/\/www.bellunopress.it\/wp-content\/uploads\/2022\/09\/Santuario-Vittore-e-Corona_edited.jpg","type":"image\/jpeg"}],"author":"redazione","twitter_card":"summary_large_image","twitter_creator":"@bellunopress","twitter_site":"@bellunopress","twitter_misc":{"\u00c9crit par":"redazione","Dur\u00e9e de lecture estim\u00e9e":"2 minutes"},"schema":{"@context":"https:\/\/schema.org","@graph":[{"@type":"Article","@id":"https:\/\/www.bellunopress.it\/2022\/09\/27\/sabato-il-concerto-dellensemble-murmur-mori-nel-chiostro-dei-santi-vittore-e-corona-a-feltre\/#article","isPartOf":{"@id":"https:\/\/www.bellunopress.it\/2022\/09\/27\/sabato-il-concerto-dellensemble-murmur-mori-nel-chiostro-dei-santi-vittore-e-corona-a-feltre\/"},"author":{"name":"redazione","@id":"https:\/\/www.bellunopress.it\/#\/schema\/person\/79bb06722b37ece1c03d3e94beb30d73"},"headline":"Sabato il concerto dell&#8217;Ensemble Murmur Mori nel chiostro dei Santi Vittore e Corona a Feltre","datePublished":"2022-09-27T08:25:28+00:00","mainEntityOfPage":{"@id":"https:\/\/www.bellunopress.it\/2022\/09\/27\/sabato-il-concerto-dellensemble-murmur-mori-nel-chiostro-dei-santi-vittore-e-corona-a-feltre\/"},"wordCount":229,"publisher":{"@id":"https:\/\/www.bellunopress.it\/#organization"},"image":{"@id":"https:\/\/www.bellunopress.it\/2022\/09\/27\/sabato-il-concerto-dellensemble-murmur-mori-nel-chiostro-dei-santi-vittore-e-corona-a-feltre\/#primaryimage"},"thumbnailUrl":"https:\/\/www.bellunopress.it\/wp-content\/uploads\/2022\/09\/Santuario-Vittore-e-Corona_edited.jpg","articleSection":["Appuntamenti, Eventi","Arte, Cultura, Spettacoli, Scienza","Pausa Caff\u00e8"],"inLanguage":"fr-FR"},{"@type":"WebPage","@id":"https:\/\/www.bellunopress.it\/2022\/09\/27\/sabato-il-concerto-dellensemble-murmur-mori-nel-chiostro-dei-santi-vittore-e-corona-a-feltre\/","url":"https:\/\/www.bellunopress.it\/2022\/09\/27\/sabato-il-concerto-dellensemble-murmur-mori-nel-chiostro-dei-santi-vittore-e-corona-a-feltre\/","name":"Sabato il concerto dell'Ensemble Murmur Mori nel chiostro dei Santi Vittore e Corona a Feltre - Bellunopress - Dolomiti","isPartOf":{"@id":"https:\/\/www.bellunopress.it\/#website"},"primaryImageOfPage":{"@id":"https:\/\/www.bellunopress.it\/2022\/09\/27\/sabato-il-concerto-dellensemble-murmur-mori-nel-chiostro-dei-santi-vittore-e-corona-a-feltre\/#primaryimage"},"image":{"@id":"https:\/\/www.bellunopress.it\/2022\/09\/27\/sabato-il-concerto-dellensemble-murmur-mori-nel-chiostro-dei-santi-vittore-e-corona-a-feltre\/#primaryimage"},"thumbnailUrl":"https:\/\/www.bellunopress.it\/wp-content\/uploads\/2022\/09\/Santuario-Vittore-e-Corona_edited.jpg","datePublished":"2022-09-27T08:25:28+00:00","breadcrumb":{"@id":"https:\/\/www.bellunopress.it\/2022\/09\/27\/sabato-il-concerto-dellensemble-murmur-mori-nel-chiostro-dei-santi-vittore-e-corona-a-feltre\/#breadcrumb"},"inLanguage":"fr-FR","potentialAction":[{"@type":"ReadAction","target":["https:\/\/www.bellunopress.it\/2022\/09\/27\/sabato-il-concerto-dellensemble-murmur-mori-nel-chiostro-dei-santi-vittore-e-corona-a-feltre\/"]}]},{"@type":"ImageObject","inLanguage":"fr-FR","@id":"https:\/\/www.bellunopress.it\/2022\/09\/27\/sabato-il-concerto-dellensemble-murmur-mori-nel-chiostro-dei-santi-vittore-e-corona-a-feltre\/#primaryimage","url":"https:\/\/www.bellunopress.it\/wp-content\/uploads\/2022\/09\/Santuario-Vittore-e-Corona_edited.jpg","contentUrl":"https:\/\/www.bellunopress.it\/wp-content\/uploads\/2022\/09\/Santuario-Vittore-e-Corona_edited.jpg","width":503,"height":220},{"@type":"BreadcrumbList","@id":"https:\/\/www.bellunopress.it\/2022\/09\/27\/sabato-il-concerto-dellensemble-murmur-mori-nel-chiostro-dei-santi-vittore-e-corona-a-feltre\/#breadcrumb","itemListElement":[{"@type":"ListItem","position":1,"name":"Home","item":"https:\/\/www.bellunopress.it\/"},{"@type":"ListItem","position":2,"name":"Sabato il concerto dell&#8217;Ensemble Murmur Mori nel chiostro dei Santi Vittore e Corona a Feltre"}]},{"@type":"WebSite","@id":"https:\/\/www.bellunopress.it\/#website","url":"https:\/\/www.bellunopress.it\/","name":"Bellunopress - Dolomiti","description":"e-mail: redazione@bellunopress.it","publisher":{"@id":"https:\/\/www.bellunopress.it\/#organization"},"potentialAction":[{"@type":"SearchAction","target":{"@type":"EntryPoint","urlTemplate":"https:\/\/www.bellunopress.it\/?s={search_term_string}"},"query-input":{"@type":"PropertyValueSpecification","valueRequired":true,"valueName":"search_term_string"}}],"inLanguage":"fr-FR"},{"@type":"Organization","@id":"https:\/\/www.bellunopress.it\/#organization","name":"Bellunopress","url":"https:\/\/www.bellunopress.it\/","logo":{"@type":"ImageObject","inLanguage":"fr-FR","@id":"https:\/\/www.bellunopress.it\/#\/schema\/logo\/image\/","url":"https:\/\/www.bellunopress.it\/wp-content\/uploads\/2011\/05\/cropped-logo-bellunopress-.jpg","contentUrl":"https:\/\/www.bellunopress.it\/wp-content\/uploads\/2011\/05\/cropped-logo-bellunopress-.jpg","width":512,"height":512,"caption":"Bellunopress"},"image":{"@id":"https:\/\/www.bellunopress.it\/#\/schema\/logo\/image\/"},"sameAs":["https:\/\/www.facebook.com\/profile.php?id=100008943462799","https:\/\/x.com\/bellunopress","https:\/\/www.linkedin.com\/hp\/?dnr=JBzUWaJfMUw8vbXJJ2tVW5-I3jZKvC4wsoxE&amp;amp;amp;amp;amp;amp;trk=nav_responsive_tab_home","https:\/\/www.youtube.com\/channel\/UCxL0wu1uN0_3_7hGG0306cw"]},{"@type":"Person","@id":"https:\/\/www.bellunopress.it\/#\/schema\/person\/79bb06722b37ece1c03d3e94beb30d73","name":"r\u00e9daction","image":{"@type":"ImageObject","inLanguage":"fr-FR","@id":"https:\/\/secure.gravatar.com\/avatar\/37d968a2e67a6fd04c169c4bdef102d0bc5d31b2546345219e348575eb80e9a0?s=96&d=mm&r=g","url":"https:\/\/secure.gravatar.com\/avatar\/37d968a2e67a6fd04c169c4bdef102d0bc5d31b2546345219e348575eb80e9a0?s=96&d=mm&r=g","contentUrl":"https:\/\/secure.gravatar.com\/avatar\/37d968a2e67a6fd04c169c4bdef102d0bc5d31b2546345219e348575eb80e9a0?s=96&d=mm&r=g","caption":"redazione"},"sameAs":["http:\/\/www.bellunopress.it","https:\/\/x.com\/bellunopress"],"url":"https:\/\/www.bellunopress.it\/fr\/author\/redazione\/"}]}},"_links":{"self":[{"href":"https:\/\/www.bellunopress.it\/fr\/wp-json\/wp\/v2\/posts\/136639","targetHints":{"allow":["GET"]}}],"collection":[{"href":"https:\/\/www.bellunopress.it\/fr\/wp-json\/wp\/v2\/posts"}],"about":[{"href":"https:\/\/www.bellunopress.it\/fr\/wp-json\/wp\/v2\/types\/post"}],"author":[{"embeddable":true,"href":"https:\/\/www.bellunopress.it\/fr\/wp-json\/wp\/v2\/users\/2"}],"replies":[{"embeddable":true,"href":"https:\/\/www.bellunopress.it\/fr\/wp-json\/wp\/v2\/comments?post=136639"}],"version-history":[{"count":1,"href":"https:\/\/www.bellunopress.it\/fr\/wp-json\/wp\/v2\/posts\/136639\/revisions"}],"predecessor-version":[{"id":136640,"href":"https:\/\/www.bellunopress.it\/fr\/wp-json\/wp\/v2\/posts\/136639\/revisions\/136640"}],"wp:featuredmedia":[{"embeddable":true,"href":"https:\/\/www.bellunopress.it\/fr\/wp-json\/wp\/v2\/media\/136526"}],"wp:attachment":[{"href":"https:\/\/www.bellunopress.it\/fr\/wp-json\/wp\/v2\/media?parent=136639"}],"wp:term":[{"taxonomy":"category","embeddable":true,"href":"https:\/\/www.bellunopress.it\/fr\/wp-json\/wp\/v2\/categories?post=136639"},{"taxonomy":"post_tag","embeddable":true,"href":"https:\/\/www.bellunopress.it\/fr\/wp-json\/wp\/v2\/tags?post=136639"}],"curies":[{"name":"wp","href":"https:\/\/api.w.org\/{rel}","templated":true}]}}