{"id":136634,"date":"2022-09-27T08:34:31","date_gmt":"2022-09-27T06:34:31","guid":{"rendered":"https:\/\/www.bellunopress.it\/?p=136634"},"modified":"2022-09-27T08:34:31","modified_gmt":"2022-09-27T06:34:31","slug":"sabato-1-ottobre-si-festeggiano-i-40-anni-delle-squadre-antincendio-boschivo-e-protezione-civile-ana-di-mel","status":"publish","type":"post","link":"https:\/\/www.bellunopress.it\/fr\/2022\/09\/27\/sabato-1-ottobre-si-festeggiano-i-40-anni-delle-squadre-antincendio-boschivo-e-protezione-civile-ana-di-mel\/","title":{"rendered":"Sabato 1\u00b0 ottobre si festeggiano i 40 anni delle Squadre antincendio boschivo e protezione civile Ana di Mel"},"content":{"rendered":"<p><em>Manifestazione rivolta a tutta la popolazione e ai giovani studenti. Presenti in Piazza a Mel postazioni con mezzi e operatori<\/em><\/p>\n<figure id=\"attachment_136635\" aria-describedby=\"caption-attachment-136635\" style=\"width: 471px\" class=\"wp-caption alignleft\"><img loading=\"lazy\" decoding=\"async\" class=\"size-full wp-image-136635\" src=\"https:\/\/www.bellunopress.it\/wp-content\/uploads\/2022\/09\/Squadre-boschive-Adunata-Ana-Udine-1983.jpg\" alt=\"\" width=\"471\" height=\"386\" \/><figcaption id=\"caption-attachment-136635\" class=\"wp-caption-text\">Squadre antincendio boschivo e protezione civile Ana di Mel. Adunata Ana Udine 1983<\/figcaption><\/figure>\n<p>Sar\u00e0 la piazza centrale di Mel, titolata a Papa Luciani, ad ospitare sabato 1\u00b0 ottobre la celebrazione del quarantennale delle Squadre Antincendio Boschivo e Protezione Civile ANA, la prima realt\u00e0 del genere nata nella provincia di Belluno.<\/p>\n<p>Non sono solo i pronti interventi nelle emergenze a distinguere i volontari della Protezione Civile ANA di Mel, ma anche l\u2019intensa attivit\u00e0 che si sviluppa tutto l\u2019anno a favore della Comunit\u00e0. Infatti, numerosi sono gli interventi manutentivi sul territorio, le attivit\u00e0 di servizio e di assistenza in manifestazioni e a favore delle persone bisognose. L\u2019 elenco delle operazioni, degli interventi e delle opere realizzate in quarant\u2019anni sarebbe troppo lungo da enumerare.<br \/>\nNon \u00e8 costume e nello spirito degli aderenti voler apparire, ma quello del fare senza chiedere, di donare tempo ed energie per il bene comune.<\/p>\n<p>Per il Presidente Mario Sitta: \u201cNon abbiamo voluto creare una manifestazione autocelebrativa, ma un\u2019occasione per avvicinare i giovani al volontariato, ai valori e allo spirito che anima gli alpini e gli aggregati della nostra Protezione Civile. Per far ci\u00f2 abbiamo pensato alla partecipazione degli studenti delle Scuole Medie che potranno vedere alcune attrezzature che utilizziamo nei nostri interventi e chiedere ai volontari, che saranno presenti nelle postazioni che andremo a predisporre in piazza, notizie e informazioni sulla nostra attivit\u00e0. Probabilmente fra le postazioni presenti, quella che maggiormente attrarr\u00e0 la curiosit\u00e0 dei giovani sar\u00e0 il Nucleo cinofili da soccorso ANA che \u00e8 intervenuto in varie calamit\u00e0 apportando aiuto nella ricerca dei superstiti e si \u00e8 distinto a livello nazionale nelle prove di ricerca\u201d.<\/p>\n<p>Il programma prevede alle ore 9,30 l\u2019alzabandiera alla presenza degli studenti, il saluto introduttivo e la dimostrazione di alcune attivit\u00e0 di Protezione Civile che, rivolte alle scolaresche e alla popolazione, hanno lo scopo di divulgare l\u2019operato delle squadre e far conoscere l\u2019importanza della loro presenza nel territorio.<br \/>\nLa manifestazione si svilupper\u00e0 nel corso della giornata e alle ore 12,30, presso il capannone della Pro Loco, si terr\u00e0 l\u2019incontro con le autorit\u00e0 per manifestare il riconoscimento pubblico ai tanti volontari che in questi anni hanno operato senza clamori ma con risultati concreti per il bene della nostra collettivit\u00e0.<\/p>\n<p>Le squadre si costituirono con atto notarile nel 1982 e l\u20198 maggio 1983 a Udine le \u201cSquadre Antincendio\u201d di Mel sfilarono alla 56\u00b0 Adunata Nazionale degli Alpini a Udine. (foto A)<br \/>\nIdeatore e promotore delle \u201cSquadre\u201d fu lo stimato Presidente del Gruppo Alpini Nino Sartori (il primo a destra nella foto) che trov\u00f2 subito l\u2019appoggio dell\u2019allora Sindaco Giovanni De Paris che si interess\u00f2 presso le autorit\u00e0 forestali regionali e provinciali per ottenere prima il loro riconoscimento e poi le somme necessarie per l\u2019acquisto delle varie attrezzature indispensabili per ben operare in caso di incendi boschivi.<\/p>\n<p>L\u2019anno successivo, 1984, fu l\u2019anno del 50\u00b0 anniversario di fondazione del Gruppo Alpini di Mel. La cerimonia commemorativa accompagnata da grandi festeggiamenti, tra cui una corsa a staffetta con la torcia di fuoco dalla chiesetta di Zelant fino al Tempio ai Caduti, furono svolte il 28-29 luglio 1984 e Nino Sartori colse l\u2019occasione di sfruttare l\u2019evento alpino per sensibilizzare e soprattutto promuovere le neonate \u201cSquadre antincendio\u201d invitando varie autorit\u00e0, tra cui il Senatore bellunese Arnaldo Colleselli. (foto B).<br \/>\nLa notizia fece il giro della provincia dando vita a nuove \u201csquadre\u201d in vari comuni della provincia di Belluno.<br \/>\nDa allora, ininterrottamente sino ad oggi, le \u201cSquadre\u201d hanno lavorato con passione per il bene del loro territorio e con orgoglio invitano la popolazione a unirsi sabato con loro per festeggiare questo importante traguardo.<\/p>","protected":false},"excerpt":{"rendered":"<p>Manifestazione rivolta a tutta la popolazione e ai giovani studenti. Presenti in Piazza a Mel postazioni con mezzi e operatori Sar\u00e0 la piazza centrale di Mel, titolata a Papa Luciani, ad ospitare sabato 1\u00b0 ottobre la celebrazione del quarantennale delle Squadre Antincendio Boschivo e Protezione Civile ANA, la prima realt\u00e0 del genere nata nella provincia [&hellip;]<\/p>\n","protected":false},"author":2,"featured_media":136635,"comment_status":"closed","ping_status":"open","sticky":false,"template":"","format":"standard","meta":{"footnotes":""},"categories":[8],"tags":[],"class_list":["post-136634","post","type-post","status-publish","format-standard","has-post-thumbnail","category-societa-istituzioni"],"yoast_head":"<!-- This site is optimized with the Yoast SEO plugin v28.4 - https:\/\/yoast.com\/product\/yoast-seo-wordpress\/ -->\n<title>Sabato 1\u00b0 ottobre si festeggiano i 40 anni delle Squadre antincendio boschivo e protezione civile Ana di Mel - Bellunopress - Dolomiti<\/title>\n<meta name=\"robots\" content=\"index, follow, max-snippet:-1, max-image-preview:large, max-video-preview:-1\" \/>\n<link rel=\"canonical\" href=\"https:\/\/www.bellunopress.it\/fr\/2022\/09\/27\/sabato-1-ottobre-si-festeggiano-i-40-anni-delle-squadre-antincendio-boschivo-e-protezione-civile-ana-di-mel\/\" \/>\n<meta property=\"og:locale\" content=\"fr_FR\" \/>\n<meta property=\"og:type\" content=\"article\" \/>\n<meta property=\"og:title\" content=\"Sabato 1\u00b0 ottobre si festeggiano i 40 anni delle Squadre antincendio boschivo e protezione civile Ana di Mel - Bellunopress - Dolomiti\" \/>\n<meta property=\"og:description\" content=\"Manifestazione rivolta a tutta la popolazione e ai giovani studenti. Presenti in Piazza a Mel postazioni con mezzi e operatori Sar\u00e0 la piazza centrale di Mel, titolata a Papa Luciani, ad ospitare sabato 1\u00b0 ottobre la celebrazione del quarantennale delle Squadre Antincendio Boschivo e Protezione Civile ANA, la prima realt\u00e0 del genere nata nella provincia [&hellip;]\" \/>\n<meta property=\"og:url\" content=\"https:\/\/www.bellunopress.it\/fr\/2022\/09\/27\/sabato-1-ottobre-si-festeggiano-i-40-anni-delle-squadre-antincendio-boschivo-e-protezione-civile-ana-di-mel\/\" \/>\n<meta property=\"og:site_name\" content=\"Bellunopress - Dolomiti\" \/>\n<meta property=\"article:publisher\" content=\"https:\/\/www.facebook.com\/profile.php?id=100008943462799\" \/>\n<meta property=\"article:published_time\" content=\"2022-09-27T06:34:31+00:00\" \/>\n<meta property=\"og:image\" content=\"https:\/\/www.bellunopress.it\/wp-content\/uploads\/2022\/09\/Squadre-boschive-Adunata-Ana-Udine-1983.jpg\" \/>\n\t<meta property=\"og:image:width\" content=\"471\" \/>\n\t<meta property=\"og:image:height\" content=\"386\" \/>\n\t<meta property=\"og:image:type\" content=\"image\/jpeg\" \/>\n<meta name=\"author\" content=\"redazione\" \/>\n<meta name=\"twitter:card\" content=\"summary_large_image\" \/>\n<meta name=\"twitter:creator\" content=\"@bellunopress\" \/>\n<meta name=\"twitter:site\" content=\"@bellunopress\" \/>\n<meta name=\"twitter:label1\" content=\"\u00c9crit par\" \/>\n\t<meta name=\"twitter:data1\" content=\"redazione\" \/>\n\t<meta name=\"twitter:label2\" content=\"Dur\u00e9e de lecture estim\u00e9e\" \/>\n\t<meta name=\"twitter:data2\" content=\"4 minutes\" \/>\n<script type=\"application\/ld+json\" class=\"yoast-schema-graph\">{\"@context\":\"https:\\\/\\\/schema.org\",\"@graph\":[{\"@type\":\"Article\",\"@id\":\"https:\\\/\\\/www.bellunopress.it\\\/2022\\\/09\\\/27\\\/sabato-1-ottobre-si-festeggiano-i-40-anni-delle-squadre-antincendio-boschivo-e-protezione-civile-ana-di-mel\\\/#article\",\"isPartOf\":{\"@id\":\"https:\\\/\\\/www.bellunopress.it\\\/2022\\\/09\\\/27\\\/sabato-1-ottobre-si-festeggiano-i-40-anni-delle-squadre-antincendio-boschivo-e-protezione-civile-ana-di-mel\\\/\"},\"author\":{\"name\":\"redazione\",\"@id\":\"https:\\\/\\\/www.bellunopress.it\\\/#\\\/schema\\\/person\\\/79bb06722b37ece1c03d3e94beb30d73\"},\"headline\":\"Sabato 1\u00b0 ottobre si festeggiano i 40 anni delle Squadre antincendio boschivo e protezione civile Ana di Mel\",\"datePublished\":\"2022-09-27T06:34:31+00:00\",\"mainEntityOfPage\":{\"@id\":\"https:\\\/\\\/www.bellunopress.it\\\/2022\\\/09\\\/27\\\/sabato-1-ottobre-si-festeggiano-i-40-anni-delle-squadre-antincendio-boschivo-e-protezione-civile-ana-di-mel\\\/\"},\"wordCount\":636,\"publisher\":{\"@id\":\"https:\\\/\\\/www.bellunopress.it\\\/#organization\"},\"image\":{\"@id\":\"https:\\\/\\\/www.bellunopress.it\\\/2022\\\/09\\\/27\\\/sabato-1-ottobre-si-festeggiano-i-40-anni-delle-squadre-antincendio-boschivo-e-protezione-civile-ana-di-mel\\\/#primaryimage\"},\"thumbnailUrl\":\"https:\\\/\\\/www.bellunopress.it\\\/wp-content\\\/uploads\\\/2022\\\/09\\\/Squadre-boschive-Adunata-Ana-Udine-1983.jpg\",\"articleSection\":[\"Societ\u00e0, Associazioni, Istituzioni\"],\"inLanguage\":\"fr-FR\"},{\"@type\":\"WebPage\",\"@id\":\"https:\\\/\\\/www.bellunopress.it\\\/2022\\\/09\\\/27\\\/sabato-1-ottobre-si-festeggiano-i-40-anni-delle-squadre-antincendio-boschivo-e-protezione-civile-ana-di-mel\\\/\",\"url\":\"https:\\\/\\\/www.bellunopress.it\\\/2022\\\/09\\\/27\\\/sabato-1-ottobre-si-festeggiano-i-40-anni-delle-squadre-antincendio-boschivo-e-protezione-civile-ana-di-mel\\\/\",\"name\":\"Sabato 1\u00b0 ottobre si festeggiano i 40 anni delle Squadre antincendio boschivo e protezione civile Ana di Mel - Bellunopress - Dolomiti\",\"isPartOf\":{\"@id\":\"https:\\\/\\\/www.bellunopress.it\\\/#website\"},\"primaryImageOfPage\":{\"@id\":\"https:\\\/\\\/www.bellunopress.it\\\/2022\\\/09\\\/27\\\/sabato-1-ottobre-si-festeggiano-i-40-anni-delle-squadre-antincendio-boschivo-e-protezione-civile-ana-di-mel\\\/#primaryimage\"},\"image\":{\"@id\":\"https:\\\/\\\/www.bellunopress.it\\\/2022\\\/09\\\/27\\\/sabato-1-ottobre-si-festeggiano-i-40-anni-delle-squadre-antincendio-boschivo-e-protezione-civile-ana-di-mel\\\/#primaryimage\"},\"thumbnailUrl\":\"https:\\\/\\\/www.bellunopress.it\\\/wp-content\\\/uploads\\\/2022\\\/09\\\/Squadre-boschive-Adunata-Ana-Udine-1983.jpg\",\"datePublished\":\"2022-09-27T06:34:31+00:00\",\"breadcrumb\":{\"@id\":\"https:\\\/\\\/www.bellunopress.it\\\/2022\\\/09\\\/27\\\/sabato-1-ottobre-si-festeggiano-i-40-anni-delle-squadre-antincendio-boschivo-e-protezione-civile-ana-di-mel\\\/#breadcrumb\"},\"inLanguage\":\"fr-FR\",\"potentialAction\":[{\"@type\":\"ReadAction\",\"target\":[\"https:\\\/\\\/www.bellunopress.it\\\/2022\\\/09\\\/27\\\/sabato-1-ottobre-si-festeggiano-i-40-anni-delle-squadre-antincendio-boschivo-e-protezione-civile-ana-di-mel\\\/\"]}]},{\"@type\":\"ImageObject\",\"inLanguage\":\"fr-FR\",\"@id\":\"https:\\\/\\\/www.bellunopress.it\\\/2022\\\/09\\\/27\\\/sabato-1-ottobre-si-festeggiano-i-40-anni-delle-squadre-antincendio-boschivo-e-protezione-civile-ana-di-mel\\\/#primaryimage\",\"url\":\"https:\\\/\\\/www.bellunopress.it\\\/wp-content\\\/uploads\\\/2022\\\/09\\\/Squadre-boschive-Adunata-Ana-Udine-1983.jpg\",\"contentUrl\":\"https:\\\/\\\/www.bellunopress.it\\\/wp-content\\\/uploads\\\/2022\\\/09\\\/Squadre-boschive-Adunata-Ana-Udine-1983.jpg\",\"width\":471,\"height\":386,\"caption\":\"Squadre antincendio boschivo e protezione civile Ana di Mel. Adunata Ana Udine 1983\"},{\"@type\":\"BreadcrumbList\",\"@id\":\"https:\\\/\\\/www.bellunopress.it\\\/2022\\\/09\\\/27\\\/sabato-1-ottobre-si-festeggiano-i-40-anni-delle-squadre-antincendio-boschivo-e-protezione-civile-ana-di-mel\\\/#breadcrumb\",\"itemListElement\":[{\"@type\":\"ListItem\",\"position\":1,\"name\":\"Home\",\"item\":\"https:\\\/\\\/www.bellunopress.it\\\/\"},{\"@type\":\"ListItem\",\"position\":2,\"name\":\"Sabato 1\u00b0 ottobre si festeggiano i 40 anni delle Squadre antincendio boschivo e protezione civile Ana di Mel\"}]},{\"@type\":\"WebSite\",\"@id\":\"https:\\\/\\\/www.bellunopress.it\\\/#website\",\"url\":\"https:\\\/\\\/www.bellunopress.it\\\/\",\"name\":\"Bellunopress - Dolomiti\",\"description\":\"e-mail: redazione@bellunopress.it\",\"publisher\":{\"@id\":\"https:\\\/\\\/www.bellunopress.it\\\/#organization\"},\"potentialAction\":[{\"@type\":\"SearchAction\",\"target\":{\"@type\":\"EntryPoint\",\"urlTemplate\":\"https:\\\/\\\/www.bellunopress.it\\\/?s={search_term_string}\"},\"query-input\":{\"@type\":\"PropertyValueSpecification\",\"valueRequired\":true,\"valueName\":\"search_term_string\"}}],\"inLanguage\":\"fr-FR\"},{\"@type\":\"Organization\",\"@id\":\"https:\\\/\\\/www.bellunopress.it\\\/#organization\",\"name\":\"Bellunopress\",\"url\":\"https:\\\/\\\/www.bellunopress.it\\\/\",\"logo\":{\"@type\":\"ImageObject\",\"inLanguage\":\"fr-FR\",\"@id\":\"https:\\\/\\\/www.bellunopress.it\\\/#\\\/schema\\\/logo\\\/image\\\/\",\"url\":\"https:\\\/\\\/www.bellunopress.it\\\/wp-content\\\/uploads\\\/2011\\\/05\\\/cropped-logo-bellunopress-.jpg\",\"contentUrl\":\"https:\\\/\\\/www.bellunopress.it\\\/wp-content\\\/uploads\\\/2011\\\/05\\\/cropped-logo-bellunopress-.jpg\",\"width\":512,\"height\":512,\"caption\":\"Bellunopress\"},\"image\":{\"@id\":\"https:\\\/\\\/www.bellunopress.it\\\/#\\\/schema\\\/logo\\\/image\\\/\"},\"sameAs\":[\"https:\\\/\\\/www.facebook.com\\\/profile.php?id=100008943462799\",\"https:\\\/\\\/x.com\\\/bellunopress\",\"https:\\\/\\\/www.linkedin.com\\\/hp\\\/?dnr=JBzUWaJfMUw8vbXJJ2tVW5-I3jZKvC4wsoxE&amp;amp;amp;amp;amp;amp;trk=nav_responsive_tab_home\",\"https:\\\/\\\/www.youtube.com\\\/channel\\\/UCxL0wu1uN0_3_7hGG0306cw\"]},{\"@type\":\"Person\",\"@id\":\"https:\\\/\\\/www.bellunopress.it\\\/#\\\/schema\\\/person\\\/79bb06722b37ece1c03d3e94beb30d73\",\"name\":\"redazione\",\"image\":{\"@type\":\"ImageObject\",\"inLanguage\":\"fr-FR\",\"@id\":\"https:\\\/\\\/secure.gravatar.com\\\/avatar\\\/37d968a2e67a6fd04c169c4bdef102d0bc5d31b2546345219e348575eb80e9a0?s=96&d=mm&r=g\",\"url\":\"https:\\\/\\\/secure.gravatar.com\\\/avatar\\\/37d968a2e67a6fd04c169c4bdef102d0bc5d31b2546345219e348575eb80e9a0?s=96&d=mm&r=g\",\"contentUrl\":\"https:\\\/\\\/secure.gravatar.com\\\/avatar\\\/37d968a2e67a6fd04c169c4bdef102d0bc5d31b2546345219e348575eb80e9a0?s=96&d=mm&r=g\",\"caption\":\"redazione\"},\"sameAs\":[\"http:\\\/\\\/www.bellunopress.it\",\"https:\\\/\\\/x.com\\\/bellunopress\"],\"url\":\"https:\\\/\\\/www.bellunopress.it\\\/fr\\\/author\\\/redazione\\\/\"}]}<\/script>\n<!-- \/ Yoast SEO plugin. -->","yoast_head_json":{"title":"Sabato 1\u00b0 ottobre si festeggiano i 40 anni delle Squadre antincendio boschivo e protezione civile Ana di Mel - Bellunopress - Dolomiti","robots":{"index":"index","follow":"follow","max-snippet":"max-snippet:-1","max-image-preview":"max-image-preview:large","max-video-preview":"max-video-preview:-1"},"canonical":"https:\/\/www.bellunopress.it\/fr\/2022\/09\/27\/sabato-1-ottobre-si-festeggiano-i-40-anni-delle-squadre-antincendio-boschivo-e-protezione-civile-ana-di-mel\/","og_locale":"fr_FR","og_type":"article","og_title":"Sabato 1\u00b0 ottobre si festeggiano i 40 anni delle Squadre antincendio boschivo e protezione civile Ana di Mel - Bellunopress - Dolomiti","og_description":"Manifestazione rivolta a tutta la popolazione e ai giovani studenti. Presenti in Piazza a Mel postazioni con mezzi e operatori Sar\u00e0 la piazza centrale di Mel, titolata a Papa Luciani, ad ospitare sabato 1\u00b0 ottobre la celebrazione del quarantennale delle Squadre Antincendio Boschivo e Protezione Civile ANA, la prima realt\u00e0 del genere nata nella provincia [&hellip;]","og_url":"https:\/\/www.bellunopress.it\/fr\/2022\/09\/27\/sabato-1-ottobre-si-festeggiano-i-40-anni-delle-squadre-antincendio-boschivo-e-protezione-civile-ana-di-mel\/","og_site_name":"Bellunopress - Dolomiti","article_publisher":"https:\/\/www.facebook.com\/profile.php?id=100008943462799","article_published_time":"2022-09-27T06:34:31+00:00","og_image":[{"width":471,"height":386,"url":"https:\/\/www.bellunopress.it\/wp-content\/uploads\/2022\/09\/Squadre-boschive-Adunata-Ana-Udine-1983.jpg","type":"image\/jpeg"}],"author":"redazione","twitter_card":"summary_large_image","twitter_creator":"@bellunopress","twitter_site":"@bellunopress","twitter_misc":{"\u00c9crit par":"redazione","Dur\u00e9e de lecture estim\u00e9e":"4 minutes"},"schema":{"@context":"https:\/\/schema.org","@graph":[{"@type":"Article","@id":"https:\/\/www.bellunopress.it\/2022\/09\/27\/sabato-1-ottobre-si-festeggiano-i-40-anni-delle-squadre-antincendio-boschivo-e-protezione-civile-ana-di-mel\/#article","isPartOf":{"@id":"https:\/\/www.bellunopress.it\/2022\/09\/27\/sabato-1-ottobre-si-festeggiano-i-40-anni-delle-squadre-antincendio-boschivo-e-protezione-civile-ana-di-mel\/"},"author":{"name":"redazione","@id":"https:\/\/www.bellunopress.it\/#\/schema\/person\/79bb06722b37ece1c03d3e94beb30d73"},"headline":"Sabato 1\u00b0 ottobre si festeggiano i 40 anni delle Squadre antincendio boschivo e protezione civile Ana di Mel","datePublished":"2022-09-27T06:34:31+00:00","mainEntityOfPage":{"@id":"https:\/\/www.bellunopress.it\/2022\/09\/27\/sabato-1-ottobre-si-festeggiano-i-40-anni-delle-squadre-antincendio-boschivo-e-protezione-civile-ana-di-mel\/"},"wordCount":636,"publisher":{"@id":"https:\/\/www.bellunopress.it\/#organization"},"image":{"@id":"https:\/\/www.bellunopress.it\/2022\/09\/27\/sabato-1-ottobre-si-festeggiano-i-40-anni-delle-squadre-antincendio-boschivo-e-protezione-civile-ana-di-mel\/#primaryimage"},"thumbnailUrl":"https:\/\/www.bellunopress.it\/wp-content\/uploads\/2022\/09\/Squadre-boschive-Adunata-Ana-Udine-1983.jpg","articleSection":["Societ\u00e0, Associazioni, Istituzioni"],"inLanguage":"fr-FR"},{"@type":"WebPage","@id":"https:\/\/www.bellunopress.it\/2022\/09\/27\/sabato-1-ottobre-si-festeggiano-i-40-anni-delle-squadre-antincendio-boschivo-e-protezione-civile-ana-di-mel\/","url":"https:\/\/www.bellunopress.it\/2022\/09\/27\/sabato-1-ottobre-si-festeggiano-i-40-anni-delle-squadre-antincendio-boschivo-e-protezione-civile-ana-di-mel\/","name":"Sabato 1\u00b0 ottobre si festeggiano i 40 anni delle Squadre antincendio boschivo e protezione civile Ana di Mel - Bellunopress - Dolomiti","isPartOf":{"@id":"https:\/\/www.bellunopress.it\/#website"},"primaryImageOfPage":{"@id":"https:\/\/www.bellunopress.it\/2022\/09\/27\/sabato-1-ottobre-si-festeggiano-i-40-anni-delle-squadre-antincendio-boschivo-e-protezione-civile-ana-di-mel\/#primaryimage"},"image":{"@id":"https:\/\/www.bellunopress.it\/2022\/09\/27\/sabato-1-ottobre-si-festeggiano-i-40-anni-delle-squadre-antincendio-boschivo-e-protezione-civile-ana-di-mel\/#primaryimage"},"thumbnailUrl":"https:\/\/www.bellunopress.it\/wp-content\/uploads\/2022\/09\/Squadre-boschive-Adunata-Ana-Udine-1983.jpg","datePublished":"2022-09-27T06:34:31+00:00","breadcrumb":{"@id":"https:\/\/www.bellunopress.it\/2022\/09\/27\/sabato-1-ottobre-si-festeggiano-i-40-anni-delle-squadre-antincendio-boschivo-e-protezione-civile-ana-di-mel\/#breadcrumb"},"inLanguage":"fr-FR","potentialAction":[{"@type":"ReadAction","target":["https:\/\/www.bellunopress.it\/2022\/09\/27\/sabato-1-ottobre-si-festeggiano-i-40-anni-delle-squadre-antincendio-boschivo-e-protezione-civile-ana-di-mel\/"]}]},{"@type":"ImageObject","inLanguage":"fr-FR","@id":"https:\/\/www.bellunopress.it\/2022\/09\/27\/sabato-1-ottobre-si-festeggiano-i-40-anni-delle-squadre-antincendio-boschivo-e-protezione-civile-ana-di-mel\/#primaryimage","url":"https:\/\/www.bellunopress.it\/wp-content\/uploads\/2022\/09\/Squadre-boschive-Adunata-Ana-Udine-1983.jpg","contentUrl":"https:\/\/www.bellunopress.it\/wp-content\/uploads\/2022\/09\/Squadre-boschive-Adunata-Ana-Udine-1983.jpg","width":471,"height":386,"caption":"Squadre antincendio boschivo e protezione civile Ana di Mel. Adunata Ana Udine 1983"},{"@type":"BreadcrumbList","@id":"https:\/\/www.bellunopress.it\/2022\/09\/27\/sabato-1-ottobre-si-festeggiano-i-40-anni-delle-squadre-antincendio-boschivo-e-protezione-civile-ana-di-mel\/#breadcrumb","itemListElement":[{"@type":"ListItem","position":1,"name":"Home","item":"https:\/\/www.bellunopress.it\/"},{"@type":"ListItem","position":2,"name":"Sabato 1\u00b0 ottobre si festeggiano i 40 anni delle Squadre antincendio boschivo e protezione civile Ana di Mel"}]},{"@type":"WebSite","@id":"https:\/\/www.bellunopress.it\/#website","url":"https:\/\/www.bellunopress.it\/","name":"Bellunopress - Dolomiti","description":"e-mail: redazione@bellunopress.it","publisher":{"@id":"https:\/\/www.bellunopress.it\/#organization"},"potentialAction":[{"@type":"SearchAction","target":{"@type":"EntryPoint","urlTemplate":"https:\/\/www.bellunopress.it\/?s={search_term_string}"},"query-input":{"@type":"PropertyValueSpecification","valueRequired":true,"valueName":"search_term_string"}}],"inLanguage":"fr-FR"},{"@type":"Organization","@id":"https:\/\/www.bellunopress.it\/#organization","name":"Bellunopress","url":"https:\/\/www.bellunopress.it\/","logo":{"@type":"ImageObject","inLanguage":"fr-FR","@id":"https:\/\/www.bellunopress.it\/#\/schema\/logo\/image\/","url":"https:\/\/www.bellunopress.it\/wp-content\/uploads\/2011\/05\/cropped-logo-bellunopress-.jpg","contentUrl":"https:\/\/www.bellunopress.it\/wp-content\/uploads\/2011\/05\/cropped-logo-bellunopress-.jpg","width":512,"height":512,"caption":"Bellunopress"},"image":{"@id":"https:\/\/www.bellunopress.it\/#\/schema\/logo\/image\/"},"sameAs":["https:\/\/www.facebook.com\/profile.php?id=100008943462799","https:\/\/x.com\/bellunopress","https:\/\/www.linkedin.com\/hp\/?dnr=JBzUWaJfMUw8vbXJJ2tVW5-I3jZKvC4wsoxE&amp;amp;amp;amp;amp;amp;trk=nav_responsive_tab_home","https:\/\/www.youtube.com\/channel\/UCxL0wu1uN0_3_7hGG0306cw"]},{"@type":"Person","@id":"https:\/\/www.bellunopress.it\/#\/schema\/person\/79bb06722b37ece1c03d3e94beb30d73","name":"r\u00e9daction","image":{"@type":"ImageObject","inLanguage":"fr-FR","@id":"https:\/\/secure.gravatar.com\/avatar\/37d968a2e67a6fd04c169c4bdef102d0bc5d31b2546345219e348575eb80e9a0?s=96&d=mm&r=g","url":"https:\/\/secure.gravatar.com\/avatar\/37d968a2e67a6fd04c169c4bdef102d0bc5d31b2546345219e348575eb80e9a0?s=96&d=mm&r=g","contentUrl":"https:\/\/secure.gravatar.com\/avatar\/37d968a2e67a6fd04c169c4bdef102d0bc5d31b2546345219e348575eb80e9a0?s=96&d=mm&r=g","caption":"redazione"},"sameAs":["http:\/\/www.bellunopress.it","https:\/\/x.com\/bellunopress"],"url":"https:\/\/www.bellunopress.it\/fr\/author\/redazione\/"}]}},"_links":{"self":[{"href":"https:\/\/www.bellunopress.it\/fr\/wp-json\/wp\/v2\/posts\/136634","targetHints":{"allow":["GET"]}}],"collection":[{"href":"https:\/\/www.bellunopress.it\/fr\/wp-json\/wp\/v2\/posts"}],"about":[{"href":"https:\/\/www.bellunopress.it\/fr\/wp-json\/wp\/v2\/types\/post"}],"author":[{"embeddable":true,"href":"https:\/\/www.bellunopress.it\/fr\/wp-json\/wp\/v2\/users\/2"}],"replies":[{"embeddable":true,"href":"https:\/\/www.bellunopress.it\/fr\/wp-json\/wp\/v2\/comments?post=136634"}],"version-history":[{"count":1,"href":"https:\/\/www.bellunopress.it\/fr\/wp-json\/wp\/v2\/posts\/136634\/revisions"}],"predecessor-version":[{"id":136636,"href":"https:\/\/www.bellunopress.it\/fr\/wp-json\/wp\/v2\/posts\/136634\/revisions\/136636"}],"wp:featuredmedia":[{"embeddable":true,"href":"https:\/\/www.bellunopress.it\/fr\/wp-json\/wp\/v2\/media\/136635"}],"wp:attachment":[{"href":"https:\/\/www.bellunopress.it\/fr\/wp-json\/wp\/v2\/media?parent=136634"}],"wp:term":[{"taxonomy":"category","embeddable":true,"href":"https:\/\/www.bellunopress.it\/fr\/wp-json\/wp\/v2\/categories?post=136634"},{"taxonomy":"post_tag","embeddable":true,"href":"https:\/\/www.bellunopress.it\/fr\/wp-json\/wp\/v2\/tags?post=136634"}],"curies":[{"name":"wp","href":"https:\/\/api.w.org\/{rel}","templated":true}]}}