{"id":136622,"date":"2022-09-26T15:45:14","date_gmt":"2022-09-26T13:45:14","guid":{"rendered":"https:\/\/www.bellunopress.it\/?p=136622"},"modified":"2022-09-26T16:40:29","modified_gmt":"2022-09-26T14:40:29","slug":"politiche-2022-osnato-fdi-una-vittoria-senza-se-e-senza-ma","status":"publish","type":"post","link":"https:\/\/www.bellunopress.it\/fr\/2022\/09\/26\/politiche-2022-osnato-fdi-una-vittoria-senza-se-e-senza-ma\/","title":{"rendered":"Politiche 2022. Osnato (FdI): &#8220;Una vittoria senza se e senza ma&#8221;. De Carlo: &#8220;5 anni fa eravamo al 4%, oggi in regione siamo al 30% &#8220;"},"content":{"rendered":"<figure id=\"attachment_117840\" aria-describedby=\"caption-attachment-117840\" style=\"width: 532px\" class=\"wp-caption alignleft\"><img loading=\"lazy\" decoding=\"async\" class=\"size-full wp-image-117840\" src=\"https:\/\/www.bellunopress.it\/wp-content\/uploads\/2020\/09\/Filippo-Osnato_edited.jpg\" alt=\"\" width=\"532\" height=\"684\" srcset=\"https:\/\/www.bellunopress.it\/wp-content\/uploads\/2020\/09\/Filippo-Osnato_edited.jpg 532w, https:\/\/www.bellunopress.it\/wp-content\/uploads\/2020\/09\/Filippo-Osnato_edited-389x500.jpg 389w, https:\/\/www.bellunopress.it\/wp-content\/uploads\/2020\/09\/Filippo-Osnato_edited-327x420.jpg 327w\" sizes=\"auto, (max-width: 532px) 100vw, 532px\" \/><figcaption id=\"caption-attachment-117840\" class=\"wp-caption-text\">Filippo Osnato<\/figcaption><\/figure>\n<p>&#8220;Questa mattina, con dati ormai definiti, possiamo sicuramente trarre le prime considerazioni.<br \/>\nSi tratta di una vittoria senza \u201cse\u201d e senza \u201cma\u201d, che dimostra una crescita costante e di grandissimo peso di Fratelli d\u2019Italia, in tutta la penisola e, per quanto ci riguarda in particolare, nella provincia di Belluno&#8221;.<\/p>\n<p>Lo afferma in una nota Filippo Osnato, portavoce di Fratelli d&#8217;Italia Belluno-Dolomiti.<\/p>\n<p>&#8220;La riconferma di Luca De Carlo, con numeri che non ammettono discussioni e che premiano, evidentemente, il suo lavoro; il risultato del partito, in termini assoluti, nel confronto con gli alleati e, ancor di pi\u00f9, con i competitors; la sostanziale omogeneit\u00e0 del risultato su tutto il territorio della provincia, tutto questo ci fa chiaramente comprendere quanto l\u2019impegno profuso negli anni sia stato premiato ed appagante.<\/p>\n<p>La stessa Giorgia Meloni, nella notte, ricordava come il percorso di Fratelli d\u2019Italia sia stato duro, dalla nascita, quando molti ci davano morti in fasce, ad ogni tornata elettorale nelle quali la crescita, per quanto costante, era lenta e sembrava non premiare adeguatamente lo sforzo, fino ad oggi, raggiungendo percentuali ed un primato che rappresenta il traguardo di quel percorso faticoso.<\/p>\n<p>In provincia, particolarmente, dopo i risultati delle amministrative del capoluogo e di Feltre, che vedono Fratelli d\u2019Italia vincere con gli alleati conferendo un sostanziale e cospicuo contributo, raggiungiamo percentuali che solo poco tempo fa sembravano utopiche. Ma noi sapevamo, dopo il dato delle amministrative, che il dato delle politiche sarebbe stato diverso e convincentemente superiore.<\/p>\n<p>Tutto questo \u00e8 merito certamente dell\u2019attivit\u00e0 di tutti i militanti, del sostegno che la gente ha voluto tributare al nostro partito ma, soprattutto ed indubitabilmente, di chi c\u2019\u00e8 stato sempre, credendoci contro ogni evidenza, andando ostinatamente per la strada che Fratelli d\u2019Italia si era prefissa fin dalla nascita: tutelare l\u2019Italia e gli italiani, sempre.<\/p>\n<p>Chi per dieci anni ha speso tempo, impegno, sentimento credendo in una idea che \u00e8 diventata azione, alla fine ha visto il sole splendere e oggi pu\u00f2 fieramente vedere riconosciuto quel ruolo di \u201cClasse Dirigente\u201d che gli avversari politici hanno sostenuto Fratelli d\u2019Italia non avesse: immaginate cosa sarebbe successo se ci fosse stata&#8221;!<\/p>\n<p>Conclude Osnato: &#8220;Ci attende ora, se cos\u00ec decider\u00e0 il Presidente Mattarella, il Governo della Nazione, in un momento storicamente difficile e denso di ostacoli impervi che, se certamente non ci spaventano, ci impongono un enorme carico di responsabilit\u00e0 alle quali, siamo certi, risponderemo con il massimo impegno e la pi\u00f9 grande seriet\u00e0, nella consapevolezza di quanto si aspettino i cittadini italiani, che siano o meno elettori di Fratelli d\u2019Italia&#8221;.<\/p>\n<figure id=\"attachment_120581\" aria-describedby=\"caption-attachment-120581\" style=\"width: 473px\" class=\"wp-caption alignleft\"><img loading=\"lazy\" decoding=\"async\" class=\"size-full wp-image-120581\" src=\"https:\/\/www.bellunopress.it\/wp-content\/uploads\/2021\/01\/Luca-De-Carlo_edited.jpg\" alt=\"\" width=\"473\" height=\"330\" srcset=\"https:\/\/www.bellunopress.it\/wp-content\/uploads\/2021\/01\/Luca-De-Carlo_edited.jpg 473w, https:\/\/www.bellunopress.it\/wp-content\/uploads\/2021\/01\/Luca-De-Carlo_edited-100x70.jpg 100w\" sizes=\"auto, (max-width: 473px) 100vw, 473px\" \/><figcaption id=\"caption-attachment-120581\" class=\"wp-caption-text\">Luca De Carlo, senatore<\/figcaption><\/figure>\n<p>&#8220;Fratelli d&#8217;Italia esce vincitrice assoluta dalle urne, risultando il primo partito a livello nazionale e in Veneto, dove sfonda il tetto del 30%. &#8220;Una fortissima crescita, nata dopo le Europee del 2019, frutto del grandissimo lavoro di una classe dirigente maturata tanto nelle piazze quanto nelle istituzioni&#8221;, commenta il coordinatore regionale &#8211; e riconfermato senatore \u2013 Luca De Carlo. &#8220;Cinque anni fa eravamo poco sopra il 4%, oggi in regione siamo oltre il 30%: \u00e8 un risultato eccezionale&#8221;.<br \/>\nIl risultato elettorale conferma quanto sempre sostenuto da De Carlo: &#8220;Il centrodestra quando \u00e8 unito vince: questa vittoria porta con s\u00e9 grandi responsabilit\u00e0 e non dobbiamo tradire le aspettative che i cittadini hanno posto in noi. Il Veneto ha bisogno di un&#8217;iniezione di fiducia e di risorse&#8221;.<br \/>\nChiare quindi le priorit\u00e0: &#8220;Mettere in sicurezza economica la nazione, dal caro-bollette a tutti i costi per cittadini e imprese. Poi spazio alle riforme, dal presidenzialismo all&#8217;autonomia&#8221;.<br \/>\nInfine, De Carlo risulta \u2013 al momento \u2013 l&#8217;unico rappresentante bellunese eletto nel nuovo parlamento: &#8220;Se venisse confermato questo dato, sarebbe un peccato. La scorsa legislatura eravamo in sei, tra deputati e senatori; non sarebbe un bene per il territorio bellunese e sarebbe un male per la democrazia. Spero che tutti quelli che mi hanno appoggiato con il loro entusiasmo e il loro voto continuino a sostenermi nelle attivit\u00e0 romane perch\u00e9 non sar\u00e0 facile&#8221;.<\/p>\n<p>&nbsp;<\/p>\n<p>&nbsp;<\/p>\n<p>&nbsp;<\/p>\n<p>&nbsp;<\/p>\n<p>&nbsp;<\/p>","protected":false},"excerpt":{"rendered":"<p>&#8220;Questa mattina, con dati ormai definiti, possiamo sicuramente trarre le prime considerazioni. Si tratta di una vittoria senza \u201cse\u201d e senza \u201cma\u201d, che dimostra una crescita costante e di grandissimo peso di Fratelli d\u2019Italia, in tutta la penisola e, per quanto ci riguarda in particolare, nella provincia di Belluno&#8221;. Lo afferma in una nota Filippo [&hellip;]<\/p>\n","protected":false},"author":2,"featured_media":117840,"comment_status":"closed","ping_status":"open","sticky":false,"template":"","format":"standard","meta":{"footnotes":""},"categories":[5,26],"tags":[],"class_list":["post-136622","post","type-post","status-publish","format-standard","has-post-thumbnail","category-cronaca","category-prima-pagina"],"yoast_head":"<!-- This site is optimized with the Yoast SEO plugin v28.4 - https:\/\/yoast.com\/product\/yoast-seo-wordpress\/ -->\n<title>Politiche 2022. Osnato (FdI): &quot;Una vittoria senza se e senza ma&quot;. De Carlo: &quot;5 anni fa eravamo al 4%, oggi in regione siamo al 30% &quot; - Bellunopress - Dolomiti<\/title>\n<meta name=\"robots\" content=\"index, follow, max-snippet:-1, max-image-preview:large, max-video-preview:-1\" \/>\n<link rel=\"canonical\" href=\"https:\/\/www.bellunopress.it\/fr\/2022\/09\/26\/politiche-2022-osnato-fdi-una-vittoria-senza-se-e-senza-ma\/\" \/>\n<meta property=\"og:locale\" content=\"fr_FR\" \/>\n<meta property=\"og:type\" content=\"article\" \/>\n<meta property=\"og:title\" content=\"Politiche 2022. Osnato (FdI): &quot;Una vittoria senza se e senza ma&quot;. De Carlo: &quot;5 anni fa eravamo al 4%, oggi in regione siamo al 30% &quot; - Bellunopress - Dolomiti\" \/>\n<meta property=\"og:description\" content=\"&#8220;Questa mattina, con dati ormai definiti, possiamo sicuramente trarre le prime considerazioni. Si tratta di una vittoria senza \u201cse\u201d e senza \u201cma\u201d, che dimostra una crescita costante e di grandissimo peso di Fratelli d\u2019Italia, in tutta la penisola e, per quanto ci riguarda in particolare, nella provincia di Belluno&#8221;. Lo afferma in una nota Filippo [&hellip;]\" \/>\n<meta property=\"og:url\" content=\"https:\/\/www.bellunopress.it\/fr\/2022\/09\/26\/politiche-2022-osnato-fdi-una-vittoria-senza-se-e-senza-ma\/\" \/>\n<meta property=\"og:site_name\" content=\"Bellunopress - Dolomiti\" \/>\n<meta property=\"article:publisher\" content=\"https:\/\/www.facebook.com\/profile.php?id=100008943462799\" \/>\n<meta property=\"article:published_time\" content=\"2022-09-26T13:45:14+00:00\" \/>\n<meta property=\"article:modified_time\" content=\"2022-09-26T14:40:29+00:00\" \/>\n<meta property=\"og:image\" content=\"https:\/\/www.bellunopress.it\/wp-content\/uploads\/2020\/09\/Filippo-Osnato_edited.jpg\" \/>\n\t<meta property=\"og:image:width\" content=\"532\" \/>\n\t<meta property=\"og:image:height\" content=\"684\" \/>\n\t<meta property=\"og:image:type\" content=\"image\/jpeg\" \/>\n<meta name=\"author\" content=\"redazione\" \/>\n<meta name=\"twitter:card\" content=\"summary_large_image\" \/>\n<meta name=\"twitter:creator\" content=\"@bellunopress\" \/>\n<meta name=\"twitter:site\" content=\"@bellunopress\" \/>\n<meta name=\"twitter:label1\" content=\"\u00c9crit par\" \/>\n\t<meta name=\"twitter:data1\" content=\"redazione\" \/>\n\t<meta name=\"twitter:label2\" content=\"Dur\u00e9e de lecture estim\u00e9e\" \/>\n\t<meta name=\"twitter:data2\" content=\"4 minutes\" \/>\n<script type=\"application\/ld+json\" class=\"yoast-schema-graph\">{\"@context\":\"https:\\\/\\\/schema.org\",\"@graph\":[{\"@type\":\"Article\",\"@id\":\"https:\\\/\\\/www.bellunopress.it\\\/2022\\\/09\\\/26\\\/politiche-2022-osnato-fdi-una-vittoria-senza-se-e-senza-ma\\\/#article\",\"isPartOf\":{\"@id\":\"https:\\\/\\\/www.bellunopress.it\\\/2022\\\/09\\\/26\\\/politiche-2022-osnato-fdi-una-vittoria-senza-se-e-senza-ma\\\/\"},\"author\":{\"name\":\"redazione\",\"@id\":\"https:\\\/\\\/www.bellunopress.it\\\/#\\\/schema\\\/person\\\/79bb06722b37ece1c03d3e94beb30d73\"},\"headline\":\"Politiche 2022. Osnato (FdI): &#8220;Una vittoria senza se e senza ma&#8221;. De Carlo: &#8220;5 anni fa eravamo al 4%, oggi in regione siamo al 30% &#8220;\",\"datePublished\":\"2022-09-26T13:45:14+00:00\",\"dateModified\":\"2022-09-26T14:40:29+00:00\",\"mainEntityOfPage\":{\"@id\":\"https:\\\/\\\/www.bellunopress.it\\\/2022\\\/09\\\/26\\\/politiche-2022-osnato-fdi-una-vittoria-senza-se-e-senza-ma\\\/\"},\"wordCount\":693,\"publisher\":{\"@id\":\"https:\\\/\\\/www.bellunopress.it\\\/#organization\"},\"image\":{\"@id\":\"https:\\\/\\\/www.bellunopress.it\\\/2022\\\/09\\\/26\\\/politiche-2022-osnato-fdi-una-vittoria-senza-se-e-senza-ma\\\/#primaryimage\"},\"thumbnailUrl\":\"https:\\\/\\\/www.bellunopress.it\\\/wp-content\\\/uploads\\\/2020\\\/09\\\/Filippo-Osnato_edited.jpg\",\"articleSection\":[\"Cronaca\\\/Politica\",\"Prima Pagina\"],\"inLanguage\":\"fr-FR\"},{\"@type\":\"WebPage\",\"@id\":\"https:\\\/\\\/www.bellunopress.it\\\/2022\\\/09\\\/26\\\/politiche-2022-osnato-fdi-una-vittoria-senza-se-e-senza-ma\\\/\",\"url\":\"https:\\\/\\\/www.bellunopress.it\\\/2022\\\/09\\\/26\\\/politiche-2022-osnato-fdi-una-vittoria-senza-se-e-senza-ma\\\/\",\"name\":\"Politiche 2022. Osnato (FdI): \\\"Una vittoria senza se e senza ma\\\". De Carlo: \\\"5 anni fa eravamo al 4%, oggi in regione siamo al 30% \\\" - Bellunopress - Dolomiti\",\"isPartOf\":{\"@id\":\"https:\\\/\\\/www.bellunopress.it\\\/#website\"},\"primaryImageOfPage\":{\"@id\":\"https:\\\/\\\/www.bellunopress.it\\\/2022\\\/09\\\/26\\\/politiche-2022-osnato-fdi-una-vittoria-senza-se-e-senza-ma\\\/#primaryimage\"},\"image\":{\"@id\":\"https:\\\/\\\/www.bellunopress.it\\\/2022\\\/09\\\/26\\\/politiche-2022-osnato-fdi-una-vittoria-senza-se-e-senza-ma\\\/#primaryimage\"},\"thumbnailUrl\":\"https:\\\/\\\/www.bellunopress.it\\\/wp-content\\\/uploads\\\/2020\\\/09\\\/Filippo-Osnato_edited.jpg\",\"datePublished\":\"2022-09-26T13:45:14+00:00\",\"dateModified\":\"2022-09-26T14:40:29+00:00\",\"breadcrumb\":{\"@id\":\"https:\\\/\\\/www.bellunopress.it\\\/2022\\\/09\\\/26\\\/politiche-2022-osnato-fdi-una-vittoria-senza-se-e-senza-ma\\\/#breadcrumb\"},\"inLanguage\":\"fr-FR\",\"potentialAction\":[{\"@type\":\"ReadAction\",\"target\":[\"https:\\\/\\\/www.bellunopress.it\\\/2022\\\/09\\\/26\\\/politiche-2022-osnato-fdi-una-vittoria-senza-se-e-senza-ma\\\/\"]}]},{\"@type\":\"ImageObject\",\"inLanguage\":\"fr-FR\",\"@id\":\"https:\\\/\\\/www.bellunopress.it\\\/2022\\\/09\\\/26\\\/politiche-2022-osnato-fdi-una-vittoria-senza-se-e-senza-ma\\\/#primaryimage\",\"url\":\"https:\\\/\\\/www.bellunopress.it\\\/wp-content\\\/uploads\\\/2020\\\/09\\\/Filippo-Osnato_edited.jpg\",\"contentUrl\":\"https:\\\/\\\/www.bellunopress.it\\\/wp-content\\\/uploads\\\/2020\\\/09\\\/Filippo-Osnato_edited.jpg\",\"width\":532,\"height\":684,\"caption\":\"Filippo Osnato\"},{\"@type\":\"BreadcrumbList\",\"@id\":\"https:\\\/\\\/www.bellunopress.it\\\/2022\\\/09\\\/26\\\/politiche-2022-osnato-fdi-una-vittoria-senza-se-e-senza-ma\\\/#breadcrumb\",\"itemListElement\":[{\"@type\":\"ListItem\",\"position\":1,\"name\":\"Home\",\"item\":\"https:\\\/\\\/www.bellunopress.it\\\/\"},{\"@type\":\"ListItem\",\"position\":2,\"name\":\"Politiche 2022. Osnato (FdI): &#8220;Una vittoria senza se e senza ma&#8221;. De Carlo: &#8220;5 anni fa eravamo al 4%, oggi in regione siamo al 30% &#8220;\"}]},{\"@type\":\"WebSite\",\"@id\":\"https:\\\/\\\/www.bellunopress.it\\\/#website\",\"url\":\"https:\\\/\\\/www.bellunopress.it\\\/\",\"name\":\"Bellunopress - Dolomiti\",\"description\":\"e-mail: redazione@bellunopress.it\",\"publisher\":{\"@id\":\"https:\\\/\\\/www.bellunopress.it\\\/#organization\"},\"potentialAction\":[{\"@type\":\"SearchAction\",\"target\":{\"@type\":\"EntryPoint\",\"urlTemplate\":\"https:\\\/\\\/www.bellunopress.it\\\/?s={search_term_string}\"},\"query-input\":{\"@type\":\"PropertyValueSpecification\",\"valueRequired\":true,\"valueName\":\"search_term_string\"}}],\"inLanguage\":\"fr-FR\"},{\"@type\":\"Organization\",\"@id\":\"https:\\\/\\\/www.bellunopress.it\\\/#organization\",\"name\":\"Bellunopress\",\"url\":\"https:\\\/\\\/www.bellunopress.it\\\/\",\"logo\":{\"@type\":\"ImageObject\",\"inLanguage\":\"fr-FR\",\"@id\":\"https:\\\/\\\/www.bellunopress.it\\\/#\\\/schema\\\/logo\\\/image\\\/\",\"url\":\"https:\\\/\\\/www.bellunopress.it\\\/wp-content\\\/uploads\\\/2011\\\/05\\\/cropped-logo-bellunopress-.jpg\",\"contentUrl\":\"https:\\\/\\\/www.bellunopress.it\\\/wp-content\\\/uploads\\\/2011\\\/05\\\/cropped-logo-bellunopress-.jpg\",\"width\":512,\"height\":512,\"caption\":\"Bellunopress\"},\"image\":{\"@id\":\"https:\\\/\\\/www.bellunopress.it\\\/#\\\/schema\\\/logo\\\/image\\\/\"},\"sameAs\":[\"https:\\\/\\\/www.facebook.com\\\/profile.php?id=100008943462799\",\"https:\\\/\\\/x.com\\\/bellunopress\",\"https:\\\/\\\/www.linkedin.com\\\/hp\\\/?dnr=JBzUWaJfMUw8vbXJJ2tVW5-I3jZKvC4wsoxE&amp;amp;amp;amp;amp;amp;trk=nav_responsive_tab_home\",\"https:\\\/\\\/www.youtube.com\\\/channel\\\/UCxL0wu1uN0_3_7hGG0306cw\"]},{\"@type\":\"Person\",\"@id\":\"https:\\\/\\\/www.bellunopress.it\\\/#\\\/schema\\\/person\\\/79bb06722b37ece1c03d3e94beb30d73\",\"name\":\"redazione\",\"image\":{\"@type\":\"ImageObject\",\"inLanguage\":\"fr-FR\",\"@id\":\"https:\\\/\\\/secure.gravatar.com\\\/avatar\\\/37d968a2e67a6fd04c169c4bdef102d0bc5d31b2546345219e348575eb80e9a0?s=96&d=mm&r=g\",\"url\":\"https:\\\/\\\/secure.gravatar.com\\\/avatar\\\/37d968a2e67a6fd04c169c4bdef102d0bc5d31b2546345219e348575eb80e9a0?s=96&d=mm&r=g\",\"contentUrl\":\"https:\\\/\\\/secure.gravatar.com\\\/avatar\\\/37d968a2e67a6fd04c169c4bdef102d0bc5d31b2546345219e348575eb80e9a0?s=96&d=mm&r=g\",\"caption\":\"redazione\"},\"sameAs\":[\"http:\\\/\\\/www.bellunopress.it\",\"https:\\\/\\\/x.com\\\/bellunopress\"],\"url\":\"https:\\\/\\\/www.bellunopress.it\\\/fr\\\/author\\\/redazione\\\/\"}]}<\/script>\n<!-- \/ Yoast SEO plugin. -->","yoast_head_json":{"title":"Politiche 2022. Osnato (FdI): \"Una vittoria senza se e senza ma\". De Carlo: \"5 anni fa eravamo al 4%, oggi in regione siamo al 30% \" - Bellunopress - Dolomiti","robots":{"index":"index","follow":"follow","max-snippet":"max-snippet:-1","max-image-preview":"max-image-preview:large","max-video-preview":"max-video-preview:-1"},"canonical":"https:\/\/www.bellunopress.it\/fr\/2022\/09\/26\/politiche-2022-osnato-fdi-una-vittoria-senza-se-e-senza-ma\/","og_locale":"fr_FR","og_type":"article","og_title":"Politiche 2022. Osnato (FdI): \"Una vittoria senza se e senza ma\". De Carlo: \"5 anni fa eravamo al 4%, oggi in regione siamo al 30% \" - Bellunopress - Dolomiti","og_description":"&#8220;Questa mattina, con dati ormai definiti, possiamo sicuramente trarre le prime considerazioni. Si tratta di una vittoria senza \u201cse\u201d e senza \u201cma\u201d, che dimostra una crescita costante e di grandissimo peso di Fratelli d\u2019Italia, in tutta la penisola e, per quanto ci riguarda in particolare, nella provincia di Belluno&#8221;. Lo afferma in una nota Filippo [&hellip;]","og_url":"https:\/\/www.bellunopress.it\/fr\/2022\/09\/26\/politiche-2022-osnato-fdi-una-vittoria-senza-se-e-senza-ma\/","og_site_name":"Bellunopress - Dolomiti","article_publisher":"https:\/\/www.facebook.com\/profile.php?id=100008943462799","article_published_time":"2022-09-26T13:45:14+00:00","article_modified_time":"2022-09-26T14:40:29+00:00","og_image":[{"width":532,"height":684,"url":"https:\/\/www.bellunopress.it\/wp-content\/uploads\/2020\/09\/Filippo-Osnato_edited.jpg","type":"image\/jpeg"}],"author":"redazione","twitter_card":"summary_large_image","twitter_creator":"@bellunopress","twitter_site":"@bellunopress","twitter_misc":{"\u00c9crit par":"redazione","Dur\u00e9e de lecture estim\u00e9e":"4 minutes"},"schema":{"@context":"https:\/\/schema.org","@graph":[{"@type":"Article","@id":"https:\/\/www.bellunopress.it\/2022\/09\/26\/politiche-2022-osnato-fdi-una-vittoria-senza-se-e-senza-ma\/#article","isPartOf":{"@id":"https:\/\/www.bellunopress.it\/2022\/09\/26\/politiche-2022-osnato-fdi-una-vittoria-senza-se-e-senza-ma\/"},"author":{"name":"redazione","@id":"https:\/\/www.bellunopress.it\/#\/schema\/person\/79bb06722b37ece1c03d3e94beb30d73"},"headline":"Politiche 2022. Osnato (FdI): &#8220;Una vittoria senza se e senza ma&#8221;. De Carlo: &#8220;5 anni fa eravamo al 4%, oggi in regione siamo al 30% &#8220;","datePublished":"2022-09-26T13:45:14+00:00","dateModified":"2022-09-26T14:40:29+00:00","mainEntityOfPage":{"@id":"https:\/\/www.bellunopress.it\/2022\/09\/26\/politiche-2022-osnato-fdi-una-vittoria-senza-se-e-senza-ma\/"},"wordCount":693,"publisher":{"@id":"https:\/\/www.bellunopress.it\/#organization"},"image":{"@id":"https:\/\/www.bellunopress.it\/2022\/09\/26\/politiche-2022-osnato-fdi-una-vittoria-senza-se-e-senza-ma\/#primaryimage"},"thumbnailUrl":"https:\/\/www.bellunopress.it\/wp-content\/uploads\/2020\/09\/Filippo-Osnato_edited.jpg","articleSection":["Cronaca\/Politica","Prima Pagina"],"inLanguage":"fr-FR"},{"@type":"WebPage","@id":"https:\/\/www.bellunopress.it\/2022\/09\/26\/politiche-2022-osnato-fdi-una-vittoria-senza-se-e-senza-ma\/","url":"https:\/\/www.bellunopress.it\/2022\/09\/26\/politiche-2022-osnato-fdi-una-vittoria-senza-se-e-senza-ma\/","name":"Politiche 2022. Osnato (FdI): \"Una vittoria senza se e senza ma\". De Carlo: \"5 anni fa eravamo al 4%, oggi in regione siamo al 30% \" - Bellunopress - Dolomiti","isPartOf":{"@id":"https:\/\/www.bellunopress.it\/#website"},"primaryImageOfPage":{"@id":"https:\/\/www.bellunopress.it\/2022\/09\/26\/politiche-2022-osnato-fdi-una-vittoria-senza-se-e-senza-ma\/#primaryimage"},"image":{"@id":"https:\/\/www.bellunopress.it\/2022\/09\/26\/politiche-2022-osnato-fdi-una-vittoria-senza-se-e-senza-ma\/#primaryimage"},"thumbnailUrl":"https:\/\/www.bellunopress.it\/wp-content\/uploads\/2020\/09\/Filippo-Osnato_edited.jpg","datePublished":"2022-09-26T13:45:14+00:00","dateModified":"2022-09-26T14:40:29+00:00","breadcrumb":{"@id":"https:\/\/www.bellunopress.it\/2022\/09\/26\/politiche-2022-osnato-fdi-una-vittoria-senza-se-e-senza-ma\/#breadcrumb"},"inLanguage":"fr-FR","potentialAction":[{"@type":"ReadAction","target":["https:\/\/www.bellunopress.it\/2022\/09\/26\/politiche-2022-osnato-fdi-una-vittoria-senza-se-e-senza-ma\/"]}]},{"@type":"ImageObject","inLanguage":"fr-FR","@id":"https:\/\/www.bellunopress.it\/2022\/09\/26\/politiche-2022-osnato-fdi-una-vittoria-senza-se-e-senza-ma\/#primaryimage","url":"https:\/\/www.bellunopress.it\/wp-content\/uploads\/2020\/09\/Filippo-Osnato_edited.jpg","contentUrl":"https:\/\/www.bellunopress.it\/wp-content\/uploads\/2020\/09\/Filippo-Osnato_edited.jpg","width":532,"height":684,"caption":"Filippo Osnato"},{"@type":"BreadcrumbList","@id":"https:\/\/www.bellunopress.it\/2022\/09\/26\/politiche-2022-osnato-fdi-una-vittoria-senza-se-e-senza-ma\/#breadcrumb","itemListElement":[{"@type":"ListItem","position":1,"name":"Home","item":"https:\/\/www.bellunopress.it\/"},{"@type":"ListItem","position":2,"name":"Politiche 2022. Osnato (FdI): &#8220;Una vittoria senza se e senza ma&#8221;. De Carlo: &#8220;5 anni fa eravamo al 4%, oggi in regione siamo al 30% &#8220;"}]},{"@type":"WebSite","@id":"https:\/\/www.bellunopress.it\/#website","url":"https:\/\/www.bellunopress.it\/","name":"Bellunopress - Dolomiti","description":"e-mail: redazione@bellunopress.it","publisher":{"@id":"https:\/\/www.bellunopress.it\/#organization"},"potentialAction":[{"@type":"SearchAction","target":{"@type":"EntryPoint","urlTemplate":"https:\/\/www.bellunopress.it\/?s={search_term_string}"},"query-input":{"@type":"PropertyValueSpecification","valueRequired":true,"valueName":"search_term_string"}}],"inLanguage":"fr-FR"},{"@type":"Organization","@id":"https:\/\/www.bellunopress.it\/#organization","name":"Bellunopress","url":"https:\/\/www.bellunopress.it\/","logo":{"@type":"ImageObject","inLanguage":"fr-FR","@id":"https:\/\/www.bellunopress.it\/#\/schema\/logo\/image\/","url":"https:\/\/www.bellunopress.it\/wp-content\/uploads\/2011\/05\/cropped-logo-bellunopress-.jpg","contentUrl":"https:\/\/www.bellunopress.it\/wp-content\/uploads\/2011\/05\/cropped-logo-bellunopress-.jpg","width":512,"height":512,"caption":"Bellunopress"},"image":{"@id":"https:\/\/www.bellunopress.it\/#\/schema\/logo\/image\/"},"sameAs":["https:\/\/www.facebook.com\/profile.php?id=100008943462799","https:\/\/x.com\/bellunopress","https:\/\/www.linkedin.com\/hp\/?dnr=JBzUWaJfMUw8vbXJJ2tVW5-I3jZKvC4wsoxE&amp;amp;amp;amp;amp;amp;trk=nav_responsive_tab_home","https:\/\/www.youtube.com\/channel\/UCxL0wu1uN0_3_7hGG0306cw"]},{"@type":"Person","@id":"https:\/\/www.bellunopress.it\/#\/schema\/person\/79bb06722b37ece1c03d3e94beb30d73","name":"r\u00e9daction","image":{"@type":"ImageObject","inLanguage":"fr-FR","@id":"https:\/\/secure.gravatar.com\/avatar\/37d968a2e67a6fd04c169c4bdef102d0bc5d31b2546345219e348575eb80e9a0?s=96&d=mm&r=g","url":"https:\/\/secure.gravatar.com\/avatar\/37d968a2e67a6fd04c169c4bdef102d0bc5d31b2546345219e348575eb80e9a0?s=96&d=mm&r=g","contentUrl":"https:\/\/secure.gravatar.com\/avatar\/37d968a2e67a6fd04c169c4bdef102d0bc5d31b2546345219e348575eb80e9a0?s=96&d=mm&r=g","caption":"redazione"},"sameAs":["http:\/\/www.bellunopress.it","https:\/\/x.com\/bellunopress"],"url":"https:\/\/www.bellunopress.it\/fr\/author\/redazione\/"}]}},"_links":{"self":[{"href":"https:\/\/www.bellunopress.it\/fr\/wp-json\/wp\/v2\/posts\/136622","targetHints":{"allow":["GET"]}}],"collection":[{"href":"https:\/\/www.bellunopress.it\/fr\/wp-json\/wp\/v2\/posts"}],"about":[{"href":"https:\/\/www.bellunopress.it\/fr\/wp-json\/wp\/v2\/types\/post"}],"author":[{"embeddable":true,"href":"https:\/\/www.bellunopress.it\/fr\/wp-json\/wp\/v2\/users\/2"}],"replies":[{"embeddable":true,"href":"https:\/\/www.bellunopress.it\/fr\/wp-json\/wp\/v2\/comments?post=136622"}],"version-history":[{"count":3,"href":"https:\/\/www.bellunopress.it\/fr\/wp-json\/wp\/v2\/posts\/136622\/revisions"}],"predecessor-version":[{"id":136625,"href":"https:\/\/www.bellunopress.it\/fr\/wp-json\/wp\/v2\/posts\/136622\/revisions\/136625"}],"wp:featuredmedia":[{"embeddable":true,"href":"https:\/\/www.bellunopress.it\/fr\/wp-json\/wp\/v2\/media\/117840"}],"wp:attachment":[{"href":"https:\/\/www.bellunopress.it\/fr\/wp-json\/wp\/v2\/media?parent=136622"}],"wp:term":[{"taxonomy":"category","embeddable":true,"href":"https:\/\/www.bellunopress.it\/fr\/wp-json\/wp\/v2\/categories?post=136622"},{"taxonomy":"post_tag","embeddable":true,"href":"https:\/\/www.bellunopress.it\/fr\/wp-json\/wp\/v2\/tags?post=136622"}],"curies":[{"name":"wp","href":"https:\/\/api.w.org\/{rel}","templated":true}]}}