{"id":136618,"date":"2022-09-26T15:23:27","date_gmt":"2022-09-26T13:23:27","guid":{"rendered":"https:\/\/www.bellunopress.it\/?p=136618"},"modified":"2022-09-26T15:23:27","modified_gmt":"2022-09-26T13:23:27","slug":"federica-lotti-flauto-e-massimo-somenzi-pianoforte-venerdi-alle-2030-al-liceo-lollino-di-belluno","status":"publish","type":"post","link":"https:\/\/www.bellunopress.it\/fr\/2022\/09\/26\/federica-lotti-flauto-e-massimo-somenzi-pianoforte-venerdi-alle-2030-al-liceo-lollino-di-belluno\/","title":{"rendered":"Federica Lotti (flauto) e Massimo Somenzi (pianoforte) venerd\u00ec alle 20:30 al Liceo Lollino di Belluno"},"content":{"rendered":"<figure id=\"attachment_136619\" aria-describedby=\"caption-attachment-136619\" style=\"width: 500px\" class=\"wp-caption alignleft\"><img loading=\"lazy\" decoding=\"async\" class=\"size-full wp-image-136619\" src=\"https:\/\/www.bellunopress.it\/wp-content\/uploads\/2022\/09\/Federica-Lotti_edited.jpg\" alt=\"\" width=\"500\" height=\"436\" srcset=\"https:\/\/www.bellunopress.it\/wp-content\/uploads\/2022\/09\/Federica-Lotti_edited.jpg 500w, https:\/\/www.bellunopress.it\/wp-content\/uploads\/2022\/09\/Federica-Lotti_edited-482x420.jpg 482w\" sizes=\"auto, (max-width: 500px) 100vw, 500px\" \/><figcaption id=\"caption-attachment-136619\" class=\"wp-caption-text\">Federica Lotti<\/figcaption><\/figure>\n<p>Al via la seconda parte della 69ma Stagione 2022 del Circolo Culturale Bellunese, sulle note del flauto di Federica Lotti, accompagnata al pianoforte da Massimo Somenzi. Il concerto si tiene nell&#8217;Auditorium del liceo Lollino di Belluno, venerd\u00ec 30 settembre, alle ore 20:30. La serata sar\u00e0 introdotta da un tradizionale Benvenuto in Musica degli alunni della Classe di flauto del Liceo musicale \u201cG. Renier\u201d, prof.ssa Giorgia Reolon.<\/p>\n<figure id=\"attachment_136620\" aria-describedby=\"caption-attachment-136620\" style=\"width: 294px\" class=\"wp-caption alignleft\"><img loading=\"lazy\" decoding=\"async\" class=\"size-full wp-image-136620\" src=\"https:\/\/www.bellunopress.it\/wp-content\/uploads\/2022\/09\/Massimo-Somenzi_edited.jpg\" alt=\"\" width=\"294\" height=\"393\" \/><figcaption id=\"caption-attachment-136620\" class=\"wp-caption-text\">Massimo Somenzi<\/figcaption><\/figure>\n<p>Europa, Usa, Australia. Viaggio al confine tra musica popolare e musica colta:<br \/>\nquesto il programma del concerto, attraverso opere di compositori che quelle musiche hanno portato ai massimi livelli artistici. Ovvero, Mieczys\u0142aw Weinberg, ebreo polacco residente in URSS, segnato tragicamente dall\u2019Olocausto e dalle purghe staliniane, compositore che attinge alla musica popolare ebraica, polacca, russa e moldava. Claudio Ambrosini, veneziano, che ha dedicato all\u2019amata botanica tre lavori musicali, tra esperienze, ricordi, affetti, passioni, l\u2019amicizia con Rigoni Stern e le lunghe passeggiate solitarie in montagna. Francis Poulenc, con la sua celebre Sonata per flauto e pianoforte, che lui stesso interpret\u00f2 al pianoforte con Jean-Pierre Rampal. Erwin Schulhoff, genitori tedeschi, origine ebraica, enfant prodige, una gamma stilista amplissima, fino a esplorare le proprie origini ceche. Katherine Hoover, ovvero un viaggio tra le musiche degli zingari dell\u2019Europa orientale, dei nativi d\u2019America e dei cinesi. Per finire con il compositore australiano Carl Vine, autore di musica per la danza.<\/p>\n<p>A eseguire in sala, due artisti di assoluto prestigio: la flautista Federica Lotti, poliedrica performer e interprete di un vasto repertorio che va dal classico al contemporaneo, solista con importanti orchestre italiane e straniere e per istituzioni. Numerosi i compositori che hanno scritto musica esclusivamente per lei. \u00c8 docente al Conservatorio \u201cBenedetto Marcello\u201d di Venezia. Ad accompagnare il flauto, il pluripremiato pianista Massimo Somenzi, veneziano, docente al Conservatorio \u201cBenedetto Marcello\u201d, dove si diplom\u00f2 con il massimo dei voti, lode e menzione speciale di merito. Vincitore di innumerevoili premi, si esibisce come solista, con orchestra e in formazioni cameristiche, collaborando con illustri strumentisti.<\/p>\n<p>Informazioni e biglietti: Agenzia Alpe Bellunese: tel. 0437 940407, E-mail: info@alpebellunese.it. \u00c8 gradita la prenotazione. Si consiglia l&#8217;uso della mascherina FFP2, nel rispetto delle norme anti-covid.<\/p>\n<p>Ulteriori informazioni e note di sala complete sul sito belrcircolo.org.<\/p>\n<p>&nbsp;<\/p>","protected":false},"excerpt":{"rendered":"<p>Al via la seconda parte della 69ma Stagione 2022 del Circolo Culturale Bellunese, sulle note del flauto di Federica Lotti, accompagnata al pianoforte da Massimo Somenzi. Il concerto si tiene nell&#8217;Auditorium del liceo Lollino di Belluno, venerd\u00ec 30 settembre, alle ore 20:30. La serata sar\u00e0 introdotta da un tradizionale Benvenuto in Musica degli alunni della [&hellip;]<\/p>\n","protected":false},"author":2,"featured_media":136619,"comment_status":"closed","ping_status":"open","sticky":false,"template":"","format":"standard","meta":{"footnotes":""},"categories":[27,3,25],"tags":[],"class_list":["post-136618","post","type-post","status-publish","format-standard","has-post-thumbnail","category-appuntamenti","category-arte-cultura-spettacoli-scienza-archivi","category-pausa-caffe"],"yoast_head":"<!-- This site is optimized with the Yoast SEO plugin v28.4 - https:\/\/yoast.com\/product\/yoast-seo-wordpress\/ -->\n<title>Federica Lotti (flauto) e Massimo Somenzi (pianoforte) venerd\u00ec alle 20:30 al Liceo Lollino di Belluno - Bellunopress - Dolomiti<\/title>\n<meta name=\"robots\" content=\"index, follow, max-snippet:-1, max-image-preview:large, max-video-preview:-1\" \/>\n<link rel=\"canonical\" href=\"https:\/\/www.bellunopress.it\/fr\/2022\/09\/26\/federica-lotti-flauto-e-massimo-somenzi-pianoforte-venerdi-alle-2030-al-liceo-lollino-di-belluno\/\" \/>\n<meta property=\"og:locale\" content=\"fr_FR\" \/>\n<meta property=\"og:type\" content=\"article\" \/>\n<meta property=\"og:title\" content=\"Federica Lotti (flauto) e Massimo Somenzi (pianoforte) venerd\u00ec alle 20:30 al Liceo Lollino di Belluno - Bellunopress - Dolomiti\" \/>\n<meta property=\"og:description\" content=\"Al via la seconda parte della 69ma Stagione 2022 del Circolo Culturale Bellunese, sulle note del flauto di Federica Lotti, accompagnata al pianoforte da Massimo Somenzi. Il concerto si tiene nell&#8217;Auditorium del liceo Lollino di Belluno, venerd\u00ec 30 settembre, alle ore 20:30. La serata sar\u00e0 introdotta da un tradizionale Benvenuto in Musica degli alunni della [&hellip;]\" \/>\n<meta property=\"og:url\" content=\"https:\/\/www.bellunopress.it\/fr\/2022\/09\/26\/federica-lotti-flauto-e-massimo-somenzi-pianoforte-venerdi-alle-2030-al-liceo-lollino-di-belluno\/\" \/>\n<meta property=\"og:site_name\" content=\"Bellunopress - Dolomiti\" \/>\n<meta property=\"article:publisher\" content=\"https:\/\/www.facebook.com\/profile.php?id=100008943462799\" \/>\n<meta property=\"article:published_time\" content=\"2022-09-26T13:23:27+00:00\" \/>\n<meta property=\"og:image\" content=\"https:\/\/www.bellunopress.it\/wp-content\/uploads\/2022\/09\/Federica-Lotti_edited.jpg\" \/>\n\t<meta property=\"og:image:width\" content=\"500\" \/>\n\t<meta property=\"og:image:height\" content=\"436\" \/>\n\t<meta property=\"og:image:type\" content=\"image\/jpeg\" \/>\n<meta name=\"author\" content=\"redazione\" \/>\n<meta name=\"twitter:card\" content=\"summary_large_image\" \/>\n<meta name=\"twitter:creator\" content=\"@bellunopress\" \/>\n<meta name=\"twitter:site\" content=\"@bellunopress\" \/>\n<meta name=\"twitter:label1\" content=\"\u00c9crit par\" \/>\n\t<meta name=\"twitter:data1\" content=\"redazione\" \/>\n\t<meta name=\"twitter:label2\" content=\"Dur\u00e9e de lecture estim\u00e9e\" \/>\n\t<meta name=\"twitter:data2\" content=\"3 minutes\" \/>\n<script type=\"application\/ld+json\" class=\"yoast-schema-graph\">{\"@context\":\"https:\\\/\\\/schema.org\",\"@graph\":[{\"@type\":\"Article\",\"@id\":\"https:\\\/\\\/www.bellunopress.it\\\/2022\\\/09\\\/26\\\/federica-lotti-flauto-e-massimo-somenzi-pianoforte-venerdi-alle-2030-al-liceo-lollino-di-belluno\\\/#article\",\"isPartOf\":{\"@id\":\"https:\\\/\\\/www.bellunopress.it\\\/2022\\\/09\\\/26\\\/federica-lotti-flauto-e-massimo-somenzi-pianoforte-venerdi-alle-2030-al-liceo-lollino-di-belluno\\\/\"},\"author\":{\"name\":\"redazione\",\"@id\":\"https:\\\/\\\/www.bellunopress.it\\\/#\\\/schema\\\/person\\\/79bb06722b37ece1c03d3e94beb30d73\"},\"headline\":\"Federica Lotti (flauto) e Massimo Somenzi (pianoforte) venerd\u00ec alle 20:30 al Liceo Lollino di Belluno\",\"datePublished\":\"2022-09-26T13:23:27+00:00\",\"mainEntityOfPage\":{\"@id\":\"https:\\\/\\\/www.bellunopress.it\\\/2022\\\/09\\\/26\\\/federica-lotti-flauto-e-massimo-somenzi-pianoforte-venerdi-alle-2030-al-liceo-lollino-di-belluno\\\/\"},\"wordCount\":396,\"publisher\":{\"@id\":\"https:\\\/\\\/www.bellunopress.it\\\/#organization\"},\"image\":{\"@id\":\"https:\\\/\\\/www.bellunopress.it\\\/2022\\\/09\\\/26\\\/federica-lotti-flauto-e-massimo-somenzi-pianoforte-venerdi-alle-2030-al-liceo-lollino-di-belluno\\\/#primaryimage\"},\"thumbnailUrl\":\"https:\\\/\\\/www.bellunopress.it\\\/wp-content\\\/uploads\\\/2022\\\/09\\\/Federica-Lotti_edited.jpg\",\"articleSection\":[\"Appuntamenti, Eventi\",\"Arte, Cultura, Spettacoli, Scienza\",\"Pausa Caff\u00e8\"],\"inLanguage\":\"fr-FR\"},{\"@type\":\"WebPage\",\"@id\":\"https:\\\/\\\/www.bellunopress.it\\\/2022\\\/09\\\/26\\\/federica-lotti-flauto-e-massimo-somenzi-pianoforte-venerdi-alle-2030-al-liceo-lollino-di-belluno\\\/\",\"url\":\"https:\\\/\\\/www.bellunopress.it\\\/2022\\\/09\\\/26\\\/federica-lotti-flauto-e-massimo-somenzi-pianoforte-venerdi-alle-2030-al-liceo-lollino-di-belluno\\\/\",\"name\":\"Federica Lotti (flauto) e Massimo Somenzi (pianoforte) venerd\u00ec alle 20:30 al Liceo Lollino di Belluno - Bellunopress - Dolomiti\",\"isPartOf\":{\"@id\":\"https:\\\/\\\/www.bellunopress.it\\\/#website\"},\"primaryImageOfPage\":{\"@id\":\"https:\\\/\\\/www.bellunopress.it\\\/2022\\\/09\\\/26\\\/federica-lotti-flauto-e-massimo-somenzi-pianoforte-venerdi-alle-2030-al-liceo-lollino-di-belluno\\\/#primaryimage\"},\"image\":{\"@id\":\"https:\\\/\\\/www.bellunopress.it\\\/2022\\\/09\\\/26\\\/federica-lotti-flauto-e-massimo-somenzi-pianoforte-venerdi-alle-2030-al-liceo-lollino-di-belluno\\\/#primaryimage\"},\"thumbnailUrl\":\"https:\\\/\\\/www.bellunopress.it\\\/wp-content\\\/uploads\\\/2022\\\/09\\\/Federica-Lotti_edited.jpg\",\"datePublished\":\"2022-09-26T13:23:27+00:00\",\"breadcrumb\":{\"@id\":\"https:\\\/\\\/www.bellunopress.it\\\/2022\\\/09\\\/26\\\/federica-lotti-flauto-e-massimo-somenzi-pianoforte-venerdi-alle-2030-al-liceo-lollino-di-belluno\\\/#breadcrumb\"},\"inLanguage\":\"fr-FR\",\"potentialAction\":[{\"@type\":\"ReadAction\",\"target\":[\"https:\\\/\\\/www.bellunopress.it\\\/2022\\\/09\\\/26\\\/federica-lotti-flauto-e-massimo-somenzi-pianoforte-venerdi-alle-2030-al-liceo-lollino-di-belluno\\\/\"]}]},{\"@type\":\"ImageObject\",\"inLanguage\":\"fr-FR\",\"@id\":\"https:\\\/\\\/www.bellunopress.it\\\/2022\\\/09\\\/26\\\/federica-lotti-flauto-e-massimo-somenzi-pianoforte-venerdi-alle-2030-al-liceo-lollino-di-belluno\\\/#primaryimage\",\"url\":\"https:\\\/\\\/www.bellunopress.it\\\/wp-content\\\/uploads\\\/2022\\\/09\\\/Federica-Lotti_edited.jpg\",\"contentUrl\":\"https:\\\/\\\/www.bellunopress.it\\\/wp-content\\\/uploads\\\/2022\\\/09\\\/Federica-Lotti_edited.jpg\",\"width\":500,\"height\":436,\"caption\":\"Federica Lotti\"},{\"@type\":\"BreadcrumbList\",\"@id\":\"https:\\\/\\\/www.bellunopress.it\\\/2022\\\/09\\\/26\\\/federica-lotti-flauto-e-massimo-somenzi-pianoforte-venerdi-alle-2030-al-liceo-lollino-di-belluno\\\/#breadcrumb\",\"itemListElement\":[{\"@type\":\"ListItem\",\"position\":1,\"name\":\"Home\",\"item\":\"https:\\\/\\\/www.bellunopress.it\\\/\"},{\"@type\":\"ListItem\",\"position\":2,\"name\":\"Federica Lotti (flauto) e Massimo Somenzi (pianoforte) venerd\u00ec alle 20:30 al Liceo Lollino di Belluno\"}]},{\"@type\":\"WebSite\",\"@id\":\"https:\\\/\\\/www.bellunopress.it\\\/#website\",\"url\":\"https:\\\/\\\/www.bellunopress.it\\\/\",\"name\":\"Bellunopress - Dolomiti\",\"description\":\"e-mail: redazione@bellunopress.it\",\"publisher\":{\"@id\":\"https:\\\/\\\/www.bellunopress.it\\\/#organization\"},\"potentialAction\":[{\"@type\":\"SearchAction\",\"target\":{\"@type\":\"EntryPoint\",\"urlTemplate\":\"https:\\\/\\\/www.bellunopress.it\\\/?s={search_term_string}\"},\"query-input\":{\"@type\":\"PropertyValueSpecification\",\"valueRequired\":true,\"valueName\":\"search_term_string\"}}],\"inLanguage\":\"fr-FR\"},{\"@type\":\"Organization\",\"@id\":\"https:\\\/\\\/www.bellunopress.it\\\/#organization\",\"name\":\"Bellunopress\",\"url\":\"https:\\\/\\\/www.bellunopress.it\\\/\",\"logo\":{\"@type\":\"ImageObject\",\"inLanguage\":\"fr-FR\",\"@id\":\"https:\\\/\\\/www.bellunopress.it\\\/#\\\/schema\\\/logo\\\/image\\\/\",\"url\":\"https:\\\/\\\/www.bellunopress.it\\\/wp-content\\\/uploads\\\/2011\\\/05\\\/cropped-logo-bellunopress-.jpg\",\"contentUrl\":\"https:\\\/\\\/www.bellunopress.it\\\/wp-content\\\/uploads\\\/2011\\\/05\\\/cropped-logo-bellunopress-.jpg\",\"width\":512,\"height\":512,\"caption\":\"Bellunopress\"},\"image\":{\"@id\":\"https:\\\/\\\/www.bellunopress.it\\\/#\\\/schema\\\/logo\\\/image\\\/\"},\"sameAs\":[\"https:\\\/\\\/www.facebook.com\\\/profile.php?id=100008943462799\",\"https:\\\/\\\/x.com\\\/bellunopress\",\"https:\\\/\\\/www.linkedin.com\\\/hp\\\/?dnr=JBzUWaJfMUw8vbXJJ2tVW5-I3jZKvC4wsoxE&amp;amp;amp;amp;amp;amp;trk=nav_responsive_tab_home\",\"https:\\\/\\\/www.youtube.com\\\/channel\\\/UCxL0wu1uN0_3_7hGG0306cw\"]},{\"@type\":\"Person\",\"@id\":\"https:\\\/\\\/www.bellunopress.it\\\/#\\\/schema\\\/person\\\/79bb06722b37ece1c03d3e94beb30d73\",\"name\":\"redazione\",\"image\":{\"@type\":\"ImageObject\",\"inLanguage\":\"fr-FR\",\"@id\":\"https:\\\/\\\/secure.gravatar.com\\\/avatar\\\/37d968a2e67a6fd04c169c4bdef102d0bc5d31b2546345219e348575eb80e9a0?s=96&d=mm&r=g\",\"url\":\"https:\\\/\\\/secure.gravatar.com\\\/avatar\\\/37d968a2e67a6fd04c169c4bdef102d0bc5d31b2546345219e348575eb80e9a0?s=96&d=mm&r=g\",\"contentUrl\":\"https:\\\/\\\/secure.gravatar.com\\\/avatar\\\/37d968a2e67a6fd04c169c4bdef102d0bc5d31b2546345219e348575eb80e9a0?s=96&d=mm&r=g\",\"caption\":\"redazione\"},\"sameAs\":[\"http:\\\/\\\/www.bellunopress.it\",\"https:\\\/\\\/x.com\\\/bellunopress\"],\"url\":\"https:\\\/\\\/www.bellunopress.it\\\/fr\\\/author\\\/redazione\\\/\"}]}<\/script>\n<!-- \/ Yoast SEO plugin. -->","yoast_head_json":{"title":"Federica Lotti (flauto) e Massimo Somenzi (pianoforte) venerd\u00ec alle 20:30 al Liceo Lollino di Belluno - Bellunopress - Dolomiti","robots":{"index":"index","follow":"follow","max-snippet":"max-snippet:-1","max-image-preview":"max-image-preview:large","max-video-preview":"max-video-preview:-1"},"canonical":"https:\/\/www.bellunopress.it\/fr\/2022\/09\/26\/federica-lotti-flauto-e-massimo-somenzi-pianoforte-venerdi-alle-2030-al-liceo-lollino-di-belluno\/","og_locale":"fr_FR","og_type":"article","og_title":"Federica Lotti (flauto) e Massimo Somenzi (pianoforte) venerd\u00ec alle 20:30 al Liceo Lollino di Belluno - Bellunopress - Dolomiti","og_description":"Al via la seconda parte della 69ma Stagione 2022 del Circolo Culturale Bellunese, sulle note del flauto di Federica Lotti, accompagnata al pianoforte da Massimo Somenzi. Il concerto si tiene nell&#8217;Auditorium del liceo Lollino di Belluno, venerd\u00ec 30 settembre, alle ore 20:30. La serata sar\u00e0 introdotta da un tradizionale Benvenuto in Musica degli alunni della [&hellip;]","og_url":"https:\/\/www.bellunopress.it\/fr\/2022\/09\/26\/federica-lotti-flauto-e-massimo-somenzi-pianoforte-venerdi-alle-2030-al-liceo-lollino-di-belluno\/","og_site_name":"Bellunopress - Dolomiti","article_publisher":"https:\/\/www.facebook.com\/profile.php?id=100008943462799","article_published_time":"2022-09-26T13:23:27+00:00","og_image":[{"width":500,"height":436,"url":"https:\/\/www.bellunopress.it\/wp-content\/uploads\/2022\/09\/Federica-Lotti_edited.jpg","type":"image\/jpeg"}],"author":"redazione","twitter_card":"summary_large_image","twitter_creator":"@bellunopress","twitter_site":"@bellunopress","twitter_misc":{"\u00c9crit par":"redazione","Dur\u00e9e de lecture estim\u00e9e":"3 minutes"},"schema":{"@context":"https:\/\/schema.org","@graph":[{"@type":"Article","@id":"https:\/\/www.bellunopress.it\/2022\/09\/26\/federica-lotti-flauto-e-massimo-somenzi-pianoforte-venerdi-alle-2030-al-liceo-lollino-di-belluno\/#article","isPartOf":{"@id":"https:\/\/www.bellunopress.it\/2022\/09\/26\/federica-lotti-flauto-e-massimo-somenzi-pianoforte-venerdi-alle-2030-al-liceo-lollino-di-belluno\/"},"author":{"name":"redazione","@id":"https:\/\/www.bellunopress.it\/#\/schema\/person\/79bb06722b37ece1c03d3e94beb30d73"},"headline":"Federica Lotti (flauto) e Massimo Somenzi (pianoforte) venerd\u00ec alle 20:30 al Liceo Lollino di Belluno","datePublished":"2022-09-26T13:23:27+00:00","mainEntityOfPage":{"@id":"https:\/\/www.bellunopress.it\/2022\/09\/26\/federica-lotti-flauto-e-massimo-somenzi-pianoforte-venerdi-alle-2030-al-liceo-lollino-di-belluno\/"},"wordCount":396,"publisher":{"@id":"https:\/\/www.bellunopress.it\/#organization"},"image":{"@id":"https:\/\/www.bellunopress.it\/2022\/09\/26\/federica-lotti-flauto-e-massimo-somenzi-pianoforte-venerdi-alle-2030-al-liceo-lollino-di-belluno\/#primaryimage"},"thumbnailUrl":"https:\/\/www.bellunopress.it\/wp-content\/uploads\/2022\/09\/Federica-Lotti_edited.jpg","articleSection":["Appuntamenti, Eventi","Arte, Cultura, Spettacoli, Scienza","Pausa Caff\u00e8"],"inLanguage":"fr-FR"},{"@type":"WebPage","@id":"https:\/\/www.bellunopress.it\/2022\/09\/26\/federica-lotti-flauto-e-massimo-somenzi-pianoforte-venerdi-alle-2030-al-liceo-lollino-di-belluno\/","url":"https:\/\/www.bellunopress.it\/2022\/09\/26\/federica-lotti-flauto-e-massimo-somenzi-pianoforte-venerdi-alle-2030-al-liceo-lollino-di-belluno\/","name":"Federica Lotti (flauto) e Massimo Somenzi (pianoforte) venerd\u00ec alle 20:30 al Liceo Lollino di Belluno - Bellunopress - Dolomiti","isPartOf":{"@id":"https:\/\/www.bellunopress.it\/#website"},"primaryImageOfPage":{"@id":"https:\/\/www.bellunopress.it\/2022\/09\/26\/federica-lotti-flauto-e-massimo-somenzi-pianoforte-venerdi-alle-2030-al-liceo-lollino-di-belluno\/#primaryimage"},"image":{"@id":"https:\/\/www.bellunopress.it\/2022\/09\/26\/federica-lotti-flauto-e-massimo-somenzi-pianoforte-venerdi-alle-2030-al-liceo-lollino-di-belluno\/#primaryimage"},"thumbnailUrl":"https:\/\/www.bellunopress.it\/wp-content\/uploads\/2022\/09\/Federica-Lotti_edited.jpg","datePublished":"2022-09-26T13:23:27+00:00","breadcrumb":{"@id":"https:\/\/www.bellunopress.it\/2022\/09\/26\/federica-lotti-flauto-e-massimo-somenzi-pianoforte-venerdi-alle-2030-al-liceo-lollino-di-belluno\/#breadcrumb"},"inLanguage":"fr-FR","potentialAction":[{"@type":"ReadAction","target":["https:\/\/www.bellunopress.it\/2022\/09\/26\/federica-lotti-flauto-e-massimo-somenzi-pianoforte-venerdi-alle-2030-al-liceo-lollino-di-belluno\/"]}]},{"@type":"ImageObject","inLanguage":"fr-FR","@id":"https:\/\/www.bellunopress.it\/2022\/09\/26\/federica-lotti-flauto-e-massimo-somenzi-pianoforte-venerdi-alle-2030-al-liceo-lollino-di-belluno\/#primaryimage","url":"https:\/\/www.bellunopress.it\/wp-content\/uploads\/2022\/09\/Federica-Lotti_edited.jpg","contentUrl":"https:\/\/www.bellunopress.it\/wp-content\/uploads\/2022\/09\/Federica-Lotti_edited.jpg","width":500,"height":436,"caption":"Federica Lotti"},{"@type":"BreadcrumbList","@id":"https:\/\/www.bellunopress.it\/2022\/09\/26\/federica-lotti-flauto-e-massimo-somenzi-pianoforte-venerdi-alle-2030-al-liceo-lollino-di-belluno\/#breadcrumb","itemListElement":[{"@type":"ListItem","position":1,"name":"Home","item":"https:\/\/www.bellunopress.it\/"},{"@type":"ListItem","position":2,"name":"Federica Lotti (flauto) e Massimo Somenzi (pianoforte) venerd\u00ec alle 20:30 al Liceo Lollino di Belluno"}]},{"@type":"WebSite","@id":"https:\/\/www.bellunopress.it\/#website","url":"https:\/\/www.bellunopress.it\/","name":"Bellunopress - Dolomiti","description":"e-mail: redazione@bellunopress.it","publisher":{"@id":"https:\/\/www.bellunopress.it\/#organization"},"potentialAction":[{"@type":"SearchAction","target":{"@type":"EntryPoint","urlTemplate":"https:\/\/www.bellunopress.it\/?s={search_term_string}"},"query-input":{"@type":"PropertyValueSpecification","valueRequired":true,"valueName":"search_term_string"}}],"inLanguage":"fr-FR"},{"@type":"Organization","@id":"https:\/\/www.bellunopress.it\/#organization","name":"Bellunopress","url":"https:\/\/www.bellunopress.it\/","logo":{"@type":"ImageObject","inLanguage":"fr-FR","@id":"https:\/\/www.bellunopress.it\/#\/schema\/logo\/image\/","url":"https:\/\/www.bellunopress.it\/wp-content\/uploads\/2011\/05\/cropped-logo-bellunopress-.jpg","contentUrl":"https:\/\/www.bellunopress.it\/wp-content\/uploads\/2011\/05\/cropped-logo-bellunopress-.jpg","width":512,"height":512,"caption":"Bellunopress"},"image":{"@id":"https:\/\/www.bellunopress.it\/#\/schema\/logo\/image\/"},"sameAs":["https:\/\/www.facebook.com\/profile.php?id=100008943462799","https:\/\/x.com\/bellunopress","https:\/\/www.linkedin.com\/hp\/?dnr=JBzUWaJfMUw8vbXJJ2tVW5-I3jZKvC4wsoxE&amp;amp;amp;amp;amp;amp;trk=nav_responsive_tab_home","https:\/\/www.youtube.com\/channel\/UCxL0wu1uN0_3_7hGG0306cw"]},{"@type":"Person","@id":"https:\/\/www.bellunopress.it\/#\/schema\/person\/79bb06722b37ece1c03d3e94beb30d73","name":"r\u00e9daction","image":{"@type":"ImageObject","inLanguage":"fr-FR","@id":"https:\/\/secure.gravatar.com\/avatar\/37d968a2e67a6fd04c169c4bdef102d0bc5d31b2546345219e348575eb80e9a0?s=96&d=mm&r=g","url":"https:\/\/secure.gravatar.com\/avatar\/37d968a2e67a6fd04c169c4bdef102d0bc5d31b2546345219e348575eb80e9a0?s=96&d=mm&r=g","contentUrl":"https:\/\/secure.gravatar.com\/avatar\/37d968a2e67a6fd04c169c4bdef102d0bc5d31b2546345219e348575eb80e9a0?s=96&d=mm&r=g","caption":"redazione"},"sameAs":["http:\/\/www.bellunopress.it","https:\/\/x.com\/bellunopress"],"url":"https:\/\/www.bellunopress.it\/fr\/author\/redazione\/"}]}},"_links":{"self":[{"href":"https:\/\/www.bellunopress.it\/fr\/wp-json\/wp\/v2\/posts\/136618","targetHints":{"allow":["GET"]}}],"collection":[{"href":"https:\/\/www.bellunopress.it\/fr\/wp-json\/wp\/v2\/posts"}],"about":[{"href":"https:\/\/www.bellunopress.it\/fr\/wp-json\/wp\/v2\/types\/post"}],"author":[{"embeddable":true,"href":"https:\/\/www.bellunopress.it\/fr\/wp-json\/wp\/v2\/users\/2"}],"replies":[{"embeddable":true,"href":"https:\/\/www.bellunopress.it\/fr\/wp-json\/wp\/v2\/comments?post=136618"}],"version-history":[{"count":1,"href":"https:\/\/www.bellunopress.it\/fr\/wp-json\/wp\/v2\/posts\/136618\/revisions"}],"predecessor-version":[{"id":136621,"href":"https:\/\/www.bellunopress.it\/fr\/wp-json\/wp\/v2\/posts\/136618\/revisions\/136621"}],"wp:featuredmedia":[{"embeddable":true,"href":"https:\/\/www.bellunopress.it\/fr\/wp-json\/wp\/v2\/media\/136619"}],"wp:attachment":[{"href":"https:\/\/www.bellunopress.it\/fr\/wp-json\/wp\/v2\/media?parent=136618"}],"wp:term":[{"taxonomy":"category","embeddable":true,"href":"https:\/\/www.bellunopress.it\/fr\/wp-json\/wp\/v2\/categories?post=136618"},{"taxonomy":"post_tag","embeddable":true,"href":"https:\/\/www.bellunopress.it\/fr\/wp-json\/wp\/v2\/tags?post=136618"}],"curies":[{"name":"wp","href":"https:\/\/api.w.org\/{rel}","templated":true}]}}