{"id":136615,"date":"2022-09-26T14:46:47","date_gmt":"2022-09-26T12:46:47","guid":{"rendered":"https:\/\/www.bellunopress.it\/?p=136615"},"modified":"2022-09-26T14:46:47","modified_gmt":"2022-09-26T12:46:47","slug":"nuova-pista-di-atletica-al-polisportivo-di-belluno","status":"publish","type":"post","link":"https:\/\/www.bellunopress.it\/fr\/2022\/09\/26\/nuova-pista-di-atletica-al-polisportivo-di-belluno\/","title":{"rendered":"Nuova pista di atletica al Polisportivo di Belluno"},"content":{"rendered":"<figure id=\"attachment_136616\" aria-describedby=\"caption-attachment-136616\" style=\"width: 1000px\" class=\"wp-caption alignleft\"><img loading=\"lazy\" decoding=\"async\" class=\"size-full wp-image-136616\" src=\"https:\/\/www.bellunopress.it\/wp-content\/uploads\/2022\/09\/Pista-atletica-lavori-Stadio-Baldenich.jpg\" alt=\"\" width=\"1000\" height=\"462\" srcset=\"https:\/\/www.bellunopress.it\/wp-content\/uploads\/2022\/09\/Pista-atletica-lavori-Stadio-Baldenich.jpg 1000w, https:\/\/www.bellunopress.it\/wp-content\/uploads\/2022\/09\/Pista-atletica-lavori-Stadio-Baldenich-500x231.jpg 500w, https:\/\/www.bellunopress.it\/wp-content\/uploads\/2022\/09\/Pista-atletica-lavori-Stadio-Baldenich-696x322.jpg 696w, https:\/\/www.bellunopress.it\/wp-content\/uploads\/2022\/09\/Pista-atletica-lavori-Stadio-Baldenich-909x420.jpg 909w\" sizes=\"auto, (max-width: 1000px) 100vw, 1000px\" \/><figcaption id=\"caption-attachment-136616\" class=\"wp-caption-text\">Lavori alla pista di atletica al polisportivo di Baldenich, Belluno<\/figcaption><\/figure>\n<p>Sono a buon punto i lavori al Polisportivo di Belluno: entro la settimana sar\u00e0 terminata la posa della nuova pista di atletica. Il progetto, affidato alla ditta Tagliapietra Srl di Basiliano (Udine) per 480 mila euro, ha subito ritardi a causa della difficolt\u00e0 nel reperire il materiale del fondo della pista, il tartan, ma da qualche settimana il cantiere \u00e8 ripreso di gran lena tanto che la consegna lavori \u00e8 prevista tra pochi giorni. L\u2019intervento, atteso da anni dalle societ\u00e0 sportive che utilizzano l\u2019impianto, \u00e8 solo la prima parte di un pi\u00f9 ampio disegno di restyling dell\u2019area.<\/p>\n<p>\u201cEntro 2 o 3 anni potremo contare su un Polisportivo degno di un capoluogo \u2013 dichiara l\u2019assessore ai lavori pubblici, Franco Roccon -. Abbiamo ereditato questo progetto dalla passata amministrazione, ci abbiamo sempre creduto fin da quando sedevamo nelle fila della minoranza\u201d.<\/p>\n<p>Il rinnovo della pista di atletica coster\u00e0 al Comune complessivamente 735 mila euro derivanti dall\u2019avanzo di amministrazione, di cui 480 mila di lavori, e permetter\u00e0 di adeguarla agli standard Fidal, per poter tornare ad ospitare, per esempio, le competizioni nazionali ufficiali.<\/p>\n<p>\u201cLa difficolt\u00e0 legata al momento nel reperire i materiali ha imposto una proroga alla consegna dei lavori \u2013 spiega Roccon -, le ditte stanno facendo il possibile per rispettare i tempi. In questi giorni \u00e8 in corso la posa del tartan azzurro, poi mancher\u00e0 solo il tracciamento delle righe gialle a terra. Con questo primo intervento si va a migliorare la funzionalit\u00e0 della struttura per tutte le societ\u00e0 dell\u2019atletica leggera, dalla corsa al salto in alto e in lungo fino al lancio del giavellotto \u2013 prosegue l\u2019assessore -, con i prossimi miglioreremo il servizio per il settore del calcio e per tutti gli altri sport che gravitano attorno al Polisportivo\u201d.<\/p>\n<p>La seconda parte del progetto, infatti, prevede il rifacimento completo delle tribune per portare la capienza complessiva dagli attuali 250 posti a 600, oltre alla ristrutturazione della zona accoglienza ovvero spogliatoi e servizi. L\u2019intervento, ampio, si trova all\u2019interno del piano di rigenerazione 2 e vale, da solo, 4 milioni di euro.<\/p>","protected":false},"excerpt":{"rendered":"<p>Sono a buon punto i lavori al Polisportivo di Belluno: entro la settimana sar\u00e0 terminata la posa della nuova pista di atletica. Il progetto, affidato alla ditta Tagliapietra Srl di Basiliano (Udine) per 480 mila euro, ha subito ritardi a causa della difficolt\u00e0 nel reperire il materiale del fondo della pista, il tartan, ma da [&hellip;]<\/p>\n","protected":false},"author":2,"featured_media":136616,"comment_status":"closed","ping_status":"open","sticky":false,"template":"","format":"standard","meta":{"footnotes":""},"categories":[26,4],"tags":[],"class_list":["post-136615","post","type-post","status-publish","format-standard","has-post-thumbnail","category-prima-pagina","category-sport"],"yoast_head":"<!-- This site is optimized with the Yoast SEO plugin v28.4 - https:\/\/yoast.com\/product\/yoast-seo-wordpress\/ -->\n<title>Nuova pista di atletica al Polisportivo di Belluno - Bellunopress - Dolomiti<\/title>\n<meta name=\"robots\" content=\"index, follow, max-snippet:-1, max-image-preview:large, max-video-preview:-1\" \/>\n<link rel=\"canonical\" href=\"https:\/\/www.bellunopress.it\/fr\/2022\/09\/26\/nuova-pista-di-atletica-al-polisportivo-di-belluno\/\" \/>\n<meta property=\"og:locale\" content=\"fr_FR\" \/>\n<meta property=\"og:type\" content=\"article\" \/>\n<meta property=\"og:title\" content=\"Nuova pista di atletica al Polisportivo di Belluno - Bellunopress - Dolomiti\" \/>\n<meta property=\"og:description\" content=\"Sono a buon punto i lavori al Polisportivo di Belluno: entro la settimana sar\u00e0 terminata la posa della nuova pista di atletica. Il progetto, affidato alla ditta Tagliapietra Srl di Basiliano (Udine) per 480 mila euro, ha subito ritardi a causa della difficolt\u00e0 nel reperire il materiale del fondo della pista, il tartan, ma da [&hellip;]\" \/>\n<meta property=\"og:url\" content=\"https:\/\/www.bellunopress.it\/fr\/2022\/09\/26\/nuova-pista-di-atletica-al-polisportivo-di-belluno\/\" \/>\n<meta property=\"og:site_name\" content=\"Bellunopress - Dolomiti\" \/>\n<meta property=\"article:publisher\" content=\"https:\/\/www.facebook.com\/profile.php?id=100008943462799\" \/>\n<meta property=\"article:published_time\" content=\"2022-09-26T12:46:47+00:00\" \/>\n<meta property=\"og:image\" content=\"https:\/\/www.bellunopress.it\/wp-content\/uploads\/2022\/09\/Pista-atletica-lavori-Stadio-Baldenich.jpg\" \/>\n\t<meta property=\"og:image:width\" content=\"1000\" \/>\n\t<meta property=\"og:image:height\" content=\"462\" \/>\n\t<meta property=\"og:image:type\" content=\"image\/jpeg\" \/>\n<meta name=\"author\" content=\"redazione\" \/>\n<meta name=\"twitter:card\" content=\"summary_large_image\" \/>\n<meta name=\"twitter:creator\" content=\"@bellunopress\" \/>\n<meta name=\"twitter:site\" content=\"@bellunopress\" \/>\n<meta name=\"twitter:label1\" content=\"\u00c9crit par\" \/>\n\t<meta name=\"twitter:data1\" content=\"redazione\" \/>\n\t<meta name=\"twitter:label2\" content=\"Dur\u00e9e de lecture estim\u00e9e\" \/>\n\t<meta name=\"twitter:data2\" content=\"3 minutes\" \/>\n<script type=\"application\/ld+json\" class=\"yoast-schema-graph\">{\"@context\":\"https:\\\/\\\/schema.org\",\"@graph\":[{\"@type\":\"Article\",\"@id\":\"https:\\\/\\\/www.bellunopress.it\\\/2022\\\/09\\\/26\\\/nuova-pista-di-atletica-al-polisportivo-di-belluno\\\/#article\",\"isPartOf\":{\"@id\":\"https:\\\/\\\/www.bellunopress.it\\\/2022\\\/09\\\/26\\\/nuova-pista-di-atletica-al-polisportivo-di-belluno\\\/\"},\"author\":{\"name\":\"redazione\",\"@id\":\"https:\\\/\\\/www.bellunopress.it\\\/#\\\/schema\\\/person\\\/79bb06722b37ece1c03d3e94beb30d73\"},\"headline\":\"Nuova pista di atletica al Polisportivo di Belluno\",\"datePublished\":\"2022-09-26T12:46:47+00:00\",\"mainEntityOfPage\":{\"@id\":\"https:\\\/\\\/www.bellunopress.it\\\/2022\\\/09\\\/26\\\/nuova-pista-di-atletica-al-polisportivo-di-belluno\\\/\"},\"wordCount\":359,\"publisher\":{\"@id\":\"https:\\\/\\\/www.bellunopress.it\\\/#organization\"},\"image\":{\"@id\":\"https:\\\/\\\/www.bellunopress.it\\\/2022\\\/09\\\/26\\\/nuova-pista-di-atletica-al-polisportivo-di-belluno\\\/#primaryimage\"},\"thumbnailUrl\":\"https:\\\/\\\/www.bellunopress.it\\\/wp-content\\\/uploads\\\/2022\\\/09\\\/Pista-atletica-lavori-Stadio-Baldenich.jpg\",\"articleSection\":[\"Prima Pagina\",\"Sport, tempo libero\"],\"inLanguage\":\"fr-FR\"},{\"@type\":\"WebPage\",\"@id\":\"https:\\\/\\\/www.bellunopress.it\\\/2022\\\/09\\\/26\\\/nuova-pista-di-atletica-al-polisportivo-di-belluno\\\/\",\"url\":\"https:\\\/\\\/www.bellunopress.it\\\/2022\\\/09\\\/26\\\/nuova-pista-di-atletica-al-polisportivo-di-belluno\\\/\",\"name\":\"Nuova pista di atletica al Polisportivo di Belluno - Bellunopress - Dolomiti\",\"isPartOf\":{\"@id\":\"https:\\\/\\\/www.bellunopress.it\\\/#website\"},\"primaryImageOfPage\":{\"@id\":\"https:\\\/\\\/www.bellunopress.it\\\/2022\\\/09\\\/26\\\/nuova-pista-di-atletica-al-polisportivo-di-belluno\\\/#primaryimage\"},\"image\":{\"@id\":\"https:\\\/\\\/www.bellunopress.it\\\/2022\\\/09\\\/26\\\/nuova-pista-di-atletica-al-polisportivo-di-belluno\\\/#primaryimage\"},\"thumbnailUrl\":\"https:\\\/\\\/www.bellunopress.it\\\/wp-content\\\/uploads\\\/2022\\\/09\\\/Pista-atletica-lavori-Stadio-Baldenich.jpg\",\"datePublished\":\"2022-09-26T12:46:47+00:00\",\"breadcrumb\":{\"@id\":\"https:\\\/\\\/www.bellunopress.it\\\/2022\\\/09\\\/26\\\/nuova-pista-di-atletica-al-polisportivo-di-belluno\\\/#breadcrumb\"},\"inLanguage\":\"fr-FR\",\"potentialAction\":[{\"@type\":\"ReadAction\",\"target\":[\"https:\\\/\\\/www.bellunopress.it\\\/2022\\\/09\\\/26\\\/nuova-pista-di-atletica-al-polisportivo-di-belluno\\\/\"]}]},{\"@type\":\"ImageObject\",\"inLanguage\":\"fr-FR\",\"@id\":\"https:\\\/\\\/www.bellunopress.it\\\/2022\\\/09\\\/26\\\/nuova-pista-di-atletica-al-polisportivo-di-belluno\\\/#primaryimage\",\"url\":\"https:\\\/\\\/www.bellunopress.it\\\/wp-content\\\/uploads\\\/2022\\\/09\\\/Pista-atletica-lavori-Stadio-Baldenich.jpg\",\"contentUrl\":\"https:\\\/\\\/www.bellunopress.it\\\/wp-content\\\/uploads\\\/2022\\\/09\\\/Pista-atletica-lavori-Stadio-Baldenich.jpg\",\"width\":1000,\"height\":462,\"caption\":\"Lavori alla pista di atletica al polisportivo di Baldenich, Belluno\"},{\"@type\":\"BreadcrumbList\",\"@id\":\"https:\\\/\\\/www.bellunopress.it\\\/2022\\\/09\\\/26\\\/nuova-pista-di-atletica-al-polisportivo-di-belluno\\\/#breadcrumb\",\"itemListElement\":[{\"@type\":\"ListItem\",\"position\":1,\"name\":\"Home\",\"item\":\"https:\\\/\\\/www.bellunopress.it\\\/\"},{\"@type\":\"ListItem\",\"position\":2,\"name\":\"Nuova pista di atletica al Polisportivo di Belluno\"}]},{\"@type\":\"WebSite\",\"@id\":\"https:\\\/\\\/www.bellunopress.it\\\/#website\",\"url\":\"https:\\\/\\\/www.bellunopress.it\\\/\",\"name\":\"Bellunopress - Dolomiti\",\"description\":\"e-mail: redazione@bellunopress.it\",\"publisher\":{\"@id\":\"https:\\\/\\\/www.bellunopress.it\\\/#organization\"},\"potentialAction\":[{\"@type\":\"SearchAction\",\"target\":{\"@type\":\"EntryPoint\",\"urlTemplate\":\"https:\\\/\\\/www.bellunopress.it\\\/?s={search_term_string}\"},\"query-input\":{\"@type\":\"PropertyValueSpecification\",\"valueRequired\":true,\"valueName\":\"search_term_string\"}}],\"inLanguage\":\"fr-FR\"},{\"@type\":\"Organization\",\"@id\":\"https:\\\/\\\/www.bellunopress.it\\\/#organization\",\"name\":\"Bellunopress\",\"url\":\"https:\\\/\\\/www.bellunopress.it\\\/\",\"logo\":{\"@type\":\"ImageObject\",\"inLanguage\":\"fr-FR\",\"@id\":\"https:\\\/\\\/www.bellunopress.it\\\/#\\\/schema\\\/logo\\\/image\\\/\",\"url\":\"https:\\\/\\\/www.bellunopress.it\\\/wp-content\\\/uploads\\\/2011\\\/05\\\/cropped-logo-bellunopress-.jpg\",\"contentUrl\":\"https:\\\/\\\/www.bellunopress.it\\\/wp-content\\\/uploads\\\/2011\\\/05\\\/cropped-logo-bellunopress-.jpg\",\"width\":512,\"height\":512,\"caption\":\"Bellunopress\"},\"image\":{\"@id\":\"https:\\\/\\\/www.bellunopress.it\\\/#\\\/schema\\\/logo\\\/image\\\/\"},\"sameAs\":[\"https:\\\/\\\/www.facebook.com\\\/profile.php?id=100008943462799\",\"https:\\\/\\\/x.com\\\/bellunopress\",\"https:\\\/\\\/www.linkedin.com\\\/hp\\\/?dnr=JBzUWaJfMUw8vbXJJ2tVW5-I3jZKvC4wsoxE&amp;amp;amp;amp;amp;amp;trk=nav_responsive_tab_home\",\"https:\\\/\\\/www.youtube.com\\\/channel\\\/UCxL0wu1uN0_3_7hGG0306cw\"]},{\"@type\":\"Person\",\"@id\":\"https:\\\/\\\/www.bellunopress.it\\\/#\\\/schema\\\/person\\\/79bb06722b37ece1c03d3e94beb30d73\",\"name\":\"redazione\",\"image\":{\"@type\":\"ImageObject\",\"inLanguage\":\"fr-FR\",\"@id\":\"https:\\\/\\\/secure.gravatar.com\\\/avatar\\\/37d968a2e67a6fd04c169c4bdef102d0bc5d31b2546345219e348575eb80e9a0?s=96&d=mm&r=g\",\"url\":\"https:\\\/\\\/secure.gravatar.com\\\/avatar\\\/37d968a2e67a6fd04c169c4bdef102d0bc5d31b2546345219e348575eb80e9a0?s=96&d=mm&r=g\",\"contentUrl\":\"https:\\\/\\\/secure.gravatar.com\\\/avatar\\\/37d968a2e67a6fd04c169c4bdef102d0bc5d31b2546345219e348575eb80e9a0?s=96&d=mm&r=g\",\"caption\":\"redazione\"},\"sameAs\":[\"http:\\\/\\\/www.bellunopress.it\",\"https:\\\/\\\/x.com\\\/bellunopress\"],\"url\":\"https:\\\/\\\/www.bellunopress.it\\\/fr\\\/author\\\/redazione\\\/\"}]}<\/script>\n<!-- \/ Yoast SEO plugin. -->","yoast_head_json":{"title":"Nuova pista di atletica al Polisportivo di Belluno - Bellunopress - Dolomiti","robots":{"index":"index","follow":"follow","max-snippet":"max-snippet:-1","max-image-preview":"max-image-preview:large","max-video-preview":"max-video-preview:-1"},"canonical":"https:\/\/www.bellunopress.it\/fr\/2022\/09\/26\/nuova-pista-di-atletica-al-polisportivo-di-belluno\/","og_locale":"fr_FR","og_type":"article","og_title":"Nuova pista di atletica al Polisportivo di Belluno - Bellunopress - Dolomiti","og_description":"Sono a buon punto i lavori al Polisportivo di Belluno: entro la settimana sar\u00e0 terminata la posa della nuova pista di atletica. Il progetto, affidato alla ditta Tagliapietra Srl di Basiliano (Udine) per 480 mila euro, ha subito ritardi a causa della difficolt\u00e0 nel reperire il materiale del fondo della pista, il tartan, ma da [&hellip;]","og_url":"https:\/\/www.bellunopress.it\/fr\/2022\/09\/26\/nuova-pista-di-atletica-al-polisportivo-di-belluno\/","og_site_name":"Bellunopress - Dolomiti","article_publisher":"https:\/\/www.facebook.com\/profile.php?id=100008943462799","article_published_time":"2022-09-26T12:46:47+00:00","og_image":[{"width":1000,"height":462,"url":"https:\/\/www.bellunopress.it\/wp-content\/uploads\/2022\/09\/Pista-atletica-lavori-Stadio-Baldenich.jpg","type":"image\/jpeg"}],"author":"redazione","twitter_card":"summary_large_image","twitter_creator":"@bellunopress","twitter_site":"@bellunopress","twitter_misc":{"\u00c9crit par":"redazione","Dur\u00e9e de lecture estim\u00e9e":"3 minutes"},"schema":{"@context":"https:\/\/schema.org","@graph":[{"@type":"Article","@id":"https:\/\/www.bellunopress.it\/2022\/09\/26\/nuova-pista-di-atletica-al-polisportivo-di-belluno\/#article","isPartOf":{"@id":"https:\/\/www.bellunopress.it\/2022\/09\/26\/nuova-pista-di-atletica-al-polisportivo-di-belluno\/"},"author":{"name":"redazione","@id":"https:\/\/www.bellunopress.it\/#\/schema\/person\/79bb06722b37ece1c03d3e94beb30d73"},"headline":"Nuova pista di atletica al Polisportivo di Belluno","datePublished":"2022-09-26T12:46:47+00:00","mainEntityOfPage":{"@id":"https:\/\/www.bellunopress.it\/2022\/09\/26\/nuova-pista-di-atletica-al-polisportivo-di-belluno\/"},"wordCount":359,"publisher":{"@id":"https:\/\/www.bellunopress.it\/#organization"},"image":{"@id":"https:\/\/www.bellunopress.it\/2022\/09\/26\/nuova-pista-di-atletica-al-polisportivo-di-belluno\/#primaryimage"},"thumbnailUrl":"https:\/\/www.bellunopress.it\/wp-content\/uploads\/2022\/09\/Pista-atletica-lavori-Stadio-Baldenich.jpg","articleSection":["Prima Pagina","Sport, tempo libero"],"inLanguage":"fr-FR"},{"@type":"WebPage","@id":"https:\/\/www.bellunopress.it\/2022\/09\/26\/nuova-pista-di-atletica-al-polisportivo-di-belluno\/","url":"https:\/\/www.bellunopress.it\/2022\/09\/26\/nuova-pista-di-atletica-al-polisportivo-di-belluno\/","name":"Nuova pista di atletica al Polisportivo di Belluno - Bellunopress - Dolomiti","isPartOf":{"@id":"https:\/\/www.bellunopress.it\/#website"},"primaryImageOfPage":{"@id":"https:\/\/www.bellunopress.it\/2022\/09\/26\/nuova-pista-di-atletica-al-polisportivo-di-belluno\/#primaryimage"},"image":{"@id":"https:\/\/www.bellunopress.it\/2022\/09\/26\/nuova-pista-di-atletica-al-polisportivo-di-belluno\/#primaryimage"},"thumbnailUrl":"https:\/\/www.bellunopress.it\/wp-content\/uploads\/2022\/09\/Pista-atletica-lavori-Stadio-Baldenich.jpg","datePublished":"2022-09-26T12:46:47+00:00","breadcrumb":{"@id":"https:\/\/www.bellunopress.it\/2022\/09\/26\/nuova-pista-di-atletica-al-polisportivo-di-belluno\/#breadcrumb"},"inLanguage":"fr-FR","potentialAction":[{"@type":"ReadAction","target":["https:\/\/www.bellunopress.it\/2022\/09\/26\/nuova-pista-di-atletica-al-polisportivo-di-belluno\/"]}]},{"@type":"ImageObject","inLanguage":"fr-FR","@id":"https:\/\/www.bellunopress.it\/2022\/09\/26\/nuova-pista-di-atletica-al-polisportivo-di-belluno\/#primaryimage","url":"https:\/\/www.bellunopress.it\/wp-content\/uploads\/2022\/09\/Pista-atletica-lavori-Stadio-Baldenich.jpg","contentUrl":"https:\/\/www.bellunopress.it\/wp-content\/uploads\/2022\/09\/Pista-atletica-lavori-Stadio-Baldenich.jpg","width":1000,"height":462,"caption":"Lavori alla pista di atletica al polisportivo di Baldenich, Belluno"},{"@type":"BreadcrumbList","@id":"https:\/\/www.bellunopress.it\/2022\/09\/26\/nuova-pista-di-atletica-al-polisportivo-di-belluno\/#breadcrumb","itemListElement":[{"@type":"ListItem","position":1,"name":"Home","item":"https:\/\/www.bellunopress.it\/"},{"@type":"ListItem","position":2,"name":"Nuova pista di atletica al Polisportivo di Belluno"}]},{"@type":"WebSite","@id":"https:\/\/www.bellunopress.it\/#website","url":"https:\/\/www.bellunopress.it\/","name":"Bellunopress - Dolomiti","description":"e-mail: redazione@bellunopress.it","publisher":{"@id":"https:\/\/www.bellunopress.it\/#organization"},"potentialAction":[{"@type":"SearchAction","target":{"@type":"EntryPoint","urlTemplate":"https:\/\/www.bellunopress.it\/?s={search_term_string}"},"query-input":{"@type":"PropertyValueSpecification","valueRequired":true,"valueName":"search_term_string"}}],"inLanguage":"fr-FR"},{"@type":"Organization","@id":"https:\/\/www.bellunopress.it\/#organization","name":"Bellunopress","url":"https:\/\/www.bellunopress.it\/","logo":{"@type":"ImageObject","inLanguage":"fr-FR","@id":"https:\/\/www.bellunopress.it\/#\/schema\/logo\/image\/","url":"https:\/\/www.bellunopress.it\/wp-content\/uploads\/2011\/05\/cropped-logo-bellunopress-.jpg","contentUrl":"https:\/\/www.bellunopress.it\/wp-content\/uploads\/2011\/05\/cropped-logo-bellunopress-.jpg","width":512,"height":512,"caption":"Bellunopress"},"image":{"@id":"https:\/\/www.bellunopress.it\/#\/schema\/logo\/image\/"},"sameAs":["https:\/\/www.facebook.com\/profile.php?id=100008943462799","https:\/\/x.com\/bellunopress","https:\/\/www.linkedin.com\/hp\/?dnr=JBzUWaJfMUw8vbXJJ2tVW5-I3jZKvC4wsoxE&amp;amp;amp;amp;amp;amp;trk=nav_responsive_tab_home","https:\/\/www.youtube.com\/channel\/UCxL0wu1uN0_3_7hGG0306cw"]},{"@type":"Person","@id":"https:\/\/www.bellunopress.it\/#\/schema\/person\/79bb06722b37ece1c03d3e94beb30d73","name":"r\u00e9daction","image":{"@type":"ImageObject","inLanguage":"fr-FR","@id":"https:\/\/secure.gravatar.com\/avatar\/37d968a2e67a6fd04c169c4bdef102d0bc5d31b2546345219e348575eb80e9a0?s=96&d=mm&r=g","url":"https:\/\/secure.gravatar.com\/avatar\/37d968a2e67a6fd04c169c4bdef102d0bc5d31b2546345219e348575eb80e9a0?s=96&d=mm&r=g","contentUrl":"https:\/\/secure.gravatar.com\/avatar\/37d968a2e67a6fd04c169c4bdef102d0bc5d31b2546345219e348575eb80e9a0?s=96&d=mm&r=g","caption":"redazione"},"sameAs":["http:\/\/www.bellunopress.it","https:\/\/x.com\/bellunopress"],"url":"https:\/\/www.bellunopress.it\/fr\/author\/redazione\/"}]}},"_links":{"self":[{"href":"https:\/\/www.bellunopress.it\/fr\/wp-json\/wp\/v2\/posts\/136615","targetHints":{"allow":["GET"]}}],"collection":[{"href":"https:\/\/www.bellunopress.it\/fr\/wp-json\/wp\/v2\/posts"}],"about":[{"href":"https:\/\/www.bellunopress.it\/fr\/wp-json\/wp\/v2\/types\/post"}],"author":[{"embeddable":true,"href":"https:\/\/www.bellunopress.it\/fr\/wp-json\/wp\/v2\/users\/2"}],"replies":[{"embeddable":true,"href":"https:\/\/www.bellunopress.it\/fr\/wp-json\/wp\/v2\/comments?post=136615"}],"version-history":[{"count":1,"href":"https:\/\/www.bellunopress.it\/fr\/wp-json\/wp\/v2\/posts\/136615\/revisions"}],"predecessor-version":[{"id":136617,"href":"https:\/\/www.bellunopress.it\/fr\/wp-json\/wp\/v2\/posts\/136615\/revisions\/136617"}],"wp:featuredmedia":[{"embeddable":true,"href":"https:\/\/www.bellunopress.it\/fr\/wp-json\/wp\/v2\/media\/136616"}],"wp:attachment":[{"href":"https:\/\/www.bellunopress.it\/fr\/wp-json\/wp\/v2\/media?parent=136615"}],"wp:term":[{"taxonomy":"category","embeddable":true,"href":"https:\/\/www.bellunopress.it\/fr\/wp-json\/wp\/v2\/categories?post=136615"},{"taxonomy":"post_tag","embeddable":true,"href":"https:\/\/www.bellunopress.it\/fr\/wp-json\/wp\/v2\/tags?post=136615"}],"curies":[{"name":"wp","href":"https:\/\/api.w.org\/{rel}","templated":true}]}}