{"id":136611,"date":"2022-09-26T14:24:17","date_gmt":"2022-09-26T12:24:17","guid":{"rendered":"https:\/\/www.bellunopress.it\/?p=136611"},"modified":"2022-09-26T14:24:17","modified_gmt":"2022-09-26T12:24:17","slug":"presentata-la-nuova-guida-rossa-belluno-citta-splendente-storia-architettura-arte","status":"publish","type":"post","link":"https:\/\/www.bellunopress.it\/fr\/2022\/09\/26\/presentata-la-nuova-guida-rossa-belluno-citta-splendente-storia-architettura-arte\/","title":{"rendered":"Presentata la nuova guida rossa. Belluno Citt\u00e0 Splendente &#8211; Storia, Architettura, Arte"},"content":{"rendered":"<p><img loading=\"lazy\" decoding=\"async\" class=\"alignleft size-full wp-image-136612\" src=\"https:\/\/www.bellunopress.it\/wp-content\/uploads\/2022\/09\/presentazione-nuova-guida-di-belluno_edited.jpg\" alt=\"\" width=\"1000\" height=\"637\" srcset=\"https:\/\/www.bellunopress.it\/wp-content\/uploads\/2022\/09\/presentazione-nuova-guida-di-belluno_edited.jpg 1000w, https:\/\/www.bellunopress.it\/wp-content\/uploads\/2022\/09\/presentazione-nuova-guida-di-belluno_edited-500x319.jpg 500w, https:\/\/www.bellunopress.it\/wp-content\/uploads\/2022\/09\/presentazione-nuova-guida-di-belluno_edited-696x443.jpg 696w, https:\/\/www.bellunopress.it\/wp-content\/uploads\/2022\/09\/presentazione-nuova-guida-di-belluno_edited-659x420.jpg 659w\" sizes=\"auto, (max-width: 1000px) 100vw, 1000px\" \/>E&#8217; stata presentata questa mattina alla stampa la nuova edizione della guida di Belluno che ha rivisto, modificato e ampliato la famosa \u201cGuida rossa\u201d (Belluno Storia,<br \/>\narchitettura, arte) edita dall\u2019Istituto Bellunese di Ricerche Sociali e Culturali nel 1984.<\/p>\n<p>Il volume sar\u00e0 presentato al pubblico venerd\u00ec 30 settembre, alle ore 18:00, nel teatro del Centro Congressi Giovanni XXIII di Belluno.<\/p>\n<p>&#8220;E&#8217; un regalo che facciamo alla citt\u00e0 di Belluno &#8211; ha detto don Sergio Sacco, direttore dell&#8217;Istituto Bellunese di Ricerche Sociali e Culturali, editore della pubblicazione &#8211; A 40 anni dalla prima pubblicazione, la nuova guida &#8220;Belluno &#8211; citt\u00e0 splendente &#8211; Storia, Architettura, Arte&#8221; \u00e8 stata aggiornata e rifatta, suddivido la citt\u00e0 in 9 settori e un&#8217;appendice dedicata alle frazioni, tratta dalla precedente edizione&#8221;.<\/p>\n<p>In particolare sono state riviste le tre ampie introduzioni, storica, architettonica, artistica, che occupano 45 pagine e costituiscono un sommario di quello che c&#8217;\u00e8 da conoscere della citt\u00e0. La guida infatti \u00e8 pensata principalmente per i bellunesi, in modo tale che si adoperino a valorizzare il tesoro che possiedono.<br \/>\nNel volume \u00e8 presente una abbondante bibliografia di 25 pagine, ritenuta cosa<br \/>\nessenziale, perch\u00e9 la guida si pone anche come uno strumento di studio oltre che di visita della citt\u00e0. Alla descrizione del centro cittadino \u00e8 stata aggiunta un&#8217;appendice di 28 pagine dal titolo \u201cNei dintorni. Itinerario alla scoperta delle emergenze artistiche di alcune chiese del territorio comunale\u201d, con le evenienze principali della vicina periferia.<br \/>\nLa parte centrale del volume tratta i 9 settori di Belluno, con inizio da Piazza del Duomo (settore 1), poi Piazza dei Martiri (settore 2), Piazza Santo Stefano (settore 3), Piazza Vittorio Emanuele II e Via Roma (settore 4), Piazza Mazzini (settore 5), Piazza Mercato (settore 6), Via Mezzaterra (settore 7), Piazza Santa Maria dei Battuti (settore 8), Via S. Croce\/Porta Rugo (settore 9).<\/p>\n<p>Sfogliando la guida si notano alcune particolarit\u00e0 che ne agevolano la consultazione.<br \/>\nVi sono ad esempio 9 &#8216;segnalibro&#8217; blu sul dorso e le indicazioni sul margine destro. E 27 box di approfondimento ben visibili per il colore azzurrino. Essi riguardano i seguenti campi: Personaggi (come ad esempio Juvarra, Segusini, Alfar\u00e8, Buzzati, ecc.); Elementi particolari (Ville Venete nel territorio bellunese, Mura e castelli, La citt\u00e0 sotterranea\u2026); Le chiese scomparse ed infine Enti culturali (tipo la Biblioteca Civica, l\u2019Istituto Storico della Resistenza, le biblioteche del Seminario, ecc.).<br \/>\nInfine importanti sono gli Indici, suddivisi in: Indici delle cartine e mappe, Indici dei prospetti degli edifici, Indici dei box di approfondimento, Indice analitico (Biblioteche, Case, Chiese, Fontane, Giardini, Palazzi, Ponti, Porte, Scuole, Vie\u2026).<\/p>\n<p>Per quanto riguarda la grafica, ogni settore \u00e8 introdotto da una mappa che poi viene chiarita con delle ulteriori mappe particolareggiate.<br \/>\nFanno spicco i 41 prospetti degli edifici, che rendono meglio l\u2019idea dei fabbricati, consentendo un confronto con il prima e il dopo.<br \/>\nNella trattazione di ogni settore ci sono delle icone che indicano l\u2019aspetto storico, quello<br \/>\narchitettonico e quello artistico.<br \/>\nRiguardo alla copertina, \u00e8 stato mantenuto il colore rosso che richiama la precedente edizione.<br \/>\nChe si tratti di una cosa nuova lo si pu\u00f2 vedere poi anche dalla bella foto che riprende la nostra citt\u00e0 da un punto di vista nuovo. L\u2019interno della copertina \u00e8 riservato a delle immagini di scorci particolari di Belluno e di vedute aeree riprese da varie angolazioni.<\/p>\n<p><strong><img loading=\"lazy\" decoding=\"async\" class=\"alignleft size-full wp-image-136613\" src=\"https:\/\/www.bellunopress.it\/wp-content\/uploads\/2022\/09\/copertina-BELLUNO-CITTA_SPLENDENTE_edited.jpg\" alt=\"\" width=\"665\" height=\"1000\" srcset=\"https:\/\/www.bellunopress.it\/wp-content\/uploads\/2022\/09\/copertina-BELLUNO-CITTA_SPLENDENTE_edited.jpg 665w, https:\/\/www.bellunopress.it\/wp-content\/uploads\/2022\/09\/copertina-BELLUNO-CITTA_SPLENDENTE_edited-333x500.jpg 333w, https:\/\/www.bellunopress.it\/wp-content\/uploads\/2022\/09\/copertina-BELLUNO-CITTA_SPLENDENTE_edited-279x420.jpg 279w\" sizes=\"auto, (max-width: 665px) 100vw, 665px\" \/>Belluno citt\u00e0 splendente Storia, architettura, arte Guida<\/strong><br \/>\nFormato: 13&#215;19,5<br \/>\nPagine: 432<br \/>\nProspetti degli edifici: 41<br \/>\nMappe: 16<br \/>\nSettori della Citt\u00e0: 9<br \/>\nFoto (in copertina interna ed esterna): 13<\/p>\n<p><strong>Autori<\/strong><br \/>\nStoria: Gigetto De Bortoli, Jacopo De Pasquale<br \/>\nArchitettura: Andrea Moro<br \/>\nArte: Giorgio Reolon e Flavio Vizzutti<br \/>\nHanno collaborato per i box di approfondimento<br \/>\nEnrico Bacchetti, Ester Cason Angelini, Marco Crepaz, Silvia<br \/>\nDe Min, Daniele Feltrin, Franco Frison, Edda Gandin,<br \/>\nGiovanni Grazioli, Simone Osta, Luciano Reolon, Fabrizio<br \/>\nTonin, Mauro Vedana, Michele Vello, Andrea Zambelli.<\/p>\n<p>Editore: ISTITUTO BELLUNESE DI RICERCHE SOCIALI E CULTURALI<\/p>\n<p>Stampa: Grafiche De Bastiani &#8211; Godega di Sant&#8217;Urbano (TV)<\/p>\n<p>&nbsp;<\/p>","protected":false},"excerpt":{"rendered":"<p>E&#8217; stata presentata questa mattina alla stampa la nuova edizione della guida di Belluno che ha rivisto, modificato e ampliato la famosa \u201cGuida rossa\u201d (Belluno Storia, architettura, arte) edita dall\u2019Istituto Bellunese di Ricerche Sociali e Culturali nel 1984. Il volume sar\u00e0 presentato al pubblico venerd\u00ec 30 settembre, alle ore 18:00, nel teatro del Centro Congressi [&hellip;]<\/p>\n","protected":false},"author":2,"featured_media":136613,"comment_status":"closed","ping_status":"open","sticky":false,"template":"","format":"standard","meta":{"footnotes":""},"categories":[3,25],"tags":[],"class_list":["post-136611","post","type-post","status-publish","format-standard","has-post-thumbnail","category-arte-cultura-spettacoli-scienza-archivi","category-pausa-caffe"],"yoast_head":"<!-- This site is optimized with the Yoast SEO plugin v28.4 - https:\/\/yoast.com\/product\/yoast-seo-wordpress\/ -->\n<title>Presentata la nuova guida rossa. Belluno Citt\u00e0 Splendente - Storia, Architettura, Arte - Bellunopress - Dolomiti<\/title>\n<meta name=\"robots\" content=\"index, follow, max-snippet:-1, max-image-preview:large, max-video-preview:-1\" \/>\n<link rel=\"canonical\" href=\"https:\/\/www.bellunopress.it\/fr\/2022\/09\/26\/presentata-la-nuova-guida-rossa-belluno-citta-splendente-storia-architettura-arte\/\" \/>\n<meta property=\"og:locale\" content=\"fr_FR\" \/>\n<meta property=\"og:type\" content=\"article\" \/>\n<meta property=\"og:title\" content=\"Presentata la nuova guida rossa. Belluno Citt\u00e0 Splendente - Storia, Architettura, Arte - Bellunopress - Dolomiti\" \/>\n<meta property=\"og:description\" content=\"E&#8217; stata presentata questa mattina alla stampa la nuova edizione della guida di Belluno che ha rivisto, modificato e ampliato la famosa \u201cGuida rossa\u201d (Belluno Storia, architettura, arte) edita dall\u2019Istituto Bellunese di Ricerche Sociali e Culturali nel 1984. Il volume sar\u00e0 presentato al pubblico venerd\u00ec 30 settembre, alle ore 18:00, nel teatro del Centro Congressi [&hellip;]\" \/>\n<meta property=\"og:url\" content=\"https:\/\/www.bellunopress.it\/fr\/2022\/09\/26\/presentata-la-nuova-guida-rossa-belluno-citta-splendente-storia-architettura-arte\/\" \/>\n<meta property=\"og:site_name\" content=\"Bellunopress - Dolomiti\" \/>\n<meta property=\"article:publisher\" content=\"https:\/\/www.facebook.com\/profile.php?id=100008943462799\" \/>\n<meta property=\"article:published_time\" content=\"2022-09-26T12:24:17+00:00\" \/>\n<meta property=\"og:image\" content=\"https:\/\/www.bellunopress.it\/wp-content\/uploads\/2022\/09\/copertina-BELLUNO-CITTA_SPLENDENTE_edited.jpg\" \/>\n\t<meta property=\"og:image:width\" content=\"665\" \/>\n\t<meta property=\"og:image:height\" content=\"1000\" \/>\n\t<meta property=\"og:image:type\" content=\"image\/jpeg\" \/>\n<meta name=\"author\" content=\"redazione\" \/>\n<meta name=\"twitter:card\" content=\"summary_large_image\" \/>\n<meta name=\"twitter:creator\" content=\"@bellunopress\" \/>\n<meta name=\"twitter:site\" content=\"@bellunopress\" \/>\n<meta name=\"twitter:label1\" content=\"\u00c9crit par\" \/>\n\t<meta name=\"twitter:data1\" content=\"redazione\" \/>\n\t<meta name=\"twitter:label2\" content=\"Dur\u00e9e de lecture estim\u00e9e\" \/>\n\t<meta name=\"twitter:data2\" content=\"4 minutes\" \/>\n<script type=\"application\/ld+json\" class=\"yoast-schema-graph\">{\"@context\":\"https:\\\/\\\/schema.org\",\"@graph\":[{\"@type\":\"Article\",\"@id\":\"https:\\\/\\\/www.bellunopress.it\\\/2022\\\/09\\\/26\\\/presentata-la-nuova-guida-rossa-belluno-citta-splendente-storia-architettura-arte\\\/#article\",\"isPartOf\":{\"@id\":\"https:\\\/\\\/www.bellunopress.it\\\/2022\\\/09\\\/26\\\/presentata-la-nuova-guida-rossa-belluno-citta-splendente-storia-architettura-arte\\\/\"},\"author\":{\"name\":\"redazione\",\"@id\":\"https:\\\/\\\/www.bellunopress.it\\\/#\\\/schema\\\/person\\\/79bb06722b37ece1c03d3e94beb30d73\"},\"headline\":\"Presentata la nuova guida rossa. Belluno Citt\u00e0 Splendente &#8211; Storia, Architettura, Arte\",\"datePublished\":\"2022-09-26T12:24:17+00:00\",\"mainEntityOfPage\":{\"@id\":\"https:\\\/\\\/www.bellunopress.it\\\/2022\\\/09\\\/26\\\/presentata-la-nuova-guida-rossa-belluno-citta-splendente-storia-architettura-arte\\\/\"},\"wordCount\":632,\"publisher\":{\"@id\":\"https:\\\/\\\/www.bellunopress.it\\\/#organization\"},\"image\":{\"@id\":\"https:\\\/\\\/www.bellunopress.it\\\/2022\\\/09\\\/26\\\/presentata-la-nuova-guida-rossa-belluno-citta-splendente-storia-architettura-arte\\\/#primaryimage\"},\"thumbnailUrl\":\"https:\\\/\\\/www.bellunopress.it\\\/wp-content\\\/uploads\\\/2022\\\/09\\\/copertina-BELLUNO-CITTA_SPLENDENTE_edited.jpg\",\"articleSection\":[\"Arte, Cultura, Spettacoli, Scienza\",\"Pausa Caff\u00e8\"],\"inLanguage\":\"fr-FR\"},{\"@type\":\"WebPage\",\"@id\":\"https:\\\/\\\/www.bellunopress.it\\\/2022\\\/09\\\/26\\\/presentata-la-nuova-guida-rossa-belluno-citta-splendente-storia-architettura-arte\\\/\",\"url\":\"https:\\\/\\\/www.bellunopress.it\\\/2022\\\/09\\\/26\\\/presentata-la-nuova-guida-rossa-belluno-citta-splendente-storia-architettura-arte\\\/\",\"name\":\"Presentata la nuova guida rossa. Belluno Citt\u00e0 Splendente - Storia, Architettura, Arte - Bellunopress - Dolomiti\",\"isPartOf\":{\"@id\":\"https:\\\/\\\/www.bellunopress.it\\\/#website\"},\"primaryImageOfPage\":{\"@id\":\"https:\\\/\\\/www.bellunopress.it\\\/2022\\\/09\\\/26\\\/presentata-la-nuova-guida-rossa-belluno-citta-splendente-storia-architettura-arte\\\/#primaryimage\"},\"image\":{\"@id\":\"https:\\\/\\\/www.bellunopress.it\\\/2022\\\/09\\\/26\\\/presentata-la-nuova-guida-rossa-belluno-citta-splendente-storia-architettura-arte\\\/#primaryimage\"},\"thumbnailUrl\":\"https:\\\/\\\/www.bellunopress.it\\\/wp-content\\\/uploads\\\/2022\\\/09\\\/copertina-BELLUNO-CITTA_SPLENDENTE_edited.jpg\",\"datePublished\":\"2022-09-26T12:24:17+00:00\",\"breadcrumb\":{\"@id\":\"https:\\\/\\\/www.bellunopress.it\\\/2022\\\/09\\\/26\\\/presentata-la-nuova-guida-rossa-belluno-citta-splendente-storia-architettura-arte\\\/#breadcrumb\"},\"inLanguage\":\"fr-FR\",\"potentialAction\":[{\"@type\":\"ReadAction\",\"target\":[\"https:\\\/\\\/www.bellunopress.it\\\/2022\\\/09\\\/26\\\/presentata-la-nuova-guida-rossa-belluno-citta-splendente-storia-architettura-arte\\\/\"]}]},{\"@type\":\"ImageObject\",\"inLanguage\":\"fr-FR\",\"@id\":\"https:\\\/\\\/www.bellunopress.it\\\/2022\\\/09\\\/26\\\/presentata-la-nuova-guida-rossa-belluno-citta-splendente-storia-architettura-arte\\\/#primaryimage\",\"url\":\"https:\\\/\\\/www.bellunopress.it\\\/wp-content\\\/uploads\\\/2022\\\/09\\\/copertina-BELLUNO-CITTA_SPLENDENTE_edited.jpg\",\"contentUrl\":\"https:\\\/\\\/www.bellunopress.it\\\/wp-content\\\/uploads\\\/2022\\\/09\\\/copertina-BELLUNO-CITTA_SPLENDENTE_edited.jpg\",\"width\":665,\"height\":1000},{\"@type\":\"BreadcrumbList\",\"@id\":\"https:\\\/\\\/www.bellunopress.it\\\/2022\\\/09\\\/26\\\/presentata-la-nuova-guida-rossa-belluno-citta-splendente-storia-architettura-arte\\\/#breadcrumb\",\"itemListElement\":[{\"@type\":\"ListItem\",\"position\":1,\"name\":\"Home\",\"item\":\"https:\\\/\\\/www.bellunopress.it\\\/\"},{\"@type\":\"ListItem\",\"position\":2,\"name\":\"Presentata la nuova guida rossa. Belluno Citt\u00e0 Splendente &#8211; Storia, Architettura, Arte\"}]},{\"@type\":\"WebSite\",\"@id\":\"https:\\\/\\\/www.bellunopress.it\\\/#website\",\"url\":\"https:\\\/\\\/www.bellunopress.it\\\/\",\"name\":\"Bellunopress - Dolomiti\",\"description\":\"e-mail: redazione@bellunopress.it\",\"publisher\":{\"@id\":\"https:\\\/\\\/www.bellunopress.it\\\/#organization\"},\"potentialAction\":[{\"@type\":\"SearchAction\",\"target\":{\"@type\":\"EntryPoint\",\"urlTemplate\":\"https:\\\/\\\/www.bellunopress.it\\\/?s={search_term_string}\"},\"query-input\":{\"@type\":\"PropertyValueSpecification\",\"valueRequired\":true,\"valueName\":\"search_term_string\"}}],\"inLanguage\":\"fr-FR\"},{\"@type\":\"Organization\",\"@id\":\"https:\\\/\\\/www.bellunopress.it\\\/#organization\",\"name\":\"Bellunopress\",\"url\":\"https:\\\/\\\/www.bellunopress.it\\\/\",\"logo\":{\"@type\":\"ImageObject\",\"inLanguage\":\"fr-FR\",\"@id\":\"https:\\\/\\\/www.bellunopress.it\\\/#\\\/schema\\\/logo\\\/image\\\/\",\"url\":\"https:\\\/\\\/www.bellunopress.it\\\/wp-content\\\/uploads\\\/2011\\\/05\\\/cropped-logo-bellunopress-.jpg\",\"contentUrl\":\"https:\\\/\\\/www.bellunopress.it\\\/wp-content\\\/uploads\\\/2011\\\/05\\\/cropped-logo-bellunopress-.jpg\",\"width\":512,\"height\":512,\"caption\":\"Bellunopress\"},\"image\":{\"@id\":\"https:\\\/\\\/www.bellunopress.it\\\/#\\\/schema\\\/logo\\\/image\\\/\"},\"sameAs\":[\"https:\\\/\\\/www.facebook.com\\\/profile.php?id=100008943462799\",\"https:\\\/\\\/x.com\\\/bellunopress\",\"https:\\\/\\\/www.linkedin.com\\\/hp\\\/?dnr=JBzUWaJfMUw8vbXJJ2tVW5-I3jZKvC4wsoxE&amp;amp;amp;amp;amp;amp;trk=nav_responsive_tab_home\",\"https:\\\/\\\/www.youtube.com\\\/channel\\\/UCxL0wu1uN0_3_7hGG0306cw\"]},{\"@type\":\"Person\",\"@id\":\"https:\\\/\\\/www.bellunopress.it\\\/#\\\/schema\\\/person\\\/79bb06722b37ece1c03d3e94beb30d73\",\"name\":\"redazione\",\"image\":{\"@type\":\"ImageObject\",\"inLanguage\":\"fr-FR\",\"@id\":\"https:\\\/\\\/secure.gravatar.com\\\/avatar\\\/37d968a2e67a6fd04c169c4bdef102d0bc5d31b2546345219e348575eb80e9a0?s=96&d=mm&r=g\",\"url\":\"https:\\\/\\\/secure.gravatar.com\\\/avatar\\\/37d968a2e67a6fd04c169c4bdef102d0bc5d31b2546345219e348575eb80e9a0?s=96&d=mm&r=g\",\"contentUrl\":\"https:\\\/\\\/secure.gravatar.com\\\/avatar\\\/37d968a2e67a6fd04c169c4bdef102d0bc5d31b2546345219e348575eb80e9a0?s=96&d=mm&r=g\",\"caption\":\"redazione\"},\"sameAs\":[\"http:\\\/\\\/www.bellunopress.it\",\"https:\\\/\\\/x.com\\\/bellunopress\"],\"url\":\"https:\\\/\\\/www.bellunopress.it\\\/fr\\\/author\\\/redazione\\\/\"}]}<\/script>\n<!-- \/ Yoast SEO plugin. -->","yoast_head_json":{"title":"Presentata la nuova guida rossa. Belluno Citt\u00e0 Splendente - Storia, Architettura, Arte - Bellunopress - Dolomiti","robots":{"index":"index","follow":"follow","max-snippet":"max-snippet:-1","max-image-preview":"max-image-preview:large","max-video-preview":"max-video-preview:-1"},"canonical":"https:\/\/www.bellunopress.it\/fr\/2022\/09\/26\/presentata-la-nuova-guida-rossa-belluno-citta-splendente-storia-architettura-arte\/","og_locale":"fr_FR","og_type":"article","og_title":"Presentata la nuova guida rossa. Belluno Citt\u00e0 Splendente - Storia, Architettura, Arte - Bellunopress - Dolomiti","og_description":"E&#8217; stata presentata questa mattina alla stampa la nuova edizione della guida di Belluno che ha rivisto, modificato e ampliato la famosa \u201cGuida rossa\u201d (Belluno Storia, architettura, arte) edita dall\u2019Istituto Bellunese di Ricerche Sociali e Culturali nel 1984. Il volume sar\u00e0 presentato al pubblico venerd\u00ec 30 settembre, alle ore 18:00, nel teatro del Centro Congressi [&hellip;]","og_url":"https:\/\/www.bellunopress.it\/fr\/2022\/09\/26\/presentata-la-nuova-guida-rossa-belluno-citta-splendente-storia-architettura-arte\/","og_site_name":"Bellunopress - Dolomiti","article_publisher":"https:\/\/www.facebook.com\/profile.php?id=100008943462799","article_published_time":"2022-09-26T12:24:17+00:00","og_image":[{"width":665,"height":1000,"url":"https:\/\/www.bellunopress.it\/wp-content\/uploads\/2022\/09\/copertina-BELLUNO-CITTA_SPLENDENTE_edited.jpg","type":"image\/jpeg"}],"author":"redazione","twitter_card":"summary_large_image","twitter_creator":"@bellunopress","twitter_site":"@bellunopress","twitter_misc":{"\u00c9crit par":"redazione","Dur\u00e9e de lecture estim\u00e9e":"4 minutes"},"schema":{"@context":"https:\/\/schema.org","@graph":[{"@type":"Article","@id":"https:\/\/www.bellunopress.it\/2022\/09\/26\/presentata-la-nuova-guida-rossa-belluno-citta-splendente-storia-architettura-arte\/#article","isPartOf":{"@id":"https:\/\/www.bellunopress.it\/2022\/09\/26\/presentata-la-nuova-guida-rossa-belluno-citta-splendente-storia-architettura-arte\/"},"author":{"name":"redazione","@id":"https:\/\/www.bellunopress.it\/#\/schema\/person\/79bb06722b37ece1c03d3e94beb30d73"},"headline":"Presentata la nuova guida rossa. Belluno Citt\u00e0 Splendente &#8211; Storia, Architettura, Arte","datePublished":"2022-09-26T12:24:17+00:00","mainEntityOfPage":{"@id":"https:\/\/www.bellunopress.it\/2022\/09\/26\/presentata-la-nuova-guida-rossa-belluno-citta-splendente-storia-architettura-arte\/"},"wordCount":632,"publisher":{"@id":"https:\/\/www.bellunopress.it\/#organization"},"image":{"@id":"https:\/\/www.bellunopress.it\/2022\/09\/26\/presentata-la-nuova-guida-rossa-belluno-citta-splendente-storia-architettura-arte\/#primaryimage"},"thumbnailUrl":"https:\/\/www.bellunopress.it\/wp-content\/uploads\/2022\/09\/copertina-BELLUNO-CITTA_SPLENDENTE_edited.jpg","articleSection":["Arte, Cultura, Spettacoli, Scienza","Pausa Caff\u00e8"],"inLanguage":"fr-FR"},{"@type":"WebPage","@id":"https:\/\/www.bellunopress.it\/2022\/09\/26\/presentata-la-nuova-guida-rossa-belluno-citta-splendente-storia-architettura-arte\/","url":"https:\/\/www.bellunopress.it\/2022\/09\/26\/presentata-la-nuova-guida-rossa-belluno-citta-splendente-storia-architettura-arte\/","name":"Presentata la nuova guida rossa. Belluno Citt\u00e0 Splendente - Storia, Architettura, Arte - Bellunopress - Dolomiti","isPartOf":{"@id":"https:\/\/www.bellunopress.it\/#website"},"primaryImageOfPage":{"@id":"https:\/\/www.bellunopress.it\/2022\/09\/26\/presentata-la-nuova-guida-rossa-belluno-citta-splendente-storia-architettura-arte\/#primaryimage"},"image":{"@id":"https:\/\/www.bellunopress.it\/2022\/09\/26\/presentata-la-nuova-guida-rossa-belluno-citta-splendente-storia-architettura-arte\/#primaryimage"},"thumbnailUrl":"https:\/\/www.bellunopress.it\/wp-content\/uploads\/2022\/09\/copertina-BELLUNO-CITTA_SPLENDENTE_edited.jpg","datePublished":"2022-09-26T12:24:17+00:00","breadcrumb":{"@id":"https:\/\/www.bellunopress.it\/2022\/09\/26\/presentata-la-nuova-guida-rossa-belluno-citta-splendente-storia-architettura-arte\/#breadcrumb"},"inLanguage":"fr-FR","potentialAction":[{"@type":"ReadAction","target":["https:\/\/www.bellunopress.it\/2022\/09\/26\/presentata-la-nuova-guida-rossa-belluno-citta-splendente-storia-architettura-arte\/"]}]},{"@type":"ImageObject","inLanguage":"fr-FR","@id":"https:\/\/www.bellunopress.it\/2022\/09\/26\/presentata-la-nuova-guida-rossa-belluno-citta-splendente-storia-architettura-arte\/#primaryimage","url":"https:\/\/www.bellunopress.it\/wp-content\/uploads\/2022\/09\/copertina-BELLUNO-CITTA_SPLENDENTE_edited.jpg","contentUrl":"https:\/\/www.bellunopress.it\/wp-content\/uploads\/2022\/09\/copertina-BELLUNO-CITTA_SPLENDENTE_edited.jpg","width":665,"height":1000},{"@type":"BreadcrumbList","@id":"https:\/\/www.bellunopress.it\/2022\/09\/26\/presentata-la-nuova-guida-rossa-belluno-citta-splendente-storia-architettura-arte\/#breadcrumb","itemListElement":[{"@type":"ListItem","position":1,"name":"Home","item":"https:\/\/www.bellunopress.it\/"},{"@type":"ListItem","position":2,"name":"Presentata la nuova guida rossa. Belluno Citt\u00e0 Splendente &#8211; Storia, Architettura, Arte"}]},{"@type":"WebSite","@id":"https:\/\/www.bellunopress.it\/#website","url":"https:\/\/www.bellunopress.it\/","name":"Bellunopress - Dolomiti","description":"e-mail: redazione@bellunopress.it","publisher":{"@id":"https:\/\/www.bellunopress.it\/#organization"},"potentialAction":[{"@type":"SearchAction","target":{"@type":"EntryPoint","urlTemplate":"https:\/\/www.bellunopress.it\/?s={search_term_string}"},"query-input":{"@type":"PropertyValueSpecification","valueRequired":true,"valueName":"search_term_string"}}],"inLanguage":"fr-FR"},{"@type":"Organization","@id":"https:\/\/www.bellunopress.it\/#organization","name":"Bellunopress","url":"https:\/\/www.bellunopress.it\/","logo":{"@type":"ImageObject","inLanguage":"fr-FR","@id":"https:\/\/www.bellunopress.it\/#\/schema\/logo\/image\/","url":"https:\/\/www.bellunopress.it\/wp-content\/uploads\/2011\/05\/cropped-logo-bellunopress-.jpg","contentUrl":"https:\/\/www.bellunopress.it\/wp-content\/uploads\/2011\/05\/cropped-logo-bellunopress-.jpg","width":512,"height":512,"caption":"Bellunopress"},"image":{"@id":"https:\/\/www.bellunopress.it\/#\/schema\/logo\/image\/"},"sameAs":["https:\/\/www.facebook.com\/profile.php?id=100008943462799","https:\/\/x.com\/bellunopress","https:\/\/www.linkedin.com\/hp\/?dnr=JBzUWaJfMUw8vbXJJ2tVW5-I3jZKvC4wsoxE&amp;amp;amp;amp;amp;amp;trk=nav_responsive_tab_home","https:\/\/www.youtube.com\/channel\/UCxL0wu1uN0_3_7hGG0306cw"]},{"@type":"Person","@id":"https:\/\/www.bellunopress.it\/#\/schema\/person\/79bb06722b37ece1c03d3e94beb30d73","name":"r\u00e9daction","image":{"@type":"ImageObject","inLanguage":"fr-FR","@id":"https:\/\/secure.gravatar.com\/avatar\/37d968a2e67a6fd04c169c4bdef102d0bc5d31b2546345219e348575eb80e9a0?s=96&d=mm&r=g","url":"https:\/\/secure.gravatar.com\/avatar\/37d968a2e67a6fd04c169c4bdef102d0bc5d31b2546345219e348575eb80e9a0?s=96&d=mm&r=g","contentUrl":"https:\/\/secure.gravatar.com\/avatar\/37d968a2e67a6fd04c169c4bdef102d0bc5d31b2546345219e348575eb80e9a0?s=96&d=mm&r=g","caption":"redazione"},"sameAs":["http:\/\/www.bellunopress.it","https:\/\/x.com\/bellunopress"],"url":"https:\/\/www.bellunopress.it\/fr\/author\/redazione\/"}]}},"_links":{"self":[{"href":"https:\/\/www.bellunopress.it\/fr\/wp-json\/wp\/v2\/posts\/136611","targetHints":{"allow":["GET"]}}],"collection":[{"href":"https:\/\/www.bellunopress.it\/fr\/wp-json\/wp\/v2\/posts"}],"about":[{"href":"https:\/\/www.bellunopress.it\/fr\/wp-json\/wp\/v2\/types\/post"}],"author":[{"embeddable":true,"href":"https:\/\/www.bellunopress.it\/fr\/wp-json\/wp\/v2\/users\/2"}],"replies":[{"embeddable":true,"href":"https:\/\/www.bellunopress.it\/fr\/wp-json\/wp\/v2\/comments?post=136611"}],"version-history":[{"count":1,"href":"https:\/\/www.bellunopress.it\/fr\/wp-json\/wp\/v2\/posts\/136611\/revisions"}],"predecessor-version":[{"id":136614,"href":"https:\/\/www.bellunopress.it\/fr\/wp-json\/wp\/v2\/posts\/136611\/revisions\/136614"}],"wp:featuredmedia":[{"embeddable":true,"href":"https:\/\/www.bellunopress.it\/fr\/wp-json\/wp\/v2\/media\/136613"}],"wp:attachment":[{"href":"https:\/\/www.bellunopress.it\/fr\/wp-json\/wp\/v2\/media?parent=136611"}],"wp:term":[{"taxonomy":"category","embeddable":true,"href":"https:\/\/www.bellunopress.it\/fr\/wp-json\/wp\/v2\/categories?post=136611"},{"taxonomy":"post_tag","embeddable":true,"href":"https:\/\/www.bellunopress.it\/fr\/wp-json\/wp\/v2\/tags?post=136611"}],"curies":[{"name":"wp","href":"https:\/\/api.w.org\/{rel}","templated":true}]}}