{"id":136593,"date":"2022-09-25T11:30:28","date_gmt":"2022-09-25T09:30:28","guid":{"rendered":"https:\/\/www.bellunopress.it\/?p=136593"},"modified":"2022-09-25T11:30:28","modified_gmt":"2022-09-25T09:30:28","slug":"poema-elettromagnetico-la-societa-moderna-radiografata-con-irriverenza-da-gianni-carlin","status":"publish","type":"post","link":"https:\/\/www.bellunopress.it\/fr\/2022\/09\/25\/poema-elettromagnetico-la-societa-moderna-radiografata-con-irriverenza-da-gianni-carlin\/","title":{"rendered":"Poema elettromagnetico. La societ\u00e0 moderna radiografata con irriverenza da Gianni Carlin"},"content":{"rendered":"<p><img loading=\"lazy\" decoding=\"async\" class=\"alignleft size-full wp-image-136594\" src=\"https:\/\/www.bellunopress.it\/wp-content\/uploads\/2022\/09\/Gianni-Carlin-poema-elettromagnetico_edited.jpg\" alt=\"\" width=\"1000\" height=\"563\" srcset=\"https:\/\/www.bellunopress.it\/wp-content\/uploads\/2022\/09\/Gianni-Carlin-poema-elettromagnetico_edited.jpg 1000w, https:\/\/www.bellunopress.it\/wp-content\/uploads\/2022\/09\/Gianni-Carlin-poema-elettromagnetico_edited-500x282.jpg 500w, https:\/\/www.bellunopress.it\/wp-content\/uploads\/2022\/09\/Gianni-Carlin-poema-elettromagnetico_edited-696x392.jpg 696w, https:\/\/www.bellunopress.it\/wp-content\/uploads\/2022\/09\/Gianni-Carlin-poema-elettromagnetico_edited-746x420.jpg 746w\" sizes=\"auto, (max-width: 1000px) 100vw, 1000px\" \/>Ironia, satira, provocazione, irriverenza, sberleffo della societ\u00e0 contemporanea. E&#8217; questo il mix e l&#8217;architettura dialettica che sorregge &#8220;Il poema Elettromagnetico&#8221; che l&#8217;eclettico artista e autore bellunese Gianni Carlin sta rappresentando in questo periodo al pubblico con il suo stile istrionico. Una societ\u00e0 decadente di polli in batteria fatti di identit\u00e0 vaghe con obblighi e doveri da rispettare.<\/p>\n<p><img loading=\"lazy\" decoding=\"async\" class=\"alignleft size-full wp-image-136595\" src=\"https:\/\/www.bellunopress.it\/wp-content\/uploads\/2022\/09\/Gianni-Carlin.jpg\" alt=\"\" width=\"348\" height=\"500\" srcset=\"https:\/\/www.bellunopress.it\/wp-content\/uploads\/2022\/09\/Gianni-Carlin.jpg 348w, https:\/\/www.bellunopress.it\/wp-content\/uploads\/2022\/09\/Gianni-Carlin-292x420.jpg 292w\" sizes=\"auto, (max-width: 348px) 100vw, 348px\" \/>&#8220;Forse stiamo davvero perdendo la qualifica di esseri umani nell&#8217;era moderna &#8211; sottolinea Carlin &#8211;\u00a0 in cui tutto ci\u00f2 che facciamo appare finto oppure agiamo per un tornaconto personale&#8221;.<\/p>\n<p>Nel libro e nelle sue esibizioni, Gianni Carlin ridicolizza le nostre esistenze descrivendo sistemi collaudati in cui veniamo imprigionati, con l\u2019unico scopo di produrre per vivere, nella perenne illusione di muoverci sempre velocissimi e girare ovunque con la stessa consapevolezza di un pollo senza testa (&#8221;un gps a perdere che giri, che giri ma in fondo sei fermo&#8221;).<\/p>\n<p>L&#8217;affresco finale, dopo le prime due sezioni del testo \u00e8 avvilente, nichilista e leggermente fatalista. \u00c8 chiaro sin da subito che l\u2019autore non vuole indorare la pillola. Anzi, come un menestrello senza peli sulla lingua dichiara apertamente che questa pillola fa schifo. Ma dovrai comunque ingoiarla, piaccia o no. Un mondo di automi, produttori e consumatori, al servizio di un&#8217;enorme macchina che si nutre dei nostri sogni.<\/p>\n<p>&#8220;Chi tra noi ne \u00e8 consapevole &#8211; precisa Carlin &#8211; pu\u00f2 soltanto ironizzare, per non essere risucchiato nel nichilismo cosmico in cui stiamo sprofondando&#8221;.<\/p>\n<p>La chiave ironica rimane dunque, l&#8217;unica ed estrema difesa: osservare con distacco il meccanismo in cui siamo costretti.<\/p>\n<p>La terza sezione intitolata &#8220;Altre amenit\u00e0&#8221; si compone di poesie all\u2019apparenza meno fondate sulla critica e pi\u00f9 introspettive, sentimentali, impregna di un fondo di disagio nei confronti dell\u2019esistenza. Senza pi\u00f9 fiducia nell\u2019amore, in se stessi, negli altri, nella fortuna e nel destino.<\/p>\n<p>Il finale del &#8220;Poema Elettromagnetico&#8221; ci porta nel Medioevo. E allora il linguaggio aulico e apparentemente pi\u00f9 raffinato diventa l\u2019abito buono di poesie che criticano la gente &#8220;brava a parlare con lo sfintere pi\u00f9 che con la bocca&#8221; e riportano l\u2019amore troppo spesso idealizzato all\u2019altezza dei comuni mortali, &#8220;perch\u00e9 per quanto nobile sempre di chiavate si tratta&#8221;.<\/p>\n<p><a href=\"https:\/\/www.facebook.com\/hashtag\/poemaelettromagnetico\">https:\/\/www.facebook.com\/hashtag\/poemaelettromagnetico<\/a><\/p>\n<p>&nbsp;<\/p>\n<p>&nbsp;<\/p>\n<p>&nbsp;<\/p>\n<p>&nbsp;<\/p>","protected":false},"excerpt":{"rendered":"<p>Ironia, satira, provocazione, irriverenza, sberleffo della societ\u00e0 contemporanea. E&#8217; questo il mix e l&#8217;architettura dialettica che sorregge &#8220;Il poema Elettromagnetico&#8221; che l&#8217;eclettico artista e autore bellunese Gianni Carlin sta rappresentando in questo periodo al pubblico con il suo stile istrionico. Una societ\u00e0 decadente di polli in batteria fatti di identit\u00e0 vaghe con obblighi e doveri [&hellip;]<\/p>\n","protected":false},"author":2,"featured_media":136594,"comment_status":"closed","ping_status":"open","sticky":false,"template":"","format":"standard","meta":{"footnotes":""},"categories":[3,25],"tags":[],"class_list":["post-136593","post","type-post","status-publish","format-standard","has-post-thumbnail","category-arte-cultura-spettacoli-scienza-archivi","category-pausa-caffe"],"yoast_head":"<!-- This site is optimized with the Yoast SEO plugin v28.4 - https:\/\/yoast.com\/product\/yoast-seo-wordpress\/ -->\n<title>Poema elettromagnetico. La societ\u00e0 moderna radiografata con irriverenza da Gianni Carlin - Bellunopress - Dolomiti<\/title>\n<meta name=\"robots\" content=\"index, follow, max-snippet:-1, max-image-preview:large, max-video-preview:-1\" \/>\n<link rel=\"canonical\" href=\"https:\/\/www.bellunopress.it\/fr\/2022\/09\/25\/poema-elettromagnetico-la-societa-moderna-radiografata-con-irriverenza-da-gianni-carlin\/\" \/>\n<meta property=\"og:locale\" content=\"fr_FR\" \/>\n<meta property=\"og:type\" content=\"article\" \/>\n<meta property=\"og:title\" content=\"Poema elettromagnetico. La societ\u00e0 moderna radiografata con irriverenza da Gianni Carlin - Bellunopress - Dolomiti\" \/>\n<meta property=\"og:description\" content=\"Ironia, satira, provocazione, irriverenza, sberleffo della societ\u00e0 contemporanea. E&#8217; questo il mix e l&#8217;architettura dialettica che sorregge &#8220;Il poema Elettromagnetico&#8221; che l&#8217;eclettico artista e autore bellunese Gianni Carlin sta rappresentando in questo periodo al pubblico con il suo stile istrionico. Una societ\u00e0 decadente di polli in batteria fatti di identit\u00e0 vaghe con obblighi e doveri [&hellip;]\" \/>\n<meta property=\"og:url\" content=\"https:\/\/www.bellunopress.it\/fr\/2022\/09\/25\/poema-elettromagnetico-la-societa-moderna-radiografata-con-irriverenza-da-gianni-carlin\/\" \/>\n<meta property=\"og:site_name\" content=\"Bellunopress - Dolomiti\" \/>\n<meta property=\"article:publisher\" content=\"https:\/\/www.facebook.com\/profile.php?id=100008943462799\" \/>\n<meta property=\"article:published_time\" content=\"2022-09-25T09:30:28+00:00\" \/>\n<meta property=\"og:image\" content=\"https:\/\/www.bellunopress.it\/wp-content\/uploads\/2022\/09\/Gianni-Carlin-poema-elettromagnetico_edited.jpg\" \/>\n\t<meta property=\"og:image:width\" content=\"1000\" \/>\n\t<meta property=\"og:image:height\" content=\"563\" \/>\n\t<meta property=\"og:image:type\" content=\"image\/jpeg\" \/>\n<meta name=\"author\" content=\"redazione\" \/>\n<meta name=\"twitter:card\" content=\"summary_large_image\" \/>\n<meta name=\"twitter:creator\" content=\"@bellunopress\" \/>\n<meta name=\"twitter:site\" content=\"@bellunopress\" \/>\n<meta name=\"twitter:label1\" content=\"\u00c9crit par\" \/>\n\t<meta name=\"twitter:data1\" content=\"redazione\" \/>\n\t<meta name=\"twitter:label2\" content=\"Dur\u00e9e de lecture estim\u00e9e\" \/>\n\t<meta name=\"twitter:data2\" content=\"3 minutes\" \/>\n<script type=\"application\/ld+json\" class=\"yoast-schema-graph\">{\"@context\":\"https:\\\/\\\/schema.org\",\"@graph\":[{\"@type\":\"Article\",\"@id\":\"https:\\\/\\\/www.bellunopress.it\\\/2022\\\/09\\\/25\\\/poema-elettromagnetico-la-societa-moderna-radiografata-con-irriverenza-da-gianni-carlin\\\/#article\",\"isPartOf\":{\"@id\":\"https:\\\/\\\/www.bellunopress.it\\\/2022\\\/09\\\/25\\\/poema-elettromagnetico-la-societa-moderna-radiografata-con-irriverenza-da-gianni-carlin\\\/\"},\"author\":{\"name\":\"redazione\",\"@id\":\"https:\\\/\\\/www.bellunopress.it\\\/#\\\/schema\\\/person\\\/79bb06722b37ece1c03d3e94beb30d73\"},\"headline\":\"Poema elettromagnetico. La societ\u00e0 moderna radiografata con irriverenza da Gianni Carlin\",\"datePublished\":\"2022-09-25T09:30:28+00:00\",\"mainEntityOfPage\":{\"@id\":\"https:\\\/\\\/www.bellunopress.it\\\/2022\\\/09\\\/25\\\/poema-elettromagnetico-la-societa-moderna-radiografata-con-irriverenza-da-gianni-carlin\\\/\"},\"wordCount\":384,\"publisher\":{\"@id\":\"https:\\\/\\\/www.bellunopress.it\\\/#organization\"},\"image\":{\"@id\":\"https:\\\/\\\/www.bellunopress.it\\\/2022\\\/09\\\/25\\\/poema-elettromagnetico-la-societa-moderna-radiografata-con-irriverenza-da-gianni-carlin\\\/#primaryimage\"},\"thumbnailUrl\":\"https:\\\/\\\/www.bellunopress.it\\\/wp-content\\\/uploads\\\/2022\\\/09\\\/Gianni-Carlin-poema-elettromagnetico_edited.jpg\",\"articleSection\":[\"Arte, Cultura, Spettacoli, Scienza\",\"Pausa Caff\u00e8\"],\"inLanguage\":\"fr-FR\"},{\"@type\":\"WebPage\",\"@id\":\"https:\\\/\\\/www.bellunopress.it\\\/2022\\\/09\\\/25\\\/poema-elettromagnetico-la-societa-moderna-radiografata-con-irriverenza-da-gianni-carlin\\\/\",\"url\":\"https:\\\/\\\/www.bellunopress.it\\\/2022\\\/09\\\/25\\\/poema-elettromagnetico-la-societa-moderna-radiografata-con-irriverenza-da-gianni-carlin\\\/\",\"name\":\"Poema elettromagnetico. La societ\u00e0 moderna radiografata con irriverenza da Gianni Carlin - Bellunopress - Dolomiti\",\"isPartOf\":{\"@id\":\"https:\\\/\\\/www.bellunopress.it\\\/#website\"},\"primaryImageOfPage\":{\"@id\":\"https:\\\/\\\/www.bellunopress.it\\\/2022\\\/09\\\/25\\\/poema-elettromagnetico-la-societa-moderna-radiografata-con-irriverenza-da-gianni-carlin\\\/#primaryimage\"},\"image\":{\"@id\":\"https:\\\/\\\/www.bellunopress.it\\\/2022\\\/09\\\/25\\\/poema-elettromagnetico-la-societa-moderna-radiografata-con-irriverenza-da-gianni-carlin\\\/#primaryimage\"},\"thumbnailUrl\":\"https:\\\/\\\/www.bellunopress.it\\\/wp-content\\\/uploads\\\/2022\\\/09\\\/Gianni-Carlin-poema-elettromagnetico_edited.jpg\",\"datePublished\":\"2022-09-25T09:30:28+00:00\",\"breadcrumb\":{\"@id\":\"https:\\\/\\\/www.bellunopress.it\\\/2022\\\/09\\\/25\\\/poema-elettromagnetico-la-societa-moderna-radiografata-con-irriverenza-da-gianni-carlin\\\/#breadcrumb\"},\"inLanguage\":\"fr-FR\",\"potentialAction\":[{\"@type\":\"ReadAction\",\"target\":[\"https:\\\/\\\/www.bellunopress.it\\\/2022\\\/09\\\/25\\\/poema-elettromagnetico-la-societa-moderna-radiografata-con-irriverenza-da-gianni-carlin\\\/\"]}]},{\"@type\":\"ImageObject\",\"inLanguage\":\"fr-FR\",\"@id\":\"https:\\\/\\\/www.bellunopress.it\\\/2022\\\/09\\\/25\\\/poema-elettromagnetico-la-societa-moderna-radiografata-con-irriverenza-da-gianni-carlin\\\/#primaryimage\",\"url\":\"https:\\\/\\\/www.bellunopress.it\\\/wp-content\\\/uploads\\\/2022\\\/09\\\/Gianni-Carlin-poema-elettromagnetico_edited.jpg\",\"contentUrl\":\"https:\\\/\\\/www.bellunopress.it\\\/wp-content\\\/uploads\\\/2022\\\/09\\\/Gianni-Carlin-poema-elettromagnetico_edited.jpg\",\"width\":1000,\"height\":563},{\"@type\":\"BreadcrumbList\",\"@id\":\"https:\\\/\\\/www.bellunopress.it\\\/2022\\\/09\\\/25\\\/poema-elettromagnetico-la-societa-moderna-radiografata-con-irriverenza-da-gianni-carlin\\\/#breadcrumb\",\"itemListElement\":[{\"@type\":\"ListItem\",\"position\":1,\"name\":\"Home\",\"item\":\"https:\\\/\\\/www.bellunopress.it\\\/\"},{\"@type\":\"ListItem\",\"position\":2,\"name\":\"Poema elettromagnetico. La societ\u00e0 moderna radiografata con irriverenza da Gianni Carlin\"}]},{\"@type\":\"WebSite\",\"@id\":\"https:\\\/\\\/www.bellunopress.it\\\/#website\",\"url\":\"https:\\\/\\\/www.bellunopress.it\\\/\",\"name\":\"Bellunopress - Dolomiti\",\"description\":\"e-mail: redazione@bellunopress.it\",\"publisher\":{\"@id\":\"https:\\\/\\\/www.bellunopress.it\\\/#organization\"},\"potentialAction\":[{\"@type\":\"SearchAction\",\"target\":{\"@type\":\"EntryPoint\",\"urlTemplate\":\"https:\\\/\\\/www.bellunopress.it\\\/?s={search_term_string}\"},\"query-input\":{\"@type\":\"PropertyValueSpecification\",\"valueRequired\":true,\"valueName\":\"search_term_string\"}}],\"inLanguage\":\"fr-FR\"},{\"@type\":\"Organization\",\"@id\":\"https:\\\/\\\/www.bellunopress.it\\\/#organization\",\"name\":\"Bellunopress\",\"url\":\"https:\\\/\\\/www.bellunopress.it\\\/\",\"logo\":{\"@type\":\"ImageObject\",\"inLanguage\":\"fr-FR\",\"@id\":\"https:\\\/\\\/www.bellunopress.it\\\/#\\\/schema\\\/logo\\\/image\\\/\",\"url\":\"https:\\\/\\\/www.bellunopress.it\\\/wp-content\\\/uploads\\\/2011\\\/05\\\/cropped-logo-bellunopress-.jpg\",\"contentUrl\":\"https:\\\/\\\/www.bellunopress.it\\\/wp-content\\\/uploads\\\/2011\\\/05\\\/cropped-logo-bellunopress-.jpg\",\"width\":512,\"height\":512,\"caption\":\"Bellunopress\"},\"image\":{\"@id\":\"https:\\\/\\\/www.bellunopress.it\\\/#\\\/schema\\\/logo\\\/image\\\/\"},\"sameAs\":[\"https:\\\/\\\/www.facebook.com\\\/profile.php?id=100008943462799\",\"https:\\\/\\\/x.com\\\/bellunopress\",\"https:\\\/\\\/www.linkedin.com\\\/hp\\\/?dnr=JBzUWaJfMUw8vbXJJ2tVW5-I3jZKvC4wsoxE&amp;amp;amp;amp;amp;amp;trk=nav_responsive_tab_home\",\"https:\\\/\\\/www.youtube.com\\\/channel\\\/UCxL0wu1uN0_3_7hGG0306cw\"]},{\"@type\":\"Person\",\"@id\":\"https:\\\/\\\/www.bellunopress.it\\\/#\\\/schema\\\/person\\\/79bb06722b37ece1c03d3e94beb30d73\",\"name\":\"redazione\",\"image\":{\"@type\":\"ImageObject\",\"inLanguage\":\"fr-FR\",\"@id\":\"https:\\\/\\\/secure.gravatar.com\\\/avatar\\\/37d968a2e67a6fd04c169c4bdef102d0bc5d31b2546345219e348575eb80e9a0?s=96&d=mm&r=g\",\"url\":\"https:\\\/\\\/secure.gravatar.com\\\/avatar\\\/37d968a2e67a6fd04c169c4bdef102d0bc5d31b2546345219e348575eb80e9a0?s=96&d=mm&r=g\",\"contentUrl\":\"https:\\\/\\\/secure.gravatar.com\\\/avatar\\\/37d968a2e67a6fd04c169c4bdef102d0bc5d31b2546345219e348575eb80e9a0?s=96&d=mm&r=g\",\"caption\":\"redazione\"},\"sameAs\":[\"http:\\\/\\\/www.bellunopress.it\",\"https:\\\/\\\/x.com\\\/bellunopress\"],\"url\":\"https:\\\/\\\/www.bellunopress.it\\\/fr\\\/author\\\/redazione\\\/\"}]}<\/script>\n<!-- \/ Yoast SEO plugin. -->","yoast_head_json":{"title":"Poema elettromagnetico. La societ\u00e0 moderna radiografata con irriverenza da Gianni Carlin - Bellunopress - Dolomiti","robots":{"index":"index","follow":"follow","max-snippet":"max-snippet:-1","max-image-preview":"max-image-preview:large","max-video-preview":"max-video-preview:-1"},"canonical":"https:\/\/www.bellunopress.it\/fr\/2022\/09\/25\/poema-elettromagnetico-la-societa-moderna-radiografata-con-irriverenza-da-gianni-carlin\/","og_locale":"fr_FR","og_type":"article","og_title":"Poema elettromagnetico. La societ\u00e0 moderna radiografata con irriverenza da Gianni Carlin - Bellunopress - Dolomiti","og_description":"Ironia, satira, provocazione, irriverenza, sberleffo della societ\u00e0 contemporanea. E&#8217; questo il mix e l&#8217;architettura dialettica che sorregge &#8220;Il poema Elettromagnetico&#8221; che l&#8217;eclettico artista e autore bellunese Gianni Carlin sta rappresentando in questo periodo al pubblico con il suo stile istrionico. Una societ\u00e0 decadente di polli in batteria fatti di identit\u00e0 vaghe con obblighi e doveri [&hellip;]","og_url":"https:\/\/www.bellunopress.it\/fr\/2022\/09\/25\/poema-elettromagnetico-la-societa-moderna-radiografata-con-irriverenza-da-gianni-carlin\/","og_site_name":"Bellunopress - Dolomiti","article_publisher":"https:\/\/www.facebook.com\/profile.php?id=100008943462799","article_published_time":"2022-09-25T09:30:28+00:00","og_image":[{"width":1000,"height":563,"url":"https:\/\/www.bellunopress.it\/wp-content\/uploads\/2022\/09\/Gianni-Carlin-poema-elettromagnetico_edited.jpg","type":"image\/jpeg"}],"author":"redazione","twitter_card":"summary_large_image","twitter_creator":"@bellunopress","twitter_site":"@bellunopress","twitter_misc":{"\u00c9crit par":"redazione","Dur\u00e9e de lecture estim\u00e9e":"3 minutes"},"schema":{"@context":"https:\/\/schema.org","@graph":[{"@type":"Article","@id":"https:\/\/www.bellunopress.it\/2022\/09\/25\/poema-elettromagnetico-la-societa-moderna-radiografata-con-irriverenza-da-gianni-carlin\/#article","isPartOf":{"@id":"https:\/\/www.bellunopress.it\/2022\/09\/25\/poema-elettromagnetico-la-societa-moderna-radiografata-con-irriverenza-da-gianni-carlin\/"},"author":{"name":"redazione","@id":"https:\/\/www.bellunopress.it\/#\/schema\/person\/79bb06722b37ece1c03d3e94beb30d73"},"headline":"Poema elettromagnetico. La societ\u00e0 moderna radiografata con irriverenza da Gianni Carlin","datePublished":"2022-09-25T09:30:28+00:00","mainEntityOfPage":{"@id":"https:\/\/www.bellunopress.it\/2022\/09\/25\/poema-elettromagnetico-la-societa-moderna-radiografata-con-irriverenza-da-gianni-carlin\/"},"wordCount":384,"publisher":{"@id":"https:\/\/www.bellunopress.it\/#organization"},"image":{"@id":"https:\/\/www.bellunopress.it\/2022\/09\/25\/poema-elettromagnetico-la-societa-moderna-radiografata-con-irriverenza-da-gianni-carlin\/#primaryimage"},"thumbnailUrl":"https:\/\/www.bellunopress.it\/wp-content\/uploads\/2022\/09\/Gianni-Carlin-poema-elettromagnetico_edited.jpg","articleSection":["Arte, Cultura, Spettacoli, Scienza","Pausa Caff\u00e8"],"inLanguage":"fr-FR"},{"@type":"WebPage","@id":"https:\/\/www.bellunopress.it\/2022\/09\/25\/poema-elettromagnetico-la-societa-moderna-radiografata-con-irriverenza-da-gianni-carlin\/","url":"https:\/\/www.bellunopress.it\/2022\/09\/25\/poema-elettromagnetico-la-societa-moderna-radiografata-con-irriverenza-da-gianni-carlin\/","name":"Poema elettromagnetico. La societ\u00e0 moderna radiografata con irriverenza da Gianni Carlin - Bellunopress - Dolomiti","isPartOf":{"@id":"https:\/\/www.bellunopress.it\/#website"},"primaryImageOfPage":{"@id":"https:\/\/www.bellunopress.it\/2022\/09\/25\/poema-elettromagnetico-la-societa-moderna-radiografata-con-irriverenza-da-gianni-carlin\/#primaryimage"},"image":{"@id":"https:\/\/www.bellunopress.it\/2022\/09\/25\/poema-elettromagnetico-la-societa-moderna-radiografata-con-irriverenza-da-gianni-carlin\/#primaryimage"},"thumbnailUrl":"https:\/\/www.bellunopress.it\/wp-content\/uploads\/2022\/09\/Gianni-Carlin-poema-elettromagnetico_edited.jpg","datePublished":"2022-09-25T09:30:28+00:00","breadcrumb":{"@id":"https:\/\/www.bellunopress.it\/2022\/09\/25\/poema-elettromagnetico-la-societa-moderna-radiografata-con-irriverenza-da-gianni-carlin\/#breadcrumb"},"inLanguage":"fr-FR","potentialAction":[{"@type":"ReadAction","target":["https:\/\/www.bellunopress.it\/2022\/09\/25\/poema-elettromagnetico-la-societa-moderna-radiografata-con-irriverenza-da-gianni-carlin\/"]}]},{"@type":"ImageObject","inLanguage":"fr-FR","@id":"https:\/\/www.bellunopress.it\/2022\/09\/25\/poema-elettromagnetico-la-societa-moderna-radiografata-con-irriverenza-da-gianni-carlin\/#primaryimage","url":"https:\/\/www.bellunopress.it\/wp-content\/uploads\/2022\/09\/Gianni-Carlin-poema-elettromagnetico_edited.jpg","contentUrl":"https:\/\/www.bellunopress.it\/wp-content\/uploads\/2022\/09\/Gianni-Carlin-poema-elettromagnetico_edited.jpg","width":1000,"height":563},{"@type":"BreadcrumbList","@id":"https:\/\/www.bellunopress.it\/2022\/09\/25\/poema-elettromagnetico-la-societa-moderna-radiografata-con-irriverenza-da-gianni-carlin\/#breadcrumb","itemListElement":[{"@type":"ListItem","position":1,"name":"Home","item":"https:\/\/www.bellunopress.it\/"},{"@type":"ListItem","position":2,"name":"Poema elettromagnetico. La societ\u00e0 moderna radiografata con irriverenza da Gianni Carlin"}]},{"@type":"WebSite","@id":"https:\/\/www.bellunopress.it\/#website","url":"https:\/\/www.bellunopress.it\/","name":"Bellunopress - Dolomiti","description":"e-mail: redazione@bellunopress.it","publisher":{"@id":"https:\/\/www.bellunopress.it\/#organization"},"potentialAction":[{"@type":"SearchAction","target":{"@type":"EntryPoint","urlTemplate":"https:\/\/www.bellunopress.it\/?s={search_term_string}"},"query-input":{"@type":"PropertyValueSpecification","valueRequired":true,"valueName":"search_term_string"}}],"inLanguage":"fr-FR"},{"@type":"Organization","@id":"https:\/\/www.bellunopress.it\/#organization","name":"Bellunopress","url":"https:\/\/www.bellunopress.it\/","logo":{"@type":"ImageObject","inLanguage":"fr-FR","@id":"https:\/\/www.bellunopress.it\/#\/schema\/logo\/image\/","url":"https:\/\/www.bellunopress.it\/wp-content\/uploads\/2011\/05\/cropped-logo-bellunopress-.jpg","contentUrl":"https:\/\/www.bellunopress.it\/wp-content\/uploads\/2011\/05\/cropped-logo-bellunopress-.jpg","width":512,"height":512,"caption":"Bellunopress"},"image":{"@id":"https:\/\/www.bellunopress.it\/#\/schema\/logo\/image\/"},"sameAs":["https:\/\/www.facebook.com\/profile.php?id=100008943462799","https:\/\/x.com\/bellunopress","https:\/\/www.linkedin.com\/hp\/?dnr=JBzUWaJfMUw8vbXJJ2tVW5-I3jZKvC4wsoxE&amp;amp;amp;amp;amp;amp;trk=nav_responsive_tab_home","https:\/\/www.youtube.com\/channel\/UCxL0wu1uN0_3_7hGG0306cw"]},{"@type":"Person","@id":"https:\/\/www.bellunopress.it\/#\/schema\/person\/79bb06722b37ece1c03d3e94beb30d73","name":"r\u00e9daction","image":{"@type":"ImageObject","inLanguage":"fr-FR","@id":"https:\/\/secure.gravatar.com\/avatar\/37d968a2e67a6fd04c169c4bdef102d0bc5d31b2546345219e348575eb80e9a0?s=96&d=mm&r=g","url":"https:\/\/secure.gravatar.com\/avatar\/37d968a2e67a6fd04c169c4bdef102d0bc5d31b2546345219e348575eb80e9a0?s=96&d=mm&r=g","contentUrl":"https:\/\/secure.gravatar.com\/avatar\/37d968a2e67a6fd04c169c4bdef102d0bc5d31b2546345219e348575eb80e9a0?s=96&d=mm&r=g","caption":"redazione"},"sameAs":["http:\/\/www.bellunopress.it","https:\/\/x.com\/bellunopress"],"url":"https:\/\/www.bellunopress.it\/fr\/author\/redazione\/"}]}},"_links":{"self":[{"href":"https:\/\/www.bellunopress.it\/fr\/wp-json\/wp\/v2\/posts\/136593","targetHints":{"allow":["GET"]}}],"collection":[{"href":"https:\/\/www.bellunopress.it\/fr\/wp-json\/wp\/v2\/posts"}],"about":[{"href":"https:\/\/www.bellunopress.it\/fr\/wp-json\/wp\/v2\/types\/post"}],"author":[{"embeddable":true,"href":"https:\/\/www.bellunopress.it\/fr\/wp-json\/wp\/v2\/users\/2"}],"replies":[{"embeddable":true,"href":"https:\/\/www.bellunopress.it\/fr\/wp-json\/wp\/v2\/comments?post=136593"}],"version-history":[{"count":1,"href":"https:\/\/www.bellunopress.it\/fr\/wp-json\/wp\/v2\/posts\/136593\/revisions"}],"predecessor-version":[{"id":136596,"href":"https:\/\/www.bellunopress.it\/fr\/wp-json\/wp\/v2\/posts\/136593\/revisions\/136596"}],"wp:featuredmedia":[{"embeddable":true,"href":"https:\/\/www.bellunopress.it\/fr\/wp-json\/wp\/v2\/media\/136594"}],"wp:attachment":[{"href":"https:\/\/www.bellunopress.it\/fr\/wp-json\/wp\/v2\/media?parent=136593"}],"wp:term":[{"taxonomy":"category","embeddable":true,"href":"https:\/\/www.bellunopress.it\/fr\/wp-json\/wp\/v2\/categories?post=136593"},{"taxonomy":"post_tag","embeddable":true,"href":"https:\/\/www.bellunopress.it\/fr\/wp-json\/wp\/v2\/tags?post=136593"}],"curies":[{"name":"wp","href":"https:\/\/api.w.org\/{rel}","templated":true}]}}