{"id":136590,"date":"2022-09-24T07:59:52","date_gmt":"2022-09-24T05:59:52","guid":{"rendered":"https:\/\/www.bellunopress.it\/?p=136590"},"modified":"2022-09-24T20:12:18","modified_gmt":"2022-09-24T18:12:18","slug":"modena-motor-gallery-2022-sabato-e-domenica-la-10ma-edizione","status":"publish","type":"post","link":"https:\/\/www.bellunopress.it\/fr\/2022\/09\/24\/modena-motor-gallery-2022-sabato-e-domenica-la-10ma-edizione\/","title":{"rendered":"Modena Motor Gallery 2022. Sabato e domenica la 10ma edizione"},"content":{"rendered":"<p><img loading=\"lazy\" decoding=\"async\" class=\"alignleft size-full wp-image-136591\" src=\"https:\/\/www.bellunopress.it\/wp-content\/uploads\/2022\/09\/Jaguar-Modena-Fiere_edited.jpg\" alt=\"\" width=\"939\" height=\"709\" srcset=\"https:\/\/www.bellunopress.it\/wp-content\/uploads\/2022\/09\/Jaguar-Modena-Fiere_edited.jpg 939w, https:\/\/www.bellunopress.it\/wp-content\/uploads\/2022\/09\/Jaguar-Modena-Fiere_edited-500x378.jpg 500w, https:\/\/www.bellunopress.it\/wp-content\/uploads\/2022\/09\/Jaguar-Modena-Fiere_edited-696x526.jpg 696w, https:\/\/www.bellunopress.it\/wp-content\/uploads\/2022\/09\/Jaguar-Modena-Fiere_edited-556x420.jpg 556w, https:\/\/www.bellunopress.it\/wp-content\/uploads\/2022\/09\/Jaguar-Modena-Fiere_edited-80x60.jpg 80w\" sizes=\"auto, (max-width: 939px) 100vw, 939px\" \/>Una grande festa dei motori e non solo. Modena Motor Gallery 2022, l\u2019edizione del<br \/>\ndecennale, in programma nei giorni 24 e 25 Settembre 2022, in collaborazione con ModenaFiere, omaggia Tazio Nuvolari, in occasione dei 130 anni dalla nascita. Il mito del grande pilota, ritenuto da Enzo Ferrari e Ferdinand Porsche il pi\u00f9 grande pilota di tutti i tempi, quest&#8217;anno \u00e8 celebrato con una mostra a lui dedicata. Tazio Nuvolari, detto il mantovano volante, oppure Nivola, come riconosciuto universalmente da tifosi e appassionati, non \u00e8 solo un grande pilota del passato, \u00e8 una figura eroica, leggendaria che<br \/>\nconoscono e ricordano non solo i tifosi delle corse automobilistiche. Diventato una icona di un\u2019epoca e di un modo di essere intrepido. La mostra intitolata \u201cIl campione di ieri: Nuvolari 130 anni\u201d, realizzata in collaborazione con la Scuderia Tazio Nuvolari Italia, lo ricorder\u00e0 al pubblico per le sue gesta irripetibili, in una scenografia coinvolgente, con filmati d\u2019epoca e gigantografie, saranno esposti alcuni modelli significativi di moto e auto con le quali Nuvolari ha gareggiato, accessori e cimeli che ne testimoniano la vita e la carriera.<br \/>\nA fianco della mostra su Nuvolari vi sar\u00e0 \u201cVilleneuve 40\u201d un omaggio a Gilles Villeneuve, l\u2019unico pilota che il Drake paragon\u00f2 a Tazio Nuvolari; cimeli e accessori appartenuti al \u2018canadese volante\u2019 lo ricorderanno a 40 anni dalla scomparsa.<\/p>\n<p>Alle due prestigiose proposte rivolte al passato, si affianca un suggestivo allestimento tutto dedicato al presente e al futuro: la Galleria centrale della fiera offrir\u00e0 uno straordinario colpo d\u2019occhio di bellezza ed emozioni ospitando una ricca esposizione di auto spider e cabriolet moderne prodotte nella Motor Valley, come ad esempio la Maserati Gran Cabrio, la Ferrari F8 Spider, la Lamborghini Aventador S Roadster, o ancora la Pagani Huayra Roadster Tricolore e la Dallara stradale. Una rassegna intitolata \u201cLe Spider di oggi della Motor Valley\u201d che sar\u00e0 sicuramente un appuntamento imperdibile per tutti gli appassionati delle auto aperte.<br \/>\nMa l\u2019evento modenese non dimentica di essere il \u2018salotto buono del motorismo d\u2019epoca\u2019 e dedica un ulteriore omaggio ad una protagonista della storia dell\u2019auto: la Giulia. Verr\u00e0 infatti allestita una mostra intitolata \u201cHappy Birthday Giulia\u201d, in occasione del 60esimo compleanno, nella quale si potranno ammirare tutte le varianti prodotte.<\/p>\n<p>Come \u00e8 consueto per\u00f2 la manifestazione riserver\u00e0 un ruolo da protagonista anche alle due ruote, con un\u2019area appositamente dedicata alle moto, curata dal Motoclub2000, che racconta un periodo della storia del nostro Paese, attraverso quello che fu un vero e proprio fenomeno di costume degli anni \u201870; con la mostra \u201c50 cinquantini\u201d i visitatori potranno rivivere, o i pi\u00f9 giovani scoprire, l\u2019epopea dei motorini da 50cc che per i ragazzi e le ragazze di allora rappresentavano la libert\u00e0, l\u2019autonomia, e che molti \u2018truccavano\u2019 potenziandoli e creando un diffuso comportamento sociale. I Ciao, i Piaggio, i Bravo, i Boxer erano quelli pi\u00f9 \u2018cittadini\u2019, ma anche i Malanca, i Motobi e altri pi\u00f9 sportivi, hanno davvero segnato un\u2019epoca e per chi era giovane in quegli anni sar\u00e0 un vero tuffo al cuore ritrovarseli davanti, mentre per i ragazzi di oggi saranno una tenera scoperta.<br \/>\nI popolari giornalisti Giorgio Terruzzi, Leo Turrini, Mario Donnini saranno alcuni dei prestigiosi ospiti che animeranno il programma culturale della manifestazione, insieme agli autori Giancarlo Catarsi ed Emiliano Tozzi, gli artisti Gennaro Graziano e Filippo Di Mario, la regista Stefania Centonze, che proporr\u00e0, oltre a mostre, talk show, interviste, proiezioni e, per la prima volta, in questo scenario di potenza e bellezza, sfilate di moda e performance tra le auto,a cura di Creative Lab, laboratorio ideato dalla fashion design Patrizia<br \/>\nArgilli. Poi ancora raduni ed altre sorprese per rendere i visitatori protagonisti. Sar\u00e0 un evento con finalit\u00e0 culturali e commerciali in un\u2019atmosfera glamour!<br \/>\nGli incontri dedicati ad esperti ed addetti ai lavori comprende anche un significativo talk show che vedr\u00e0 alcuni giovani imprenditori del settore tra i pi\u00f9 importanti a livello nazionale confrontarsi sul tema \u201cIl mercato dell\u2019auto d\u2019epoca tra tradizione e innovazione\u201d.<br \/>\nCome ogni anno la manifestazione sar\u00e0 impreziosita da una serie di presenze istituzionali come le Forze dell\u2019Ordine, Unimore, l\u2019Autodromo di Marzaglia, l\u2019I.I.S. Ferrari di Maranello,i Musei privati Panini, Stanguellini, Righini, i club motoristici cittadini e aziende prestigiose e qualificate.<br \/>\nLa manifestazione, organizzata da Vision Up e ModenaFiere, \u00e8 realizzata in partnership con ACI Storico, Motor Valley Development e BPER Banca, con il sostegno di Camera di Commercio di Modena, Comune di Modena, Fondazione di Modena e con il supporto di B.I.G. Broker Insurance group.<\/p>","protected":false},"excerpt":{"rendered":"<p>Una grande festa dei motori e non solo. Modena Motor Gallery 2022, l\u2019edizione del decennale, in programma nei giorni 24 e 25 Settembre 2022, in collaborazione con ModenaFiere, omaggia Tazio Nuvolari, in occasione dei 130 anni dalla nascita. Il mito del grande pilota, ritenuto da Enzo Ferrari e Ferdinand Porsche il pi\u00f9 grande pilota di [&hellip;]<\/p>\n","protected":false},"author":2,"featured_media":136591,"comment_status":"closed","ping_status":"open","sticky":false,"template":"","format":"standard","meta":{"footnotes":""},"categories":[4],"tags":[],"class_list":["post-136590","post","type-post","status-publish","format-standard","has-post-thumbnail","category-sport"],"yoast_head":"<!-- This site is optimized with the Yoast SEO plugin v28.4 - https:\/\/yoast.com\/product\/yoast-seo-wordpress\/ -->\n<title>Modena Motor Gallery 2022. Sabato e domenica la 10ma edizione - Bellunopress - Dolomiti<\/title>\n<meta name=\"robots\" content=\"index, follow, max-snippet:-1, max-image-preview:large, max-video-preview:-1\" \/>\n<link rel=\"canonical\" href=\"https:\/\/www.bellunopress.it\/fr\/2022\/09\/24\/modena-motor-gallery-2022-sabato-e-domenica-la-10ma-edizione\/\" \/>\n<meta property=\"og:locale\" content=\"fr_FR\" \/>\n<meta property=\"og:type\" content=\"article\" \/>\n<meta property=\"og:title\" content=\"Modena Motor Gallery 2022. Sabato e domenica la 10ma edizione - Bellunopress - Dolomiti\" \/>\n<meta property=\"og:description\" content=\"Una grande festa dei motori e non solo. Modena Motor Gallery 2022, l\u2019edizione del decennale, in programma nei giorni 24 e 25 Settembre 2022, in collaborazione con ModenaFiere, omaggia Tazio Nuvolari, in occasione dei 130 anni dalla nascita. Il mito del grande pilota, ritenuto da Enzo Ferrari e Ferdinand Porsche il pi\u00f9 grande pilota di [&hellip;]\" \/>\n<meta property=\"og:url\" content=\"https:\/\/www.bellunopress.it\/fr\/2022\/09\/24\/modena-motor-gallery-2022-sabato-e-domenica-la-10ma-edizione\/\" \/>\n<meta property=\"og:site_name\" content=\"Bellunopress - Dolomiti\" \/>\n<meta property=\"article:publisher\" content=\"https:\/\/www.facebook.com\/profile.php?id=100008943462799\" \/>\n<meta property=\"article:published_time\" content=\"2022-09-24T05:59:52+00:00\" \/>\n<meta property=\"article:modified_time\" content=\"2022-09-24T18:12:18+00:00\" \/>\n<meta property=\"og:image\" content=\"https:\/\/www.bellunopress.it\/wp-content\/uploads\/2022\/09\/Jaguar-Modena-Fiere_edited.jpg\" \/>\n\t<meta property=\"og:image:width\" content=\"939\" \/>\n\t<meta property=\"og:image:height\" content=\"709\" \/>\n\t<meta property=\"og:image:type\" content=\"image\/jpeg\" \/>\n<meta name=\"author\" content=\"redazione\" \/>\n<meta name=\"twitter:card\" content=\"summary_large_image\" \/>\n<meta name=\"twitter:creator\" content=\"@bellunopress\" \/>\n<meta name=\"twitter:site\" content=\"@bellunopress\" \/>\n<meta name=\"twitter:label1\" content=\"\u00c9crit par\" \/>\n\t<meta name=\"twitter:data1\" content=\"redazione\" \/>\n\t<meta name=\"twitter:label2\" content=\"Dur\u00e9e de lecture estim\u00e9e\" \/>\n\t<meta name=\"twitter:data2\" content=\"5 minutes\" \/>\n<script type=\"application\/ld+json\" class=\"yoast-schema-graph\">{\"@context\":\"https:\\\/\\\/schema.org\",\"@graph\":[{\"@type\":\"Article\",\"@id\":\"https:\\\/\\\/www.bellunopress.it\\\/2022\\\/09\\\/24\\\/modena-motor-gallery-2022-sabato-e-domenica-la-10ma-edizione\\\/#article\",\"isPartOf\":{\"@id\":\"https:\\\/\\\/www.bellunopress.it\\\/2022\\\/09\\\/24\\\/modena-motor-gallery-2022-sabato-e-domenica-la-10ma-edizione\\\/\"},\"author\":{\"name\":\"redazione\",\"@id\":\"https:\\\/\\\/www.bellunopress.it\\\/#\\\/schema\\\/person\\\/79bb06722b37ece1c03d3e94beb30d73\"},\"headline\":\"Modena Motor Gallery 2022. Sabato e domenica la 10ma edizione\",\"datePublished\":\"2022-09-24T05:59:52+00:00\",\"dateModified\":\"2022-09-24T18:12:18+00:00\",\"mainEntityOfPage\":{\"@id\":\"https:\\\/\\\/www.bellunopress.it\\\/2022\\\/09\\\/24\\\/modena-motor-gallery-2022-sabato-e-domenica-la-10ma-edizione\\\/\"},\"wordCount\":753,\"publisher\":{\"@id\":\"https:\\\/\\\/www.bellunopress.it\\\/#organization\"},\"image\":{\"@id\":\"https:\\\/\\\/www.bellunopress.it\\\/2022\\\/09\\\/24\\\/modena-motor-gallery-2022-sabato-e-domenica-la-10ma-edizione\\\/#primaryimage\"},\"thumbnailUrl\":\"https:\\\/\\\/www.bellunopress.it\\\/wp-content\\\/uploads\\\/2022\\\/09\\\/Jaguar-Modena-Fiere_edited.jpg\",\"articleSection\":[\"Sport, tempo libero\"],\"inLanguage\":\"fr-FR\"},{\"@type\":\"WebPage\",\"@id\":\"https:\\\/\\\/www.bellunopress.it\\\/2022\\\/09\\\/24\\\/modena-motor-gallery-2022-sabato-e-domenica-la-10ma-edizione\\\/\",\"url\":\"https:\\\/\\\/www.bellunopress.it\\\/2022\\\/09\\\/24\\\/modena-motor-gallery-2022-sabato-e-domenica-la-10ma-edizione\\\/\",\"name\":\"Modena Motor Gallery 2022. Sabato e domenica la 10ma edizione - Bellunopress - Dolomiti\",\"isPartOf\":{\"@id\":\"https:\\\/\\\/www.bellunopress.it\\\/#website\"},\"primaryImageOfPage\":{\"@id\":\"https:\\\/\\\/www.bellunopress.it\\\/2022\\\/09\\\/24\\\/modena-motor-gallery-2022-sabato-e-domenica-la-10ma-edizione\\\/#primaryimage\"},\"image\":{\"@id\":\"https:\\\/\\\/www.bellunopress.it\\\/2022\\\/09\\\/24\\\/modena-motor-gallery-2022-sabato-e-domenica-la-10ma-edizione\\\/#primaryimage\"},\"thumbnailUrl\":\"https:\\\/\\\/www.bellunopress.it\\\/wp-content\\\/uploads\\\/2022\\\/09\\\/Jaguar-Modena-Fiere_edited.jpg\",\"datePublished\":\"2022-09-24T05:59:52+00:00\",\"dateModified\":\"2022-09-24T18:12:18+00:00\",\"breadcrumb\":{\"@id\":\"https:\\\/\\\/www.bellunopress.it\\\/2022\\\/09\\\/24\\\/modena-motor-gallery-2022-sabato-e-domenica-la-10ma-edizione\\\/#breadcrumb\"},\"inLanguage\":\"fr-FR\",\"potentialAction\":[{\"@type\":\"ReadAction\",\"target\":[\"https:\\\/\\\/www.bellunopress.it\\\/2022\\\/09\\\/24\\\/modena-motor-gallery-2022-sabato-e-domenica-la-10ma-edizione\\\/\"]}]},{\"@type\":\"ImageObject\",\"inLanguage\":\"fr-FR\",\"@id\":\"https:\\\/\\\/www.bellunopress.it\\\/2022\\\/09\\\/24\\\/modena-motor-gallery-2022-sabato-e-domenica-la-10ma-edizione\\\/#primaryimage\",\"url\":\"https:\\\/\\\/www.bellunopress.it\\\/wp-content\\\/uploads\\\/2022\\\/09\\\/Jaguar-Modena-Fiere_edited.jpg\",\"contentUrl\":\"https:\\\/\\\/www.bellunopress.it\\\/wp-content\\\/uploads\\\/2022\\\/09\\\/Jaguar-Modena-Fiere_edited.jpg\",\"width\":939,\"height\":709},{\"@type\":\"BreadcrumbList\",\"@id\":\"https:\\\/\\\/www.bellunopress.it\\\/2022\\\/09\\\/24\\\/modena-motor-gallery-2022-sabato-e-domenica-la-10ma-edizione\\\/#breadcrumb\",\"itemListElement\":[{\"@type\":\"ListItem\",\"position\":1,\"name\":\"Home\",\"item\":\"https:\\\/\\\/www.bellunopress.it\\\/\"},{\"@type\":\"ListItem\",\"position\":2,\"name\":\"Modena Motor Gallery 2022. Sabato e domenica la 10ma edizione\"}]},{\"@type\":\"WebSite\",\"@id\":\"https:\\\/\\\/www.bellunopress.it\\\/#website\",\"url\":\"https:\\\/\\\/www.bellunopress.it\\\/\",\"name\":\"Bellunopress - Dolomiti\",\"description\":\"e-mail: redazione@bellunopress.it\",\"publisher\":{\"@id\":\"https:\\\/\\\/www.bellunopress.it\\\/#organization\"},\"potentialAction\":[{\"@type\":\"SearchAction\",\"target\":{\"@type\":\"EntryPoint\",\"urlTemplate\":\"https:\\\/\\\/www.bellunopress.it\\\/?s={search_term_string}\"},\"query-input\":{\"@type\":\"PropertyValueSpecification\",\"valueRequired\":true,\"valueName\":\"search_term_string\"}}],\"inLanguage\":\"fr-FR\"},{\"@type\":\"Organization\",\"@id\":\"https:\\\/\\\/www.bellunopress.it\\\/#organization\",\"name\":\"Bellunopress\",\"url\":\"https:\\\/\\\/www.bellunopress.it\\\/\",\"logo\":{\"@type\":\"ImageObject\",\"inLanguage\":\"fr-FR\",\"@id\":\"https:\\\/\\\/www.bellunopress.it\\\/#\\\/schema\\\/logo\\\/image\\\/\",\"url\":\"https:\\\/\\\/www.bellunopress.it\\\/wp-content\\\/uploads\\\/2011\\\/05\\\/cropped-logo-bellunopress-.jpg\",\"contentUrl\":\"https:\\\/\\\/www.bellunopress.it\\\/wp-content\\\/uploads\\\/2011\\\/05\\\/cropped-logo-bellunopress-.jpg\",\"width\":512,\"height\":512,\"caption\":\"Bellunopress\"},\"image\":{\"@id\":\"https:\\\/\\\/www.bellunopress.it\\\/#\\\/schema\\\/logo\\\/image\\\/\"},\"sameAs\":[\"https:\\\/\\\/www.facebook.com\\\/profile.php?id=100008943462799\",\"https:\\\/\\\/x.com\\\/bellunopress\",\"https:\\\/\\\/www.linkedin.com\\\/hp\\\/?dnr=JBzUWaJfMUw8vbXJJ2tVW5-I3jZKvC4wsoxE&amp;amp;amp;amp;amp;amp;trk=nav_responsive_tab_home\",\"https:\\\/\\\/www.youtube.com\\\/channel\\\/UCxL0wu1uN0_3_7hGG0306cw\"]},{\"@type\":\"Person\",\"@id\":\"https:\\\/\\\/www.bellunopress.it\\\/#\\\/schema\\\/person\\\/79bb06722b37ece1c03d3e94beb30d73\",\"name\":\"redazione\",\"image\":{\"@type\":\"ImageObject\",\"inLanguage\":\"fr-FR\",\"@id\":\"https:\\\/\\\/secure.gravatar.com\\\/avatar\\\/37d968a2e67a6fd04c169c4bdef102d0bc5d31b2546345219e348575eb80e9a0?s=96&d=mm&r=g\",\"url\":\"https:\\\/\\\/secure.gravatar.com\\\/avatar\\\/37d968a2e67a6fd04c169c4bdef102d0bc5d31b2546345219e348575eb80e9a0?s=96&d=mm&r=g\",\"contentUrl\":\"https:\\\/\\\/secure.gravatar.com\\\/avatar\\\/37d968a2e67a6fd04c169c4bdef102d0bc5d31b2546345219e348575eb80e9a0?s=96&d=mm&r=g\",\"caption\":\"redazione\"},\"sameAs\":[\"http:\\\/\\\/www.bellunopress.it\",\"https:\\\/\\\/x.com\\\/bellunopress\"],\"url\":\"https:\\\/\\\/www.bellunopress.it\\\/fr\\\/author\\\/redazione\\\/\"}]}<\/script>\n<!-- \/ Yoast SEO plugin. -->","yoast_head_json":{"title":"Modena Motor Gallery 2022. Sabato e domenica la 10ma edizione - Bellunopress - Dolomiti","robots":{"index":"index","follow":"follow","max-snippet":"max-snippet:-1","max-image-preview":"max-image-preview:large","max-video-preview":"max-video-preview:-1"},"canonical":"https:\/\/www.bellunopress.it\/fr\/2022\/09\/24\/modena-motor-gallery-2022-sabato-e-domenica-la-10ma-edizione\/","og_locale":"fr_FR","og_type":"article","og_title":"Modena Motor Gallery 2022. Sabato e domenica la 10ma edizione - Bellunopress - Dolomiti","og_description":"Una grande festa dei motori e non solo. Modena Motor Gallery 2022, l\u2019edizione del decennale, in programma nei giorni 24 e 25 Settembre 2022, in collaborazione con ModenaFiere, omaggia Tazio Nuvolari, in occasione dei 130 anni dalla nascita. Il mito del grande pilota, ritenuto da Enzo Ferrari e Ferdinand Porsche il pi\u00f9 grande pilota di [&hellip;]","og_url":"https:\/\/www.bellunopress.it\/fr\/2022\/09\/24\/modena-motor-gallery-2022-sabato-e-domenica-la-10ma-edizione\/","og_site_name":"Bellunopress - Dolomiti","article_publisher":"https:\/\/www.facebook.com\/profile.php?id=100008943462799","article_published_time":"2022-09-24T05:59:52+00:00","article_modified_time":"2022-09-24T18:12:18+00:00","og_image":[{"width":939,"height":709,"url":"https:\/\/www.bellunopress.it\/wp-content\/uploads\/2022\/09\/Jaguar-Modena-Fiere_edited.jpg","type":"image\/jpeg"}],"author":"redazione","twitter_card":"summary_large_image","twitter_creator":"@bellunopress","twitter_site":"@bellunopress","twitter_misc":{"\u00c9crit par":"redazione","Dur\u00e9e de lecture estim\u00e9e":"5 minutes"},"schema":{"@context":"https:\/\/schema.org","@graph":[{"@type":"Article","@id":"https:\/\/www.bellunopress.it\/2022\/09\/24\/modena-motor-gallery-2022-sabato-e-domenica-la-10ma-edizione\/#article","isPartOf":{"@id":"https:\/\/www.bellunopress.it\/2022\/09\/24\/modena-motor-gallery-2022-sabato-e-domenica-la-10ma-edizione\/"},"author":{"name":"redazione","@id":"https:\/\/www.bellunopress.it\/#\/schema\/person\/79bb06722b37ece1c03d3e94beb30d73"},"headline":"Modena Motor Gallery 2022. Sabato e domenica la 10ma edizione","datePublished":"2022-09-24T05:59:52+00:00","dateModified":"2022-09-24T18:12:18+00:00","mainEntityOfPage":{"@id":"https:\/\/www.bellunopress.it\/2022\/09\/24\/modena-motor-gallery-2022-sabato-e-domenica-la-10ma-edizione\/"},"wordCount":753,"publisher":{"@id":"https:\/\/www.bellunopress.it\/#organization"},"image":{"@id":"https:\/\/www.bellunopress.it\/2022\/09\/24\/modena-motor-gallery-2022-sabato-e-domenica-la-10ma-edizione\/#primaryimage"},"thumbnailUrl":"https:\/\/www.bellunopress.it\/wp-content\/uploads\/2022\/09\/Jaguar-Modena-Fiere_edited.jpg","articleSection":["Sport, tempo libero"],"inLanguage":"fr-FR"},{"@type":"WebPage","@id":"https:\/\/www.bellunopress.it\/2022\/09\/24\/modena-motor-gallery-2022-sabato-e-domenica-la-10ma-edizione\/","url":"https:\/\/www.bellunopress.it\/2022\/09\/24\/modena-motor-gallery-2022-sabato-e-domenica-la-10ma-edizione\/","name":"Modena Motor Gallery 2022. Sabato e domenica la 10ma edizione - Bellunopress - Dolomiti","isPartOf":{"@id":"https:\/\/www.bellunopress.it\/#website"},"primaryImageOfPage":{"@id":"https:\/\/www.bellunopress.it\/2022\/09\/24\/modena-motor-gallery-2022-sabato-e-domenica-la-10ma-edizione\/#primaryimage"},"image":{"@id":"https:\/\/www.bellunopress.it\/2022\/09\/24\/modena-motor-gallery-2022-sabato-e-domenica-la-10ma-edizione\/#primaryimage"},"thumbnailUrl":"https:\/\/www.bellunopress.it\/wp-content\/uploads\/2022\/09\/Jaguar-Modena-Fiere_edited.jpg","datePublished":"2022-09-24T05:59:52+00:00","dateModified":"2022-09-24T18:12:18+00:00","breadcrumb":{"@id":"https:\/\/www.bellunopress.it\/2022\/09\/24\/modena-motor-gallery-2022-sabato-e-domenica-la-10ma-edizione\/#breadcrumb"},"inLanguage":"fr-FR","potentialAction":[{"@type":"ReadAction","target":["https:\/\/www.bellunopress.it\/2022\/09\/24\/modena-motor-gallery-2022-sabato-e-domenica-la-10ma-edizione\/"]}]},{"@type":"ImageObject","inLanguage":"fr-FR","@id":"https:\/\/www.bellunopress.it\/2022\/09\/24\/modena-motor-gallery-2022-sabato-e-domenica-la-10ma-edizione\/#primaryimage","url":"https:\/\/www.bellunopress.it\/wp-content\/uploads\/2022\/09\/Jaguar-Modena-Fiere_edited.jpg","contentUrl":"https:\/\/www.bellunopress.it\/wp-content\/uploads\/2022\/09\/Jaguar-Modena-Fiere_edited.jpg","width":939,"height":709},{"@type":"BreadcrumbList","@id":"https:\/\/www.bellunopress.it\/2022\/09\/24\/modena-motor-gallery-2022-sabato-e-domenica-la-10ma-edizione\/#breadcrumb","itemListElement":[{"@type":"ListItem","position":1,"name":"Home","item":"https:\/\/www.bellunopress.it\/"},{"@type":"ListItem","position":2,"name":"Modena Motor Gallery 2022. Sabato e domenica la 10ma edizione"}]},{"@type":"WebSite","@id":"https:\/\/www.bellunopress.it\/#website","url":"https:\/\/www.bellunopress.it\/","name":"Bellunopress - Dolomiti","description":"e-mail: redazione@bellunopress.it","publisher":{"@id":"https:\/\/www.bellunopress.it\/#organization"},"potentialAction":[{"@type":"SearchAction","target":{"@type":"EntryPoint","urlTemplate":"https:\/\/www.bellunopress.it\/?s={search_term_string}"},"query-input":{"@type":"PropertyValueSpecification","valueRequired":true,"valueName":"search_term_string"}}],"inLanguage":"fr-FR"},{"@type":"Organization","@id":"https:\/\/www.bellunopress.it\/#organization","name":"Bellunopress","url":"https:\/\/www.bellunopress.it\/","logo":{"@type":"ImageObject","inLanguage":"fr-FR","@id":"https:\/\/www.bellunopress.it\/#\/schema\/logo\/image\/","url":"https:\/\/www.bellunopress.it\/wp-content\/uploads\/2011\/05\/cropped-logo-bellunopress-.jpg","contentUrl":"https:\/\/www.bellunopress.it\/wp-content\/uploads\/2011\/05\/cropped-logo-bellunopress-.jpg","width":512,"height":512,"caption":"Bellunopress"},"image":{"@id":"https:\/\/www.bellunopress.it\/#\/schema\/logo\/image\/"},"sameAs":["https:\/\/www.facebook.com\/profile.php?id=100008943462799","https:\/\/x.com\/bellunopress","https:\/\/www.linkedin.com\/hp\/?dnr=JBzUWaJfMUw8vbXJJ2tVW5-I3jZKvC4wsoxE&amp;amp;amp;amp;amp;amp;trk=nav_responsive_tab_home","https:\/\/www.youtube.com\/channel\/UCxL0wu1uN0_3_7hGG0306cw"]},{"@type":"Person","@id":"https:\/\/www.bellunopress.it\/#\/schema\/person\/79bb06722b37ece1c03d3e94beb30d73","name":"r\u00e9daction","image":{"@type":"ImageObject","inLanguage":"fr-FR","@id":"https:\/\/secure.gravatar.com\/avatar\/37d968a2e67a6fd04c169c4bdef102d0bc5d31b2546345219e348575eb80e9a0?s=96&d=mm&r=g","url":"https:\/\/secure.gravatar.com\/avatar\/37d968a2e67a6fd04c169c4bdef102d0bc5d31b2546345219e348575eb80e9a0?s=96&d=mm&r=g","contentUrl":"https:\/\/secure.gravatar.com\/avatar\/37d968a2e67a6fd04c169c4bdef102d0bc5d31b2546345219e348575eb80e9a0?s=96&d=mm&r=g","caption":"redazione"},"sameAs":["http:\/\/www.bellunopress.it","https:\/\/x.com\/bellunopress"],"url":"https:\/\/www.bellunopress.it\/fr\/author\/redazione\/"}]}},"_links":{"self":[{"href":"https:\/\/www.bellunopress.it\/fr\/wp-json\/wp\/v2\/posts\/136590","targetHints":{"allow":["GET"]}}],"collection":[{"href":"https:\/\/www.bellunopress.it\/fr\/wp-json\/wp\/v2\/posts"}],"about":[{"href":"https:\/\/www.bellunopress.it\/fr\/wp-json\/wp\/v2\/types\/post"}],"author":[{"embeddable":true,"href":"https:\/\/www.bellunopress.it\/fr\/wp-json\/wp\/v2\/users\/2"}],"replies":[{"embeddable":true,"href":"https:\/\/www.bellunopress.it\/fr\/wp-json\/wp\/v2\/comments?post=136590"}],"version-history":[{"count":1,"href":"https:\/\/www.bellunopress.it\/fr\/wp-json\/wp\/v2\/posts\/136590\/revisions"}],"predecessor-version":[{"id":136592,"href":"https:\/\/www.bellunopress.it\/fr\/wp-json\/wp\/v2\/posts\/136590\/revisions\/136592"}],"wp:featuredmedia":[{"embeddable":true,"href":"https:\/\/www.bellunopress.it\/fr\/wp-json\/wp\/v2\/media\/136591"}],"wp:attachment":[{"href":"https:\/\/www.bellunopress.it\/fr\/wp-json\/wp\/v2\/media?parent=136590"}],"wp:term":[{"taxonomy":"category","embeddable":true,"href":"https:\/\/www.bellunopress.it\/fr\/wp-json\/wp\/v2\/categories?post=136590"},{"taxonomy":"post_tag","embeddable":true,"href":"https:\/\/www.bellunopress.it\/fr\/wp-json\/wp\/v2\/tags?post=136590"}],"curies":[{"name":"wp","href":"https:\/\/api.w.org\/{rel}","templated":true}]}}