{"id":136587,"date":"2022-09-24T14:29:28","date_gmt":"2022-09-24T12:29:28","guid":{"rendered":"https:\/\/www.bellunopress.it\/?p=136587"},"modified":"2022-09-24T14:29:28","modified_gmt":"2022-09-24T12:29:28","slug":"oltre-le-vette-metafore-uomini-luoghi-della-montagna-a-belluno-dal-7-al-16-ottobre-2022","status":"publish","type":"post","link":"https:\/\/www.bellunopress.it\/fr\/2022\/09\/24\/oltre-le-vette-metafore-uomini-luoghi-della-montagna-a-belluno-dal-7-al-16-ottobre-2022\/","title":{"rendered":"Oltre le vette \u2013 Metafore, uomini, luoghi della montagna. A Belluno dal 7 al 16 ottobre 2022"},"content":{"rendered":"<p><em><strong>Oltre 40 eventi in calendario, per la prima volta la rassegna coinvolge i comuni di<\/strong><\/em><br \/>\n<em><strong>Alpago, Agordo, Cesiomaggiore, Sedico, Val di Zoldo<\/strong><\/em><\/p>\n<p><img loading=\"lazy\" decoding=\"async\" class=\"alignleft size-full wp-image-136180\" src=\"https:\/\/www.bellunopress.it\/wp-content\/uploads\/2022\/09\/Oltre-le-vette-2022.jpg\" alt=\"\" width=\"1000\" height=\"714\" srcset=\"https:\/\/www.bellunopress.it\/wp-content\/uploads\/2022\/09\/Oltre-le-vette-2022.jpg 1000w, https:\/\/www.bellunopress.it\/wp-content\/uploads\/2022\/09\/Oltre-le-vette-2022-500x357.jpg 500w, https:\/\/www.bellunopress.it\/wp-content\/uploads\/2022\/09\/Oltre-le-vette-2022-696x497.jpg 696w, https:\/\/www.bellunopress.it\/wp-content\/uploads\/2022\/09\/Oltre-le-vette-2022-588x420.jpg 588w, https:\/\/www.bellunopress.it\/wp-content\/uploads\/2022\/09\/Oltre-le-vette-2022-100x70.jpg 100w\" sizes=\"auto, (max-width: 1000px) 100vw, 1000px\" \/>Si svolger\u00e0 come di consueto nella prima met\u00e0 del mese di ottobre a Belluno la 26ma<br \/>\nedizione di Oltre le vette \u2013 Metafore, uomini, luoghi della montagna, manifestazione<br \/>\ndell\u2019assessorato alla cultura del Comune di Belluno organizzata insieme alla Fondazione<br \/>\nTeatri delle Dolomiti.<br \/>\nIl tema di quest\u2019anno \u00e8 La montagna: limiti e libert\u00e0 e proprio su questa apparente<br \/>\ncontraddizione il pubblico \u00e8 invitato a riflettere attraverso gli oltre 40 eventi proposti, che<br \/>\nper la prima volta coinvolgono 6 comuni e diverse sedi del capoluogo, a dimostrazione che<br \/>\nOltre le vette pu\u00f2 essere davvero un punto di riferimento culturale per l\u2019intero territorio.<br \/>\nUn\u2019altra novit\u00e0 \u00e8 l\u2019utilizzo di Palazzo Bembo come cornice per molti eventi: nelle<br \/>\naccoglienti sale dell\u2019ex ospedale cittadino, nel nuovo moderno quartiere nel cuore del<br \/>\ncentro storico, saranno infatti allestite due mostre e saranno presentati i tanti scrittori<br \/>\nospiti della rassegna e le loro opere.<br \/>\nSono confermate anche in questa edizione le storiche collaborazioni con la Fondazione<br \/>\nDolomiti UNESCO, il Parco Nazionale Dolomiti Bellunesi, il CAI \u2013 Club Alpino<br \/>\nItaliano, la Provincia di Belluno, la Fondazione Angelini \u2013 Centro Studi sulla Montagna e<br \/>\nnumerosi altri enti ed associazioni del territorio che cooperano per la definizione di un<br \/>\nprogramma davvero articolato.<br \/>\nOltre Le Vette gode del patrocinio di Ministero della transizione ecologica, Regione<br \/>\nVeneto, Convenzione delle Alpi, Trento Film Festival, Provincia di Belluno, Unione montana<br \/>\nbellunese, Comune di Agordo, Comune di Alpago, Comune di Cesiomaggiore, Comune di<br \/>\nPonte nelle Alpi, Comune di Sedico, Comune di Val di Zoldo, FAI sezione di Belluno.<br \/>\nIl comitato organizzatore \u00e8 composto dalla direttrice Valeria Benni, da Flavio Faoro,<br \/>\nche ha seguito la rassegna fin dalla prima edizione, dal sociologo Diego Cason,<br \/>\ndall\u2019esperta di web e comunicazione Valentina Ciprian e da Francesco Vascellari, che<br \/>\ncura gli eventi relativi allo sport e all\u2019alpinismo. L\u2019immagine ufficiale della manifestazione \u00e8<br \/>\nstata realizzata dall\u2019artista Roberto Totaro mentre la grafica dei materiali promozionali \u00e8<br \/>\ncurata dallo studio Meemu di Martina Gennari.<\/p>\n<p><strong><img loading=\"lazy\" decoding=\"async\" class=\"alignleft size-full wp-image-136588\" src=\"https:\/\/www.bellunopress.it\/wp-content\/uploads\/2022\/09\/Oltre-le-Vette-2022_edited.jpg\" alt=\"\" width=\"1000\" height=\"713\" srcset=\"https:\/\/www.bellunopress.it\/wp-content\/uploads\/2022\/09\/Oltre-le-Vette-2022_edited.jpg 1000w, https:\/\/www.bellunopress.it\/wp-content\/uploads\/2022\/09\/Oltre-le-Vette-2022_edited-500x357.jpg 500w, https:\/\/www.bellunopress.it\/wp-content\/uploads\/2022\/09\/Oltre-le-Vette-2022_edited-696x496.jpg 696w, https:\/\/www.bellunopress.it\/wp-content\/uploads\/2022\/09\/Oltre-le-Vette-2022_edited-589x420.jpg 589w, https:\/\/www.bellunopress.it\/wp-content\/uploads\/2022\/09\/Oltre-le-Vette-2022_edited-100x70.jpg 100w\" sizes=\"auto, (max-width: 1000px) 100vw, 1000px\" \/>Il programma<\/strong><br \/>\nCinema, teatro, convegni di studio, libri, musica, incontri con alpinisti, grandi mostre: il<br \/>\nprogramma di Oltre le vette, come di consueto, porta a Belluno ospiti, spettacoli ed eventi<br \/>\nper un pubblico di tutte le et\u00e0.<br \/>\nIl calendario, davvero vastissimo, si apre mercoled\u00ec 5 ottobre, quando presso la<br \/>\nBiblioteca Civica di Sedico (ore 18) sar\u00e0 inaugurata la mostra I fotografi di un paese \u2013<br \/>\nvolti e immagini del \u2018900 in Val di Zoldo e si terr\u00e0 (ore 20.30) un reading dal libro Libera<br \/>\nnos a Malo di Luigi Meneghello, nel centenario della nascita.<br \/>\nGioved\u00ec 6 ottobre (ore 18) Oltre le Vette torna a Seravella di Cesiomaggiore, al Museo<br \/>\nEtnografico della Provincia di Belluno e del Parco Nazionale Dolomiti Bellunesi, per<br \/>\nl\u2019inaugurazione di una mostra sull\u2019emigrazione dalle Dolomiti nel Novecento e la<br \/>\npresentazione di un libro di Luciana Palla sullo stesso tema.<br \/>\nL\u2019inizio ufficiale della rassegna avverr\u00e0 venerd\u00ec 7 ottobre alle ore 17.30, con<br \/>\nl\u2019inaugurazione a Palazzo Bembo della grande mostra Alpimagia, con fotografie di<br \/>\nStefano Torrione, un magnifico reportage sulle Alpi pi\u00f9 segrete, quelle dei riti e delle<br \/>\ntradizioni che coinvolgono tanti popoli alpini. Sempre a Palazzo Bembo aprir\u00e0 la mostra<br \/>\ndivulgativa Rete Natura 2000 nel Parco Nazionale Dolomiti Bellunesi \u2013 habitat,<br \/>\npiante e animali, curata dal Parco Nazionale Dolomiti Bellunesi. A Palazzo Fulcis trover\u00e0<br \/>\nspazio l\u2019esposizione Dino Buzzati \u2013 Dentro la creazione, in occasione del 50\u00b0<br \/>\nanniversario della morte dello scrittore (inaugurazione sabato 8 ottobre, ore 16).<br \/>\nDiversi gli ospiti legati allo sport e all\u2019alpinismo, come il bellunese Anselmo Cagnati, il<br \/>\nrusso &#8211; polacco Denis Urubko (che arriver\u00e0 a Belluno insieme a Vincenzo Torti in una<br \/>\nserata a cura del CAI \u2013 Sezione di Belluno), l\u2019inglese Nick Bullock per la prima volta in<br \/>\nItalia e i giovani protagonisti dell\u2019associazione Va\u2019 Sentiero e il loro trekking infinito.<br \/>\nDavvero imponente l\u2019offerta per gli amanti della lettura, con due novit\u00e0. Quest\u2019anno, per la<br \/>\nprima volta, sar\u00e0 presente uno \u201cScrittore in residenza\u201d, Tiziano Fratus, che guider\u00e0 per<br \/>\ntre giorni i bellunesi a scoprire la bellezza della meditazione silvestre, conducendo svariati<br \/>\nappuntamenti dall\u20198 al 10 ottobre. La rassegna nella rassegna, Parole di carta e di<br \/>\nmontagna, propone molti incontri con gli autori \u2013 tra cui Franco Faggiani, Matteo<br \/>\nMelchiorre, Matteo Righetto, Paolo Malaguti \u2013 e presentazioni di libri, come il<br \/>\nvolume sulla montagna veneta in et\u00e0 contemporanea curato da Filiberto Agostini.<br \/>\nGrazie alla collaborazione con la Fondazione Dolomiti Unesco, Oltre le Vette ospiter\u00e0 a<br \/>\nBelluno alcuni importanti appuntamenti. Si segnalano in particolare la serata di venerd\u00ec 7<br \/>\nottobre al Teatro Comunale, con la presentazione del progetto Dolomites World<br \/>\nHeritage Geotrail e la proiezione del docufilm con Cagnati, vincitore del premio speciale<br \/>\nUnesco al recente Pelmo d\u2019Oro, e il convegno di gioved\u00ec 13 ottobre (ore 17, palazzo<br \/>\nBembo) incentrato su #Vivereinrifugio, campagna di sensibilizzazione per una<br \/>\nfrequentazione pi\u00f9 consapevole della montagna, durante il quale i gestori dei rifugi<br \/>\nstileranno un primo bilancio della stagione 2022.<br \/>\nDi sostenibilit\u00e0 si parler\u00e0 anche in occasione della proiezione del docufilm Insostenibile, un<br \/>\nviaggio lungo l\u2019Altavia Dolomiti Bellunesi, presentato in collaborazione con il CAI di Feltre<br \/>\n(sempre gioved\u00ec 13 ottobre, alle 18.30, in sala Bianchi).<br \/>\nDiversi gli eventi dedicati alla scienza, all\u2019antropologia, alla sociologia, a partire<br \/>\ndall\u2019incontro di luned\u00ec 10 ottobre (ore 21), con l\u2019antropologo David Bellatalla che porter\u00e0<br \/>\nsul palco del Teatro Comunale il racconto della Via della seta, a cui ha dedicato un<br \/>\nmagnifico libro illustrato, accompagnato da musiche originali eseguite con strumenti<br \/>\nprovenienti dalle diverse zone dell\u2019Asia. Lo spettacolo A qualcuno piace caldo, con lo<br \/>\nstudioso Stefano Caserini, riprende il titolo di un famoso film per riflettere in maniera<br \/>\noriginale sulla questione sempre pi\u00f9 urgente del cambiamento climatico e sar\u00e0 proposto<br \/>\ngioved\u00ec 13 ottobre alle 21 e in replica il mattino seguente per gli studenti delle scuole<br \/>\nsuperiori. Sabato 15 alle 9.30 si terr\u00e0 il convegno curato da Diego Cason sul tema centrale<br \/>\ndella rassegna, a cui parteciperanno nomi di rilievo del mondo della montagna e della<br \/>\nfilosofia, come Alessandro Gogna, Angela Moriggi, Rinaldo Ottone, Antonello<br \/>\nPasini.<br \/>\nTra gli spettacoli teatrali in cartellone spicca la prima assoluta nazionale di Come si fanno<br \/>\nle cose di e con Marco De Martin Modolado e Luigi Budel, tratto dal romanzo di Antonio<br \/>\nG. Bortoluzzi (sabato 15 ottobre, ore 21).<br \/>\nDar conto di tutti gli eventi in calendario e delle istituzioni coinvolte risulta qui impossibile<br \/>\nper evidenti ragioni di spazio. Si tratta, in ogni caso, di un programma ricchissimo che esce<br \/>\ndai consueti spazi della rassegna per coinvolgere un pubblico eterogeneo. Grandi nomi<br \/>\ndello sport e della cultura nazionale e giovani appassionati locali, scrittori e studiosi<br \/>\naffermati, registi, artisti, fotografi, musicisti. E altro ancora. Affinch\u00e9 Belluno torni ad<br \/>\nessere per due settimane, ancora una volta da ventisei anni, la capitale italiana della<br \/>\ncultura della montagna.<br \/>\nImportanti e numerosi gli sponsor della rassegna, a dimostrazione della rilevanza<br \/>\nraggiunta e del radicamento nel territorio, e non solo. Tra questi, da segnalare l\u2019azienda di<br \/>\nabbigliamento Montura, con il cui supporto vengono organizzate alcune serate; Allianz &#8211;<br \/>\nAgenzia Belluno Centro \u2013 Agenti Paolo Soravia e Francesco De Bon che sostiene<br \/>\nla mostra Alpimagia, la concessionaria di automobili Manzotti e l\u2019azienda Sest \u2013 Luve.<br \/>\nResta davvero fondamentale, inoltre, il contributo per la realizzazione di diversi eventi<br \/>\nofferti dalla Fondazione Dolomiti UNESCO, dal Parco Nazionale Dolomiti Bellunesi<br \/>\ne dal CAI \u2013 Sezione di Belluno.<\/p>\n<p><strong>Oltre le Vette Spirit<\/strong><br \/>\nTutti gli appuntamenti sono ad ingresso libero. Anche quest\u2019anno il pubblico \u00e8 chiamato a<br \/>\nsostenere la rassegna concretamente attraverso l\u2019iniziativa Oltre le vette Spirit,<br \/>\nversando all\u2019ingresso degli eventi o delle mostre un\u2019offerta consapevole. Quest\u2019anno sar\u00e0<br \/>\npossibile aderire a Oltre le Vette Spirit Gold, con una donazione minima consigliata di \u20ac 25.<\/p>\n<p><strong>Come partecipare a Oltre le Vette<\/strong><br \/>\nPer partecipare agli eventi di Oltre le Vette \u00e8 consigliata la prenotazione online.<br \/>\nPer ogni ulteriore informazione visitare il sito www.oltrelevette.it e le pagine social del<br \/>\nfestival.<br \/>\nLa rassegna si svolger\u00e0 nel rispetto delle vigenti prescrizioni di sicurezza anti Covid-19<\/p>","protected":false},"excerpt":{"rendered":"<p>Oltre 40 eventi in calendario, per la prima volta la rassegna coinvolge i comuni di Alpago, Agordo, Cesiomaggiore, Sedico, Val di Zoldo Si svolger\u00e0 come di consueto nella prima met\u00e0 del mese di ottobre a Belluno la 26ma edizione di Oltre le vette \u2013 Metafore, uomini, luoghi della montagna, manifestazione dell\u2019assessorato alla cultura del Comune [&hellip;]<\/p>\n","protected":false},"author":2,"featured_media":136588,"comment_status":"closed","ping_status":"open","sticky":false,"template":"","format":"standard","meta":{"footnotes":""},"categories":[27,3,25],"tags":[3539],"class_list":["post-136587","post","type-post","status-publish","format-standard","has-post-thumbnail","category-appuntamenti","category-arte-cultura-spettacoli-scienza-archivi","category-pausa-caffe","tag-oltre-le-vette-2022"],"yoast_head":"<!-- This site is optimized with the Yoast SEO plugin v28.4 - https:\/\/yoast.com\/product\/yoast-seo-wordpress\/ -->\n<title>Oltre le vette \u2013 Metafore, uomini, luoghi della montagna. A Belluno dal 7 al 16 ottobre 2022 - Bellunopress - Dolomiti<\/title>\n<meta name=\"robots\" content=\"index, follow, max-snippet:-1, max-image-preview:large, max-video-preview:-1\" \/>\n<link rel=\"canonical\" href=\"https:\/\/www.bellunopress.it\/fr\/2022\/09\/24\/oltre-le-vette-metafore-uomini-luoghi-della-montagna-a-belluno-dal-7-al-16-ottobre-2022\/\" \/>\n<meta property=\"og:locale\" content=\"fr_FR\" \/>\n<meta property=\"og:type\" content=\"article\" \/>\n<meta property=\"og:title\" content=\"Oltre le vette \u2013 Metafore, uomini, luoghi della montagna. A Belluno dal 7 al 16 ottobre 2022 - Bellunopress - Dolomiti\" \/>\n<meta property=\"og:description\" content=\"Oltre 40 eventi in calendario, per la prima volta la rassegna coinvolge i comuni di Alpago, Agordo, Cesiomaggiore, Sedico, Val di Zoldo Si svolger\u00e0 come di consueto nella prima met\u00e0 del mese di ottobre a Belluno la 26ma edizione di Oltre le vette \u2013 Metafore, uomini, luoghi della montagna, manifestazione dell\u2019assessorato alla cultura del Comune [&hellip;]\" \/>\n<meta property=\"og:url\" content=\"https:\/\/www.bellunopress.it\/fr\/2022\/09\/24\/oltre-le-vette-metafore-uomini-luoghi-della-montagna-a-belluno-dal-7-al-16-ottobre-2022\/\" \/>\n<meta property=\"og:site_name\" content=\"Bellunopress - Dolomiti\" \/>\n<meta property=\"article:publisher\" content=\"https:\/\/www.facebook.com\/profile.php?id=100008943462799\" \/>\n<meta property=\"article:published_time\" content=\"2022-09-24T12:29:28+00:00\" \/>\n<meta property=\"og:image\" content=\"https:\/\/www.bellunopress.it\/wp-content\/uploads\/2022\/09\/Oltre-le-Vette-2022_edited.jpg\" \/>\n\t<meta property=\"og:image:width\" content=\"1000\" \/>\n\t<meta property=\"og:image:height\" content=\"713\" \/>\n\t<meta property=\"og:image:type\" content=\"image\/jpeg\" \/>\n<meta name=\"author\" content=\"redazione\" \/>\n<meta name=\"twitter:card\" content=\"summary_large_image\" \/>\n<meta name=\"twitter:creator\" content=\"@bellunopress\" \/>\n<meta name=\"twitter:site\" content=\"@bellunopress\" \/>\n<meta name=\"twitter:label1\" content=\"\u00c9crit par\" \/>\n\t<meta name=\"twitter:data1\" content=\"redazione\" \/>\n\t<meta name=\"twitter:label2\" content=\"Dur\u00e9e de lecture estim\u00e9e\" \/>\n\t<meta name=\"twitter:data2\" content=\"8 minutes\" \/>\n<script type=\"application\/ld+json\" class=\"yoast-schema-graph\">{\"@context\":\"https:\\\/\\\/schema.org\",\"@graph\":[{\"@type\":\"Article\",\"@id\":\"https:\\\/\\\/www.bellunopress.it\\\/2022\\\/09\\\/24\\\/oltre-le-vette-metafore-uomini-luoghi-della-montagna-a-belluno-dal-7-al-16-ottobre-2022\\\/#article\",\"isPartOf\":{\"@id\":\"https:\\\/\\\/www.bellunopress.it\\\/2022\\\/09\\\/24\\\/oltre-le-vette-metafore-uomini-luoghi-della-montagna-a-belluno-dal-7-al-16-ottobre-2022\\\/\"},\"author\":{\"name\":\"redazione\",\"@id\":\"https:\\\/\\\/www.bellunopress.it\\\/#\\\/schema\\\/person\\\/79bb06722b37ece1c03d3e94beb30d73\"},\"headline\":\"Oltre le vette \u2013 Metafore, uomini, luoghi della montagna. A Belluno dal 7 al 16 ottobre 2022\",\"datePublished\":\"2022-09-24T12:29:28+00:00\",\"mainEntityOfPage\":{\"@id\":\"https:\\\/\\\/www.bellunopress.it\\\/2022\\\/09\\\/24\\\/oltre-le-vette-metafore-uomini-luoghi-della-montagna-a-belluno-dal-7-al-16-ottobre-2022\\\/\"},\"wordCount\":1317,\"publisher\":{\"@id\":\"https:\\\/\\\/www.bellunopress.it\\\/#organization\"},\"image\":{\"@id\":\"https:\\\/\\\/www.bellunopress.it\\\/2022\\\/09\\\/24\\\/oltre-le-vette-metafore-uomini-luoghi-della-montagna-a-belluno-dal-7-al-16-ottobre-2022\\\/#primaryimage\"},\"thumbnailUrl\":\"https:\\\/\\\/www.bellunopress.it\\\/wp-content\\\/uploads\\\/2022\\\/09\\\/Oltre-le-Vette-2022_edited.jpg\",\"keywords\":[\"Oltre le vette 2022\"],\"articleSection\":[\"Appuntamenti, Eventi\",\"Arte, Cultura, Spettacoli, Scienza\",\"Pausa Caff\u00e8\"],\"inLanguage\":\"fr-FR\"},{\"@type\":\"WebPage\",\"@id\":\"https:\\\/\\\/www.bellunopress.it\\\/2022\\\/09\\\/24\\\/oltre-le-vette-metafore-uomini-luoghi-della-montagna-a-belluno-dal-7-al-16-ottobre-2022\\\/\",\"url\":\"https:\\\/\\\/www.bellunopress.it\\\/2022\\\/09\\\/24\\\/oltre-le-vette-metafore-uomini-luoghi-della-montagna-a-belluno-dal-7-al-16-ottobre-2022\\\/\",\"name\":\"Oltre le vette \u2013 Metafore, uomini, luoghi della montagna. A Belluno dal 7 al 16 ottobre 2022 - Bellunopress - Dolomiti\",\"isPartOf\":{\"@id\":\"https:\\\/\\\/www.bellunopress.it\\\/#website\"},\"primaryImageOfPage\":{\"@id\":\"https:\\\/\\\/www.bellunopress.it\\\/2022\\\/09\\\/24\\\/oltre-le-vette-metafore-uomini-luoghi-della-montagna-a-belluno-dal-7-al-16-ottobre-2022\\\/#primaryimage\"},\"image\":{\"@id\":\"https:\\\/\\\/www.bellunopress.it\\\/2022\\\/09\\\/24\\\/oltre-le-vette-metafore-uomini-luoghi-della-montagna-a-belluno-dal-7-al-16-ottobre-2022\\\/#primaryimage\"},\"thumbnailUrl\":\"https:\\\/\\\/www.bellunopress.it\\\/wp-content\\\/uploads\\\/2022\\\/09\\\/Oltre-le-Vette-2022_edited.jpg\",\"datePublished\":\"2022-09-24T12:29:28+00:00\",\"breadcrumb\":{\"@id\":\"https:\\\/\\\/www.bellunopress.it\\\/2022\\\/09\\\/24\\\/oltre-le-vette-metafore-uomini-luoghi-della-montagna-a-belluno-dal-7-al-16-ottobre-2022\\\/#breadcrumb\"},\"inLanguage\":\"fr-FR\",\"potentialAction\":[{\"@type\":\"ReadAction\",\"target\":[\"https:\\\/\\\/www.bellunopress.it\\\/2022\\\/09\\\/24\\\/oltre-le-vette-metafore-uomini-luoghi-della-montagna-a-belluno-dal-7-al-16-ottobre-2022\\\/\"]}]},{\"@type\":\"ImageObject\",\"inLanguage\":\"fr-FR\",\"@id\":\"https:\\\/\\\/www.bellunopress.it\\\/2022\\\/09\\\/24\\\/oltre-le-vette-metafore-uomini-luoghi-della-montagna-a-belluno-dal-7-al-16-ottobre-2022\\\/#primaryimage\",\"url\":\"https:\\\/\\\/www.bellunopress.it\\\/wp-content\\\/uploads\\\/2022\\\/09\\\/Oltre-le-Vette-2022_edited.jpg\",\"contentUrl\":\"https:\\\/\\\/www.bellunopress.it\\\/wp-content\\\/uploads\\\/2022\\\/09\\\/Oltre-le-Vette-2022_edited.jpg\",\"width\":1000,\"height\":713},{\"@type\":\"BreadcrumbList\",\"@id\":\"https:\\\/\\\/www.bellunopress.it\\\/2022\\\/09\\\/24\\\/oltre-le-vette-metafore-uomini-luoghi-della-montagna-a-belluno-dal-7-al-16-ottobre-2022\\\/#breadcrumb\",\"itemListElement\":[{\"@type\":\"ListItem\",\"position\":1,\"name\":\"Home\",\"item\":\"https:\\\/\\\/www.bellunopress.it\\\/\"},{\"@type\":\"ListItem\",\"position\":2,\"name\":\"Oltre le vette \u2013 Metafore, uomini, luoghi della montagna. A Belluno dal 7 al 16 ottobre 2022\"}]},{\"@type\":\"WebSite\",\"@id\":\"https:\\\/\\\/www.bellunopress.it\\\/#website\",\"url\":\"https:\\\/\\\/www.bellunopress.it\\\/\",\"name\":\"Bellunopress - Dolomiti\",\"description\":\"e-mail: redazione@bellunopress.it\",\"publisher\":{\"@id\":\"https:\\\/\\\/www.bellunopress.it\\\/#organization\"},\"potentialAction\":[{\"@type\":\"SearchAction\",\"target\":{\"@type\":\"EntryPoint\",\"urlTemplate\":\"https:\\\/\\\/www.bellunopress.it\\\/?s={search_term_string}\"},\"query-input\":{\"@type\":\"PropertyValueSpecification\",\"valueRequired\":true,\"valueName\":\"search_term_string\"}}],\"inLanguage\":\"fr-FR\"},{\"@type\":\"Organization\",\"@id\":\"https:\\\/\\\/www.bellunopress.it\\\/#organization\",\"name\":\"Bellunopress\",\"url\":\"https:\\\/\\\/www.bellunopress.it\\\/\",\"logo\":{\"@type\":\"ImageObject\",\"inLanguage\":\"fr-FR\",\"@id\":\"https:\\\/\\\/www.bellunopress.it\\\/#\\\/schema\\\/logo\\\/image\\\/\",\"url\":\"https:\\\/\\\/www.bellunopress.it\\\/wp-content\\\/uploads\\\/2011\\\/05\\\/cropped-logo-bellunopress-.jpg\",\"contentUrl\":\"https:\\\/\\\/www.bellunopress.it\\\/wp-content\\\/uploads\\\/2011\\\/05\\\/cropped-logo-bellunopress-.jpg\",\"width\":512,\"height\":512,\"caption\":\"Bellunopress\"},\"image\":{\"@id\":\"https:\\\/\\\/www.bellunopress.it\\\/#\\\/schema\\\/logo\\\/image\\\/\"},\"sameAs\":[\"https:\\\/\\\/www.facebook.com\\\/profile.php?id=100008943462799\",\"https:\\\/\\\/x.com\\\/bellunopress\",\"https:\\\/\\\/www.linkedin.com\\\/hp\\\/?dnr=JBzUWaJfMUw8vbXJJ2tVW5-I3jZKvC4wsoxE&amp;amp;amp;amp;amp;amp;trk=nav_responsive_tab_home\",\"https:\\\/\\\/www.youtube.com\\\/channel\\\/UCxL0wu1uN0_3_7hGG0306cw\"]},{\"@type\":\"Person\",\"@id\":\"https:\\\/\\\/www.bellunopress.it\\\/#\\\/schema\\\/person\\\/79bb06722b37ece1c03d3e94beb30d73\",\"name\":\"redazione\",\"image\":{\"@type\":\"ImageObject\",\"inLanguage\":\"fr-FR\",\"@id\":\"https:\\\/\\\/secure.gravatar.com\\\/avatar\\\/37d968a2e67a6fd04c169c4bdef102d0bc5d31b2546345219e348575eb80e9a0?s=96&d=mm&r=g\",\"url\":\"https:\\\/\\\/secure.gravatar.com\\\/avatar\\\/37d968a2e67a6fd04c169c4bdef102d0bc5d31b2546345219e348575eb80e9a0?s=96&d=mm&r=g\",\"contentUrl\":\"https:\\\/\\\/secure.gravatar.com\\\/avatar\\\/37d968a2e67a6fd04c169c4bdef102d0bc5d31b2546345219e348575eb80e9a0?s=96&d=mm&r=g\",\"caption\":\"redazione\"},\"sameAs\":[\"http:\\\/\\\/www.bellunopress.it\",\"https:\\\/\\\/x.com\\\/bellunopress\"],\"url\":\"https:\\\/\\\/www.bellunopress.it\\\/fr\\\/author\\\/redazione\\\/\"}]}<\/script>\n<!-- \/ Yoast SEO plugin. -->","yoast_head_json":{"title":"Oltre le vette \u2013 Metafore, uomini, luoghi della montagna. A Belluno dal 7 al 16 ottobre 2022 - Bellunopress - Dolomiti","robots":{"index":"index","follow":"follow","max-snippet":"max-snippet:-1","max-image-preview":"max-image-preview:large","max-video-preview":"max-video-preview:-1"},"canonical":"https:\/\/www.bellunopress.it\/fr\/2022\/09\/24\/oltre-le-vette-metafore-uomini-luoghi-della-montagna-a-belluno-dal-7-al-16-ottobre-2022\/","og_locale":"fr_FR","og_type":"article","og_title":"Oltre le vette \u2013 Metafore, uomini, luoghi della montagna. A Belluno dal 7 al 16 ottobre 2022 - Bellunopress - Dolomiti","og_description":"Oltre 40 eventi in calendario, per la prima volta la rassegna coinvolge i comuni di Alpago, Agordo, Cesiomaggiore, Sedico, Val di Zoldo Si svolger\u00e0 come di consueto nella prima met\u00e0 del mese di ottobre a Belluno la 26ma edizione di Oltre le vette \u2013 Metafore, uomini, luoghi della montagna, manifestazione dell\u2019assessorato alla cultura del Comune [&hellip;]","og_url":"https:\/\/www.bellunopress.it\/fr\/2022\/09\/24\/oltre-le-vette-metafore-uomini-luoghi-della-montagna-a-belluno-dal-7-al-16-ottobre-2022\/","og_site_name":"Bellunopress - Dolomiti","article_publisher":"https:\/\/www.facebook.com\/profile.php?id=100008943462799","article_published_time":"2022-09-24T12:29:28+00:00","og_image":[{"width":1000,"height":713,"url":"https:\/\/www.bellunopress.it\/wp-content\/uploads\/2022\/09\/Oltre-le-Vette-2022_edited.jpg","type":"image\/jpeg"}],"author":"redazione","twitter_card":"summary_large_image","twitter_creator":"@bellunopress","twitter_site":"@bellunopress","twitter_misc":{"\u00c9crit par":"redazione","Dur\u00e9e de lecture estim\u00e9e":"8 minutes"},"schema":{"@context":"https:\/\/schema.org","@graph":[{"@type":"Article","@id":"https:\/\/www.bellunopress.it\/2022\/09\/24\/oltre-le-vette-metafore-uomini-luoghi-della-montagna-a-belluno-dal-7-al-16-ottobre-2022\/#article","isPartOf":{"@id":"https:\/\/www.bellunopress.it\/2022\/09\/24\/oltre-le-vette-metafore-uomini-luoghi-della-montagna-a-belluno-dal-7-al-16-ottobre-2022\/"},"author":{"name":"redazione","@id":"https:\/\/www.bellunopress.it\/#\/schema\/person\/79bb06722b37ece1c03d3e94beb30d73"},"headline":"Oltre le vette \u2013 Metafore, uomini, luoghi della montagna. A Belluno dal 7 al 16 ottobre 2022","datePublished":"2022-09-24T12:29:28+00:00","mainEntityOfPage":{"@id":"https:\/\/www.bellunopress.it\/2022\/09\/24\/oltre-le-vette-metafore-uomini-luoghi-della-montagna-a-belluno-dal-7-al-16-ottobre-2022\/"},"wordCount":1317,"publisher":{"@id":"https:\/\/www.bellunopress.it\/#organization"},"image":{"@id":"https:\/\/www.bellunopress.it\/2022\/09\/24\/oltre-le-vette-metafore-uomini-luoghi-della-montagna-a-belluno-dal-7-al-16-ottobre-2022\/#primaryimage"},"thumbnailUrl":"https:\/\/www.bellunopress.it\/wp-content\/uploads\/2022\/09\/Oltre-le-Vette-2022_edited.jpg","keywords":["Oltre le vette 2022"],"articleSection":["Appuntamenti, Eventi","Arte, Cultura, Spettacoli, Scienza","Pausa Caff\u00e8"],"inLanguage":"fr-FR"},{"@type":"WebPage","@id":"https:\/\/www.bellunopress.it\/2022\/09\/24\/oltre-le-vette-metafore-uomini-luoghi-della-montagna-a-belluno-dal-7-al-16-ottobre-2022\/","url":"https:\/\/www.bellunopress.it\/2022\/09\/24\/oltre-le-vette-metafore-uomini-luoghi-della-montagna-a-belluno-dal-7-al-16-ottobre-2022\/","name":"Oltre le vette \u2013 Metafore, uomini, luoghi della montagna. A Belluno dal 7 al 16 ottobre 2022 - Bellunopress - Dolomiti","isPartOf":{"@id":"https:\/\/www.bellunopress.it\/#website"},"primaryImageOfPage":{"@id":"https:\/\/www.bellunopress.it\/2022\/09\/24\/oltre-le-vette-metafore-uomini-luoghi-della-montagna-a-belluno-dal-7-al-16-ottobre-2022\/#primaryimage"},"image":{"@id":"https:\/\/www.bellunopress.it\/2022\/09\/24\/oltre-le-vette-metafore-uomini-luoghi-della-montagna-a-belluno-dal-7-al-16-ottobre-2022\/#primaryimage"},"thumbnailUrl":"https:\/\/www.bellunopress.it\/wp-content\/uploads\/2022\/09\/Oltre-le-Vette-2022_edited.jpg","datePublished":"2022-09-24T12:29:28+00:00","breadcrumb":{"@id":"https:\/\/www.bellunopress.it\/2022\/09\/24\/oltre-le-vette-metafore-uomini-luoghi-della-montagna-a-belluno-dal-7-al-16-ottobre-2022\/#breadcrumb"},"inLanguage":"fr-FR","potentialAction":[{"@type":"ReadAction","target":["https:\/\/www.bellunopress.it\/2022\/09\/24\/oltre-le-vette-metafore-uomini-luoghi-della-montagna-a-belluno-dal-7-al-16-ottobre-2022\/"]}]},{"@type":"ImageObject","inLanguage":"fr-FR","@id":"https:\/\/www.bellunopress.it\/2022\/09\/24\/oltre-le-vette-metafore-uomini-luoghi-della-montagna-a-belluno-dal-7-al-16-ottobre-2022\/#primaryimage","url":"https:\/\/www.bellunopress.it\/wp-content\/uploads\/2022\/09\/Oltre-le-Vette-2022_edited.jpg","contentUrl":"https:\/\/www.bellunopress.it\/wp-content\/uploads\/2022\/09\/Oltre-le-Vette-2022_edited.jpg","width":1000,"height":713},{"@type":"BreadcrumbList","@id":"https:\/\/www.bellunopress.it\/2022\/09\/24\/oltre-le-vette-metafore-uomini-luoghi-della-montagna-a-belluno-dal-7-al-16-ottobre-2022\/#breadcrumb","itemListElement":[{"@type":"ListItem","position":1,"name":"Home","item":"https:\/\/www.bellunopress.it\/"},{"@type":"ListItem","position":2,"name":"Oltre le vette \u2013 Metafore, uomini, luoghi della montagna. A Belluno dal 7 al 16 ottobre 2022"}]},{"@type":"WebSite","@id":"https:\/\/www.bellunopress.it\/#website","url":"https:\/\/www.bellunopress.it\/","name":"Bellunopress - Dolomiti","description":"e-mail: redazione@bellunopress.it","publisher":{"@id":"https:\/\/www.bellunopress.it\/#organization"},"potentialAction":[{"@type":"SearchAction","target":{"@type":"EntryPoint","urlTemplate":"https:\/\/www.bellunopress.it\/?s={search_term_string}"},"query-input":{"@type":"PropertyValueSpecification","valueRequired":true,"valueName":"search_term_string"}}],"inLanguage":"fr-FR"},{"@type":"Organization","@id":"https:\/\/www.bellunopress.it\/#organization","name":"Bellunopress","url":"https:\/\/www.bellunopress.it\/","logo":{"@type":"ImageObject","inLanguage":"fr-FR","@id":"https:\/\/www.bellunopress.it\/#\/schema\/logo\/image\/","url":"https:\/\/www.bellunopress.it\/wp-content\/uploads\/2011\/05\/cropped-logo-bellunopress-.jpg","contentUrl":"https:\/\/www.bellunopress.it\/wp-content\/uploads\/2011\/05\/cropped-logo-bellunopress-.jpg","width":512,"height":512,"caption":"Bellunopress"},"image":{"@id":"https:\/\/www.bellunopress.it\/#\/schema\/logo\/image\/"},"sameAs":["https:\/\/www.facebook.com\/profile.php?id=100008943462799","https:\/\/x.com\/bellunopress","https:\/\/www.linkedin.com\/hp\/?dnr=JBzUWaJfMUw8vbXJJ2tVW5-I3jZKvC4wsoxE&amp;amp;amp;amp;amp;amp;trk=nav_responsive_tab_home","https:\/\/www.youtube.com\/channel\/UCxL0wu1uN0_3_7hGG0306cw"]},{"@type":"Person","@id":"https:\/\/www.bellunopress.it\/#\/schema\/person\/79bb06722b37ece1c03d3e94beb30d73","name":"r\u00e9daction","image":{"@type":"ImageObject","inLanguage":"fr-FR","@id":"https:\/\/secure.gravatar.com\/avatar\/37d968a2e67a6fd04c169c4bdef102d0bc5d31b2546345219e348575eb80e9a0?s=96&d=mm&r=g","url":"https:\/\/secure.gravatar.com\/avatar\/37d968a2e67a6fd04c169c4bdef102d0bc5d31b2546345219e348575eb80e9a0?s=96&d=mm&r=g","contentUrl":"https:\/\/secure.gravatar.com\/avatar\/37d968a2e67a6fd04c169c4bdef102d0bc5d31b2546345219e348575eb80e9a0?s=96&d=mm&r=g","caption":"redazione"},"sameAs":["http:\/\/www.bellunopress.it","https:\/\/x.com\/bellunopress"],"url":"https:\/\/www.bellunopress.it\/fr\/author\/redazione\/"}]}},"_links":{"self":[{"href":"https:\/\/www.bellunopress.it\/fr\/wp-json\/wp\/v2\/posts\/136587","targetHints":{"allow":["GET"]}}],"collection":[{"href":"https:\/\/www.bellunopress.it\/fr\/wp-json\/wp\/v2\/posts"}],"about":[{"href":"https:\/\/www.bellunopress.it\/fr\/wp-json\/wp\/v2\/types\/post"}],"author":[{"embeddable":true,"href":"https:\/\/www.bellunopress.it\/fr\/wp-json\/wp\/v2\/users\/2"}],"replies":[{"embeddable":true,"href":"https:\/\/www.bellunopress.it\/fr\/wp-json\/wp\/v2\/comments?post=136587"}],"version-history":[{"count":1,"href":"https:\/\/www.bellunopress.it\/fr\/wp-json\/wp\/v2\/posts\/136587\/revisions"}],"predecessor-version":[{"id":136589,"href":"https:\/\/www.bellunopress.it\/fr\/wp-json\/wp\/v2\/posts\/136587\/revisions\/136589"}],"wp:featuredmedia":[{"embeddable":true,"href":"https:\/\/www.bellunopress.it\/fr\/wp-json\/wp\/v2\/media\/136588"}],"wp:attachment":[{"href":"https:\/\/www.bellunopress.it\/fr\/wp-json\/wp\/v2\/media?parent=136587"}],"wp:term":[{"taxonomy":"category","embeddable":true,"href":"https:\/\/www.bellunopress.it\/fr\/wp-json\/wp\/v2\/categories?post=136587"},{"taxonomy":"post_tag","embeddable":true,"href":"https:\/\/www.bellunopress.it\/fr\/wp-json\/wp\/v2\/tags?post=136587"}],"curies":[{"name":"wp","href":"https:\/\/api.w.org\/{rel}","templated":true}]}}