{"id":136584,"date":"2022-09-24T09:46:11","date_gmt":"2022-09-24T07:46:11","guid":{"rendered":"https:\/\/www.bellunopress.it\/?p=136584"},"modified":"2022-09-24T09:46:11","modified_gmt":"2022-09-24T07:46:11","slug":"addio-allitalia-elena-da-ronch-ecco-perche-me-ne-vado-a-16-mesi-dal-vaccino-gli-effetti-avversi-non-sono-cessati","status":"publish","type":"post","link":"https:\/\/www.bellunopress.it\/fr\/2022\/09\/24\/addio-allitalia-elena-da-ronch-ecco-perche-me-ne-vado-a-16-mesi-dal-vaccino-gli-effetti-avversi-non-sono-cessati\/","title":{"rendered":"Addio all&#8217;Italia. Elena Da Ronch, ecco perch\u00e9 me ne vado. A 16 mesi dal vaccino gli effetti avversi non sono cessati"},"content":{"rendered":"<figure id=\"attachment_136585\" aria-describedby=\"caption-attachment-136585\" style=\"width: 1000px\" class=\"wp-caption alignleft\"><img loading=\"lazy\" decoding=\"async\" class=\"size-full wp-image-136585\" src=\"https:\/\/www.bellunopress.it\/wp-content\/uploads\/2022\/09\/Elena-Da-Ronch-1_edited.jpg\" alt=\"\" width=\"1000\" height=\"627\" srcset=\"https:\/\/www.bellunopress.it\/wp-content\/uploads\/2022\/09\/Elena-Da-Ronch-1_edited.jpg 1000w, https:\/\/www.bellunopress.it\/wp-content\/uploads\/2022\/09\/Elena-Da-Ronch-1_edited-500x314.jpg 500w, https:\/\/www.bellunopress.it\/wp-content\/uploads\/2022\/09\/Elena-Da-Ronch-1_edited-696x436.jpg 696w, https:\/\/www.bellunopress.it\/wp-content\/uploads\/2022\/09\/Elena-Da-Ronch-1_edited-670x420.jpg 670w\" sizes=\"auto, (max-width: 1000px) 100vw, 1000px\" \/><figcaption id=\"caption-attachment-136585\" class=\"wp-caption-text\">Elena Da Ronch<\/figcaption><\/figure>\n<p>Belluno, 24 settembre 2022 &#8211; &#8220;Ho paura a rimanere qui, per questo ho deciso di andarmene&#8221;!<br \/>\nE&#8217; quanto rivela Elena Da Ronch, tutt&#8217;oggi vittima degli effetti avversi del vaccino inoculato 16 mesi fa con la seconda dose di AstraZeneca.<\/p>\n<p>&#8220;I miei problemi neurologici persistono. Alcune mie amiche sono afflitte da dolori 24 ore su 24, altre manifestano eruzioni cutanee senza che vi sia una cura efficace. In medicina \u00e8 nota come NPF Neuropatia delle piccole fibre, dolore cronico, disturbi all&#8217;apparato digerente, tachicardia, disturbi motori e muscolari. E ancora miocarditi, che colpisce soprattutto i maschi giovani&#8221;.<\/p>\n<p><em>Quando e perch\u00e9 ha deciso di lasciare l&#8217;Italia?\u00a0<\/em><br \/>\n&#8220;Avevo progettato di andarmene via solo dopo aver raggiunto l&#8217;et\u00e0 della pensione, parliamo quindi di un orizzonte lontano, oltre i 10 anni. Ma la pandemia ha determinato una situazione imprevedibile e per me insostenibile. Tre sono le motivazioni scatenanti di questa mia decisione. Innanzitutto la legge sull&#8217;obbligo vaccinale nel comparto scuola nel quale lavoro ed estesa agli over 50. In secondo luogo il fattore climatico: ora il freddo peggiora le mie condizioni di salute conseguenti agli effetti avversi del vaccino. Per ultimo la questione esenzione vaccino. E&#8217; evidente che dopo quello che mi \u00e8 accaduto sia assolutamente da evitare una terza dose di vaccino. Ma l&#8217;esenzione dall&#8217;obbligo vaccinale \u00e8 temporanea e non c&#8217;\u00e8 alcuna garanzia che essa sia rinnovata. Supponiamo che non mi venga rinnovata l&#8217;esenzione, io sicuramente non rischierei una terza dose. In tal caso scatterebbe la sospensione dal lavoro. Tenga presente che io all&#8217;inizio avevo la massima fiducia nella medicina ed ero favorevole alla campagna vaccinale che accettai di buon grado. Dopo il secondo vaccino e l&#8217;insorgere degli effetti avversi per\u00f2, la situazione si \u00e8 capovolta. La struttura pubblica ha minimizzato la mia condizione di salute e io mi sono vista abbandonata a me stessa. Avevo intuito che la situazione poteva solo peggiorare. In quel momento ho deciso di andarmene perch\u00e9 avevo paura a rimanere qui. Avrei forse dovuto rischiare un effetto avverso fatale per ottemperare ad una norma di dubbia costituzionalit\u00e0?\u201d<\/p>\n<p><em>Dove vive oggi?<\/em><br \/>\n&#8220;Dal febbraio di quest&#8217;anno ho acquistato casa a Playa Blanca, una localit\u00e0 turistica dell&#8217;isola spagnola di Lanzarote nell&#8217;arcipelago delle Canarie. Dove il clima \u00e8 primaverile per tutto l&#8217;anno, con una media di 22\u00b0 gradi, minime di 19\u00b0 a febbraio e massime di 23-24\u00b0 ad agosto con poche precipitazioni,\u00a0 2mm a luglio e un massimo di 19 mm a gennaio. Lavoro da remoto fronte mare in un paese che ha avuto un approccio soft della pandemia, non come in Italia&#8221;.<\/p>\n<p><em>Oltre al clima ideale, c\u2019\u00e8 qualche altro motivo che le ha fatto decidere per le Canarie?<\/em><br \/>\n\u201cS\u00ec. Il mio innamoramento per la Spagna e i suoi territori nasce nel 2012 quando conosco Barcellona, poi Madrid, Alicante, Valencia, tutto il Nord della Spagna. Ho imparato la lingua e riesco a leggere libri in spagnolo. E\u2019 stato un amore a prima vista\u201d.<\/p>\n<p>(rdn)<\/p>\n<p>&nbsp;<\/p>","protected":false},"excerpt":{"rendered":"<p>Belluno, 24 settembre 2022 &#8211; &#8220;Ho paura a rimanere qui, per questo ho deciso di andarmene&#8221;! E&#8217; quanto rivela Elena Da Ronch, tutt&#8217;oggi vittima degli effetti avversi del vaccino inoculato 16 mesi fa con la seconda dose di AstraZeneca. &#8220;I miei problemi neurologici persistono. Alcune mie amiche sono afflitte da dolori 24 ore su 24, [&hellip;]<\/p>\n","protected":false},"author":2,"featured_media":136585,"comment_status":"closed","ping_status":"open","sticky":false,"template":"","format":"standard","meta":{"footnotes":""},"categories":[3446,26,8],"tags":[3538],"class_list":["post-136584","post","type-post","status-publish","format-standard","has-post-thumbnail","category-featured","category-prima-pagina","category-societa-istituzioni","tag-elena-da-ronch"],"yoast_head":"<!-- This site is optimized with the Yoast SEO plugin v28.4 - https:\/\/yoast.com\/product\/yoast-seo-wordpress\/ -->\n<title>Addio all&#039;Italia. Elena Da Ronch, ecco perch\u00e9 me ne vado. A 16 mesi dal vaccino gli effetti avversi non sono cessati - Bellunopress - Dolomiti<\/title>\n<meta name=\"robots\" content=\"index, follow, max-snippet:-1, max-image-preview:large, max-video-preview:-1\" \/>\n<link rel=\"canonical\" href=\"https:\/\/www.bellunopress.it\/fr\/2022\/09\/24\/addio-allitalia-elena-da-ronch-ecco-perche-me-ne-vado-a-16-mesi-dal-vaccino-gli-effetti-avversi-non-sono-cessati\/\" \/>\n<meta property=\"og:locale\" content=\"fr_FR\" \/>\n<meta property=\"og:type\" content=\"article\" \/>\n<meta property=\"og:title\" content=\"Addio all&#039;Italia. Elena Da Ronch, ecco perch\u00e9 me ne vado. A 16 mesi dal vaccino gli effetti avversi non sono cessati - Bellunopress - Dolomiti\" \/>\n<meta property=\"og:description\" content=\"Belluno, 24 settembre 2022 &#8211; &#8220;Ho paura a rimanere qui, per questo ho deciso di andarmene&#8221;! E&#8217; quanto rivela Elena Da Ronch, tutt&#8217;oggi vittima degli effetti avversi del vaccino inoculato 16 mesi fa con la seconda dose di AstraZeneca. &#8220;I miei problemi neurologici persistono. Alcune mie amiche sono afflitte da dolori 24 ore su 24, [&hellip;]\" \/>\n<meta property=\"og:url\" content=\"https:\/\/www.bellunopress.it\/fr\/2022\/09\/24\/addio-allitalia-elena-da-ronch-ecco-perche-me-ne-vado-a-16-mesi-dal-vaccino-gli-effetti-avversi-non-sono-cessati\/\" \/>\n<meta property=\"og:site_name\" content=\"Bellunopress - Dolomiti\" \/>\n<meta property=\"article:publisher\" content=\"https:\/\/www.facebook.com\/profile.php?id=100008943462799\" \/>\n<meta property=\"article:published_time\" content=\"2022-09-24T07:46:11+00:00\" \/>\n<meta property=\"og:image\" content=\"https:\/\/www.bellunopress.it\/wp-content\/uploads\/2022\/09\/Elena-Da-Ronch-1_edited.jpg\" \/>\n\t<meta property=\"og:image:width\" content=\"1000\" \/>\n\t<meta property=\"og:image:height\" content=\"627\" \/>\n\t<meta property=\"og:image:type\" content=\"image\/jpeg\" \/>\n<meta name=\"author\" content=\"redazione\" \/>\n<meta name=\"twitter:card\" content=\"summary_large_image\" \/>\n<meta name=\"twitter:creator\" content=\"@bellunopress\" \/>\n<meta name=\"twitter:site\" content=\"@bellunopress\" \/>\n<meta name=\"twitter:label1\" content=\"\u00c9crit par\" \/>\n\t<meta name=\"twitter:data1\" content=\"redazione\" \/>\n\t<meta name=\"twitter:label2\" content=\"Dur\u00e9e de lecture estim\u00e9e\" \/>\n\t<meta name=\"twitter:data2\" content=\"3 minutes\" \/>\n<script type=\"application\/ld+json\" class=\"yoast-schema-graph\">{\"@context\":\"https:\\\/\\\/schema.org\",\"@graph\":[{\"@type\":\"Article\",\"@id\":\"https:\\\/\\\/www.bellunopress.it\\\/2022\\\/09\\\/24\\\/addio-allitalia-elena-da-ronch-ecco-perche-me-ne-vado-a-16-mesi-dal-vaccino-gli-effetti-avversi-non-sono-cessati\\\/#article\",\"isPartOf\":{\"@id\":\"https:\\\/\\\/www.bellunopress.it\\\/2022\\\/09\\\/24\\\/addio-allitalia-elena-da-ronch-ecco-perche-me-ne-vado-a-16-mesi-dal-vaccino-gli-effetti-avversi-non-sono-cessati\\\/\"},\"author\":{\"name\":\"redazione\",\"@id\":\"https:\\\/\\\/www.bellunopress.it\\\/#\\\/schema\\\/person\\\/79bb06722b37ece1c03d3e94beb30d73\"},\"headline\":\"Addio all&#8217;Italia. Elena Da Ronch, ecco perch\u00e9 me ne vado. A 16 mesi dal vaccino gli effetti avversi non sono cessati\",\"datePublished\":\"2022-09-24T07:46:11+00:00\",\"mainEntityOfPage\":{\"@id\":\"https:\\\/\\\/www.bellunopress.it\\\/2022\\\/09\\\/24\\\/addio-allitalia-elena-da-ronch-ecco-perche-me-ne-vado-a-16-mesi-dal-vaccino-gli-effetti-avversi-non-sono-cessati\\\/\"},\"wordCount\":510,\"publisher\":{\"@id\":\"https:\\\/\\\/www.bellunopress.it\\\/#organization\"},\"image\":{\"@id\":\"https:\\\/\\\/www.bellunopress.it\\\/2022\\\/09\\\/24\\\/addio-allitalia-elena-da-ronch-ecco-perche-me-ne-vado-a-16-mesi-dal-vaccino-gli-effetti-avversi-non-sono-cessati\\\/#primaryimage\"},\"thumbnailUrl\":\"https:\\\/\\\/www.bellunopress.it\\\/wp-content\\\/uploads\\\/2022\\\/09\\\/Elena-Da-Ronch-1_edited.jpg\",\"keywords\":[\"Elena Da Ronch\"],\"articleSection\":[\"Featured\",\"Prima Pagina\",\"Societ\u00e0, Associazioni, Istituzioni\"],\"inLanguage\":\"fr-FR\"},{\"@type\":\"WebPage\",\"@id\":\"https:\\\/\\\/www.bellunopress.it\\\/2022\\\/09\\\/24\\\/addio-allitalia-elena-da-ronch-ecco-perche-me-ne-vado-a-16-mesi-dal-vaccino-gli-effetti-avversi-non-sono-cessati\\\/\",\"url\":\"https:\\\/\\\/www.bellunopress.it\\\/2022\\\/09\\\/24\\\/addio-allitalia-elena-da-ronch-ecco-perche-me-ne-vado-a-16-mesi-dal-vaccino-gli-effetti-avversi-non-sono-cessati\\\/\",\"name\":\"Addio all'Italia. Elena Da Ronch, ecco perch\u00e9 me ne vado. A 16 mesi dal vaccino gli effetti avversi non sono cessati - Bellunopress - Dolomiti\",\"isPartOf\":{\"@id\":\"https:\\\/\\\/www.bellunopress.it\\\/#website\"},\"primaryImageOfPage\":{\"@id\":\"https:\\\/\\\/www.bellunopress.it\\\/2022\\\/09\\\/24\\\/addio-allitalia-elena-da-ronch-ecco-perche-me-ne-vado-a-16-mesi-dal-vaccino-gli-effetti-avversi-non-sono-cessati\\\/#primaryimage\"},\"image\":{\"@id\":\"https:\\\/\\\/www.bellunopress.it\\\/2022\\\/09\\\/24\\\/addio-allitalia-elena-da-ronch-ecco-perche-me-ne-vado-a-16-mesi-dal-vaccino-gli-effetti-avversi-non-sono-cessati\\\/#primaryimage\"},\"thumbnailUrl\":\"https:\\\/\\\/www.bellunopress.it\\\/wp-content\\\/uploads\\\/2022\\\/09\\\/Elena-Da-Ronch-1_edited.jpg\",\"datePublished\":\"2022-09-24T07:46:11+00:00\",\"breadcrumb\":{\"@id\":\"https:\\\/\\\/www.bellunopress.it\\\/2022\\\/09\\\/24\\\/addio-allitalia-elena-da-ronch-ecco-perche-me-ne-vado-a-16-mesi-dal-vaccino-gli-effetti-avversi-non-sono-cessati\\\/#breadcrumb\"},\"inLanguage\":\"fr-FR\",\"potentialAction\":[{\"@type\":\"ReadAction\",\"target\":[\"https:\\\/\\\/www.bellunopress.it\\\/2022\\\/09\\\/24\\\/addio-allitalia-elena-da-ronch-ecco-perche-me-ne-vado-a-16-mesi-dal-vaccino-gli-effetti-avversi-non-sono-cessati\\\/\"]}]},{\"@type\":\"ImageObject\",\"inLanguage\":\"fr-FR\",\"@id\":\"https:\\\/\\\/www.bellunopress.it\\\/2022\\\/09\\\/24\\\/addio-allitalia-elena-da-ronch-ecco-perche-me-ne-vado-a-16-mesi-dal-vaccino-gli-effetti-avversi-non-sono-cessati\\\/#primaryimage\",\"url\":\"https:\\\/\\\/www.bellunopress.it\\\/wp-content\\\/uploads\\\/2022\\\/09\\\/Elena-Da-Ronch-1_edited.jpg\",\"contentUrl\":\"https:\\\/\\\/www.bellunopress.it\\\/wp-content\\\/uploads\\\/2022\\\/09\\\/Elena-Da-Ronch-1_edited.jpg\",\"width\":1000,\"height\":627,\"caption\":\"Elena Da Ronch\"},{\"@type\":\"BreadcrumbList\",\"@id\":\"https:\\\/\\\/www.bellunopress.it\\\/2022\\\/09\\\/24\\\/addio-allitalia-elena-da-ronch-ecco-perche-me-ne-vado-a-16-mesi-dal-vaccino-gli-effetti-avversi-non-sono-cessati\\\/#breadcrumb\",\"itemListElement\":[{\"@type\":\"ListItem\",\"position\":1,\"name\":\"Home\",\"item\":\"https:\\\/\\\/www.bellunopress.it\\\/\"},{\"@type\":\"ListItem\",\"position\":2,\"name\":\"Addio all&#8217;Italia. Elena Da Ronch, ecco perch\u00e9 me ne vado. A 16 mesi dal vaccino gli effetti avversi non sono cessati\"}]},{\"@type\":\"WebSite\",\"@id\":\"https:\\\/\\\/www.bellunopress.it\\\/#website\",\"url\":\"https:\\\/\\\/www.bellunopress.it\\\/\",\"name\":\"Bellunopress - Dolomiti\",\"description\":\"e-mail: redazione@bellunopress.it\",\"publisher\":{\"@id\":\"https:\\\/\\\/www.bellunopress.it\\\/#organization\"},\"potentialAction\":[{\"@type\":\"SearchAction\",\"target\":{\"@type\":\"EntryPoint\",\"urlTemplate\":\"https:\\\/\\\/www.bellunopress.it\\\/?s={search_term_string}\"},\"query-input\":{\"@type\":\"PropertyValueSpecification\",\"valueRequired\":true,\"valueName\":\"search_term_string\"}}],\"inLanguage\":\"fr-FR\"},{\"@type\":\"Organization\",\"@id\":\"https:\\\/\\\/www.bellunopress.it\\\/#organization\",\"name\":\"Bellunopress\",\"url\":\"https:\\\/\\\/www.bellunopress.it\\\/\",\"logo\":{\"@type\":\"ImageObject\",\"inLanguage\":\"fr-FR\",\"@id\":\"https:\\\/\\\/www.bellunopress.it\\\/#\\\/schema\\\/logo\\\/image\\\/\",\"url\":\"https:\\\/\\\/www.bellunopress.it\\\/wp-content\\\/uploads\\\/2011\\\/05\\\/cropped-logo-bellunopress-.jpg\",\"contentUrl\":\"https:\\\/\\\/www.bellunopress.it\\\/wp-content\\\/uploads\\\/2011\\\/05\\\/cropped-logo-bellunopress-.jpg\",\"width\":512,\"height\":512,\"caption\":\"Bellunopress\"},\"image\":{\"@id\":\"https:\\\/\\\/www.bellunopress.it\\\/#\\\/schema\\\/logo\\\/image\\\/\"},\"sameAs\":[\"https:\\\/\\\/www.facebook.com\\\/profile.php?id=100008943462799\",\"https:\\\/\\\/x.com\\\/bellunopress\",\"https:\\\/\\\/www.linkedin.com\\\/hp\\\/?dnr=JBzUWaJfMUw8vbXJJ2tVW5-I3jZKvC4wsoxE&amp;amp;amp;amp;amp;amp;trk=nav_responsive_tab_home\",\"https:\\\/\\\/www.youtube.com\\\/channel\\\/UCxL0wu1uN0_3_7hGG0306cw\"]},{\"@type\":\"Person\",\"@id\":\"https:\\\/\\\/www.bellunopress.it\\\/#\\\/schema\\\/person\\\/79bb06722b37ece1c03d3e94beb30d73\",\"name\":\"redazione\",\"image\":{\"@type\":\"ImageObject\",\"inLanguage\":\"fr-FR\",\"@id\":\"https:\\\/\\\/secure.gravatar.com\\\/avatar\\\/37d968a2e67a6fd04c169c4bdef102d0bc5d31b2546345219e348575eb80e9a0?s=96&d=mm&r=g\",\"url\":\"https:\\\/\\\/secure.gravatar.com\\\/avatar\\\/37d968a2e67a6fd04c169c4bdef102d0bc5d31b2546345219e348575eb80e9a0?s=96&d=mm&r=g\",\"contentUrl\":\"https:\\\/\\\/secure.gravatar.com\\\/avatar\\\/37d968a2e67a6fd04c169c4bdef102d0bc5d31b2546345219e348575eb80e9a0?s=96&d=mm&r=g\",\"caption\":\"redazione\"},\"sameAs\":[\"http:\\\/\\\/www.bellunopress.it\",\"https:\\\/\\\/x.com\\\/bellunopress\"],\"url\":\"https:\\\/\\\/www.bellunopress.it\\\/fr\\\/author\\\/redazione\\\/\"}]}<\/script>\n<!-- \/ Yoast SEO plugin. -->","yoast_head_json":{"title":"Addio all'Italia. Elena Da Ronch, ecco perch\u00e9 me ne vado. A 16 mesi dal vaccino gli effetti avversi non sono cessati - Bellunopress - Dolomiti","robots":{"index":"index","follow":"follow","max-snippet":"max-snippet:-1","max-image-preview":"max-image-preview:large","max-video-preview":"max-video-preview:-1"},"canonical":"https:\/\/www.bellunopress.it\/fr\/2022\/09\/24\/addio-allitalia-elena-da-ronch-ecco-perche-me-ne-vado-a-16-mesi-dal-vaccino-gli-effetti-avversi-non-sono-cessati\/","og_locale":"fr_FR","og_type":"article","og_title":"Addio all'Italia. Elena Da Ronch, ecco perch\u00e9 me ne vado. A 16 mesi dal vaccino gli effetti avversi non sono cessati - Bellunopress - Dolomiti","og_description":"Belluno, 24 settembre 2022 &#8211; &#8220;Ho paura a rimanere qui, per questo ho deciso di andarmene&#8221;! E&#8217; quanto rivela Elena Da Ronch, tutt&#8217;oggi vittima degli effetti avversi del vaccino inoculato 16 mesi fa con la seconda dose di AstraZeneca. &#8220;I miei problemi neurologici persistono. Alcune mie amiche sono afflitte da dolori 24 ore su 24, [&hellip;]","og_url":"https:\/\/www.bellunopress.it\/fr\/2022\/09\/24\/addio-allitalia-elena-da-ronch-ecco-perche-me-ne-vado-a-16-mesi-dal-vaccino-gli-effetti-avversi-non-sono-cessati\/","og_site_name":"Bellunopress - Dolomiti","article_publisher":"https:\/\/www.facebook.com\/profile.php?id=100008943462799","article_published_time":"2022-09-24T07:46:11+00:00","og_image":[{"width":1000,"height":627,"url":"https:\/\/www.bellunopress.it\/wp-content\/uploads\/2022\/09\/Elena-Da-Ronch-1_edited.jpg","type":"image\/jpeg"}],"author":"redazione","twitter_card":"summary_large_image","twitter_creator":"@bellunopress","twitter_site":"@bellunopress","twitter_misc":{"\u00c9crit par":"redazione","Dur\u00e9e de lecture estim\u00e9e":"3 minutes"},"schema":{"@context":"https:\/\/schema.org","@graph":[{"@type":"Article","@id":"https:\/\/www.bellunopress.it\/2022\/09\/24\/addio-allitalia-elena-da-ronch-ecco-perche-me-ne-vado-a-16-mesi-dal-vaccino-gli-effetti-avversi-non-sono-cessati\/#article","isPartOf":{"@id":"https:\/\/www.bellunopress.it\/2022\/09\/24\/addio-allitalia-elena-da-ronch-ecco-perche-me-ne-vado-a-16-mesi-dal-vaccino-gli-effetti-avversi-non-sono-cessati\/"},"author":{"name":"redazione","@id":"https:\/\/www.bellunopress.it\/#\/schema\/person\/79bb06722b37ece1c03d3e94beb30d73"},"headline":"Addio all&#8217;Italia. Elena Da Ronch, ecco perch\u00e9 me ne vado. A 16 mesi dal vaccino gli effetti avversi non sono cessati","datePublished":"2022-09-24T07:46:11+00:00","mainEntityOfPage":{"@id":"https:\/\/www.bellunopress.it\/2022\/09\/24\/addio-allitalia-elena-da-ronch-ecco-perche-me-ne-vado-a-16-mesi-dal-vaccino-gli-effetti-avversi-non-sono-cessati\/"},"wordCount":510,"publisher":{"@id":"https:\/\/www.bellunopress.it\/#organization"},"image":{"@id":"https:\/\/www.bellunopress.it\/2022\/09\/24\/addio-allitalia-elena-da-ronch-ecco-perche-me-ne-vado-a-16-mesi-dal-vaccino-gli-effetti-avversi-non-sono-cessati\/#primaryimage"},"thumbnailUrl":"https:\/\/www.bellunopress.it\/wp-content\/uploads\/2022\/09\/Elena-Da-Ronch-1_edited.jpg","keywords":["Elena Da Ronch"],"articleSection":["Featured","Prima Pagina","Societ\u00e0, Associazioni, Istituzioni"],"inLanguage":"fr-FR"},{"@type":"WebPage","@id":"https:\/\/www.bellunopress.it\/2022\/09\/24\/addio-allitalia-elena-da-ronch-ecco-perche-me-ne-vado-a-16-mesi-dal-vaccino-gli-effetti-avversi-non-sono-cessati\/","url":"https:\/\/www.bellunopress.it\/2022\/09\/24\/addio-allitalia-elena-da-ronch-ecco-perche-me-ne-vado-a-16-mesi-dal-vaccino-gli-effetti-avversi-non-sono-cessati\/","name":"Addio all'Italia. Elena Da Ronch, ecco perch\u00e9 me ne vado. A 16 mesi dal vaccino gli effetti avversi non sono cessati - Bellunopress - Dolomiti","isPartOf":{"@id":"https:\/\/www.bellunopress.it\/#website"},"primaryImageOfPage":{"@id":"https:\/\/www.bellunopress.it\/2022\/09\/24\/addio-allitalia-elena-da-ronch-ecco-perche-me-ne-vado-a-16-mesi-dal-vaccino-gli-effetti-avversi-non-sono-cessati\/#primaryimage"},"image":{"@id":"https:\/\/www.bellunopress.it\/2022\/09\/24\/addio-allitalia-elena-da-ronch-ecco-perche-me-ne-vado-a-16-mesi-dal-vaccino-gli-effetti-avversi-non-sono-cessati\/#primaryimage"},"thumbnailUrl":"https:\/\/www.bellunopress.it\/wp-content\/uploads\/2022\/09\/Elena-Da-Ronch-1_edited.jpg","datePublished":"2022-09-24T07:46:11+00:00","breadcrumb":{"@id":"https:\/\/www.bellunopress.it\/2022\/09\/24\/addio-allitalia-elena-da-ronch-ecco-perche-me-ne-vado-a-16-mesi-dal-vaccino-gli-effetti-avversi-non-sono-cessati\/#breadcrumb"},"inLanguage":"fr-FR","potentialAction":[{"@type":"ReadAction","target":["https:\/\/www.bellunopress.it\/2022\/09\/24\/addio-allitalia-elena-da-ronch-ecco-perche-me-ne-vado-a-16-mesi-dal-vaccino-gli-effetti-avversi-non-sono-cessati\/"]}]},{"@type":"ImageObject","inLanguage":"fr-FR","@id":"https:\/\/www.bellunopress.it\/2022\/09\/24\/addio-allitalia-elena-da-ronch-ecco-perche-me-ne-vado-a-16-mesi-dal-vaccino-gli-effetti-avversi-non-sono-cessati\/#primaryimage","url":"https:\/\/www.bellunopress.it\/wp-content\/uploads\/2022\/09\/Elena-Da-Ronch-1_edited.jpg","contentUrl":"https:\/\/www.bellunopress.it\/wp-content\/uploads\/2022\/09\/Elena-Da-Ronch-1_edited.jpg","width":1000,"height":627,"caption":"Elena Da Ronch"},{"@type":"BreadcrumbList","@id":"https:\/\/www.bellunopress.it\/2022\/09\/24\/addio-allitalia-elena-da-ronch-ecco-perche-me-ne-vado-a-16-mesi-dal-vaccino-gli-effetti-avversi-non-sono-cessati\/#breadcrumb","itemListElement":[{"@type":"ListItem","position":1,"name":"Home","item":"https:\/\/www.bellunopress.it\/"},{"@type":"ListItem","position":2,"name":"Addio all&#8217;Italia. Elena Da Ronch, ecco perch\u00e9 me ne vado. A 16 mesi dal vaccino gli effetti avversi non sono cessati"}]},{"@type":"WebSite","@id":"https:\/\/www.bellunopress.it\/#website","url":"https:\/\/www.bellunopress.it\/","name":"Bellunopress - Dolomiti","description":"e-mail: redazione@bellunopress.it","publisher":{"@id":"https:\/\/www.bellunopress.it\/#organization"},"potentialAction":[{"@type":"SearchAction","target":{"@type":"EntryPoint","urlTemplate":"https:\/\/www.bellunopress.it\/?s={search_term_string}"},"query-input":{"@type":"PropertyValueSpecification","valueRequired":true,"valueName":"search_term_string"}}],"inLanguage":"fr-FR"},{"@type":"Organization","@id":"https:\/\/www.bellunopress.it\/#organization","name":"Bellunopress","url":"https:\/\/www.bellunopress.it\/","logo":{"@type":"ImageObject","inLanguage":"fr-FR","@id":"https:\/\/www.bellunopress.it\/#\/schema\/logo\/image\/","url":"https:\/\/www.bellunopress.it\/wp-content\/uploads\/2011\/05\/cropped-logo-bellunopress-.jpg","contentUrl":"https:\/\/www.bellunopress.it\/wp-content\/uploads\/2011\/05\/cropped-logo-bellunopress-.jpg","width":512,"height":512,"caption":"Bellunopress"},"image":{"@id":"https:\/\/www.bellunopress.it\/#\/schema\/logo\/image\/"},"sameAs":["https:\/\/www.facebook.com\/profile.php?id=100008943462799","https:\/\/x.com\/bellunopress","https:\/\/www.linkedin.com\/hp\/?dnr=JBzUWaJfMUw8vbXJJ2tVW5-I3jZKvC4wsoxE&amp;amp;amp;amp;amp;amp;trk=nav_responsive_tab_home","https:\/\/www.youtube.com\/channel\/UCxL0wu1uN0_3_7hGG0306cw"]},{"@type":"Person","@id":"https:\/\/www.bellunopress.it\/#\/schema\/person\/79bb06722b37ece1c03d3e94beb30d73","name":"r\u00e9daction","image":{"@type":"ImageObject","inLanguage":"fr-FR","@id":"https:\/\/secure.gravatar.com\/avatar\/37d968a2e67a6fd04c169c4bdef102d0bc5d31b2546345219e348575eb80e9a0?s=96&d=mm&r=g","url":"https:\/\/secure.gravatar.com\/avatar\/37d968a2e67a6fd04c169c4bdef102d0bc5d31b2546345219e348575eb80e9a0?s=96&d=mm&r=g","contentUrl":"https:\/\/secure.gravatar.com\/avatar\/37d968a2e67a6fd04c169c4bdef102d0bc5d31b2546345219e348575eb80e9a0?s=96&d=mm&r=g","caption":"redazione"},"sameAs":["http:\/\/www.bellunopress.it","https:\/\/x.com\/bellunopress"],"url":"https:\/\/www.bellunopress.it\/fr\/author\/redazione\/"}]}},"_links":{"self":[{"href":"https:\/\/www.bellunopress.it\/fr\/wp-json\/wp\/v2\/posts\/136584","targetHints":{"allow":["GET"]}}],"collection":[{"href":"https:\/\/www.bellunopress.it\/fr\/wp-json\/wp\/v2\/posts"}],"about":[{"href":"https:\/\/www.bellunopress.it\/fr\/wp-json\/wp\/v2\/types\/post"}],"author":[{"embeddable":true,"href":"https:\/\/www.bellunopress.it\/fr\/wp-json\/wp\/v2\/users\/2"}],"replies":[{"embeddable":true,"href":"https:\/\/www.bellunopress.it\/fr\/wp-json\/wp\/v2\/comments?post=136584"}],"version-history":[{"count":1,"href":"https:\/\/www.bellunopress.it\/fr\/wp-json\/wp\/v2\/posts\/136584\/revisions"}],"predecessor-version":[{"id":136586,"href":"https:\/\/www.bellunopress.it\/fr\/wp-json\/wp\/v2\/posts\/136584\/revisions\/136586"}],"wp:featuredmedia":[{"embeddable":true,"href":"https:\/\/www.bellunopress.it\/fr\/wp-json\/wp\/v2\/media\/136585"}],"wp:attachment":[{"href":"https:\/\/www.bellunopress.it\/fr\/wp-json\/wp\/v2\/media?parent=136584"}],"wp:term":[{"taxonomy":"category","embeddable":true,"href":"https:\/\/www.bellunopress.it\/fr\/wp-json\/wp\/v2\/categories?post=136584"},{"taxonomy":"post_tag","embeddable":true,"href":"https:\/\/www.bellunopress.it\/fr\/wp-json\/wp\/v2\/tags?post=136584"}],"curies":[{"name":"wp","href":"https:\/\/api.w.org\/{rel}","templated":true}]}}