{"id":136581,"date":"2022-09-23T21:38:36","date_gmt":"2022-09-23T19:38:36","guid":{"rendered":"https:\/\/www.bellunopress.it\/?p=136581"},"modified":"2022-09-23T21:38:36","modified_gmt":"2022-09-23T19:38:36","slug":"no-allapertura-anticipata-della-caccia-il-tar-del-veneto-sospende-il-calendario-venatorio","status":"publish","type":"post","link":"https:\/\/www.bellunopress.it\/fr\/2022\/09\/23\/no-allapertura-anticipata-della-caccia-il-tar-del-veneto-sospende-il-calendario-venatorio\/","title":{"rendered":"No all&#8217;apertura anticipata della caccia. Il Tar del Veneto sospende il calendario venatorio"},"content":{"rendered":"<p><img loading=\"lazy\" decoding=\"async\" class=\"alignleft size-full wp-image-117736\" src=\"https:\/\/www.bellunopress.it\/wp-content\/uploads\/2020\/09\/caccia-caabs_edited.jpg\" alt=\"\" width=\"800\" height=\"600\" srcset=\"https:\/\/www.bellunopress.it\/wp-content\/uploads\/2020\/09\/caccia-caabs_edited.jpg 800w, https:\/\/www.bellunopress.it\/wp-content\/uploads\/2020\/09\/caccia-caabs_edited-500x375.jpg 500w, https:\/\/www.bellunopress.it\/wp-content\/uploads\/2020\/09\/caccia-caabs_edited-696x522.jpg 696w, https:\/\/www.bellunopress.it\/wp-content\/uploads\/2020\/09\/caccia-caabs_edited-560x420.jpg 560w, https:\/\/www.bellunopress.it\/wp-content\/uploads\/2020\/09\/caccia-caabs_edited-80x60.jpg 80w, https:\/\/www.bellunopress.it\/wp-content\/uploads\/2020\/09\/caccia-caabs_edited-265x198.jpg 265w\" sizes=\"auto, (max-width: 800px) 100vw, 800px\" \/>Il Tribunale amministrativo regionale del Veneto, con l\u2019ordinanza n. 798\/2022, ha disposto la sospensione del Calendario venatorio nella parte in cui prevede l\u2019apertura della caccia prima dell\u20191 ottobre 2022 per alcune specie (Beccaccia, Germano reale, Folaga, Gallinella d\u2019acqua, Alzavola, Mestolone, Canapiglia, Porciglione, Fischione, Codone, Marzaiola, Beccaccino, Frullino, Tordo bottaccio, Cesena, Tordo sassello, Starna, Fagiano e Quaglia); sospese due giornate aggiuntive di caccia nel periodo 1 ottobre &#8211; 30 novembre per le specie migratorie.<\/p>\n<p>Il Tar ha ritenuto che le &#8220;pur articolate motivazioni dedotte dalla Regione a sostegno della apertura della caccia prima dell\u20191 ottobre 2022 non paiono idonee a superare il parere espresso dall\u2019ISPRA in relazione a tali specie e che le argomentazioni dedotte dalla Regione a sostegno della concessione delle giornate aggiuntive per il periodo ottobre-novembre per le specie migratorie non appaiono pienamente convincenti\u201d.<\/p>","protected":false},"excerpt":{"rendered":"<p>Il Tribunale amministrativo regionale del Veneto, con l\u2019ordinanza n. 798\/2022, ha disposto la sospensione del Calendario venatorio nella parte in cui prevede l\u2019apertura della caccia prima dell\u20191 ottobre 2022 per alcune specie (Beccaccia, Germano reale, Folaga, Gallinella d\u2019acqua, Alzavola, Mestolone, Canapiglia, Porciglione, Fischione, Codone, Marzaiola, Beccaccino, Frullino, Tordo bottaccio, Cesena, Tordo sassello, Starna, Fagiano e [&hellip;]<\/p>\n","protected":false},"author":2,"featured_media":117736,"comment_status":"closed","ping_status":"open","sticky":false,"template":"","format":"standard","meta":{"footnotes":""},"categories":[38,8],"tags":[],"class_list":["post-136581","post","type-post","status-publish","format-standard","has-post-thumbnail","category-natura-ambiente","category-societa-istituzioni"],"yoast_head":"<!-- This site is optimized with the Yoast SEO plugin v28.4 - https:\/\/yoast.com\/product\/yoast-seo-wordpress\/ -->\n<title>No all&#039;apertura anticipata della caccia. Il Tar del Veneto sospende il calendario venatorio - Bellunopress - Dolomiti<\/title>\n<meta name=\"robots\" content=\"index, follow, max-snippet:-1, max-image-preview:large, max-video-preview:-1\" \/>\n<link rel=\"canonical\" href=\"https:\/\/www.bellunopress.it\/fr\/2022\/09\/23\/no-allapertura-anticipata-della-caccia-il-tar-del-veneto-sospende-il-calendario-venatorio\/\" \/>\n<meta property=\"og:locale\" content=\"fr_FR\" \/>\n<meta property=\"og:type\" content=\"article\" \/>\n<meta property=\"og:title\" content=\"No all&#039;apertura anticipata della caccia. Il Tar del Veneto sospende il calendario venatorio - Bellunopress - Dolomiti\" \/>\n<meta property=\"og:description\" content=\"Il Tribunale amministrativo regionale del Veneto, con l\u2019ordinanza n. 798\/2022, ha disposto la sospensione del Calendario venatorio nella parte in cui prevede l\u2019apertura della caccia prima dell\u20191 ottobre 2022 per alcune specie (Beccaccia, Germano reale, Folaga, Gallinella d\u2019acqua, Alzavola, Mestolone, Canapiglia, Porciglione, Fischione, Codone, Marzaiola, Beccaccino, Frullino, Tordo bottaccio, Cesena, Tordo sassello, Starna, Fagiano e [&hellip;]\" \/>\n<meta property=\"og:url\" content=\"https:\/\/www.bellunopress.it\/fr\/2022\/09\/23\/no-allapertura-anticipata-della-caccia-il-tar-del-veneto-sospende-il-calendario-venatorio\/\" \/>\n<meta property=\"og:site_name\" content=\"Bellunopress - Dolomiti\" \/>\n<meta property=\"article:publisher\" content=\"https:\/\/www.facebook.com\/profile.php?id=100008943462799\" \/>\n<meta property=\"article:published_time\" content=\"2022-09-23T19:38:36+00:00\" \/>\n<meta property=\"og:image\" content=\"https:\/\/www.bellunopress.it\/wp-content\/uploads\/2020\/09\/caccia-caabs_edited.jpg\" \/>\n\t<meta property=\"og:image:width\" content=\"800\" \/>\n\t<meta property=\"og:image:height\" content=\"600\" \/>\n\t<meta property=\"og:image:type\" content=\"image\/jpeg\" \/>\n<meta name=\"author\" content=\"redazione\" \/>\n<meta name=\"twitter:card\" content=\"summary_large_image\" \/>\n<meta name=\"twitter:creator\" content=\"@bellunopress\" \/>\n<meta name=\"twitter:site\" content=\"@bellunopress\" \/>\n<meta name=\"twitter:label1\" content=\"\u00c9crit par\" \/>\n\t<meta name=\"twitter:data1\" content=\"redazione\" \/>\n\t<meta name=\"twitter:label2\" content=\"Dur\u00e9e de lecture estim\u00e9e\" \/>\n\t<meta name=\"twitter:data2\" content=\"1 minute\" \/>\n<script type=\"application\/ld+json\" class=\"yoast-schema-graph\">{\"@context\":\"https:\\\/\\\/schema.org\",\"@graph\":[{\"@type\":\"Article\",\"@id\":\"https:\\\/\\\/www.bellunopress.it\\\/2022\\\/09\\\/23\\\/no-allapertura-anticipata-della-caccia-il-tar-del-veneto-sospende-il-calendario-venatorio\\\/#article\",\"isPartOf\":{\"@id\":\"https:\\\/\\\/www.bellunopress.it\\\/2022\\\/09\\\/23\\\/no-allapertura-anticipata-della-caccia-il-tar-del-veneto-sospende-il-calendario-venatorio\\\/\"},\"author\":{\"name\":\"redazione\",\"@id\":\"https:\\\/\\\/www.bellunopress.it\\\/#\\\/schema\\\/person\\\/79bb06722b37ece1c03d3e94beb30d73\"},\"headline\":\"No all&#8217;apertura anticipata della caccia. Il Tar del Veneto sospende il calendario venatorio\",\"datePublished\":\"2022-09-23T19:38:36+00:00\",\"mainEntityOfPage\":{\"@id\":\"https:\\\/\\\/www.bellunopress.it\\\/2022\\\/09\\\/23\\\/no-allapertura-anticipata-della-caccia-il-tar-del-veneto-sospende-il-calendario-venatorio\\\/\"},\"wordCount\":148,\"publisher\":{\"@id\":\"https:\\\/\\\/www.bellunopress.it\\\/#organization\"},\"image\":{\"@id\":\"https:\\\/\\\/www.bellunopress.it\\\/2022\\\/09\\\/23\\\/no-allapertura-anticipata-della-caccia-il-tar-del-veneto-sospende-il-calendario-venatorio\\\/#primaryimage\"},\"thumbnailUrl\":\"https:\\\/\\\/www.bellunopress.it\\\/wp-content\\\/uploads\\\/2020\\\/09\\\/caccia-caabs_edited.jpg\",\"articleSection\":[\"Meteo, natura, ambiente, animali\",\"Societ\u00e0, Associazioni, Istituzioni\"],\"inLanguage\":\"fr-FR\"},{\"@type\":\"WebPage\",\"@id\":\"https:\\\/\\\/www.bellunopress.it\\\/2022\\\/09\\\/23\\\/no-allapertura-anticipata-della-caccia-il-tar-del-veneto-sospende-il-calendario-venatorio\\\/\",\"url\":\"https:\\\/\\\/www.bellunopress.it\\\/2022\\\/09\\\/23\\\/no-allapertura-anticipata-della-caccia-il-tar-del-veneto-sospende-il-calendario-venatorio\\\/\",\"name\":\"No all'apertura anticipata della caccia. Il Tar del Veneto sospende il calendario venatorio - Bellunopress - Dolomiti\",\"isPartOf\":{\"@id\":\"https:\\\/\\\/www.bellunopress.it\\\/#website\"},\"primaryImageOfPage\":{\"@id\":\"https:\\\/\\\/www.bellunopress.it\\\/2022\\\/09\\\/23\\\/no-allapertura-anticipata-della-caccia-il-tar-del-veneto-sospende-il-calendario-venatorio\\\/#primaryimage\"},\"image\":{\"@id\":\"https:\\\/\\\/www.bellunopress.it\\\/2022\\\/09\\\/23\\\/no-allapertura-anticipata-della-caccia-il-tar-del-veneto-sospende-il-calendario-venatorio\\\/#primaryimage\"},\"thumbnailUrl\":\"https:\\\/\\\/www.bellunopress.it\\\/wp-content\\\/uploads\\\/2020\\\/09\\\/caccia-caabs_edited.jpg\",\"datePublished\":\"2022-09-23T19:38:36+00:00\",\"breadcrumb\":{\"@id\":\"https:\\\/\\\/www.bellunopress.it\\\/2022\\\/09\\\/23\\\/no-allapertura-anticipata-della-caccia-il-tar-del-veneto-sospende-il-calendario-venatorio\\\/#breadcrumb\"},\"inLanguage\":\"fr-FR\",\"potentialAction\":[{\"@type\":\"ReadAction\",\"target\":[\"https:\\\/\\\/www.bellunopress.it\\\/2022\\\/09\\\/23\\\/no-allapertura-anticipata-della-caccia-il-tar-del-veneto-sospende-il-calendario-venatorio\\\/\"]}]},{\"@type\":\"ImageObject\",\"inLanguage\":\"fr-FR\",\"@id\":\"https:\\\/\\\/www.bellunopress.it\\\/2022\\\/09\\\/23\\\/no-allapertura-anticipata-della-caccia-il-tar-del-veneto-sospende-il-calendario-venatorio\\\/#primaryimage\",\"url\":\"https:\\\/\\\/www.bellunopress.it\\\/wp-content\\\/uploads\\\/2020\\\/09\\\/caccia-caabs_edited.jpg\",\"contentUrl\":\"https:\\\/\\\/www.bellunopress.it\\\/wp-content\\\/uploads\\\/2020\\\/09\\\/caccia-caabs_edited.jpg\",\"width\":800,\"height\":600},{\"@type\":\"BreadcrumbList\",\"@id\":\"https:\\\/\\\/www.bellunopress.it\\\/2022\\\/09\\\/23\\\/no-allapertura-anticipata-della-caccia-il-tar-del-veneto-sospende-il-calendario-venatorio\\\/#breadcrumb\",\"itemListElement\":[{\"@type\":\"ListItem\",\"position\":1,\"name\":\"Home\",\"item\":\"https:\\\/\\\/www.bellunopress.it\\\/\"},{\"@type\":\"ListItem\",\"position\":2,\"name\":\"No all&#8217;apertura anticipata della caccia. Il Tar del Veneto sospende il calendario venatorio\"}]},{\"@type\":\"WebSite\",\"@id\":\"https:\\\/\\\/www.bellunopress.it\\\/#website\",\"url\":\"https:\\\/\\\/www.bellunopress.it\\\/\",\"name\":\"Bellunopress - Dolomiti\",\"description\":\"e-mail: redazione@bellunopress.it\",\"publisher\":{\"@id\":\"https:\\\/\\\/www.bellunopress.it\\\/#organization\"},\"potentialAction\":[{\"@type\":\"SearchAction\",\"target\":{\"@type\":\"EntryPoint\",\"urlTemplate\":\"https:\\\/\\\/www.bellunopress.it\\\/?s={search_term_string}\"},\"query-input\":{\"@type\":\"PropertyValueSpecification\",\"valueRequired\":true,\"valueName\":\"search_term_string\"}}],\"inLanguage\":\"fr-FR\"},{\"@type\":\"Organization\",\"@id\":\"https:\\\/\\\/www.bellunopress.it\\\/#organization\",\"name\":\"Bellunopress\",\"url\":\"https:\\\/\\\/www.bellunopress.it\\\/\",\"logo\":{\"@type\":\"ImageObject\",\"inLanguage\":\"fr-FR\",\"@id\":\"https:\\\/\\\/www.bellunopress.it\\\/#\\\/schema\\\/logo\\\/image\\\/\",\"url\":\"https:\\\/\\\/www.bellunopress.it\\\/wp-content\\\/uploads\\\/2011\\\/05\\\/cropped-logo-bellunopress-.jpg\",\"contentUrl\":\"https:\\\/\\\/www.bellunopress.it\\\/wp-content\\\/uploads\\\/2011\\\/05\\\/cropped-logo-bellunopress-.jpg\",\"width\":512,\"height\":512,\"caption\":\"Bellunopress\"},\"image\":{\"@id\":\"https:\\\/\\\/www.bellunopress.it\\\/#\\\/schema\\\/logo\\\/image\\\/\"},\"sameAs\":[\"https:\\\/\\\/www.facebook.com\\\/profile.php?id=100008943462799\",\"https:\\\/\\\/x.com\\\/bellunopress\",\"https:\\\/\\\/www.linkedin.com\\\/hp\\\/?dnr=JBzUWaJfMUw8vbXJJ2tVW5-I3jZKvC4wsoxE&amp;amp;amp;amp;amp;amp;trk=nav_responsive_tab_home\",\"https:\\\/\\\/www.youtube.com\\\/channel\\\/UCxL0wu1uN0_3_7hGG0306cw\"]},{\"@type\":\"Person\",\"@id\":\"https:\\\/\\\/www.bellunopress.it\\\/#\\\/schema\\\/person\\\/79bb06722b37ece1c03d3e94beb30d73\",\"name\":\"redazione\",\"image\":{\"@type\":\"ImageObject\",\"inLanguage\":\"fr-FR\",\"@id\":\"https:\\\/\\\/secure.gravatar.com\\\/avatar\\\/37d968a2e67a6fd04c169c4bdef102d0bc5d31b2546345219e348575eb80e9a0?s=96&d=mm&r=g\",\"url\":\"https:\\\/\\\/secure.gravatar.com\\\/avatar\\\/37d968a2e67a6fd04c169c4bdef102d0bc5d31b2546345219e348575eb80e9a0?s=96&d=mm&r=g\",\"contentUrl\":\"https:\\\/\\\/secure.gravatar.com\\\/avatar\\\/37d968a2e67a6fd04c169c4bdef102d0bc5d31b2546345219e348575eb80e9a0?s=96&d=mm&r=g\",\"caption\":\"redazione\"},\"sameAs\":[\"http:\\\/\\\/www.bellunopress.it\",\"https:\\\/\\\/x.com\\\/bellunopress\"],\"url\":\"https:\\\/\\\/www.bellunopress.it\\\/fr\\\/author\\\/redazione\\\/\"}]}<\/script>\n<!-- \/ Yoast SEO plugin. -->","yoast_head_json":{"title":"No all'apertura anticipata della caccia. Il Tar del Veneto sospende il calendario venatorio - Bellunopress - Dolomiti","robots":{"index":"index","follow":"follow","max-snippet":"max-snippet:-1","max-image-preview":"max-image-preview:large","max-video-preview":"max-video-preview:-1"},"canonical":"https:\/\/www.bellunopress.it\/fr\/2022\/09\/23\/no-allapertura-anticipata-della-caccia-il-tar-del-veneto-sospende-il-calendario-venatorio\/","og_locale":"fr_FR","og_type":"article","og_title":"No all'apertura anticipata della caccia. Il Tar del Veneto sospende il calendario venatorio - Bellunopress - Dolomiti","og_description":"Il Tribunale amministrativo regionale del Veneto, con l\u2019ordinanza n. 798\/2022, ha disposto la sospensione del Calendario venatorio nella parte in cui prevede l\u2019apertura della caccia prima dell\u20191 ottobre 2022 per alcune specie (Beccaccia, Germano reale, Folaga, Gallinella d\u2019acqua, Alzavola, Mestolone, Canapiglia, Porciglione, Fischione, Codone, Marzaiola, Beccaccino, Frullino, Tordo bottaccio, Cesena, Tordo sassello, Starna, Fagiano e [&hellip;]","og_url":"https:\/\/www.bellunopress.it\/fr\/2022\/09\/23\/no-allapertura-anticipata-della-caccia-il-tar-del-veneto-sospende-il-calendario-venatorio\/","og_site_name":"Bellunopress - Dolomiti","article_publisher":"https:\/\/www.facebook.com\/profile.php?id=100008943462799","article_published_time":"2022-09-23T19:38:36+00:00","og_image":[{"width":800,"height":600,"url":"https:\/\/www.bellunopress.it\/wp-content\/uploads\/2020\/09\/caccia-caabs_edited.jpg","type":"image\/jpeg"}],"author":"redazione","twitter_card":"summary_large_image","twitter_creator":"@bellunopress","twitter_site":"@bellunopress","twitter_misc":{"\u00c9crit par":"redazione","Dur\u00e9e de lecture estim\u00e9e":"1 minute"},"schema":{"@context":"https:\/\/schema.org","@graph":[{"@type":"Article","@id":"https:\/\/www.bellunopress.it\/2022\/09\/23\/no-allapertura-anticipata-della-caccia-il-tar-del-veneto-sospende-il-calendario-venatorio\/#article","isPartOf":{"@id":"https:\/\/www.bellunopress.it\/2022\/09\/23\/no-allapertura-anticipata-della-caccia-il-tar-del-veneto-sospende-il-calendario-venatorio\/"},"author":{"name":"redazione","@id":"https:\/\/www.bellunopress.it\/#\/schema\/person\/79bb06722b37ece1c03d3e94beb30d73"},"headline":"No all&#8217;apertura anticipata della caccia. Il Tar del Veneto sospende il calendario venatorio","datePublished":"2022-09-23T19:38:36+00:00","mainEntityOfPage":{"@id":"https:\/\/www.bellunopress.it\/2022\/09\/23\/no-allapertura-anticipata-della-caccia-il-tar-del-veneto-sospende-il-calendario-venatorio\/"},"wordCount":148,"publisher":{"@id":"https:\/\/www.bellunopress.it\/#organization"},"image":{"@id":"https:\/\/www.bellunopress.it\/2022\/09\/23\/no-allapertura-anticipata-della-caccia-il-tar-del-veneto-sospende-il-calendario-venatorio\/#primaryimage"},"thumbnailUrl":"https:\/\/www.bellunopress.it\/wp-content\/uploads\/2020\/09\/caccia-caabs_edited.jpg","articleSection":["Meteo, natura, ambiente, animali","Societ\u00e0, Associazioni, Istituzioni"],"inLanguage":"fr-FR"},{"@type":"WebPage","@id":"https:\/\/www.bellunopress.it\/2022\/09\/23\/no-allapertura-anticipata-della-caccia-il-tar-del-veneto-sospende-il-calendario-venatorio\/","url":"https:\/\/www.bellunopress.it\/2022\/09\/23\/no-allapertura-anticipata-della-caccia-il-tar-del-veneto-sospende-il-calendario-venatorio\/","name":"No all'apertura anticipata della caccia. Il Tar del Veneto sospende il calendario venatorio - Bellunopress - Dolomiti","isPartOf":{"@id":"https:\/\/www.bellunopress.it\/#website"},"primaryImageOfPage":{"@id":"https:\/\/www.bellunopress.it\/2022\/09\/23\/no-allapertura-anticipata-della-caccia-il-tar-del-veneto-sospende-il-calendario-venatorio\/#primaryimage"},"image":{"@id":"https:\/\/www.bellunopress.it\/2022\/09\/23\/no-allapertura-anticipata-della-caccia-il-tar-del-veneto-sospende-il-calendario-venatorio\/#primaryimage"},"thumbnailUrl":"https:\/\/www.bellunopress.it\/wp-content\/uploads\/2020\/09\/caccia-caabs_edited.jpg","datePublished":"2022-09-23T19:38:36+00:00","breadcrumb":{"@id":"https:\/\/www.bellunopress.it\/2022\/09\/23\/no-allapertura-anticipata-della-caccia-il-tar-del-veneto-sospende-il-calendario-venatorio\/#breadcrumb"},"inLanguage":"fr-FR","potentialAction":[{"@type":"ReadAction","target":["https:\/\/www.bellunopress.it\/2022\/09\/23\/no-allapertura-anticipata-della-caccia-il-tar-del-veneto-sospende-il-calendario-venatorio\/"]}]},{"@type":"ImageObject","inLanguage":"fr-FR","@id":"https:\/\/www.bellunopress.it\/2022\/09\/23\/no-allapertura-anticipata-della-caccia-il-tar-del-veneto-sospende-il-calendario-venatorio\/#primaryimage","url":"https:\/\/www.bellunopress.it\/wp-content\/uploads\/2020\/09\/caccia-caabs_edited.jpg","contentUrl":"https:\/\/www.bellunopress.it\/wp-content\/uploads\/2020\/09\/caccia-caabs_edited.jpg","width":800,"height":600},{"@type":"BreadcrumbList","@id":"https:\/\/www.bellunopress.it\/2022\/09\/23\/no-allapertura-anticipata-della-caccia-il-tar-del-veneto-sospende-il-calendario-venatorio\/#breadcrumb","itemListElement":[{"@type":"ListItem","position":1,"name":"Home","item":"https:\/\/www.bellunopress.it\/"},{"@type":"ListItem","position":2,"name":"No all&#8217;apertura anticipata della caccia. Il Tar del Veneto sospende il calendario venatorio"}]},{"@type":"WebSite","@id":"https:\/\/www.bellunopress.it\/#website","url":"https:\/\/www.bellunopress.it\/","name":"Bellunopress - Dolomiti","description":"e-mail: redazione@bellunopress.it","publisher":{"@id":"https:\/\/www.bellunopress.it\/#organization"},"potentialAction":[{"@type":"SearchAction","target":{"@type":"EntryPoint","urlTemplate":"https:\/\/www.bellunopress.it\/?s={search_term_string}"},"query-input":{"@type":"PropertyValueSpecification","valueRequired":true,"valueName":"search_term_string"}}],"inLanguage":"fr-FR"},{"@type":"Organization","@id":"https:\/\/www.bellunopress.it\/#organization","name":"Bellunopress","url":"https:\/\/www.bellunopress.it\/","logo":{"@type":"ImageObject","inLanguage":"fr-FR","@id":"https:\/\/www.bellunopress.it\/#\/schema\/logo\/image\/","url":"https:\/\/www.bellunopress.it\/wp-content\/uploads\/2011\/05\/cropped-logo-bellunopress-.jpg","contentUrl":"https:\/\/www.bellunopress.it\/wp-content\/uploads\/2011\/05\/cropped-logo-bellunopress-.jpg","width":512,"height":512,"caption":"Bellunopress"},"image":{"@id":"https:\/\/www.bellunopress.it\/#\/schema\/logo\/image\/"},"sameAs":["https:\/\/www.facebook.com\/profile.php?id=100008943462799","https:\/\/x.com\/bellunopress","https:\/\/www.linkedin.com\/hp\/?dnr=JBzUWaJfMUw8vbXJJ2tVW5-I3jZKvC4wsoxE&amp;amp;amp;amp;amp;amp;trk=nav_responsive_tab_home","https:\/\/www.youtube.com\/channel\/UCxL0wu1uN0_3_7hGG0306cw"]},{"@type":"Person","@id":"https:\/\/www.bellunopress.it\/#\/schema\/person\/79bb06722b37ece1c03d3e94beb30d73","name":"r\u00e9daction","image":{"@type":"ImageObject","inLanguage":"fr-FR","@id":"https:\/\/secure.gravatar.com\/avatar\/37d968a2e67a6fd04c169c4bdef102d0bc5d31b2546345219e348575eb80e9a0?s=96&d=mm&r=g","url":"https:\/\/secure.gravatar.com\/avatar\/37d968a2e67a6fd04c169c4bdef102d0bc5d31b2546345219e348575eb80e9a0?s=96&d=mm&r=g","contentUrl":"https:\/\/secure.gravatar.com\/avatar\/37d968a2e67a6fd04c169c4bdef102d0bc5d31b2546345219e348575eb80e9a0?s=96&d=mm&r=g","caption":"redazione"},"sameAs":["http:\/\/www.bellunopress.it","https:\/\/x.com\/bellunopress"],"url":"https:\/\/www.bellunopress.it\/fr\/author\/redazione\/"}]}},"_links":{"self":[{"href":"https:\/\/www.bellunopress.it\/fr\/wp-json\/wp\/v2\/posts\/136581","targetHints":{"allow":["GET"]}}],"collection":[{"href":"https:\/\/www.bellunopress.it\/fr\/wp-json\/wp\/v2\/posts"}],"about":[{"href":"https:\/\/www.bellunopress.it\/fr\/wp-json\/wp\/v2\/types\/post"}],"author":[{"embeddable":true,"href":"https:\/\/www.bellunopress.it\/fr\/wp-json\/wp\/v2\/users\/2"}],"replies":[{"embeddable":true,"href":"https:\/\/www.bellunopress.it\/fr\/wp-json\/wp\/v2\/comments?post=136581"}],"version-history":[{"count":1,"href":"https:\/\/www.bellunopress.it\/fr\/wp-json\/wp\/v2\/posts\/136581\/revisions"}],"predecessor-version":[{"id":136582,"href":"https:\/\/www.bellunopress.it\/fr\/wp-json\/wp\/v2\/posts\/136581\/revisions\/136582"}],"wp:featuredmedia":[{"embeddable":true,"href":"https:\/\/www.bellunopress.it\/fr\/wp-json\/wp\/v2\/media\/117736"}],"wp:attachment":[{"href":"https:\/\/www.bellunopress.it\/fr\/wp-json\/wp\/v2\/media?parent=136581"}],"wp:term":[{"taxonomy":"category","embeddable":true,"href":"https:\/\/www.bellunopress.it\/fr\/wp-json\/wp\/v2\/categories?post=136581"},{"taxonomy":"post_tag","embeddable":true,"href":"https:\/\/www.bellunopress.it\/fr\/wp-json\/wp\/v2\/tags?post=136581"}],"curies":[{"name":"wp","href":"https:\/\/api.w.org\/{rel}","templated":true}]}}