{"id":136577,"date":"2022-09-23T17:27:07","date_gmt":"2022-09-23T15:27:07","guid":{"rendered":"https:\/\/www.bellunopress.it\/?p=136577"},"modified":"2022-09-23T17:27:07","modified_gmt":"2022-09-23T15:27:07","slug":"soroptimist-belluno-inaugurata-la-mostra-di-bettina-scholl-sabbatini-al-seminario-gregoriano-di-belluno","status":"publish","type":"post","link":"https:\/\/www.bellunopress.it\/fr\/2022\/09\/23\/soroptimist-belluno-inaugurata-la-mostra-di-bettina-scholl-sabbatini-al-seminario-gregoriano-di-belluno\/","title":{"rendered":"Soroptimist Belluno. Inaugurata la mostra di Bettina Scholl-Sabbatini al Seminario Gregoriano di Belluno"},"content":{"rendered":"<p><img loading=\"lazy\" decoding=\"async\" class=\"alignleft size-full wp-image-136578\" src=\"https:\/\/www.bellunopress.it\/wp-content\/uploads\/2022\/09\/mostra-Bettina-Sholl-Sabbatini_edited.jpg\" alt=\"\" width=\"1000\" height=\"750\" srcset=\"https:\/\/www.bellunopress.it\/wp-content\/uploads\/2022\/09\/mostra-Bettina-Sholl-Sabbatini_edited.jpg 1000w, https:\/\/www.bellunopress.it\/wp-content\/uploads\/2022\/09\/mostra-Bettina-Sholl-Sabbatini_edited-500x375.jpg 500w, https:\/\/www.bellunopress.it\/wp-content\/uploads\/2022\/09\/mostra-Bettina-Sholl-Sabbatini_edited-696x522.jpg 696w, https:\/\/www.bellunopress.it\/wp-content\/uploads\/2022\/09\/mostra-Bettina-Sholl-Sabbatini_edited-560x420.jpg 560w, https:\/\/www.bellunopress.it\/wp-content\/uploads\/2022\/09\/mostra-Bettina-Sholl-Sabbatini_edited-80x60.jpg 80w, https:\/\/www.bellunopress.it\/wp-content\/uploads\/2022\/09\/mostra-Bettina-Sholl-Sabbatini_edited-265x198.jpg 265w\" sizes=\"auto, (max-width: 1000px) 100vw, 1000px\" \/><\/p>\n<figure id=\"attachment_136579\" aria-describedby=\"caption-attachment-136579\" style=\"width: 750px\" class=\"wp-caption alignleft\"><img loading=\"lazy\" decoding=\"async\" class=\"size-full wp-image-136579\" src=\"https:\/\/www.bellunopress.it\/wp-content\/uploads\/2022\/09\/scultrice-Bettina-Scholl-Sabbatini_edited.jpg\" alt=\"\" width=\"750\" height=\"1000\" srcset=\"https:\/\/www.bellunopress.it\/wp-content\/uploads\/2022\/09\/scultrice-Bettina-Scholl-Sabbatini_edited.jpg 750w, https:\/\/www.bellunopress.it\/wp-content\/uploads\/2022\/09\/scultrice-Bettina-Scholl-Sabbatini_edited-375x500.jpg 375w, https:\/\/www.bellunopress.it\/wp-content\/uploads\/2022\/09\/scultrice-Bettina-Scholl-Sabbatini_edited-696x928.jpg 696w, https:\/\/www.bellunopress.it\/wp-content\/uploads\/2022\/09\/scultrice-Bettina-Scholl-Sabbatini_edited-315x420.jpg 315w\" sizes=\"auto, (max-width: 750px) 100vw, 750px\" \/><figcaption id=\"caption-attachment-136579\" class=\"wp-caption-text\">La scultrice Bettina Scholl-Sabbatini<\/figcaption><\/figure>\n<p>Belluno, 23 settembre 2022 &#8211; E\u2019 stata inaugurata questa mattina nel quattrocentesco Chiostro gotico del Seminario Gregoriano la mostra dal titolo &#8220;Melusine\u2019s Buzz Poem. Omaggio a Dino Buzzati&#8221;, su iniziativa del Club Soroptimist Belluno \u2013 Feltre. La rassegna, curata da Maria Luisa Caldognetto, \u00e8 costituita da una trentina di sculture in bronzo patinato, realizzate per la ricorrenza del cinquantenario della morte del giornalista scrittore Buzzatti da Bettina Scholl-Sabbatini, artista lussemburghese di origine italiana con antenati di Sospirolo. La scultrice si \u00e8 ispirata al &#8220;Poema a fumetti&#8221; di Buzzati, che evoca in maniera originale le figure delle Melusine appartenenti al patrimonio leggendario delle regioni alpine.<\/p>\n<p>&#8220;Da dove credi dunque che vengano, venissero le Melusine delle campagne dei boschi delle valli? Le Melusine delle vecchie montagne? \u2026Vengono dai piccoli pertugi neri del tronco preistorico e secco perlustrato dalle formiche a miriadi\u2026&#8221; (Dino Buzzatti &#8211; Poema a Fumetti)<\/p>\n<p>Il tema delle Melusine trova riscontri vari e variegati, nelle forme e nei significati che assumono, anche nell\u2019universo folclorico delle aree centro-nord europee come il Lussemburgo, dove, secondo una tradizione profondamente radicata, vedrebbe in una<br \/>\ndi queste figure ibride, tra l\u2019umano, il sovrannaturale e il fiabesco, il suo mito fondatore.<br \/>\nCon questa mostra l\u2019artista Bettina Scholl-Sabbatini,\u00a0si rivela cos\u00ec particolarmente<br \/>\nsensibile a un tema che, se da un lato unisce in maniera trasversale i suoi due mondi di appartenenza, dall\u2019altro richiama alcune costanti della sua vasta produzione artistica, che ha registrato nel corso degli anni tappe importanti e prestigiose a livello internazionale, tra<br \/>\ncui la partecipazione alla Biennale di Venezia nel 2010.<\/p>\n<p>L&#8217;evento si inserisce nel quarantennale dalla fondazione del Soroptimist International Club Belluno-Feltre e nel cinquantesimo della morte di Dino Buzzatti. .<\/p>\n<p>La mostra \u00e8 aperta al pubblico dal 24 Settembre al 23 Ottobre nei giorni di<br \/>\nVenerd\u00ec, Sabato e Domenica dalle 10 alle 12 e dalle 15 alle 17.<\/p>\n<p>A corredo di questa iniziativa si terranno inoltre, nell\u2019aula magna del Seminario, due conferenze: la prima, Sabato 1 Ottobre alle 10, Buzzati minore, ma non troppo. Autografi, libri preziosi, speciali e rari buzzatiani della Biblioteca civica di Belluno tenuta dal direttore della Biblioteca stessa dr. Giovanni Grazioli con letture di Nanni Dorigo della Compagnia del Moccolo. La seconda conferenza dal titolo: Le melusine dal medioevo a Buzzati, tenuta da Marco Perale, presidente della Associazione Internazionale Dino Buzzati, Venerd\u00ec 14 Ottobre alle 17.30. L\u2019ingresso alle diverse manifestazioni \u00e8 libero. L\u2019evento \u00e8 stato realizzato con il<br \/>\nsostegno delle ditte Fedon, UNIFARCO per la cultura, Volksbank e De Bona Motors e la<br \/>\ncollaborazione del Seminario gregoriano di Belluno e dell\u2019Associazione Campedel.<\/p>\n<p>Hanno presenziato all&#8217;inaugurazione, oltre all\u2019artista e la curatrice, le autorit\u00e0 della citt\u00e0 e della provincia di Belluno, la presidente nazionale del Soroptimist International Giovanna Guercio, la presidente provinciale Nadia Della Vecchia, i consoli del Lussemburgo a Venezia e Trieste. E&#8217; intervenuto l&#8217;assessore alla Cultura del Comune di Belluno Raffaele Addamiano.<\/p>","protected":false},"excerpt":{"rendered":"<p>Belluno, 23 settembre 2022 &#8211; E\u2019 stata inaugurata questa mattina nel quattrocentesco Chiostro gotico del Seminario Gregoriano la mostra dal titolo &#8220;Melusine\u2019s Buzz Poem. Omaggio a Dino Buzzati&#8221;, su iniziativa del Club Soroptimist Belluno \u2013 Feltre. La rassegna, curata da Maria Luisa Caldognetto, \u00e8 costituita da una trentina di sculture in bronzo patinato, realizzate per [&hellip;]<\/p>\n","protected":false},"author":2,"featured_media":136578,"comment_status":"closed","ping_status":"open","sticky":false,"template":"","format":"standard","meta":{"footnotes":""},"categories":[3,26],"tags":[],"class_list":["post-136577","post","type-post","status-publish","format-standard","has-post-thumbnail","category-arte-cultura-spettacoli-scienza-archivi","category-prima-pagina"],"yoast_head":"<!-- This site is optimized with the Yoast SEO plugin v28.4 - https:\/\/yoast.com\/product\/yoast-seo-wordpress\/ -->\n<title>Soroptimist Belluno. Inaugurata la mostra di Bettina Scholl-Sabbatini al Seminario Gregoriano di Belluno - Bellunopress - Dolomiti<\/title>\n<meta name=\"robots\" content=\"index, follow, max-snippet:-1, max-image-preview:large, max-video-preview:-1\" \/>\n<link rel=\"canonical\" href=\"https:\/\/www.bellunopress.it\/fr\/2022\/09\/23\/soroptimist-belluno-inaugurata-la-mostra-di-bettina-scholl-sabbatini-al-seminario-gregoriano-di-belluno\/\" \/>\n<meta property=\"og:locale\" content=\"fr_FR\" \/>\n<meta property=\"og:type\" content=\"article\" \/>\n<meta property=\"og:title\" content=\"Soroptimist Belluno. Inaugurata la mostra di Bettina Scholl-Sabbatini al Seminario Gregoriano di Belluno - Bellunopress - Dolomiti\" \/>\n<meta property=\"og:description\" content=\"Belluno, 23 settembre 2022 &#8211; E\u2019 stata inaugurata questa mattina nel quattrocentesco Chiostro gotico del Seminario Gregoriano la mostra dal titolo &#8220;Melusine\u2019s Buzz Poem. Omaggio a Dino Buzzati&#8221;, su iniziativa del Club Soroptimist Belluno \u2013 Feltre. La rassegna, curata da Maria Luisa Caldognetto, \u00e8 costituita da una trentina di sculture in bronzo patinato, realizzate per [&hellip;]\" \/>\n<meta property=\"og:url\" content=\"https:\/\/www.bellunopress.it\/fr\/2022\/09\/23\/soroptimist-belluno-inaugurata-la-mostra-di-bettina-scholl-sabbatini-al-seminario-gregoriano-di-belluno\/\" \/>\n<meta property=\"og:site_name\" content=\"Bellunopress - Dolomiti\" \/>\n<meta property=\"article:publisher\" content=\"https:\/\/www.facebook.com\/profile.php?id=100008943462799\" \/>\n<meta property=\"article:published_time\" content=\"2022-09-23T15:27:07+00:00\" \/>\n<meta property=\"og:image\" content=\"https:\/\/www.bellunopress.it\/wp-content\/uploads\/2022\/09\/mostra-Bettina-Sholl-Sabbatini_edited.jpg\" \/>\n\t<meta property=\"og:image:width\" content=\"1000\" \/>\n\t<meta property=\"og:image:height\" content=\"750\" \/>\n\t<meta property=\"og:image:type\" content=\"image\/jpeg\" \/>\n<meta name=\"author\" content=\"redazione\" \/>\n<meta name=\"twitter:card\" content=\"summary_large_image\" \/>\n<meta name=\"twitter:creator\" content=\"@bellunopress\" \/>\n<meta name=\"twitter:site\" content=\"@bellunopress\" \/>\n<meta name=\"twitter:label1\" content=\"\u00c9crit par\" \/>\n\t<meta name=\"twitter:data1\" content=\"redazione\" \/>\n\t<meta name=\"twitter:label2\" content=\"Dur\u00e9e de lecture estim\u00e9e\" \/>\n\t<meta name=\"twitter:data2\" content=\"3 minutes\" \/>\n<script type=\"application\/ld+json\" class=\"yoast-schema-graph\">{\"@context\":\"https:\\\/\\\/schema.org\",\"@graph\":[{\"@type\":\"Article\",\"@id\":\"https:\\\/\\\/www.bellunopress.it\\\/2022\\\/09\\\/23\\\/soroptimist-belluno-inaugurata-la-mostra-di-bettina-scholl-sabbatini-al-seminario-gregoriano-di-belluno\\\/#article\",\"isPartOf\":{\"@id\":\"https:\\\/\\\/www.bellunopress.it\\\/2022\\\/09\\\/23\\\/soroptimist-belluno-inaugurata-la-mostra-di-bettina-scholl-sabbatini-al-seminario-gregoriano-di-belluno\\\/\"},\"author\":{\"name\":\"redazione\",\"@id\":\"https:\\\/\\\/www.bellunopress.it\\\/#\\\/schema\\\/person\\\/79bb06722b37ece1c03d3e94beb30d73\"},\"headline\":\"Soroptimist Belluno. Inaugurata la mostra di Bettina Scholl-Sabbatini al Seminario Gregoriano di Belluno\",\"datePublished\":\"2022-09-23T15:27:07+00:00\",\"mainEntityOfPage\":{\"@id\":\"https:\\\/\\\/www.bellunopress.it\\\/2022\\\/09\\\/23\\\/soroptimist-belluno-inaugurata-la-mostra-di-bettina-scholl-sabbatini-al-seminario-gregoriano-di-belluno\\\/\"},\"wordCount\":491,\"publisher\":{\"@id\":\"https:\\\/\\\/www.bellunopress.it\\\/#organization\"},\"image\":{\"@id\":\"https:\\\/\\\/www.bellunopress.it\\\/2022\\\/09\\\/23\\\/soroptimist-belluno-inaugurata-la-mostra-di-bettina-scholl-sabbatini-al-seminario-gregoriano-di-belluno\\\/#primaryimage\"},\"thumbnailUrl\":\"https:\\\/\\\/www.bellunopress.it\\\/wp-content\\\/uploads\\\/2022\\\/09\\\/mostra-Bettina-Sholl-Sabbatini_edited.jpg\",\"articleSection\":[\"Arte, Cultura, Spettacoli, Scienza\",\"Prima Pagina\"],\"inLanguage\":\"fr-FR\"},{\"@type\":\"WebPage\",\"@id\":\"https:\\\/\\\/www.bellunopress.it\\\/2022\\\/09\\\/23\\\/soroptimist-belluno-inaugurata-la-mostra-di-bettina-scholl-sabbatini-al-seminario-gregoriano-di-belluno\\\/\",\"url\":\"https:\\\/\\\/www.bellunopress.it\\\/2022\\\/09\\\/23\\\/soroptimist-belluno-inaugurata-la-mostra-di-bettina-scholl-sabbatini-al-seminario-gregoriano-di-belluno\\\/\",\"name\":\"Soroptimist Belluno. Inaugurata la mostra di Bettina Scholl-Sabbatini al Seminario Gregoriano di Belluno - Bellunopress - Dolomiti\",\"isPartOf\":{\"@id\":\"https:\\\/\\\/www.bellunopress.it\\\/#website\"},\"primaryImageOfPage\":{\"@id\":\"https:\\\/\\\/www.bellunopress.it\\\/2022\\\/09\\\/23\\\/soroptimist-belluno-inaugurata-la-mostra-di-bettina-scholl-sabbatini-al-seminario-gregoriano-di-belluno\\\/#primaryimage\"},\"image\":{\"@id\":\"https:\\\/\\\/www.bellunopress.it\\\/2022\\\/09\\\/23\\\/soroptimist-belluno-inaugurata-la-mostra-di-bettina-scholl-sabbatini-al-seminario-gregoriano-di-belluno\\\/#primaryimage\"},\"thumbnailUrl\":\"https:\\\/\\\/www.bellunopress.it\\\/wp-content\\\/uploads\\\/2022\\\/09\\\/mostra-Bettina-Sholl-Sabbatini_edited.jpg\",\"datePublished\":\"2022-09-23T15:27:07+00:00\",\"breadcrumb\":{\"@id\":\"https:\\\/\\\/www.bellunopress.it\\\/2022\\\/09\\\/23\\\/soroptimist-belluno-inaugurata-la-mostra-di-bettina-scholl-sabbatini-al-seminario-gregoriano-di-belluno\\\/#breadcrumb\"},\"inLanguage\":\"fr-FR\",\"potentialAction\":[{\"@type\":\"ReadAction\",\"target\":[\"https:\\\/\\\/www.bellunopress.it\\\/2022\\\/09\\\/23\\\/soroptimist-belluno-inaugurata-la-mostra-di-bettina-scholl-sabbatini-al-seminario-gregoriano-di-belluno\\\/\"]}]},{\"@type\":\"ImageObject\",\"inLanguage\":\"fr-FR\",\"@id\":\"https:\\\/\\\/www.bellunopress.it\\\/2022\\\/09\\\/23\\\/soroptimist-belluno-inaugurata-la-mostra-di-bettina-scholl-sabbatini-al-seminario-gregoriano-di-belluno\\\/#primaryimage\",\"url\":\"https:\\\/\\\/www.bellunopress.it\\\/wp-content\\\/uploads\\\/2022\\\/09\\\/mostra-Bettina-Sholl-Sabbatini_edited.jpg\",\"contentUrl\":\"https:\\\/\\\/www.bellunopress.it\\\/wp-content\\\/uploads\\\/2022\\\/09\\\/mostra-Bettina-Sholl-Sabbatini_edited.jpg\",\"width\":1000,\"height\":750},{\"@type\":\"BreadcrumbList\",\"@id\":\"https:\\\/\\\/www.bellunopress.it\\\/2022\\\/09\\\/23\\\/soroptimist-belluno-inaugurata-la-mostra-di-bettina-scholl-sabbatini-al-seminario-gregoriano-di-belluno\\\/#breadcrumb\",\"itemListElement\":[{\"@type\":\"ListItem\",\"position\":1,\"name\":\"Home\",\"item\":\"https:\\\/\\\/www.bellunopress.it\\\/\"},{\"@type\":\"ListItem\",\"position\":2,\"name\":\"Soroptimist Belluno. Inaugurata la mostra di Bettina Scholl-Sabbatini al Seminario Gregoriano di Belluno\"}]},{\"@type\":\"WebSite\",\"@id\":\"https:\\\/\\\/www.bellunopress.it\\\/#website\",\"url\":\"https:\\\/\\\/www.bellunopress.it\\\/\",\"name\":\"Bellunopress - Dolomiti\",\"description\":\"e-mail: redazione@bellunopress.it\",\"publisher\":{\"@id\":\"https:\\\/\\\/www.bellunopress.it\\\/#organization\"},\"potentialAction\":[{\"@type\":\"SearchAction\",\"target\":{\"@type\":\"EntryPoint\",\"urlTemplate\":\"https:\\\/\\\/www.bellunopress.it\\\/?s={search_term_string}\"},\"query-input\":{\"@type\":\"PropertyValueSpecification\",\"valueRequired\":true,\"valueName\":\"search_term_string\"}}],\"inLanguage\":\"fr-FR\"},{\"@type\":\"Organization\",\"@id\":\"https:\\\/\\\/www.bellunopress.it\\\/#organization\",\"name\":\"Bellunopress\",\"url\":\"https:\\\/\\\/www.bellunopress.it\\\/\",\"logo\":{\"@type\":\"ImageObject\",\"inLanguage\":\"fr-FR\",\"@id\":\"https:\\\/\\\/www.bellunopress.it\\\/#\\\/schema\\\/logo\\\/image\\\/\",\"url\":\"https:\\\/\\\/www.bellunopress.it\\\/wp-content\\\/uploads\\\/2011\\\/05\\\/cropped-logo-bellunopress-.jpg\",\"contentUrl\":\"https:\\\/\\\/www.bellunopress.it\\\/wp-content\\\/uploads\\\/2011\\\/05\\\/cropped-logo-bellunopress-.jpg\",\"width\":512,\"height\":512,\"caption\":\"Bellunopress\"},\"image\":{\"@id\":\"https:\\\/\\\/www.bellunopress.it\\\/#\\\/schema\\\/logo\\\/image\\\/\"},\"sameAs\":[\"https:\\\/\\\/www.facebook.com\\\/profile.php?id=100008943462799\",\"https:\\\/\\\/x.com\\\/bellunopress\",\"https:\\\/\\\/www.linkedin.com\\\/hp\\\/?dnr=JBzUWaJfMUw8vbXJJ2tVW5-I3jZKvC4wsoxE&amp;amp;amp;amp;amp;amp;trk=nav_responsive_tab_home\",\"https:\\\/\\\/www.youtube.com\\\/channel\\\/UCxL0wu1uN0_3_7hGG0306cw\"]},{\"@type\":\"Person\",\"@id\":\"https:\\\/\\\/www.bellunopress.it\\\/#\\\/schema\\\/person\\\/79bb06722b37ece1c03d3e94beb30d73\",\"name\":\"redazione\",\"image\":{\"@type\":\"ImageObject\",\"inLanguage\":\"fr-FR\",\"@id\":\"https:\\\/\\\/secure.gravatar.com\\\/avatar\\\/37d968a2e67a6fd04c169c4bdef102d0bc5d31b2546345219e348575eb80e9a0?s=96&d=mm&r=g\",\"url\":\"https:\\\/\\\/secure.gravatar.com\\\/avatar\\\/37d968a2e67a6fd04c169c4bdef102d0bc5d31b2546345219e348575eb80e9a0?s=96&d=mm&r=g\",\"contentUrl\":\"https:\\\/\\\/secure.gravatar.com\\\/avatar\\\/37d968a2e67a6fd04c169c4bdef102d0bc5d31b2546345219e348575eb80e9a0?s=96&d=mm&r=g\",\"caption\":\"redazione\"},\"sameAs\":[\"http:\\\/\\\/www.bellunopress.it\",\"https:\\\/\\\/x.com\\\/bellunopress\"],\"url\":\"https:\\\/\\\/www.bellunopress.it\\\/fr\\\/author\\\/redazione\\\/\"}]}<\/script>\n<!-- \/ Yoast SEO plugin. -->","yoast_head_json":{"title":"Soroptimist Belluno. Inaugurata la mostra di Bettina Scholl-Sabbatini al Seminario Gregoriano di Belluno - Bellunopress - Dolomiti","robots":{"index":"index","follow":"follow","max-snippet":"max-snippet:-1","max-image-preview":"max-image-preview:large","max-video-preview":"max-video-preview:-1"},"canonical":"https:\/\/www.bellunopress.it\/fr\/2022\/09\/23\/soroptimist-belluno-inaugurata-la-mostra-di-bettina-scholl-sabbatini-al-seminario-gregoriano-di-belluno\/","og_locale":"fr_FR","og_type":"article","og_title":"Soroptimist Belluno. Inaugurata la mostra di Bettina Scholl-Sabbatini al Seminario Gregoriano di Belluno - Bellunopress - Dolomiti","og_description":"Belluno, 23 settembre 2022 &#8211; E\u2019 stata inaugurata questa mattina nel quattrocentesco Chiostro gotico del Seminario Gregoriano la mostra dal titolo &#8220;Melusine\u2019s Buzz Poem. Omaggio a Dino Buzzati&#8221;, su iniziativa del Club Soroptimist Belluno \u2013 Feltre. La rassegna, curata da Maria Luisa Caldognetto, \u00e8 costituita da una trentina di sculture in bronzo patinato, realizzate per [&hellip;]","og_url":"https:\/\/www.bellunopress.it\/fr\/2022\/09\/23\/soroptimist-belluno-inaugurata-la-mostra-di-bettina-scholl-sabbatini-al-seminario-gregoriano-di-belluno\/","og_site_name":"Bellunopress - Dolomiti","article_publisher":"https:\/\/www.facebook.com\/profile.php?id=100008943462799","article_published_time":"2022-09-23T15:27:07+00:00","og_image":[{"width":1000,"height":750,"url":"https:\/\/www.bellunopress.it\/wp-content\/uploads\/2022\/09\/mostra-Bettina-Sholl-Sabbatini_edited.jpg","type":"image\/jpeg"}],"author":"redazione","twitter_card":"summary_large_image","twitter_creator":"@bellunopress","twitter_site":"@bellunopress","twitter_misc":{"\u00c9crit par":"redazione","Dur\u00e9e de lecture estim\u00e9e":"3 minutes"},"schema":{"@context":"https:\/\/schema.org","@graph":[{"@type":"Article","@id":"https:\/\/www.bellunopress.it\/2022\/09\/23\/soroptimist-belluno-inaugurata-la-mostra-di-bettina-scholl-sabbatini-al-seminario-gregoriano-di-belluno\/#article","isPartOf":{"@id":"https:\/\/www.bellunopress.it\/2022\/09\/23\/soroptimist-belluno-inaugurata-la-mostra-di-bettina-scholl-sabbatini-al-seminario-gregoriano-di-belluno\/"},"author":{"name":"redazione","@id":"https:\/\/www.bellunopress.it\/#\/schema\/person\/79bb06722b37ece1c03d3e94beb30d73"},"headline":"Soroptimist Belluno. Inaugurata la mostra di Bettina Scholl-Sabbatini al Seminario Gregoriano di Belluno","datePublished":"2022-09-23T15:27:07+00:00","mainEntityOfPage":{"@id":"https:\/\/www.bellunopress.it\/2022\/09\/23\/soroptimist-belluno-inaugurata-la-mostra-di-bettina-scholl-sabbatini-al-seminario-gregoriano-di-belluno\/"},"wordCount":491,"publisher":{"@id":"https:\/\/www.bellunopress.it\/#organization"},"image":{"@id":"https:\/\/www.bellunopress.it\/2022\/09\/23\/soroptimist-belluno-inaugurata-la-mostra-di-bettina-scholl-sabbatini-al-seminario-gregoriano-di-belluno\/#primaryimage"},"thumbnailUrl":"https:\/\/www.bellunopress.it\/wp-content\/uploads\/2022\/09\/mostra-Bettina-Sholl-Sabbatini_edited.jpg","articleSection":["Arte, Cultura, Spettacoli, Scienza","Prima Pagina"],"inLanguage":"fr-FR"},{"@type":"WebPage","@id":"https:\/\/www.bellunopress.it\/2022\/09\/23\/soroptimist-belluno-inaugurata-la-mostra-di-bettina-scholl-sabbatini-al-seminario-gregoriano-di-belluno\/","url":"https:\/\/www.bellunopress.it\/2022\/09\/23\/soroptimist-belluno-inaugurata-la-mostra-di-bettina-scholl-sabbatini-al-seminario-gregoriano-di-belluno\/","name":"Soroptimist Belluno. Inaugurata la mostra di Bettina Scholl-Sabbatini al Seminario Gregoriano di Belluno - Bellunopress - Dolomiti","isPartOf":{"@id":"https:\/\/www.bellunopress.it\/#website"},"primaryImageOfPage":{"@id":"https:\/\/www.bellunopress.it\/2022\/09\/23\/soroptimist-belluno-inaugurata-la-mostra-di-bettina-scholl-sabbatini-al-seminario-gregoriano-di-belluno\/#primaryimage"},"image":{"@id":"https:\/\/www.bellunopress.it\/2022\/09\/23\/soroptimist-belluno-inaugurata-la-mostra-di-bettina-scholl-sabbatini-al-seminario-gregoriano-di-belluno\/#primaryimage"},"thumbnailUrl":"https:\/\/www.bellunopress.it\/wp-content\/uploads\/2022\/09\/mostra-Bettina-Sholl-Sabbatini_edited.jpg","datePublished":"2022-09-23T15:27:07+00:00","breadcrumb":{"@id":"https:\/\/www.bellunopress.it\/2022\/09\/23\/soroptimist-belluno-inaugurata-la-mostra-di-bettina-scholl-sabbatini-al-seminario-gregoriano-di-belluno\/#breadcrumb"},"inLanguage":"fr-FR","potentialAction":[{"@type":"ReadAction","target":["https:\/\/www.bellunopress.it\/2022\/09\/23\/soroptimist-belluno-inaugurata-la-mostra-di-bettina-scholl-sabbatini-al-seminario-gregoriano-di-belluno\/"]}]},{"@type":"ImageObject","inLanguage":"fr-FR","@id":"https:\/\/www.bellunopress.it\/2022\/09\/23\/soroptimist-belluno-inaugurata-la-mostra-di-bettina-scholl-sabbatini-al-seminario-gregoriano-di-belluno\/#primaryimage","url":"https:\/\/www.bellunopress.it\/wp-content\/uploads\/2022\/09\/mostra-Bettina-Sholl-Sabbatini_edited.jpg","contentUrl":"https:\/\/www.bellunopress.it\/wp-content\/uploads\/2022\/09\/mostra-Bettina-Sholl-Sabbatini_edited.jpg","width":1000,"height":750},{"@type":"BreadcrumbList","@id":"https:\/\/www.bellunopress.it\/2022\/09\/23\/soroptimist-belluno-inaugurata-la-mostra-di-bettina-scholl-sabbatini-al-seminario-gregoriano-di-belluno\/#breadcrumb","itemListElement":[{"@type":"ListItem","position":1,"name":"Home","item":"https:\/\/www.bellunopress.it\/"},{"@type":"ListItem","position":2,"name":"Soroptimist Belluno. Inaugurata la mostra di Bettina Scholl-Sabbatini al Seminario Gregoriano di Belluno"}]},{"@type":"WebSite","@id":"https:\/\/www.bellunopress.it\/#website","url":"https:\/\/www.bellunopress.it\/","name":"Bellunopress - Dolomiti","description":"e-mail: redazione@bellunopress.it","publisher":{"@id":"https:\/\/www.bellunopress.it\/#organization"},"potentialAction":[{"@type":"SearchAction","target":{"@type":"EntryPoint","urlTemplate":"https:\/\/www.bellunopress.it\/?s={search_term_string}"},"query-input":{"@type":"PropertyValueSpecification","valueRequired":true,"valueName":"search_term_string"}}],"inLanguage":"fr-FR"},{"@type":"Organization","@id":"https:\/\/www.bellunopress.it\/#organization","name":"Bellunopress","url":"https:\/\/www.bellunopress.it\/","logo":{"@type":"ImageObject","inLanguage":"fr-FR","@id":"https:\/\/www.bellunopress.it\/#\/schema\/logo\/image\/","url":"https:\/\/www.bellunopress.it\/wp-content\/uploads\/2011\/05\/cropped-logo-bellunopress-.jpg","contentUrl":"https:\/\/www.bellunopress.it\/wp-content\/uploads\/2011\/05\/cropped-logo-bellunopress-.jpg","width":512,"height":512,"caption":"Bellunopress"},"image":{"@id":"https:\/\/www.bellunopress.it\/#\/schema\/logo\/image\/"},"sameAs":["https:\/\/www.facebook.com\/profile.php?id=100008943462799","https:\/\/x.com\/bellunopress","https:\/\/www.linkedin.com\/hp\/?dnr=JBzUWaJfMUw8vbXJJ2tVW5-I3jZKvC4wsoxE&amp;amp;amp;amp;amp;amp;trk=nav_responsive_tab_home","https:\/\/www.youtube.com\/channel\/UCxL0wu1uN0_3_7hGG0306cw"]},{"@type":"Person","@id":"https:\/\/www.bellunopress.it\/#\/schema\/person\/79bb06722b37ece1c03d3e94beb30d73","name":"r\u00e9daction","image":{"@type":"ImageObject","inLanguage":"fr-FR","@id":"https:\/\/secure.gravatar.com\/avatar\/37d968a2e67a6fd04c169c4bdef102d0bc5d31b2546345219e348575eb80e9a0?s=96&d=mm&r=g","url":"https:\/\/secure.gravatar.com\/avatar\/37d968a2e67a6fd04c169c4bdef102d0bc5d31b2546345219e348575eb80e9a0?s=96&d=mm&r=g","contentUrl":"https:\/\/secure.gravatar.com\/avatar\/37d968a2e67a6fd04c169c4bdef102d0bc5d31b2546345219e348575eb80e9a0?s=96&d=mm&r=g","caption":"redazione"},"sameAs":["http:\/\/www.bellunopress.it","https:\/\/x.com\/bellunopress"],"url":"https:\/\/www.bellunopress.it\/fr\/author\/redazione\/"}]}},"_links":{"self":[{"href":"https:\/\/www.bellunopress.it\/fr\/wp-json\/wp\/v2\/posts\/136577","targetHints":{"allow":["GET"]}}],"collection":[{"href":"https:\/\/www.bellunopress.it\/fr\/wp-json\/wp\/v2\/posts"}],"about":[{"href":"https:\/\/www.bellunopress.it\/fr\/wp-json\/wp\/v2\/types\/post"}],"author":[{"embeddable":true,"href":"https:\/\/www.bellunopress.it\/fr\/wp-json\/wp\/v2\/users\/2"}],"replies":[{"embeddable":true,"href":"https:\/\/www.bellunopress.it\/fr\/wp-json\/wp\/v2\/comments?post=136577"}],"version-history":[{"count":1,"href":"https:\/\/www.bellunopress.it\/fr\/wp-json\/wp\/v2\/posts\/136577\/revisions"}],"predecessor-version":[{"id":136580,"href":"https:\/\/www.bellunopress.it\/fr\/wp-json\/wp\/v2\/posts\/136577\/revisions\/136580"}],"wp:featuredmedia":[{"embeddable":true,"href":"https:\/\/www.bellunopress.it\/fr\/wp-json\/wp\/v2\/media\/136578"}],"wp:attachment":[{"href":"https:\/\/www.bellunopress.it\/fr\/wp-json\/wp\/v2\/media?parent=136577"}],"wp:term":[{"taxonomy":"category","embeddable":true,"href":"https:\/\/www.bellunopress.it\/fr\/wp-json\/wp\/v2\/categories?post=136577"},{"taxonomy":"post_tag","embeddable":true,"href":"https:\/\/www.bellunopress.it\/fr\/wp-json\/wp\/v2\/tags?post=136577"}],"curies":[{"name":"wp","href":"https:\/\/api.w.org\/{rel}","templated":true}]}}