{"id":136555,"date":"2022-09-22T10:28:26","date_gmt":"2022-09-22T08:28:26","guid":{"rendered":"https:\/\/www.bellunopress.it\/?p=136555"},"modified":"2022-09-22T10:28:26","modified_gmt":"2022-09-22T08:28:26","slug":"da-oggi-a-feltre-le-iniziative-della-maratona-regionale-di-lettura-il-veneto-legge","status":"publish","type":"post","link":"https:\/\/www.bellunopress.it\/fr\/2022\/09\/22\/da-oggi-a-feltre-le-iniziative-della-maratona-regionale-di-lettura-il-veneto-legge\/","title":{"rendered":"Da oggi a Feltre le iniziative della Maratona regionale di lettura &#8220;Il Veneto legge&#8221;"},"content":{"rendered":"<figure id=\"attachment_33177\" aria-describedby=\"caption-attachment-33177\" style=\"width: 250px\" class=\"wp-caption alignleft\"><img loading=\"lazy\" decoding=\"async\" class=\"size-full wp-image-33177\" src=\"https:\/\/www.bellunopress.it\/wp-content\/uploads\/2011\/12\/biblioteca-feltre.jpg\" alt=\"\" width=\"250\" height=\"201\" \/><figcaption id=\"caption-attachment-33177\" class=\"wp-caption-text\">Biblioteca di Feltre<\/figcaption><\/figure>\n<p>Venerd\u00ec 30 settembre si svolger\u00e0 in tutto il territorio regionale la maratona di lettura \u201cIl Veneto Legge\u201d, promossa dall&#8217;Assessorato alla Cultura della Regione Veneto in collaborazione con la sezione regionale dell\u2019Associazione Italiana Biblioteche e l&#8217;Ufficio Scolastico Regionale. Si tratta di un&#8217;iniziativa volta a promuovere la lettura \u201csociale\u201d attraverso il coinvolgimento della collettivit\u00e0 dei lettori, impegnati a vario titolo nella preparazione e nella realizzazione di un evento finalizzato ad avvicinare il maggior numero possibile di persone al libro.<\/p>\n<p>Scegliere un libro non \u00e8 semplice, un libro che possa essere letto con piacere da pubblici diversi, che abbia un autore significativo, una tematica avvincente. Il tema principale che guider\u00e0 le letture di quest&#8217;anno \u00e8 la letteratura di montagna, affiancata dalla celebrazione dei cinquant&#8217;anni dalla morte di Dino Buzzati.<\/p>\n<p>Il Polo Bibliotecario Feltrino propone sei giornate di maratona &#8211; 22, 23, 27, 28, 29 e 30 settembre &#8211; articolate ciascuna in diversi appuntamenti di lettura e rivolte alla Scuola primaria e alla Scuola secondaria di primo grado, pubbliche e paritarie. L&#8217;adesione degli istituti scolastici \u00e8 stata massiccia:<br \/>\n&#8211; Scuola primaria \u201cVittorino da Feltre\u201d: tutte le classi di tutti i plessi (sede centrale \u201cVittorino\u201d, Farra-Boscariz, Foen, Mugnai, Villabruna, Nemeggio);<br \/>\n&#8211; Scuola primaria dell&#8217;Istituto canossiano: tutte le classi;<br \/>\n&#8211; Scuola secondaria di primo grado \u201cGino Rocca\u201d: tutte le classi;<br \/>\n&#8211; Scuola secondaria di primo grado dell&#8217;Istituto Canossiano: tutte le classi.<br \/>\nLe letture per la Scuola primaria spazieranno da Mauro Corona ad Emilio Salgari a Matteo Melchiorre (di cui sar\u00e0 letto un brano tratto dall&#8217;ultimo libro Il Duca) e saranno interpretate dai lettori volontari che collaborano abitualmente alle maratone di lettura organizzate dal Polo Bibliotecario e dall&#8217;Ufficio Cultura (location: Corte del Castello di Alboino \/ in caso di maltempo: Palazzo Borgasio). Per la Scuola secondaria di primo grado invece Cristina Gianni dell&#8217;Associazione musicale e culturale The Covers proporr\u00e0 alcune letture\/spettacolo su Buzzati e la fantasia, Buzzati e i generi letterari, Buzzati e il territorio (location: sede degli Istituti scolastici)<\/p>\n<p>Venerd\u00ec 30 settembre, giornata conclusiva della maratona, presso il Santuario dei Ss. Vittore e Corona, alle ore 18.30, vi sar\u00e0 poi l&#8217;appuntamento \u201cIl Grande ritratto e altri racconti. La figura e i temi di Dino Buzzati a cinquant&#8217;anni dalla morte\u201d: introdurr\u00e0 la professoressa Vania Strada, leggeranno i componenti del gruppo \u201cI Caratteri atipici\u201d e accompagner\u00e0 col violino Daniele Bortoluz. L&#8217;appuntamento \u00e8 aperto a tutti fino a esaurimento posti.<\/p>\n<p>Ricordiamo inoltre che presso il Polo Bibliotecario Feltrino \u00e8 stata allestita un&#8217;esposizione di testi di e su Dino Buzzati (con la collaborazione del Centro Studi Buzzati) visitabile negli orari di apertura del Polo (da luned\u00ec a venerd\u00ec 09.00 \u2013 18.00 e sabato 09.00-12.00).<\/p>","protected":false},"excerpt":{"rendered":"<p>Venerd\u00ec 30 settembre si svolger\u00e0 in tutto il territorio regionale la maratona di lettura \u201cIl Veneto Legge\u201d, promossa dall&#8217;Assessorato alla Cultura della Regione Veneto in collaborazione con la sezione regionale dell\u2019Associazione Italiana Biblioteche e l&#8217;Ufficio Scolastico Regionale. Si tratta di un&#8217;iniziativa volta a promuovere la lettura \u201csociale\u201d attraverso il coinvolgimento della collettivit\u00e0 dei lettori, impegnati [&hellip;]<\/p>\n","protected":false},"author":2,"featured_media":33177,"comment_status":"closed","ping_status":"open","sticky":false,"template":"","format":"standard","meta":{"footnotes":""},"categories":[27,3],"tags":[],"class_list":["post-136555","post","type-post","status-publish","format-standard","has-post-thumbnail","category-appuntamenti","category-arte-cultura-spettacoli-scienza-archivi"],"yoast_head":"<!-- This site is optimized with the Yoast SEO plugin v28.4 - https:\/\/yoast.com\/product\/yoast-seo-wordpress\/ -->\n<title>Da oggi a Feltre le iniziative della Maratona regionale di lettura &quot;Il Veneto legge&quot; - Bellunopress - Dolomiti<\/title>\n<meta name=\"robots\" content=\"index, follow, max-snippet:-1, max-image-preview:large, max-video-preview:-1\" \/>\n<link rel=\"canonical\" href=\"https:\/\/www.bellunopress.it\/fr\/2022\/09\/22\/da-oggi-a-feltre-le-iniziative-della-maratona-regionale-di-lettura-il-veneto-legge\/\" \/>\n<meta property=\"og:locale\" content=\"fr_FR\" \/>\n<meta property=\"og:type\" content=\"article\" \/>\n<meta property=\"og:title\" content=\"Da oggi a Feltre le iniziative della Maratona regionale di lettura &quot;Il Veneto legge&quot; - Bellunopress - Dolomiti\" \/>\n<meta property=\"og:description\" content=\"Venerd\u00ec 30 settembre si svolger\u00e0 in tutto il territorio regionale la maratona di lettura \u201cIl Veneto Legge\u201d, promossa dall&#8217;Assessorato alla Cultura della Regione Veneto in collaborazione con la sezione regionale dell\u2019Associazione Italiana Biblioteche e l&#8217;Ufficio Scolastico Regionale. Si tratta di un&#8217;iniziativa volta a promuovere la lettura \u201csociale\u201d attraverso il coinvolgimento della collettivit\u00e0 dei lettori, impegnati [&hellip;]\" \/>\n<meta property=\"og:url\" content=\"https:\/\/www.bellunopress.it\/fr\/2022\/09\/22\/da-oggi-a-feltre-le-iniziative-della-maratona-regionale-di-lettura-il-veneto-legge\/\" \/>\n<meta property=\"og:site_name\" content=\"Bellunopress - Dolomiti\" \/>\n<meta property=\"article:publisher\" content=\"https:\/\/www.facebook.com\/profile.php?id=100008943462799\" \/>\n<meta property=\"article:published_time\" content=\"2022-09-22T08:28:26+00:00\" \/>\n<meta property=\"og:image\" content=\"https:\/\/www.bellunopress.it\/wp-content\/uploads\/2011\/12\/biblioteca-feltre.jpg\" \/>\n\t<meta property=\"og:image:width\" content=\"250\" \/>\n\t<meta property=\"og:image:height\" content=\"201\" \/>\n\t<meta property=\"og:image:type\" content=\"image\/jpeg\" \/>\n<meta name=\"author\" content=\"redazione\" \/>\n<meta name=\"twitter:card\" content=\"summary_large_image\" \/>\n<meta name=\"twitter:creator\" content=\"@bellunopress\" \/>\n<meta name=\"twitter:site\" content=\"@bellunopress\" \/>\n<meta name=\"twitter:label1\" content=\"\u00c9crit par\" \/>\n\t<meta name=\"twitter:data1\" content=\"redazione\" \/>\n\t<meta name=\"twitter:label2\" content=\"Dur\u00e9e de lecture estim\u00e9e\" \/>\n\t<meta name=\"twitter:data2\" content=\"3 minutes\" \/>\n<script type=\"application\/ld+json\" class=\"yoast-schema-graph\">{\"@context\":\"https:\\\/\\\/schema.org\",\"@graph\":[{\"@type\":\"Article\",\"@id\":\"https:\\\/\\\/www.bellunopress.it\\\/2022\\\/09\\\/22\\\/da-oggi-a-feltre-le-iniziative-della-maratona-regionale-di-lettura-il-veneto-legge\\\/#article\",\"isPartOf\":{\"@id\":\"https:\\\/\\\/www.bellunopress.it\\\/2022\\\/09\\\/22\\\/da-oggi-a-feltre-le-iniziative-della-maratona-regionale-di-lettura-il-veneto-legge\\\/\"},\"author\":{\"name\":\"redazione\",\"@id\":\"https:\\\/\\\/www.bellunopress.it\\\/#\\\/schema\\\/person\\\/79bb06722b37ece1c03d3e94beb30d73\"},\"headline\":\"Da oggi a Feltre le iniziative della Maratona regionale di lettura &#8220;Il Veneto legge&#8221;\",\"datePublished\":\"2022-09-22T08:28:26+00:00\",\"mainEntityOfPage\":{\"@id\":\"https:\\\/\\\/www.bellunopress.it\\\/2022\\\/09\\\/22\\\/da-oggi-a-feltre-le-iniziative-della-maratona-regionale-di-lettura-il-veneto-legge\\\/\"},\"wordCount\":457,\"publisher\":{\"@id\":\"https:\\\/\\\/www.bellunopress.it\\\/#organization\"},\"image\":{\"@id\":\"https:\\\/\\\/www.bellunopress.it\\\/2022\\\/09\\\/22\\\/da-oggi-a-feltre-le-iniziative-della-maratona-regionale-di-lettura-il-veneto-legge\\\/#primaryimage\"},\"thumbnailUrl\":\"https:\\\/\\\/www.bellunopress.it\\\/wp-content\\\/uploads\\\/2011\\\/12\\\/biblioteca-feltre.jpg\",\"articleSection\":[\"Appuntamenti, Eventi\",\"Arte, Cultura, Spettacoli, Scienza\"],\"inLanguage\":\"fr-FR\"},{\"@type\":\"WebPage\",\"@id\":\"https:\\\/\\\/www.bellunopress.it\\\/2022\\\/09\\\/22\\\/da-oggi-a-feltre-le-iniziative-della-maratona-regionale-di-lettura-il-veneto-legge\\\/\",\"url\":\"https:\\\/\\\/www.bellunopress.it\\\/2022\\\/09\\\/22\\\/da-oggi-a-feltre-le-iniziative-della-maratona-regionale-di-lettura-il-veneto-legge\\\/\",\"name\":\"Da oggi a Feltre le iniziative della Maratona regionale di lettura \\\"Il Veneto legge\\\" - Bellunopress - Dolomiti\",\"isPartOf\":{\"@id\":\"https:\\\/\\\/www.bellunopress.it\\\/#website\"},\"primaryImageOfPage\":{\"@id\":\"https:\\\/\\\/www.bellunopress.it\\\/2022\\\/09\\\/22\\\/da-oggi-a-feltre-le-iniziative-della-maratona-regionale-di-lettura-il-veneto-legge\\\/#primaryimage\"},\"image\":{\"@id\":\"https:\\\/\\\/www.bellunopress.it\\\/2022\\\/09\\\/22\\\/da-oggi-a-feltre-le-iniziative-della-maratona-regionale-di-lettura-il-veneto-legge\\\/#primaryimage\"},\"thumbnailUrl\":\"https:\\\/\\\/www.bellunopress.it\\\/wp-content\\\/uploads\\\/2011\\\/12\\\/biblioteca-feltre.jpg\",\"datePublished\":\"2022-09-22T08:28:26+00:00\",\"breadcrumb\":{\"@id\":\"https:\\\/\\\/www.bellunopress.it\\\/2022\\\/09\\\/22\\\/da-oggi-a-feltre-le-iniziative-della-maratona-regionale-di-lettura-il-veneto-legge\\\/#breadcrumb\"},\"inLanguage\":\"fr-FR\",\"potentialAction\":[{\"@type\":\"ReadAction\",\"target\":[\"https:\\\/\\\/www.bellunopress.it\\\/2022\\\/09\\\/22\\\/da-oggi-a-feltre-le-iniziative-della-maratona-regionale-di-lettura-il-veneto-legge\\\/\"]}]},{\"@type\":\"ImageObject\",\"inLanguage\":\"fr-FR\",\"@id\":\"https:\\\/\\\/www.bellunopress.it\\\/2022\\\/09\\\/22\\\/da-oggi-a-feltre-le-iniziative-della-maratona-regionale-di-lettura-il-veneto-legge\\\/#primaryimage\",\"url\":\"https:\\\/\\\/www.bellunopress.it\\\/wp-content\\\/uploads\\\/2011\\\/12\\\/biblioteca-feltre.jpg\",\"contentUrl\":\"https:\\\/\\\/www.bellunopress.it\\\/wp-content\\\/uploads\\\/2011\\\/12\\\/biblioteca-feltre.jpg\",\"width\":\"250\",\"height\":\"201\",\"caption\":\"Biblioteca di Feltre\"},{\"@type\":\"BreadcrumbList\",\"@id\":\"https:\\\/\\\/www.bellunopress.it\\\/2022\\\/09\\\/22\\\/da-oggi-a-feltre-le-iniziative-della-maratona-regionale-di-lettura-il-veneto-legge\\\/#breadcrumb\",\"itemListElement\":[{\"@type\":\"ListItem\",\"position\":1,\"name\":\"Home\",\"item\":\"https:\\\/\\\/www.bellunopress.it\\\/\"},{\"@type\":\"ListItem\",\"position\":2,\"name\":\"Da oggi a Feltre le iniziative della Maratona regionale di lettura &#8220;Il Veneto legge&#8221;\"}]},{\"@type\":\"WebSite\",\"@id\":\"https:\\\/\\\/www.bellunopress.it\\\/#website\",\"url\":\"https:\\\/\\\/www.bellunopress.it\\\/\",\"name\":\"Bellunopress - Dolomiti\",\"description\":\"e-mail: redazione@bellunopress.it\",\"publisher\":{\"@id\":\"https:\\\/\\\/www.bellunopress.it\\\/#organization\"},\"potentialAction\":[{\"@type\":\"SearchAction\",\"target\":{\"@type\":\"EntryPoint\",\"urlTemplate\":\"https:\\\/\\\/www.bellunopress.it\\\/?s={search_term_string}\"},\"query-input\":{\"@type\":\"PropertyValueSpecification\",\"valueRequired\":true,\"valueName\":\"search_term_string\"}}],\"inLanguage\":\"fr-FR\"},{\"@type\":\"Organization\",\"@id\":\"https:\\\/\\\/www.bellunopress.it\\\/#organization\",\"name\":\"Bellunopress\",\"url\":\"https:\\\/\\\/www.bellunopress.it\\\/\",\"logo\":{\"@type\":\"ImageObject\",\"inLanguage\":\"fr-FR\",\"@id\":\"https:\\\/\\\/www.bellunopress.it\\\/#\\\/schema\\\/logo\\\/image\\\/\",\"url\":\"https:\\\/\\\/www.bellunopress.it\\\/wp-content\\\/uploads\\\/2011\\\/05\\\/cropped-logo-bellunopress-.jpg\",\"contentUrl\":\"https:\\\/\\\/www.bellunopress.it\\\/wp-content\\\/uploads\\\/2011\\\/05\\\/cropped-logo-bellunopress-.jpg\",\"width\":512,\"height\":512,\"caption\":\"Bellunopress\"},\"image\":{\"@id\":\"https:\\\/\\\/www.bellunopress.it\\\/#\\\/schema\\\/logo\\\/image\\\/\"},\"sameAs\":[\"https:\\\/\\\/www.facebook.com\\\/profile.php?id=100008943462799\",\"https:\\\/\\\/x.com\\\/bellunopress\",\"https:\\\/\\\/www.linkedin.com\\\/hp\\\/?dnr=JBzUWaJfMUw8vbXJJ2tVW5-I3jZKvC4wsoxE&amp;amp;amp;amp;amp;amp;trk=nav_responsive_tab_home\",\"https:\\\/\\\/www.youtube.com\\\/channel\\\/UCxL0wu1uN0_3_7hGG0306cw\"]},{\"@type\":\"Person\",\"@id\":\"https:\\\/\\\/www.bellunopress.it\\\/#\\\/schema\\\/person\\\/79bb06722b37ece1c03d3e94beb30d73\",\"name\":\"redazione\",\"image\":{\"@type\":\"ImageObject\",\"inLanguage\":\"fr-FR\",\"@id\":\"https:\\\/\\\/secure.gravatar.com\\\/avatar\\\/37d968a2e67a6fd04c169c4bdef102d0bc5d31b2546345219e348575eb80e9a0?s=96&d=mm&r=g\",\"url\":\"https:\\\/\\\/secure.gravatar.com\\\/avatar\\\/37d968a2e67a6fd04c169c4bdef102d0bc5d31b2546345219e348575eb80e9a0?s=96&d=mm&r=g\",\"contentUrl\":\"https:\\\/\\\/secure.gravatar.com\\\/avatar\\\/37d968a2e67a6fd04c169c4bdef102d0bc5d31b2546345219e348575eb80e9a0?s=96&d=mm&r=g\",\"caption\":\"redazione\"},\"sameAs\":[\"http:\\\/\\\/www.bellunopress.it\",\"https:\\\/\\\/x.com\\\/bellunopress\"],\"url\":\"https:\\\/\\\/www.bellunopress.it\\\/fr\\\/author\\\/redazione\\\/\"}]}<\/script>\n<!-- \/ Yoast SEO plugin. -->","yoast_head_json":{"title":"Da oggi a Feltre le iniziative della Maratona regionale di lettura \"Il Veneto legge\" - Bellunopress - Dolomiti","robots":{"index":"index","follow":"follow","max-snippet":"max-snippet:-1","max-image-preview":"max-image-preview:large","max-video-preview":"max-video-preview:-1"},"canonical":"https:\/\/www.bellunopress.it\/fr\/2022\/09\/22\/da-oggi-a-feltre-le-iniziative-della-maratona-regionale-di-lettura-il-veneto-legge\/","og_locale":"fr_FR","og_type":"article","og_title":"Da oggi a Feltre le iniziative della Maratona regionale di lettura \"Il Veneto legge\" - Bellunopress - Dolomiti","og_description":"Venerd\u00ec 30 settembre si svolger\u00e0 in tutto il territorio regionale la maratona di lettura \u201cIl Veneto Legge\u201d, promossa dall&#8217;Assessorato alla Cultura della Regione Veneto in collaborazione con la sezione regionale dell\u2019Associazione Italiana Biblioteche e l&#8217;Ufficio Scolastico Regionale. Si tratta di un&#8217;iniziativa volta a promuovere la lettura \u201csociale\u201d attraverso il coinvolgimento della collettivit\u00e0 dei lettori, impegnati [&hellip;]","og_url":"https:\/\/www.bellunopress.it\/fr\/2022\/09\/22\/da-oggi-a-feltre-le-iniziative-della-maratona-regionale-di-lettura-il-veneto-legge\/","og_site_name":"Bellunopress - Dolomiti","article_publisher":"https:\/\/www.facebook.com\/profile.php?id=100008943462799","article_published_time":"2022-09-22T08:28:26+00:00","og_image":[{"width":250,"height":201,"url":"https:\/\/www.bellunopress.it\/wp-content\/uploads\/2011\/12\/biblioteca-feltre.jpg","type":"image\/jpeg"}],"author":"redazione","twitter_card":"summary_large_image","twitter_creator":"@bellunopress","twitter_site":"@bellunopress","twitter_misc":{"\u00c9crit par":"redazione","Dur\u00e9e de lecture estim\u00e9e":"3 minutes"},"schema":{"@context":"https:\/\/schema.org","@graph":[{"@type":"Article","@id":"https:\/\/www.bellunopress.it\/2022\/09\/22\/da-oggi-a-feltre-le-iniziative-della-maratona-regionale-di-lettura-il-veneto-legge\/#article","isPartOf":{"@id":"https:\/\/www.bellunopress.it\/2022\/09\/22\/da-oggi-a-feltre-le-iniziative-della-maratona-regionale-di-lettura-il-veneto-legge\/"},"author":{"name":"redazione","@id":"https:\/\/www.bellunopress.it\/#\/schema\/person\/79bb06722b37ece1c03d3e94beb30d73"},"headline":"Da oggi a Feltre le iniziative della Maratona regionale di lettura &#8220;Il Veneto legge&#8221;","datePublished":"2022-09-22T08:28:26+00:00","mainEntityOfPage":{"@id":"https:\/\/www.bellunopress.it\/2022\/09\/22\/da-oggi-a-feltre-le-iniziative-della-maratona-regionale-di-lettura-il-veneto-legge\/"},"wordCount":457,"publisher":{"@id":"https:\/\/www.bellunopress.it\/#organization"},"image":{"@id":"https:\/\/www.bellunopress.it\/2022\/09\/22\/da-oggi-a-feltre-le-iniziative-della-maratona-regionale-di-lettura-il-veneto-legge\/#primaryimage"},"thumbnailUrl":"https:\/\/www.bellunopress.it\/wp-content\/uploads\/2011\/12\/biblioteca-feltre.jpg","articleSection":["Appuntamenti, Eventi","Arte, Cultura, Spettacoli, Scienza"],"inLanguage":"fr-FR"},{"@type":"WebPage","@id":"https:\/\/www.bellunopress.it\/2022\/09\/22\/da-oggi-a-feltre-le-iniziative-della-maratona-regionale-di-lettura-il-veneto-legge\/","url":"https:\/\/www.bellunopress.it\/2022\/09\/22\/da-oggi-a-feltre-le-iniziative-della-maratona-regionale-di-lettura-il-veneto-legge\/","name":"Da oggi a Feltre le iniziative della Maratona regionale di lettura \"Il Veneto legge\" - Bellunopress - Dolomiti","isPartOf":{"@id":"https:\/\/www.bellunopress.it\/#website"},"primaryImageOfPage":{"@id":"https:\/\/www.bellunopress.it\/2022\/09\/22\/da-oggi-a-feltre-le-iniziative-della-maratona-regionale-di-lettura-il-veneto-legge\/#primaryimage"},"image":{"@id":"https:\/\/www.bellunopress.it\/2022\/09\/22\/da-oggi-a-feltre-le-iniziative-della-maratona-regionale-di-lettura-il-veneto-legge\/#primaryimage"},"thumbnailUrl":"https:\/\/www.bellunopress.it\/wp-content\/uploads\/2011\/12\/biblioteca-feltre.jpg","datePublished":"2022-09-22T08:28:26+00:00","breadcrumb":{"@id":"https:\/\/www.bellunopress.it\/2022\/09\/22\/da-oggi-a-feltre-le-iniziative-della-maratona-regionale-di-lettura-il-veneto-legge\/#breadcrumb"},"inLanguage":"fr-FR","potentialAction":[{"@type":"ReadAction","target":["https:\/\/www.bellunopress.it\/2022\/09\/22\/da-oggi-a-feltre-le-iniziative-della-maratona-regionale-di-lettura-il-veneto-legge\/"]}]},{"@type":"ImageObject","inLanguage":"fr-FR","@id":"https:\/\/www.bellunopress.it\/2022\/09\/22\/da-oggi-a-feltre-le-iniziative-della-maratona-regionale-di-lettura-il-veneto-legge\/#primaryimage","url":"https:\/\/www.bellunopress.it\/wp-content\/uploads\/2011\/12\/biblioteca-feltre.jpg","contentUrl":"https:\/\/www.bellunopress.it\/wp-content\/uploads\/2011\/12\/biblioteca-feltre.jpg","width":"250","height":"201","caption":"Biblioteca di Feltre"},{"@type":"BreadcrumbList","@id":"https:\/\/www.bellunopress.it\/2022\/09\/22\/da-oggi-a-feltre-le-iniziative-della-maratona-regionale-di-lettura-il-veneto-legge\/#breadcrumb","itemListElement":[{"@type":"ListItem","position":1,"name":"Home","item":"https:\/\/www.bellunopress.it\/"},{"@type":"ListItem","position":2,"name":"Da oggi a Feltre le iniziative della Maratona regionale di lettura &#8220;Il Veneto legge&#8221;"}]},{"@type":"WebSite","@id":"https:\/\/www.bellunopress.it\/#website","url":"https:\/\/www.bellunopress.it\/","name":"Bellunopress - Dolomiti","description":"e-mail: redazione@bellunopress.it","publisher":{"@id":"https:\/\/www.bellunopress.it\/#organization"},"potentialAction":[{"@type":"SearchAction","target":{"@type":"EntryPoint","urlTemplate":"https:\/\/www.bellunopress.it\/?s={search_term_string}"},"query-input":{"@type":"PropertyValueSpecification","valueRequired":true,"valueName":"search_term_string"}}],"inLanguage":"fr-FR"},{"@type":"Organization","@id":"https:\/\/www.bellunopress.it\/#organization","name":"Bellunopress","url":"https:\/\/www.bellunopress.it\/","logo":{"@type":"ImageObject","inLanguage":"fr-FR","@id":"https:\/\/www.bellunopress.it\/#\/schema\/logo\/image\/","url":"https:\/\/www.bellunopress.it\/wp-content\/uploads\/2011\/05\/cropped-logo-bellunopress-.jpg","contentUrl":"https:\/\/www.bellunopress.it\/wp-content\/uploads\/2011\/05\/cropped-logo-bellunopress-.jpg","width":512,"height":512,"caption":"Bellunopress"},"image":{"@id":"https:\/\/www.bellunopress.it\/#\/schema\/logo\/image\/"},"sameAs":["https:\/\/www.facebook.com\/profile.php?id=100008943462799","https:\/\/x.com\/bellunopress","https:\/\/www.linkedin.com\/hp\/?dnr=JBzUWaJfMUw8vbXJJ2tVW5-I3jZKvC4wsoxE&amp;amp;amp;amp;amp;amp;trk=nav_responsive_tab_home","https:\/\/www.youtube.com\/channel\/UCxL0wu1uN0_3_7hGG0306cw"]},{"@type":"Person","@id":"https:\/\/www.bellunopress.it\/#\/schema\/person\/79bb06722b37ece1c03d3e94beb30d73","name":"r\u00e9daction","image":{"@type":"ImageObject","inLanguage":"fr-FR","@id":"https:\/\/secure.gravatar.com\/avatar\/37d968a2e67a6fd04c169c4bdef102d0bc5d31b2546345219e348575eb80e9a0?s=96&d=mm&r=g","url":"https:\/\/secure.gravatar.com\/avatar\/37d968a2e67a6fd04c169c4bdef102d0bc5d31b2546345219e348575eb80e9a0?s=96&d=mm&r=g","contentUrl":"https:\/\/secure.gravatar.com\/avatar\/37d968a2e67a6fd04c169c4bdef102d0bc5d31b2546345219e348575eb80e9a0?s=96&d=mm&r=g","caption":"redazione"},"sameAs":["http:\/\/www.bellunopress.it","https:\/\/x.com\/bellunopress"],"url":"https:\/\/www.bellunopress.it\/fr\/author\/redazione\/"}]}},"_links":{"self":[{"href":"https:\/\/www.bellunopress.it\/fr\/wp-json\/wp\/v2\/posts\/136555","targetHints":{"allow":["GET"]}}],"collection":[{"href":"https:\/\/www.bellunopress.it\/fr\/wp-json\/wp\/v2\/posts"}],"about":[{"href":"https:\/\/www.bellunopress.it\/fr\/wp-json\/wp\/v2\/types\/post"}],"author":[{"embeddable":true,"href":"https:\/\/www.bellunopress.it\/fr\/wp-json\/wp\/v2\/users\/2"}],"replies":[{"embeddable":true,"href":"https:\/\/www.bellunopress.it\/fr\/wp-json\/wp\/v2\/comments?post=136555"}],"version-history":[{"count":1,"href":"https:\/\/www.bellunopress.it\/fr\/wp-json\/wp\/v2\/posts\/136555\/revisions"}],"predecessor-version":[{"id":136556,"href":"https:\/\/www.bellunopress.it\/fr\/wp-json\/wp\/v2\/posts\/136555\/revisions\/136556"}],"wp:featuredmedia":[{"embeddable":true,"href":"https:\/\/www.bellunopress.it\/fr\/wp-json\/wp\/v2\/media\/33177"}],"wp:attachment":[{"href":"https:\/\/www.bellunopress.it\/fr\/wp-json\/wp\/v2\/media?parent=136555"}],"wp:term":[{"taxonomy":"category","embeddable":true,"href":"https:\/\/www.bellunopress.it\/fr\/wp-json\/wp\/v2\/categories?post=136555"},{"taxonomy":"post_tag","embeddable":true,"href":"https:\/\/www.bellunopress.it\/fr\/wp-json\/wp\/v2\/tags?post=136555"}],"curies":[{"name":"wp","href":"https:\/\/api.w.org\/{rel}","templated":true}]}}