{"id":136550,"date":"2022-09-21T21:24:08","date_gmt":"2022-09-21T19:24:08","guid":{"rendered":"https:\/\/www.bellunopress.it\/?p=136550"},"modified":"2022-09-21T21:24:08","modified_gmt":"2022-09-21T19:24:08","slug":"pmi-dati-del-veneto-piol-presidente-comitato-piccola-industria-confindustria-veneto-le-nostre-pmi-sono-esposte-a-rischi-climatici-ambientali-e-di-transizione","status":"publish","type":"post","link":"https:\/\/www.bellunopress.it\/fr\/2022\/09\/21\/pmi-dati-del-veneto-piol-presidente-comitato-piccola-industria-confindustria-veneto-le-nostre-pmi-sono-esposte-a-rischi-climatici-ambientali-e-di-transizione\/","title":{"rendered":"Pmi dati del Veneto. Piol (Presidente Comitato piccola industria Confindustria Veneto): &#8220;Le nostre Pmi sono esposte a rischi climatici, ambientali e di transizione&#8221;"},"content":{"rendered":"<figure id=\"attachment_131195\" aria-describedby=\"caption-attachment-131195\" style=\"width: 1181px\" class=\"wp-caption alignleft\"><img loading=\"lazy\" decoding=\"async\" class=\"size-full wp-image-131195\" src=\"https:\/\/www.bellunopress.it\/wp-content\/uploads\/2022\/02\/Davide-Piol_Presidente-Comitato-Piccola-Industria.jpg\" alt=\"\" width=\"1181\" height=\"1771\" srcset=\"https:\/\/www.bellunopress.it\/wp-content\/uploads\/2022\/02\/Davide-Piol_Presidente-Comitato-Piccola-Industria.jpg 1181w, https:\/\/www.bellunopress.it\/wp-content\/uploads\/2022\/02\/Davide-Piol_Presidente-Comitato-Piccola-Industria-333x500.jpg 333w, https:\/\/www.bellunopress.it\/wp-content\/uploads\/2022\/02\/Davide-Piol_Presidente-Comitato-Piccola-Industria-667x1000.jpg 667w, https:\/\/www.bellunopress.it\/wp-content\/uploads\/2022\/02\/Davide-Piol_Presidente-Comitato-Piccola-Industria-1024x1536.jpg 1024w, https:\/\/www.bellunopress.it\/wp-content\/uploads\/2022\/02\/Davide-Piol_Presidente-Comitato-Piccola-Industria-696x1044.jpg 696w, https:\/\/www.bellunopress.it\/wp-content\/uploads\/2022\/02\/Davide-Piol_Presidente-Comitato-Piccola-Industria-1068x1602.jpg 1068w, https:\/\/www.bellunopress.it\/wp-content\/uploads\/2022\/02\/Davide-Piol_Presidente-Comitato-Piccola-Industria-280x420.jpg 280w\" sizes=\"auto, (max-width: 1181px) 100vw, 1181px\" \/><figcaption id=\"caption-attachment-131195\" class=\"wp-caption-text\">Davide Piol, presidente del Comitato della Piccola industria di Confindustria Veneto<\/figcaption><\/figure>\n<p><em>La guerra ucraina e la crisi energetica hanno ulteriormente peggiorato lo scenario, mettendo in bilico la tenuta del sistema e vanificando la ripresa nel biennio 2022-23<\/em><\/p>\n<p>Mestre, 21 settembre 2022 &#8211; E\u2019 stato presentato il Rapporto Regionale PMI 2022, realizzato da Confindustria e Cerved, in collaborazione con Unicredit e Gruppo 24 Ore, che analizza gli andamenti e le prospettive delle 160 mila societ\u00e0 italiane che &#8211; impiegando tra 10 e 249 addetti e con un giro d\u2019affari compreso tra 2 e 50 milioni di euro &#8211; rientrano nella definizione europea di piccola e media impresa, e generano un valore aggiunto complessivo pari a 204 miliardi di euro. Lo studio tiene conto del conflitto russo-ucraino e della persistenza dei rincari sul mercato delle materie prime e analizza l\u2019esposizione delle PMI italiane ai rischi climatici, ambientali e di transizione nelle diverse regioni.<\/p>\n<p>\u00abNell\u2019ultimo anno \u2013 commenta Davide Piol, Presidente Comitato Piccola Industria di Confindustria Veneto &#8211; le PMI hanno dovuto fronteggiare sia le conseguenze della pandemia sia un nuovo e inaspettato shock: quello del conflitto in Ucraina, il tutto all\u2019interno di un contesto gi\u00e0 di per s\u00e9 sfidante sul fronte della transizione ecologica e digitale. L\u2019attuale scenario internazionale e gli effetti sui rincari dei prezzi delle materie prime rischiano di pregiudicare, inesorabilmente, il processo di ripartenza. \u00c8 in bilico la tenuta stessa del sistema e per questo \u00e8 necessario mettere in campo azioni diversificate, orientate al sostegno della competitivit\u00e0 delle aziende, vero motore per la ripresa del Paese. Per questo, i Comitati della Piccola Industria di Confindustria hanno individuato alcune proposte da attuare il prima possibile, tra cui: il rinnovo della moratoria di legge per le PMI; un intervento strutturato per la patrimonializzazione e il rafforzamento della struttura finanziaria delle imprese; l\u2019utilizzo di strumenti come la leva fiscale o il rafforzamento degli schemi di garanzia a supporto delle emissioni obbligazionarie e di altri strumenti di debito per favorire la crescita dimensionale delle imprese; la proroga del \u201ccredito d\u2019imposta per la quotazione delle PMI\u201d e lo sviluppo della finanza alternativa. Occorre creare condizioni migliori e mettere a disposizione strumenti pi\u00f9 efficaci per potenziare la patrimonializzazione delle imprese e rilanciarne gli investimenti, al fine di accompagnarle in un percorso di crescita e di innovazione.\u00bb<\/p>","protected":false},"excerpt":{"rendered":"<p>La guerra ucraina e la crisi energetica hanno ulteriormente peggiorato lo scenario, mettendo in bilico la tenuta del sistema e vanificando la ripresa nel biennio 2022-23 Mestre, 21 settembre 2022 &#8211; E\u2019 stato presentato il Rapporto Regionale PMI 2022, realizzato da Confindustria e Cerved, in collaborazione con Unicredit e Gruppo 24 Ore, che analizza gli [&hellip;]<\/p>\n","protected":false},"author":2,"featured_media":131195,"comment_status":"closed","ping_status":"open","sticky":false,"template":"","format":"standard","meta":{"footnotes":""},"categories":[36],"tags":[],"class_list":["post-136550","post","type-post","status-publish","format-standard","has-post-thumbnail","category-lavoro-economia"],"yoast_head":"<!-- This site is optimized with the Yoast SEO plugin v28.4 - https:\/\/yoast.com\/product\/yoast-seo-wordpress\/ -->\n<title>Pmi dati del Veneto. Piol (Presidente Comitato piccola industria Confindustria Veneto): &quot;Le nostre Pmi sono esposte a rischi climatici, ambientali e di transizione&quot; - Bellunopress - Dolomiti<\/title>\n<meta name=\"robots\" content=\"index, follow, max-snippet:-1, max-image-preview:large, max-video-preview:-1\" \/>\n<link rel=\"canonical\" href=\"https:\/\/www.bellunopress.it\/fr\/2022\/09\/21\/pmi-dati-del-veneto-piol-presidente-comitato-piccola-industria-confindustria-veneto-le-nostre-pmi-sono-esposte-a-rischi-climatici-ambientali-e-di-transizione\/\" \/>\n<meta property=\"og:locale\" content=\"fr_FR\" \/>\n<meta property=\"og:type\" content=\"article\" \/>\n<meta property=\"og:title\" content=\"Pmi dati del Veneto. Piol (Presidente Comitato piccola industria Confindustria Veneto): &quot;Le nostre Pmi sono esposte a rischi climatici, ambientali e di transizione&quot; - Bellunopress - Dolomiti\" \/>\n<meta property=\"og:description\" content=\"La guerra ucraina e la crisi energetica hanno ulteriormente peggiorato lo scenario, mettendo in bilico la tenuta del sistema e vanificando la ripresa nel biennio 2022-23 Mestre, 21 settembre 2022 &#8211; E\u2019 stato presentato il Rapporto Regionale PMI 2022, realizzato da Confindustria e Cerved, in collaborazione con Unicredit e Gruppo 24 Ore, che analizza gli [&hellip;]\" \/>\n<meta property=\"og:url\" content=\"https:\/\/www.bellunopress.it\/fr\/2022\/09\/21\/pmi-dati-del-veneto-piol-presidente-comitato-piccola-industria-confindustria-veneto-le-nostre-pmi-sono-esposte-a-rischi-climatici-ambientali-e-di-transizione\/\" \/>\n<meta property=\"og:site_name\" content=\"Bellunopress - Dolomiti\" \/>\n<meta property=\"article:publisher\" content=\"https:\/\/www.facebook.com\/profile.php?id=100008943462799\" \/>\n<meta property=\"article:published_time\" content=\"2022-09-21T19:24:08+00:00\" \/>\n<meta property=\"og:image\" content=\"https:\/\/www.bellunopress.it\/wp-content\/uploads\/2022\/02\/Davide-Piol_Presidente-Comitato-Piccola-Industria.jpg\" \/>\n\t<meta property=\"og:image:width\" content=\"1181\" \/>\n\t<meta property=\"og:image:height\" content=\"1771\" \/>\n\t<meta property=\"og:image:type\" content=\"image\/jpeg\" \/>\n<meta name=\"author\" content=\"redazione\" \/>\n<meta name=\"twitter:card\" content=\"summary_large_image\" \/>\n<meta name=\"twitter:creator\" content=\"@bellunopress\" \/>\n<meta name=\"twitter:site\" content=\"@bellunopress\" \/>\n<meta name=\"twitter:label1\" content=\"\u00c9crit par\" \/>\n\t<meta name=\"twitter:data1\" content=\"redazione\" \/>\n\t<meta name=\"twitter:label2\" content=\"Dur\u00e9e de lecture estim\u00e9e\" \/>\n\t<meta name=\"twitter:data2\" content=\"3 minutes\" \/>\n<script type=\"application\/ld+json\" class=\"yoast-schema-graph\">{\"@context\":\"https:\\\/\\\/schema.org\",\"@graph\":[{\"@type\":\"Article\",\"@id\":\"https:\\\/\\\/www.bellunopress.it\\\/2022\\\/09\\\/21\\\/pmi-dati-del-veneto-piol-presidente-comitato-piccola-industria-confindustria-veneto-le-nostre-pmi-sono-esposte-a-rischi-climatici-ambientali-e-di-transizione\\\/#article\",\"isPartOf\":{\"@id\":\"https:\\\/\\\/www.bellunopress.it\\\/2022\\\/09\\\/21\\\/pmi-dati-del-veneto-piol-presidente-comitato-piccola-industria-confindustria-veneto-le-nostre-pmi-sono-esposte-a-rischi-climatici-ambientali-e-di-transizione\\\/\"},\"author\":{\"name\":\"redazione\",\"@id\":\"https:\\\/\\\/www.bellunopress.it\\\/#\\\/schema\\\/person\\\/79bb06722b37ece1c03d3e94beb30d73\"},\"headline\":\"Pmi dati del Veneto. Piol (Presidente Comitato piccola industria Confindustria Veneto): &#8220;Le nostre Pmi sono esposte a rischi climatici, ambientali e di transizione&#8221;\",\"datePublished\":\"2022-09-21T19:24:08+00:00\",\"mainEntityOfPage\":{\"@id\":\"https:\\\/\\\/www.bellunopress.it\\\/2022\\\/09\\\/21\\\/pmi-dati-del-veneto-piol-presidente-comitato-piccola-industria-confindustria-veneto-le-nostre-pmi-sono-esposte-a-rischi-climatici-ambientali-e-di-transizione\\\/\"},\"wordCount\":405,\"publisher\":{\"@id\":\"https:\\\/\\\/www.bellunopress.it\\\/#organization\"},\"image\":{\"@id\":\"https:\\\/\\\/www.bellunopress.it\\\/2022\\\/09\\\/21\\\/pmi-dati-del-veneto-piol-presidente-comitato-piccola-industria-confindustria-veneto-le-nostre-pmi-sono-esposte-a-rischi-climatici-ambientali-e-di-transizione\\\/#primaryimage\"},\"thumbnailUrl\":\"https:\\\/\\\/www.bellunopress.it\\\/wp-content\\\/uploads\\\/2022\\\/02\\\/Davide-Piol_Presidente-Comitato-Piccola-Industria.jpg\",\"articleSection\":[\"Lavoro, Economia, Turismo\"],\"inLanguage\":\"fr-FR\"},{\"@type\":\"WebPage\",\"@id\":\"https:\\\/\\\/www.bellunopress.it\\\/2022\\\/09\\\/21\\\/pmi-dati-del-veneto-piol-presidente-comitato-piccola-industria-confindustria-veneto-le-nostre-pmi-sono-esposte-a-rischi-climatici-ambientali-e-di-transizione\\\/\",\"url\":\"https:\\\/\\\/www.bellunopress.it\\\/2022\\\/09\\\/21\\\/pmi-dati-del-veneto-piol-presidente-comitato-piccola-industria-confindustria-veneto-le-nostre-pmi-sono-esposte-a-rischi-climatici-ambientali-e-di-transizione\\\/\",\"name\":\"Pmi dati del Veneto. Piol (Presidente Comitato piccola industria Confindustria Veneto): \\\"Le nostre Pmi sono esposte a rischi climatici, ambientali e di transizione\\\" - Bellunopress - Dolomiti\",\"isPartOf\":{\"@id\":\"https:\\\/\\\/www.bellunopress.it\\\/#website\"},\"primaryImageOfPage\":{\"@id\":\"https:\\\/\\\/www.bellunopress.it\\\/2022\\\/09\\\/21\\\/pmi-dati-del-veneto-piol-presidente-comitato-piccola-industria-confindustria-veneto-le-nostre-pmi-sono-esposte-a-rischi-climatici-ambientali-e-di-transizione\\\/#primaryimage\"},\"image\":{\"@id\":\"https:\\\/\\\/www.bellunopress.it\\\/2022\\\/09\\\/21\\\/pmi-dati-del-veneto-piol-presidente-comitato-piccola-industria-confindustria-veneto-le-nostre-pmi-sono-esposte-a-rischi-climatici-ambientali-e-di-transizione\\\/#primaryimage\"},\"thumbnailUrl\":\"https:\\\/\\\/www.bellunopress.it\\\/wp-content\\\/uploads\\\/2022\\\/02\\\/Davide-Piol_Presidente-Comitato-Piccola-Industria.jpg\",\"datePublished\":\"2022-09-21T19:24:08+00:00\",\"breadcrumb\":{\"@id\":\"https:\\\/\\\/www.bellunopress.it\\\/2022\\\/09\\\/21\\\/pmi-dati-del-veneto-piol-presidente-comitato-piccola-industria-confindustria-veneto-le-nostre-pmi-sono-esposte-a-rischi-climatici-ambientali-e-di-transizione\\\/#breadcrumb\"},\"inLanguage\":\"fr-FR\",\"potentialAction\":[{\"@type\":\"ReadAction\",\"target\":[\"https:\\\/\\\/www.bellunopress.it\\\/2022\\\/09\\\/21\\\/pmi-dati-del-veneto-piol-presidente-comitato-piccola-industria-confindustria-veneto-le-nostre-pmi-sono-esposte-a-rischi-climatici-ambientali-e-di-transizione\\\/\"]}]},{\"@type\":\"ImageObject\",\"inLanguage\":\"fr-FR\",\"@id\":\"https:\\\/\\\/www.bellunopress.it\\\/2022\\\/09\\\/21\\\/pmi-dati-del-veneto-piol-presidente-comitato-piccola-industria-confindustria-veneto-le-nostre-pmi-sono-esposte-a-rischi-climatici-ambientali-e-di-transizione\\\/#primaryimage\",\"url\":\"https:\\\/\\\/www.bellunopress.it\\\/wp-content\\\/uploads\\\/2022\\\/02\\\/Davide-Piol_Presidente-Comitato-Piccola-Industria.jpg\",\"contentUrl\":\"https:\\\/\\\/www.bellunopress.it\\\/wp-content\\\/uploads\\\/2022\\\/02\\\/Davide-Piol_Presidente-Comitato-Piccola-Industria.jpg\",\"width\":1181,\"height\":1771,\"caption\":\"Davide Piol, presidente del Comitato della Piccola industria di Confindustria Veneto\"},{\"@type\":\"BreadcrumbList\",\"@id\":\"https:\\\/\\\/www.bellunopress.it\\\/2022\\\/09\\\/21\\\/pmi-dati-del-veneto-piol-presidente-comitato-piccola-industria-confindustria-veneto-le-nostre-pmi-sono-esposte-a-rischi-climatici-ambientali-e-di-transizione\\\/#breadcrumb\",\"itemListElement\":[{\"@type\":\"ListItem\",\"position\":1,\"name\":\"Home\",\"item\":\"https:\\\/\\\/www.bellunopress.it\\\/\"},{\"@type\":\"ListItem\",\"position\":2,\"name\":\"Pmi dati del Veneto. Piol (Presidente Comitato piccola industria Confindustria Veneto): &#8220;Le nostre Pmi sono esposte a rischi climatici, ambientali e di transizione&#8221;\"}]},{\"@type\":\"WebSite\",\"@id\":\"https:\\\/\\\/www.bellunopress.it\\\/#website\",\"url\":\"https:\\\/\\\/www.bellunopress.it\\\/\",\"name\":\"Bellunopress - Dolomiti\",\"description\":\"e-mail: redazione@bellunopress.it\",\"publisher\":{\"@id\":\"https:\\\/\\\/www.bellunopress.it\\\/#organization\"},\"potentialAction\":[{\"@type\":\"SearchAction\",\"target\":{\"@type\":\"EntryPoint\",\"urlTemplate\":\"https:\\\/\\\/www.bellunopress.it\\\/?s={search_term_string}\"},\"query-input\":{\"@type\":\"PropertyValueSpecification\",\"valueRequired\":true,\"valueName\":\"search_term_string\"}}],\"inLanguage\":\"fr-FR\"},{\"@type\":\"Organization\",\"@id\":\"https:\\\/\\\/www.bellunopress.it\\\/#organization\",\"name\":\"Bellunopress\",\"url\":\"https:\\\/\\\/www.bellunopress.it\\\/\",\"logo\":{\"@type\":\"ImageObject\",\"inLanguage\":\"fr-FR\",\"@id\":\"https:\\\/\\\/www.bellunopress.it\\\/#\\\/schema\\\/logo\\\/image\\\/\",\"url\":\"https:\\\/\\\/www.bellunopress.it\\\/wp-content\\\/uploads\\\/2011\\\/05\\\/cropped-logo-bellunopress-.jpg\",\"contentUrl\":\"https:\\\/\\\/www.bellunopress.it\\\/wp-content\\\/uploads\\\/2011\\\/05\\\/cropped-logo-bellunopress-.jpg\",\"width\":512,\"height\":512,\"caption\":\"Bellunopress\"},\"image\":{\"@id\":\"https:\\\/\\\/www.bellunopress.it\\\/#\\\/schema\\\/logo\\\/image\\\/\"},\"sameAs\":[\"https:\\\/\\\/www.facebook.com\\\/profile.php?id=100008943462799\",\"https:\\\/\\\/x.com\\\/bellunopress\",\"https:\\\/\\\/www.linkedin.com\\\/hp\\\/?dnr=JBzUWaJfMUw8vbXJJ2tVW5-I3jZKvC4wsoxE&amp;amp;amp;amp;amp;amp;trk=nav_responsive_tab_home\",\"https:\\\/\\\/www.youtube.com\\\/channel\\\/UCxL0wu1uN0_3_7hGG0306cw\"]},{\"@type\":\"Person\",\"@id\":\"https:\\\/\\\/www.bellunopress.it\\\/#\\\/schema\\\/person\\\/79bb06722b37ece1c03d3e94beb30d73\",\"name\":\"redazione\",\"image\":{\"@type\":\"ImageObject\",\"inLanguage\":\"fr-FR\",\"@id\":\"https:\\\/\\\/secure.gravatar.com\\\/avatar\\\/37d968a2e67a6fd04c169c4bdef102d0bc5d31b2546345219e348575eb80e9a0?s=96&d=mm&r=g\",\"url\":\"https:\\\/\\\/secure.gravatar.com\\\/avatar\\\/37d968a2e67a6fd04c169c4bdef102d0bc5d31b2546345219e348575eb80e9a0?s=96&d=mm&r=g\",\"contentUrl\":\"https:\\\/\\\/secure.gravatar.com\\\/avatar\\\/37d968a2e67a6fd04c169c4bdef102d0bc5d31b2546345219e348575eb80e9a0?s=96&d=mm&r=g\",\"caption\":\"redazione\"},\"sameAs\":[\"http:\\\/\\\/www.bellunopress.it\",\"https:\\\/\\\/x.com\\\/bellunopress\"],\"url\":\"https:\\\/\\\/www.bellunopress.it\\\/fr\\\/author\\\/redazione\\\/\"}]}<\/script>\n<!-- \/ Yoast SEO plugin. -->","yoast_head_json":{"title":"Pmi dati del Veneto. Piol (Presidente Comitato piccola industria Confindustria Veneto): \"Le nostre Pmi sono esposte a rischi climatici, ambientali e di transizione\" - Bellunopress - Dolomiti","robots":{"index":"index","follow":"follow","max-snippet":"max-snippet:-1","max-image-preview":"max-image-preview:large","max-video-preview":"max-video-preview:-1"},"canonical":"https:\/\/www.bellunopress.it\/fr\/2022\/09\/21\/pmi-dati-del-veneto-piol-presidente-comitato-piccola-industria-confindustria-veneto-le-nostre-pmi-sono-esposte-a-rischi-climatici-ambientali-e-di-transizione\/","og_locale":"fr_FR","og_type":"article","og_title":"Pmi dati del Veneto. Piol (Presidente Comitato piccola industria Confindustria Veneto): \"Le nostre Pmi sono esposte a rischi climatici, ambientali e di transizione\" - Bellunopress - Dolomiti","og_description":"La guerra ucraina e la crisi energetica hanno ulteriormente peggiorato lo scenario, mettendo in bilico la tenuta del sistema e vanificando la ripresa nel biennio 2022-23 Mestre, 21 settembre 2022 &#8211; E\u2019 stato presentato il Rapporto Regionale PMI 2022, realizzato da Confindustria e Cerved, in collaborazione con Unicredit e Gruppo 24 Ore, che analizza gli [&hellip;]","og_url":"https:\/\/www.bellunopress.it\/fr\/2022\/09\/21\/pmi-dati-del-veneto-piol-presidente-comitato-piccola-industria-confindustria-veneto-le-nostre-pmi-sono-esposte-a-rischi-climatici-ambientali-e-di-transizione\/","og_site_name":"Bellunopress - Dolomiti","article_publisher":"https:\/\/www.facebook.com\/profile.php?id=100008943462799","article_published_time":"2022-09-21T19:24:08+00:00","og_image":[{"width":1181,"height":1771,"url":"https:\/\/www.bellunopress.it\/wp-content\/uploads\/2022\/02\/Davide-Piol_Presidente-Comitato-Piccola-Industria.jpg","type":"image\/jpeg"}],"author":"redazione","twitter_card":"summary_large_image","twitter_creator":"@bellunopress","twitter_site":"@bellunopress","twitter_misc":{"\u00c9crit par":"redazione","Dur\u00e9e de lecture estim\u00e9e":"3 minutes"},"schema":{"@context":"https:\/\/schema.org","@graph":[{"@type":"Article","@id":"https:\/\/www.bellunopress.it\/2022\/09\/21\/pmi-dati-del-veneto-piol-presidente-comitato-piccola-industria-confindustria-veneto-le-nostre-pmi-sono-esposte-a-rischi-climatici-ambientali-e-di-transizione\/#article","isPartOf":{"@id":"https:\/\/www.bellunopress.it\/2022\/09\/21\/pmi-dati-del-veneto-piol-presidente-comitato-piccola-industria-confindustria-veneto-le-nostre-pmi-sono-esposte-a-rischi-climatici-ambientali-e-di-transizione\/"},"author":{"name":"redazione","@id":"https:\/\/www.bellunopress.it\/#\/schema\/person\/79bb06722b37ece1c03d3e94beb30d73"},"headline":"Pmi dati del Veneto. Piol (Presidente Comitato piccola industria Confindustria Veneto): &#8220;Le nostre Pmi sono esposte a rischi climatici, ambientali e di transizione&#8221;","datePublished":"2022-09-21T19:24:08+00:00","mainEntityOfPage":{"@id":"https:\/\/www.bellunopress.it\/2022\/09\/21\/pmi-dati-del-veneto-piol-presidente-comitato-piccola-industria-confindustria-veneto-le-nostre-pmi-sono-esposte-a-rischi-climatici-ambientali-e-di-transizione\/"},"wordCount":405,"publisher":{"@id":"https:\/\/www.bellunopress.it\/#organization"},"image":{"@id":"https:\/\/www.bellunopress.it\/2022\/09\/21\/pmi-dati-del-veneto-piol-presidente-comitato-piccola-industria-confindustria-veneto-le-nostre-pmi-sono-esposte-a-rischi-climatici-ambientali-e-di-transizione\/#primaryimage"},"thumbnailUrl":"https:\/\/www.bellunopress.it\/wp-content\/uploads\/2022\/02\/Davide-Piol_Presidente-Comitato-Piccola-Industria.jpg","articleSection":["Lavoro, Economia, Turismo"],"inLanguage":"fr-FR"},{"@type":"WebPage","@id":"https:\/\/www.bellunopress.it\/2022\/09\/21\/pmi-dati-del-veneto-piol-presidente-comitato-piccola-industria-confindustria-veneto-le-nostre-pmi-sono-esposte-a-rischi-climatici-ambientali-e-di-transizione\/","url":"https:\/\/www.bellunopress.it\/2022\/09\/21\/pmi-dati-del-veneto-piol-presidente-comitato-piccola-industria-confindustria-veneto-le-nostre-pmi-sono-esposte-a-rischi-climatici-ambientali-e-di-transizione\/","name":"Pmi dati del Veneto. Piol (Presidente Comitato piccola industria Confindustria Veneto): \"Le nostre Pmi sono esposte a rischi climatici, ambientali e di transizione\" - Bellunopress - Dolomiti","isPartOf":{"@id":"https:\/\/www.bellunopress.it\/#website"},"primaryImageOfPage":{"@id":"https:\/\/www.bellunopress.it\/2022\/09\/21\/pmi-dati-del-veneto-piol-presidente-comitato-piccola-industria-confindustria-veneto-le-nostre-pmi-sono-esposte-a-rischi-climatici-ambientali-e-di-transizione\/#primaryimage"},"image":{"@id":"https:\/\/www.bellunopress.it\/2022\/09\/21\/pmi-dati-del-veneto-piol-presidente-comitato-piccola-industria-confindustria-veneto-le-nostre-pmi-sono-esposte-a-rischi-climatici-ambientali-e-di-transizione\/#primaryimage"},"thumbnailUrl":"https:\/\/www.bellunopress.it\/wp-content\/uploads\/2022\/02\/Davide-Piol_Presidente-Comitato-Piccola-Industria.jpg","datePublished":"2022-09-21T19:24:08+00:00","breadcrumb":{"@id":"https:\/\/www.bellunopress.it\/2022\/09\/21\/pmi-dati-del-veneto-piol-presidente-comitato-piccola-industria-confindustria-veneto-le-nostre-pmi-sono-esposte-a-rischi-climatici-ambientali-e-di-transizione\/#breadcrumb"},"inLanguage":"fr-FR","potentialAction":[{"@type":"ReadAction","target":["https:\/\/www.bellunopress.it\/2022\/09\/21\/pmi-dati-del-veneto-piol-presidente-comitato-piccola-industria-confindustria-veneto-le-nostre-pmi-sono-esposte-a-rischi-climatici-ambientali-e-di-transizione\/"]}]},{"@type":"ImageObject","inLanguage":"fr-FR","@id":"https:\/\/www.bellunopress.it\/2022\/09\/21\/pmi-dati-del-veneto-piol-presidente-comitato-piccola-industria-confindustria-veneto-le-nostre-pmi-sono-esposte-a-rischi-climatici-ambientali-e-di-transizione\/#primaryimage","url":"https:\/\/www.bellunopress.it\/wp-content\/uploads\/2022\/02\/Davide-Piol_Presidente-Comitato-Piccola-Industria.jpg","contentUrl":"https:\/\/www.bellunopress.it\/wp-content\/uploads\/2022\/02\/Davide-Piol_Presidente-Comitato-Piccola-Industria.jpg","width":1181,"height":1771,"caption":"Davide Piol, presidente del Comitato della Piccola industria di Confindustria Veneto"},{"@type":"BreadcrumbList","@id":"https:\/\/www.bellunopress.it\/2022\/09\/21\/pmi-dati-del-veneto-piol-presidente-comitato-piccola-industria-confindustria-veneto-le-nostre-pmi-sono-esposte-a-rischi-climatici-ambientali-e-di-transizione\/#breadcrumb","itemListElement":[{"@type":"ListItem","position":1,"name":"Home","item":"https:\/\/www.bellunopress.it\/"},{"@type":"ListItem","position":2,"name":"Pmi dati del Veneto. Piol (Presidente Comitato piccola industria Confindustria Veneto): &#8220;Le nostre Pmi sono esposte a rischi climatici, ambientali e di transizione&#8221;"}]},{"@type":"WebSite","@id":"https:\/\/www.bellunopress.it\/#website","url":"https:\/\/www.bellunopress.it\/","name":"Bellunopress - Dolomiti","description":"e-mail: redazione@bellunopress.it","publisher":{"@id":"https:\/\/www.bellunopress.it\/#organization"},"potentialAction":[{"@type":"SearchAction","target":{"@type":"EntryPoint","urlTemplate":"https:\/\/www.bellunopress.it\/?s={search_term_string}"},"query-input":{"@type":"PropertyValueSpecification","valueRequired":true,"valueName":"search_term_string"}}],"inLanguage":"fr-FR"},{"@type":"Organization","@id":"https:\/\/www.bellunopress.it\/#organization","name":"Bellunopress","url":"https:\/\/www.bellunopress.it\/","logo":{"@type":"ImageObject","inLanguage":"fr-FR","@id":"https:\/\/www.bellunopress.it\/#\/schema\/logo\/image\/","url":"https:\/\/www.bellunopress.it\/wp-content\/uploads\/2011\/05\/cropped-logo-bellunopress-.jpg","contentUrl":"https:\/\/www.bellunopress.it\/wp-content\/uploads\/2011\/05\/cropped-logo-bellunopress-.jpg","width":512,"height":512,"caption":"Bellunopress"},"image":{"@id":"https:\/\/www.bellunopress.it\/#\/schema\/logo\/image\/"},"sameAs":["https:\/\/www.facebook.com\/profile.php?id=100008943462799","https:\/\/x.com\/bellunopress","https:\/\/www.linkedin.com\/hp\/?dnr=JBzUWaJfMUw8vbXJJ2tVW5-I3jZKvC4wsoxE&amp;amp;amp;amp;amp;amp;trk=nav_responsive_tab_home","https:\/\/www.youtube.com\/channel\/UCxL0wu1uN0_3_7hGG0306cw"]},{"@type":"Person","@id":"https:\/\/www.bellunopress.it\/#\/schema\/person\/79bb06722b37ece1c03d3e94beb30d73","name":"r\u00e9daction","image":{"@type":"ImageObject","inLanguage":"fr-FR","@id":"https:\/\/secure.gravatar.com\/avatar\/37d968a2e67a6fd04c169c4bdef102d0bc5d31b2546345219e348575eb80e9a0?s=96&d=mm&r=g","url":"https:\/\/secure.gravatar.com\/avatar\/37d968a2e67a6fd04c169c4bdef102d0bc5d31b2546345219e348575eb80e9a0?s=96&d=mm&r=g","contentUrl":"https:\/\/secure.gravatar.com\/avatar\/37d968a2e67a6fd04c169c4bdef102d0bc5d31b2546345219e348575eb80e9a0?s=96&d=mm&r=g","caption":"redazione"},"sameAs":["http:\/\/www.bellunopress.it","https:\/\/x.com\/bellunopress"],"url":"https:\/\/www.bellunopress.it\/fr\/author\/redazione\/"}]}},"_links":{"self":[{"href":"https:\/\/www.bellunopress.it\/fr\/wp-json\/wp\/v2\/posts\/136550","targetHints":{"allow":["GET"]}}],"collection":[{"href":"https:\/\/www.bellunopress.it\/fr\/wp-json\/wp\/v2\/posts"}],"about":[{"href":"https:\/\/www.bellunopress.it\/fr\/wp-json\/wp\/v2\/types\/post"}],"author":[{"embeddable":true,"href":"https:\/\/www.bellunopress.it\/fr\/wp-json\/wp\/v2\/users\/2"}],"replies":[{"embeddable":true,"href":"https:\/\/www.bellunopress.it\/fr\/wp-json\/wp\/v2\/comments?post=136550"}],"version-history":[{"count":1,"href":"https:\/\/www.bellunopress.it\/fr\/wp-json\/wp\/v2\/posts\/136550\/revisions"}],"predecessor-version":[{"id":136551,"href":"https:\/\/www.bellunopress.it\/fr\/wp-json\/wp\/v2\/posts\/136550\/revisions\/136551"}],"wp:featuredmedia":[{"embeddable":true,"href":"https:\/\/www.bellunopress.it\/fr\/wp-json\/wp\/v2\/media\/131195"}],"wp:attachment":[{"href":"https:\/\/www.bellunopress.it\/fr\/wp-json\/wp\/v2\/media?parent=136550"}],"wp:term":[{"taxonomy":"category","embeddable":true,"href":"https:\/\/www.bellunopress.it\/fr\/wp-json\/wp\/v2\/categories?post=136550"},{"taxonomy":"post_tag","embeddable":true,"href":"https:\/\/www.bellunopress.it\/fr\/wp-json\/wp\/v2\/tags?post=136550"}],"curies":[{"name":"wp","href":"https:\/\/api.w.org\/{rel}","templated":true}]}}