{"id":136545,"date":"2022-09-21T17:41:30","date_gmt":"2022-09-21T15:41:30","guid":{"rendered":"https:\/\/www.bellunopress.it\/?p=136545"},"modified":"2022-09-21T17:41:30","modified_gmt":"2022-09-21T15:41:30","slug":"presentata-la-30ma-edizione-di-comincio-dai-3-stagione-di-teatro-per-le-nuove-generazioni","status":"publish","type":"post","link":"https:\/\/www.bellunopress.it\/fr\/2022\/09\/21\/presentata-la-30ma-edizione-di-comincio-dai-3-stagione-di-teatro-per-le-nuove-generazioni\/","title":{"rendered":"Presentata la 30ma edizione di Comincio dai 3 , Stagione di Teatro per le nuove generazioni"},"content":{"rendered":"<p><img loading=\"lazy\" decoding=\"async\" class=\"alignleft size-full wp-image-136480\" src=\"https:\/\/www.bellunopress.it\/wp-content\/uploads\/2022\/09\/lambioi-beach_edited.jpg\" alt=\"\" width=\"1000\" height=\"690\" srcset=\"https:\/\/www.bellunopress.it\/wp-content\/uploads\/2022\/09\/lambioi-beach_edited.jpg 1000w, https:\/\/www.bellunopress.it\/wp-content\/uploads\/2022\/09\/lambioi-beach_edited-500x345.jpg 500w, https:\/\/www.bellunopress.it\/wp-content\/uploads\/2022\/09\/lambioi-beach_edited-218x150.jpg 218w, https:\/\/www.bellunopress.it\/wp-content\/uploads\/2022\/09\/lambioi-beach_edited-696x480.jpg 696w, https:\/\/www.bellunopress.it\/wp-content\/uploads\/2022\/09\/lambioi-beach_edited-609x420.jpg 609w, https:\/\/www.bellunopress.it\/wp-content\/uploads\/2022\/09\/lambioi-beach_edited-100x70.jpg 100w\" sizes=\"auto, (max-width: 1000px) 100vw, 1000px\" \/>\u00c8 stata presentata questa mattina, al Parco fluviale di Lambioi, nell\u2019eccezionale cornice del Teatro vegetale, alla presenza dell\u2019assessore alla Cultura Raffele Addamiano, della presidente della Fondazione Teatri delle Dolomiti, Tiziana Pagani Cesa, e della dirigente dell\u2019Istituto Comprensivo \u201cTina Merlin\u201d, Bruna Codogno, la 30esima edizione di Comincio dai 3, Stagione di teatro per le Nuove Generazioni.<\/p>\n<p>In apertura l\u2019assessore ha dato il benvenuto a tutti i presenti nel Teatro vegetale, un progetto realizzato da TIB Teatro in collaborazione con il Comune di Belluno e Sportivamente Belluno, sottolineando l\u2019importanza che riveste il teatro nella formazione delle nuove generazioni, a partire dai piccolissimi, anche con progetti come il teatro vegetale, che piantato dai bambini di oggi rester\u00e0 come eredit\u00e0 per quelli di domani.<br \/>\nHa preso poi la parola la presidente della Fondazione Teatri delle Dolomiti, Tiziana Pagani Cesa, rinnovando la stima nei confronti di un progetto, quale \u00e8 Comincio dai 3, che si rivolge non solo ai bambini ma anche alle loro famiglie, ai giovani, agli insegnanti, con un\u2019offerta ampia e articolata per tutte le generazioni.<\/p>\n<p>Il direttore artistico di Tib Teatro, Daniela Nicosia, ha poi presentato la stagione che in occasione del suo trentesimo compleanno ha rinnovato la propria veste grafica e ulteriormente ampliato la programmazione: oltre ai consueti appuntamenti per le scuole la mattina e le famiglie la domenica pomeriggio, l\u2019edizione 2022-2023 si inaugura oggi con il progetto speciale del Teatro Vegetale (progetto realizzato nell\u2019ambito del progetto Luoghi e Nonluoghi. I bambini abitano il territorio, un progetto selezionato da Con i Bambini nell\u2019ambito del Fondo per il contrasto della povert\u00e0 educativa minorile) all\u2019interno del quale dal 21 al 25 settembre verr\u00e0 rappresentato lo spettacolo Tot\u00f2 degli alberi, una coproduzione Kuziba-TIBTeatro; un\u2019altra novit\u00e0 della stagione sar\u00e0 poi Gioved\u00ec Giovani H21 spettacoli serali per giovani, adulti e figli adolescenti, quattro serate dedicate in particolare ai giovani tra i 14 e i 25 anni; per i piccolissimi si realizzer\u00e0 invece il progetto Naturalis \u2013 4 elementi come casa, che porter\u00e0 il teatro all\u2019interno dei nidi. Il convegno Il Teatro necessario, il prossimo gennaio, sar\u00e0 un appuntamento di formazione dedicato ai docenti, e realizzato in collaborazione con l\u2019Istituto Comprensivo \u201cTina Merlin\u201d.<\/p>\n<p>La stagione \u201cComincio dai 3\u201d \u00e8 realizzata da Tib Teatro per la direzione artistica di Daniela Nicosia e in collaborazione con Fondazione Teatri delle Dolomiti, Ministero della Cultura, con il patrocinio di Regione del Veneto, Reteventi \u2013 Provincia di Belluno, Comune di Belluno, MIUR ufficio scolastico regionale e la presenza di ABVS. Mediapartner della stagione Radio Belluno, Radio Cortina.<\/p>\n<p>&nbsp;<\/p>\n<p>&nbsp;<\/p>","protected":false},"excerpt":{"rendered":"<p>\u00c8 stata presentata questa mattina, al Parco fluviale di Lambioi, nell\u2019eccezionale cornice del Teatro vegetale, alla presenza dell\u2019assessore alla Cultura Raffele Addamiano, della presidente della Fondazione Teatri delle Dolomiti, Tiziana Pagani Cesa, e della dirigente dell\u2019Istituto Comprensivo \u201cTina Merlin\u201d, Bruna Codogno, la 30esima edizione di Comincio dai 3, Stagione di teatro per le Nuove Generazioni. [&hellip;]<\/p>\n","protected":false},"author":2,"featured_media":136480,"comment_status":"closed","ping_status":"open","sticky":false,"template":"","format":"standard","meta":{"footnotes":""},"categories":[3,26],"tags":[],"class_list":["post-136545","post","type-post","status-publish","format-standard","has-post-thumbnail","category-arte-cultura-spettacoli-scienza-archivi","category-prima-pagina"],"yoast_head":"<!-- This site is optimized with the Yoast SEO plugin v28.4 - https:\/\/yoast.com\/product\/yoast-seo-wordpress\/ -->\n<title>Presentata la 30ma edizione di Comincio dai 3 , Stagione di Teatro per le nuove generazioni - Bellunopress - Dolomiti<\/title>\n<meta name=\"robots\" content=\"index, follow, max-snippet:-1, max-image-preview:large, max-video-preview:-1\" \/>\n<link rel=\"canonical\" href=\"https:\/\/www.bellunopress.it\/fr\/2022\/09\/21\/presentata-la-30ma-edizione-di-comincio-dai-3-stagione-di-teatro-per-le-nuove-generazioni\/\" \/>\n<meta property=\"og:locale\" content=\"fr_FR\" \/>\n<meta property=\"og:type\" content=\"article\" \/>\n<meta property=\"og:title\" content=\"Presentata la 30ma edizione di Comincio dai 3 , Stagione di Teatro per le nuove generazioni - Bellunopress - Dolomiti\" \/>\n<meta property=\"og:description\" content=\"\u00c8 stata presentata questa mattina, al Parco fluviale di Lambioi, nell\u2019eccezionale cornice del Teatro vegetale, alla presenza dell\u2019assessore alla Cultura Raffele Addamiano, della presidente della Fondazione Teatri delle Dolomiti, Tiziana Pagani Cesa, e della dirigente dell\u2019Istituto Comprensivo \u201cTina Merlin\u201d, Bruna Codogno, la 30esima edizione di Comincio dai 3, Stagione di teatro per le Nuove Generazioni. [&hellip;]\" \/>\n<meta property=\"og:url\" content=\"https:\/\/www.bellunopress.it\/fr\/2022\/09\/21\/presentata-la-30ma-edizione-di-comincio-dai-3-stagione-di-teatro-per-le-nuove-generazioni\/\" \/>\n<meta property=\"og:site_name\" content=\"Bellunopress - Dolomiti\" \/>\n<meta property=\"article:publisher\" content=\"https:\/\/www.facebook.com\/profile.php?id=100008943462799\" \/>\n<meta property=\"article:published_time\" content=\"2022-09-21T15:41:30+00:00\" \/>\n<meta property=\"og:image\" content=\"https:\/\/www.bellunopress.it\/wp-content\/uploads\/2022\/09\/lambioi-beach_edited.jpg\" \/>\n\t<meta property=\"og:image:width\" content=\"1000\" \/>\n\t<meta property=\"og:image:height\" content=\"690\" \/>\n\t<meta property=\"og:image:type\" content=\"image\/jpeg\" \/>\n<meta name=\"author\" content=\"redazione\" \/>\n<meta name=\"twitter:card\" content=\"summary_large_image\" \/>\n<meta name=\"twitter:creator\" content=\"@bellunopress\" \/>\n<meta name=\"twitter:site\" content=\"@bellunopress\" \/>\n<meta name=\"twitter:label1\" content=\"\u00c9crit par\" \/>\n\t<meta name=\"twitter:data1\" content=\"redazione\" \/>\n\t<meta name=\"twitter:label2\" content=\"Dur\u00e9e de lecture estim\u00e9e\" \/>\n\t<meta name=\"twitter:data2\" content=\"3 minutes\" \/>\n<script type=\"application\/ld+json\" class=\"yoast-schema-graph\">{\"@context\":\"https:\\\/\\\/schema.org\",\"@graph\":[{\"@type\":\"Article\",\"@id\":\"https:\\\/\\\/www.bellunopress.it\\\/2022\\\/09\\\/21\\\/presentata-la-30ma-edizione-di-comincio-dai-3-stagione-di-teatro-per-le-nuove-generazioni\\\/#article\",\"isPartOf\":{\"@id\":\"https:\\\/\\\/www.bellunopress.it\\\/2022\\\/09\\\/21\\\/presentata-la-30ma-edizione-di-comincio-dai-3-stagione-di-teatro-per-le-nuove-generazioni\\\/\"},\"author\":{\"name\":\"redazione\",\"@id\":\"https:\\\/\\\/www.bellunopress.it\\\/#\\\/schema\\\/person\\\/79bb06722b37ece1c03d3e94beb30d73\"},\"headline\":\"Presentata la 30ma edizione di Comincio dai 3 , Stagione di Teatro per le nuove generazioni\",\"datePublished\":\"2022-09-21T15:41:30+00:00\",\"mainEntityOfPage\":{\"@id\":\"https:\\\/\\\/www.bellunopress.it\\\/2022\\\/09\\\/21\\\/presentata-la-30ma-edizione-di-comincio-dai-3-stagione-di-teatro-per-le-nuove-generazioni\\\/\"},\"wordCount\":431,\"publisher\":{\"@id\":\"https:\\\/\\\/www.bellunopress.it\\\/#organization\"},\"image\":{\"@id\":\"https:\\\/\\\/www.bellunopress.it\\\/2022\\\/09\\\/21\\\/presentata-la-30ma-edizione-di-comincio-dai-3-stagione-di-teatro-per-le-nuove-generazioni\\\/#primaryimage\"},\"thumbnailUrl\":\"https:\\\/\\\/www.bellunopress.it\\\/wp-content\\\/uploads\\\/2022\\\/09\\\/lambioi-beach_edited.jpg\",\"articleSection\":[\"Arte, Cultura, Spettacoli, Scienza\",\"Prima Pagina\"],\"inLanguage\":\"fr-FR\"},{\"@type\":\"WebPage\",\"@id\":\"https:\\\/\\\/www.bellunopress.it\\\/2022\\\/09\\\/21\\\/presentata-la-30ma-edizione-di-comincio-dai-3-stagione-di-teatro-per-le-nuove-generazioni\\\/\",\"url\":\"https:\\\/\\\/www.bellunopress.it\\\/2022\\\/09\\\/21\\\/presentata-la-30ma-edizione-di-comincio-dai-3-stagione-di-teatro-per-le-nuove-generazioni\\\/\",\"name\":\"Presentata la 30ma edizione di Comincio dai 3 , Stagione di Teatro per le nuove generazioni - Bellunopress - Dolomiti\",\"isPartOf\":{\"@id\":\"https:\\\/\\\/www.bellunopress.it\\\/#website\"},\"primaryImageOfPage\":{\"@id\":\"https:\\\/\\\/www.bellunopress.it\\\/2022\\\/09\\\/21\\\/presentata-la-30ma-edizione-di-comincio-dai-3-stagione-di-teatro-per-le-nuove-generazioni\\\/#primaryimage\"},\"image\":{\"@id\":\"https:\\\/\\\/www.bellunopress.it\\\/2022\\\/09\\\/21\\\/presentata-la-30ma-edizione-di-comincio-dai-3-stagione-di-teatro-per-le-nuove-generazioni\\\/#primaryimage\"},\"thumbnailUrl\":\"https:\\\/\\\/www.bellunopress.it\\\/wp-content\\\/uploads\\\/2022\\\/09\\\/lambioi-beach_edited.jpg\",\"datePublished\":\"2022-09-21T15:41:30+00:00\",\"breadcrumb\":{\"@id\":\"https:\\\/\\\/www.bellunopress.it\\\/2022\\\/09\\\/21\\\/presentata-la-30ma-edizione-di-comincio-dai-3-stagione-di-teatro-per-le-nuove-generazioni\\\/#breadcrumb\"},\"inLanguage\":\"fr-FR\",\"potentialAction\":[{\"@type\":\"ReadAction\",\"target\":[\"https:\\\/\\\/www.bellunopress.it\\\/2022\\\/09\\\/21\\\/presentata-la-30ma-edizione-di-comincio-dai-3-stagione-di-teatro-per-le-nuove-generazioni\\\/\"]}]},{\"@type\":\"ImageObject\",\"inLanguage\":\"fr-FR\",\"@id\":\"https:\\\/\\\/www.bellunopress.it\\\/2022\\\/09\\\/21\\\/presentata-la-30ma-edizione-di-comincio-dai-3-stagione-di-teatro-per-le-nuove-generazioni\\\/#primaryimage\",\"url\":\"https:\\\/\\\/www.bellunopress.it\\\/wp-content\\\/uploads\\\/2022\\\/09\\\/lambioi-beach_edited.jpg\",\"contentUrl\":\"https:\\\/\\\/www.bellunopress.it\\\/wp-content\\\/uploads\\\/2022\\\/09\\\/lambioi-beach_edited.jpg\",\"width\":1000,\"height\":690},{\"@type\":\"BreadcrumbList\",\"@id\":\"https:\\\/\\\/www.bellunopress.it\\\/2022\\\/09\\\/21\\\/presentata-la-30ma-edizione-di-comincio-dai-3-stagione-di-teatro-per-le-nuove-generazioni\\\/#breadcrumb\",\"itemListElement\":[{\"@type\":\"ListItem\",\"position\":1,\"name\":\"Home\",\"item\":\"https:\\\/\\\/www.bellunopress.it\\\/\"},{\"@type\":\"ListItem\",\"position\":2,\"name\":\"Presentata la 30ma edizione di Comincio dai 3 , Stagione di Teatro per le nuove generazioni\"}]},{\"@type\":\"WebSite\",\"@id\":\"https:\\\/\\\/www.bellunopress.it\\\/#website\",\"url\":\"https:\\\/\\\/www.bellunopress.it\\\/\",\"name\":\"Bellunopress - Dolomiti\",\"description\":\"e-mail: redazione@bellunopress.it\",\"publisher\":{\"@id\":\"https:\\\/\\\/www.bellunopress.it\\\/#organization\"},\"potentialAction\":[{\"@type\":\"SearchAction\",\"target\":{\"@type\":\"EntryPoint\",\"urlTemplate\":\"https:\\\/\\\/www.bellunopress.it\\\/?s={search_term_string}\"},\"query-input\":{\"@type\":\"PropertyValueSpecification\",\"valueRequired\":true,\"valueName\":\"search_term_string\"}}],\"inLanguage\":\"fr-FR\"},{\"@type\":\"Organization\",\"@id\":\"https:\\\/\\\/www.bellunopress.it\\\/#organization\",\"name\":\"Bellunopress\",\"url\":\"https:\\\/\\\/www.bellunopress.it\\\/\",\"logo\":{\"@type\":\"ImageObject\",\"inLanguage\":\"fr-FR\",\"@id\":\"https:\\\/\\\/www.bellunopress.it\\\/#\\\/schema\\\/logo\\\/image\\\/\",\"url\":\"https:\\\/\\\/www.bellunopress.it\\\/wp-content\\\/uploads\\\/2011\\\/05\\\/cropped-logo-bellunopress-.jpg\",\"contentUrl\":\"https:\\\/\\\/www.bellunopress.it\\\/wp-content\\\/uploads\\\/2011\\\/05\\\/cropped-logo-bellunopress-.jpg\",\"width\":512,\"height\":512,\"caption\":\"Bellunopress\"},\"image\":{\"@id\":\"https:\\\/\\\/www.bellunopress.it\\\/#\\\/schema\\\/logo\\\/image\\\/\"},\"sameAs\":[\"https:\\\/\\\/www.facebook.com\\\/profile.php?id=100008943462799\",\"https:\\\/\\\/x.com\\\/bellunopress\",\"https:\\\/\\\/www.linkedin.com\\\/hp\\\/?dnr=JBzUWaJfMUw8vbXJJ2tVW5-I3jZKvC4wsoxE&amp;amp;amp;amp;amp;amp;trk=nav_responsive_tab_home\",\"https:\\\/\\\/www.youtube.com\\\/channel\\\/UCxL0wu1uN0_3_7hGG0306cw\"]},{\"@type\":\"Person\",\"@id\":\"https:\\\/\\\/www.bellunopress.it\\\/#\\\/schema\\\/person\\\/79bb06722b37ece1c03d3e94beb30d73\",\"name\":\"redazione\",\"image\":{\"@type\":\"ImageObject\",\"inLanguage\":\"fr-FR\",\"@id\":\"https:\\\/\\\/secure.gravatar.com\\\/avatar\\\/37d968a2e67a6fd04c169c4bdef102d0bc5d31b2546345219e348575eb80e9a0?s=96&d=mm&r=g\",\"url\":\"https:\\\/\\\/secure.gravatar.com\\\/avatar\\\/37d968a2e67a6fd04c169c4bdef102d0bc5d31b2546345219e348575eb80e9a0?s=96&d=mm&r=g\",\"contentUrl\":\"https:\\\/\\\/secure.gravatar.com\\\/avatar\\\/37d968a2e67a6fd04c169c4bdef102d0bc5d31b2546345219e348575eb80e9a0?s=96&d=mm&r=g\",\"caption\":\"redazione\"},\"sameAs\":[\"http:\\\/\\\/www.bellunopress.it\",\"https:\\\/\\\/x.com\\\/bellunopress\"],\"url\":\"https:\\\/\\\/www.bellunopress.it\\\/fr\\\/author\\\/redazione\\\/\"}]}<\/script>\n<!-- \/ Yoast SEO plugin. -->","yoast_head_json":{"title":"Presentata la 30ma edizione di Comincio dai 3 , Stagione di Teatro per le nuove generazioni - Bellunopress - Dolomiti","robots":{"index":"index","follow":"follow","max-snippet":"max-snippet:-1","max-image-preview":"max-image-preview:large","max-video-preview":"max-video-preview:-1"},"canonical":"https:\/\/www.bellunopress.it\/fr\/2022\/09\/21\/presentata-la-30ma-edizione-di-comincio-dai-3-stagione-di-teatro-per-le-nuove-generazioni\/","og_locale":"fr_FR","og_type":"article","og_title":"Presentata la 30ma edizione di Comincio dai 3 , Stagione di Teatro per le nuove generazioni - Bellunopress - Dolomiti","og_description":"\u00c8 stata presentata questa mattina, al Parco fluviale di Lambioi, nell\u2019eccezionale cornice del Teatro vegetale, alla presenza dell\u2019assessore alla Cultura Raffele Addamiano, della presidente della Fondazione Teatri delle Dolomiti, Tiziana Pagani Cesa, e della dirigente dell\u2019Istituto Comprensivo \u201cTina Merlin\u201d, Bruna Codogno, la 30esima edizione di Comincio dai 3, Stagione di teatro per le Nuove Generazioni. [&hellip;]","og_url":"https:\/\/www.bellunopress.it\/fr\/2022\/09\/21\/presentata-la-30ma-edizione-di-comincio-dai-3-stagione-di-teatro-per-le-nuove-generazioni\/","og_site_name":"Bellunopress - Dolomiti","article_publisher":"https:\/\/www.facebook.com\/profile.php?id=100008943462799","article_published_time":"2022-09-21T15:41:30+00:00","og_image":[{"width":1000,"height":690,"url":"https:\/\/www.bellunopress.it\/wp-content\/uploads\/2022\/09\/lambioi-beach_edited.jpg","type":"image\/jpeg"}],"author":"redazione","twitter_card":"summary_large_image","twitter_creator":"@bellunopress","twitter_site":"@bellunopress","twitter_misc":{"\u00c9crit par":"redazione","Dur\u00e9e de lecture estim\u00e9e":"3 minutes"},"schema":{"@context":"https:\/\/schema.org","@graph":[{"@type":"Article","@id":"https:\/\/www.bellunopress.it\/2022\/09\/21\/presentata-la-30ma-edizione-di-comincio-dai-3-stagione-di-teatro-per-le-nuove-generazioni\/#article","isPartOf":{"@id":"https:\/\/www.bellunopress.it\/2022\/09\/21\/presentata-la-30ma-edizione-di-comincio-dai-3-stagione-di-teatro-per-le-nuove-generazioni\/"},"author":{"name":"redazione","@id":"https:\/\/www.bellunopress.it\/#\/schema\/person\/79bb06722b37ece1c03d3e94beb30d73"},"headline":"Presentata la 30ma edizione di Comincio dai 3 , Stagione di Teatro per le nuove generazioni","datePublished":"2022-09-21T15:41:30+00:00","mainEntityOfPage":{"@id":"https:\/\/www.bellunopress.it\/2022\/09\/21\/presentata-la-30ma-edizione-di-comincio-dai-3-stagione-di-teatro-per-le-nuove-generazioni\/"},"wordCount":431,"publisher":{"@id":"https:\/\/www.bellunopress.it\/#organization"},"image":{"@id":"https:\/\/www.bellunopress.it\/2022\/09\/21\/presentata-la-30ma-edizione-di-comincio-dai-3-stagione-di-teatro-per-le-nuove-generazioni\/#primaryimage"},"thumbnailUrl":"https:\/\/www.bellunopress.it\/wp-content\/uploads\/2022\/09\/lambioi-beach_edited.jpg","articleSection":["Arte, Cultura, Spettacoli, Scienza","Prima Pagina"],"inLanguage":"fr-FR"},{"@type":"WebPage","@id":"https:\/\/www.bellunopress.it\/2022\/09\/21\/presentata-la-30ma-edizione-di-comincio-dai-3-stagione-di-teatro-per-le-nuove-generazioni\/","url":"https:\/\/www.bellunopress.it\/2022\/09\/21\/presentata-la-30ma-edizione-di-comincio-dai-3-stagione-di-teatro-per-le-nuove-generazioni\/","name":"Presentata la 30ma edizione di Comincio dai 3 , Stagione di Teatro per le nuove generazioni - Bellunopress - Dolomiti","isPartOf":{"@id":"https:\/\/www.bellunopress.it\/#website"},"primaryImageOfPage":{"@id":"https:\/\/www.bellunopress.it\/2022\/09\/21\/presentata-la-30ma-edizione-di-comincio-dai-3-stagione-di-teatro-per-le-nuove-generazioni\/#primaryimage"},"image":{"@id":"https:\/\/www.bellunopress.it\/2022\/09\/21\/presentata-la-30ma-edizione-di-comincio-dai-3-stagione-di-teatro-per-le-nuove-generazioni\/#primaryimage"},"thumbnailUrl":"https:\/\/www.bellunopress.it\/wp-content\/uploads\/2022\/09\/lambioi-beach_edited.jpg","datePublished":"2022-09-21T15:41:30+00:00","breadcrumb":{"@id":"https:\/\/www.bellunopress.it\/2022\/09\/21\/presentata-la-30ma-edizione-di-comincio-dai-3-stagione-di-teatro-per-le-nuove-generazioni\/#breadcrumb"},"inLanguage":"fr-FR","potentialAction":[{"@type":"ReadAction","target":["https:\/\/www.bellunopress.it\/2022\/09\/21\/presentata-la-30ma-edizione-di-comincio-dai-3-stagione-di-teatro-per-le-nuove-generazioni\/"]}]},{"@type":"ImageObject","inLanguage":"fr-FR","@id":"https:\/\/www.bellunopress.it\/2022\/09\/21\/presentata-la-30ma-edizione-di-comincio-dai-3-stagione-di-teatro-per-le-nuove-generazioni\/#primaryimage","url":"https:\/\/www.bellunopress.it\/wp-content\/uploads\/2022\/09\/lambioi-beach_edited.jpg","contentUrl":"https:\/\/www.bellunopress.it\/wp-content\/uploads\/2022\/09\/lambioi-beach_edited.jpg","width":1000,"height":690},{"@type":"BreadcrumbList","@id":"https:\/\/www.bellunopress.it\/2022\/09\/21\/presentata-la-30ma-edizione-di-comincio-dai-3-stagione-di-teatro-per-le-nuove-generazioni\/#breadcrumb","itemListElement":[{"@type":"ListItem","position":1,"name":"Home","item":"https:\/\/www.bellunopress.it\/"},{"@type":"ListItem","position":2,"name":"Presentata la 30ma edizione di Comincio dai 3 , Stagione di Teatro per le nuove generazioni"}]},{"@type":"WebSite","@id":"https:\/\/www.bellunopress.it\/#website","url":"https:\/\/www.bellunopress.it\/","name":"Bellunopress - Dolomiti","description":"e-mail: redazione@bellunopress.it","publisher":{"@id":"https:\/\/www.bellunopress.it\/#organization"},"potentialAction":[{"@type":"SearchAction","target":{"@type":"EntryPoint","urlTemplate":"https:\/\/www.bellunopress.it\/?s={search_term_string}"},"query-input":{"@type":"PropertyValueSpecification","valueRequired":true,"valueName":"search_term_string"}}],"inLanguage":"fr-FR"},{"@type":"Organization","@id":"https:\/\/www.bellunopress.it\/#organization","name":"Bellunopress","url":"https:\/\/www.bellunopress.it\/","logo":{"@type":"ImageObject","inLanguage":"fr-FR","@id":"https:\/\/www.bellunopress.it\/#\/schema\/logo\/image\/","url":"https:\/\/www.bellunopress.it\/wp-content\/uploads\/2011\/05\/cropped-logo-bellunopress-.jpg","contentUrl":"https:\/\/www.bellunopress.it\/wp-content\/uploads\/2011\/05\/cropped-logo-bellunopress-.jpg","width":512,"height":512,"caption":"Bellunopress"},"image":{"@id":"https:\/\/www.bellunopress.it\/#\/schema\/logo\/image\/"},"sameAs":["https:\/\/www.facebook.com\/profile.php?id=100008943462799","https:\/\/x.com\/bellunopress","https:\/\/www.linkedin.com\/hp\/?dnr=JBzUWaJfMUw8vbXJJ2tVW5-I3jZKvC4wsoxE&amp;amp;amp;amp;amp;amp;trk=nav_responsive_tab_home","https:\/\/www.youtube.com\/channel\/UCxL0wu1uN0_3_7hGG0306cw"]},{"@type":"Person","@id":"https:\/\/www.bellunopress.it\/#\/schema\/person\/79bb06722b37ece1c03d3e94beb30d73","name":"r\u00e9daction","image":{"@type":"ImageObject","inLanguage":"fr-FR","@id":"https:\/\/secure.gravatar.com\/avatar\/37d968a2e67a6fd04c169c4bdef102d0bc5d31b2546345219e348575eb80e9a0?s=96&d=mm&r=g","url":"https:\/\/secure.gravatar.com\/avatar\/37d968a2e67a6fd04c169c4bdef102d0bc5d31b2546345219e348575eb80e9a0?s=96&d=mm&r=g","contentUrl":"https:\/\/secure.gravatar.com\/avatar\/37d968a2e67a6fd04c169c4bdef102d0bc5d31b2546345219e348575eb80e9a0?s=96&d=mm&r=g","caption":"redazione"},"sameAs":["http:\/\/www.bellunopress.it","https:\/\/x.com\/bellunopress"],"url":"https:\/\/www.bellunopress.it\/fr\/author\/redazione\/"}]}},"_links":{"self":[{"href":"https:\/\/www.bellunopress.it\/fr\/wp-json\/wp\/v2\/posts\/136545","targetHints":{"allow":["GET"]}}],"collection":[{"href":"https:\/\/www.bellunopress.it\/fr\/wp-json\/wp\/v2\/posts"}],"about":[{"href":"https:\/\/www.bellunopress.it\/fr\/wp-json\/wp\/v2\/types\/post"}],"author":[{"embeddable":true,"href":"https:\/\/www.bellunopress.it\/fr\/wp-json\/wp\/v2\/users\/2"}],"replies":[{"embeddable":true,"href":"https:\/\/www.bellunopress.it\/fr\/wp-json\/wp\/v2\/comments?post=136545"}],"version-history":[{"count":1,"href":"https:\/\/www.bellunopress.it\/fr\/wp-json\/wp\/v2\/posts\/136545\/revisions"}],"predecessor-version":[{"id":136546,"href":"https:\/\/www.bellunopress.it\/fr\/wp-json\/wp\/v2\/posts\/136545\/revisions\/136546"}],"wp:featuredmedia":[{"embeddable":true,"href":"https:\/\/www.bellunopress.it\/fr\/wp-json\/wp\/v2\/media\/136480"}],"wp:attachment":[{"href":"https:\/\/www.bellunopress.it\/fr\/wp-json\/wp\/v2\/media?parent=136545"}],"wp:term":[{"taxonomy":"category","embeddable":true,"href":"https:\/\/www.bellunopress.it\/fr\/wp-json\/wp\/v2\/categories?post=136545"},{"taxonomy":"post_tag","embeddable":true,"href":"https:\/\/www.bellunopress.it\/fr\/wp-json\/wp\/v2\/tags?post=136545"}],"curies":[{"name":"wp","href":"https:\/\/api.w.org\/{rel}","templated":true}]}}