{"id":136543,"date":"2022-09-21T17:31:19","date_gmt":"2022-09-21T15:31:19","guid":{"rendered":"https:\/\/www.bellunopress.it\/?p=136543"},"modified":"2022-09-21T17:31:19","modified_gmt":"2022-09-21T15:31:19","slug":"comincio-dai-3-compie-trentanni-daniela-nicosia-a-tutti-coloro-che-hanno-viaggiato-e-viaggeranno-ancora-a-lungo-insieme-a-noi-un-infinito-grazie","status":"publish","type":"post","link":"https:\/\/www.bellunopress.it\/fr\/2022\/09\/21\/comincio-dai-3-compie-trentanni-daniela-nicosia-a-tutti-coloro-che-hanno-viaggiato-e-viaggeranno-ancora-a-lungo-insieme-a-noi-un-infinito-grazie\/","title":{"rendered":"Comincio dai 3 compie trent&#8217;anni. Daniela Nicosia: &#8220;A tutti coloro che hanno viaggiato e viaggeranno ancora a lungo insieme a noi, un infinito grazie&#8221;"},"content":{"rendered":"<p><img loading=\"lazy\" decoding=\"async\" class=\"alignleft size-full wp-image-130491\" src=\"https:\/\/www.bellunopress.it\/wp-content\/uploads\/2022\/01\/Daniela-Nicosia_edited.jpg\" alt=\"\" width=\"1000\" height=\"800\" srcset=\"https:\/\/www.bellunopress.it\/wp-content\/uploads\/2022\/01\/Daniela-Nicosia_edited.jpg 1000w, https:\/\/www.bellunopress.it\/wp-content\/uploads\/2022\/01\/Daniela-Nicosia_edited-500x400.jpg 500w, https:\/\/www.bellunopress.it\/wp-content\/uploads\/2022\/01\/Daniela-Nicosia_edited-696x557.jpg 696w, https:\/\/www.bellunopress.it\/wp-content\/uploads\/2022\/01\/Daniela-Nicosia_edited-525x420.jpg 525w\" sizes=\"auto, (max-width: 1000px) 100vw, 1000px\" \/>Comincio dai 3, il progetto di educazione teatrale per le famiglie, le scuole dell&#8217;infanzia, e le scuole secondarie di primo e secondo grado ideato da Daniela Nicosia compie trent&#8217;anni.<\/p>\n<p>Cita il Premio Nobel\u00a0 Jos\u00e8 Saramago, Daniela Nicosia per ricordare il trentennale. &#8220;Il viaggio non finisce mai. Bisogna ritornare sui passi gi\u00e0 dati, per ripeterli, e per tracciarvi a fianco nuovi cammini&#8221;.<br \/>\n&#8220;\u00c8 cominciato cos\u00ec questo viaggio lungo 30 anni\u2026 &#8211; prosegue Daniela Nicosia, sempre alla direzione artistica di Tib Teatro &#8211;\u00a0 quando gli gnomi di tre, quattro anni hanno attraversato, per la prima volta a Belluno, la soglia del Teatro Comunale, gli gnomi, quelli col \u201csangue di naso\u201d e le maestre appresso preoccupate che potessero sporcare la moquette della sala, allora nuova, come le poltroncine di velluto rosa che da poco avevano sostituito quelle in legno. \u00c8 cominciato con i ragazzi delle superiori, muniti di bottiglie di grappa, per la gita in quel luogo, il teatro della loro citt\u00e0, che non conoscevano. Le bottiglie,<br \/>\nconsegnate al personale di sala &#8211; anch\u2019esso nuovo, perch\u00e9 fino ad allora al Comunale questo servizio non era contemplato n\u00e9 considerato un lavoro &#8211; venivano dallo stesso personale gentilmente svuotate del loro contenuto, versato nei lavandini dei bagni, gli stessi in cui veniva tamponato con acqua fredda quel \u201csangue di naso\u201d. E poi, col tempo, sono stati i piccoli a prendere per mano i grandi, i genitori, e ad accompagnarli a Teatro, loro, i piccoli, lo conoscevano il Teatro, c\u2019erano stati con i compagni di scuola e le maestre, e poi ricordo i giovani delle superiori scegliere il Teatro rinunciando alle ore di assemblea\u2026 E poi, col tempo, \u00e8 stata la magia del teatro ad averla vinta sulla grappa e sulle emorragie dei pi\u00f9 piccoli, quel ritrovarsi insieme in quel luogo speciale a condividere un\u2019esperienza speciale quale il teatro sa donare: quel suo specchiarsi negli occhi, nelle storie dell\u2019altro, quel condividere emozioni, quella gioia dell\u2019essere vicini, nella sala buia, soli con se stessi eppure insieme agli altri. Un luogo di emozioni condivise era ed \u00e8 il teatro, un luogo per il<br \/>\npiacere del pensiero era ed \u00e8 il teatro, un luogo di vita per tutta la comunit\u00e0 era ed \u00e8 il teatro a Cominciare dai 3 anni\u2026<br \/>\nNon il pubblico del futuro ma gli spettatori del presente\u2026un presente complesso in cui il teatro si innesta tracciando sempre nuovi cammini di civilt\u00e0\u2026 con infinito amore.&#8221;<\/p>\n<p>&#8220;A tutti coloro che hanno viaggiato e viaggeranno ancora a lungo insieme a noi, un infinito grazie&#8221; conclude Daniela Nicosia.<\/p>\n<figure id=\"attachment_114057\" aria-describedby=\"caption-attachment-114057\" style=\"width: 737px\" class=\"wp-caption alignleft\"><img loading=\"lazy\" decoding=\"async\" class=\"size-full wp-image-114057\" src=\"https:\/\/www.bellunopress.it\/wp-content\/uploads\/2020\/04\/raffaele-addamiano_edited.jpg\" alt=\"\" width=\"737\" height=\"800\" srcset=\"https:\/\/www.bellunopress.it\/wp-content\/uploads\/2020\/04\/raffaele-addamiano_edited.jpg 737w, https:\/\/www.bellunopress.it\/wp-content\/uploads\/2020\/04\/raffaele-addamiano_edited-461x500.jpg 461w, https:\/\/www.bellunopress.it\/wp-content\/uploads\/2020\/04\/raffaele-addamiano_edited-696x755.jpg 696w, https:\/\/www.bellunopress.it\/wp-content\/uploads\/2020\/04\/raffaele-addamiano_edited-387x420.jpg 387w\" sizes=\"auto, (max-width: 737px) 100vw, 737px\" \/><figcaption id=\"caption-attachment-114057\" class=\"wp-caption-text\">Raffaele Addamiano<\/figcaption><\/figure>\n<p>&#8220;A 30 anni si \u00e8 giovani pieni di prospettive future, ma anche, ormai, depositari di un bagaglio di significative esperienze che ti permettono di costruire con la giusta consapevolezza un nuovo, fecondo percorso di vita artistica. Personalmente vedo cos\u00ec il progetto Comincio dai 3 che quest&#8217;anno taglia un traguardo di tutto rispetto fatto di emozioni, di cultura, di innovazione (\u00e8 il caso, ad esempio, del teatro vegetale &#8220;Tot\u00f2 degli<br \/>\nalberi&#8221; che alla fine di settembre prender\u00e0 vita, tra arte e natura, nella suggestiva piana di Lambioi per poi rimanervi quale patrimonio per la intera comunit\u00e0 bellunese), di educazione alla socialit\u00e0 e alla legalit\u00e0 (i.e. lo spettacolo di met\u00e0 febbraio 2023 &#8220;Dentro gli spari&#8221; dal famoso romanzo di Silvana Gandolfi), nonch\u00e9 e, infine, di crescita individuale e collettiva all&#8217;insegna della trasversalit\u00e0 delle proposte rivolte, in realt\u00e0, non solo ai giovani o ai giovanissimi, ma a tutti coloro che credono, come me, nella libert\u00e0 del pensiero.<br \/>\nNell&#8217;augurare, quindi, un compleanno da 30 a lode a Comincio dai 3 e al TIB, ricordo che nella nostra Carta Fondamentale del 1948 \u00e8 scritto che l&#8217;arte (come la scienza) \u00e8 libera e libera ne \u00e8 la sua espressione, in ogni sua poliedrica dimensione. Buona stagione teatrale a tutte e a tutti!&#8221;.<\/p>\n<p><strong>Raffaele Addamiano &#8211; Assessore alla Cultura, Rapporti con associazioni culturali, Sicurezza <\/strong><strong>Comune di Belluno<\/strong><\/p>\n<figure id=\"attachment_117892\" aria-describedby=\"caption-attachment-117892\" style=\"width: 612px\" class=\"wp-caption alignleft\"><img loading=\"lazy\" decoding=\"async\" class=\"size-full wp-image-117892\" src=\"https:\/\/www.bellunopress.it\/wp-content\/uploads\/2020\/09\/Tiziana-Pagani-Cesa-Presidente-Fondazione-Teatri_edited.jpg\" alt=\"\" width=\"612\" height=\"800\" srcset=\"https:\/\/www.bellunopress.it\/wp-content\/uploads\/2020\/09\/Tiziana-Pagani-Cesa-Presidente-Fondazione-Teatri_edited.jpg 612w, https:\/\/www.bellunopress.it\/wp-content\/uploads\/2020\/09\/Tiziana-Pagani-Cesa-Presidente-Fondazione-Teatri_edited-383x500.jpg 383w, https:\/\/www.bellunopress.it\/wp-content\/uploads\/2020\/09\/Tiziana-Pagani-Cesa-Presidente-Fondazione-Teatri_edited-321x420.jpg 321w\" sizes=\"auto, (max-width: 612px) 100vw, 612px\" \/><figcaption id=\"caption-attachment-117892\" class=\"wp-caption-text\">Tiziana Pagani Cesa<\/figcaption><\/figure>\n<p>&#8220;Complimenti a TIB Teatro, a Daniela Nicosia per la profusione di pensiero, e a tutto l\u2019organico della struttura compresi i tanti giovani collaboratori, per questo ricco programma dei 30 anni di attivit\u00e0.<br \/>\nLa professionalit\u00e0 e qualit\u00e0 del lavoro svolto vi hanno consentito di portare avanti cos\u00ec a lungo, sempre innovandola, la proposta culturale e teatrale per le fasce dei pi\u00f9 giovani coinvolgendo moltissimi bambini, scuole, famiglie. Un eccellente lavoro di formazione ad ampio spettro che oggi vede i bambini di 30 anni fa, divenuti genitori, a teatro con i propri figli, ed \u00e8 commovente incontrarli con i loro ricordi.\u00a0Questo significa aver seminato bene e a lungo poich\u00e9 ormai varie generazioni hanno potuto godere delle vostre proposte formative e si contano a migliaia i fruitori del progetto Comincio dai 3.<br \/>\nProprio assistendo agli spettacoli per i piccoli nella stagione \u201821\/\u201822 mi sono resa conto di quanto i bambini siano sensibili alla gestualit\u00e0 e ai linguaggi del teatro che li portano a stupirsi e a condividere le proprie emozioni con entusiasmo, diventando tutt\u2019uno con la scena. Ricordi indelebili per ciascuno di loro.<br \/>\nL\u2019approfondimento della formazione offerta da TIB intorno al teatro investe davvero tanti livelli: per i bambini, per i ragazzi, per gli insegnanti, e anche per i genitori e i nonni, e questo costituisce un ulteriore e lodevole ampliamento dell\u2019offerta teatrale e una garanzia di efficacia nel processo di formazione dell\u2019individuo.<br \/>\n\u00c8 dunque un grande piacere accogliere questa nuova programmazione al Teatro Comunale, nella citt\u00e0 di Belluno e alla Casa Delle Arti.<\/p>\n<p><strong>Tiziana Pagani Cesa &#8211; Presidente Fondazione Teatri delle Dolomiti<\/strong><\/p>","protected":false},"excerpt":{"rendered":"<p>Comincio dai 3, il progetto di educazione teatrale per le famiglie, le scuole dell&#8217;infanzia, e le scuole secondarie di primo e secondo grado ideato da Daniela Nicosia compie trent&#8217;anni. Cita il Premio Nobel\u00a0 Jos\u00e8 Saramago, Daniela Nicosia per ricordare il trentennale. &#8220;Il viaggio non finisce mai. Bisogna ritornare sui passi gi\u00e0 dati, per ripeterli, e [&hellip;]<\/p>\n","protected":false},"author":2,"featured_media":130491,"comment_status":"closed","ping_status":"open","sticky":false,"template":"","format":"standard","meta":{"footnotes":""},"categories":[3,26],"tags":[],"class_list":["post-136543","post","type-post","status-publish","format-standard","has-post-thumbnail","category-arte-cultura-spettacoli-scienza-archivi","category-prima-pagina"],"yoast_head":"<!-- This site is optimized with the Yoast SEO plugin v28.4 - https:\/\/yoast.com\/product\/yoast-seo-wordpress\/ -->\n<title>Comincio dai 3 compie trent&#039;anni. Daniela Nicosia: &quot;A tutti coloro che hanno viaggiato e viaggeranno ancora a lungo insieme a noi, un infinito grazie&quot; - Bellunopress - Dolomiti<\/title>\n<meta name=\"robots\" content=\"index, follow, max-snippet:-1, max-image-preview:large, max-video-preview:-1\" \/>\n<link rel=\"canonical\" href=\"https:\/\/www.bellunopress.it\/fr\/2022\/09\/21\/comincio-dai-3-compie-trentanni-daniela-nicosia-a-tutti-coloro-che-hanno-viaggiato-e-viaggeranno-ancora-a-lungo-insieme-a-noi-un-infinito-grazie\/\" \/>\n<meta property=\"og:locale\" content=\"fr_FR\" \/>\n<meta property=\"og:type\" content=\"article\" \/>\n<meta property=\"og:title\" content=\"Comincio dai 3 compie trent&#039;anni. Daniela Nicosia: &quot;A tutti coloro che hanno viaggiato e viaggeranno ancora a lungo insieme a noi, un infinito grazie&quot; - Bellunopress - Dolomiti\" \/>\n<meta property=\"og:description\" content=\"Comincio dai 3, il progetto di educazione teatrale per le famiglie, le scuole dell&#8217;infanzia, e le scuole secondarie di primo e secondo grado ideato da Daniela Nicosia compie trent&#8217;anni. Cita il Premio Nobel\u00a0 Jos\u00e8 Saramago, Daniela Nicosia per ricordare il trentennale. &#8220;Il viaggio non finisce mai. Bisogna ritornare sui passi gi\u00e0 dati, per ripeterli, e [&hellip;]\" \/>\n<meta property=\"og:url\" content=\"https:\/\/www.bellunopress.it\/fr\/2022\/09\/21\/comincio-dai-3-compie-trentanni-daniela-nicosia-a-tutti-coloro-che-hanno-viaggiato-e-viaggeranno-ancora-a-lungo-insieme-a-noi-un-infinito-grazie\/\" \/>\n<meta property=\"og:site_name\" content=\"Bellunopress - Dolomiti\" \/>\n<meta property=\"article:publisher\" content=\"https:\/\/www.facebook.com\/profile.php?id=100008943462799\" \/>\n<meta property=\"article:published_time\" content=\"2022-09-21T15:31:19+00:00\" \/>\n<meta property=\"og:image\" content=\"https:\/\/www.bellunopress.it\/wp-content\/uploads\/2022\/01\/Daniela-Nicosia_edited.jpg\" \/>\n\t<meta property=\"og:image:width\" content=\"1000\" \/>\n\t<meta property=\"og:image:height\" content=\"800\" \/>\n\t<meta property=\"og:image:type\" content=\"image\/jpeg\" \/>\n<meta name=\"author\" content=\"redazione\" \/>\n<meta name=\"twitter:card\" content=\"summary_large_image\" \/>\n<meta name=\"twitter:creator\" content=\"@bellunopress\" \/>\n<meta name=\"twitter:site\" content=\"@bellunopress\" \/>\n<meta name=\"twitter:label1\" content=\"\u00c9crit par\" \/>\n\t<meta name=\"twitter:data1\" content=\"redazione\" \/>\n\t<meta name=\"twitter:label2\" content=\"Dur\u00e9e de lecture estim\u00e9e\" \/>\n\t<meta name=\"twitter:data2\" content=\"6 minutes\" \/>\n<script type=\"application\/ld+json\" class=\"yoast-schema-graph\">{\"@context\":\"https:\\\/\\\/schema.org\",\"@graph\":[{\"@type\":\"Article\",\"@id\":\"https:\\\/\\\/www.bellunopress.it\\\/2022\\\/09\\\/21\\\/comincio-dai-3-compie-trentanni-daniela-nicosia-a-tutti-coloro-che-hanno-viaggiato-e-viaggeranno-ancora-a-lungo-insieme-a-noi-un-infinito-grazie\\\/#article\",\"isPartOf\":{\"@id\":\"https:\\\/\\\/www.bellunopress.it\\\/2022\\\/09\\\/21\\\/comincio-dai-3-compie-trentanni-daniela-nicosia-a-tutti-coloro-che-hanno-viaggiato-e-viaggeranno-ancora-a-lungo-insieme-a-noi-un-infinito-grazie\\\/\"},\"author\":{\"name\":\"redazione\",\"@id\":\"https:\\\/\\\/www.bellunopress.it\\\/#\\\/schema\\\/person\\\/79bb06722b37ece1c03d3e94beb30d73\"},\"headline\":\"Comincio dai 3 compie trent&#8217;anni. Daniela Nicosia: &#8220;A tutti coloro che hanno viaggiato e viaggeranno ancora a lungo insieme a noi, un infinito grazie&#8221;\",\"datePublished\":\"2022-09-21T15:31:19+00:00\",\"mainEntityOfPage\":{\"@id\":\"https:\\\/\\\/www.bellunopress.it\\\/2022\\\/09\\\/21\\\/comincio-dai-3-compie-trentanni-daniela-nicosia-a-tutti-coloro-che-hanno-viaggiato-e-viaggeranno-ancora-a-lungo-insieme-a-noi-un-infinito-grazie\\\/\"},\"wordCount\":934,\"publisher\":{\"@id\":\"https:\\\/\\\/www.bellunopress.it\\\/#organization\"},\"image\":{\"@id\":\"https:\\\/\\\/www.bellunopress.it\\\/2022\\\/09\\\/21\\\/comincio-dai-3-compie-trentanni-daniela-nicosia-a-tutti-coloro-che-hanno-viaggiato-e-viaggeranno-ancora-a-lungo-insieme-a-noi-un-infinito-grazie\\\/#primaryimage\"},\"thumbnailUrl\":\"https:\\\/\\\/www.bellunopress.it\\\/wp-content\\\/uploads\\\/2022\\\/01\\\/Daniela-Nicosia_edited.jpg\",\"articleSection\":[\"Arte, Cultura, Spettacoli, Scienza\",\"Prima Pagina\"],\"inLanguage\":\"fr-FR\"},{\"@type\":\"WebPage\",\"@id\":\"https:\\\/\\\/www.bellunopress.it\\\/2022\\\/09\\\/21\\\/comincio-dai-3-compie-trentanni-daniela-nicosia-a-tutti-coloro-che-hanno-viaggiato-e-viaggeranno-ancora-a-lungo-insieme-a-noi-un-infinito-grazie\\\/\",\"url\":\"https:\\\/\\\/www.bellunopress.it\\\/2022\\\/09\\\/21\\\/comincio-dai-3-compie-trentanni-daniela-nicosia-a-tutti-coloro-che-hanno-viaggiato-e-viaggeranno-ancora-a-lungo-insieme-a-noi-un-infinito-grazie\\\/\",\"name\":\"Comincio dai 3 compie trent'anni. Daniela Nicosia: \\\"A tutti coloro che hanno viaggiato e viaggeranno ancora a lungo insieme a noi, un infinito grazie\\\" - Bellunopress - Dolomiti\",\"isPartOf\":{\"@id\":\"https:\\\/\\\/www.bellunopress.it\\\/#website\"},\"primaryImageOfPage\":{\"@id\":\"https:\\\/\\\/www.bellunopress.it\\\/2022\\\/09\\\/21\\\/comincio-dai-3-compie-trentanni-daniela-nicosia-a-tutti-coloro-che-hanno-viaggiato-e-viaggeranno-ancora-a-lungo-insieme-a-noi-un-infinito-grazie\\\/#primaryimage\"},\"image\":{\"@id\":\"https:\\\/\\\/www.bellunopress.it\\\/2022\\\/09\\\/21\\\/comincio-dai-3-compie-trentanni-daniela-nicosia-a-tutti-coloro-che-hanno-viaggiato-e-viaggeranno-ancora-a-lungo-insieme-a-noi-un-infinito-grazie\\\/#primaryimage\"},\"thumbnailUrl\":\"https:\\\/\\\/www.bellunopress.it\\\/wp-content\\\/uploads\\\/2022\\\/01\\\/Daniela-Nicosia_edited.jpg\",\"datePublished\":\"2022-09-21T15:31:19+00:00\",\"breadcrumb\":{\"@id\":\"https:\\\/\\\/www.bellunopress.it\\\/2022\\\/09\\\/21\\\/comincio-dai-3-compie-trentanni-daniela-nicosia-a-tutti-coloro-che-hanno-viaggiato-e-viaggeranno-ancora-a-lungo-insieme-a-noi-un-infinito-grazie\\\/#breadcrumb\"},\"inLanguage\":\"fr-FR\",\"potentialAction\":[{\"@type\":\"ReadAction\",\"target\":[\"https:\\\/\\\/www.bellunopress.it\\\/2022\\\/09\\\/21\\\/comincio-dai-3-compie-trentanni-daniela-nicosia-a-tutti-coloro-che-hanno-viaggiato-e-viaggeranno-ancora-a-lungo-insieme-a-noi-un-infinito-grazie\\\/\"]}]},{\"@type\":\"ImageObject\",\"inLanguage\":\"fr-FR\",\"@id\":\"https:\\\/\\\/www.bellunopress.it\\\/2022\\\/09\\\/21\\\/comincio-dai-3-compie-trentanni-daniela-nicosia-a-tutti-coloro-che-hanno-viaggiato-e-viaggeranno-ancora-a-lungo-insieme-a-noi-un-infinito-grazie\\\/#primaryimage\",\"url\":\"https:\\\/\\\/www.bellunopress.it\\\/wp-content\\\/uploads\\\/2022\\\/01\\\/Daniela-Nicosia_edited.jpg\",\"contentUrl\":\"https:\\\/\\\/www.bellunopress.it\\\/wp-content\\\/uploads\\\/2022\\\/01\\\/Daniela-Nicosia_edited.jpg\",\"width\":1000,\"height\":800,\"caption\":\"Daniela Nicosia - Direttore artistico Tib Teatro\"},{\"@type\":\"BreadcrumbList\",\"@id\":\"https:\\\/\\\/www.bellunopress.it\\\/2022\\\/09\\\/21\\\/comincio-dai-3-compie-trentanni-daniela-nicosia-a-tutti-coloro-che-hanno-viaggiato-e-viaggeranno-ancora-a-lungo-insieme-a-noi-un-infinito-grazie\\\/#breadcrumb\",\"itemListElement\":[{\"@type\":\"ListItem\",\"position\":1,\"name\":\"Home\",\"item\":\"https:\\\/\\\/www.bellunopress.it\\\/\"},{\"@type\":\"ListItem\",\"position\":2,\"name\":\"Comincio dai 3 compie trent&#8217;anni. Daniela Nicosia: &#8220;A tutti coloro che hanno viaggiato e viaggeranno ancora a lungo insieme a noi, un infinito grazie&#8221;\"}]},{\"@type\":\"WebSite\",\"@id\":\"https:\\\/\\\/www.bellunopress.it\\\/#website\",\"url\":\"https:\\\/\\\/www.bellunopress.it\\\/\",\"name\":\"Bellunopress - Dolomiti\",\"description\":\"e-mail: redazione@bellunopress.it\",\"publisher\":{\"@id\":\"https:\\\/\\\/www.bellunopress.it\\\/#organization\"},\"potentialAction\":[{\"@type\":\"SearchAction\",\"target\":{\"@type\":\"EntryPoint\",\"urlTemplate\":\"https:\\\/\\\/www.bellunopress.it\\\/?s={search_term_string}\"},\"query-input\":{\"@type\":\"PropertyValueSpecification\",\"valueRequired\":true,\"valueName\":\"search_term_string\"}}],\"inLanguage\":\"fr-FR\"},{\"@type\":\"Organization\",\"@id\":\"https:\\\/\\\/www.bellunopress.it\\\/#organization\",\"name\":\"Bellunopress\",\"url\":\"https:\\\/\\\/www.bellunopress.it\\\/\",\"logo\":{\"@type\":\"ImageObject\",\"inLanguage\":\"fr-FR\",\"@id\":\"https:\\\/\\\/www.bellunopress.it\\\/#\\\/schema\\\/logo\\\/image\\\/\",\"url\":\"https:\\\/\\\/www.bellunopress.it\\\/wp-content\\\/uploads\\\/2011\\\/05\\\/cropped-logo-bellunopress-.jpg\",\"contentUrl\":\"https:\\\/\\\/www.bellunopress.it\\\/wp-content\\\/uploads\\\/2011\\\/05\\\/cropped-logo-bellunopress-.jpg\",\"width\":512,\"height\":512,\"caption\":\"Bellunopress\"},\"image\":{\"@id\":\"https:\\\/\\\/www.bellunopress.it\\\/#\\\/schema\\\/logo\\\/image\\\/\"},\"sameAs\":[\"https:\\\/\\\/www.facebook.com\\\/profile.php?id=100008943462799\",\"https:\\\/\\\/x.com\\\/bellunopress\",\"https:\\\/\\\/www.linkedin.com\\\/hp\\\/?dnr=JBzUWaJfMUw8vbXJJ2tVW5-I3jZKvC4wsoxE&amp;amp;amp;amp;amp;amp;trk=nav_responsive_tab_home\",\"https:\\\/\\\/www.youtube.com\\\/channel\\\/UCxL0wu1uN0_3_7hGG0306cw\"]},{\"@type\":\"Person\",\"@id\":\"https:\\\/\\\/www.bellunopress.it\\\/#\\\/schema\\\/person\\\/79bb06722b37ece1c03d3e94beb30d73\",\"name\":\"redazione\",\"image\":{\"@type\":\"ImageObject\",\"inLanguage\":\"fr-FR\",\"@id\":\"https:\\\/\\\/secure.gravatar.com\\\/avatar\\\/37d968a2e67a6fd04c169c4bdef102d0bc5d31b2546345219e348575eb80e9a0?s=96&d=mm&r=g\",\"url\":\"https:\\\/\\\/secure.gravatar.com\\\/avatar\\\/37d968a2e67a6fd04c169c4bdef102d0bc5d31b2546345219e348575eb80e9a0?s=96&d=mm&r=g\",\"contentUrl\":\"https:\\\/\\\/secure.gravatar.com\\\/avatar\\\/37d968a2e67a6fd04c169c4bdef102d0bc5d31b2546345219e348575eb80e9a0?s=96&d=mm&r=g\",\"caption\":\"redazione\"},\"sameAs\":[\"http:\\\/\\\/www.bellunopress.it\",\"https:\\\/\\\/x.com\\\/bellunopress\"],\"url\":\"https:\\\/\\\/www.bellunopress.it\\\/fr\\\/author\\\/redazione\\\/\"}]}<\/script>\n<!-- \/ Yoast SEO plugin. -->","yoast_head_json":{"title":"Comincio dai 3 compie trent'anni. Daniela Nicosia: \"A tutti coloro che hanno viaggiato e viaggeranno ancora a lungo insieme a noi, un infinito grazie\" - Bellunopress - Dolomiti","robots":{"index":"index","follow":"follow","max-snippet":"max-snippet:-1","max-image-preview":"max-image-preview:large","max-video-preview":"max-video-preview:-1"},"canonical":"https:\/\/www.bellunopress.it\/fr\/2022\/09\/21\/comincio-dai-3-compie-trentanni-daniela-nicosia-a-tutti-coloro-che-hanno-viaggiato-e-viaggeranno-ancora-a-lungo-insieme-a-noi-un-infinito-grazie\/","og_locale":"fr_FR","og_type":"article","og_title":"Comincio dai 3 compie trent'anni. Daniela Nicosia: \"A tutti coloro che hanno viaggiato e viaggeranno ancora a lungo insieme a noi, un infinito grazie\" - Bellunopress - Dolomiti","og_description":"Comincio dai 3, il progetto di educazione teatrale per le famiglie, le scuole dell&#8217;infanzia, e le scuole secondarie di primo e secondo grado ideato da Daniela Nicosia compie trent&#8217;anni. Cita il Premio Nobel\u00a0 Jos\u00e8 Saramago, Daniela Nicosia per ricordare il trentennale. &#8220;Il viaggio non finisce mai. Bisogna ritornare sui passi gi\u00e0 dati, per ripeterli, e [&hellip;]","og_url":"https:\/\/www.bellunopress.it\/fr\/2022\/09\/21\/comincio-dai-3-compie-trentanni-daniela-nicosia-a-tutti-coloro-che-hanno-viaggiato-e-viaggeranno-ancora-a-lungo-insieme-a-noi-un-infinito-grazie\/","og_site_name":"Bellunopress - Dolomiti","article_publisher":"https:\/\/www.facebook.com\/profile.php?id=100008943462799","article_published_time":"2022-09-21T15:31:19+00:00","og_image":[{"width":1000,"height":800,"url":"https:\/\/www.bellunopress.it\/wp-content\/uploads\/2022\/01\/Daniela-Nicosia_edited.jpg","type":"image\/jpeg"}],"author":"redazione","twitter_card":"summary_large_image","twitter_creator":"@bellunopress","twitter_site":"@bellunopress","twitter_misc":{"\u00c9crit par":"redazione","Dur\u00e9e de lecture estim\u00e9e":"6 minutes"},"schema":{"@context":"https:\/\/schema.org","@graph":[{"@type":"Article","@id":"https:\/\/www.bellunopress.it\/2022\/09\/21\/comincio-dai-3-compie-trentanni-daniela-nicosia-a-tutti-coloro-che-hanno-viaggiato-e-viaggeranno-ancora-a-lungo-insieme-a-noi-un-infinito-grazie\/#article","isPartOf":{"@id":"https:\/\/www.bellunopress.it\/2022\/09\/21\/comincio-dai-3-compie-trentanni-daniela-nicosia-a-tutti-coloro-che-hanno-viaggiato-e-viaggeranno-ancora-a-lungo-insieme-a-noi-un-infinito-grazie\/"},"author":{"name":"redazione","@id":"https:\/\/www.bellunopress.it\/#\/schema\/person\/79bb06722b37ece1c03d3e94beb30d73"},"headline":"Comincio dai 3 compie trent&#8217;anni. Daniela Nicosia: &#8220;A tutti coloro che hanno viaggiato e viaggeranno ancora a lungo insieme a noi, un infinito grazie&#8221;","datePublished":"2022-09-21T15:31:19+00:00","mainEntityOfPage":{"@id":"https:\/\/www.bellunopress.it\/2022\/09\/21\/comincio-dai-3-compie-trentanni-daniela-nicosia-a-tutti-coloro-che-hanno-viaggiato-e-viaggeranno-ancora-a-lungo-insieme-a-noi-un-infinito-grazie\/"},"wordCount":934,"publisher":{"@id":"https:\/\/www.bellunopress.it\/#organization"},"image":{"@id":"https:\/\/www.bellunopress.it\/2022\/09\/21\/comincio-dai-3-compie-trentanni-daniela-nicosia-a-tutti-coloro-che-hanno-viaggiato-e-viaggeranno-ancora-a-lungo-insieme-a-noi-un-infinito-grazie\/#primaryimage"},"thumbnailUrl":"https:\/\/www.bellunopress.it\/wp-content\/uploads\/2022\/01\/Daniela-Nicosia_edited.jpg","articleSection":["Arte, Cultura, Spettacoli, Scienza","Prima Pagina"],"inLanguage":"fr-FR"},{"@type":"WebPage","@id":"https:\/\/www.bellunopress.it\/2022\/09\/21\/comincio-dai-3-compie-trentanni-daniela-nicosia-a-tutti-coloro-che-hanno-viaggiato-e-viaggeranno-ancora-a-lungo-insieme-a-noi-un-infinito-grazie\/","url":"https:\/\/www.bellunopress.it\/2022\/09\/21\/comincio-dai-3-compie-trentanni-daniela-nicosia-a-tutti-coloro-che-hanno-viaggiato-e-viaggeranno-ancora-a-lungo-insieme-a-noi-un-infinito-grazie\/","name":"Comincio dai 3 compie trent'anni. Daniela Nicosia: \"A tutti coloro che hanno viaggiato e viaggeranno ancora a lungo insieme a noi, un infinito grazie\" - Bellunopress - Dolomiti","isPartOf":{"@id":"https:\/\/www.bellunopress.it\/#website"},"primaryImageOfPage":{"@id":"https:\/\/www.bellunopress.it\/2022\/09\/21\/comincio-dai-3-compie-trentanni-daniela-nicosia-a-tutti-coloro-che-hanno-viaggiato-e-viaggeranno-ancora-a-lungo-insieme-a-noi-un-infinito-grazie\/#primaryimage"},"image":{"@id":"https:\/\/www.bellunopress.it\/2022\/09\/21\/comincio-dai-3-compie-trentanni-daniela-nicosia-a-tutti-coloro-che-hanno-viaggiato-e-viaggeranno-ancora-a-lungo-insieme-a-noi-un-infinito-grazie\/#primaryimage"},"thumbnailUrl":"https:\/\/www.bellunopress.it\/wp-content\/uploads\/2022\/01\/Daniela-Nicosia_edited.jpg","datePublished":"2022-09-21T15:31:19+00:00","breadcrumb":{"@id":"https:\/\/www.bellunopress.it\/2022\/09\/21\/comincio-dai-3-compie-trentanni-daniela-nicosia-a-tutti-coloro-che-hanno-viaggiato-e-viaggeranno-ancora-a-lungo-insieme-a-noi-un-infinito-grazie\/#breadcrumb"},"inLanguage":"fr-FR","potentialAction":[{"@type":"ReadAction","target":["https:\/\/www.bellunopress.it\/2022\/09\/21\/comincio-dai-3-compie-trentanni-daniela-nicosia-a-tutti-coloro-che-hanno-viaggiato-e-viaggeranno-ancora-a-lungo-insieme-a-noi-un-infinito-grazie\/"]}]},{"@type":"ImageObject","inLanguage":"fr-FR","@id":"https:\/\/www.bellunopress.it\/2022\/09\/21\/comincio-dai-3-compie-trentanni-daniela-nicosia-a-tutti-coloro-che-hanno-viaggiato-e-viaggeranno-ancora-a-lungo-insieme-a-noi-un-infinito-grazie\/#primaryimage","url":"https:\/\/www.bellunopress.it\/wp-content\/uploads\/2022\/01\/Daniela-Nicosia_edited.jpg","contentUrl":"https:\/\/www.bellunopress.it\/wp-content\/uploads\/2022\/01\/Daniela-Nicosia_edited.jpg","width":1000,"height":800,"caption":"Daniela Nicosia - Direttore artistico Tib Teatro"},{"@type":"BreadcrumbList","@id":"https:\/\/www.bellunopress.it\/2022\/09\/21\/comincio-dai-3-compie-trentanni-daniela-nicosia-a-tutti-coloro-che-hanno-viaggiato-e-viaggeranno-ancora-a-lungo-insieme-a-noi-un-infinito-grazie\/#breadcrumb","itemListElement":[{"@type":"ListItem","position":1,"name":"Home","item":"https:\/\/www.bellunopress.it\/"},{"@type":"ListItem","position":2,"name":"Comincio dai 3 compie trent&#8217;anni. Daniela Nicosia: &#8220;A tutti coloro che hanno viaggiato e viaggeranno ancora a lungo insieme a noi, un infinito grazie&#8221;"}]},{"@type":"WebSite","@id":"https:\/\/www.bellunopress.it\/#website","url":"https:\/\/www.bellunopress.it\/","name":"Bellunopress - Dolomiti","description":"e-mail: redazione@bellunopress.it","publisher":{"@id":"https:\/\/www.bellunopress.it\/#organization"},"potentialAction":[{"@type":"SearchAction","target":{"@type":"EntryPoint","urlTemplate":"https:\/\/www.bellunopress.it\/?s={search_term_string}"},"query-input":{"@type":"PropertyValueSpecification","valueRequired":true,"valueName":"search_term_string"}}],"inLanguage":"fr-FR"},{"@type":"Organization","@id":"https:\/\/www.bellunopress.it\/#organization","name":"Bellunopress","url":"https:\/\/www.bellunopress.it\/","logo":{"@type":"ImageObject","inLanguage":"fr-FR","@id":"https:\/\/www.bellunopress.it\/#\/schema\/logo\/image\/","url":"https:\/\/www.bellunopress.it\/wp-content\/uploads\/2011\/05\/cropped-logo-bellunopress-.jpg","contentUrl":"https:\/\/www.bellunopress.it\/wp-content\/uploads\/2011\/05\/cropped-logo-bellunopress-.jpg","width":512,"height":512,"caption":"Bellunopress"},"image":{"@id":"https:\/\/www.bellunopress.it\/#\/schema\/logo\/image\/"},"sameAs":["https:\/\/www.facebook.com\/profile.php?id=100008943462799","https:\/\/x.com\/bellunopress","https:\/\/www.linkedin.com\/hp\/?dnr=JBzUWaJfMUw8vbXJJ2tVW5-I3jZKvC4wsoxE&amp;amp;amp;amp;amp;amp;trk=nav_responsive_tab_home","https:\/\/www.youtube.com\/channel\/UCxL0wu1uN0_3_7hGG0306cw"]},{"@type":"Person","@id":"https:\/\/www.bellunopress.it\/#\/schema\/person\/79bb06722b37ece1c03d3e94beb30d73","name":"r\u00e9daction","image":{"@type":"ImageObject","inLanguage":"fr-FR","@id":"https:\/\/secure.gravatar.com\/avatar\/37d968a2e67a6fd04c169c4bdef102d0bc5d31b2546345219e348575eb80e9a0?s=96&d=mm&r=g","url":"https:\/\/secure.gravatar.com\/avatar\/37d968a2e67a6fd04c169c4bdef102d0bc5d31b2546345219e348575eb80e9a0?s=96&d=mm&r=g","contentUrl":"https:\/\/secure.gravatar.com\/avatar\/37d968a2e67a6fd04c169c4bdef102d0bc5d31b2546345219e348575eb80e9a0?s=96&d=mm&r=g","caption":"redazione"},"sameAs":["http:\/\/www.bellunopress.it","https:\/\/x.com\/bellunopress"],"url":"https:\/\/www.bellunopress.it\/fr\/author\/redazione\/"}]}},"_links":{"self":[{"href":"https:\/\/www.bellunopress.it\/fr\/wp-json\/wp\/v2\/posts\/136543","targetHints":{"allow":["GET"]}}],"collection":[{"href":"https:\/\/www.bellunopress.it\/fr\/wp-json\/wp\/v2\/posts"}],"about":[{"href":"https:\/\/www.bellunopress.it\/fr\/wp-json\/wp\/v2\/types\/post"}],"author":[{"embeddable":true,"href":"https:\/\/www.bellunopress.it\/fr\/wp-json\/wp\/v2\/users\/2"}],"replies":[{"embeddable":true,"href":"https:\/\/www.bellunopress.it\/fr\/wp-json\/wp\/v2\/comments?post=136543"}],"version-history":[{"count":1,"href":"https:\/\/www.bellunopress.it\/fr\/wp-json\/wp\/v2\/posts\/136543\/revisions"}],"predecessor-version":[{"id":136544,"href":"https:\/\/www.bellunopress.it\/fr\/wp-json\/wp\/v2\/posts\/136543\/revisions\/136544"}],"wp:featuredmedia":[{"embeddable":true,"href":"https:\/\/www.bellunopress.it\/fr\/wp-json\/wp\/v2\/media\/130491"}],"wp:attachment":[{"href":"https:\/\/www.bellunopress.it\/fr\/wp-json\/wp\/v2\/media?parent=136543"}],"wp:term":[{"taxonomy":"category","embeddable":true,"href":"https:\/\/www.bellunopress.it\/fr\/wp-json\/wp\/v2\/categories?post=136543"},{"taxonomy":"post_tag","embeddable":true,"href":"https:\/\/www.bellunopress.it\/fr\/wp-json\/wp\/v2\/tags?post=136543"}],"curies":[{"name":"wp","href":"https:\/\/api.w.org\/{rel}","templated":true}]}}