{"id":136540,"date":"2022-09-21T16:46:45","date_gmt":"2022-09-21T14:46:45","guid":{"rendered":"https:\/\/www.bellunopress.it\/?p=136540"},"modified":"2022-09-21T16:46:45","modified_gmt":"2022-09-21T14:46:45","slug":"autunno-con-il-mese-del-libro-alpago-sei-appuntamenti-dal-30-settembre-al-29-ottobre","status":"publish","type":"post","link":"https:\/\/www.bellunopress.it\/fr\/2022\/09\/21\/autunno-con-il-mese-del-libro-alpago-sei-appuntamenti-dal-30-settembre-al-29-ottobre\/","title":{"rendered":"Autunno con il Mese del Libro Alpago. Sei appuntamenti dal 30 settembre al 29 ottobre"},"content":{"rendered":"<figure id=\"attachment_136541\" aria-describedby=\"caption-attachment-136541\" style=\"width: 1000px\" class=\"wp-caption alignleft\"><img loading=\"lazy\" decoding=\"async\" class=\"size-full wp-image-136541\" src=\"https:\/\/www.bellunopress.it\/wp-content\/uploads\/2022\/09\/Mese-del-libro-Alpago_edited.jpg\" alt=\"\" width=\"1000\" height=\"597\" srcset=\"https:\/\/www.bellunopress.it\/wp-content\/uploads\/2022\/09\/Mese-del-libro-Alpago_edited.jpg 1000w, https:\/\/www.bellunopress.it\/wp-content\/uploads\/2022\/09\/Mese-del-libro-Alpago_edited-500x299.jpg 500w, https:\/\/www.bellunopress.it\/wp-content\/uploads\/2022\/09\/Mese-del-libro-Alpago_edited-696x416.jpg 696w, https:\/\/www.bellunopress.it\/wp-content\/uploads\/2022\/09\/Mese-del-libro-Alpago_edited-704x420.jpg 704w\" sizes=\"auto, (max-width: 1000px) 100vw, 1000px\" \/><figcaption id=\"caption-attachment-136541\" class=\"wp-caption-text\">Presentazione della manifestazione a Palazzo Piloni sede della Provincia<\/figcaption><\/figure>\n<p>Dopo lo stop di un anno dovuto alla pandemia, tornano gli appuntamenti culturali del Mese del Libro Alpago, la rassegna di libri, cultura e spettacolo, giunta alla sua 11ma edizione. Dopo l\u2019anteprima, svoltasi a Pieve in giugno con il convegno internazionale sull\u2019Arte delle situle funerarie, il Mese del Libro Alpago propone, dal 30 settembre al 29 ottobre, sei appuntamenti con la letteratura, il teatro, il giornalismo di guerra e la ricerca storica locale.<br \/>\nOspite dello spazio dedicato dalla rassegna ai personaggi che hanno fatto della loro passione uno stile di vita, sar\u00e0 lo chef del ristorante Tivoli a Cortina, Graziano Prest, che racconter\u00e0 il suo percorso e la sua fortunata carriera gastronomica e imprenditoriale nella prima serata, in programma venerd\u00ec 30 settembre al teatro Casa della giovent\u00f9 a Puos (alle 20.30).<\/p>\n<p>La consueta attivit\u00e0 in collaborazione con l\u2019Istituto scolastico comprensivo dell\u2019Alpago prevede quest\u2019anno l\u2019allestimento negli spazi comunali di una mostra fotografica inerente i ritrovamenti archeologici di Pian de la Gnela a Plois, tema che caratterizzer\u00e0 l\u2019incontro degli studenti (sabato 29 ottobre all\u2019ex istituto professionale a Puos) con l\u2019archeologo Eugenio Padovan, presidente dell\u2019associazione Amici del Museo di Pieve. L\u2019incontro sar\u00e0 il finale di una rassegna che ha iniziato e si concluder\u00e0 sotto il segno dell\u2019archeologia come arte maieutica, in grado di partorire e ridare vita a mondi sepolti che possono aiutare a comprendere meglio anche il presente.<\/p>\n<p>E di radici familiari e di esistenze dannate e senza tempo ci parleranno gli ultimi due romanzi di Ginevra Lamberti (\u201cTutti dormono nella valle\u201d &#8211; Marsilio 2022) e di Chiara Valerio (\u201cCos\u00ec per sempre\u201d &#8211; Einaudi 2022), in programma domenica 9 ottobre in sala \u201cPlacido Fabris\u201d a Pieve (alle 20.30). Un inconsueto duetto tra autrici (collaboratrici e amiche), che si annuncia come una piccola pi\u00e8ce letteraria all\u2019insegna di due titoli importanti dell\u2019attuale panorama letterario.<\/p>\n<p>Inaugurata in questa edizione anche la collaborazione con la rassegna culturale \u201cOltre le Vette\u201d, che porter\u00e0 al Teatro comunale di Belluno (sabato 15 ottobre alle 20.45) la commedia brillante \u201cCome si fanno le cose\u201d, con Marco De Martin Modolado e Luigi Budel, per la regia di Cristina Gianni. Ispirato all\u2019omonimo libro di Antonio G. Bortoluzzi, lo spettacolo racconta la storia di due amici, dei loro fallimenti, dei loro sogni, di una rapina e del lavoro in fabbrica e di come la vita pu\u00f2 cambiare anche senza diventare ricchi.<\/p>\n<p>Sono passati trent\u2019anni dal conflitto nell\u2019ex-Jugoslavia e ora la guerra si \u00e8 di nuovo riaffacciata in Europa. Il giornalista, inviato di guerra, Toni Capuozzo, ripercorre la sua esperienza nel libro intitolato \u201cBalcania-1992-2022 Ritorno all\u2019inferno\u201d (Edizioni Biblioteca dell\u2019Immagine 2022). L\u2019autore lo presenter\u00e0 venerd\u00ec 21 ottobre nella palestra comunale di Farra (alle 20.30). Inevitabili i parallelismi con l\u2019attualit\u00e0 attraverso la visione acuta e disincantata di un giornalista portatore di fatti e opinioni che animano il dibattito su un tema, quello della guerra in Europa, ritornato purtroppo prepotentemente alla ribalta e che ci tocca molto da vicino.<\/p>\n<p>I registri parrocchiali come strumento di ricerca storica su vita, morte e miracoli degli abitanti di un luogo. Gianantonio e la figlia Elena Da Re presentano, sabato 29 ottobre in sala parrocchiale a Farra, i risultati dell\u2019ultima parte della loro ricerca, quella dedicata ai registri parrocchiali della chiesa di Farra d\u2019Alpago dal 1600 al 1918. Quest\u2019ultima fase di una lunga e impegnativa ricerca che coinvolge tutto l\u2019Alpago potrebbe presto venire inserita insieme alle altre in una nuova edizione del libro \u201cStoria Pagota\u201d (DBS Edizioni 2019).<\/p>\n<p>Curatore della manifestazione: Ezio Franceschini, giornalista; organizzazione: Comune di Alpago.<\/p>\n<p><strong>Programma della manifestazione<\/strong><\/p>\n<p>Venerd\u00ec 30 settembre &#8211; La passione della mia vita: dai ricordi di giovent\u00f9 ai trionfi dell\u2019alta cucina, lo chef stellato Graziano Prest si racconta<br \/>\nOre 20.30 alla Casa della giovent\u00f9 a Puos d\u2019Alpago<\/p>\n<p>Domenica 9 ottobre \u2013 Serata best-seller: \u201cCos\u00ec per sempre\u201d (Einaudi 2022) e \u201cTutti dormono nella valle\u201d (Marsilio 2022). Le scrittrici Chiara Valerio e Ginevra Lamberti presentano insieme il loro ultimo romanzo<br \/>\nOre 20.30 in sala \u201cPlacido Fabris\u201d a Pieve d\u2019Alpago<\/p>\n<p>Sabato 15 ottobre &#8211; Spettacolo teatrale \u201cCome si fanno le cose\u201d, con Marco De Martin Modolado e Luigi Budel. Tratto da un romanzo di Antonio G. Bortoluzzi. Regia di Cristina Gianni. In collaborazione con la rassegna culturale \u201cOltre le Vette\u201d.<br \/>\nOre 20.45 al Teatro Comunale a Belluno<\/p>\n<p>Venerd\u00ec 21 ottobre &#8211; Incontro con il giornalista Toni Capuozzo, corrispondente di guerra e opinionista. Presentazione del libro \u201cBalcania\u201d (Biblioteca dell\u2019Immagine 2022)<br \/>\nOre 20.30 in palestra comunale a Farra d\u2019Alpago<\/p>\n<p>Sabato 29 ottobre &#8211; La storia di un paese e dei suoi abitanti: Da Re e i registri parrocchiali di Farra d\u2019Alpago dal 1600 al 1918. Con Gianclaudio ed Elena Da Re<br \/>\nOre 20.30 in sala parrocchiale a Farra d\u2019Alpago<\/p>\n<p><strong>MESE DEL LIBRO SCUOLA<\/strong><\/p>\n<p>Sabato 29 ottobre &#8211; Incontro con l\u2019archeologia dell\u2019Alpago &#8211; I reperti archeologici di Pian de la Gnela (illustrati in una mostra fotografica) spiegati agli studenti dell\u2019Istituto Comprensivo. Con Eugenio Padovan, in collaborazione con le scuole dell\u2019Alpago e l\u2019associazione Amici del Museo di Pieve.<br \/>\nOre 10 all\u2019ex-Istituto professionale a Puos<\/p>\n<p>Info Mese del Libro Alpago: 3488298490<\/p>","protected":false},"excerpt":{"rendered":"<p>Dopo lo stop di un anno dovuto alla pandemia, tornano gli appuntamenti culturali del Mese del Libro Alpago, la rassegna di libri, cultura e spettacolo, giunta alla sua 11ma edizione. Dopo l\u2019anteprima, svoltasi a Pieve in giugno con il convegno internazionale sull\u2019Arte delle situle funerarie, il Mese del Libro Alpago propone, dal 30 settembre al [&hellip;]<\/p>\n","protected":false},"author":2,"featured_media":136541,"comment_status":"closed","ping_status":"open","sticky":false,"template":"","format":"standard","meta":{"footnotes":""},"categories":[27,3,25],"tags":[],"class_list":["post-136540","post","type-post","status-publish","format-standard","has-post-thumbnail","category-appuntamenti","category-arte-cultura-spettacoli-scienza-archivi","category-pausa-caffe"],"yoast_head":"<!-- This site is optimized with the Yoast SEO plugin v28.4 - https:\/\/yoast.com\/product\/yoast-seo-wordpress\/ -->\n<title>Autunno con il Mese del Libro Alpago. Sei appuntamenti dal 30 settembre al 29 ottobre - Bellunopress - Dolomiti<\/title>\n<meta name=\"robots\" content=\"index, follow, max-snippet:-1, max-image-preview:large, max-video-preview:-1\" \/>\n<link rel=\"canonical\" href=\"https:\/\/www.bellunopress.it\/fr\/2022\/09\/21\/autunno-con-il-mese-del-libro-alpago-sei-appuntamenti-dal-30-settembre-al-29-ottobre\/\" \/>\n<meta property=\"og:locale\" content=\"fr_FR\" \/>\n<meta property=\"og:type\" content=\"article\" \/>\n<meta property=\"og:title\" content=\"Autunno con il Mese del Libro Alpago. Sei appuntamenti dal 30 settembre al 29 ottobre - Bellunopress - Dolomiti\" \/>\n<meta property=\"og:description\" content=\"Dopo lo stop di un anno dovuto alla pandemia, tornano gli appuntamenti culturali del Mese del Libro Alpago, la rassegna di libri, cultura e spettacolo, giunta alla sua 11ma edizione. Dopo l\u2019anteprima, svoltasi a Pieve in giugno con il convegno internazionale sull\u2019Arte delle situle funerarie, il Mese del Libro Alpago propone, dal 30 settembre al [&hellip;]\" \/>\n<meta property=\"og:url\" content=\"https:\/\/www.bellunopress.it\/fr\/2022\/09\/21\/autunno-con-il-mese-del-libro-alpago-sei-appuntamenti-dal-30-settembre-al-29-ottobre\/\" \/>\n<meta property=\"og:site_name\" content=\"Bellunopress - Dolomiti\" \/>\n<meta property=\"article:publisher\" content=\"https:\/\/www.facebook.com\/profile.php?id=100008943462799\" \/>\n<meta property=\"article:published_time\" content=\"2022-09-21T14:46:45+00:00\" \/>\n<meta property=\"og:image\" content=\"https:\/\/www.bellunopress.it\/wp-content\/uploads\/2022\/09\/Mese-del-libro-Alpago_edited.jpg\" \/>\n\t<meta property=\"og:image:width\" content=\"1000\" \/>\n\t<meta property=\"og:image:height\" content=\"597\" \/>\n\t<meta property=\"og:image:type\" content=\"image\/jpeg\" \/>\n<meta name=\"author\" content=\"redazione\" \/>\n<meta name=\"twitter:card\" content=\"summary_large_image\" \/>\n<meta name=\"twitter:creator\" content=\"@bellunopress\" \/>\n<meta name=\"twitter:site\" content=\"@bellunopress\" \/>\n<meta name=\"twitter:label1\" content=\"\u00c9crit par\" \/>\n\t<meta name=\"twitter:data1\" content=\"redazione\" \/>\n\t<meta name=\"twitter:label2\" content=\"Dur\u00e9e de lecture estim\u00e9e\" \/>\n\t<meta name=\"twitter:data2\" content=\"5 minutes\" \/>\n<script type=\"application\/ld+json\" class=\"yoast-schema-graph\">{\"@context\":\"https:\\\/\\\/schema.org\",\"@graph\":[{\"@type\":\"Article\",\"@id\":\"https:\\\/\\\/www.bellunopress.it\\\/2022\\\/09\\\/21\\\/autunno-con-il-mese-del-libro-alpago-sei-appuntamenti-dal-30-settembre-al-29-ottobre\\\/#article\",\"isPartOf\":{\"@id\":\"https:\\\/\\\/www.bellunopress.it\\\/2022\\\/09\\\/21\\\/autunno-con-il-mese-del-libro-alpago-sei-appuntamenti-dal-30-settembre-al-29-ottobre\\\/\"},\"author\":{\"name\":\"redazione\",\"@id\":\"https:\\\/\\\/www.bellunopress.it\\\/#\\\/schema\\\/person\\\/79bb06722b37ece1c03d3e94beb30d73\"},\"headline\":\"Autunno con il Mese del Libro Alpago. Sei appuntamenti dal 30 settembre al 29 ottobre\",\"datePublished\":\"2022-09-21T14:46:45+00:00\",\"mainEntityOfPage\":{\"@id\":\"https:\\\/\\\/www.bellunopress.it\\\/2022\\\/09\\\/21\\\/autunno-con-il-mese-del-libro-alpago-sei-appuntamenti-dal-30-settembre-al-29-ottobre\\\/\"},\"wordCount\":860,\"publisher\":{\"@id\":\"https:\\\/\\\/www.bellunopress.it\\\/#organization\"},\"image\":{\"@id\":\"https:\\\/\\\/www.bellunopress.it\\\/2022\\\/09\\\/21\\\/autunno-con-il-mese-del-libro-alpago-sei-appuntamenti-dal-30-settembre-al-29-ottobre\\\/#primaryimage\"},\"thumbnailUrl\":\"https:\\\/\\\/www.bellunopress.it\\\/wp-content\\\/uploads\\\/2022\\\/09\\\/Mese-del-libro-Alpago_edited.jpg\",\"articleSection\":[\"Appuntamenti, Eventi\",\"Arte, Cultura, Spettacoli, Scienza\",\"Pausa Caff\u00e8\"],\"inLanguage\":\"fr-FR\"},{\"@type\":\"WebPage\",\"@id\":\"https:\\\/\\\/www.bellunopress.it\\\/2022\\\/09\\\/21\\\/autunno-con-il-mese-del-libro-alpago-sei-appuntamenti-dal-30-settembre-al-29-ottobre\\\/\",\"url\":\"https:\\\/\\\/www.bellunopress.it\\\/2022\\\/09\\\/21\\\/autunno-con-il-mese-del-libro-alpago-sei-appuntamenti-dal-30-settembre-al-29-ottobre\\\/\",\"name\":\"Autunno con il Mese del Libro Alpago. Sei appuntamenti dal 30 settembre al 29 ottobre - Bellunopress - Dolomiti\",\"isPartOf\":{\"@id\":\"https:\\\/\\\/www.bellunopress.it\\\/#website\"},\"primaryImageOfPage\":{\"@id\":\"https:\\\/\\\/www.bellunopress.it\\\/2022\\\/09\\\/21\\\/autunno-con-il-mese-del-libro-alpago-sei-appuntamenti-dal-30-settembre-al-29-ottobre\\\/#primaryimage\"},\"image\":{\"@id\":\"https:\\\/\\\/www.bellunopress.it\\\/2022\\\/09\\\/21\\\/autunno-con-il-mese-del-libro-alpago-sei-appuntamenti-dal-30-settembre-al-29-ottobre\\\/#primaryimage\"},\"thumbnailUrl\":\"https:\\\/\\\/www.bellunopress.it\\\/wp-content\\\/uploads\\\/2022\\\/09\\\/Mese-del-libro-Alpago_edited.jpg\",\"datePublished\":\"2022-09-21T14:46:45+00:00\",\"breadcrumb\":{\"@id\":\"https:\\\/\\\/www.bellunopress.it\\\/2022\\\/09\\\/21\\\/autunno-con-il-mese-del-libro-alpago-sei-appuntamenti-dal-30-settembre-al-29-ottobre\\\/#breadcrumb\"},\"inLanguage\":\"fr-FR\",\"potentialAction\":[{\"@type\":\"ReadAction\",\"target\":[\"https:\\\/\\\/www.bellunopress.it\\\/2022\\\/09\\\/21\\\/autunno-con-il-mese-del-libro-alpago-sei-appuntamenti-dal-30-settembre-al-29-ottobre\\\/\"]}]},{\"@type\":\"ImageObject\",\"inLanguage\":\"fr-FR\",\"@id\":\"https:\\\/\\\/www.bellunopress.it\\\/2022\\\/09\\\/21\\\/autunno-con-il-mese-del-libro-alpago-sei-appuntamenti-dal-30-settembre-al-29-ottobre\\\/#primaryimage\",\"url\":\"https:\\\/\\\/www.bellunopress.it\\\/wp-content\\\/uploads\\\/2022\\\/09\\\/Mese-del-libro-Alpago_edited.jpg\",\"contentUrl\":\"https:\\\/\\\/www.bellunopress.it\\\/wp-content\\\/uploads\\\/2022\\\/09\\\/Mese-del-libro-Alpago_edited.jpg\",\"width\":1000,\"height\":597,\"caption\":\"Presentazione della manifestazione a Palazzo Piloni sede della Provincia\"},{\"@type\":\"BreadcrumbList\",\"@id\":\"https:\\\/\\\/www.bellunopress.it\\\/2022\\\/09\\\/21\\\/autunno-con-il-mese-del-libro-alpago-sei-appuntamenti-dal-30-settembre-al-29-ottobre\\\/#breadcrumb\",\"itemListElement\":[{\"@type\":\"ListItem\",\"position\":1,\"name\":\"Home\",\"item\":\"https:\\\/\\\/www.bellunopress.it\\\/\"},{\"@type\":\"ListItem\",\"position\":2,\"name\":\"Autunno con il Mese del Libro Alpago. Sei appuntamenti dal 30 settembre al 29 ottobre\"}]},{\"@type\":\"WebSite\",\"@id\":\"https:\\\/\\\/www.bellunopress.it\\\/#website\",\"url\":\"https:\\\/\\\/www.bellunopress.it\\\/\",\"name\":\"Bellunopress - Dolomiti\",\"description\":\"e-mail: redazione@bellunopress.it\",\"publisher\":{\"@id\":\"https:\\\/\\\/www.bellunopress.it\\\/#organization\"},\"potentialAction\":[{\"@type\":\"SearchAction\",\"target\":{\"@type\":\"EntryPoint\",\"urlTemplate\":\"https:\\\/\\\/www.bellunopress.it\\\/?s={search_term_string}\"},\"query-input\":{\"@type\":\"PropertyValueSpecification\",\"valueRequired\":true,\"valueName\":\"search_term_string\"}}],\"inLanguage\":\"fr-FR\"},{\"@type\":\"Organization\",\"@id\":\"https:\\\/\\\/www.bellunopress.it\\\/#organization\",\"name\":\"Bellunopress\",\"url\":\"https:\\\/\\\/www.bellunopress.it\\\/\",\"logo\":{\"@type\":\"ImageObject\",\"inLanguage\":\"fr-FR\",\"@id\":\"https:\\\/\\\/www.bellunopress.it\\\/#\\\/schema\\\/logo\\\/image\\\/\",\"url\":\"https:\\\/\\\/www.bellunopress.it\\\/wp-content\\\/uploads\\\/2011\\\/05\\\/cropped-logo-bellunopress-.jpg\",\"contentUrl\":\"https:\\\/\\\/www.bellunopress.it\\\/wp-content\\\/uploads\\\/2011\\\/05\\\/cropped-logo-bellunopress-.jpg\",\"width\":512,\"height\":512,\"caption\":\"Bellunopress\"},\"image\":{\"@id\":\"https:\\\/\\\/www.bellunopress.it\\\/#\\\/schema\\\/logo\\\/image\\\/\"},\"sameAs\":[\"https:\\\/\\\/www.facebook.com\\\/profile.php?id=100008943462799\",\"https:\\\/\\\/x.com\\\/bellunopress\",\"https:\\\/\\\/www.linkedin.com\\\/hp\\\/?dnr=JBzUWaJfMUw8vbXJJ2tVW5-I3jZKvC4wsoxE&amp;amp;amp;amp;amp;amp;trk=nav_responsive_tab_home\",\"https:\\\/\\\/www.youtube.com\\\/channel\\\/UCxL0wu1uN0_3_7hGG0306cw\"]},{\"@type\":\"Person\",\"@id\":\"https:\\\/\\\/www.bellunopress.it\\\/#\\\/schema\\\/person\\\/79bb06722b37ece1c03d3e94beb30d73\",\"name\":\"redazione\",\"image\":{\"@type\":\"ImageObject\",\"inLanguage\":\"fr-FR\",\"@id\":\"https:\\\/\\\/secure.gravatar.com\\\/avatar\\\/37d968a2e67a6fd04c169c4bdef102d0bc5d31b2546345219e348575eb80e9a0?s=96&d=mm&r=g\",\"url\":\"https:\\\/\\\/secure.gravatar.com\\\/avatar\\\/37d968a2e67a6fd04c169c4bdef102d0bc5d31b2546345219e348575eb80e9a0?s=96&d=mm&r=g\",\"contentUrl\":\"https:\\\/\\\/secure.gravatar.com\\\/avatar\\\/37d968a2e67a6fd04c169c4bdef102d0bc5d31b2546345219e348575eb80e9a0?s=96&d=mm&r=g\",\"caption\":\"redazione\"},\"sameAs\":[\"http:\\\/\\\/www.bellunopress.it\",\"https:\\\/\\\/x.com\\\/bellunopress\"],\"url\":\"https:\\\/\\\/www.bellunopress.it\\\/fr\\\/author\\\/redazione\\\/\"}]}<\/script>\n<!-- \/ Yoast SEO plugin. -->","yoast_head_json":{"title":"Autunno con il Mese del Libro Alpago. Sei appuntamenti dal 30 settembre al 29 ottobre - Bellunopress - Dolomiti","robots":{"index":"index","follow":"follow","max-snippet":"max-snippet:-1","max-image-preview":"max-image-preview:large","max-video-preview":"max-video-preview:-1"},"canonical":"https:\/\/www.bellunopress.it\/fr\/2022\/09\/21\/autunno-con-il-mese-del-libro-alpago-sei-appuntamenti-dal-30-settembre-al-29-ottobre\/","og_locale":"fr_FR","og_type":"article","og_title":"Autunno con il Mese del Libro Alpago. Sei appuntamenti dal 30 settembre al 29 ottobre - Bellunopress - Dolomiti","og_description":"Dopo lo stop di un anno dovuto alla pandemia, tornano gli appuntamenti culturali del Mese del Libro Alpago, la rassegna di libri, cultura e spettacolo, giunta alla sua 11ma edizione. Dopo l\u2019anteprima, svoltasi a Pieve in giugno con il convegno internazionale sull\u2019Arte delle situle funerarie, il Mese del Libro Alpago propone, dal 30 settembre al [&hellip;]","og_url":"https:\/\/www.bellunopress.it\/fr\/2022\/09\/21\/autunno-con-il-mese-del-libro-alpago-sei-appuntamenti-dal-30-settembre-al-29-ottobre\/","og_site_name":"Bellunopress - Dolomiti","article_publisher":"https:\/\/www.facebook.com\/profile.php?id=100008943462799","article_published_time":"2022-09-21T14:46:45+00:00","og_image":[{"width":1000,"height":597,"url":"https:\/\/www.bellunopress.it\/wp-content\/uploads\/2022\/09\/Mese-del-libro-Alpago_edited.jpg","type":"image\/jpeg"}],"author":"redazione","twitter_card":"summary_large_image","twitter_creator":"@bellunopress","twitter_site":"@bellunopress","twitter_misc":{"\u00c9crit par":"redazione","Dur\u00e9e de lecture estim\u00e9e":"5 minutes"},"schema":{"@context":"https:\/\/schema.org","@graph":[{"@type":"Article","@id":"https:\/\/www.bellunopress.it\/2022\/09\/21\/autunno-con-il-mese-del-libro-alpago-sei-appuntamenti-dal-30-settembre-al-29-ottobre\/#article","isPartOf":{"@id":"https:\/\/www.bellunopress.it\/2022\/09\/21\/autunno-con-il-mese-del-libro-alpago-sei-appuntamenti-dal-30-settembre-al-29-ottobre\/"},"author":{"name":"redazione","@id":"https:\/\/www.bellunopress.it\/#\/schema\/person\/79bb06722b37ece1c03d3e94beb30d73"},"headline":"Autunno con il Mese del Libro Alpago. Sei appuntamenti dal 30 settembre al 29 ottobre","datePublished":"2022-09-21T14:46:45+00:00","mainEntityOfPage":{"@id":"https:\/\/www.bellunopress.it\/2022\/09\/21\/autunno-con-il-mese-del-libro-alpago-sei-appuntamenti-dal-30-settembre-al-29-ottobre\/"},"wordCount":860,"publisher":{"@id":"https:\/\/www.bellunopress.it\/#organization"},"image":{"@id":"https:\/\/www.bellunopress.it\/2022\/09\/21\/autunno-con-il-mese-del-libro-alpago-sei-appuntamenti-dal-30-settembre-al-29-ottobre\/#primaryimage"},"thumbnailUrl":"https:\/\/www.bellunopress.it\/wp-content\/uploads\/2022\/09\/Mese-del-libro-Alpago_edited.jpg","articleSection":["Appuntamenti, Eventi","Arte, Cultura, Spettacoli, Scienza","Pausa Caff\u00e8"],"inLanguage":"fr-FR"},{"@type":"WebPage","@id":"https:\/\/www.bellunopress.it\/2022\/09\/21\/autunno-con-il-mese-del-libro-alpago-sei-appuntamenti-dal-30-settembre-al-29-ottobre\/","url":"https:\/\/www.bellunopress.it\/2022\/09\/21\/autunno-con-il-mese-del-libro-alpago-sei-appuntamenti-dal-30-settembre-al-29-ottobre\/","name":"Autunno con il Mese del Libro Alpago. Sei appuntamenti dal 30 settembre al 29 ottobre - Bellunopress - Dolomiti","isPartOf":{"@id":"https:\/\/www.bellunopress.it\/#website"},"primaryImageOfPage":{"@id":"https:\/\/www.bellunopress.it\/2022\/09\/21\/autunno-con-il-mese-del-libro-alpago-sei-appuntamenti-dal-30-settembre-al-29-ottobre\/#primaryimage"},"image":{"@id":"https:\/\/www.bellunopress.it\/2022\/09\/21\/autunno-con-il-mese-del-libro-alpago-sei-appuntamenti-dal-30-settembre-al-29-ottobre\/#primaryimage"},"thumbnailUrl":"https:\/\/www.bellunopress.it\/wp-content\/uploads\/2022\/09\/Mese-del-libro-Alpago_edited.jpg","datePublished":"2022-09-21T14:46:45+00:00","breadcrumb":{"@id":"https:\/\/www.bellunopress.it\/2022\/09\/21\/autunno-con-il-mese-del-libro-alpago-sei-appuntamenti-dal-30-settembre-al-29-ottobre\/#breadcrumb"},"inLanguage":"fr-FR","potentialAction":[{"@type":"ReadAction","target":["https:\/\/www.bellunopress.it\/2022\/09\/21\/autunno-con-il-mese-del-libro-alpago-sei-appuntamenti-dal-30-settembre-al-29-ottobre\/"]}]},{"@type":"ImageObject","inLanguage":"fr-FR","@id":"https:\/\/www.bellunopress.it\/2022\/09\/21\/autunno-con-il-mese-del-libro-alpago-sei-appuntamenti-dal-30-settembre-al-29-ottobre\/#primaryimage","url":"https:\/\/www.bellunopress.it\/wp-content\/uploads\/2022\/09\/Mese-del-libro-Alpago_edited.jpg","contentUrl":"https:\/\/www.bellunopress.it\/wp-content\/uploads\/2022\/09\/Mese-del-libro-Alpago_edited.jpg","width":1000,"height":597,"caption":"Presentazione della manifestazione a Palazzo Piloni sede della Provincia"},{"@type":"BreadcrumbList","@id":"https:\/\/www.bellunopress.it\/2022\/09\/21\/autunno-con-il-mese-del-libro-alpago-sei-appuntamenti-dal-30-settembre-al-29-ottobre\/#breadcrumb","itemListElement":[{"@type":"ListItem","position":1,"name":"Home","item":"https:\/\/www.bellunopress.it\/"},{"@type":"ListItem","position":2,"name":"Autunno con il Mese del Libro Alpago. Sei appuntamenti dal 30 settembre al 29 ottobre"}]},{"@type":"WebSite","@id":"https:\/\/www.bellunopress.it\/#website","url":"https:\/\/www.bellunopress.it\/","name":"Bellunopress - Dolomiti","description":"e-mail: redazione@bellunopress.it","publisher":{"@id":"https:\/\/www.bellunopress.it\/#organization"},"potentialAction":[{"@type":"SearchAction","target":{"@type":"EntryPoint","urlTemplate":"https:\/\/www.bellunopress.it\/?s={search_term_string}"},"query-input":{"@type":"PropertyValueSpecification","valueRequired":true,"valueName":"search_term_string"}}],"inLanguage":"fr-FR"},{"@type":"Organization","@id":"https:\/\/www.bellunopress.it\/#organization","name":"Bellunopress","url":"https:\/\/www.bellunopress.it\/","logo":{"@type":"ImageObject","inLanguage":"fr-FR","@id":"https:\/\/www.bellunopress.it\/#\/schema\/logo\/image\/","url":"https:\/\/www.bellunopress.it\/wp-content\/uploads\/2011\/05\/cropped-logo-bellunopress-.jpg","contentUrl":"https:\/\/www.bellunopress.it\/wp-content\/uploads\/2011\/05\/cropped-logo-bellunopress-.jpg","width":512,"height":512,"caption":"Bellunopress"},"image":{"@id":"https:\/\/www.bellunopress.it\/#\/schema\/logo\/image\/"},"sameAs":["https:\/\/www.facebook.com\/profile.php?id=100008943462799","https:\/\/x.com\/bellunopress","https:\/\/www.linkedin.com\/hp\/?dnr=JBzUWaJfMUw8vbXJJ2tVW5-I3jZKvC4wsoxE&amp;amp;amp;amp;amp;amp;trk=nav_responsive_tab_home","https:\/\/www.youtube.com\/channel\/UCxL0wu1uN0_3_7hGG0306cw"]},{"@type":"Person","@id":"https:\/\/www.bellunopress.it\/#\/schema\/person\/79bb06722b37ece1c03d3e94beb30d73","name":"r\u00e9daction","image":{"@type":"ImageObject","inLanguage":"fr-FR","@id":"https:\/\/secure.gravatar.com\/avatar\/37d968a2e67a6fd04c169c4bdef102d0bc5d31b2546345219e348575eb80e9a0?s=96&d=mm&r=g","url":"https:\/\/secure.gravatar.com\/avatar\/37d968a2e67a6fd04c169c4bdef102d0bc5d31b2546345219e348575eb80e9a0?s=96&d=mm&r=g","contentUrl":"https:\/\/secure.gravatar.com\/avatar\/37d968a2e67a6fd04c169c4bdef102d0bc5d31b2546345219e348575eb80e9a0?s=96&d=mm&r=g","caption":"redazione"},"sameAs":["http:\/\/www.bellunopress.it","https:\/\/x.com\/bellunopress"],"url":"https:\/\/www.bellunopress.it\/fr\/author\/redazione\/"}]}},"_links":{"self":[{"href":"https:\/\/www.bellunopress.it\/fr\/wp-json\/wp\/v2\/posts\/136540","targetHints":{"allow":["GET"]}}],"collection":[{"href":"https:\/\/www.bellunopress.it\/fr\/wp-json\/wp\/v2\/posts"}],"about":[{"href":"https:\/\/www.bellunopress.it\/fr\/wp-json\/wp\/v2\/types\/post"}],"author":[{"embeddable":true,"href":"https:\/\/www.bellunopress.it\/fr\/wp-json\/wp\/v2\/users\/2"}],"replies":[{"embeddable":true,"href":"https:\/\/www.bellunopress.it\/fr\/wp-json\/wp\/v2\/comments?post=136540"}],"version-history":[{"count":1,"href":"https:\/\/www.bellunopress.it\/fr\/wp-json\/wp\/v2\/posts\/136540\/revisions"}],"predecessor-version":[{"id":136542,"href":"https:\/\/www.bellunopress.it\/fr\/wp-json\/wp\/v2\/posts\/136540\/revisions\/136542"}],"wp:featuredmedia":[{"embeddable":true,"href":"https:\/\/www.bellunopress.it\/fr\/wp-json\/wp\/v2\/media\/136541"}],"wp:attachment":[{"href":"https:\/\/www.bellunopress.it\/fr\/wp-json\/wp\/v2\/media?parent=136540"}],"wp:term":[{"taxonomy":"category","embeddable":true,"href":"https:\/\/www.bellunopress.it\/fr\/wp-json\/wp\/v2\/categories?post=136540"},{"taxonomy":"post_tag","embeddable":true,"href":"https:\/\/www.bellunopress.it\/fr\/wp-json\/wp\/v2\/tags?post=136540"}],"curies":[{"name":"wp","href":"https:\/\/api.w.org\/{rel}","templated":true}]}}