{"id":136537,"date":"2022-09-21T08:51:14","date_gmt":"2022-09-21T06:51:14","guid":{"rendered":"https:\/\/www.bellunopress.it\/?p=136537"},"modified":"2022-09-21T08:51:14","modified_gmt":"2022-09-21T06:51:14","slug":"quarantennale-del-soroptimist-international-club-belluno-feltre-mostra-omaggio-a-dino-buzzati-dellartista-lussemburghese-bettina-scholl-sabbatini","status":"publish","type":"post","link":"https:\/\/www.bellunopress.it\/fr\/2022\/09\/21\/quarantennale-del-soroptimist-international-club-belluno-feltre-mostra-omaggio-a-dino-buzzati-dellartista-lussemburghese-bettina-scholl-sabbatini\/","title":{"rendered":"Quarantennale del Soroptimist International Club Belluno-Feltre. Mostra omaggio a Dino Buzzati dell&#8217;artista lussemburghese Bettina Scholl-Sabbatini"},"content":{"rendered":"<p><img loading=\"lazy\" decoding=\"async\" class=\"alignleft size-full wp-image-132558\" src=\"https:\/\/www.bellunopress.it\/wp-content\/uploads\/2022\/04\/soroptimist-international.jpg\" alt=\"\" width=\"250\" height=\"250\" \/>Il Soroptimist International Club Belluno-Feltre celebra il quarantesimo della sua fondazione in modo inconsueto. Solitamente per anniversari di questo tipo si tengono convegni, incontri, concerti, ma in questa occasione le soroptimiste bellunesi hanno fatto<br \/>\nuna scelta originale: una mostra della scultrice italo lussemburghese Bettina Scholl-Sabbatini curata da Maria Luisa Caldognetto. Le opere sono state esposte in molte citt\u00e0 europee e non solo.<\/p>\n<p>Ispirandosi all\u2019opera di Dino Buzzati, Poema a fumetti, e ricordando il cinquantesimo della morte dello scrittore, l\u2019artista lussemburghese ha trasmesso nelle forme e nei colori del metallo le immagini simboliche delle melusine, le ninfe buzzatiane dei boschi. Cos\u00ec la sensibilit\u00e0 della scultrice ha trasferito nella sua opera il movimento lieve e la fantasia cromatica di farfalle in volo, quasi esseri di un ideale mondo onirico.<\/p>\n<p>&nbsp;<\/p>\n<figure id=\"attachment_136538\" aria-describedby=\"caption-attachment-136538\" style=\"width: 500px\" class=\"wp-caption alignleft\"><img loading=\"lazy\" decoding=\"async\" class=\"size-full wp-image-136538\" src=\"https:\/\/www.bellunopress.it\/wp-content\/uploads\/2022\/09\/Seminario-gregoriano-Belluno-.jpg\" alt=\"\" width=\"500\" height=\"345\" srcset=\"https:\/\/www.bellunopress.it\/wp-content\/uploads\/2022\/09\/Seminario-gregoriano-Belluno-.jpg 500w, https:\/\/www.bellunopress.it\/wp-content\/uploads\/2022\/09\/Seminario-gregoriano-Belluno--218x150.jpg 218w, https:\/\/www.bellunopress.it\/wp-content\/uploads\/2022\/09\/Seminario-gregoriano-Belluno--100x70.jpg 100w\" sizes=\"auto, (max-width: 500px) 100vw, 500px\" \/><figcaption id=\"caption-attachment-136538\" class=\"wp-caption-text\">Seminario Gregoriano di Belluno, Chiostro (Foto: Belluno Turismo)<\/figcaption><\/figure>\n<p>Il vernissage della mostra si terr\u00e0 venerd\u00ec 23 settembre nel chiostro gotico del Seminario gregoriano di Belluno dove \u00e8 allestita la mostra che sar\u00e0 aperta al pubblico dal 24 Settembre al 23 Ottobre nei giorni di venerd\u00ec, sabato e domenica dalle 10 alle 12 e dalle 15 alle 17. A corredo di questa iniziativa si terranno inoltre, nell\u2019aula magna del Seminario, due conferenze: la prima, Sabato 1 Ottobre alle 10, Buzzati minore, ma non troppo. Autografi, libri preziosi, speciali e rari buzzatiani della Biblioteca civica di Belluno tenuta dal direttore della Biblioteca stessa dr. Giovanni Grazioli con letture di Nanni Dorigo della Compagnia del Moccolo. La seconda conferenza dal titolo: Le melusine dal medioevo a Buzzati, tenuta da Marco Perale, presidente della Associazione Internazionale Dino Buzzati, Venerd\u00ec 14 Ottobre alle 17.30. L\u2019ingresso alle diverse manifestazioni \u00e8 libero. L\u2019evento \u00e8 stato realizzato con il sostegno delle ditte Fedon, Unifarco per la cultura, Volksbank e De Bona Motors e la collaborazione del Seminario gregoriano di Belluno e dell\u2019Associazione Campedel.<\/p>","protected":false},"excerpt":{"rendered":"<p>Il Soroptimist International Club Belluno-Feltre celebra il quarantesimo della sua fondazione in modo inconsueto. Solitamente per anniversari di questo tipo si tengono convegni, incontri, concerti, ma in questa occasione le soroptimiste bellunesi hanno fatto una scelta originale: una mostra della scultrice italo lussemburghese Bettina Scholl-Sabbatini curata da Maria Luisa Caldognetto. Le opere sono state esposte [&hellip;]<\/p>\n","protected":false},"author":2,"featured_media":136538,"comment_status":"closed","ping_status":"open","sticky":false,"template":"","format":"standard","meta":{"footnotes":""},"categories":[27,3,25],"tags":[],"class_list":["post-136537","post","type-post","status-publish","format-standard","has-post-thumbnail","category-appuntamenti","category-arte-cultura-spettacoli-scienza-archivi","category-pausa-caffe"],"yoast_head":"<!-- This site is optimized with the Yoast SEO plugin v28.4 - https:\/\/yoast.com\/product\/yoast-seo-wordpress\/ -->\n<title>Quarantennale del Soroptimist International Club Belluno-Feltre. Mostra omaggio a Dino Buzzati dell&#039;artista lussemburghese Bettina Scholl-Sabbatini - Bellunopress - Dolomiti<\/title>\n<meta name=\"robots\" content=\"index, follow, max-snippet:-1, max-image-preview:large, max-video-preview:-1\" \/>\n<link rel=\"canonical\" href=\"https:\/\/www.bellunopress.it\/fr\/2022\/09\/21\/quarantennale-del-soroptimist-international-club-belluno-feltre-mostra-omaggio-a-dino-buzzati-dellartista-lussemburghese-bettina-scholl-sabbatini\/\" \/>\n<meta property=\"og:locale\" content=\"fr_FR\" \/>\n<meta property=\"og:type\" content=\"article\" \/>\n<meta property=\"og:title\" content=\"Quarantennale del Soroptimist International Club Belluno-Feltre. Mostra omaggio a Dino Buzzati dell&#039;artista lussemburghese Bettina Scholl-Sabbatini - Bellunopress - Dolomiti\" \/>\n<meta property=\"og:description\" content=\"Il Soroptimist International Club Belluno-Feltre celebra il quarantesimo della sua fondazione in modo inconsueto. Solitamente per anniversari di questo tipo si tengono convegni, incontri, concerti, ma in questa occasione le soroptimiste bellunesi hanno fatto una scelta originale: una mostra della scultrice italo lussemburghese Bettina Scholl-Sabbatini curata da Maria Luisa Caldognetto. Le opere sono state esposte [&hellip;]\" \/>\n<meta property=\"og:url\" content=\"https:\/\/www.bellunopress.it\/fr\/2022\/09\/21\/quarantennale-del-soroptimist-international-club-belluno-feltre-mostra-omaggio-a-dino-buzzati-dellartista-lussemburghese-bettina-scholl-sabbatini\/\" \/>\n<meta property=\"og:site_name\" content=\"Bellunopress - Dolomiti\" \/>\n<meta property=\"article:publisher\" content=\"https:\/\/www.facebook.com\/profile.php?id=100008943462799\" \/>\n<meta property=\"article:published_time\" content=\"2022-09-21T06:51:14+00:00\" \/>\n<meta property=\"og:image\" content=\"https:\/\/www.bellunopress.it\/wp-content\/uploads\/2022\/09\/Seminario-gregoriano-Belluno-.jpg\" \/>\n\t<meta property=\"og:image:width\" content=\"500\" \/>\n\t<meta property=\"og:image:height\" content=\"345\" \/>\n\t<meta property=\"og:image:type\" content=\"image\/jpeg\" \/>\n<meta name=\"author\" content=\"redazione\" \/>\n<meta name=\"twitter:card\" content=\"summary_large_image\" \/>\n<meta name=\"twitter:creator\" content=\"@bellunopress\" \/>\n<meta name=\"twitter:site\" content=\"@bellunopress\" \/>\n<meta name=\"twitter:label1\" content=\"\u00c9crit par\" \/>\n\t<meta name=\"twitter:data1\" content=\"redazione\" \/>\n\t<meta name=\"twitter:label2\" content=\"Dur\u00e9e de lecture estim\u00e9e\" \/>\n\t<meta name=\"twitter:data2\" content=\"3 minutes\" \/>\n<script type=\"application\/ld+json\" class=\"yoast-schema-graph\">{\"@context\":\"https:\\\/\\\/schema.org\",\"@graph\":[{\"@type\":\"Article\",\"@id\":\"https:\\\/\\\/www.bellunopress.it\\\/2022\\\/09\\\/21\\\/quarantennale-del-soroptimist-international-club-belluno-feltre-mostra-omaggio-a-dino-buzzati-dellartista-lussemburghese-bettina-scholl-sabbatini\\\/#article\",\"isPartOf\":{\"@id\":\"https:\\\/\\\/www.bellunopress.it\\\/2022\\\/09\\\/21\\\/quarantennale-del-soroptimist-international-club-belluno-feltre-mostra-omaggio-a-dino-buzzati-dellartista-lussemburghese-bettina-scholl-sabbatini\\\/\"},\"author\":{\"name\":\"redazione\",\"@id\":\"https:\\\/\\\/www.bellunopress.it\\\/#\\\/schema\\\/person\\\/79bb06722b37ece1c03d3e94beb30d73\"},\"headline\":\"Quarantennale del Soroptimist International Club Belluno-Feltre. Mostra omaggio a Dino Buzzati dell&#8217;artista lussemburghese Bettina Scholl-Sabbatini\",\"datePublished\":\"2022-09-21T06:51:14+00:00\",\"mainEntityOfPage\":{\"@id\":\"https:\\\/\\\/www.bellunopress.it\\\/2022\\\/09\\\/21\\\/quarantennale-del-soroptimist-international-club-belluno-feltre-mostra-omaggio-a-dino-buzzati-dellartista-lussemburghese-bettina-scholl-sabbatini\\\/\"},\"wordCount\":318,\"publisher\":{\"@id\":\"https:\\\/\\\/www.bellunopress.it\\\/#organization\"},\"image\":{\"@id\":\"https:\\\/\\\/www.bellunopress.it\\\/2022\\\/09\\\/21\\\/quarantennale-del-soroptimist-international-club-belluno-feltre-mostra-omaggio-a-dino-buzzati-dellartista-lussemburghese-bettina-scholl-sabbatini\\\/#primaryimage\"},\"thumbnailUrl\":\"https:\\\/\\\/www.bellunopress.it\\\/wp-content\\\/uploads\\\/2022\\\/09\\\/Seminario-gregoriano-Belluno-.jpg\",\"articleSection\":[\"Appuntamenti, Eventi\",\"Arte, Cultura, Spettacoli, Scienza\",\"Pausa Caff\u00e8\"],\"inLanguage\":\"fr-FR\"},{\"@type\":\"WebPage\",\"@id\":\"https:\\\/\\\/www.bellunopress.it\\\/2022\\\/09\\\/21\\\/quarantennale-del-soroptimist-international-club-belluno-feltre-mostra-omaggio-a-dino-buzzati-dellartista-lussemburghese-bettina-scholl-sabbatini\\\/\",\"url\":\"https:\\\/\\\/www.bellunopress.it\\\/2022\\\/09\\\/21\\\/quarantennale-del-soroptimist-international-club-belluno-feltre-mostra-omaggio-a-dino-buzzati-dellartista-lussemburghese-bettina-scholl-sabbatini\\\/\",\"name\":\"Quarantennale del Soroptimist International Club Belluno-Feltre. Mostra omaggio a Dino Buzzati dell'artista lussemburghese Bettina Scholl-Sabbatini - Bellunopress - Dolomiti\",\"isPartOf\":{\"@id\":\"https:\\\/\\\/www.bellunopress.it\\\/#website\"},\"primaryImageOfPage\":{\"@id\":\"https:\\\/\\\/www.bellunopress.it\\\/2022\\\/09\\\/21\\\/quarantennale-del-soroptimist-international-club-belluno-feltre-mostra-omaggio-a-dino-buzzati-dellartista-lussemburghese-bettina-scholl-sabbatini\\\/#primaryimage\"},\"image\":{\"@id\":\"https:\\\/\\\/www.bellunopress.it\\\/2022\\\/09\\\/21\\\/quarantennale-del-soroptimist-international-club-belluno-feltre-mostra-omaggio-a-dino-buzzati-dellartista-lussemburghese-bettina-scholl-sabbatini\\\/#primaryimage\"},\"thumbnailUrl\":\"https:\\\/\\\/www.bellunopress.it\\\/wp-content\\\/uploads\\\/2022\\\/09\\\/Seminario-gregoriano-Belluno-.jpg\",\"datePublished\":\"2022-09-21T06:51:14+00:00\",\"breadcrumb\":{\"@id\":\"https:\\\/\\\/www.bellunopress.it\\\/2022\\\/09\\\/21\\\/quarantennale-del-soroptimist-international-club-belluno-feltre-mostra-omaggio-a-dino-buzzati-dellartista-lussemburghese-bettina-scholl-sabbatini\\\/#breadcrumb\"},\"inLanguage\":\"fr-FR\",\"potentialAction\":[{\"@type\":\"ReadAction\",\"target\":[\"https:\\\/\\\/www.bellunopress.it\\\/2022\\\/09\\\/21\\\/quarantennale-del-soroptimist-international-club-belluno-feltre-mostra-omaggio-a-dino-buzzati-dellartista-lussemburghese-bettina-scholl-sabbatini\\\/\"]}]},{\"@type\":\"ImageObject\",\"inLanguage\":\"fr-FR\",\"@id\":\"https:\\\/\\\/www.bellunopress.it\\\/2022\\\/09\\\/21\\\/quarantennale-del-soroptimist-international-club-belluno-feltre-mostra-omaggio-a-dino-buzzati-dellartista-lussemburghese-bettina-scholl-sabbatini\\\/#primaryimage\",\"url\":\"https:\\\/\\\/www.bellunopress.it\\\/wp-content\\\/uploads\\\/2022\\\/09\\\/Seminario-gregoriano-Belluno-.jpg\",\"contentUrl\":\"https:\\\/\\\/www.bellunopress.it\\\/wp-content\\\/uploads\\\/2022\\\/09\\\/Seminario-gregoriano-Belluno-.jpg\",\"width\":500,\"height\":345,\"caption\":\"Seminario Gregoriano di Belluno, Chiostro (Foto: Belluno Turismo)\"},{\"@type\":\"BreadcrumbList\",\"@id\":\"https:\\\/\\\/www.bellunopress.it\\\/2022\\\/09\\\/21\\\/quarantennale-del-soroptimist-international-club-belluno-feltre-mostra-omaggio-a-dino-buzzati-dellartista-lussemburghese-bettina-scholl-sabbatini\\\/#breadcrumb\",\"itemListElement\":[{\"@type\":\"ListItem\",\"position\":1,\"name\":\"Home\",\"item\":\"https:\\\/\\\/www.bellunopress.it\\\/\"},{\"@type\":\"ListItem\",\"position\":2,\"name\":\"Quarantennale del Soroptimist International Club Belluno-Feltre. Mostra omaggio a Dino Buzzati dell&#8217;artista lussemburghese Bettina Scholl-Sabbatini\"}]},{\"@type\":\"WebSite\",\"@id\":\"https:\\\/\\\/www.bellunopress.it\\\/#website\",\"url\":\"https:\\\/\\\/www.bellunopress.it\\\/\",\"name\":\"Bellunopress - Dolomiti\",\"description\":\"e-mail: redazione@bellunopress.it\",\"publisher\":{\"@id\":\"https:\\\/\\\/www.bellunopress.it\\\/#organization\"},\"potentialAction\":[{\"@type\":\"SearchAction\",\"target\":{\"@type\":\"EntryPoint\",\"urlTemplate\":\"https:\\\/\\\/www.bellunopress.it\\\/?s={search_term_string}\"},\"query-input\":{\"@type\":\"PropertyValueSpecification\",\"valueRequired\":true,\"valueName\":\"search_term_string\"}}],\"inLanguage\":\"fr-FR\"},{\"@type\":\"Organization\",\"@id\":\"https:\\\/\\\/www.bellunopress.it\\\/#organization\",\"name\":\"Bellunopress\",\"url\":\"https:\\\/\\\/www.bellunopress.it\\\/\",\"logo\":{\"@type\":\"ImageObject\",\"inLanguage\":\"fr-FR\",\"@id\":\"https:\\\/\\\/www.bellunopress.it\\\/#\\\/schema\\\/logo\\\/image\\\/\",\"url\":\"https:\\\/\\\/www.bellunopress.it\\\/wp-content\\\/uploads\\\/2011\\\/05\\\/cropped-logo-bellunopress-.jpg\",\"contentUrl\":\"https:\\\/\\\/www.bellunopress.it\\\/wp-content\\\/uploads\\\/2011\\\/05\\\/cropped-logo-bellunopress-.jpg\",\"width\":512,\"height\":512,\"caption\":\"Bellunopress\"},\"image\":{\"@id\":\"https:\\\/\\\/www.bellunopress.it\\\/#\\\/schema\\\/logo\\\/image\\\/\"},\"sameAs\":[\"https:\\\/\\\/www.facebook.com\\\/profile.php?id=100008943462799\",\"https:\\\/\\\/x.com\\\/bellunopress\",\"https:\\\/\\\/www.linkedin.com\\\/hp\\\/?dnr=JBzUWaJfMUw8vbXJJ2tVW5-I3jZKvC4wsoxE&amp;amp;amp;amp;amp;amp;trk=nav_responsive_tab_home\",\"https:\\\/\\\/www.youtube.com\\\/channel\\\/UCxL0wu1uN0_3_7hGG0306cw\"]},{\"@type\":\"Person\",\"@id\":\"https:\\\/\\\/www.bellunopress.it\\\/#\\\/schema\\\/person\\\/79bb06722b37ece1c03d3e94beb30d73\",\"name\":\"redazione\",\"image\":{\"@type\":\"ImageObject\",\"inLanguage\":\"fr-FR\",\"@id\":\"https:\\\/\\\/secure.gravatar.com\\\/avatar\\\/37d968a2e67a6fd04c169c4bdef102d0bc5d31b2546345219e348575eb80e9a0?s=96&d=mm&r=g\",\"url\":\"https:\\\/\\\/secure.gravatar.com\\\/avatar\\\/37d968a2e67a6fd04c169c4bdef102d0bc5d31b2546345219e348575eb80e9a0?s=96&d=mm&r=g\",\"contentUrl\":\"https:\\\/\\\/secure.gravatar.com\\\/avatar\\\/37d968a2e67a6fd04c169c4bdef102d0bc5d31b2546345219e348575eb80e9a0?s=96&d=mm&r=g\",\"caption\":\"redazione\"},\"sameAs\":[\"http:\\\/\\\/www.bellunopress.it\",\"https:\\\/\\\/x.com\\\/bellunopress\"],\"url\":\"https:\\\/\\\/www.bellunopress.it\\\/fr\\\/author\\\/redazione\\\/\"}]}<\/script>\n<!-- \/ Yoast SEO plugin. -->","yoast_head_json":{"title":"Quarantennale del Soroptimist International Club Belluno-Feltre. Mostra omaggio a Dino Buzzati dell'artista lussemburghese Bettina Scholl-Sabbatini - Bellunopress - Dolomiti","robots":{"index":"index","follow":"follow","max-snippet":"max-snippet:-1","max-image-preview":"max-image-preview:large","max-video-preview":"max-video-preview:-1"},"canonical":"https:\/\/www.bellunopress.it\/fr\/2022\/09\/21\/quarantennale-del-soroptimist-international-club-belluno-feltre-mostra-omaggio-a-dino-buzzati-dellartista-lussemburghese-bettina-scholl-sabbatini\/","og_locale":"fr_FR","og_type":"article","og_title":"Quarantennale del Soroptimist International Club Belluno-Feltre. Mostra omaggio a Dino Buzzati dell'artista lussemburghese Bettina Scholl-Sabbatini - Bellunopress - Dolomiti","og_description":"Il Soroptimist International Club Belluno-Feltre celebra il quarantesimo della sua fondazione in modo inconsueto. Solitamente per anniversari di questo tipo si tengono convegni, incontri, concerti, ma in questa occasione le soroptimiste bellunesi hanno fatto una scelta originale: una mostra della scultrice italo lussemburghese Bettina Scholl-Sabbatini curata da Maria Luisa Caldognetto. Le opere sono state esposte [&hellip;]","og_url":"https:\/\/www.bellunopress.it\/fr\/2022\/09\/21\/quarantennale-del-soroptimist-international-club-belluno-feltre-mostra-omaggio-a-dino-buzzati-dellartista-lussemburghese-bettina-scholl-sabbatini\/","og_site_name":"Bellunopress - Dolomiti","article_publisher":"https:\/\/www.facebook.com\/profile.php?id=100008943462799","article_published_time":"2022-09-21T06:51:14+00:00","og_image":[{"width":500,"height":345,"url":"https:\/\/www.bellunopress.it\/wp-content\/uploads\/2022\/09\/Seminario-gregoriano-Belluno-.jpg","type":"image\/jpeg"}],"author":"redazione","twitter_card":"summary_large_image","twitter_creator":"@bellunopress","twitter_site":"@bellunopress","twitter_misc":{"\u00c9crit par":"redazione","Dur\u00e9e de lecture estim\u00e9e":"3 minutes"},"schema":{"@context":"https:\/\/schema.org","@graph":[{"@type":"Article","@id":"https:\/\/www.bellunopress.it\/2022\/09\/21\/quarantennale-del-soroptimist-international-club-belluno-feltre-mostra-omaggio-a-dino-buzzati-dellartista-lussemburghese-bettina-scholl-sabbatini\/#article","isPartOf":{"@id":"https:\/\/www.bellunopress.it\/2022\/09\/21\/quarantennale-del-soroptimist-international-club-belluno-feltre-mostra-omaggio-a-dino-buzzati-dellartista-lussemburghese-bettina-scholl-sabbatini\/"},"author":{"name":"redazione","@id":"https:\/\/www.bellunopress.it\/#\/schema\/person\/79bb06722b37ece1c03d3e94beb30d73"},"headline":"Quarantennale del Soroptimist International Club Belluno-Feltre. Mostra omaggio a Dino Buzzati dell&#8217;artista lussemburghese Bettina Scholl-Sabbatini","datePublished":"2022-09-21T06:51:14+00:00","mainEntityOfPage":{"@id":"https:\/\/www.bellunopress.it\/2022\/09\/21\/quarantennale-del-soroptimist-international-club-belluno-feltre-mostra-omaggio-a-dino-buzzati-dellartista-lussemburghese-bettina-scholl-sabbatini\/"},"wordCount":318,"publisher":{"@id":"https:\/\/www.bellunopress.it\/#organization"},"image":{"@id":"https:\/\/www.bellunopress.it\/2022\/09\/21\/quarantennale-del-soroptimist-international-club-belluno-feltre-mostra-omaggio-a-dino-buzzati-dellartista-lussemburghese-bettina-scholl-sabbatini\/#primaryimage"},"thumbnailUrl":"https:\/\/www.bellunopress.it\/wp-content\/uploads\/2022\/09\/Seminario-gregoriano-Belluno-.jpg","articleSection":["Appuntamenti, Eventi","Arte, Cultura, Spettacoli, Scienza","Pausa Caff\u00e8"],"inLanguage":"fr-FR"},{"@type":"WebPage","@id":"https:\/\/www.bellunopress.it\/2022\/09\/21\/quarantennale-del-soroptimist-international-club-belluno-feltre-mostra-omaggio-a-dino-buzzati-dellartista-lussemburghese-bettina-scholl-sabbatini\/","url":"https:\/\/www.bellunopress.it\/2022\/09\/21\/quarantennale-del-soroptimist-international-club-belluno-feltre-mostra-omaggio-a-dino-buzzati-dellartista-lussemburghese-bettina-scholl-sabbatini\/","name":"Quarantennale del Soroptimist International Club Belluno-Feltre. Mostra omaggio a Dino Buzzati dell'artista lussemburghese Bettina Scholl-Sabbatini - Bellunopress - Dolomiti","isPartOf":{"@id":"https:\/\/www.bellunopress.it\/#website"},"primaryImageOfPage":{"@id":"https:\/\/www.bellunopress.it\/2022\/09\/21\/quarantennale-del-soroptimist-international-club-belluno-feltre-mostra-omaggio-a-dino-buzzati-dellartista-lussemburghese-bettina-scholl-sabbatini\/#primaryimage"},"image":{"@id":"https:\/\/www.bellunopress.it\/2022\/09\/21\/quarantennale-del-soroptimist-international-club-belluno-feltre-mostra-omaggio-a-dino-buzzati-dellartista-lussemburghese-bettina-scholl-sabbatini\/#primaryimage"},"thumbnailUrl":"https:\/\/www.bellunopress.it\/wp-content\/uploads\/2022\/09\/Seminario-gregoriano-Belluno-.jpg","datePublished":"2022-09-21T06:51:14+00:00","breadcrumb":{"@id":"https:\/\/www.bellunopress.it\/2022\/09\/21\/quarantennale-del-soroptimist-international-club-belluno-feltre-mostra-omaggio-a-dino-buzzati-dellartista-lussemburghese-bettina-scholl-sabbatini\/#breadcrumb"},"inLanguage":"fr-FR","potentialAction":[{"@type":"ReadAction","target":["https:\/\/www.bellunopress.it\/2022\/09\/21\/quarantennale-del-soroptimist-international-club-belluno-feltre-mostra-omaggio-a-dino-buzzati-dellartista-lussemburghese-bettina-scholl-sabbatini\/"]}]},{"@type":"ImageObject","inLanguage":"fr-FR","@id":"https:\/\/www.bellunopress.it\/2022\/09\/21\/quarantennale-del-soroptimist-international-club-belluno-feltre-mostra-omaggio-a-dino-buzzati-dellartista-lussemburghese-bettina-scholl-sabbatini\/#primaryimage","url":"https:\/\/www.bellunopress.it\/wp-content\/uploads\/2022\/09\/Seminario-gregoriano-Belluno-.jpg","contentUrl":"https:\/\/www.bellunopress.it\/wp-content\/uploads\/2022\/09\/Seminario-gregoriano-Belluno-.jpg","width":500,"height":345,"caption":"Seminario Gregoriano di Belluno, Chiostro (Foto: Belluno Turismo)"},{"@type":"BreadcrumbList","@id":"https:\/\/www.bellunopress.it\/2022\/09\/21\/quarantennale-del-soroptimist-international-club-belluno-feltre-mostra-omaggio-a-dino-buzzati-dellartista-lussemburghese-bettina-scholl-sabbatini\/#breadcrumb","itemListElement":[{"@type":"ListItem","position":1,"name":"Home","item":"https:\/\/www.bellunopress.it\/"},{"@type":"ListItem","position":2,"name":"Quarantennale del Soroptimist International Club Belluno-Feltre. Mostra omaggio a Dino Buzzati dell&#8217;artista lussemburghese Bettina Scholl-Sabbatini"}]},{"@type":"WebSite","@id":"https:\/\/www.bellunopress.it\/#website","url":"https:\/\/www.bellunopress.it\/","name":"Bellunopress - Dolomiti","description":"e-mail: redazione@bellunopress.it","publisher":{"@id":"https:\/\/www.bellunopress.it\/#organization"},"potentialAction":[{"@type":"SearchAction","target":{"@type":"EntryPoint","urlTemplate":"https:\/\/www.bellunopress.it\/?s={search_term_string}"},"query-input":{"@type":"PropertyValueSpecification","valueRequired":true,"valueName":"search_term_string"}}],"inLanguage":"fr-FR"},{"@type":"Organization","@id":"https:\/\/www.bellunopress.it\/#organization","name":"Bellunopress","url":"https:\/\/www.bellunopress.it\/","logo":{"@type":"ImageObject","inLanguage":"fr-FR","@id":"https:\/\/www.bellunopress.it\/#\/schema\/logo\/image\/","url":"https:\/\/www.bellunopress.it\/wp-content\/uploads\/2011\/05\/cropped-logo-bellunopress-.jpg","contentUrl":"https:\/\/www.bellunopress.it\/wp-content\/uploads\/2011\/05\/cropped-logo-bellunopress-.jpg","width":512,"height":512,"caption":"Bellunopress"},"image":{"@id":"https:\/\/www.bellunopress.it\/#\/schema\/logo\/image\/"},"sameAs":["https:\/\/www.facebook.com\/profile.php?id=100008943462799","https:\/\/x.com\/bellunopress","https:\/\/www.linkedin.com\/hp\/?dnr=JBzUWaJfMUw8vbXJJ2tVW5-I3jZKvC4wsoxE&amp;amp;amp;amp;amp;amp;trk=nav_responsive_tab_home","https:\/\/www.youtube.com\/channel\/UCxL0wu1uN0_3_7hGG0306cw"]},{"@type":"Person","@id":"https:\/\/www.bellunopress.it\/#\/schema\/person\/79bb06722b37ece1c03d3e94beb30d73","name":"r\u00e9daction","image":{"@type":"ImageObject","inLanguage":"fr-FR","@id":"https:\/\/secure.gravatar.com\/avatar\/37d968a2e67a6fd04c169c4bdef102d0bc5d31b2546345219e348575eb80e9a0?s=96&d=mm&r=g","url":"https:\/\/secure.gravatar.com\/avatar\/37d968a2e67a6fd04c169c4bdef102d0bc5d31b2546345219e348575eb80e9a0?s=96&d=mm&r=g","contentUrl":"https:\/\/secure.gravatar.com\/avatar\/37d968a2e67a6fd04c169c4bdef102d0bc5d31b2546345219e348575eb80e9a0?s=96&d=mm&r=g","caption":"redazione"},"sameAs":["http:\/\/www.bellunopress.it","https:\/\/x.com\/bellunopress"],"url":"https:\/\/www.bellunopress.it\/fr\/author\/redazione\/"}]}},"_links":{"self":[{"href":"https:\/\/www.bellunopress.it\/fr\/wp-json\/wp\/v2\/posts\/136537","targetHints":{"allow":["GET"]}}],"collection":[{"href":"https:\/\/www.bellunopress.it\/fr\/wp-json\/wp\/v2\/posts"}],"about":[{"href":"https:\/\/www.bellunopress.it\/fr\/wp-json\/wp\/v2\/types\/post"}],"author":[{"embeddable":true,"href":"https:\/\/www.bellunopress.it\/fr\/wp-json\/wp\/v2\/users\/2"}],"replies":[{"embeddable":true,"href":"https:\/\/www.bellunopress.it\/fr\/wp-json\/wp\/v2\/comments?post=136537"}],"version-history":[{"count":1,"href":"https:\/\/www.bellunopress.it\/fr\/wp-json\/wp\/v2\/posts\/136537\/revisions"}],"predecessor-version":[{"id":136539,"href":"https:\/\/www.bellunopress.it\/fr\/wp-json\/wp\/v2\/posts\/136537\/revisions\/136539"}],"wp:featuredmedia":[{"embeddable":true,"href":"https:\/\/www.bellunopress.it\/fr\/wp-json\/wp\/v2\/media\/136538"}],"wp:attachment":[{"href":"https:\/\/www.bellunopress.it\/fr\/wp-json\/wp\/v2\/media?parent=136537"}],"wp:term":[{"taxonomy":"category","embeddable":true,"href":"https:\/\/www.bellunopress.it\/fr\/wp-json\/wp\/v2\/categories?post=136537"},{"taxonomy":"post_tag","embeddable":true,"href":"https:\/\/www.bellunopress.it\/fr\/wp-json\/wp\/v2\/tags?post=136537"}],"curies":[{"name":"wp","href":"https:\/\/api.w.org\/{rel}","templated":true}]}}