{"id":136535,"date":"2022-09-20T17:48:48","date_gmt":"2022-09-20T15:48:48","guid":{"rendered":"https:\/\/www.bellunopress.it\/?p=136535"},"modified":"2022-09-20T17:48:48","modified_gmt":"2022-09-20T15:48:48","slug":"sindrome-sgombroide-dimesse-le-4-persone-curate-al-pronto-soccorso","status":"publish","type":"post","link":"https:\/\/www.bellunopress.it\/fr\/2022\/09\/20\/sindrome-sgombroide-dimesse-le-4-persone-curate-al-pronto-soccorso\/","title":{"rendered":"Sindrome sgombroide: dimesse le 4 persone curate al pronto soccorso"},"content":{"rendered":"<p><img loading=\"lazy\" decoding=\"async\" class=\"alignleft size-full wp-image-112649\" src=\"https:\/\/www.bellunopress.it\/wp-content\/uploads\/2020\/03\/ospedale-pronto-soccorso.jpg\" alt=\"\" width=\"900\" height=\"707\" srcset=\"https:\/\/www.bellunopress.it\/wp-content\/uploads\/2020\/03\/ospedale-pronto-soccorso.jpg 900w, https:\/\/www.bellunopress.it\/wp-content\/uploads\/2020\/03\/ospedale-pronto-soccorso-500x393.jpg 500w, https:\/\/www.bellunopress.it\/wp-content\/uploads\/2020\/03\/ospedale-pronto-soccorso-696x547.jpg 696w, https:\/\/www.bellunopress.it\/wp-content\/uploads\/2020\/03\/ospedale-pronto-soccorso-535x420.jpg 535w\" sizes=\"auto, (max-width: 900px) 100vw, 900px\" \/>Belluno, 20 settembre 2022 &#8211; Proseguono, in collaborazione con i Carabinieri del NAS, le indagini per ricostruire il percorso del tonno fresco che ha ieri causato 4 casi di sindrome sgombroide a Belluno.<br \/>\nSono stati finora ispezionati i due ristoranti nei quali hanno pranzato i soggetti colpiti e due fornitori a monte, con sequestro del tonno fresco presente e prelievi per indagini analitiche di dettaglio.<br \/>\nLe 4 persone che ieri sono state curate al Pronto Soccorso di Belluno sono state dimesse, in condizioni di salute ripristinate.<\/p>\n<p><strong>CHE COSA E\u2019 LA SINDROME SGOMBROIDE?<\/strong><\/p>\n<p>La <strong>SINDROME SGOMBROIDE<\/strong> \u00e8 un&#8217;intossicazione alimentare causata principalmente dal consumo di prodotti ittici contenenti <strong>alti livelli di istamina<\/strong>.<\/p>\n<p>l nome sgombroide deriva dal tipo di pesci che di solito causano la patologia, ovvero quelli appartenenti alla famiglia degli Scombridae (sgombro, tonno, sardina, acciuga e aringa).<\/p>\n<p>Alle nostre latitudini, i casi di intossicazione pi\u00f9 rilevanti dal punto di vista statistico, sono determinati dal consumo di tonno.<\/p>\n<p><strong>COME SI FORMA L\u2019ISTAMINA?<\/strong><\/p>\n<p><strong>L\u2019istamina non \u00e8 presente nel pesce al momento della pesca<\/strong>, ma si forma nelle sue carni per decarbossilazione dell\u2019aminoacido istidina mediante una reazione catalizzata dall\u2019enzima istidina decarbossilasi che si trova in alcune specie batteriche che si trovano nell&#8217;intestino o nella pelle del pesce.<\/p>\n<p>Generalmente sono batteri meso\ufb01li con crescita ottimale tra 30\u00b0 e 40\u00b0C, che producono istamina solo a temperature superiori a 7-10\u00b0C, ma a seguito di abusi termici possono compiere la loro azione anche a temperatura ambiente.<\/p>\n<p>Il deterioramento batterico e la produzione di istamina possono avvenire in ogni fase della \ufb01liera alimentare ed \u00e8 il <strong>mantenimento costante a temperatura inferiore a 4\u00b0C la chiave nella prevenzione della crescita batterica e della formazione di istamina<\/strong>.<\/p>\n<p>Essendo <strong>l\u2019istamina termostabile<\/strong>, n\u00e9 la cottura n\u00e9 la sterilizzazione decontaminano un pesce, tuttavia dopo la cottura, il livello di istamina non pu\u00f2 aumentare essendo stati inattivati enzima e batteri.<\/p>\n<p><strong>QUALI SONO I SINTOMI?<\/strong><\/p>\n<p>La dose per la manifestazione clinica della sindrome sgombroide \u00e8 in\ufb02uenzata da numerosi fattori quali: sensibilit\u00e0 individuale, peso corporeo, composizione del pasto (alcool, verdure e formaggi), farmaci (antidolori\ufb01ci, anti-ipertensivi, mucolitici, antibiotici, agenti che riducono la motilit\u00e0 intestinale), patologie (orticaria cronica, eczema atopico, problemi cardiaci, ipertensione, carenza di vitamina B6 e le malattie gastrointestinali, che riducono l\u2019attivit\u00e0 delle ossidasi). In\ufb01ne, la sensibilit\u00e0 alla istamina \u00e8 aumentata dal fumo di tabacco che riduce i livelli di MAO (monoammino ossidasi).<\/p>\n<p>La sindrome pu\u00f2 avere differenti manifestazioni cliniche; <strong>l\u2019insorgenza dei sintomi varia da un minuto a qualche ora<\/strong> dalla ingestione del prodotto contenente istamina. Le manifestazioni cliniche sono suddivisibili secondo la sede principale in:<\/p>\n<ul>\n<li><strong>sintomi cutanei,<\/strong> piuttosto comuni (rash cutaneo particolarmente localizzato al viso e al collo, sensazione di intenso calore, orticaria, edema facciale, pon\ufb01, iperemia congiuntivale, prurito);<\/li>\n<li><strong>sintomi gastrointestinali<\/strong>, pi\u00f9 aspeci\ufb01 (diarrea, dolore addominale, nausea, vomito, bruciore, gon\ufb01ore della bocca e della lingua);<\/li>\n<li><strong>sintomi emodinamici <\/strong>(ipotensione, vertigini);<\/li>\n<li><strong>sintomi neurologici<\/strong> (mal di testa, palpitazioni, formicolio, disturbi alla visione, tremori, debolezza, sensazione di calore).<\/li>\n<li><\/li>\n<\/ul>\n<p><strong>COME SI PREVIENE?<\/strong><\/p>\n<p>Il <strong>raffreddamento rapido del pesce<\/strong> immediatamente dopo la pesca \u00e8 l\u2019elemento strategico per prevenire la formazione di sgombrotossina.<\/p>\n<p>Nelle fasi successive alla pesca si deve seguire pertanto un rigoroso rispetto della catena del freddo, \ufb01no alla cucina, poich\u00e9 la produzione di istamina pu\u00f2 essere causata a questo livello per l\u2019esposizione del pesce ad alte temperature, che facilitano la moltiplicazione batterica e la produzione dell\u2019istidina decarbossilasi da parte dei batteri. Anche lo scongelamento del pesce, se pure congelato e conservato in maniera ottimale, \u00e8 da considerare una fase a rischio.<\/p>\n<p>Diversi studi hanno dimostrato che sarebbero sufficienti 2 o 3 ore a temperature uguali o superiori a 20 \u00b0C per far s\u00ec che il pesce produca quantit\u00e0 tossiche di istamina. Per scongiurare pericoli ed evitare che i batteri possano proliferare il pesce deve essere mantenuto a temperature di 0\u00b0C o inferiori.<\/p>\n<p>&nbsp;<\/p>\n<p><strong><em>Bibliografia e Sitografia <\/em><\/strong><\/p>\n<p>ISTITUTO SUPERIORE SANIT\u00c0 (Report 2005): https:\/\/www.epicentro.iss.it\/ben\/2005\/novembre\/2<\/p>\n<p>MINISTERO DELLA SALUTE Direzione Generale per l\u2019Igiene e la Sicurezza degli Alimenti e della Nutrizione 2018: https:\/\/www.salute.gov.it\/imgs\/C_17_pubblicazioni_2856_allegato.pdf<\/p>\n<p>AUTORIT\u00c0 PER LA SICUREZZA ALIMENTARE (EFSA): <a href=\"https:\/\/efsa.onlinelibrary.wiley.com\/doi\/epdf\/10.2903\/sp.efsa.2017.EN-1301\">https:\/\/efsa.onlinelibrary.wiley.com\/doi\/epdf\/10.2903\/sp.efsa.2017.EN-1301<\/a><\/p>\n<p>Histamine Poisoning from Ingestion of Fish or Scombroid Syndrome: https:\/\/www.ncbi.nlm.nih.gov\/pmc\/articles\/PMC4273511\/<\/p>","protected":false},"excerpt":{"rendered":"<p>Belluno, 20 settembre 2022 &#8211; Proseguono, in collaborazione con i Carabinieri del NAS, le indagini per ricostruire il percorso del tonno fresco che ha ieri causato 4 casi di sindrome sgombroide a Belluno. Sono stati finora ispezionati i due ristoranti nei quali hanno pranzato i soggetti colpiti e due fornitori a monte, con sequestro del [&hellip;]<\/p>\n","protected":false},"author":2,"featured_media":112649,"comment_status":"closed","ping_status":"open","sticky":false,"template":"","format":"standard","meta":{"footnotes":""},"categories":[26,17],"tags":[],"class_list":["post-136535","post","type-post","status-publish","format-standard","has-post-thumbnail","category-prima-pagina","category-sanita"],"yoast_head":"<!-- This site is optimized with the Yoast SEO plugin v28.4 - https:\/\/yoast.com\/product\/yoast-seo-wordpress\/ -->\n<title>Sindrome sgombroide: dimesse le 4 persone curate al pronto soccorso - Bellunopress - Dolomiti<\/title>\n<meta name=\"robots\" content=\"index, follow, max-snippet:-1, max-image-preview:large, max-video-preview:-1\" \/>\n<link rel=\"canonical\" href=\"https:\/\/www.bellunopress.it\/fr\/2022\/09\/20\/sindrome-sgombroide-dimesse-le-4-persone-curate-al-pronto-soccorso\/\" \/>\n<meta property=\"og:locale\" content=\"fr_FR\" \/>\n<meta property=\"og:type\" content=\"article\" \/>\n<meta property=\"og:title\" content=\"Sindrome sgombroide: dimesse le 4 persone curate al pronto soccorso - Bellunopress - Dolomiti\" \/>\n<meta property=\"og:description\" content=\"Belluno, 20 settembre 2022 &#8211; Proseguono, in collaborazione con i Carabinieri del NAS, le indagini per ricostruire il percorso del tonno fresco che ha ieri causato 4 casi di sindrome sgombroide a Belluno. Sono stati finora ispezionati i due ristoranti nei quali hanno pranzato i soggetti colpiti e due fornitori a monte, con sequestro del [&hellip;]\" \/>\n<meta property=\"og:url\" content=\"https:\/\/www.bellunopress.it\/fr\/2022\/09\/20\/sindrome-sgombroide-dimesse-le-4-persone-curate-al-pronto-soccorso\/\" \/>\n<meta property=\"og:site_name\" content=\"Bellunopress - Dolomiti\" \/>\n<meta property=\"article:publisher\" content=\"https:\/\/www.facebook.com\/profile.php?id=100008943462799\" \/>\n<meta property=\"article:published_time\" content=\"2022-09-20T15:48:48+00:00\" \/>\n<meta property=\"og:image\" content=\"https:\/\/www.bellunopress.it\/wp-content\/uploads\/2020\/03\/ospedale-pronto-soccorso.jpg\" \/>\n\t<meta property=\"og:image:width\" content=\"900\" \/>\n\t<meta property=\"og:image:height\" content=\"707\" \/>\n\t<meta property=\"og:image:type\" content=\"image\/jpeg\" \/>\n<meta name=\"author\" content=\"redazione\" \/>\n<meta name=\"twitter:card\" content=\"summary_large_image\" \/>\n<meta name=\"twitter:creator\" content=\"@bellunopress\" \/>\n<meta name=\"twitter:site\" content=\"@bellunopress\" \/>\n<meta name=\"twitter:label1\" content=\"\u00c9crit par\" \/>\n\t<meta name=\"twitter:data1\" content=\"redazione\" \/>\n\t<meta name=\"twitter:label2\" content=\"Dur\u00e9e de lecture estim\u00e9e\" \/>\n\t<meta name=\"twitter:data2\" content=\"4 minutes\" \/>\n<script type=\"application\/ld+json\" class=\"yoast-schema-graph\">{\"@context\":\"https:\\\/\\\/schema.org\",\"@graph\":[{\"@type\":\"Article\",\"@id\":\"https:\\\/\\\/www.bellunopress.it\\\/2022\\\/09\\\/20\\\/sindrome-sgombroide-dimesse-le-4-persone-curate-al-pronto-soccorso\\\/#article\",\"isPartOf\":{\"@id\":\"https:\\\/\\\/www.bellunopress.it\\\/2022\\\/09\\\/20\\\/sindrome-sgombroide-dimesse-le-4-persone-curate-al-pronto-soccorso\\\/\"},\"author\":{\"name\":\"redazione\",\"@id\":\"https:\\\/\\\/www.bellunopress.it\\\/#\\\/schema\\\/person\\\/79bb06722b37ece1c03d3e94beb30d73\"},\"headline\":\"Sindrome sgombroide: dimesse le 4 persone curate al pronto soccorso\",\"datePublished\":\"2022-09-20T15:48:48+00:00\",\"mainEntityOfPage\":{\"@id\":\"https:\\\/\\\/www.bellunopress.it\\\/2022\\\/09\\\/20\\\/sindrome-sgombroide-dimesse-le-4-persone-curate-al-pronto-soccorso\\\/\"},\"wordCount\":709,\"publisher\":{\"@id\":\"https:\\\/\\\/www.bellunopress.it\\\/#organization\"},\"image\":{\"@id\":\"https:\\\/\\\/www.bellunopress.it\\\/2022\\\/09\\\/20\\\/sindrome-sgombroide-dimesse-le-4-persone-curate-al-pronto-soccorso\\\/#primaryimage\"},\"thumbnailUrl\":\"https:\\\/\\\/www.bellunopress.it\\\/wp-content\\\/uploads\\\/2020\\\/03\\\/ospedale-pronto-soccorso.jpg\",\"articleSection\":[\"Prima Pagina\",\"Sanit\u00e0 Medicina\"],\"inLanguage\":\"fr-FR\"},{\"@type\":\"WebPage\",\"@id\":\"https:\\\/\\\/www.bellunopress.it\\\/2022\\\/09\\\/20\\\/sindrome-sgombroide-dimesse-le-4-persone-curate-al-pronto-soccorso\\\/\",\"url\":\"https:\\\/\\\/www.bellunopress.it\\\/2022\\\/09\\\/20\\\/sindrome-sgombroide-dimesse-le-4-persone-curate-al-pronto-soccorso\\\/\",\"name\":\"Sindrome sgombroide: dimesse le 4 persone curate al pronto soccorso - Bellunopress - Dolomiti\",\"isPartOf\":{\"@id\":\"https:\\\/\\\/www.bellunopress.it\\\/#website\"},\"primaryImageOfPage\":{\"@id\":\"https:\\\/\\\/www.bellunopress.it\\\/2022\\\/09\\\/20\\\/sindrome-sgombroide-dimesse-le-4-persone-curate-al-pronto-soccorso\\\/#primaryimage\"},\"image\":{\"@id\":\"https:\\\/\\\/www.bellunopress.it\\\/2022\\\/09\\\/20\\\/sindrome-sgombroide-dimesse-le-4-persone-curate-al-pronto-soccorso\\\/#primaryimage\"},\"thumbnailUrl\":\"https:\\\/\\\/www.bellunopress.it\\\/wp-content\\\/uploads\\\/2020\\\/03\\\/ospedale-pronto-soccorso.jpg\",\"datePublished\":\"2022-09-20T15:48:48+00:00\",\"breadcrumb\":{\"@id\":\"https:\\\/\\\/www.bellunopress.it\\\/2022\\\/09\\\/20\\\/sindrome-sgombroide-dimesse-le-4-persone-curate-al-pronto-soccorso\\\/#breadcrumb\"},\"inLanguage\":\"fr-FR\",\"potentialAction\":[{\"@type\":\"ReadAction\",\"target\":[\"https:\\\/\\\/www.bellunopress.it\\\/2022\\\/09\\\/20\\\/sindrome-sgombroide-dimesse-le-4-persone-curate-al-pronto-soccorso\\\/\"]}]},{\"@type\":\"ImageObject\",\"inLanguage\":\"fr-FR\",\"@id\":\"https:\\\/\\\/www.bellunopress.it\\\/2022\\\/09\\\/20\\\/sindrome-sgombroide-dimesse-le-4-persone-curate-al-pronto-soccorso\\\/#primaryimage\",\"url\":\"https:\\\/\\\/www.bellunopress.it\\\/wp-content\\\/uploads\\\/2020\\\/03\\\/ospedale-pronto-soccorso.jpg\",\"contentUrl\":\"https:\\\/\\\/www.bellunopress.it\\\/wp-content\\\/uploads\\\/2020\\\/03\\\/ospedale-pronto-soccorso.jpg\",\"width\":900,\"height\":707,\"caption\":\"Ospedale \\\"San Martino\\\" di Belluno\"},{\"@type\":\"BreadcrumbList\",\"@id\":\"https:\\\/\\\/www.bellunopress.it\\\/2022\\\/09\\\/20\\\/sindrome-sgombroide-dimesse-le-4-persone-curate-al-pronto-soccorso\\\/#breadcrumb\",\"itemListElement\":[{\"@type\":\"ListItem\",\"position\":1,\"name\":\"Home\",\"item\":\"https:\\\/\\\/www.bellunopress.it\\\/\"},{\"@type\":\"ListItem\",\"position\":2,\"name\":\"Sindrome sgombroide: dimesse le 4 persone curate al pronto soccorso\"}]},{\"@type\":\"WebSite\",\"@id\":\"https:\\\/\\\/www.bellunopress.it\\\/#website\",\"url\":\"https:\\\/\\\/www.bellunopress.it\\\/\",\"name\":\"Bellunopress - Dolomiti\",\"description\":\"e-mail: redazione@bellunopress.it\",\"publisher\":{\"@id\":\"https:\\\/\\\/www.bellunopress.it\\\/#organization\"},\"potentialAction\":[{\"@type\":\"SearchAction\",\"target\":{\"@type\":\"EntryPoint\",\"urlTemplate\":\"https:\\\/\\\/www.bellunopress.it\\\/?s={search_term_string}\"},\"query-input\":{\"@type\":\"PropertyValueSpecification\",\"valueRequired\":true,\"valueName\":\"search_term_string\"}}],\"inLanguage\":\"fr-FR\"},{\"@type\":\"Organization\",\"@id\":\"https:\\\/\\\/www.bellunopress.it\\\/#organization\",\"name\":\"Bellunopress\",\"url\":\"https:\\\/\\\/www.bellunopress.it\\\/\",\"logo\":{\"@type\":\"ImageObject\",\"inLanguage\":\"fr-FR\",\"@id\":\"https:\\\/\\\/www.bellunopress.it\\\/#\\\/schema\\\/logo\\\/image\\\/\",\"url\":\"https:\\\/\\\/www.bellunopress.it\\\/wp-content\\\/uploads\\\/2011\\\/05\\\/cropped-logo-bellunopress-.jpg\",\"contentUrl\":\"https:\\\/\\\/www.bellunopress.it\\\/wp-content\\\/uploads\\\/2011\\\/05\\\/cropped-logo-bellunopress-.jpg\",\"width\":512,\"height\":512,\"caption\":\"Bellunopress\"},\"image\":{\"@id\":\"https:\\\/\\\/www.bellunopress.it\\\/#\\\/schema\\\/logo\\\/image\\\/\"},\"sameAs\":[\"https:\\\/\\\/www.facebook.com\\\/profile.php?id=100008943462799\",\"https:\\\/\\\/x.com\\\/bellunopress\",\"https:\\\/\\\/www.linkedin.com\\\/hp\\\/?dnr=JBzUWaJfMUw8vbXJJ2tVW5-I3jZKvC4wsoxE&amp;amp;amp;amp;amp;amp;trk=nav_responsive_tab_home\",\"https:\\\/\\\/www.youtube.com\\\/channel\\\/UCxL0wu1uN0_3_7hGG0306cw\"]},{\"@type\":\"Person\",\"@id\":\"https:\\\/\\\/www.bellunopress.it\\\/#\\\/schema\\\/person\\\/79bb06722b37ece1c03d3e94beb30d73\",\"name\":\"redazione\",\"image\":{\"@type\":\"ImageObject\",\"inLanguage\":\"fr-FR\",\"@id\":\"https:\\\/\\\/secure.gravatar.com\\\/avatar\\\/37d968a2e67a6fd04c169c4bdef102d0bc5d31b2546345219e348575eb80e9a0?s=96&d=mm&r=g\",\"url\":\"https:\\\/\\\/secure.gravatar.com\\\/avatar\\\/37d968a2e67a6fd04c169c4bdef102d0bc5d31b2546345219e348575eb80e9a0?s=96&d=mm&r=g\",\"contentUrl\":\"https:\\\/\\\/secure.gravatar.com\\\/avatar\\\/37d968a2e67a6fd04c169c4bdef102d0bc5d31b2546345219e348575eb80e9a0?s=96&d=mm&r=g\",\"caption\":\"redazione\"},\"sameAs\":[\"http:\\\/\\\/www.bellunopress.it\",\"https:\\\/\\\/x.com\\\/bellunopress\"],\"url\":\"https:\\\/\\\/www.bellunopress.it\\\/fr\\\/author\\\/redazione\\\/\"}]}<\/script>\n<!-- \/ Yoast SEO plugin. -->","yoast_head_json":{"title":"Sindrome sgombroide: dimesse le 4 persone curate al pronto soccorso - Bellunopress - Dolomiti","robots":{"index":"index","follow":"follow","max-snippet":"max-snippet:-1","max-image-preview":"max-image-preview:large","max-video-preview":"max-video-preview:-1"},"canonical":"https:\/\/www.bellunopress.it\/fr\/2022\/09\/20\/sindrome-sgombroide-dimesse-le-4-persone-curate-al-pronto-soccorso\/","og_locale":"fr_FR","og_type":"article","og_title":"Sindrome sgombroide: dimesse le 4 persone curate al pronto soccorso - Bellunopress - Dolomiti","og_description":"Belluno, 20 settembre 2022 &#8211; Proseguono, in collaborazione con i Carabinieri del NAS, le indagini per ricostruire il percorso del tonno fresco che ha ieri causato 4 casi di sindrome sgombroide a Belluno. Sono stati finora ispezionati i due ristoranti nei quali hanno pranzato i soggetti colpiti e due fornitori a monte, con sequestro del [&hellip;]","og_url":"https:\/\/www.bellunopress.it\/fr\/2022\/09\/20\/sindrome-sgombroide-dimesse-le-4-persone-curate-al-pronto-soccorso\/","og_site_name":"Bellunopress - Dolomiti","article_publisher":"https:\/\/www.facebook.com\/profile.php?id=100008943462799","article_published_time":"2022-09-20T15:48:48+00:00","og_image":[{"width":900,"height":707,"url":"https:\/\/www.bellunopress.it\/wp-content\/uploads\/2020\/03\/ospedale-pronto-soccorso.jpg","type":"image\/jpeg"}],"author":"redazione","twitter_card":"summary_large_image","twitter_creator":"@bellunopress","twitter_site":"@bellunopress","twitter_misc":{"\u00c9crit par":"redazione","Dur\u00e9e de lecture estim\u00e9e":"4 minutes"},"schema":{"@context":"https:\/\/schema.org","@graph":[{"@type":"Article","@id":"https:\/\/www.bellunopress.it\/2022\/09\/20\/sindrome-sgombroide-dimesse-le-4-persone-curate-al-pronto-soccorso\/#article","isPartOf":{"@id":"https:\/\/www.bellunopress.it\/2022\/09\/20\/sindrome-sgombroide-dimesse-le-4-persone-curate-al-pronto-soccorso\/"},"author":{"name":"redazione","@id":"https:\/\/www.bellunopress.it\/#\/schema\/person\/79bb06722b37ece1c03d3e94beb30d73"},"headline":"Sindrome sgombroide: dimesse le 4 persone curate al pronto soccorso","datePublished":"2022-09-20T15:48:48+00:00","mainEntityOfPage":{"@id":"https:\/\/www.bellunopress.it\/2022\/09\/20\/sindrome-sgombroide-dimesse-le-4-persone-curate-al-pronto-soccorso\/"},"wordCount":709,"publisher":{"@id":"https:\/\/www.bellunopress.it\/#organization"},"image":{"@id":"https:\/\/www.bellunopress.it\/2022\/09\/20\/sindrome-sgombroide-dimesse-le-4-persone-curate-al-pronto-soccorso\/#primaryimage"},"thumbnailUrl":"https:\/\/www.bellunopress.it\/wp-content\/uploads\/2020\/03\/ospedale-pronto-soccorso.jpg","articleSection":["Prima Pagina","Sanit\u00e0 Medicina"],"inLanguage":"fr-FR"},{"@type":"WebPage","@id":"https:\/\/www.bellunopress.it\/2022\/09\/20\/sindrome-sgombroide-dimesse-le-4-persone-curate-al-pronto-soccorso\/","url":"https:\/\/www.bellunopress.it\/2022\/09\/20\/sindrome-sgombroide-dimesse-le-4-persone-curate-al-pronto-soccorso\/","name":"Sindrome sgombroide: dimesse le 4 persone curate al pronto soccorso - Bellunopress - Dolomiti","isPartOf":{"@id":"https:\/\/www.bellunopress.it\/#website"},"primaryImageOfPage":{"@id":"https:\/\/www.bellunopress.it\/2022\/09\/20\/sindrome-sgombroide-dimesse-le-4-persone-curate-al-pronto-soccorso\/#primaryimage"},"image":{"@id":"https:\/\/www.bellunopress.it\/2022\/09\/20\/sindrome-sgombroide-dimesse-le-4-persone-curate-al-pronto-soccorso\/#primaryimage"},"thumbnailUrl":"https:\/\/www.bellunopress.it\/wp-content\/uploads\/2020\/03\/ospedale-pronto-soccorso.jpg","datePublished":"2022-09-20T15:48:48+00:00","breadcrumb":{"@id":"https:\/\/www.bellunopress.it\/2022\/09\/20\/sindrome-sgombroide-dimesse-le-4-persone-curate-al-pronto-soccorso\/#breadcrumb"},"inLanguage":"fr-FR","potentialAction":[{"@type":"ReadAction","target":["https:\/\/www.bellunopress.it\/2022\/09\/20\/sindrome-sgombroide-dimesse-le-4-persone-curate-al-pronto-soccorso\/"]}]},{"@type":"ImageObject","inLanguage":"fr-FR","@id":"https:\/\/www.bellunopress.it\/2022\/09\/20\/sindrome-sgombroide-dimesse-le-4-persone-curate-al-pronto-soccorso\/#primaryimage","url":"https:\/\/www.bellunopress.it\/wp-content\/uploads\/2020\/03\/ospedale-pronto-soccorso.jpg","contentUrl":"https:\/\/www.bellunopress.it\/wp-content\/uploads\/2020\/03\/ospedale-pronto-soccorso.jpg","width":900,"height":707,"caption":"Ospedale \"San Martino\" di Belluno"},{"@type":"BreadcrumbList","@id":"https:\/\/www.bellunopress.it\/2022\/09\/20\/sindrome-sgombroide-dimesse-le-4-persone-curate-al-pronto-soccorso\/#breadcrumb","itemListElement":[{"@type":"ListItem","position":1,"name":"Home","item":"https:\/\/www.bellunopress.it\/"},{"@type":"ListItem","position":2,"name":"Sindrome sgombroide: dimesse le 4 persone curate al pronto soccorso"}]},{"@type":"WebSite","@id":"https:\/\/www.bellunopress.it\/#website","url":"https:\/\/www.bellunopress.it\/","name":"Bellunopress - Dolomiti","description":"e-mail: redazione@bellunopress.it","publisher":{"@id":"https:\/\/www.bellunopress.it\/#organization"},"potentialAction":[{"@type":"SearchAction","target":{"@type":"EntryPoint","urlTemplate":"https:\/\/www.bellunopress.it\/?s={search_term_string}"},"query-input":{"@type":"PropertyValueSpecification","valueRequired":true,"valueName":"search_term_string"}}],"inLanguage":"fr-FR"},{"@type":"Organization","@id":"https:\/\/www.bellunopress.it\/#organization","name":"Bellunopress","url":"https:\/\/www.bellunopress.it\/","logo":{"@type":"ImageObject","inLanguage":"fr-FR","@id":"https:\/\/www.bellunopress.it\/#\/schema\/logo\/image\/","url":"https:\/\/www.bellunopress.it\/wp-content\/uploads\/2011\/05\/cropped-logo-bellunopress-.jpg","contentUrl":"https:\/\/www.bellunopress.it\/wp-content\/uploads\/2011\/05\/cropped-logo-bellunopress-.jpg","width":512,"height":512,"caption":"Bellunopress"},"image":{"@id":"https:\/\/www.bellunopress.it\/#\/schema\/logo\/image\/"},"sameAs":["https:\/\/www.facebook.com\/profile.php?id=100008943462799","https:\/\/x.com\/bellunopress","https:\/\/www.linkedin.com\/hp\/?dnr=JBzUWaJfMUw8vbXJJ2tVW5-I3jZKvC4wsoxE&amp;amp;amp;amp;amp;amp;trk=nav_responsive_tab_home","https:\/\/www.youtube.com\/channel\/UCxL0wu1uN0_3_7hGG0306cw"]},{"@type":"Person","@id":"https:\/\/www.bellunopress.it\/#\/schema\/person\/79bb06722b37ece1c03d3e94beb30d73","name":"r\u00e9daction","image":{"@type":"ImageObject","inLanguage":"fr-FR","@id":"https:\/\/secure.gravatar.com\/avatar\/37d968a2e67a6fd04c169c4bdef102d0bc5d31b2546345219e348575eb80e9a0?s=96&d=mm&r=g","url":"https:\/\/secure.gravatar.com\/avatar\/37d968a2e67a6fd04c169c4bdef102d0bc5d31b2546345219e348575eb80e9a0?s=96&d=mm&r=g","contentUrl":"https:\/\/secure.gravatar.com\/avatar\/37d968a2e67a6fd04c169c4bdef102d0bc5d31b2546345219e348575eb80e9a0?s=96&d=mm&r=g","caption":"redazione"},"sameAs":["http:\/\/www.bellunopress.it","https:\/\/x.com\/bellunopress"],"url":"https:\/\/www.bellunopress.it\/fr\/author\/redazione\/"}]}},"_links":{"self":[{"href":"https:\/\/www.bellunopress.it\/fr\/wp-json\/wp\/v2\/posts\/136535","targetHints":{"allow":["GET"]}}],"collection":[{"href":"https:\/\/www.bellunopress.it\/fr\/wp-json\/wp\/v2\/posts"}],"about":[{"href":"https:\/\/www.bellunopress.it\/fr\/wp-json\/wp\/v2\/types\/post"}],"author":[{"embeddable":true,"href":"https:\/\/www.bellunopress.it\/fr\/wp-json\/wp\/v2\/users\/2"}],"replies":[{"embeddable":true,"href":"https:\/\/www.bellunopress.it\/fr\/wp-json\/wp\/v2\/comments?post=136535"}],"version-history":[{"count":1,"href":"https:\/\/www.bellunopress.it\/fr\/wp-json\/wp\/v2\/posts\/136535\/revisions"}],"predecessor-version":[{"id":136536,"href":"https:\/\/www.bellunopress.it\/fr\/wp-json\/wp\/v2\/posts\/136535\/revisions\/136536"}],"wp:featuredmedia":[{"embeddable":true,"href":"https:\/\/www.bellunopress.it\/fr\/wp-json\/wp\/v2\/media\/112649"}],"wp:attachment":[{"href":"https:\/\/www.bellunopress.it\/fr\/wp-json\/wp\/v2\/media?parent=136535"}],"wp:term":[{"taxonomy":"category","embeddable":true,"href":"https:\/\/www.bellunopress.it\/fr\/wp-json\/wp\/v2\/categories?post=136535"},{"taxonomy":"post_tag","embeddable":true,"href":"https:\/\/www.bellunopress.it\/fr\/wp-json\/wp\/v2\/tags?post=136535"}],"curies":[{"name":"wp","href":"https:\/\/api.w.org\/{rel}","templated":true}]}}