{"id":136524,"date":"2022-09-20T10:44:23","date_gmt":"2022-09-20T08:44:23","guid":{"rendered":"https:\/\/www.bellunopress.it\/?p=136524"},"modified":"2022-09-20T10:47:09","modified_gmt":"2022-09-20T08:47:09","slug":"visita-al-santuario-dei-santi-vittore-e-corona-di-anzu-sabato-con-italia-nostra","status":"publish","type":"post","link":"https:\/\/www.bellunopress.it\/fr\/2022\/09\/20\/visita-al-santuario-dei-santi-vittore-e-corona-di-anzu-sabato-con-italia-nostra\/","title":{"rendered":"Visita al Santuario dei Santi Vittore e Corona di Anz\u00f9, sabato con Italia Nostra"},"content":{"rendered":"<figure id=\"attachment_80298\" aria-describedby=\"caption-attachment-80298\" style=\"width: 300px\" class=\"wp-caption alignleft\"><img loading=\"lazy\" decoding=\"async\" class=\"size-full wp-image-80298\" src=\"https:\/\/www.bellunopress.it\/wp-content\/uploads\/2016\/08\/santuario-vittore-corona-feltre.jpg\" alt=\"\" width=\"300\" height=\"225\" \/><figcaption id=\"caption-attachment-80298\" class=\"wp-caption-text\">Santuario dei Santi Vittore e Corona<\/figcaption><\/figure>\n<p>Nell\u2019ambito della Campagna Giornate Europee del Patrimonio 2022, la pi\u00f9 estesa e partecipata manifestazione culturale d&#8217;Europa, che ha come tema quest\u2019anno \u201cLe mura urbiche\u201d, la Sezione di Belluno di Italia Nostra organizza per sabato 24 settembre alle ore 15.30, presso il Santuario dei Santi Vittore e Corona di Anz\u00f9-Feltre, una visita alla mostra &#8220;La Chiusa e il Santuario: dalla difesa di Feltre alla difesa della fede&#8221;, guidata dall\u2019Arch. Mauro Vedana, che ne \u00e8 anche il curatore.<\/p>\n<p><img loading=\"lazy\" decoding=\"async\" class=\"alignleft size-full wp-image-136526\" src=\"https:\/\/www.bellunopress.it\/wp-content\/uploads\/2022\/09\/Santuario-Vittore-e-Corona_edited.jpg\" alt=\"\" width=\"503\" height=\"220\" srcset=\"https:\/\/www.bellunopress.it\/wp-content\/uploads\/2022\/09\/Santuario-Vittore-e-Corona_edited.jpg 503w, https:\/\/www.bellunopress.it\/wp-content\/uploads\/2022\/09\/Santuario-Vittore-e-Corona_edited-500x219.jpg 500w\" sizes=\"auto, (max-width: 503px) 100vw, 503px\" \/>L\u2019esposizione, allestita nel chiostro del Santuario, presenta 54 pannelli costituiti da testi, foto e grafici, che approfondiscono la storia della Chiusa come struttura militare per la difesa di Feltre, fornendo un panorama dei ritrovamenti avvenuti dal 1970 al 2000 nell\u2019area di San Vittore. La mostra consente di seguire la ricostruzione e la contestualizzazione dell\u2019intero complesso il quale comprende: una parte inferiore con resti in parte affioranti di mura e torri medievali, ancora oggi indicata come Chiusa di S. Vittore; l\u2019area superiore sede del Santuario e dell\u2019antico castello di S. Vittore demolito nel XV secolo; il limite della difesa superiore costituito oggi da pochi ruderi, sede della fortificazione della Rocchetta.<\/p>\n<p>La visita \u00e8 gratuita e riservata ad un gruppo di 20 persone. \u00c8 richiesta la prenotazione entro gioved\u00ec 22 settembre 2021 via e-mail <a href=\"about:blank\">belluno@italianostra.org<\/a>, WhatsApp o SMS al 3293828904<\/p>","protected":false},"excerpt":{"rendered":"<p>Nell\u2019ambito della Campagna Giornate Europee del Patrimonio 2022, la pi\u00f9 estesa e partecipata manifestazione culturale d&#8217;Europa, che ha come tema quest\u2019anno \u201cLe mura urbiche\u201d, la Sezione di Belluno di Italia Nostra organizza per sabato 24 settembre alle ore 15.30, presso il Santuario dei Santi Vittore e Corona di Anz\u00f9-Feltre, una visita alla mostra &#8220;La Chiusa [&hellip;]<\/p>\n","protected":false},"author":2,"featured_media":80298,"comment_status":"closed","ping_status":"open","sticky":false,"template":"","format":"standard","meta":{"footnotes":""},"categories":[27,3,25],"tags":[],"class_list":["post-136524","post","type-post","status-publish","format-standard","has-post-thumbnail","category-appuntamenti","category-arte-cultura-spettacoli-scienza-archivi","category-pausa-caffe"],"yoast_head":"<!-- This site is optimized with the Yoast SEO plugin v28.4 - https:\/\/yoast.com\/product\/yoast-seo-wordpress\/ -->\n<title>Visita al Santuario dei Santi Vittore e Corona di Anz\u00f9, sabato con Italia Nostra - Bellunopress - Dolomiti<\/title>\n<meta name=\"robots\" content=\"index, follow, max-snippet:-1, max-image-preview:large, max-video-preview:-1\" \/>\n<link rel=\"canonical\" href=\"https:\/\/www.bellunopress.it\/fr\/2022\/09\/20\/visita-al-santuario-dei-santi-vittore-e-corona-di-anzu-sabato-con-italia-nostra\/\" \/>\n<meta property=\"og:locale\" content=\"fr_FR\" \/>\n<meta property=\"og:type\" content=\"article\" \/>\n<meta property=\"og:title\" content=\"Visita al Santuario dei Santi Vittore e Corona di Anz\u00f9, sabato con Italia Nostra - Bellunopress - Dolomiti\" \/>\n<meta property=\"og:description\" content=\"Nell\u2019ambito della Campagna Giornate Europee del Patrimonio 2022, la pi\u00f9 estesa e partecipata manifestazione culturale d&#8217;Europa, che ha come tema quest\u2019anno \u201cLe mura urbiche\u201d, la Sezione di Belluno di Italia Nostra organizza per sabato 24 settembre alle ore 15.30, presso il Santuario dei Santi Vittore e Corona di Anz\u00f9-Feltre, una visita alla mostra &#8220;La Chiusa [&hellip;]\" \/>\n<meta property=\"og:url\" content=\"https:\/\/www.bellunopress.it\/fr\/2022\/09\/20\/visita-al-santuario-dei-santi-vittore-e-corona-di-anzu-sabato-con-italia-nostra\/\" \/>\n<meta property=\"og:site_name\" content=\"Bellunopress - Dolomiti\" \/>\n<meta property=\"article:publisher\" content=\"https:\/\/www.facebook.com\/profile.php?id=100008943462799\" \/>\n<meta property=\"article:published_time\" content=\"2022-09-20T08:44:23+00:00\" \/>\n<meta property=\"article:modified_time\" content=\"2022-09-20T08:47:09+00:00\" \/>\n<meta property=\"og:image\" content=\"https:\/\/www.bellunopress.it\/wp-content\/uploads\/2016\/08\/santuario-vittore-corona-feltre.jpg\" \/>\n\t<meta property=\"og:image:width\" content=\"300\" \/>\n\t<meta property=\"og:image:height\" content=\"225\" \/>\n\t<meta property=\"og:image:type\" content=\"image\/jpeg\" \/>\n<meta name=\"author\" content=\"redazione\" \/>\n<meta name=\"twitter:card\" content=\"summary_large_image\" \/>\n<meta name=\"twitter:creator\" content=\"@bellunopress\" \/>\n<meta name=\"twitter:site\" content=\"@bellunopress\" \/>\n<meta name=\"twitter:label1\" content=\"\u00c9crit par\" \/>\n\t<meta name=\"twitter:data1\" content=\"redazione\" \/>\n\t<meta name=\"twitter:label2\" content=\"Dur\u00e9e de lecture estim\u00e9e\" \/>\n\t<meta name=\"twitter:data2\" content=\"2 minutes\" \/>\n<script type=\"application\/ld+json\" class=\"yoast-schema-graph\">{\"@context\":\"https:\\\/\\\/schema.org\",\"@graph\":[{\"@type\":\"Article\",\"@id\":\"https:\\\/\\\/www.bellunopress.it\\\/2022\\\/09\\\/20\\\/visita-al-santuario-dei-santi-vittore-e-corona-di-anzu-sabato-con-italia-nostra\\\/#article\",\"isPartOf\":{\"@id\":\"https:\\\/\\\/www.bellunopress.it\\\/2022\\\/09\\\/20\\\/visita-al-santuario-dei-santi-vittore-e-corona-di-anzu-sabato-con-italia-nostra\\\/\"},\"author\":{\"name\":\"redazione\",\"@id\":\"https:\\\/\\\/www.bellunopress.it\\\/#\\\/schema\\\/person\\\/79bb06722b37ece1c03d3e94beb30d73\"},\"headline\":\"Visita al Santuario dei Santi Vittore e Corona di Anz\u00f9, sabato con Italia Nostra\",\"datePublished\":\"2022-09-20T08:44:23+00:00\",\"dateModified\":\"2022-09-20T08:47:09+00:00\",\"mainEntityOfPage\":{\"@id\":\"https:\\\/\\\/www.bellunopress.it\\\/2022\\\/09\\\/20\\\/visita-al-santuario-dei-santi-vittore-e-corona-di-anzu-sabato-con-italia-nostra\\\/\"},\"wordCount\":240,\"publisher\":{\"@id\":\"https:\\\/\\\/www.bellunopress.it\\\/#organization\"},\"image\":{\"@id\":\"https:\\\/\\\/www.bellunopress.it\\\/2022\\\/09\\\/20\\\/visita-al-santuario-dei-santi-vittore-e-corona-di-anzu-sabato-con-italia-nostra\\\/#primaryimage\"},\"thumbnailUrl\":\"https:\\\/\\\/www.bellunopress.it\\\/wp-content\\\/uploads\\\/2016\\\/08\\\/santuario-vittore-corona-feltre.jpg\",\"articleSection\":[\"Appuntamenti, Eventi\",\"Arte, Cultura, Spettacoli, Scienza\",\"Pausa Caff\u00e8\"],\"inLanguage\":\"fr-FR\"},{\"@type\":\"WebPage\",\"@id\":\"https:\\\/\\\/www.bellunopress.it\\\/2022\\\/09\\\/20\\\/visita-al-santuario-dei-santi-vittore-e-corona-di-anzu-sabato-con-italia-nostra\\\/\",\"url\":\"https:\\\/\\\/www.bellunopress.it\\\/2022\\\/09\\\/20\\\/visita-al-santuario-dei-santi-vittore-e-corona-di-anzu-sabato-con-italia-nostra\\\/\",\"name\":\"Visita al Santuario dei Santi Vittore e Corona di Anz\u00f9, sabato con Italia Nostra - Bellunopress - Dolomiti\",\"isPartOf\":{\"@id\":\"https:\\\/\\\/www.bellunopress.it\\\/#website\"},\"primaryImageOfPage\":{\"@id\":\"https:\\\/\\\/www.bellunopress.it\\\/2022\\\/09\\\/20\\\/visita-al-santuario-dei-santi-vittore-e-corona-di-anzu-sabato-con-italia-nostra\\\/#primaryimage\"},\"image\":{\"@id\":\"https:\\\/\\\/www.bellunopress.it\\\/2022\\\/09\\\/20\\\/visita-al-santuario-dei-santi-vittore-e-corona-di-anzu-sabato-con-italia-nostra\\\/#primaryimage\"},\"thumbnailUrl\":\"https:\\\/\\\/www.bellunopress.it\\\/wp-content\\\/uploads\\\/2016\\\/08\\\/santuario-vittore-corona-feltre.jpg\",\"datePublished\":\"2022-09-20T08:44:23+00:00\",\"dateModified\":\"2022-09-20T08:47:09+00:00\",\"breadcrumb\":{\"@id\":\"https:\\\/\\\/www.bellunopress.it\\\/2022\\\/09\\\/20\\\/visita-al-santuario-dei-santi-vittore-e-corona-di-anzu-sabato-con-italia-nostra\\\/#breadcrumb\"},\"inLanguage\":\"fr-FR\",\"potentialAction\":[{\"@type\":\"ReadAction\",\"target\":[\"https:\\\/\\\/www.bellunopress.it\\\/2022\\\/09\\\/20\\\/visita-al-santuario-dei-santi-vittore-e-corona-di-anzu-sabato-con-italia-nostra\\\/\"]}]},{\"@type\":\"ImageObject\",\"inLanguage\":\"fr-FR\",\"@id\":\"https:\\\/\\\/www.bellunopress.it\\\/2022\\\/09\\\/20\\\/visita-al-santuario-dei-santi-vittore-e-corona-di-anzu-sabato-con-italia-nostra\\\/#primaryimage\",\"url\":\"https:\\\/\\\/www.bellunopress.it\\\/wp-content\\\/uploads\\\/2016\\\/08\\\/santuario-vittore-corona-feltre.jpg\",\"contentUrl\":\"https:\\\/\\\/www.bellunopress.it\\\/wp-content\\\/uploads\\\/2016\\\/08\\\/santuario-vittore-corona-feltre.jpg\",\"width\":300,\"height\":225,\"caption\":\"Santuario dei Santi Vittore e Corona\"},{\"@type\":\"BreadcrumbList\",\"@id\":\"https:\\\/\\\/www.bellunopress.it\\\/2022\\\/09\\\/20\\\/visita-al-santuario-dei-santi-vittore-e-corona-di-anzu-sabato-con-italia-nostra\\\/#breadcrumb\",\"itemListElement\":[{\"@type\":\"ListItem\",\"position\":1,\"name\":\"Home\",\"item\":\"https:\\\/\\\/www.bellunopress.it\\\/\"},{\"@type\":\"ListItem\",\"position\":2,\"name\":\"Visita al Santuario dei Santi Vittore e Corona di Anz\u00f9, sabato con Italia Nostra\"}]},{\"@type\":\"WebSite\",\"@id\":\"https:\\\/\\\/www.bellunopress.it\\\/#website\",\"url\":\"https:\\\/\\\/www.bellunopress.it\\\/\",\"name\":\"Bellunopress - Dolomiti\",\"description\":\"e-mail: redazione@bellunopress.it\",\"publisher\":{\"@id\":\"https:\\\/\\\/www.bellunopress.it\\\/#organization\"},\"potentialAction\":[{\"@type\":\"SearchAction\",\"target\":{\"@type\":\"EntryPoint\",\"urlTemplate\":\"https:\\\/\\\/www.bellunopress.it\\\/?s={search_term_string}\"},\"query-input\":{\"@type\":\"PropertyValueSpecification\",\"valueRequired\":true,\"valueName\":\"search_term_string\"}}],\"inLanguage\":\"fr-FR\"},{\"@type\":\"Organization\",\"@id\":\"https:\\\/\\\/www.bellunopress.it\\\/#organization\",\"name\":\"Bellunopress\",\"url\":\"https:\\\/\\\/www.bellunopress.it\\\/\",\"logo\":{\"@type\":\"ImageObject\",\"inLanguage\":\"fr-FR\",\"@id\":\"https:\\\/\\\/www.bellunopress.it\\\/#\\\/schema\\\/logo\\\/image\\\/\",\"url\":\"https:\\\/\\\/www.bellunopress.it\\\/wp-content\\\/uploads\\\/2011\\\/05\\\/cropped-logo-bellunopress-.jpg\",\"contentUrl\":\"https:\\\/\\\/www.bellunopress.it\\\/wp-content\\\/uploads\\\/2011\\\/05\\\/cropped-logo-bellunopress-.jpg\",\"width\":512,\"height\":512,\"caption\":\"Bellunopress\"},\"image\":{\"@id\":\"https:\\\/\\\/www.bellunopress.it\\\/#\\\/schema\\\/logo\\\/image\\\/\"},\"sameAs\":[\"https:\\\/\\\/www.facebook.com\\\/profile.php?id=100008943462799\",\"https:\\\/\\\/x.com\\\/bellunopress\",\"https:\\\/\\\/www.linkedin.com\\\/hp\\\/?dnr=JBzUWaJfMUw8vbXJJ2tVW5-I3jZKvC4wsoxE&amp;amp;amp;amp;amp;amp;trk=nav_responsive_tab_home\",\"https:\\\/\\\/www.youtube.com\\\/channel\\\/UCxL0wu1uN0_3_7hGG0306cw\"]},{\"@type\":\"Person\",\"@id\":\"https:\\\/\\\/www.bellunopress.it\\\/#\\\/schema\\\/person\\\/79bb06722b37ece1c03d3e94beb30d73\",\"name\":\"redazione\",\"image\":{\"@type\":\"ImageObject\",\"inLanguage\":\"fr-FR\",\"@id\":\"https:\\\/\\\/secure.gravatar.com\\\/avatar\\\/37d968a2e67a6fd04c169c4bdef102d0bc5d31b2546345219e348575eb80e9a0?s=96&d=mm&r=g\",\"url\":\"https:\\\/\\\/secure.gravatar.com\\\/avatar\\\/37d968a2e67a6fd04c169c4bdef102d0bc5d31b2546345219e348575eb80e9a0?s=96&d=mm&r=g\",\"contentUrl\":\"https:\\\/\\\/secure.gravatar.com\\\/avatar\\\/37d968a2e67a6fd04c169c4bdef102d0bc5d31b2546345219e348575eb80e9a0?s=96&d=mm&r=g\",\"caption\":\"redazione\"},\"sameAs\":[\"http:\\\/\\\/www.bellunopress.it\",\"https:\\\/\\\/x.com\\\/bellunopress\"],\"url\":\"https:\\\/\\\/www.bellunopress.it\\\/fr\\\/author\\\/redazione\\\/\"}]}<\/script>\n<!-- \/ Yoast SEO plugin. -->","yoast_head_json":{"title":"Visita al Santuario dei Santi Vittore e Corona di Anz\u00f9, sabato con Italia Nostra - Bellunopress - Dolomiti","robots":{"index":"index","follow":"follow","max-snippet":"max-snippet:-1","max-image-preview":"max-image-preview:large","max-video-preview":"max-video-preview:-1"},"canonical":"https:\/\/www.bellunopress.it\/fr\/2022\/09\/20\/visita-al-santuario-dei-santi-vittore-e-corona-di-anzu-sabato-con-italia-nostra\/","og_locale":"fr_FR","og_type":"article","og_title":"Visita al Santuario dei Santi Vittore e Corona di Anz\u00f9, sabato con Italia Nostra - Bellunopress - Dolomiti","og_description":"Nell\u2019ambito della Campagna Giornate Europee del Patrimonio 2022, la pi\u00f9 estesa e partecipata manifestazione culturale d&#8217;Europa, che ha come tema quest\u2019anno \u201cLe mura urbiche\u201d, la Sezione di Belluno di Italia Nostra organizza per sabato 24 settembre alle ore 15.30, presso il Santuario dei Santi Vittore e Corona di Anz\u00f9-Feltre, una visita alla mostra &#8220;La Chiusa [&hellip;]","og_url":"https:\/\/www.bellunopress.it\/fr\/2022\/09\/20\/visita-al-santuario-dei-santi-vittore-e-corona-di-anzu-sabato-con-italia-nostra\/","og_site_name":"Bellunopress - Dolomiti","article_publisher":"https:\/\/www.facebook.com\/profile.php?id=100008943462799","article_published_time":"2022-09-20T08:44:23+00:00","article_modified_time":"2022-09-20T08:47:09+00:00","og_image":[{"width":300,"height":225,"url":"https:\/\/www.bellunopress.it\/wp-content\/uploads\/2016\/08\/santuario-vittore-corona-feltre.jpg","type":"image\/jpeg"}],"author":"redazione","twitter_card":"summary_large_image","twitter_creator":"@bellunopress","twitter_site":"@bellunopress","twitter_misc":{"\u00c9crit par":"redazione","Dur\u00e9e de lecture estim\u00e9e":"2 minutes"},"schema":{"@context":"https:\/\/schema.org","@graph":[{"@type":"Article","@id":"https:\/\/www.bellunopress.it\/2022\/09\/20\/visita-al-santuario-dei-santi-vittore-e-corona-di-anzu-sabato-con-italia-nostra\/#article","isPartOf":{"@id":"https:\/\/www.bellunopress.it\/2022\/09\/20\/visita-al-santuario-dei-santi-vittore-e-corona-di-anzu-sabato-con-italia-nostra\/"},"author":{"name":"redazione","@id":"https:\/\/www.bellunopress.it\/#\/schema\/person\/79bb06722b37ece1c03d3e94beb30d73"},"headline":"Visita al Santuario dei Santi Vittore e Corona di Anz\u00f9, sabato con Italia Nostra","datePublished":"2022-09-20T08:44:23+00:00","dateModified":"2022-09-20T08:47:09+00:00","mainEntityOfPage":{"@id":"https:\/\/www.bellunopress.it\/2022\/09\/20\/visita-al-santuario-dei-santi-vittore-e-corona-di-anzu-sabato-con-italia-nostra\/"},"wordCount":240,"publisher":{"@id":"https:\/\/www.bellunopress.it\/#organization"},"image":{"@id":"https:\/\/www.bellunopress.it\/2022\/09\/20\/visita-al-santuario-dei-santi-vittore-e-corona-di-anzu-sabato-con-italia-nostra\/#primaryimage"},"thumbnailUrl":"https:\/\/www.bellunopress.it\/wp-content\/uploads\/2016\/08\/santuario-vittore-corona-feltre.jpg","articleSection":["Appuntamenti, Eventi","Arte, Cultura, Spettacoli, Scienza","Pausa Caff\u00e8"],"inLanguage":"fr-FR"},{"@type":"WebPage","@id":"https:\/\/www.bellunopress.it\/2022\/09\/20\/visita-al-santuario-dei-santi-vittore-e-corona-di-anzu-sabato-con-italia-nostra\/","url":"https:\/\/www.bellunopress.it\/2022\/09\/20\/visita-al-santuario-dei-santi-vittore-e-corona-di-anzu-sabato-con-italia-nostra\/","name":"Visita al Santuario dei Santi Vittore e Corona di Anz\u00f9, sabato con Italia Nostra - Bellunopress - Dolomiti","isPartOf":{"@id":"https:\/\/www.bellunopress.it\/#website"},"primaryImageOfPage":{"@id":"https:\/\/www.bellunopress.it\/2022\/09\/20\/visita-al-santuario-dei-santi-vittore-e-corona-di-anzu-sabato-con-italia-nostra\/#primaryimage"},"image":{"@id":"https:\/\/www.bellunopress.it\/2022\/09\/20\/visita-al-santuario-dei-santi-vittore-e-corona-di-anzu-sabato-con-italia-nostra\/#primaryimage"},"thumbnailUrl":"https:\/\/www.bellunopress.it\/wp-content\/uploads\/2016\/08\/santuario-vittore-corona-feltre.jpg","datePublished":"2022-09-20T08:44:23+00:00","dateModified":"2022-09-20T08:47:09+00:00","breadcrumb":{"@id":"https:\/\/www.bellunopress.it\/2022\/09\/20\/visita-al-santuario-dei-santi-vittore-e-corona-di-anzu-sabato-con-italia-nostra\/#breadcrumb"},"inLanguage":"fr-FR","potentialAction":[{"@type":"ReadAction","target":["https:\/\/www.bellunopress.it\/2022\/09\/20\/visita-al-santuario-dei-santi-vittore-e-corona-di-anzu-sabato-con-italia-nostra\/"]}]},{"@type":"ImageObject","inLanguage":"fr-FR","@id":"https:\/\/www.bellunopress.it\/2022\/09\/20\/visita-al-santuario-dei-santi-vittore-e-corona-di-anzu-sabato-con-italia-nostra\/#primaryimage","url":"https:\/\/www.bellunopress.it\/wp-content\/uploads\/2016\/08\/santuario-vittore-corona-feltre.jpg","contentUrl":"https:\/\/www.bellunopress.it\/wp-content\/uploads\/2016\/08\/santuario-vittore-corona-feltre.jpg","width":300,"height":225,"caption":"Santuario dei Santi Vittore e Corona"},{"@type":"BreadcrumbList","@id":"https:\/\/www.bellunopress.it\/2022\/09\/20\/visita-al-santuario-dei-santi-vittore-e-corona-di-anzu-sabato-con-italia-nostra\/#breadcrumb","itemListElement":[{"@type":"ListItem","position":1,"name":"Home","item":"https:\/\/www.bellunopress.it\/"},{"@type":"ListItem","position":2,"name":"Visita al Santuario dei Santi Vittore e Corona di Anz\u00f9, sabato con Italia Nostra"}]},{"@type":"WebSite","@id":"https:\/\/www.bellunopress.it\/#website","url":"https:\/\/www.bellunopress.it\/","name":"Bellunopress - Dolomiti","description":"e-mail: redazione@bellunopress.it","publisher":{"@id":"https:\/\/www.bellunopress.it\/#organization"},"potentialAction":[{"@type":"SearchAction","target":{"@type":"EntryPoint","urlTemplate":"https:\/\/www.bellunopress.it\/?s={search_term_string}"},"query-input":{"@type":"PropertyValueSpecification","valueRequired":true,"valueName":"search_term_string"}}],"inLanguage":"fr-FR"},{"@type":"Organization","@id":"https:\/\/www.bellunopress.it\/#organization","name":"Bellunopress","url":"https:\/\/www.bellunopress.it\/","logo":{"@type":"ImageObject","inLanguage":"fr-FR","@id":"https:\/\/www.bellunopress.it\/#\/schema\/logo\/image\/","url":"https:\/\/www.bellunopress.it\/wp-content\/uploads\/2011\/05\/cropped-logo-bellunopress-.jpg","contentUrl":"https:\/\/www.bellunopress.it\/wp-content\/uploads\/2011\/05\/cropped-logo-bellunopress-.jpg","width":512,"height":512,"caption":"Bellunopress"},"image":{"@id":"https:\/\/www.bellunopress.it\/#\/schema\/logo\/image\/"},"sameAs":["https:\/\/www.facebook.com\/profile.php?id=100008943462799","https:\/\/x.com\/bellunopress","https:\/\/www.linkedin.com\/hp\/?dnr=JBzUWaJfMUw8vbXJJ2tVW5-I3jZKvC4wsoxE&amp;amp;amp;amp;amp;amp;trk=nav_responsive_tab_home","https:\/\/www.youtube.com\/channel\/UCxL0wu1uN0_3_7hGG0306cw"]},{"@type":"Person","@id":"https:\/\/www.bellunopress.it\/#\/schema\/person\/79bb06722b37ece1c03d3e94beb30d73","name":"r\u00e9daction","image":{"@type":"ImageObject","inLanguage":"fr-FR","@id":"https:\/\/secure.gravatar.com\/avatar\/37d968a2e67a6fd04c169c4bdef102d0bc5d31b2546345219e348575eb80e9a0?s=96&d=mm&r=g","url":"https:\/\/secure.gravatar.com\/avatar\/37d968a2e67a6fd04c169c4bdef102d0bc5d31b2546345219e348575eb80e9a0?s=96&d=mm&r=g","contentUrl":"https:\/\/secure.gravatar.com\/avatar\/37d968a2e67a6fd04c169c4bdef102d0bc5d31b2546345219e348575eb80e9a0?s=96&d=mm&r=g","caption":"redazione"},"sameAs":["http:\/\/www.bellunopress.it","https:\/\/x.com\/bellunopress"],"url":"https:\/\/www.bellunopress.it\/fr\/author\/redazione\/"}]}},"_links":{"self":[{"href":"https:\/\/www.bellunopress.it\/fr\/wp-json\/wp\/v2\/posts\/136524","targetHints":{"allow":["GET"]}}],"collection":[{"href":"https:\/\/www.bellunopress.it\/fr\/wp-json\/wp\/v2\/posts"}],"about":[{"href":"https:\/\/www.bellunopress.it\/fr\/wp-json\/wp\/v2\/types\/post"}],"author":[{"embeddable":true,"href":"https:\/\/www.bellunopress.it\/fr\/wp-json\/wp\/v2\/users\/2"}],"replies":[{"embeddable":true,"href":"https:\/\/www.bellunopress.it\/fr\/wp-json\/wp\/v2\/comments?post=136524"}],"version-history":[{"count":2,"href":"https:\/\/www.bellunopress.it\/fr\/wp-json\/wp\/v2\/posts\/136524\/revisions"}],"predecessor-version":[{"id":136527,"href":"https:\/\/www.bellunopress.it\/fr\/wp-json\/wp\/v2\/posts\/136524\/revisions\/136527"}],"wp:featuredmedia":[{"embeddable":true,"href":"https:\/\/www.bellunopress.it\/fr\/wp-json\/wp\/v2\/media\/80298"}],"wp:attachment":[{"href":"https:\/\/www.bellunopress.it\/fr\/wp-json\/wp\/v2\/media?parent=136524"}],"wp:term":[{"taxonomy":"category","embeddable":true,"href":"https:\/\/www.bellunopress.it\/fr\/wp-json\/wp\/v2\/categories?post=136524"},{"taxonomy":"post_tag","embeddable":true,"href":"https:\/\/www.bellunopress.it\/fr\/wp-json\/wp\/v2\/tags?post=136524"}],"curies":[{"name":"wp","href":"https:\/\/api.w.org\/{rel}","templated":true}]}}