{"id":136521,"date":"2022-09-20T10:24:41","date_gmt":"2022-09-20T08:24:41","guid":{"rendered":"https:\/\/www.bellunopress.it\/?p=136521"},"modified":"2022-09-20T10:24:41","modified_gmt":"2022-09-20T08:24:41","slug":"unifarco-fatturato-consolidato-a-73-milioni-164-quota-di-mercato-italia-nel-settore-cosmesi-integratori-make-up-in-farmacia-al-32","status":"publish","type":"post","link":"https:\/\/www.bellunopress.it\/fr\/2022\/09\/20\/unifarco-fatturato-consolidato-a-73-milioni-164-quota-di-mercato-italia-nel-settore-cosmesi-integratori-make-up-in-farmacia-al-32\/","title":{"rendered":"Unifarco: fatturato consolidato a 73 milioni (+16,4%); quota di mercato Italia nel settore cosmesi \u2013 integratori \u2013 make-up in farmacia al 3,2%"},"content":{"rendered":"<p><em><img loading=\"lazy\" decoding=\"async\" class=\"alignleft size-full wp-image-136522\" src=\"https:\/\/www.bellunopress.it\/wp-content\/uploads\/2022\/09\/Unifarco-soci-fondatori-Ernesto-Riva-presidente-Massimo-Slaviero-CEO-Luigi-Corvi-vicepresidente-Gianni-Baratto-vicepresidente.jpg\" alt=\"\" width=\"1000\" height=\"420\" srcset=\"https:\/\/www.bellunopress.it\/wp-content\/uploads\/2022\/09\/Unifarco-soci-fondatori-Ernesto-Riva-presidente-Massimo-Slaviero-CEO-Luigi-Corvi-vicepresidente-Gianni-Baratto-vicepresidente.jpg 1000w, https:\/\/www.bellunopress.it\/wp-content\/uploads\/2022\/09\/Unifarco-soci-fondatori-Ernesto-Riva-presidente-Massimo-Slaviero-CEO-Luigi-Corvi-vicepresidente-Gianni-Baratto-vicepresidente-500x210.jpg 500w, https:\/\/www.bellunopress.it\/wp-content\/uploads\/2022\/09\/Unifarco-soci-fondatori-Ernesto-Riva-presidente-Massimo-Slaviero-CEO-Luigi-Corvi-vicepresidente-Gianni-Baratto-vicepresidente-696x292.jpg 696w\" sizes=\"auto, (max-width: 1000px) 100vw, 1000px\" \/><img loading=\"lazy\" decoding=\"async\" class=\"alignleft size-full wp-image-126446\" src=\"https:\/\/www.bellunopress.it\/wp-content\/uploads\/2021\/07\/Sede-Unifarco_edited.jpg\" alt=\"\" width=\"800\" height=\"450\" srcset=\"https:\/\/www.bellunopress.it\/wp-content\/uploads\/2021\/07\/Sede-Unifarco_edited.jpg 800w, https:\/\/www.bellunopress.it\/wp-content\/uploads\/2021\/07\/Sede-Unifarco_edited-500x281.jpg 500w, https:\/\/www.bellunopress.it\/wp-content\/uploads\/2021\/07\/Sede-Unifarco_edited-696x392.jpg 696w, https:\/\/www.bellunopress.it\/wp-content\/uploads\/2021\/07\/Sede-Unifarco_edited-747x420.jpg 747w\" sizes=\"auto, (max-width: 800px) 100vw, 800px\" \/>Unifarco &#8211; leader in Italia nello sviluppo, nella produzione e nella distribuzione alle farmacie di prodotti cosmetici, nutraceutici, dermatologici, dispositivi medici e make-up \u2013 registra nel primo semestre una crescita del fatturato consolidato del 16,4% rispetto allo stesso periodo del 2021 a 73 milioni di euro, con un utile netto di 5,4 milioni di euro.<\/em><\/p>\n<p>Unifarco, con sede a Santa Giustina (BL), opera in Italia e in Europa, attraverso filiali dirette in Germania e Spagna e reti di vendita in Austria, Francia, Belgio e Svizzera, servendo oltre 5.600 farmacie clienti. Le famiglie dei quattro soci fondatori detengono l&#8217;88,8% delle azioni della societ\u00e0, mentre il residuo 11,2% \u00e8 quasi interamente posseduto da 367 farmacie clienti.<\/p>\n<p>A livello geografico, il fatturato \u00e8 cresciuto in ogni paese, con una performance rilevante in Spagna (+43%) e incrementi significativi in Germania (+12,9%), Francia (+10,4%) e Austria (+5,6%).<\/p>\n<p>A due cifre anche la crescita del fatturato in Italia (+14,6%) che ha consentito all&#8217;azienda di rafforzare la leadership nel settore cosmesi \u2013 integratori \u2013 make-up in farmacia con una quota di mercato del 3,2%.<\/p>\n<p>A livello di linee di prodotto, tutti i brand del Gruppo registrano una forte crescita. Farmacisti Preparatori &#8211; cosmetici, integratori e soluzioni che da pi\u00f9 di 40 anni soddisfano qualsiasi esigenza nel campo della salute, della bellezza e del benessere &#8211; registra +10,8%; Ceramol \u2013 dispositivi medici e dermocosmetici per la riparazione e la difesa della barriera cutanea &#8211; raggiunge il +16,8%; Dolomia \u2013 linea di skin care e make-up &#8211; +44,6%. Gli altri marchi del Gruppo, tra cui il brand specializzato nel ringiovanimento cutaneo MyCli, il brand BIOMALIFE, integratori per l&#8217;equilibrio del microbioma e la riparazione della barriera intestinale e KeyLife, alimenti e integratori funzionali, keto e low carb, per una strategia alimentare antinfiammatoria e pro-longevity \u2013 registrano una crescita totale del +73,1%.<\/p>\n<p>&#8220;I dati di sell-out confermano Unifarco al primo posto nei mercati cosmesi, integratori e make-up in farmacia in Italia con una crescita pari al +8%, superiore alla ripresa del settore, pari al +5,8%*&#8221; commenta Massimo Slaviero, uno dei soci fondatori e CEO di Unifarco. &#8220;Il Gruppo persegue una crescita costante grazie ai numerosi investimenti che interessano il business&#8221;.<\/p>\n<p>Alla luce del contesto di tensione globale sui prezzi di energia e materiali, Unifarco ha messo in atto misure di ottimizzazione dei consumi energetici e ha ulteriormente allargato le fonti di approvvigionamento delle materie prime.<\/p>\n<p>Nella foto, i 4 soci fondatori: Ernesto Riva, presidente; Massimo Slaviero, CEO; Luigi Corvi vicepresidente; Gianni Baratto, vicepresidente.<\/p>","protected":false},"excerpt":{"rendered":"<p>Unifarco &#8211; leader in Italia nello sviluppo, nella produzione e nella distribuzione alle farmacie di prodotti cosmetici, nutraceutici, dermatologici, dispositivi medici e make-up \u2013 registra nel primo semestre una crescita del fatturato consolidato del 16,4% rispetto allo stesso periodo del 2021 a 73 milioni di euro, con un utile netto di 5,4 milioni di euro. [&hellip;]<\/p>\n","protected":false},"author":2,"featured_media":136522,"comment_status":"closed","ping_status":"open","sticky":false,"template":"","format":"standard","meta":{"footnotes":""},"categories":[3446,36,26],"tags":[3537],"class_list":["post-136521","post","type-post","status-publish","format-standard","has-post-thumbnail","category-featured","category-lavoro-economia","category-prima-pagina","tag-unifarco"],"yoast_head":"<!-- This site is optimized with the Yoast SEO plugin v28.4 - https:\/\/yoast.com\/product\/yoast-seo-wordpress\/ -->\n<title>Unifarco: fatturato consolidato a 73 milioni (+16,4%); quota di mercato Italia nel settore cosmesi \u2013 integratori \u2013 make-up in farmacia al 3,2% - Bellunopress - Dolomiti<\/title>\n<meta name=\"robots\" content=\"index, follow, max-snippet:-1, max-image-preview:large, max-video-preview:-1\" \/>\n<link rel=\"canonical\" href=\"https:\/\/www.bellunopress.it\/fr\/2022\/09\/20\/unifarco-fatturato-consolidato-a-73-milioni-164-quota-di-mercato-italia-nel-settore-cosmesi-integratori-make-up-in-farmacia-al-32\/\" \/>\n<meta property=\"og:locale\" content=\"fr_FR\" \/>\n<meta property=\"og:type\" content=\"article\" \/>\n<meta property=\"og:title\" content=\"Unifarco: fatturato consolidato a 73 milioni (+16,4%); quota di mercato Italia nel settore cosmesi \u2013 integratori \u2013 make-up in farmacia al 3,2% - Bellunopress - Dolomiti\" \/>\n<meta property=\"og:description\" content=\"Unifarco &#8211; leader in Italia nello sviluppo, nella produzione e nella distribuzione alle farmacie di prodotti cosmetici, nutraceutici, dermatologici, dispositivi medici e make-up \u2013 registra nel primo semestre una crescita del fatturato consolidato del 16,4% rispetto allo stesso periodo del 2021 a 73 milioni di euro, con un utile netto di 5,4 milioni di euro. [&hellip;]\" \/>\n<meta property=\"og:url\" content=\"https:\/\/www.bellunopress.it\/fr\/2022\/09\/20\/unifarco-fatturato-consolidato-a-73-milioni-164-quota-di-mercato-italia-nel-settore-cosmesi-integratori-make-up-in-farmacia-al-32\/\" \/>\n<meta property=\"og:site_name\" content=\"Bellunopress - Dolomiti\" \/>\n<meta property=\"article:publisher\" content=\"https:\/\/www.facebook.com\/profile.php?id=100008943462799\" \/>\n<meta property=\"article:published_time\" content=\"2022-09-20T08:24:41+00:00\" \/>\n<meta property=\"og:image\" content=\"https:\/\/www.bellunopress.it\/wp-content\/uploads\/2022\/09\/Unifarco-soci-fondatori-Ernesto-Riva-presidente-Massimo-Slaviero-CEO-Luigi-Corvi-vicepresidente-Gianni-Baratto-vicepresidente.jpg\" \/>\n\t<meta property=\"og:image:width\" content=\"1000\" \/>\n\t<meta property=\"og:image:height\" content=\"420\" \/>\n\t<meta property=\"og:image:type\" content=\"image\/jpeg\" \/>\n<meta name=\"author\" content=\"redazione\" \/>\n<meta name=\"twitter:card\" content=\"summary_large_image\" \/>\n<meta name=\"twitter:creator\" content=\"@bellunopress\" \/>\n<meta name=\"twitter:site\" content=\"@bellunopress\" \/>\n<meta name=\"twitter:label1\" content=\"\u00c9crit par\" \/>\n\t<meta name=\"twitter:data1\" content=\"redazione\" \/>\n\t<meta name=\"twitter:label2\" content=\"Dur\u00e9e de lecture estim\u00e9e\" \/>\n\t<meta name=\"twitter:data2\" content=\"3 minutes\" \/>\n<script type=\"application\/ld+json\" class=\"yoast-schema-graph\">{\"@context\":\"https:\\\/\\\/schema.org\",\"@graph\":[{\"@type\":\"Article\",\"@id\":\"https:\\\/\\\/www.bellunopress.it\\\/2022\\\/09\\\/20\\\/unifarco-fatturato-consolidato-a-73-milioni-164-quota-di-mercato-italia-nel-settore-cosmesi-integratori-make-up-in-farmacia-al-32\\\/#article\",\"isPartOf\":{\"@id\":\"https:\\\/\\\/www.bellunopress.it\\\/2022\\\/09\\\/20\\\/unifarco-fatturato-consolidato-a-73-milioni-164-quota-di-mercato-italia-nel-settore-cosmesi-integratori-make-up-in-farmacia-al-32\\\/\"},\"author\":{\"name\":\"redazione\",\"@id\":\"https:\\\/\\\/www.bellunopress.it\\\/#\\\/schema\\\/person\\\/79bb06722b37ece1c03d3e94beb30d73\"},\"headline\":\"Unifarco: fatturato consolidato a 73 milioni (+16,4%); quota di mercato Italia nel settore cosmesi \u2013 integratori \u2013 make-up in farmacia al 3,2%\",\"datePublished\":\"2022-09-20T08:24:41+00:00\",\"mainEntityOfPage\":{\"@id\":\"https:\\\/\\\/www.bellunopress.it\\\/2022\\\/09\\\/20\\\/unifarco-fatturato-consolidato-a-73-milioni-164-quota-di-mercato-italia-nel-settore-cosmesi-integratori-make-up-in-farmacia-al-32\\\/\"},\"wordCount\":402,\"publisher\":{\"@id\":\"https:\\\/\\\/www.bellunopress.it\\\/#organization\"},\"image\":{\"@id\":\"https:\\\/\\\/www.bellunopress.it\\\/2022\\\/09\\\/20\\\/unifarco-fatturato-consolidato-a-73-milioni-164-quota-di-mercato-italia-nel-settore-cosmesi-integratori-make-up-in-farmacia-al-32\\\/#primaryimage\"},\"thumbnailUrl\":\"https:\\\/\\\/www.bellunopress.it\\\/wp-content\\\/uploads\\\/2022\\\/09\\\/Unifarco-soci-fondatori-Ernesto-Riva-presidente-Massimo-Slaviero-CEO-Luigi-Corvi-vicepresidente-Gianni-Baratto-vicepresidente.jpg\",\"keywords\":[\"Unifarco\"],\"articleSection\":[\"Featured\",\"Lavoro, Economia, Turismo\",\"Prima Pagina\"],\"inLanguage\":\"fr-FR\"},{\"@type\":\"WebPage\",\"@id\":\"https:\\\/\\\/www.bellunopress.it\\\/2022\\\/09\\\/20\\\/unifarco-fatturato-consolidato-a-73-milioni-164-quota-di-mercato-italia-nel-settore-cosmesi-integratori-make-up-in-farmacia-al-32\\\/\",\"url\":\"https:\\\/\\\/www.bellunopress.it\\\/2022\\\/09\\\/20\\\/unifarco-fatturato-consolidato-a-73-milioni-164-quota-di-mercato-italia-nel-settore-cosmesi-integratori-make-up-in-farmacia-al-32\\\/\",\"name\":\"Unifarco: fatturato consolidato a 73 milioni (+16,4%); quota di mercato Italia nel settore cosmesi \u2013 integratori \u2013 make-up in farmacia al 3,2% - Bellunopress - Dolomiti\",\"isPartOf\":{\"@id\":\"https:\\\/\\\/www.bellunopress.it\\\/#website\"},\"primaryImageOfPage\":{\"@id\":\"https:\\\/\\\/www.bellunopress.it\\\/2022\\\/09\\\/20\\\/unifarco-fatturato-consolidato-a-73-milioni-164-quota-di-mercato-italia-nel-settore-cosmesi-integratori-make-up-in-farmacia-al-32\\\/#primaryimage\"},\"image\":{\"@id\":\"https:\\\/\\\/www.bellunopress.it\\\/2022\\\/09\\\/20\\\/unifarco-fatturato-consolidato-a-73-milioni-164-quota-di-mercato-italia-nel-settore-cosmesi-integratori-make-up-in-farmacia-al-32\\\/#primaryimage\"},\"thumbnailUrl\":\"https:\\\/\\\/www.bellunopress.it\\\/wp-content\\\/uploads\\\/2022\\\/09\\\/Unifarco-soci-fondatori-Ernesto-Riva-presidente-Massimo-Slaviero-CEO-Luigi-Corvi-vicepresidente-Gianni-Baratto-vicepresidente.jpg\",\"datePublished\":\"2022-09-20T08:24:41+00:00\",\"breadcrumb\":{\"@id\":\"https:\\\/\\\/www.bellunopress.it\\\/2022\\\/09\\\/20\\\/unifarco-fatturato-consolidato-a-73-milioni-164-quota-di-mercato-italia-nel-settore-cosmesi-integratori-make-up-in-farmacia-al-32\\\/#breadcrumb\"},\"inLanguage\":\"fr-FR\",\"potentialAction\":[{\"@type\":\"ReadAction\",\"target\":[\"https:\\\/\\\/www.bellunopress.it\\\/2022\\\/09\\\/20\\\/unifarco-fatturato-consolidato-a-73-milioni-164-quota-di-mercato-italia-nel-settore-cosmesi-integratori-make-up-in-farmacia-al-32\\\/\"]}]},{\"@type\":\"ImageObject\",\"inLanguage\":\"fr-FR\",\"@id\":\"https:\\\/\\\/www.bellunopress.it\\\/2022\\\/09\\\/20\\\/unifarco-fatturato-consolidato-a-73-milioni-164-quota-di-mercato-italia-nel-settore-cosmesi-integratori-make-up-in-farmacia-al-32\\\/#primaryimage\",\"url\":\"https:\\\/\\\/www.bellunopress.it\\\/wp-content\\\/uploads\\\/2022\\\/09\\\/Unifarco-soci-fondatori-Ernesto-Riva-presidente-Massimo-Slaviero-CEO-Luigi-Corvi-vicepresidente-Gianni-Baratto-vicepresidente.jpg\",\"contentUrl\":\"https:\\\/\\\/www.bellunopress.it\\\/wp-content\\\/uploads\\\/2022\\\/09\\\/Unifarco-soci-fondatori-Ernesto-Riva-presidente-Massimo-Slaviero-CEO-Luigi-Corvi-vicepresidente-Gianni-Baratto-vicepresidente.jpg\",\"width\":1000,\"height\":420,\"caption\":\"Unifarco soci fondatori Ernesto Riva, presidente; Massimo Slaviero, CEO; Luigi Corvi vicepresidente; Gianni Baratto, vicepresidente\"},{\"@type\":\"BreadcrumbList\",\"@id\":\"https:\\\/\\\/www.bellunopress.it\\\/2022\\\/09\\\/20\\\/unifarco-fatturato-consolidato-a-73-milioni-164-quota-di-mercato-italia-nel-settore-cosmesi-integratori-make-up-in-farmacia-al-32\\\/#breadcrumb\",\"itemListElement\":[{\"@type\":\"ListItem\",\"position\":1,\"name\":\"Home\",\"item\":\"https:\\\/\\\/www.bellunopress.it\\\/\"},{\"@type\":\"ListItem\",\"position\":2,\"name\":\"Unifarco: fatturato consolidato a 73 milioni (+16,4%); quota di mercato Italia nel settore cosmesi \u2013 integratori \u2013 make-up in farmacia al 3,2%\"}]},{\"@type\":\"WebSite\",\"@id\":\"https:\\\/\\\/www.bellunopress.it\\\/#website\",\"url\":\"https:\\\/\\\/www.bellunopress.it\\\/\",\"name\":\"Bellunopress - Dolomiti\",\"description\":\"e-mail: redazione@bellunopress.it\",\"publisher\":{\"@id\":\"https:\\\/\\\/www.bellunopress.it\\\/#organization\"},\"potentialAction\":[{\"@type\":\"SearchAction\",\"target\":{\"@type\":\"EntryPoint\",\"urlTemplate\":\"https:\\\/\\\/www.bellunopress.it\\\/?s={search_term_string}\"},\"query-input\":{\"@type\":\"PropertyValueSpecification\",\"valueRequired\":true,\"valueName\":\"search_term_string\"}}],\"inLanguage\":\"fr-FR\"},{\"@type\":\"Organization\",\"@id\":\"https:\\\/\\\/www.bellunopress.it\\\/#organization\",\"name\":\"Bellunopress\",\"url\":\"https:\\\/\\\/www.bellunopress.it\\\/\",\"logo\":{\"@type\":\"ImageObject\",\"inLanguage\":\"fr-FR\",\"@id\":\"https:\\\/\\\/www.bellunopress.it\\\/#\\\/schema\\\/logo\\\/image\\\/\",\"url\":\"https:\\\/\\\/www.bellunopress.it\\\/wp-content\\\/uploads\\\/2011\\\/05\\\/cropped-logo-bellunopress-.jpg\",\"contentUrl\":\"https:\\\/\\\/www.bellunopress.it\\\/wp-content\\\/uploads\\\/2011\\\/05\\\/cropped-logo-bellunopress-.jpg\",\"width\":512,\"height\":512,\"caption\":\"Bellunopress\"},\"image\":{\"@id\":\"https:\\\/\\\/www.bellunopress.it\\\/#\\\/schema\\\/logo\\\/image\\\/\"},\"sameAs\":[\"https:\\\/\\\/www.facebook.com\\\/profile.php?id=100008943462799\",\"https:\\\/\\\/x.com\\\/bellunopress\",\"https:\\\/\\\/www.linkedin.com\\\/hp\\\/?dnr=JBzUWaJfMUw8vbXJJ2tVW5-I3jZKvC4wsoxE&amp;amp;amp;amp;amp;amp;trk=nav_responsive_tab_home\",\"https:\\\/\\\/www.youtube.com\\\/channel\\\/UCxL0wu1uN0_3_7hGG0306cw\"]},{\"@type\":\"Person\",\"@id\":\"https:\\\/\\\/www.bellunopress.it\\\/#\\\/schema\\\/person\\\/79bb06722b37ece1c03d3e94beb30d73\",\"name\":\"redazione\",\"image\":{\"@type\":\"ImageObject\",\"inLanguage\":\"fr-FR\",\"@id\":\"https:\\\/\\\/secure.gravatar.com\\\/avatar\\\/37d968a2e67a6fd04c169c4bdef102d0bc5d31b2546345219e348575eb80e9a0?s=96&d=mm&r=g\",\"url\":\"https:\\\/\\\/secure.gravatar.com\\\/avatar\\\/37d968a2e67a6fd04c169c4bdef102d0bc5d31b2546345219e348575eb80e9a0?s=96&d=mm&r=g\",\"contentUrl\":\"https:\\\/\\\/secure.gravatar.com\\\/avatar\\\/37d968a2e67a6fd04c169c4bdef102d0bc5d31b2546345219e348575eb80e9a0?s=96&d=mm&r=g\",\"caption\":\"redazione\"},\"sameAs\":[\"http:\\\/\\\/www.bellunopress.it\",\"https:\\\/\\\/x.com\\\/bellunopress\"],\"url\":\"https:\\\/\\\/www.bellunopress.it\\\/fr\\\/author\\\/redazione\\\/\"}]}<\/script>\n<!-- \/ Yoast SEO plugin. -->","yoast_head_json":{"title":"Unifarco: fatturato consolidato a 73 milioni (+16,4%); quota di mercato Italia nel settore cosmesi \u2013 integratori \u2013 make-up in farmacia al 3,2% - Bellunopress - Dolomiti","robots":{"index":"index","follow":"follow","max-snippet":"max-snippet:-1","max-image-preview":"max-image-preview:large","max-video-preview":"max-video-preview:-1"},"canonical":"https:\/\/www.bellunopress.it\/fr\/2022\/09\/20\/unifarco-fatturato-consolidato-a-73-milioni-164-quota-di-mercato-italia-nel-settore-cosmesi-integratori-make-up-in-farmacia-al-32\/","og_locale":"fr_FR","og_type":"article","og_title":"Unifarco: fatturato consolidato a 73 milioni (+16,4%); quota di mercato Italia nel settore cosmesi \u2013 integratori \u2013 make-up in farmacia al 3,2% - Bellunopress - Dolomiti","og_description":"Unifarco &#8211; leader in Italia nello sviluppo, nella produzione e nella distribuzione alle farmacie di prodotti cosmetici, nutraceutici, dermatologici, dispositivi medici e make-up \u2013 registra nel primo semestre una crescita del fatturato consolidato del 16,4% rispetto allo stesso periodo del 2021 a 73 milioni di euro, con un utile netto di 5,4 milioni di euro. [&hellip;]","og_url":"https:\/\/www.bellunopress.it\/fr\/2022\/09\/20\/unifarco-fatturato-consolidato-a-73-milioni-164-quota-di-mercato-italia-nel-settore-cosmesi-integratori-make-up-in-farmacia-al-32\/","og_site_name":"Bellunopress - Dolomiti","article_publisher":"https:\/\/www.facebook.com\/profile.php?id=100008943462799","article_published_time":"2022-09-20T08:24:41+00:00","og_image":[{"width":1000,"height":420,"url":"https:\/\/www.bellunopress.it\/wp-content\/uploads\/2022\/09\/Unifarco-soci-fondatori-Ernesto-Riva-presidente-Massimo-Slaviero-CEO-Luigi-Corvi-vicepresidente-Gianni-Baratto-vicepresidente.jpg","type":"image\/jpeg"}],"author":"redazione","twitter_card":"summary_large_image","twitter_creator":"@bellunopress","twitter_site":"@bellunopress","twitter_misc":{"\u00c9crit par":"redazione","Dur\u00e9e de lecture estim\u00e9e":"3 minutes"},"schema":{"@context":"https:\/\/schema.org","@graph":[{"@type":"Article","@id":"https:\/\/www.bellunopress.it\/2022\/09\/20\/unifarco-fatturato-consolidato-a-73-milioni-164-quota-di-mercato-italia-nel-settore-cosmesi-integratori-make-up-in-farmacia-al-32\/#article","isPartOf":{"@id":"https:\/\/www.bellunopress.it\/2022\/09\/20\/unifarco-fatturato-consolidato-a-73-milioni-164-quota-di-mercato-italia-nel-settore-cosmesi-integratori-make-up-in-farmacia-al-32\/"},"author":{"name":"redazione","@id":"https:\/\/www.bellunopress.it\/#\/schema\/person\/79bb06722b37ece1c03d3e94beb30d73"},"headline":"Unifarco: fatturato consolidato a 73 milioni (+16,4%); quota di mercato Italia nel settore cosmesi \u2013 integratori \u2013 make-up in farmacia al 3,2%","datePublished":"2022-09-20T08:24:41+00:00","mainEntityOfPage":{"@id":"https:\/\/www.bellunopress.it\/2022\/09\/20\/unifarco-fatturato-consolidato-a-73-milioni-164-quota-di-mercato-italia-nel-settore-cosmesi-integratori-make-up-in-farmacia-al-32\/"},"wordCount":402,"publisher":{"@id":"https:\/\/www.bellunopress.it\/#organization"},"image":{"@id":"https:\/\/www.bellunopress.it\/2022\/09\/20\/unifarco-fatturato-consolidato-a-73-milioni-164-quota-di-mercato-italia-nel-settore-cosmesi-integratori-make-up-in-farmacia-al-32\/#primaryimage"},"thumbnailUrl":"https:\/\/www.bellunopress.it\/wp-content\/uploads\/2022\/09\/Unifarco-soci-fondatori-Ernesto-Riva-presidente-Massimo-Slaviero-CEO-Luigi-Corvi-vicepresidente-Gianni-Baratto-vicepresidente.jpg","keywords":["Unifarco"],"articleSection":["Featured","Lavoro, Economia, Turismo","Prima Pagina"],"inLanguage":"fr-FR"},{"@type":"WebPage","@id":"https:\/\/www.bellunopress.it\/2022\/09\/20\/unifarco-fatturato-consolidato-a-73-milioni-164-quota-di-mercato-italia-nel-settore-cosmesi-integratori-make-up-in-farmacia-al-32\/","url":"https:\/\/www.bellunopress.it\/2022\/09\/20\/unifarco-fatturato-consolidato-a-73-milioni-164-quota-di-mercato-italia-nel-settore-cosmesi-integratori-make-up-in-farmacia-al-32\/","name":"Unifarco: fatturato consolidato a 73 milioni (+16,4%); quota di mercato Italia nel settore cosmesi \u2013 integratori \u2013 make-up in farmacia al 3,2% - Bellunopress - Dolomiti","isPartOf":{"@id":"https:\/\/www.bellunopress.it\/#website"},"primaryImageOfPage":{"@id":"https:\/\/www.bellunopress.it\/2022\/09\/20\/unifarco-fatturato-consolidato-a-73-milioni-164-quota-di-mercato-italia-nel-settore-cosmesi-integratori-make-up-in-farmacia-al-32\/#primaryimage"},"image":{"@id":"https:\/\/www.bellunopress.it\/2022\/09\/20\/unifarco-fatturato-consolidato-a-73-milioni-164-quota-di-mercato-italia-nel-settore-cosmesi-integratori-make-up-in-farmacia-al-32\/#primaryimage"},"thumbnailUrl":"https:\/\/www.bellunopress.it\/wp-content\/uploads\/2022\/09\/Unifarco-soci-fondatori-Ernesto-Riva-presidente-Massimo-Slaviero-CEO-Luigi-Corvi-vicepresidente-Gianni-Baratto-vicepresidente.jpg","datePublished":"2022-09-20T08:24:41+00:00","breadcrumb":{"@id":"https:\/\/www.bellunopress.it\/2022\/09\/20\/unifarco-fatturato-consolidato-a-73-milioni-164-quota-di-mercato-italia-nel-settore-cosmesi-integratori-make-up-in-farmacia-al-32\/#breadcrumb"},"inLanguage":"fr-FR","potentialAction":[{"@type":"ReadAction","target":["https:\/\/www.bellunopress.it\/2022\/09\/20\/unifarco-fatturato-consolidato-a-73-milioni-164-quota-di-mercato-italia-nel-settore-cosmesi-integratori-make-up-in-farmacia-al-32\/"]}]},{"@type":"ImageObject","inLanguage":"fr-FR","@id":"https:\/\/www.bellunopress.it\/2022\/09\/20\/unifarco-fatturato-consolidato-a-73-milioni-164-quota-di-mercato-italia-nel-settore-cosmesi-integratori-make-up-in-farmacia-al-32\/#primaryimage","url":"https:\/\/www.bellunopress.it\/wp-content\/uploads\/2022\/09\/Unifarco-soci-fondatori-Ernesto-Riva-presidente-Massimo-Slaviero-CEO-Luigi-Corvi-vicepresidente-Gianni-Baratto-vicepresidente.jpg","contentUrl":"https:\/\/www.bellunopress.it\/wp-content\/uploads\/2022\/09\/Unifarco-soci-fondatori-Ernesto-Riva-presidente-Massimo-Slaviero-CEO-Luigi-Corvi-vicepresidente-Gianni-Baratto-vicepresidente.jpg","width":1000,"height":420,"caption":"Unifarco soci fondatori Ernesto Riva, presidente; Massimo Slaviero, CEO; Luigi Corvi vicepresidente; Gianni Baratto, vicepresidente"},{"@type":"BreadcrumbList","@id":"https:\/\/www.bellunopress.it\/2022\/09\/20\/unifarco-fatturato-consolidato-a-73-milioni-164-quota-di-mercato-italia-nel-settore-cosmesi-integratori-make-up-in-farmacia-al-32\/#breadcrumb","itemListElement":[{"@type":"ListItem","position":1,"name":"Home","item":"https:\/\/www.bellunopress.it\/"},{"@type":"ListItem","position":2,"name":"Unifarco: fatturato consolidato a 73 milioni (+16,4%); quota di mercato Italia nel settore cosmesi \u2013 integratori \u2013 make-up in farmacia al 3,2%"}]},{"@type":"WebSite","@id":"https:\/\/www.bellunopress.it\/#website","url":"https:\/\/www.bellunopress.it\/","name":"Bellunopress - Dolomiti","description":"e-mail: redazione@bellunopress.it","publisher":{"@id":"https:\/\/www.bellunopress.it\/#organization"},"potentialAction":[{"@type":"SearchAction","target":{"@type":"EntryPoint","urlTemplate":"https:\/\/www.bellunopress.it\/?s={search_term_string}"},"query-input":{"@type":"PropertyValueSpecification","valueRequired":true,"valueName":"search_term_string"}}],"inLanguage":"fr-FR"},{"@type":"Organization","@id":"https:\/\/www.bellunopress.it\/#organization","name":"Bellunopress","url":"https:\/\/www.bellunopress.it\/","logo":{"@type":"ImageObject","inLanguage":"fr-FR","@id":"https:\/\/www.bellunopress.it\/#\/schema\/logo\/image\/","url":"https:\/\/www.bellunopress.it\/wp-content\/uploads\/2011\/05\/cropped-logo-bellunopress-.jpg","contentUrl":"https:\/\/www.bellunopress.it\/wp-content\/uploads\/2011\/05\/cropped-logo-bellunopress-.jpg","width":512,"height":512,"caption":"Bellunopress"},"image":{"@id":"https:\/\/www.bellunopress.it\/#\/schema\/logo\/image\/"},"sameAs":["https:\/\/www.facebook.com\/profile.php?id=100008943462799","https:\/\/x.com\/bellunopress","https:\/\/www.linkedin.com\/hp\/?dnr=JBzUWaJfMUw8vbXJJ2tVW5-I3jZKvC4wsoxE&amp;amp;amp;amp;amp;amp;trk=nav_responsive_tab_home","https:\/\/www.youtube.com\/channel\/UCxL0wu1uN0_3_7hGG0306cw"]},{"@type":"Person","@id":"https:\/\/www.bellunopress.it\/#\/schema\/person\/79bb06722b37ece1c03d3e94beb30d73","name":"r\u00e9daction","image":{"@type":"ImageObject","inLanguage":"fr-FR","@id":"https:\/\/secure.gravatar.com\/avatar\/37d968a2e67a6fd04c169c4bdef102d0bc5d31b2546345219e348575eb80e9a0?s=96&d=mm&r=g","url":"https:\/\/secure.gravatar.com\/avatar\/37d968a2e67a6fd04c169c4bdef102d0bc5d31b2546345219e348575eb80e9a0?s=96&d=mm&r=g","contentUrl":"https:\/\/secure.gravatar.com\/avatar\/37d968a2e67a6fd04c169c4bdef102d0bc5d31b2546345219e348575eb80e9a0?s=96&d=mm&r=g","caption":"redazione"},"sameAs":["http:\/\/www.bellunopress.it","https:\/\/x.com\/bellunopress"],"url":"https:\/\/www.bellunopress.it\/fr\/author\/redazione\/"}]}},"_links":{"self":[{"href":"https:\/\/www.bellunopress.it\/fr\/wp-json\/wp\/v2\/posts\/136521","targetHints":{"allow":["GET"]}}],"collection":[{"href":"https:\/\/www.bellunopress.it\/fr\/wp-json\/wp\/v2\/posts"}],"about":[{"href":"https:\/\/www.bellunopress.it\/fr\/wp-json\/wp\/v2\/types\/post"}],"author":[{"embeddable":true,"href":"https:\/\/www.bellunopress.it\/fr\/wp-json\/wp\/v2\/users\/2"}],"replies":[{"embeddable":true,"href":"https:\/\/www.bellunopress.it\/fr\/wp-json\/wp\/v2\/comments?post=136521"}],"version-history":[{"count":1,"href":"https:\/\/www.bellunopress.it\/fr\/wp-json\/wp\/v2\/posts\/136521\/revisions"}],"predecessor-version":[{"id":136523,"href":"https:\/\/www.bellunopress.it\/fr\/wp-json\/wp\/v2\/posts\/136521\/revisions\/136523"}],"wp:featuredmedia":[{"embeddable":true,"href":"https:\/\/www.bellunopress.it\/fr\/wp-json\/wp\/v2\/media\/136522"}],"wp:attachment":[{"href":"https:\/\/www.bellunopress.it\/fr\/wp-json\/wp\/v2\/media?parent=136521"}],"wp:term":[{"taxonomy":"category","embeddable":true,"href":"https:\/\/www.bellunopress.it\/fr\/wp-json\/wp\/v2\/categories?post=136521"},{"taxonomy":"post_tag","embeddable":true,"href":"https:\/\/www.bellunopress.it\/fr\/wp-json\/wp\/v2\/tags?post=136521"}],"curies":[{"name":"wp","href":"https:\/\/api.w.org\/{rel}","templated":true}]}}