{"id":136519,"date":"2022-09-19T21:05:37","date_gmt":"2022-09-19T19:05:37","guid":{"rendered":"https:\/\/www.bellunopress.it\/?p=136519"},"modified":"2022-09-19T21:05:37","modified_gmt":"2022-09-19T19:05:37","slug":"interventi-di-soccorso-in-montagna-38","status":"publish","type":"post","link":"https:\/\/www.bellunopress.it\/fr\/2022\/09\/19\/interventi-di-soccorso-in-montagna-38\/","title":{"rendered":"Interventi di soccorso in montagna"},"content":{"rendered":"<p><img loading=\"lazy\" decoding=\"async\" class=\"alignleft size-full wp-image-127980\" src=\"https:\/\/www.bellunopress.it\/wp-content\/uploads\/2021\/09\/soccorso-alpino-118_edited.jpg\" alt=\"\" width=\"800\" height=\"544\" srcset=\"https:\/\/www.bellunopress.it\/wp-content\/uploads\/2021\/09\/soccorso-alpino-118_edited.jpg 800w, https:\/\/www.bellunopress.it\/wp-content\/uploads\/2021\/09\/soccorso-alpino-118_edited-500x340.jpg 500w, https:\/\/www.bellunopress.it\/wp-content\/uploads\/2021\/09\/soccorso-alpino-118_edited-696x473.jpg 696w, https:\/\/www.bellunopress.it\/wp-content\/uploads\/2021\/09\/soccorso-alpino-118_edited-618x420.jpg 618w\" sizes=\"auto, (max-width: 800px) 100vw, 800px\" \/>Sovramonte (BL), 19 &#8211; 09 &#8211; 22\u00a0 Attorno alle 14 il Soccorso alpino di Feltre \u00e8 stato attivato a seguito della richiesta di un escursionista in difficolt\u00e0. Salendo il Viaz del Tavernaz, che dalla Via di Schener sale alla Malga Tavernaz, il 67enne di Senigallia (AN), era uscito fuori dal tracciato, stava bene, ma era scivolato perdendo una scarpa. Dalle prime informazioni si doveva trovare vicino al sentiero. Una squadra \u00e8 quindi partita a piedi per individuarlo e recuperarlo, ma dopo alcune ore di cammino, una volta nelle vicinanze &#8211; un centinaio di metri pi\u00f9 sopra &#8211; \u00e8 risultato evidente che l&#8217;uomo si trovasse in realt\u00e0 molto distante dalla traccia, in un punto impegnativo da raggiungere. \u00c8 cos\u00ec intervenuto l&#8217;elicottero del Suem di Pieve di Cadore, che ha trovato il luogo in cui era fermo l&#8217;escursionista dalle comunicazioni che teneva in diretta con i soccorritori. Issato a bordo con 20 metri di verricello, l&#8217;escursionista \u00e8 stato lasciato alla sua macchina.<br \/>\nNel pomeriggio una squadra del Soccorso alpino di Cortina \u00e8 invece intervenuta con il fuoristrada al Rifugio Sennes, per riportare a valle una turista 33enne slovena, che si era fatta male a una caviglia.<\/p>\n<p>Val di Zoldo (BL), 19 &#8211; 09 &#8211; 22\u00a0 Attorno alle 14 l&#8217;elicottero del Suem di Pieve di Cadore \u00e8 volato in Civetta, lungo il tracciato della Ferrata degli Alleghesi, per tre escursionisti bloccati dalla presenza di neve e ghiaccio a circa met\u00e0 itinerario. I tre ragazzi, dai 19 ai 23 anni, di Santa Maria di Sala (VE), che non erano dotati di opportune calzature e attrezzatura, erano fermi su una cengetta a 2.840 metri di quota. Individuati dall&#8217;equipaggio seguendo le coordinate ricevute, il pilota si \u00e8 avvicinato alla parete e ha fatto sbarcare in hovering il tecnico di elisoccorso, che ha raggiunto a piedi i ragazzi. Dopo averli spostati sul vicino spigolo per facilitarne il recupero, i tre sono stati fatti salire dal soccorritore sempre con l&#8217;eliambulanza in hovering, per essere poi trasportati al Rifugio Coldai, dove sono stati lasciati.<\/p>\n<p>&nbsp;<\/p>\n<p>&nbsp;<\/p>","protected":false},"excerpt":{"rendered":"<p>Sovramonte (BL), 19 &#8211; 09 &#8211; 22\u00a0 Attorno alle 14 il Soccorso alpino di Feltre \u00e8 stato attivato a seguito della richiesta di un escursionista in difficolt\u00e0. Salendo il Viaz del Tavernaz, che dalla Via di Schener sale alla Malga Tavernaz, il 67enne di Senigallia (AN), era uscito fuori dal tracciato, stava bene, ma era [&hellip;]<\/p>\n","protected":false},"author":2,"featured_media":127673,"comment_status":"closed","ping_status":"open","sticky":false,"template":"","format":"standard","meta":{"footnotes":""},"categories":[5],"tags":[],"class_list":["post-136519","post","type-post","status-publish","format-standard","has-post-thumbnail","category-cronaca"],"yoast_head":"<!-- This site is optimized with the Yoast SEO plugin v28.4 - https:\/\/yoast.com\/product\/yoast-seo-wordpress\/ -->\n<title>Interventi di soccorso in montagna - Bellunopress - Dolomiti<\/title>\n<meta name=\"robots\" content=\"index, follow, max-snippet:-1, max-image-preview:large, max-video-preview:-1\" \/>\n<link rel=\"canonical\" href=\"https:\/\/www.bellunopress.it\/fr\/2022\/09\/19\/interventi-di-soccorso-in-montagna-38\/\" \/>\n<meta property=\"og:locale\" content=\"fr_FR\" \/>\n<meta property=\"og:type\" content=\"article\" \/>\n<meta property=\"og:title\" content=\"Interventi di soccorso in montagna - Bellunopress - Dolomiti\" \/>\n<meta property=\"og:description\" content=\"Sovramonte (BL), 19 &#8211; 09 &#8211; 22\u00a0 Attorno alle 14 il Soccorso alpino di Feltre \u00e8 stato attivato a seguito della richiesta di un escursionista in difficolt\u00e0. Salendo il Viaz del Tavernaz, che dalla Via di Schener sale alla Malga Tavernaz, il 67enne di Senigallia (AN), era uscito fuori dal tracciato, stava bene, ma era [&hellip;]\" \/>\n<meta property=\"og:url\" content=\"https:\/\/www.bellunopress.it\/fr\/2022\/09\/19\/interventi-di-soccorso-in-montagna-38\/\" \/>\n<meta property=\"og:site_name\" content=\"Bellunopress - Dolomiti\" \/>\n<meta property=\"article:publisher\" content=\"https:\/\/www.facebook.com\/profile.php?id=100008943462799\" \/>\n<meta property=\"article:published_time\" content=\"2022-09-19T19:05:37+00:00\" \/>\n<meta property=\"og:image\" content=\"https:\/\/www.bellunopress.it\/wp-content\/uploads\/2021\/09\/soccorso-alpino_edited.jpg\" \/>\n\t<meta property=\"og:image:width\" content=\"600\" \/>\n\t<meta property=\"og:image:height\" content=\"800\" \/>\n\t<meta property=\"og:image:type\" content=\"image\/jpeg\" \/>\n<meta name=\"author\" content=\"redazione\" \/>\n<meta name=\"twitter:card\" content=\"summary_large_image\" \/>\n<meta name=\"twitter:creator\" content=\"@bellunopress\" \/>\n<meta name=\"twitter:site\" content=\"@bellunopress\" \/>\n<meta name=\"twitter:label1\" content=\"\u00c9crit par\" \/>\n\t<meta name=\"twitter:data1\" content=\"redazione\" \/>\n\t<meta name=\"twitter:label2\" content=\"Dur\u00e9e de lecture estim\u00e9e\" \/>\n\t<meta name=\"twitter:data2\" content=\"2 minutes\" \/>\n<script type=\"application\/ld+json\" class=\"yoast-schema-graph\">{\"@context\":\"https:\\\/\\\/schema.org\",\"@graph\":[{\"@type\":\"Article\",\"@id\":\"https:\\\/\\\/www.bellunopress.it\\\/2022\\\/09\\\/19\\\/interventi-di-soccorso-in-montagna-38\\\/#article\",\"isPartOf\":{\"@id\":\"https:\\\/\\\/www.bellunopress.it\\\/2022\\\/09\\\/19\\\/interventi-di-soccorso-in-montagna-38\\\/\"},\"author\":{\"name\":\"redazione\",\"@id\":\"https:\\\/\\\/www.bellunopress.it\\\/#\\\/schema\\\/person\\\/79bb06722b37ece1c03d3e94beb30d73\"},\"headline\":\"Interventi di soccorso in montagna\",\"datePublished\":\"2022-09-19T19:05:37+00:00\",\"mainEntityOfPage\":{\"@id\":\"https:\\\/\\\/www.bellunopress.it\\\/2022\\\/09\\\/19\\\/interventi-di-soccorso-in-montagna-38\\\/\"},\"wordCount\":329,\"publisher\":{\"@id\":\"https:\\\/\\\/www.bellunopress.it\\\/#organization\"},\"image\":{\"@id\":\"https:\\\/\\\/www.bellunopress.it\\\/2022\\\/09\\\/19\\\/interventi-di-soccorso-in-montagna-38\\\/#primaryimage\"},\"thumbnailUrl\":\"https:\\\/\\\/www.bellunopress.it\\\/wp-content\\\/uploads\\\/2021\\\/09\\\/soccorso-alpino_edited.jpg\",\"articleSection\":[\"Cronaca\\\/Politica\"],\"inLanguage\":\"fr-FR\"},{\"@type\":\"WebPage\",\"@id\":\"https:\\\/\\\/www.bellunopress.it\\\/2022\\\/09\\\/19\\\/interventi-di-soccorso-in-montagna-38\\\/\",\"url\":\"https:\\\/\\\/www.bellunopress.it\\\/2022\\\/09\\\/19\\\/interventi-di-soccorso-in-montagna-38\\\/\",\"name\":\"Interventi di soccorso in montagna - Bellunopress - Dolomiti\",\"isPartOf\":{\"@id\":\"https:\\\/\\\/www.bellunopress.it\\\/#website\"},\"primaryImageOfPage\":{\"@id\":\"https:\\\/\\\/www.bellunopress.it\\\/2022\\\/09\\\/19\\\/interventi-di-soccorso-in-montagna-38\\\/#primaryimage\"},\"image\":{\"@id\":\"https:\\\/\\\/www.bellunopress.it\\\/2022\\\/09\\\/19\\\/interventi-di-soccorso-in-montagna-38\\\/#primaryimage\"},\"thumbnailUrl\":\"https:\\\/\\\/www.bellunopress.it\\\/wp-content\\\/uploads\\\/2021\\\/09\\\/soccorso-alpino_edited.jpg\",\"datePublished\":\"2022-09-19T19:05:37+00:00\",\"breadcrumb\":{\"@id\":\"https:\\\/\\\/www.bellunopress.it\\\/2022\\\/09\\\/19\\\/interventi-di-soccorso-in-montagna-38\\\/#breadcrumb\"},\"inLanguage\":\"fr-FR\",\"potentialAction\":[{\"@type\":\"ReadAction\",\"target\":[\"https:\\\/\\\/www.bellunopress.it\\\/2022\\\/09\\\/19\\\/interventi-di-soccorso-in-montagna-38\\\/\"]}]},{\"@type\":\"ImageObject\",\"inLanguage\":\"fr-FR\",\"@id\":\"https:\\\/\\\/www.bellunopress.it\\\/2022\\\/09\\\/19\\\/interventi-di-soccorso-in-montagna-38\\\/#primaryimage\",\"url\":\"https:\\\/\\\/www.bellunopress.it\\\/wp-content\\\/uploads\\\/2021\\\/09\\\/soccorso-alpino_edited.jpg\",\"contentUrl\":\"https:\\\/\\\/www.bellunopress.it\\\/wp-content\\\/uploads\\\/2021\\\/09\\\/soccorso-alpino_edited.jpg\",\"width\":600,\"height\":800},{\"@type\":\"BreadcrumbList\",\"@id\":\"https:\\\/\\\/www.bellunopress.it\\\/2022\\\/09\\\/19\\\/interventi-di-soccorso-in-montagna-38\\\/#breadcrumb\",\"itemListElement\":[{\"@type\":\"ListItem\",\"position\":1,\"name\":\"Home\",\"item\":\"https:\\\/\\\/www.bellunopress.it\\\/\"},{\"@type\":\"ListItem\",\"position\":2,\"name\":\"Interventi di soccorso in montagna\"}]},{\"@type\":\"WebSite\",\"@id\":\"https:\\\/\\\/www.bellunopress.it\\\/#website\",\"url\":\"https:\\\/\\\/www.bellunopress.it\\\/\",\"name\":\"Bellunopress - Dolomiti\",\"description\":\"e-mail: redazione@bellunopress.it\",\"publisher\":{\"@id\":\"https:\\\/\\\/www.bellunopress.it\\\/#organization\"},\"potentialAction\":[{\"@type\":\"SearchAction\",\"target\":{\"@type\":\"EntryPoint\",\"urlTemplate\":\"https:\\\/\\\/www.bellunopress.it\\\/?s={search_term_string}\"},\"query-input\":{\"@type\":\"PropertyValueSpecification\",\"valueRequired\":true,\"valueName\":\"search_term_string\"}}],\"inLanguage\":\"fr-FR\"},{\"@type\":\"Organization\",\"@id\":\"https:\\\/\\\/www.bellunopress.it\\\/#organization\",\"name\":\"Bellunopress\",\"url\":\"https:\\\/\\\/www.bellunopress.it\\\/\",\"logo\":{\"@type\":\"ImageObject\",\"inLanguage\":\"fr-FR\",\"@id\":\"https:\\\/\\\/www.bellunopress.it\\\/#\\\/schema\\\/logo\\\/image\\\/\",\"url\":\"https:\\\/\\\/www.bellunopress.it\\\/wp-content\\\/uploads\\\/2011\\\/05\\\/cropped-logo-bellunopress-.jpg\",\"contentUrl\":\"https:\\\/\\\/www.bellunopress.it\\\/wp-content\\\/uploads\\\/2011\\\/05\\\/cropped-logo-bellunopress-.jpg\",\"width\":512,\"height\":512,\"caption\":\"Bellunopress\"},\"image\":{\"@id\":\"https:\\\/\\\/www.bellunopress.it\\\/#\\\/schema\\\/logo\\\/image\\\/\"},\"sameAs\":[\"https:\\\/\\\/www.facebook.com\\\/profile.php?id=100008943462799\",\"https:\\\/\\\/x.com\\\/bellunopress\",\"https:\\\/\\\/www.linkedin.com\\\/hp\\\/?dnr=JBzUWaJfMUw8vbXJJ2tVW5-I3jZKvC4wsoxE&amp;amp;amp;amp;amp;amp;trk=nav_responsive_tab_home\",\"https:\\\/\\\/www.youtube.com\\\/channel\\\/UCxL0wu1uN0_3_7hGG0306cw\"]},{\"@type\":\"Person\",\"@id\":\"https:\\\/\\\/www.bellunopress.it\\\/#\\\/schema\\\/person\\\/79bb06722b37ece1c03d3e94beb30d73\",\"name\":\"redazione\",\"image\":{\"@type\":\"ImageObject\",\"inLanguage\":\"fr-FR\",\"@id\":\"https:\\\/\\\/secure.gravatar.com\\\/avatar\\\/37d968a2e67a6fd04c169c4bdef102d0bc5d31b2546345219e348575eb80e9a0?s=96&d=mm&r=g\",\"url\":\"https:\\\/\\\/secure.gravatar.com\\\/avatar\\\/37d968a2e67a6fd04c169c4bdef102d0bc5d31b2546345219e348575eb80e9a0?s=96&d=mm&r=g\",\"contentUrl\":\"https:\\\/\\\/secure.gravatar.com\\\/avatar\\\/37d968a2e67a6fd04c169c4bdef102d0bc5d31b2546345219e348575eb80e9a0?s=96&d=mm&r=g\",\"caption\":\"redazione\"},\"sameAs\":[\"http:\\\/\\\/www.bellunopress.it\",\"https:\\\/\\\/x.com\\\/bellunopress\"],\"url\":\"https:\\\/\\\/www.bellunopress.it\\\/fr\\\/author\\\/redazione\\\/\"}]}<\/script>\n<!-- \/ Yoast SEO plugin. -->","yoast_head_json":{"title":"Interventi di soccorso in montagna - Bellunopress - Dolomiti","robots":{"index":"index","follow":"follow","max-snippet":"max-snippet:-1","max-image-preview":"max-image-preview:large","max-video-preview":"max-video-preview:-1"},"canonical":"https:\/\/www.bellunopress.it\/fr\/2022\/09\/19\/interventi-di-soccorso-in-montagna-38\/","og_locale":"fr_FR","og_type":"article","og_title":"Interventi di soccorso in montagna - Bellunopress - Dolomiti","og_description":"Sovramonte (BL), 19 &#8211; 09 &#8211; 22\u00a0 Attorno alle 14 il Soccorso alpino di Feltre \u00e8 stato attivato a seguito della richiesta di un escursionista in difficolt\u00e0. Salendo il Viaz del Tavernaz, che dalla Via di Schener sale alla Malga Tavernaz, il 67enne di Senigallia (AN), era uscito fuori dal tracciato, stava bene, ma era [&hellip;]","og_url":"https:\/\/www.bellunopress.it\/fr\/2022\/09\/19\/interventi-di-soccorso-in-montagna-38\/","og_site_name":"Bellunopress - Dolomiti","article_publisher":"https:\/\/www.facebook.com\/profile.php?id=100008943462799","article_published_time":"2022-09-19T19:05:37+00:00","og_image":[{"width":600,"height":800,"url":"https:\/\/www.bellunopress.it\/wp-content\/uploads\/2021\/09\/soccorso-alpino_edited.jpg","type":"image\/jpeg"}],"author":"redazione","twitter_card":"summary_large_image","twitter_creator":"@bellunopress","twitter_site":"@bellunopress","twitter_misc":{"\u00c9crit par":"redazione","Dur\u00e9e de lecture estim\u00e9e":"2 minutes"},"schema":{"@context":"https:\/\/schema.org","@graph":[{"@type":"Article","@id":"https:\/\/www.bellunopress.it\/2022\/09\/19\/interventi-di-soccorso-in-montagna-38\/#article","isPartOf":{"@id":"https:\/\/www.bellunopress.it\/2022\/09\/19\/interventi-di-soccorso-in-montagna-38\/"},"author":{"name":"redazione","@id":"https:\/\/www.bellunopress.it\/#\/schema\/person\/79bb06722b37ece1c03d3e94beb30d73"},"headline":"Interventi di soccorso in montagna","datePublished":"2022-09-19T19:05:37+00:00","mainEntityOfPage":{"@id":"https:\/\/www.bellunopress.it\/2022\/09\/19\/interventi-di-soccorso-in-montagna-38\/"},"wordCount":329,"publisher":{"@id":"https:\/\/www.bellunopress.it\/#organization"},"image":{"@id":"https:\/\/www.bellunopress.it\/2022\/09\/19\/interventi-di-soccorso-in-montagna-38\/#primaryimage"},"thumbnailUrl":"https:\/\/www.bellunopress.it\/wp-content\/uploads\/2021\/09\/soccorso-alpino_edited.jpg","articleSection":["Cronaca\/Politica"],"inLanguage":"fr-FR"},{"@type":"WebPage","@id":"https:\/\/www.bellunopress.it\/2022\/09\/19\/interventi-di-soccorso-in-montagna-38\/","url":"https:\/\/www.bellunopress.it\/2022\/09\/19\/interventi-di-soccorso-in-montagna-38\/","name":"Interventi di soccorso in montagna - Bellunopress - Dolomiti","isPartOf":{"@id":"https:\/\/www.bellunopress.it\/#website"},"primaryImageOfPage":{"@id":"https:\/\/www.bellunopress.it\/2022\/09\/19\/interventi-di-soccorso-in-montagna-38\/#primaryimage"},"image":{"@id":"https:\/\/www.bellunopress.it\/2022\/09\/19\/interventi-di-soccorso-in-montagna-38\/#primaryimage"},"thumbnailUrl":"https:\/\/www.bellunopress.it\/wp-content\/uploads\/2021\/09\/soccorso-alpino_edited.jpg","datePublished":"2022-09-19T19:05:37+00:00","breadcrumb":{"@id":"https:\/\/www.bellunopress.it\/2022\/09\/19\/interventi-di-soccorso-in-montagna-38\/#breadcrumb"},"inLanguage":"fr-FR","potentialAction":[{"@type":"ReadAction","target":["https:\/\/www.bellunopress.it\/2022\/09\/19\/interventi-di-soccorso-in-montagna-38\/"]}]},{"@type":"ImageObject","inLanguage":"fr-FR","@id":"https:\/\/www.bellunopress.it\/2022\/09\/19\/interventi-di-soccorso-in-montagna-38\/#primaryimage","url":"https:\/\/www.bellunopress.it\/wp-content\/uploads\/2021\/09\/soccorso-alpino_edited.jpg","contentUrl":"https:\/\/www.bellunopress.it\/wp-content\/uploads\/2021\/09\/soccorso-alpino_edited.jpg","width":600,"height":800},{"@type":"BreadcrumbList","@id":"https:\/\/www.bellunopress.it\/2022\/09\/19\/interventi-di-soccorso-in-montagna-38\/#breadcrumb","itemListElement":[{"@type":"ListItem","position":1,"name":"Home","item":"https:\/\/www.bellunopress.it\/"},{"@type":"ListItem","position":2,"name":"Interventi di soccorso in montagna"}]},{"@type":"WebSite","@id":"https:\/\/www.bellunopress.it\/#website","url":"https:\/\/www.bellunopress.it\/","name":"Bellunopress - Dolomiti","description":"e-mail: redazione@bellunopress.it","publisher":{"@id":"https:\/\/www.bellunopress.it\/#organization"},"potentialAction":[{"@type":"SearchAction","target":{"@type":"EntryPoint","urlTemplate":"https:\/\/www.bellunopress.it\/?s={search_term_string}"},"query-input":{"@type":"PropertyValueSpecification","valueRequired":true,"valueName":"search_term_string"}}],"inLanguage":"fr-FR"},{"@type":"Organization","@id":"https:\/\/www.bellunopress.it\/#organization","name":"Bellunopress","url":"https:\/\/www.bellunopress.it\/","logo":{"@type":"ImageObject","inLanguage":"fr-FR","@id":"https:\/\/www.bellunopress.it\/#\/schema\/logo\/image\/","url":"https:\/\/www.bellunopress.it\/wp-content\/uploads\/2011\/05\/cropped-logo-bellunopress-.jpg","contentUrl":"https:\/\/www.bellunopress.it\/wp-content\/uploads\/2011\/05\/cropped-logo-bellunopress-.jpg","width":512,"height":512,"caption":"Bellunopress"},"image":{"@id":"https:\/\/www.bellunopress.it\/#\/schema\/logo\/image\/"},"sameAs":["https:\/\/www.facebook.com\/profile.php?id=100008943462799","https:\/\/x.com\/bellunopress","https:\/\/www.linkedin.com\/hp\/?dnr=JBzUWaJfMUw8vbXJJ2tVW5-I3jZKvC4wsoxE&amp;amp;amp;amp;amp;amp;trk=nav_responsive_tab_home","https:\/\/www.youtube.com\/channel\/UCxL0wu1uN0_3_7hGG0306cw"]},{"@type":"Person","@id":"https:\/\/www.bellunopress.it\/#\/schema\/person\/79bb06722b37ece1c03d3e94beb30d73","name":"r\u00e9daction","image":{"@type":"ImageObject","inLanguage":"fr-FR","@id":"https:\/\/secure.gravatar.com\/avatar\/37d968a2e67a6fd04c169c4bdef102d0bc5d31b2546345219e348575eb80e9a0?s=96&d=mm&r=g","url":"https:\/\/secure.gravatar.com\/avatar\/37d968a2e67a6fd04c169c4bdef102d0bc5d31b2546345219e348575eb80e9a0?s=96&d=mm&r=g","contentUrl":"https:\/\/secure.gravatar.com\/avatar\/37d968a2e67a6fd04c169c4bdef102d0bc5d31b2546345219e348575eb80e9a0?s=96&d=mm&r=g","caption":"redazione"},"sameAs":["http:\/\/www.bellunopress.it","https:\/\/x.com\/bellunopress"],"url":"https:\/\/www.bellunopress.it\/fr\/author\/redazione\/"}]}},"_links":{"self":[{"href":"https:\/\/www.bellunopress.it\/fr\/wp-json\/wp\/v2\/posts\/136519","targetHints":{"allow":["GET"]}}],"collection":[{"href":"https:\/\/www.bellunopress.it\/fr\/wp-json\/wp\/v2\/posts"}],"about":[{"href":"https:\/\/www.bellunopress.it\/fr\/wp-json\/wp\/v2\/types\/post"}],"author":[{"embeddable":true,"href":"https:\/\/www.bellunopress.it\/fr\/wp-json\/wp\/v2\/users\/2"}],"replies":[{"embeddable":true,"href":"https:\/\/www.bellunopress.it\/fr\/wp-json\/wp\/v2\/comments?post=136519"}],"version-history":[{"count":1,"href":"https:\/\/www.bellunopress.it\/fr\/wp-json\/wp\/v2\/posts\/136519\/revisions"}],"predecessor-version":[{"id":136520,"href":"https:\/\/www.bellunopress.it\/fr\/wp-json\/wp\/v2\/posts\/136519\/revisions\/136520"}],"wp:featuredmedia":[{"embeddable":true,"href":"https:\/\/www.bellunopress.it\/fr\/wp-json\/wp\/v2\/media\/127673"}],"wp:attachment":[{"href":"https:\/\/www.bellunopress.it\/fr\/wp-json\/wp\/v2\/media?parent=136519"}],"wp:term":[{"taxonomy":"category","embeddable":true,"href":"https:\/\/www.bellunopress.it\/fr\/wp-json\/wp\/v2\/categories?post=136519"},{"taxonomy":"post_tag","embeddable":true,"href":"https:\/\/www.bellunopress.it\/fr\/wp-json\/wp\/v2\/tags?post=136519"}],"curies":[{"name":"wp","href":"https:\/\/api.w.org\/{rel}","templated":true}]}}