{"id":136509,"date":"2022-09-19T18:17:49","date_gmt":"2022-09-19T16:17:49","guid":{"rendered":"https:\/\/www.bellunopress.it\/?p=136509"},"modified":"2022-09-19T18:17:49","modified_gmt":"2022-09-19T16:17:49","slug":"superbonus-no-ai-video-come-prova-dei-lavori-eseguiti-lordine-degli-architetti-contro-la-proposta-deloitte-societa-di-certificazione","status":"publish","type":"post","link":"https:\/\/www.bellunopress.it\/fr\/2022\/09\/19\/superbonus-no-ai-video-come-prova-dei-lavori-eseguiti-lordine-degli-architetti-contro-la-proposta-deloitte-societa-di-certificazione\/","title":{"rendered":"Superbonus, no ai video come prova dei lavori eseguiti. L&#8217;Ordine degli architetti contro la proposta Deloitte societ\u00e0 di certificazione"},"content":{"rendered":"<figure id=\"attachment_90029\" aria-describedby=\"caption-attachment-90029\" style=\"width: 244px\" class=\"wp-caption alignleft\"><img loading=\"lazy\" decoding=\"async\" class=\"size-full wp-image-90029\" src=\"https:\/\/www.bellunopress.it\/wp-content\/uploads\/2017\/10\/Fabiola-De-Battista-architetto.jpg\" alt=\"\" width=\"244\" height=\"300\" \/><figcaption id=\"caption-attachment-90029\" class=\"wp-caption-text\">Fabiola De Battista<\/figcaption><\/figure>\n<p><em>L\u2019Ordine degli Architetti e Pianificatori Paesaggisti e Conservatori di Belluno si oppone alle richieste della societ\u00e0 di certificazione Deloitte di produrre video da caricare sulla piattaforma a dimostrazione della veridicit\u00e0 delle dichiarazioni redatte dai propri professionisti in merito al Superbonus.<\/em><\/p>\n<p>Belluno, 19\/09\/2022 &#8211; L\u2019Ordine degli Architetti, Pianificatori, Paesaggisti e Conservatori, della Provincia di Belluno si mostra sconcertato e esprime il proprio disappunto verso quanto richiesto negli ultimi giorni dalla piattaforma Deloitte di produrre dei video che vadano a dimostrare la veridicit\u00e0 delle dichiarazioni prodotte da professionisti a prova che i lavori eseguiti in ambito Superbonus siano completati almeno al 30% entro il 30 settembre 2022 ai fini della cessione del credito.<\/p>\n<p>Lo sconcerto e il disappunto derivano non solo dal fatto che una piattaforma come Deloitte, che si occupa di gestione della cessione del credito per uno dei maggiori operatori finanziari come IntesaSanPaolo richieda ai professionisti ulteriori adempimenti non obbligatori e non richiesti dalla normativa in vigore a pochi giorni dalla data di scadenza del 30 settembre.<br \/>\nRiteniamo che questo atteggiamento sia sintomo di una profonda mancanza di rispetto nei confronti delle nostre categorie professionali che stanno impiegando da tempo tutte le proprie energie e competenze a servizio della collettivit\u00e0, andando a fornire un servizio pubblico nello spirito della sussidiariet\u00e0 come ci viene richiesta dalla pubblica amministrazione.<\/p>\n<p>Comprendiamo la necessit\u00e0 da parte degli operatori finanziari di tutelarsi contro eventuali truffe, ma appare assurdo che dopo aver richiesto di produrre l\u2019asseverazione di noi tecnici, averci fatto sottoscrivere specifiche polizze a copertura della quota del SAL verificata anche da Enea, dopo aver introdotto l\u2019obbligo dell\u2019invio di una pec ai committenti e all\u2019impresa contenente dichiarazioni e tutta la documentazione probatoria possibile (foto, sal, dichiarazioni del professionista, libretto delle misure) vengano richiesti ulteriori dimostrazioni di veridicit\u00e0 delle nostre dichiarazioni.<\/p>\n<p>Le regole non si cambiano in corsa, non si impongono last minute 10 gg prima delle scadenze e non si mette in questo modo in discussione la professionalit\u00e0 degli architetti. Le nostre asseverazioni gi\u00e0 contemplano e ci espongono alla responsabilit\u00e0 professionale civile, penale e patrimoniale, e ci\u00f2 gi\u00e0 \u00e8 sufficiente per dare garanzia della correttezza delle azioni senza dover scendere a ridicole procedure.<br \/>\nCi\u00f2 significa non rispettare competenze, responsabilit\u00e0 e ruoli.<br \/>\nE la nostra rappresenta una presa di posizione non contrattabile.<\/p>\n<p>Arch. Fabiola De Battista<br \/>\nPresidente Ordine Architetti Pianificatori Paesaggisti e Conservatori di Belluno<\/p>","protected":false},"excerpt":{"rendered":"<p>L\u2019Ordine degli Architetti e Pianificatori Paesaggisti e Conservatori di Belluno si oppone alle richieste della societ\u00e0 di certificazione Deloitte di produrre video da caricare sulla piattaforma a dimostrazione della veridicit\u00e0 delle dichiarazioni redatte dai propri professionisti in merito al Superbonus. Belluno, 19\/09\/2022 &#8211; L\u2019Ordine degli Architetti, Pianificatori, Paesaggisti e Conservatori, della Provincia di Belluno si [&hellip;]<\/p>\n","protected":false},"author":2,"featured_media":90029,"comment_status":"closed","ping_status":"open","sticky":false,"template":"","format":"standard","meta":{"footnotes":""},"categories":[5,36],"tags":[],"class_list":["post-136509","post","type-post","status-publish","format-standard","has-post-thumbnail","category-cronaca","category-lavoro-economia"],"yoast_head":"<!-- This site is optimized with the Yoast SEO plugin v28.4 - https:\/\/yoast.com\/product\/yoast-seo-wordpress\/ -->\n<title>Superbonus, no ai video come prova dei lavori eseguiti. L&#039;Ordine degli architetti contro la proposta Deloitte societ\u00e0 di certificazione - Bellunopress - Dolomiti<\/title>\n<meta name=\"robots\" content=\"index, follow, max-snippet:-1, max-image-preview:large, max-video-preview:-1\" \/>\n<link rel=\"canonical\" href=\"https:\/\/www.bellunopress.it\/fr\/2022\/09\/19\/superbonus-no-ai-video-come-prova-dei-lavori-eseguiti-lordine-degli-architetti-contro-la-proposta-deloitte-societa-di-certificazione\/\" \/>\n<meta property=\"og:locale\" content=\"fr_FR\" \/>\n<meta property=\"og:type\" content=\"article\" \/>\n<meta property=\"og:title\" content=\"Superbonus, no ai video come prova dei lavori eseguiti. L&#039;Ordine degli architetti contro la proposta Deloitte societ\u00e0 di certificazione - Bellunopress - Dolomiti\" \/>\n<meta property=\"og:description\" content=\"L\u2019Ordine degli Architetti e Pianificatori Paesaggisti e Conservatori di Belluno si oppone alle richieste della societ\u00e0 di certificazione Deloitte di produrre video da caricare sulla piattaforma a dimostrazione della veridicit\u00e0 delle dichiarazioni redatte dai propri professionisti in merito al Superbonus. Belluno, 19\/09\/2022 &#8211; L\u2019Ordine degli Architetti, Pianificatori, Paesaggisti e Conservatori, della Provincia di Belluno si [&hellip;]\" \/>\n<meta property=\"og:url\" content=\"https:\/\/www.bellunopress.it\/fr\/2022\/09\/19\/superbonus-no-ai-video-come-prova-dei-lavori-eseguiti-lordine-degli-architetti-contro-la-proposta-deloitte-societa-di-certificazione\/\" \/>\n<meta property=\"og:site_name\" content=\"Bellunopress - Dolomiti\" \/>\n<meta property=\"article:publisher\" content=\"https:\/\/www.facebook.com\/profile.php?id=100008943462799\" \/>\n<meta property=\"article:published_time\" content=\"2022-09-19T16:17:49+00:00\" \/>\n<meta property=\"og:image\" content=\"https:\/\/www.bellunopress.it\/wp-content\/uploads\/2017\/10\/Fabiola-De-Battista-architetto.jpg\" \/>\n\t<meta property=\"og:image:width\" content=\"244\" \/>\n\t<meta property=\"og:image:height\" content=\"300\" \/>\n\t<meta property=\"og:image:type\" content=\"image\/jpeg\" \/>\n<meta name=\"author\" content=\"redazione\" \/>\n<meta name=\"twitter:card\" content=\"summary_large_image\" \/>\n<meta name=\"twitter:creator\" content=\"@bellunopress\" \/>\n<meta name=\"twitter:site\" content=\"@bellunopress\" \/>\n<meta name=\"twitter:label1\" content=\"\u00c9crit par\" \/>\n\t<meta name=\"twitter:data1\" content=\"redazione\" \/>\n\t<meta name=\"twitter:label2\" content=\"Dur\u00e9e de lecture estim\u00e9e\" \/>\n\t<meta name=\"twitter:data2\" content=\"3 minutes\" \/>\n<script type=\"application\/ld+json\" class=\"yoast-schema-graph\">{\"@context\":\"https:\\\/\\\/schema.org\",\"@graph\":[{\"@type\":\"Article\",\"@id\":\"https:\\\/\\\/www.bellunopress.it\\\/2022\\\/09\\\/19\\\/superbonus-no-ai-video-come-prova-dei-lavori-eseguiti-lordine-degli-architetti-contro-la-proposta-deloitte-societa-di-certificazione\\\/#article\",\"isPartOf\":{\"@id\":\"https:\\\/\\\/www.bellunopress.it\\\/2022\\\/09\\\/19\\\/superbonus-no-ai-video-come-prova-dei-lavori-eseguiti-lordine-degli-architetti-contro-la-proposta-deloitte-societa-di-certificazione\\\/\"},\"author\":{\"name\":\"redazione\",\"@id\":\"https:\\\/\\\/www.bellunopress.it\\\/#\\\/schema\\\/person\\\/79bb06722b37ece1c03d3e94beb30d73\"},\"headline\":\"Superbonus, no ai video come prova dei lavori eseguiti. L&#8217;Ordine degli architetti contro la proposta Deloitte societ\u00e0 di certificazione\",\"datePublished\":\"2022-09-19T16:17:49+00:00\",\"mainEntityOfPage\":{\"@id\":\"https:\\\/\\\/www.bellunopress.it\\\/2022\\\/09\\\/19\\\/superbonus-no-ai-video-come-prova-dei-lavori-eseguiti-lordine-degli-architetti-contro-la-proposta-deloitte-societa-di-certificazione\\\/\"},\"wordCount\":418,\"publisher\":{\"@id\":\"https:\\\/\\\/www.bellunopress.it\\\/#organization\"},\"image\":{\"@id\":\"https:\\\/\\\/www.bellunopress.it\\\/2022\\\/09\\\/19\\\/superbonus-no-ai-video-come-prova-dei-lavori-eseguiti-lordine-degli-architetti-contro-la-proposta-deloitte-societa-di-certificazione\\\/#primaryimage\"},\"thumbnailUrl\":\"https:\\\/\\\/www.bellunopress.it\\\/wp-content\\\/uploads\\\/2017\\\/10\\\/Fabiola-De-Battista-architetto.jpg\",\"articleSection\":[\"Cronaca\\\/Politica\",\"Lavoro, Economia, Turismo\"],\"inLanguage\":\"fr-FR\"},{\"@type\":\"WebPage\",\"@id\":\"https:\\\/\\\/www.bellunopress.it\\\/2022\\\/09\\\/19\\\/superbonus-no-ai-video-come-prova-dei-lavori-eseguiti-lordine-degli-architetti-contro-la-proposta-deloitte-societa-di-certificazione\\\/\",\"url\":\"https:\\\/\\\/www.bellunopress.it\\\/2022\\\/09\\\/19\\\/superbonus-no-ai-video-come-prova-dei-lavori-eseguiti-lordine-degli-architetti-contro-la-proposta-deloitte-societa-di-certificazione\\\/\",\"name\":\"Superbonus, no ai video come prova dei lavori eseguiti. L'Ordine degli architetti contro la proposta Deloitte societ\u00e0 di certificazione - Bellunopress - Dolomiti\",\"isPartOf\":{\"@id\":\"https:\\\/\\\/www.bellunopress.it\\\/#website\"},\"primaryImageOfPage\":{\"@id\":\"https:\\\/\\\/www.bellunopress.it\\\/2022\\\/09\\\/19\\\/superbonus-no-ai-video-come-prova-dei-lavori-eseguiti-lordine-degli-architetti-contro-la-proposta-deloitte-societa-di-certificazione\\\/#primaryimage\"},\"image\":{\"@id\":\"https:\\\/\\\/www.bellunopress.it\\\/2022\\\/09\\\/19\\\/superbonus-no-ai-video-come-prova-dei-lavori-eseguiti-lordine-degli-architetti-contro-la-proposta-deloitte-societa-di-certificazione\\\/#primaryimage\"},\"thumbnailUrl\":\"https:\\\/\\\/www.bellunopress.it\\\/wp-content\\\/uploads\\\/2017\\\/10\\\/Fabiola-De-Battista-architetto.jpg\",\"datePublished\":\"2022-09-19T16:17:49+00:00\",\"breadcrumb\":{\"@id\":\"https:\\\/\\\/www.bellunopress.it\\\/2022\\\/09\\\/19\\\/superbonus-no-ai-video-come-prova-dei-lavori-eseguiti-lordine-degli-architetti-contro-la-proposta-deloitte-societa-di-certificazione\\\/#breadcrumb\"},\"inLanguage\":\"fr-FR\",\"potentialAction\":[{\"@type\":\"ReadAction\",\"target\":[\"https:\\\/\\\/www.bellunopress.it\\\/2022\\\/09\\\/19\\\/superbonus-no-ai-video-come-prova-dei-lavori-eseguiti-lordine-degli-architetti-contro-la-proposta-deloitte-societa-di-certificazione\\\/\"]}]},{\"@type\":\"ImageObject\",\"inLanguage\":\"fr-FR\",\"@id\":\"https:\\\/\\\/www.bellunopress.it\\\/2022\\\/09\\\/19\\\/superbonus-no-ai-video-come-prova-dei-lavori-eseguiti-lordine-degli-architetti-contro-la-proposta-deloitte-societa-di-certificazione\\\/#primaryimage\",\"url\":\"https:\\\/\\\/www.bellunopress.it\\\/wp-content\\\/uploads\\\/2017\\\/10\\\/Fabiola-De-Battista-architetto.jpg\",\"contentUrl\":\"https:\\\/\\\/www.bellunopress.it\\\/wp-content\\\/uploads\\\/2017\\\/10\\\/Fabiola-De-Battista-architetto.jpg\",\"width\":244,\"height\":300,\"caption\":\"Fabiola De Battista\"},{\"@type\":\"BreadcrumbList\",\"@id\":\"https:\\\/\\\/www.bellunopress.it\\\/2022\\\/09\\\/19\\\/superbonus-no-ai-video-come-prova-dei-lavori-eseguiti-lordine-degli-architetti-contro-la-proposta-deloitte-societa-di-certificazione\\\/#breadcrumb\",\"itemListElement\":[{\"@type\":\"ListItem\",\"position\":1,\"name\":\"Home\",\"item\":\"https:\\\/\\\/www.bellunopress.it\\\/\"},{\"@type\":\"ListItem\",\"position\":2,\"name\":\"Superbonus, no ai video come prova dei lavori eseguiti. L&#8217;Ordine degli architetti contro la proposta Deloitte societ\u00e0 di certificazione\"}]},{\"@type\":\"WebSite\",\"@id\":\"https:\\\/\\\/www.bellunopress.it\\\/#website\",\"url\":\"https:\\\/\\\/www.bellunopress.it\\\/\",\"name\":\"Bellunopress - Dolomiti\",\"description\":\"e-mail: redazione@bellunopress.it\",\"publisher\":{\"@id\":\"https:\\\/\\\/www.bellunopress.it\\\/#organization\"},\"potentialAction\":[{\"@type\":\"SearchAction\",\"target\":{\"@type\":\"EntryPoint\",\"urlTemplate\":\"https:\\\/\\\/www.bellunopress.it\\\/?s={search_term_string}\"},\"query-input\":{\"@type\":\"PropertyValueSpecification\",\"valueRequired\":true,\"valueName\":\"search_term_string\"}}],\"inLanguage\":\"fr-FR\"},{\"@type\":\"Organization\",\"@id\":\"https:\\\/\\\/www.bellunopress.it\\\/#organization\",\"name\":\"Bellunopress\",\"url\":\"https:\\\/\\\/www.bellunopress.it\\\/\",\"logo\":{\"@type\":\"ImageObject\",\"inLanguage\":\"fr-FR\",\"@id\":\"https:\\\/\\\/www.bellunopress.it\\\/#\\\/schema\\\/logo\\\/image\\\/\",\"url\":\"https:\\\/\\\/www.bellunopress.it\\\/wp-content\\\/uploads\\\/2011\\\/05\\\/cropped-logo-bellunopress-.jpg\",\"contentUrl\":\"https:\\\/\\\/www.bellunopress.it\\\/wp-content\\\/uploads\\\/2011\\\/05\\\/cropped-logo-bellunopress-.jpg\",\"width\":512,\"height\":512,\"caption\":\"Bellunopress\"},\"image\":{\"@id\":\"https:\\\/\\\/www.bellunopress.it\\\/#\\\/schema\\\/logo\\\/image\\\/\"},\"sameAs\":[\"https:\\\/\\\/www.facebook.com\\\/profile.php?id=100008943462799\",\"https:\\\/\\\/x.com\\\/bellunopress\",\"https:\\\/\\\/www.linkedin.com\\\/hp\\\/?dnr=JBzUWaJfMUw8vbXJJ2tVW5-I3jZKvC4wsoxE&amp;amp;amp;amp;amp;amp;trk=nav_responsive_tab_home\",\"https:\\\/\\\/www.youtube.com\\\/channel\\\/UCxL0wu1uN0_3_7hGG0306cw\"]},{\"@type\":\"Person\",\"@id\":\"https:\\\/\\\/www.bellunopress.it\\\/#\\\/schema\\\/person\\\/79bb06722b37ece1c03d3e94beb30d73\",\"name\":\"redazione\",\"image\":{\"@type\":\"ImageObject\",\"inLanguage\":\"fr-FR\",\"@id\":\"https:\\\/\\\/secure.gravatar.com\\\/avatar\\\/37d968a2e67a6fd04c169c4bdef102d0bc5d31b2546345219e348575eb80e9a0?s=96&d=mm&r=g\",\"url\":\"https:\\\/\\\/secure.gravatar.com\\\/avatar\\\/37d968a2e67a6fd04c169c4bdef102d0bc5d31b2546345219e348575eb80e9a0?s=96&d=mm&r=g\",\"contentUrl\":\"https:\\\/\\\/secure.gravatar.com\\\/avatar\\\/37d968a2e67a6fd04c169c4bdef102d0bc5d31b2546345219e348575eb80e9a0?s=96&d=mm&r=g\",\"caption\":\"redazione\"},\"sameAs\":[\"http:\\\/\\\/www.bellunopress.it\",\"https:\\\/\\\/x.com\\\/bellunopress\"],\"url\":\"https:\\\/\\\/www.bellunopress.it\\\/fr\\\/author\\\/redazione\\\/\"}]}<\/script>\n<!-- \/ Yoast SEO plugin. -->","yoast_head_json":{"title":"Superbonus, no ai video come prova dei lavori eseguiti. L'Ordine degli architetti contro la proposta Deloitte societ\u00e0 di certificazione - Bellunopress - Dolomiti","robots":{"index":"index","follow":"follow","max-snippet":"max-snippet:-1","max-image-preview":"max-image-preview:large","max-video-preview":"max-video-preview:-1"},"canonical":"https:\/\/www.bellunopress.it\/fr\/2022\/09\/19\/superbonus-no-ai-video-come-prova-dei-lavori-eseguiti-lordine-degli-architetti-contro-la-proposta-deloitte-societa-di-certificazione\/","og_locale":"fr_FR","og_type":"article","og_title":"Superbonus, no ai video come prova dei lavori eseguiti. L'Ordine degli architetti contro la proposta Deloitte societ\u00e0 di certificazione - Bellunopress - Dolomiti","og_description":"L\u2019Ordine degli Architetti e Pianificatori Paesaggisti e Conservatori di Belluno si oppone alle richieste della societ\u00e0 di certificazione Deloitte di produrre video da caricare sulla piattaforma a dimostrazione della veridicit\u00e0 delle dichiarazioni redatte dai propri professionisti in merito al Superbonus. Belluno, 19\/09\/2022 &#8211; L\u2019Ordine degli Architetti, Pianificatori, Paesaggisti e Conservatori, della Provincia di Belluno si [&hellip;]","og_url":"https:\/\/www.bellunopress.it\/fr\/2022\/09\/19\/superbonus-no-ai-video-come-prova-dei-lavori-eseguiti-lordine-degli-architetti-contro-la-proposta-deloitte-societa-di-certificazione\/","og_site_name":"Bellunopress - Dolomiti","article_publisher":"https:\/\/www.facebook.com\/profile.php?id=100008943462799","article_published_time":"2022-09-19T16:17:49+00:00","og_image":[{"width":244,"height":300,"url":"https:\/\/www.bellunopress.it\/wp-content\/uploads\/2017\/10\/Fabiola-De-Battista-architetto.jpg","type":"image\/jpeg"}],"author":"redazione","twitter_card":"summary_large_image","twitter_creator":"@bellunopress","twitter_site":"@bellunopress","twitter_misc":{"\u00c9crit par":"redazione","Dur\u00e9e de lecture estim\u00e9e":"3 minutes"},"schema":{"@context":"https:\/\/schema.org","@graph":[{"@type":"Article","@id":"https:\/\/www.bellunopress.it\/2022\/09\/19\/superbonus-no-ai-video-come-prova-dei-lavori-eseguiti-lordine-degli-architetti-contro-la-proposta-deloitte-societa-di-certificazione\/#article","isPartOf":{"@id":"https:\/\/www.bellunopress.it\/2022\/09\/19\/superbonus-no-ai-video-come-prova-dei-lavori-eseguiti-lordine-degli-architetti-contro-la-proposta-deloitte-societa-di-certificazione\/"},"author":{"name":"redazione","@id":"https:\/\/www.bellunopress.it\/#\/schema\/person\/79bb06722b37ece1c03d3e94beb30d73"},"headline":"Superbonus, no ai video come prova dei lavori eseguiti. L&#8217;Ordine degli architetti contro la proposta Deloitte societ\u00e0 di certificazione","datePublished":"2022-09-19T16:17:49+00:00","mainEntityOfPage":{"@id":"https:\/\/www.bellunopress.it\/2022\/09\/19\/superbonus-no-ai-video-come-prova-dei-lavori-eseguiti-lordine-degli-architetti-contro-la-proposta-deloitte-societa-di-certificazione\/"},"wordCount":418,"publisher":{"@id":"https:\/\/www.bellunopress.it\/#organization"},"image":{"@id":"https:\/\/www.bellunopress.it\/2022\/09\/19\/superbonus-no-ai-video-come-prova-dei-lavori-eseguiti-lordine-degli-architetti-contro-la-proposta-deloitte-societa-di-certificazione\/#primaryimage"},"thumbnailUrl":"https:\/\/www.bellunopress.it\/wp-content\/uploads\/2017\/10\/Fabiola-De-Battista-architetto.jpg","articleSection":["Cronaca\/Politica","Lavoro, Economia, Turismo"],"inLanguage":"fr-FR"},{"@type":"WebPage","@id":"https:\/\/www.bellunopress.it\/2022\/09\/19\/superbonus-no-ai-video-come-prova-dei-lavori-eseguiti-lordine-degli-architetti-contro-la-proposta-deloitte-societa-di-certificazione\/","url":"https:\/\/www.bellunopress.it\/2022\/09\/19\/superbonus-no-ai-video-come-prova-dei-lavori-eseguiti-lordine-degli-architetti-contro-la-proposta-deloitte-societa-di-certificazione\/","name":"Superbonus, no ai video come prova dei lavori eseguiti. L'Ordine degli architetti contro la proposta Deloitte societ\u00e0 di certificazione - Bellunopress - Dolomiti","isPartOf":{"@id":"https:\/\/www.bellunopress.it\/#website"},"primaryImageOfPage":{"@id":"https:\/\/www.bellunopress.it\/2022\/09\/19\/superbonus-no-ai-video-come-prova-dei-lavori-eseguiti-lordine-degli-architetti-contro-la-proposta-deloitte-societa-di-certificazione\/#primaryimage"},"image":{"@id":"https:\/\/www.bellunopress.it\/2022\/09\/19\/superbonus-no-ai-video-come-prova-dei-lavori-eseguiti-lordine-degli-architetti-contro-la-proposta-deloitte-societa-di-certificazione\/#primaryimage"},"thumbnailUrl":"https:\/\/www.bellunopress.it\/wp-content\/uploads\/2017\/10\/Fabiola-De-Battista-architetto.jpg","datePublished":"2022-09-19T16:17:49+00:00","breadcrumb":{"@id":"https:\/\/www.bellunopress.it\/2022\/09\/19\/superbonus-no-ai-video-come-prova-dei-lavori-eseguiti-lordine-degli-architetti-contro-la-proposta-deloitte-societa-di-certificazione\/#breadcrumb"},"inLanguage":"fr-FR","potentialAction":[{"@type":"ReadAction","target":["https:\/\/www.bellunopress.it\/2022\/09\/19\/superbonus-no-ai-video-come-prova-dei-lavori-eseguiti-lordine-degli-architetti-contro-la-proposta-deloitte-societa-di-certificazione\/"]}]},{"@type":"ImageObject","inLanguage":"fr-FR","@id":"https:\/\/www.bellunopress.it\/2022\/09\/19\/superbonus-no-ai-video-come-prova-dei-lavori-eseguiti-lordine-degli-architetti-contro-la-proposta-deloitte-societa-di-certificazione\/#primaryimage","url":"https:\/\/www.bellunopress.it\/wp-content\/uploads\/2017\/10\/Fabiola-De-Battista-architetto.jpg","contentUrl":"https:\/\/www.bellunopress.it\/wp-content\/uploads\/2017\/10\/Fabiola-De-Battista-architetto.jpg","width":244,"height":300,"caption":"Fabiola De Battista"},{"@type":"BreadcrumbList","@id":"https:\/\/www.bellunopress.it\/2022\/09\/19\/superbonus-no-ai-video-come-prova-dei-lavori-eseguiti-lordine-degli-architetti-contro-la-proposta-deloitte-societa-di-certificazione\/#breadcrumb","itemListElement":[{"@type":"ListItem","position":1,"name":"Home","item":"https:\/\/www.bellunopress.it\/"},{"@type":"ListItem","position":2,"name":"Superbonus, no ai video come prova dei lavori eseguiti. L&#8217;Ordine degli architetti contro la proposta Deloitte societ\u00e0 di certificazione"}]},{"@type":"WebSite","@id":"https:\/\/www.bellunopress.it\/#website","url":"https:\/\/www.bellunopress.it\/","name":"Bellunopress - Dolomiti","description":"e-mail: redazione@bellunopress.it","publisher":{"@id":"https:\/\/www.bellunopress.it\/#organization"},"potentialAction":[{"@type":"SearchAction","target":{"@type":"EntryPoint","urlTemplate":"https:\/\/www.bellunopress.it\/?s={search_term_string}"},"query-input":{"@type":"PropertyValueSpecification","valueRequired":true,"valueName":"search_term_string"}}],"inLanguage":"fr-FR"},{"@type":"Organization","@id":"https:\/\/www.bellunopress.it\/#organization","name":"Bellunopress","url":"https:\/\/www.bellunopress.it\/","logo":{"@type":"ImageObject","inLanguage":"fr-FR","@id":"https:\/\/www.bellunopress.it\/#\/schema\/logo\/image\/","url":"https:\/\/www.bellunopress.it\/wp-content\/uploads\/2011\/05\/cropped-logo-bellunopress-.jpg","contentUrl":"https:\/\/www.bellunopress.it\/wp-content\/uploads\/2011\/05\/cropped-logo-bellunopress-.jpg","width":512,"height":512,"caption":"Bellunopress"},"image":{"@id":"https:\/\/www.bellunopress.it\/#\/schema\/logo\/image\/"},"sameAs":["https:\/\/www.facebook.com\/profile.php?id=100008943462799","https:\/\/x.com\/bellunopress","https:\/\/www.linkedin.com\/hp\/?dnr=JBzUWaJfMUw8vbXJJ2tVW5-I3jZKvC4wsoxE&amp;amp;amp;amp;amp;amp;trk=nav_responsive_tab_home","https:\/\/www.youtube.com\/channel\/UCxL0wu1uN0_3_7hGG0306cw"]},{"@type":"Person","@id":"https:\/\/www.bellunopress.it\/#\/schema\/person\/79bb06722b37ece1c03d3e94beb30d73","name":"r\u00e9daction","image":{"@type":"ImageObject","inLanguage":"fr-FR","@id":"https:\/\/secure.gravatar.com\/avatar\/37d968a2e67a6fd04c169c4bdef102d0bc5d31b2546345219e348575eb80e9a0?s=96&d=mm&r=g","url":"https:\/\/secure.gravatar.com\/avatar\/37d968a2e67a6fd04c169c4bdef102d0bc5d31b2546345219e348575eb80e9a0?s=96&d=mm&r=g","contentUrl":"https:\/\/secure.gravatar.com\/avatar\/37d968a2e67a6fd04c169c4bdef102d0bc5d31b2546345219e348575eb80e9a0?s=96&d=mm&r=g","caption":"redazione"},"sameAs":["http:\/\/www.bellunopress.it","https:\/\/x.com\/bellunopress"],"url":"https:\/\/www.bellunopress.it\/fr\/author\/redazione\/"}]}},"_links":{"self":[{"href":"https:\/\/www.bellunopress.it\/fr\/wp-json\/wp\/v2\/posts\/136509","targetHints":{"allow":["GET"]}}],"collection":[{"href":"https:\/\/www.bellunopress.it\/fr\/wp-json\/wp\/v2\/posts"}],"about":[{"href":"https:\/\/www.bellunopress.it\/fr\/wp-json\/wp\/v2\/types\/post"}],"author":[{"embeddable":true,"href":"https:\/\/www.bellunopress.it\/fr\/wp-json\/wp\/v2\/users\/2"}],"replies":[{"embeddable":true,"href":"https:\/\/www.bellunopress.it\/fr\/wp-json\/wp\/v2\/comments?post=136509"}],"version-history":[{"count":1,"href":"https:\/\/www.bellunopress.it\/fr\/wp-json\/wp\/v2\/posts\/136509\/revisions"}],"predecessor-version":[{"id":136510,"href":"https:\/\/www.bellunopress.it\/fr\/wp-json\/wp\/v2\/posts\/136509\/revisions\/136510"}],"wp:featuredmedia":[{"embeddable":true,"href":"https:\/\/www.bellunopress.it\/fr\/wp-json\/wp\/v2\/media\/90029"}],"wp:attachment":[{"href":"https:\/\/www.bellunopress.it\/fr\/wp-json\/wp\/v2\/media?parent=136509"}],"wp:term":[{"taxonomy":"category","embeddable":true,"href":"https:\/\/www.bellunopress.it\/fr\/wp-json\/wp\/v2\/categories?post=136509"},{"taxonomy":"post_tag","embeddable":true,"href":"https:\/\/www.bellunopress.it\/fr\/wp-json\/wp\/v2\/tags?post=136509"}],"curies":[{"name":"wp","href":"https:\/\/api.w.org\/{rel}","templated":true}]}}