{"id":136506,"date":"2022-09-19T16:44:19","date_gmt":"2022-09-19T14:44:19","guid":{"rendered":"https:\/\/www.bellunopress.it\/?p=136506"},"modified":"2022-09-19T16:44:19","modified_gmt":"2022-09-19T14:44:19","slug":"note-darte-domenica-ai-laghetti-della-rimonta-con-nuova-cantica-belluno","status":"publish","type":"post","link":"https:\/\/www.bellunopress.it\/fr\/2022\/09\/19\/note-darte-domenica-ai-laghetti-della-rimonta-con-nuova-cantica-belluno\/","title":{"rendered":"Note d&#8217;arte domenica ai Laghetti della Rimonta con Nuova Cantica Belluno"},"content":{"rendered":"<p><img loading=\"lazy\" decoding=\"async\" class=\"alignleft size-full wp-image-136507\" src=\"https:\/\/www.bellunopress.it\/wp-content\/uploads\/2022\/09\/Nova-Cantica_edited.jpg\" alt=\"\" width=\"1000\" height=\"554\" srcset=\"https:\/\/www.bellunopress.it\/wp-content\/uploads\/2022\/09\/Nova-Cantica_edited.jpg 1000w, https:\/\/www.bellunopress.it\/wp-content\/uploads\/2022\/09\/Nova-Cantica_edited-500x277.jpg 500w, https:\/\/www.bellunopress.it\/wp-content\/uploads\/2022\/09\/Nova-Cantica_edited-696x385.jpg 696w, https:\/\/www.bellunopress.it\/wp-content\/uploads\/2022\/09\/Nova-Cantica_edited-758x420.jpg 758w\" sizes=\"auto, (max-width: 1000px) 100vw, 1000px\" \/>Domenica 25 settembre, alle ore 16,00 presso i <a href=\"https:\/\/visitbellunodolomiti.com\/laghetti-della-rimonta\/\">Laghetti della Rimonta<\/a> (in localit\u00e0 Bardies tra Lentiai e Mel) si terr\u00e0 il concerto \u201cNote d\u2019 Arte\u201d, in un contesto ambientale unico. A fondere la musica nella natura sar\u00e0 il Gruppo Vocale Femminile del <a href=\"https:\/\/www.novacantica.belluno.it\/\">Centro Studi Vocali Nova Cantica Belluno<\/a> diretto da Luciano Borin.<\/p>\n<p>Il maestro Borin \u00e8 concertista, compositore, insegnante specializzato di Metodo Rohmert, direttore di coro, docente di Didattica della Musica al Conservatorio di Padova.<br \/>\nPer il Presidente di ArtDolomites Renzo Limana: \u00c8 con vero piacere che riproponiamo l\u2019evento culturale, a impatto zero, nel magico scenario naturalistico dei Laghetti della Rimonta. La nostra Associazione vuole promuovere siti di interesse naturalistico e ambientale che spesso sono poco conosciuti e certamente questo luogo merita di essere maggiormente valorizzato. Grazie all\u2019impegno del Gruppo Natura Lentiai, nel 2015 sono state installate delle pregevoli opere d\u2019arte. Il concerto si terr\u00e0 nei pressi dell\u2019opera dal titolo &#8220;Concerto con Coro di Farfalle&#8221;.<\/p>\n<p>E\u2019 un concerto per tutti e che vuole essere anche un ringraziamento ai volontari che nell\u2019arco di tutto l\u2019anno si prendono cura di questo sito ambientale da preservare\u201d.<br \/>\nTrattandosi di una manifestazione che si svolge all\u2019aperto non c\u2019\u00e8 l\u2019obbligo di green pass ma si consiglia mascherina e distanziamento, di indossare scarpe comode e munirsi di plaid o cuscino in quanto ci si sieder\u00e0 sul prato.<\/p>\n<p>L&#8217;iniziativa \u00e8 dell&#8217;Associazione culturale ArtDolomites APS, in collaborazione con il Gruppo Natura Lentiai e il Comitato Frazionale di Bardies.<\/p>\n<p>Nel caso di maltempo sar\u00e0, a malincuore, annullata.<\/p>","protected":false},"excerpt":{"rendered":"<p>Domenica 25 settembre, alle ore 16,00 presso i Laghetti della Rimonta (in localit\u00e0 Bardies tra Lentiai e Mel) si terr\u00e0 il concerto \u201cNote d\u2019 Arte\u201d, in un contesto ambientale unico. A fondere la musica nella natura sar\u00e0 il Gruppo Vocale Femminile del Centro Studi Vocali Nova Cantica Belluno diretto da Luciano Borin. Il maestro Borin [&hellip;]<\/p>\n","protected":false},"author":2,"featured_media":136507,"comment_status":"closed","ping_status":"open","sticky":false,"template":"","format":"standard","meta":{"footnotes":""},"categories":[27,3],"tags":[],"class_list":["post-136506","post","type-post","status-publish","format-standard","has-post-thumbnail","category-appuntamenti","category-arte-cultura-spettacoli-scienza-archivi"],"yoast_head":"<!-- This site is optimized with the Yoast SEO plugin v28.4 - https:\/\/yoast.com\/product\/yoast-seo-wordpress\/ -->\n<title>Note d&#039;arte domenica ai Laghetti della Rimonta con Nuova Cantica Belluno - Bellunopress - Dolomiti<\/title>\n<meta name=\"robots\" content=\"index, follow, max-snippet:-1, max-image-preview:large, max-video-preview:-1\" \/>\n<link rel=\"canonical\" href=\"https:\/\/www.bellunopress.it\/fr\/2022\/09\/19\/note-darte-domenica-ai-laghetti-della-rimonta-con-nuova-cantica-belluno\/\" \/>\n<meta property=\"og:locale\" content=\"fr_FR\" \/>\n<meta property=\"og:type\" content=\"article\" \/>\n<meta property=\"og:title\" content=\"Note d&#039;arte domenica ai Laghetti della Rimonta con Nuova Cantica Belluno - Bellunopress - Dolomiti\" \/>\n<meta property=\"og:description\" content=\"Domenica 25 settembre, alle ore 16,00 presso i Laghetti della Rimonta (in localit\u00e0 Bardies tra Lentiai e Mel) si terr\u00e0 il concerto \u201cNote d\u2019 Arte\u201d, in un contesto ambientale unico. A fondere la musica nella natura sar\u00e0 il Gruppo Vocale Femminile del Centro Studi Vocali Nova Cantica Belluno diretto da Luciano Borin. Il maestro Borin [&hellip;]\" \/>\n<meta property=\"og:url\" content=\"https:\/\/www.bellunopress.it\/fr\/2022\/09\/19\/note-darte-domenica-ai-laghetti-della-rimonta-con-nuova-cantica-belluno\/\" \/>\n<meta property=\"og:site_name\" content=\"Bellunopress - Dolomiti\" \/>\n<meta property=\"article:publisher\" content=\"https:\/\/www.facebook.com\/profile.php?id=100008943462799\" \/>\n<meta property=\"article:published_time\" content=\"2022-09-19T14:44:19+00:00\" \/>\n<meta property=\"og:image\" content=\"https:\/\/www.bellunopress.it\/wp-content\/uploads\/2022\/09\/Nova-Cantica_edited.jpg\" \/>\n\t<meta property=\"og:image:width\" content=\"1000\" \/>\n\t<meta property=\"og:image:height\" content=\"554\" \/>\n\t<meta property=\"og:image:type\" content=\"image\/jpeg\" \/>\n<meta name=\"author\" content=\"redazione\" \/>\n<meta name=\"twitter:card\" content=\"summary_large_image\" \/>\n<meta name=\"twitter:creator\" content=\"@bellunopress\" \/>\n<meta name=\"twitter:site\" content=\"@bellunopress\" \/>\n<meta name=\"twitter:label1\" content=\"\u00c9crit par\" \/>\n\t<meta name=\"twitter:data1\" content=\"redazione\" \/>\n\t<meta name=\"twitter:label2\" content=\"Dur\u00e9e de lecture estim\u00e9e\" \/>\n\t<meta name=\"twitter:data2\" content=\"2 minutes\" \/>\n<script type=\"application\/ld+json\" class=\"yoast-schema-graph\">{\"@context\":\"https:\\\/\\\/schema.org\",\"@graph\":[{\"@type\":\"Article\",\"@id\":\"https:\\\/\\\/www.bellunopress.it\\\/2022\\\/09\\\/19\\\/note-darte-domenica-ai-laghetti-della-rimonta-con-nuova-cantica-belluno\\\/#article\",\"isPartOf\":{\"@id\":\"https:\\\/\\\/www.bellunopress.it\\\/2022\\\/09\\\/19\\\/note-darte-domenica-ai-laghetti-della-rimonta-con-nuova-cantica-belluno\\\/\"},\"author\":{\"name\":\"redazione\",\"@id\":\"https:\\\/\\\/www.bellunopress.it\\\/#\\\/schema\\\/person\\\/79bb06722b37ece1c03d3e94beb30d73\"},\"headline\":\"Note d&#8217;arte domenica ai Laghetti della Rimonta con Nuova Cantica Belluno\",\"datePublished\":\"2022-09-19T14:44:19+00:00\",\"mainEntityOfPage\":{\"@id\":\"https:\\\/\\\/www.bellunopress.it\\\/2022\\\/09\\\/19\\\/note-darte-domenica-ai-laghetti-della-rimonta-con-nuova-cantica-belluno\\\/\"},\"wordCount\":263,\"publisher\":{\"@id\":\"https:\\\/\\\/www.bellunopress.it\\\/#organization\"},\"image\":{\"@id\":\"https:\\\/\\\/www.bellunopress.it\\\/2022\\\/09\\\/19\\\/note-darte-domenica-ai-laghetti-della-rimonta-con-nuova-cantica-belluno\\\/#primaryimage\"},\"thumbnailUrl\":\"https:\\\/\\\/www.bellunopress.it\\\/wp-content\\\/uploads\\\/2022\\\/09\\\/Nova-Cantica_edited.jpg\",\"articleSection\":[\"Appuntamenti, Eventi\",\"Arte, Cultura, Spettacoli, Scienza\"],\"inLanguage\":\"fr-FR\"},{\"@type\":\"WebPage\",\"@id\":\"https:\\\/\\\/www.bellunopress.it\\\/2022\\\/09\\\/19\\\/note-darte-domenica-ai-laghetti-della-rimonta-con-nuova-cantica-belluno\\\/\",\"url\":\"https:\\\/\\\/www.bellunopress.it\\\/2022\\\/09\\\/19\\\/note-darte-domenica-ai-laghetti-della-rimonta-con-nuova-cantica-belluno\\\/\",\"name\":\"Note d'arte domenica ai Laghetti della Rimonta con Nuova Cantica Belluno - Bellunopress - Dolomiti\",\"isPartOf\":{\"@id\":\"https:\\\/\\\/www.bellunopress.it\\\/#website\"},\"primaryImageOfPage\":{\"@id\":\"https:\\\/\\\/www.bellunopress.it\\\/2022\\\/09\\\/19\\\/note-darte-domenica-ai-laghetti-della-rimonta-con-nuova-cantica-belluno\\\/#primaryimage\"},\"image\":{\"@id\":\"https:\\\/\\\/www.bellunopress.it\\\/2022\\\/09\\\/19\\\/note-darte-domenica-ai-laghetti-della-rimonta-con-nuova-cantica-belluno\\\/#primaryimage\"},\"thumbnailUrl\":\"https:\\\/\\\/www.bellunopress.it\\\/wp-content\\\/uploads\\\/2022\\\/09\\\/Nova-Cantica_edited.jpg\",\"datePublished\":\"2022-09-19T14:44:19+00:00\",\"breadcrumb\":{\"@id\":\"https:\\\/\\\/www.bellunopress.it\\\/2022\\\/09\\\/19\\\/note-darte-domenica-ai-laghetti-della-rimonta-con-nuova-cantica-belluno\\\/#breadcrumb\"},\"inLanguage\":\"fr-FR\",\"potentialAction\":[{\"@type\":\"ReadAction\",\"target\":[\"https:\\\/\\\/www.bellunopress.it\\\/2022\\\/09\\\/19\\\/note-darte-domenica-ai-laghetti-della-rimonta-con-nuova-cantica-belluno\\\/\"]}]},{\"@type\":\"ImageObject\",\"inLanguage\":\"fr-FR\",\"@id\":\"https:\\\/\\\/www.bellunopress.it\\\/2022\\\/09\\\/19\\\/note-darte-domenica-ai-laghetti-della-rimonta-con-nuova-cantica-belluno\\\/#primaryimage\",\"url\":\"https:\\\/\\\/www.bellunopress.it\\\/wp-content\\\/uploads\\\/2022\\\/09\\\/Nova-Cantica_edited.jpg\",\"contentUrl\":\"https:\\\/\\\/www.bellunopress.it\\\/wp-content\\\/uploads\\\/2022\\\/09\\\/Nova-Cantica_edited.jpg\",\"width\":1000,\"height\":554},{\"@type\":\"BreadcrumbList\",\"@id\":\"https:\\\/\\\/www.bellunopress.it\\\/2022\\\/09\\\/19\\\/note-darte-domenica-ai-laghetti-della-rimonta-con-nuova-cantica-belluno\\\/#breadcrumb\",\"itemListElement\":[{\"@type\":\"ListItem\",\"position\":1,\"name\":\"Home\",\"item\":\"https:\\\/\\\/www.bellunopress.it\\\/\"},{\"@type\":\"ListItem\",\"position\":2,\"name\":\"Note d&#8217;arte domenica ai Laghetti della Rimonta con Nuova Cantica Belluno\"}]},{\"@type\":\"WebSite\",\"@id\":\"https:\\\/\\\/www.bellunopress.it\\\/#website\",\"url\":\"https:\\\/\\\/www.bellunopress.it\\\/\",\"name\":\"Bellunopress - Dolomiti\",\"description\":\"e-mail: redazione@bellunopress.it\",\"publisher\":{\"@id\":\"https:\\\/\\\/www.bellunopress.it\\\/#organization\"},\"potentialAction\":[{\"@type\":\"SearchAction\",\"target\":{\"@type\":\"EntryPoint\",\"urlTemplate\":\"https:\\\/\\\/www.bellunopress.it\\\/?s={search_term_string}\"},\"query-input\":{\"@type\":\"PropertyValueSpecification\",\"valueRequired\":true,\"valueName\":\"search_term_string\"}}],\"inLanguage\":\"fr-FR\"},{\"@type\":\"Organization\",\"@id\":\"https:\\\/\\\/www.bellunopress.it\\\/#organization\",\"name\":\"Bellunopress\",\"url\":\"https:\\\/\\\/www.bellunopress.it\\\/\",\"logo\":{\"@type\":\"ImageObject\",\"inLanguage\":\"fr-FR\",\"@id\":\"https:\\\/\\\/www.bellunopress.it\\\/#\\\/schema\\\/logo\\\/image\\\/\",\"url\":\"https:\\\/\\\/www.bellunopress.it\\\/wp-content\\\/uploads\\\/2011\\\/05\\\/cropped-logo-bellunopress-.jpg\",\"contentUrl\":\"https:\\\/\\\/www.bellunopress.it\\\/wp-content\\\/uploads\\\/2011\\\/05\\\/cropped-logo-bellunopress-.jpg\",\"width\":512,\"height\":512,\"caption\":\"Bellunopress\"},\"image\":{\"@id\":\"https:\\\/\\\/www.bellunopress.it\\\/#\\\/schema\\\/logo\\\/image\\\/\"},\"sameAs\":[\"https:\\\/\\\/www.facebook.com\\\/profile.php?id=100008943462799\",\"https:\\\/\\\/x.com\\\/bellunopress\",\"https:\\\/\\\/www.linkedin.com\\\/hp\\\/?dnr=JBzUWaJfMUw8vbXJJ2tVW5-I3jZKvC4wsoxE&amp;amp;amp;amp;amp;amp;trk=nav_responsive_tab_home\",\"https:\\\/\\\/www.youtube.com\\\/channel\\\/UCxL0wu1uN0_3_7hGG0306cw\"]},{\"@type\":\"Person\",\"@id\":\"https:\\\/\\\/www.bellunopress.it\\\/#\\\/schema\\\/person\\\/79bb06722b37ece1c03d3e94beb30d73\",\"name\":\"redazione\",\"image\":{\"@type\":\"ImageObject\",\"inLanguage\":\"fr-FR\",\"@id\":\"https:\\\/\\\/secure.gravatar.com\\\/avatar\\\/37d968a2e67a6fd04c169c4bdef102d0bc5d31b2546345219e348575eb80e9a0?s=96&d=mm&r=g\",\"url\":\"https:\\\/\\\/secure.gravatar.com\\\/avatar\\\/37d968a2e67a6fd04c169c4bdef102d0bc5d31b2546345219e348575eb80e9a0?s=96&d=mm&r=g\",\"contentUrl\":\"https:\\\/\\\/secure.gravatar.com\\\/avatar\\\/37d968a2e67a6fd04c169c4bdef102d0bc5d31b2546345219e348575eb80e9a0?s=96&d=mm&r=g\",\"caption\":\"redazione\"},\"sameAs\":[\"http:\\\/\\\/www.bellunopress.it\",\"https:\\\/\\\/x.com\\\/bellunopress\"],\"url\":\"https:\\\/\\\/www.bellunopress.it\\\/fr\\\/author\\\/redazione\\\/\"}]}<\/script>\n<!-- \/ Yoast SEO plugin. -->","yoast_head_json":{"title":"Note d'arte domenica ai Laghetti della Rimonta con Nuova Cantica Belluno - Bellunopress - Dolomiti","robots":{"index":"index","follow":"follow","max-snippet":"max-snippet:-1","max-image-preview":"max-image-preview:large","max-video-preview":"max-video-preview:-1"},"canonical":"https:\/\/www.bellunopress.it\/fr\/2022\/09\/19\/note-darte-domenica-ai-laghetti-della-rimonta-con-nuova-cantica-belluno\/","og_locale":"fr_FR","og_type":"article","og_title":"Note d'arte domenica ai Laghetti della Rimonta con Nuova Cantica Belluno - Bellunopress - Dolomiti","og_description":"Domenica 25 settembre, alle ore 16,00 presso i Laghetti della Rimonta (in localit\u00e0 Bardies tra Lentiai e Mel) si terr\u00e0 il concerto \u201cNote d\u2019 Arte\u201d, in un contesto ambientale unico. A fondere la musica nella natura sar\u00e0 il Gruppo Vocale Femminile del Centro Studi Vocali Nova Cantica Belluno diretto da Luciano Borin. Il maestro Borin [&hellip;]","og_url":"https:\/\/www.bellunopress.it\/fr\/2022\/09\/19\/note-darte-domenica-ai-laghetti-della-rimonta-con-nuova-cantica-belluno\/","og_site_name":"Bellunopress - Dolomiti","article_publisher":"https:\/\/www.facebook.com\/profile.php?id=100008943462799","article_published_time":"2022-09-19T14:44:19+00:00","og_image":[{"width":1000,"height":554,"url":"https:\/\/www.bellunopress.it\/wp-content\/uploads\/2022\/09\/Nova-Cantica_edited.jpg","type":"image\/jpeg"}],"author":"redazione","twitter_card":"summary_large_image","twitter_creator":"@bellunopress","twitter_site":"@bellunopress","twitter_misc":{"\u00c9crit par":"redazione","Dur\u00e9e de lecture estim\u00e9e":"2 minutes"},"schema":{"@context":"https:\/\/schema.org","@graph":[{"@type":"Article","@id":"https:\/\/www.bellunopress.it\/2022\/09\/19\/note-darte-domenica-ai-laghetti-della-rimonta-con-nuova-cantica-belluno\/#article","isPartOf":{"@id":"https:\/\/www.bellunopress.it\/2022\/09\/19\/note-darte-domenica-ai-laghetti-della-rimonta-con-nuova-cantica-belluno\/"},"author":{"name":"redazione","@id":"https:\/\/www.bellunopress.it\/#\/schema\/person\/79bb06722b37ece1c03d3e94beb30d73"},"headline":"Note d&#8217;arte domenica ai Laghetti della Rimonta con Nuova Cantica Belluno","datePublished":"2022-09-19T14:44:19+00:00","mainEntityOfPage":{"@id":"https:\/\/www.bellunopress.it\/2022\/09\/19\/note-darte-domenica-ai-laghetti-della-rimonta-con-nuova-cantica-belluno\/"},"wordCount":263,"publisher":{"@id":"https:\/\/www.bellunopress.it\/#organization"},"image":{"@id":"https:\/\/www.bellunopress.it\/2022\/09\/19\/note-darte-domenica-ai-laghetti-della-rimonta-con-nuova-cantica-belluno\/#primaryimage"},"thumbnailUrl":"https:\/\/www.bellunopress.it\/wp-content\/uploads\/2022\/09\/Nova-Cantica_edited.jpg","articleSection":["Appuntamenti, Eventi","Arte, Cultura, Spettacoli, Scienza"],"inLanguage":"fr-FR"},{"@type":"WebPage","@id":"https:\/\/www.bellunopress.it\/2022\/09\/19\/note-darte-domenica-ai-laghetti-della-rimonta-con-nuova-cantica-belluno\/","url":"https:\/\/www.bellunopress.it\/2022\/09\/19\/note-darte-domenica-ai-laghetti-della-rimonta-con-nuova-cantica-belluno\/","name":"Note d'arte domenica ai Laghetti della Rimonta con Nuova Cantica Belluno - Bellunopress - Dolomiti","isPartOf":{"@id":"https:\/\/www.bellunopress.it\/#website"},"primaryImageOfPage":{"@id":"https:\/\/www.bellunopress.it\/2022\/09\/19\/note-darte-domenica-ai-laghetti-della-rimonta-con-nuova-cantica-belluno\/#primaryimage"},"image":{"@id":"https:\/\/www.bellunopress.it\/2022\/09\/19\/note-darte-domenica-ai-laghetti-della-rimonta-con-nuova-cantica-belluno\/#primaryimage"},"thumbnailUrl":"https:\/\/www.bellunopress.it\/wp-content\/uploads\/2022\/09\/Nova-Cantica_edited.jpg","datePublished":"2022-09-19T14:44:19+00:00","breadcrumb":{"@id":"https:\/\/www.bellunopress.it\/2022\/09\/19\/note-darte-domenica-ai-laghetti-della-rimonta-con-nuova-cantica-belluno\/#breadcrumb"},"inLanguage":"fr-FR","potentialAction":[{"@type":"ReadAction","target":["https:\/\/www.bellunopress.it\/2022\/09\/19\/note-darte-domenica-ai-laghetti-della-rimonta-con-nuova-cantica-belluno\/"]}]},{"@type":"ImageObject","inLanguage":"fr-FR","@id":"https:\/\/www.bellunopress.it\/2022\/09\/19\/note-darte-domenica-ai-laghetti-della-rimonta-con-nuova-cantica-belluno\/#primaryimage","url":"https:\/\/www.bellunopress.it\/wp-content\/uploads\/2022\/09\/Nova-Cantica_edited.jpg","contentUrl":"https:\/\/www.bellunopress.it\/wp-content\/uploads\/2022\/09\/Nova-Cantica_edited.jpg","width":1000,"height":554},{"@type":"BreadcrumbList","@id":"https:\/\/www.bellunopress.it\/2022\/09\/19\/note-darte-domenica-ai-laghetti-della-rimonta-con-nuova-cantica-belluno\/#breadcrumb","itemListElement":[{"@type":"ListItem","position":1,"name":"Home","item":"https:\/\/www.bellunopress.it\/"},{"@type":"ListItem","position":2,"name":"Note d&#8217;arte domenica ai Laghetti della Rimonta con Nuova Cantica Belluno"}]},{"@type":"WebSite","@id":"https:\/\/www.bellunopress.it\/#website","url":"https:\/\/www.bellunopress.it\/","name":"Bellunopress - Dolomiti","description":"e-mail: redazione@bellunopress.it","publisher":{"@id":"https:\/\/www.bellunopress.it\/#organization"},"potentialAction":[{"@type":"SearchAction","target":{"@type":"EntryPoint","urlTemplate":"https:\/\/www.bellunopress.it\/?s={search_term_string}"},"query-input":{"@type":"PropertyValueSpecification","valueRequired":true,"valueName":"search_term_string"}}],"inLanguage":"fr-FR"},{"@type":"Organization","@id":"https:\/\/www.bellunopress.it\/#organization","name":"Bellunopress","url":"https:\/\/www.bellunopress.it\/","logo":{"@type":"ImageObject","inLanguage":"fr-FR","@id":"https:\/\/www.bellunopress.it\/#\/schema\/logo\/image\/","url":"https:\/\/www.bellunopress.it\/wp-content\/uploads\/2011\/05\/cropped-logo-bellunopress-.jpg","contentUrl":"https:\/\/www.bellunopress.it\/wp-content\/uploads\/2011\/05\/cropped-logo-bellunopress-.jpg","width":512,"height":512,"caption":"Bellunopress"},"image":{"@id":"https:\/\/www.bellunopress.it\/#\/schema\/logo\/image\/"},"sameAs":["https:\/\/www.facebook.com\/profile.php?id=100008943462799","https:\/\/x.com\/bellunopress","https:\/\/www.linkedin.com\/hp\/?dnr=JBzUWaJfMUw8vbXJJ2tVW5-I3jZKvC4wsoxE&amp;amp;amp;amp;amp;amp;trk=nav_responsive_tab_home","https:\/\/www.youtube.com\/channel\/UCxL0wu1uN0_3_7hGG0306cw"]},{"@type":"Person","@id":"https:\/\/www.bellunopress.it\/#\/schema\/person\/79bb06722b37ece1c03d3e94beb30d73","name":"r\u00e9daction","image":{"@type":"ImageObject","inLanguage":"fr-FR","@id":"https:\/\/secure.gravatar.com\/avatar\/37d968a2e67a6fd04c169c4bdef102d0bc5d31b2546345219e348575eb80e9a0?s=96&d=mm&r=g","url":"https:\/\/secure.gravatar.com\/avatar\/37d968a2e67a6fd04c169c4bdef102d0bc5d31b2546345219e348575eb80e9a0?s=96&d=mm&r=g","contentUrl":"https:\/\/secure.gravatar.com\/avatar\/37d968a2e67a6fd04c169c4bdef102d0bc5d31b2546345219e348575eb80e9a0?s=96&d=mm&r=g","caption":"redazione"},"sameAs":["http:\/\/www.bellunopress.it","https:\/\/x.com\/bellunopress"],"url":"https:\/\/www.bellunopress.it\/fr\/author\/redazione\/"}]}},"_links":{"self":[{"href":"https:\/\/www.bellunopress.it\/fr\/wp-json\/wp\/v2\/posts\/136506","targetHints":{"allow":["GET"]}}],"collection":[{"href":"https:\/\/www.bellunopress.it\/fr\/wp-json\/wp\/v2\/posts"}],"about":[{"href":"https:\/\/www.bellunopress.it\/fr\/wp-json\/wp\/v2\/types\/post"}],"author":[{"embeddable":true,"href":"https:\/\/www.bellunopress.it\/fr\/wp-json\/wp\/v2\/users\/2"}],"replies":[{"embeddable":true,"href":"https:\/\/www.bellunopress.it\/fr\/wp-json\/wp\/v2\/comments?post=136506"}],"version-history":[{"count":1,"href":"https:\/\/www.bellunopress.it\/fr\/wp-json\/wp\/v2\/posts\/136506\/revisions"}],"predecessor-version":[{"id":136508,"href":"https:\/\/www.bellunopress.it\/fr\/wp-json\/wp\/v2\/posts\/136506\/revisions\/136508"}],"wp:featuredmedia":[{"embeddable":true,"href":"https:\/\/www.bellunopress.it\/fr\/wp-json\/wp\/v2\/media\/136507"}],"wp:attachment":[{"href":"https:\/\/www.bellunopress.it\/fr\/wp-json\/wp\/v2\/media?parent=136506"}],"wp:term":[{"taxonomy":"category","embeddable":true,"href":"https:\/\/www.bellunopress.it\/fr\/wp-json\/wp\/v2\/categories?post=136506"},{"taxonomy":"post_tag","embeddable":true,"href":"https:\/\/www.bellunopress.it\/fr\/wp-json\/wp\/v2\/tags?post=136506"}],"curies":[{"name":"wp","href":"https:\/\/api.w.org\/{rel}","templated":true}]}}