{"id":136495,"date":"2022-09-19T08:15:59","date_gmt":"2022-09-19T06:15:59","guid":{"rendered":"https:\/\/www.bellunopress.it\/?p=136495"},"modified":"2022-09-19T08:15:59","modified_gmt":"2022-09-19T06:15:59","slug":"oltre-200-iscritti-ieri-al-trail-degli-eroi-di-cima-grappa","status":"publish","type":"post","link":"https:\/\/www.bellunopress.it\/fr\/2022\/09\/19\/oltre-200-iscritti-ieri-al-trail-degli-eroi-di-cima-grappa\/","title":{"rendered":"Oltre 200 iscritti ieri al Trail degli Eroi di Cima Grappa"},"content":{"rendered":"<p><em><strong><img loading=\"lazy\" decoding=\"async\" class=\"alignleft size-full wp-image-71261\" src=\"https:\/\/www.bellunopress.it\/wp-content\/uploads\/2015\/08\/trail-degli-eroi.png\" alt=\"\" width=\"200\" height=\"121\" \/>Davide Beduzzi e Cristiana Follador vincono sul tracciato dei 47 Km. <\/strong><\/em><\/p>\n<p><em><strong>Stefano Maran e Nicol Guidolin sui 21 Km.<\/strong><\/em><\/p>\n<p>Si \u00e8 conclusa ieri la 12ma edizione del Trail degli eroi sul massiccio di Cima Grappa (Seren del Grappa). La manifestazione di trail running \u00e8 stata organizzata dal G.S I Lupi Team guidato da Davide Zanetti.<\/p>\n<p>La manifestazione si articolava in due sottogare:<br \/>\nTrail degli Eroi distanza 47 km e 2890 metri dislivello (105 iscritti, partenza ore 7 dal centro di Seren del Grappa)<br \/>\nla Sky distanza 21 km e 1790 metri dislivello (112 iscritti, partenza ore 10 dal centro di Seren del Grappa)<\/p>\n<p>Peculiare \u00e8 il luogo in cui si \u00e8 svolta: Cima Grappa. Massiccio che fu scenario della Grande Guerra, che \u00e8 riserva della Biosfera MAB Unesco e definito da Luca Zaia &#8220;lo scrigno del Veneto&#8221;. Una giornata molto soleggiata e limpida a tal punto che dall&#8217;ossario si vedevano all&#8217;orizzonte i Colli Euganei e il mare.\u00a0La manifestazione \u00e8 stata dedicata a Gabriele Marchioro, appassionato di trail scomparso nel 2020.<\/p>\n<p><strong><img loading=\"lazy\" decoding=\"async\" class=\"alignleft size-full wp-image-136496\" src=\"https:\/\/www.bellunopress.it\/wp-content\/uploads\/2022\/09\/Trail-degli-Eroi-2022.jpg\" alt=\"\" width=\"1000\" height=\"647\" srcset=\"https:\/\/www.bellunopress.it\/wp-content\/uploads\/2022\/09\/Trail-degli-Eroi-2022.jpg 1000w, https:\/\/www.bellunopress.it\/wp-content\/uploads\/2022\/09\/Trail-degli-Eroi-2022-500x324.jpg 500w, https:\/\/www.bellunopress.it\/wp-content\/uploads\/2022\/09\/Trail-degli-Eroi-2022-696x450.jpg 696w, https:\/\/www.bellunopress.it\/wp-content\/uploads\/2022\/09\/Trail-degli-Eroi-2022-649x420.jpg 649w\" sizes=\"auto, (max-width: 1000px) 100vw, 1000px\" \/>CLASSIFICA FINALE:<\/strong><\/p>\n<p><strong>TRAIL DEGLI EROI, distanza 47 km e 2890 metri dislivello:<\/strong><br \/>\n\u2022 categoria maschile: primo classificato Beduzzi Davide (5:09:48), secondo classificato Zanardo Diego (5:25:21), terzo classificato Agugiaro Mattia (5:29:30)<br \/>\n\u2022 categoria femminile: prima classificata Follador Cristiana (6:52:48), seconda classificata Dalla Fontana Silvia (7:07:00), terza classificata Pirozza Cindy (7:10:12).<\/p>\n<p><strong>SKY, distanza 21 km e 1790 metri dislivello:<\/strong><br \/>\n\u2022 categoria maschile: primo classificato Maran Stefano (2:32:40), secondo classificato Bell\u00e8 Alessandro (2:35:13), terzo classificato Soprana Mirco (2:37:36).<br \/>\n\u2022 categoria femminile: Guidolin Nicol (2:49:37) , seconda classificata Forte Lucia (3:00:47), terza classificata Pauletti Silvia (3:38:16).<\/p>","protected":false},"excerpt":{"rendered":"<p>Davide Beduzzi e Cristiana Follador vincono sul tracciato dei 47 Km. Stefano Maran e Nicol Guidolin sui 21 Km. Si \u00e8 conclusa ieri la 12ma edizione del Trail degli eroi sul massiccio di Cima Grappa (Seren del Grappa). La manifestazione di trail running \u00e8 stata organizzata dal G.S I Lupi Team guidato da Davide Zanetti. [&hellip;]<\/p>\n","protected":false},"author":2,"featured_media":136496,"comment_status":"closed","ping_status":"open","sticky":false,"template":"","format":"standard","meta":{"footnotes":""},"categories":[26,4],"tags":[],"class_list":["post-136495","post","type-post","status-publish","format-standard","has-post-thumbnail","category-prima-pagina","category-sport"],"yoast_head":"<!-- This site is optimized with the Yoast SEO plugin v28.4 - https:\/\/yoast.com\/product\/yoast-seo-wordpress\/ -->\n<title>Oltre 200 iscritti ieri al Trail degli Eroi di Cima Grappa - Bellunopress - Dolomiti<\/title>\n<meta name=\"robots\" content=\"index, follow, max-snippet:-1, max-image-preview:large, max-video-preview:-1\" \/>\n<link rel=\"canonical\" href=\"https:\/\/www.bellunopress.it\/fr\/2022\/09\/19\/oltre-200-iscritti-ieri-al-trail-degli-eroi-di-cima-grappa\/\" \/>\n<meta property=\"og:locale\" content=\"fr_FR\" \/>\n<meta property=\"og:type\" content=\"article\" \/>\n<meta property=\"og:title\" content=\"Oltre 200 iscritti ieri al Trail degli Eroi di Cima Grappa - Bellunopress - Dolomiti\" \/>\n<meta property=\"og:description\" content=\"Davide Beduzzi e Cristiana Follador vincono sul tracciato dei 47 Km. Stefano Maran e Nicol Guidolin sui 21 Km. Si \u00e8 conclusa ieri la 12ma edizione del Trail degli eroi sul massiccio di Cima Grappa (Seren del Grappa). La manifestazione di trail running \u00e8 stata organizzata dal G.S I Lupi Team guidato da Davide Zanetti. [&hellip;]\" \/>\n<meta property=\"og:url\" content=\"https:\/\/www.bellunopress.it\/fr\/2022\/09\/19\/oltre-200-iscritti-ieri-al-trail-degli-eroi-di-cima-grappa\/\" \/>\n<meta property=\"og:site_name\" content=\"Bellunopress - Dolomiti\" \/>\n<meta property=\"article:publisher\" content=\"https:\/\/www.facebook.com\/profile.php?id=100008943462799\" \/>\n<meta property=\"article:published_time\" content=\"2022-09-19T06:15:59+00:00\" \/>\n<meta property=\"og:image\" content=\"https:\/\/www.bellunopress.it\/wp-content\/uploads\/2022\/09\/Trail-degli-Eroi-2022.jpg\" \/>\n\t<meta property=\"og:image:width\" content=\"1000\" \/>\n\t<meta property=\"og:image:height\" content=\"647\" \/>\n\t<meta property=\"og:image:type\" content=\"image\/jpeg\" \/>\n<meta name=\"author\" content=\"redazione\" \/>\n<meta name=\"twitter:card\" content=\"summary_large_image\" \/>\n<meta name=\"twitter:creator\" content=\"@bellunopress\" \/>\n<meta name=\"twitter:site\" content=\"@bellunopress\" \/>\n<meta name=\"twitter:label1\" content=\"\u00c9crit par\" \/>\n\t<meta name=\"twitter:data1\" content=\"redazione\" \/>\n\t<meta name=\"twitter:label2\" content=\"Dur\u00e9e de lecture estim\u00e9e\" \/>\n\t<meta name=\"twitter:data2\" content=\"2 minutes\" \/>\n<script type=\"application\/ld+json\" class=\"yoast-schema-graph\">{\"@context\":\"https:\\\/\\\/schema.org\",\"@graph\":[{\"@type\":\"Article\",\"@id\":\"https:\\\/\\\/www.bellunopress.it\\\/2022\\\/09\\\/19\\\/oltre-200-iscritti-ieri-al-trail-degli-eroi-di-cima-grappa\\\/#article\",\"isPartOf\":{\"@id\":\"https:\\\/\\\/www.bellunopress.it\\\/2022\\\/09\\\/19\\\/oltre-200-iscritti-ieri-al-trail-degli-eroi-di-cima-grappa\\\/\"},\"author\":{\"name\":\"redazione\",\"@id\":\"https:\\\/\\\/www.bellunopress.it\\\/#\\\/schema\\\/person\\\/79bb06722b37ece1c03d3e94beb30d73\"},\"headline\":\"Oltre 200 iscritti ieri al Trail degli Eroi di Cima Grappa\",\"datePublished\":\"2022-09-19T06:15:59+00:00\",\"mainEntityOfPage\":{\"@id\":\"https:\\\/\\\/www.bellunopress.it\\\/2022\\\/09\\\/19\\\/oltre-200-iscritti-ieri-al-trail-degli-eroi-di-cima-grappa\\\/\"},\"wordCount\":238,\"publisher\":{\"@id\":\"https:\\\/\\\/www.bellunopress.it\\\/#organization\"},\"image\":{\"@id\":\"https:\\\/\\\/www.bellunopress.it\\\/2022\\\/09\\\/19\\\/oltre-200-iscritti-ieri-al-trail-degli-eroi-di-cima-grappa\\\/#primaryimage\"},\"thumbnailUrl\":\"https:\\\/\\\/www.bellunopress.it\\\/wp-content\\\/uploads\\\/2022\\\/09\\\/Trail-degli-Eroi-2022.jpg\",\"articleSection\":[\"Prima Pagina\",\"Sport, tempo libero\"],\"inLanguage\":\"fr-FR\"},{\"@type\":\"WebPage\",\"@id\":\"https:\\\/\\\/www.bellunopress.it\\\/2022\\\/09\\\/19\\\/oltre-200-iscritti-ieri-al-trail-degli-eroi-di-cima-grappa\\\/\",\"url\":\"https:\\\/\\\/www.bellunopress.it\\\/2022\\\/09\\\/19\\\/oltre-200-iscritti-ieri-al-trail-degli-eroi-di-cima-grappa\\\/\",\"name\":\"Oltre 200 iscritti ieri al Trail degli Eroi di Cima Grappa - Bellunopress - Dolomiti\",\"isPartOf\":{\"@id\":\"https:\\\/\\\/www.bellunopress.it\\\/#website\"},\"primaryImageOfPage\":{\"@id\":\"https:\\\/\\\/www.bellunopress.it\\\/2022\\\/09\\\/19\\\/oltre-200-iscritti-ieri-al-trail-degli-eroi-di-cima-grappa\\\/#primaryimage\"},\"image\":{\"@id\":\"https:\\\/\\\/www.bellunopress.it\\\/2022\\\/09\\\/19\\\/oltre-200-iscritti-ieri-al-trail-degli-eroi-di-cima-grappa\\\/#primaryimage\"},\"thumbnailUrl\":\"https:\\\/\\\/www.bellunopress.it\\\/wp-content\\\/uploads\\\/2022\\\/09\\\/Trail-degli-Eroi-2022.jpg\",\"datePublished\":\"2022-09-19T06:15:59+00:00\",\"breadcrumb\":{\"@id\":\"https:\\\/\\\/www.bellunopress.it\\\/2022\\\/09\\\/19\\\/oltre-200-iscritti-ieri-al-trail-degli-eroi-di-cima-grappa\\\/#breadcrumb\"},\"inLanguage\":\"fr-FR\",\"potentialAction\":[{\"@type\":\"ReadAction\",\"target\":[\"https:\\\/\\\/www.bellunopress.it\\\/2022\\\/09\\\/19\\\/oltre-200-iscritti-ieri-al-trail-degli-eroi-di-cima-grappa\\\/\"]}]},{\"@type\":\"ImageObject\",\"inLanguage\":\"fr-FR\",\"@id\":\"https:\\\/\\\/www.bellunopress.it\\\/2022\\\/09\\\/19\\\/oltre-200-iscritti-ieri-al-trail-degli-eroi-di-cima-grappa\\\/#primaryimage\",\"url\":\"https:\\\/\\\/www.bellunopress.it\\\/wp-content\\\/uploads\\\/2022\\\/09\\\/Trail-degli-Eroi-2022.jpg\",\"contentUrl\":\"https:\\\/\\\/www.bellunopress.it\\\/wp-content\\\/uploads\\\/2022\\\/09\\\/Trail-degli-Eroi-2022.jpg\",\"width\":1000,\"height\":647},{\"@type\":\"BreadcrumbList\",\"@id\":\"https:\\\/\\\/www.bellunopress.it\\\/2022\\\/09\\\/19\\\/oltre-200-iscritti-ieri-al-trail-degli-eroi-di-cima-grappa\\\/#breadcrumb\",\"itemListElement\":[{\"@type\":\"ListItem\",\"position\":1,\"name\":\"Home\",\"item\":\"https:\\\/\\\/www.bellunopress.it\\\/\"},{\"@type\":\"ListItem\",\"position\":2,\"name\":\"Oltre 200 iscritti ieri al Trail degli Eroi di Cima Grappa\"}]},{\"@type\":\"WebSite\",\"@id\":\"https:\\\/\\\/www.bellunopress.it\\\/#website\",\"url\":\"https:\\\/\\\/www.bellunopress.it\\\/\",\"name\":\"Bellunopress - Dolomiti\",\"description\":\"e-mail: redazione@bellunopress.it\",\"publisher\":{\"@id\":\"https:\\\/\\\/www.bellunopress.it\\\/#organization\"},\"potentialAction\":[{\"@type\":\"SearchAction\",\"target\":{\"@type\":\"EntryPoint\",\"urlTemplate\":\"https:\\\/\\\/www.bellunopress.it\\\/?s={search_term_string}\"},\"query-input\":{\"@type\":\"PropertyValueSpecification\",\"valueRequired\":true,\"valueName\":\"search_term_string\"}}],\"inLanguage\":\"fr-FR\"},{\"@type\":\"Organization\",\"@id\":\"https:\\\/\\\/www.bellunopress.it\\\/#organization\",\"name\":\"Bellunopress\",\"url\":\"https:\\\/\\\/www.bellunopress.it\\\/\",\"logo\":{\"@type\":\"ImageObject\",\"inLanguage\":\"fr-FR\",\"@id\":\"https:\\\/\\\/www.bellunopress.it\\\/#\\\/schema\\\/logo\\\/image\\\/\",\"url\":\"https:\\\/\\\/www.bellunopress.it\\\/wp-content\\\/uploads\\\/2011\\\/05\\\/cropped-logo-bellunopress-.jpg\",\"contentUrl\":\"https:\\\/\\\/www.bellunopress.it\\\/wp-content\\\/uploads\\\/2011\\\/05\\\/cropped-logo-bellunopress-.jpg\",\"width\":512,\"height\":512,\"caption\":\"Bellunopress\"},\"image\":{\"@id\":\"https:\\\/\\\/www.bellunopress.it\\\/#\\\/schema\\\/logo\\\/image\\\/\"},\"sameAs\":[\"https:\\\/\\\/www.facebook.com\\\/profile.php?id=100008943462799\",\"https:\\\/\\\/x.com\\\/bellunopress\",\"https:\\\/\\\/www.linkedin.com\\\/hp\\\/?dnr=JBzUWaJfMUw8vbXJJ2tVW5-I3jZKvC4wsoxE&amp;amp;amp;amp;amp;amp;trk=nav_responsive_tab_home\",\"https:\\\/\\\/www.youtube.com\\\/channel\\\/UCxL0wu1uN0_3_7hGG0306cw\"]},{\"@type\":\"Person\",\"@id\":\"https:\\\/\\\/www.bellunopress.it\\\/#\\\/schema\\\/person\\\/79bb06722b37ece1c03d3e94beb30d73\",\"name\":\"redazione\",\"image\":{\"@type\":\"ImageObject\",\"inLanguage\":\"fr-FR\",\"@id\":\"https:\\\/\\\/secure.gravatar.com\\\/avatar\\\/37d968a2e67a6fd04c169c4bdef102d0bc5d31b2546345219e348575eb80e9a0?s=96&d=mm&r=g\",\"url\":\"https:\\\/\\\/secure.gravatar.com\\\/avatar\\\/37d968a2e67a6fd04c169c4bdef102d0bc5d31b2546345219e348575eb80e9a0?s=96&d=mm&r=g\",\"contentUrl\":\"https:\\\/\\\/secure.gravatar.com\\\/avatar\\\/37d968a2e67a6fd04c169c4bdef102d0bc5d31b2546345219e348575eb80e9a0?s=96&d=mm&r=g\",\"caption\":\"redazione\"},\"sameAs\":[\"http:\\\/\\\/www.bellunopress.it\",\"https:\\\/\\\/x.com\\\/bellunopress\"],\"url\":\"https:\\\/\\\/www.bellunopress.it\\\/fr\\\/author\\\/redazione\\\/\"}]}<\/script>\n<!-- \/ Yoast SEO plugin. -->","yoast_head_json":{"title":"Oltre 200 iscritti ieri al Trail degli Eroi di Cima Grappa - Bellunopress - Dolomiti","robots":{"index":"index","follow":"follow","max-snippet":"max-snippet:-1","max-image-preview":"max-image-preview:large","max-video-preview":"max-video-preview:-1"},"canonical":"https:\/\/www.bellunopress.it\/fr\/2022\/09\/19\/oltre-200-iscritti-ieri-al-trail-degli-eroi-di-cima-grappa\/","og_locale":"fr_FR","og_type":"article","og_title":"Oltre 200 iscritti ieri al Trail degli Eroi di Cima Grappa - Bellunopress - Dolomiti","og_description":"Davide Beduzzi e Cristiana Follador vincono sul tracciato dei 47 Km. Stefano Maran e Nicol Guidolin sui 21 Km. Si \u00e8 conclusa ieri la 12ma edizione del Trail degli eroi sul massiccio di Cima Grappa (Seren del Grappa). La manifestazione di trail running \u00e8 stata organizzata dal G.S I Lupi Team guidato da Davide Zanetti. [&hellip;]","og_url":"https:\/\/www.bellunopress.it\/fr\/2022\/09\/19\/oltre-200-iscritti-ieri-al-trail-degli-eroi-di-cima-grappa\/","og_site_name":"Bellunopress - Dolomiti","article_publisher":"https:\/\/www.facebook.com\/profile.php?id=100008943462799","article_published_time":"2022-09-19T06:15:59+00:00","og_image":[{"width":1000,"height":647,"url":"https:\/\/www.bellunopress.it\/wp-content\/uploads\/2022\/09\/Trail-degli-Eroi-2022.jpg","type":"image\/jpeg"}],"author":"redazione","twitter_card":"summary_large_image","twitter_creator":"@bellunopress","twitter_site":"@bellunopress","twitter_misc":{"\u00c9crit par":"redazione","Dur\u00e9e de lecture estim\u00e9e":"2 minutes"},"schema":{"@context":"https:\/\/schema.org","@graph":[{"@type":"Article","@id":"https:\/\/www.bellunopress.it\/2022\/09\/19\/oltre-200-iscritti-ieri-al-trail-degli-eroi-di-cima-grappa\/#article","isPartOf":{"@id":"https:\/\/www.bellunopress.it\/2022\/09\/19\/oltre-200-iscritti-ieri-al-trail-degli-eroi-di-cima-grappa\/"},"author":{"name":"redazione","@id":"https:\/\/www.bellunopress.it\/#\/schema\/person\/79bb06722b37ece1c03d3e94beb30d73"},"headline":"Oltre 200 iscritti ieri al Trail degli Eroi di Cima Grappa","datePublished":"2022-09-19T06:15:59+00:00","mainEntityOfPage":{"@id":"https:\/\/www.bellunopress.it\/2022\/09\/19\/oltre-200-iscritti-ieri-al-trail-degli-eroi-di-cima-grappa\/"},"wordCount":238,"publisher":{"@id":"https:\/\/www.bellunopress.it\/#organization"},"image":{"@id":"https:\/\/www.bellunopress.it\/2022\/09\/19\/oltre-200-iscritti-ieri-al-trail-degli-eroi-di-cima-grappa\/#primaryimage"},"thumbnailUrl":"https:\/\/www.bellunopress.it\/wp-content\/uploads\/2022\/09\/Trail-degli-Eroi-2022.jpg","articleSection":["Prima Pagina","Sport, tempo libero"],"inLanguage":"fr-FR"},{"@type":"WebPage","@id":"https:\/\/www.bellunopress.it\/2022\/09\/19\/oltre-200-iscritti-ieri-al-trail-degli-eroi-di-cima-grappa\/","url":"https:\/\/www.bellunopress.it\/2022\/09\/19\/oltre-200-iscritti-ieri-al-trail-degli-eroi-di-cima-grappa\/","name":"Oltre 200 iscritti ieri al Trail degli Eroi di Cima Grappa - Bellunopress - Dolomiti","isPartOf":{"@id":"https:\/\/www.bellunopress.it\/#website"},"primaryImageOfPage":{"@id":"https:\/\/www.bellunopress.it\/2022\/09\/19\/oltre-200-iscritti-ieri-al-trail-degli-eroi-di-cima-grappa\/#primaryimage"},"image":{"@id":"https:\/\/www.bellunopress.it\/2022\/09\/19\/oltre-200-iscritti-ieri-al-trail-degli-eroi-di-cima-grappa\/#primaryimage"},"thumbnailUrl":"https:\/\/www.bellunopress.it\/wp-content\/uploads\/2022\/09\/Trail-degli-Eroi-2022.jpg","datePublished":"2022-09-19T06:15:59+00:00","breadcrumb":{"@id":"https:\/\/www.bellunopress.it\/2022\/09\/19\/oltre-200-iscritti-ieri-al-trail-degli-eroi-di-cima-grappa\/#breadcrumb"},"inLanguage":"fr-FR","potentialAction":[{"@type":"ReadAction","target":["https:\/\/www.bellunopress.it\/2022\/09\/19\/oltre-200-iscritti-ieri-al-trail-degli-eroi-di-cima-grappa\/"]}]},{"@type":"ImageObject","inLanguage":"fr-FR","@id":"https:\/\/www.bellunopress.it\/2022\/09\/19\/oltre-200-iscritti-ieri-al-trail-degli-eroi-di-cima-grappa\/#primaryimage","url":"https:\/\/www.bellunopress.it\/wp-content\/uploads\/2022\/09\/Trail-degli-Eroi-2022.jpg","contentUrl":"https:\/\/www.bellunopress.it\/wp-content\/uploads\/2022\/09\/Trail-degli-Eroi-2022.jpg","width":1000,"height":647},{"@type":"BreadcrumbList","@id":"https:\/\/www.bellunopress.it\/2022\/09\/19\/oltre-200-iscritti-ieri-al-trail-degli-eroi-di-cima-grappa\/#breadcrumb","itemListElement":[{"@type":"ListItem","position":1,"name":"Home","item":"https:\/\/www.bellunopress.it\/"},{"@type":"ListItem","position":2,"name":"Oltre 200 iscritti ieri al Trail degli Eroi di Cima Grappa"}]},{"@type":"WebSite","@id":"https:\/\/www.bellunopress.it\/#website","url":"https:\/\/www.bellunopress.it\/","name":"Bellunopress - Dolomiti","description":"e-mail: redazione@bellunopress.it","publisher":{"@id":"https:\/\/www.bellunopress.it\/#organization"},"potentialAction":[{"@type":"SearchAction","target":{"@type":"EntryPoint","urlTemplate":"https:\/\/www.bellunopress.it\/?s={search_term_string}"},"query-input":{"@type":"PropertyValueSpecification","valueRequired":true,"valueName":"search_term_string"}}],"inLanguage":"fr-FR"},{"@type":"Organization","@id":"https:\/\/www.bellunopress.it\/#organization","name":"Bellunopress","url":"https:\/\/www.bellunopress.it\/","logo":{"@type":"ImageObject","inLanguage":"fr-FR","@id":"https:\/\/www.bellunopress.it\/#\/schema\/logo\/image\/","url":"https:\/\/www.bellunopress.it\/wp-content\/uploads\/2011\/05\/cropped-logo-bellunopress-.jpg","contentUrl":"https:\/\/www.bellunopress.it\/wp-content\/uploads\/2011\/05\/cropped-logo-bellunopress-.jpg","width":512,"height":512,"caption":"Bellunopress"},"image":{"@id":"https:\/\/www.bellunopress.it\/#\/schema\/logo\/image\/"},"sameAs":["https:\/\/www.facebook.com\/profile.php?id=100008943462799","https:\/\/x.com\/bellunopress","https:\/\/www.linkedin.com\/hp\/?dnr=JBzUWaJfMUw8vbXJJ2tVW5-I3jZKvC4wsoxE&amp;amp;amp;amp;amp;amp;trk=nav_responsive_tab_home","https:\/\/www.youtube.com\/channel\/UCxL0wu1uN0_3_7hGG0306cw"]},{"@type":"Person","@id":"https:\/\/www.bellunopress.it\/#\/schema\/person\/79bb06722b37ece1c03d3e94beb30d73","name":"r\u00e9daction","image":{"@type":"ImageObject","inLanguage":"fr-FR","@id":"https:\/\/secure.gravatar.com\/avatar\/37d968a2e67a6fd04c169c4bdef102d0bc5d31b2546345219e348575eb80e9a0?s=96&d=mm&r=g","url":"https:\/\/secure.gravatar.com\/avatar\/37d968a2e67a6fd04c169c4bdef102d0bc5d31b2546345219e348575eb80e9a0?s=96&d=mm&r=g","contentUrl":"https:\/\/secure.gravatar.com\/avatar\/37d968a2e67a6fd04c169c4bdef102d0bc5d31b2546345219e348575eb80e9a0?s=96&d=mm&r=g","caption":"redazione"},"sameAs":["http:\/\/www.bellunopress.it","https:\/\/x.com\/bellunopress"],"url":"https:\/\/www.bellunopress.it\/fr\/author\/redazione\/"}]}},"_links":{"self":[{"href":"https:\/\/www.bellunopress.it\/fr\/wp-json\/wp\/v2\/posts\/136495","targetHints":{"allow":["GET"]}}],"collection":[{"href":"https:\/\/www.bellunopress.it\/fr\/wp-json\/wp\/v2\/posts"}],"about":[{"href":"https:\/\/www.bellunopress.it\/fr\/wp-json\/wp\/v2\/types\/post"}],"author":[{"embeddable":true,"href":"https:\/\/www.bellunopress.it\/fr\/wp-json\/wp\/v2\/users\/2"}],"replies":[{"embeddable":true,"href":"https:\/\/www.bellunopress.it\/fr\/wp-json\/wp\/v2\/comments?post=136495"}],"version-history":[{"count":1,"href":"https:\/\/www.bellunopress.it\/fr\/wp-json\/wp\/v2\/posts\/136495\/revisions"}],"predecessor-version":[{"id":136497,"href":"https:\/\/www.bellunopress.it\/fr\/wp-json\/wp\/v2\/posts\/136495\/revisions\/136497"}],"wp:featuredmedia":[{"embeddable":true,"href":"https:\/\/www.bellunopress.it\/fr\/wp-json\/wp\/v2\/media\/136496"}],"wp:attachment":[{"href":"https:\/\/www.bellunopress.it\/fr\/wp-json\/wp\/v2\/media?parent=136495"}],"wp:term":[{"taxonomy":"category","embeddable":true,"href":"https:\/\/www.bellunopress.it\/fr\/wp-json\/wp\/v2\/categories?post=136495"},{"taxonomy":"post_tag","embeddable":true,"href":"https:\/\/www.bellunopress.it\/fr\/wp-json\/wp\/v2\/tags?post=136495"}],"curies":[{"name":"wp","href":"https:\/\/api.w.org\/{rel}","templated":true}]}}