{"id":136493,"date":"2022-09-18T20:23:31","date_gmt":"2022-09-18T18:23:31","guid":{"rendered":"https:\/\/www.bellunopress.it\/?p=136493"},"modified":"2022-09-18T20:23:31","modified_gmt":"2022-09-18T18:23:31","slug":"cuori-erranti-il-nuovo-libro-di-laura-de-menech","status":"publish","type":"post","link":"https:\/\/www.bellunopress.it\/fr\/2022\/09\/18\/cuori-erranti-il-nuovo-libro-di-laura-de-menech\/","title":{"rendered":"Cuori erranti, il nuovo libro di Laura De Menech"},"content":{"rendered":"<figure id=\"attachment_127771\" aria-describedby=\"caption-attachment-127771\" style=\"width: 637px\" class=\"wp-caption alignleft\"><img loading=\"lazy\" decoding=\"async\" class=\"size-full wp-image-127771\" src=\"https:\/\/www.bellunopress.it\/wp-content\/uploads\/2021\/09\/Laura-De-Menech_edited.jpg\" alt=\"\" width=\"637\" height=\"800\" srcset=\"https:\/\/www.bellunopress.it\/wp-content\/uploads\/2021\/09\/Laura-De-Menech_edited.jpg 637w, https:\/\/www.bellunopress.it\/wp-content\/uploads\/2021\/09\/Laura-De-Menech_edited-398x500.jpg 398w, https:\/\/www.bellunopress.it\/wp-content\/uploads\/2021\/09\/Laura-De-Menech_edited-334x420.jpg 334w\" sizes=\"auto, (max-width: 637px) 100vw, 637px\" \/><figcaption id=\"caption-attachment-127771\" class=\"wp-caption-text\">Laura De Menech<\/figcaption><\/figure>\n<p>\u00c8 nato il nuovo libro della scrittrice bellunese Laura De Menech che, con le sue quarantaquattro poesie, corredate da due racconti pluripremiati, costituisce una raffinata silloge nella quale ogni verso emoziona il lettore con la sua squisita delicatezza ed \u00e8 accompagnata da una profondit\u00e0 espressiva che, da sempre, caratterizza la scrittura dell\u2019autrice.<\/p>\n<p>Ci troviamo di fronte al coinvolgente viaggio di \u201cCuori Erranti\u201d che, come un fiume, dalla sorgente sulle vette tra salti e pendii, raggiunge e attraversa le pianure, sino ad arrivare alla foce e gettarsi nell\u2019oceano infinito.<br \/>\n\u00c8 un viaggio nella memoria di un passato felice, spensierato e luminoso ma che approda inevitabilmente ad un presente spento, cupo, sofferto, dove l\u2019unica via di fuga sembra essere una lunga e paziente ricerca interiore.<\/p>\n<p>Proprio per questo la poesia di Laura De Menech \u00e8 quella di un acrobata che cammina a piedi nudi sulla fune dell\u2019esistenza, tanto ad un passo dal cielo, quanto ad uno dal precipizio (\u201cCome un funambolo\u201d), con il cuore fra le mani a fare da bilanciere per tenersi in equilibrio.<br \/>\nAccade, cos\u00ec, che l\u2019Animo Gentile si ritrovi costretto a combattere \u201combre oscure e demoni danzanti\u201d &#8211; Non cercatemi nel mare, ma nei suoi abissi (\u201cNel Tutto\u201d) &#8211; in attesa che la luce dell\u2019emozione e dell\u2019Arte porti luce e rinascita.<\/p>\n<p>\u201cEstranea a me stessa<br \/>\nvago<br \/>\ntra caroselli di spine e cupi silenzi.<br \/>\nGli occhi scavati e stanchi<br \/>\ndal troppo vissuto.<br \/>\nCon il cuore sfregiato<br \/>\nda frecce assassine,<br \/>\nmi perdo tra deserti senza stelle,<br \/>\nin compagnia del mio Animo gentile,<br \/>\nsfidando ombre scure<br \/>\ncome tempeste di Demoni danzanti.<br \/>\nSogno oasi verdi con acque cristalline,<br \/>\nristori sereni per viandanti,<br \/>\ne gemme di Luce che rischiarano<br \/>\nil mio cammino incerto.<br \/>\nAttorno a me<br \/>\nsolo pianti di rose recise,<br \/>\nnubi gravide di pioggia<br \/>\ne ore sepolte dal ritmo della Vita.<br \/>\nMi specchio nelle acque gelide<br \/>\ndi un lago silente,<br \/>\nincontrando gli occhi tristi di uno sconosciuto.<br \/>\nSono bui e spenti<br \/>\ncome antichi sepolcri.<br \/>\nUrlo alla Natura il mio tormento<br \/>\ne mi consegno per sempre<br \/>\nal suo abbraccio sommerso.\u201d<\/p>\n<p>(\u201cCuori Erranti\u201d)<\/p>\n<p>&nbsp;<\/p>\n<p>Ecco che, allora, l\u2019Autrice grida alla Natura il suo tormento, dando voce all\u2019anelito interiore dell\u2019essere umano che desidera ardentemente la vita, l\u2019amore e la felicit\u00e0 \u201cper sempre\u201d, cozzando inevitabilmente con la realt\u00e0 di un\u2019esistenza limitata nel tempo e nello spazio (\u201cNulla \u00e8 per sempre\u201d). Laura, quindi, cuore impavido si schiera in prima fila in questa battaglia, al motto di Ti amo come ogni onda ama il mare\u2026 il mare \u00e8 dentro di noi (\u201cEterni legami\u201d).<br \/>\nNoi uomini, dunque, anche quando scivoliamo siamo come stelle cadenti che brillano nel cielo dell\u2019esistenza, pronti per far esprimere un desiderio e un sogno a chi ci osserva.<\/p>\n<p>\u201cSiamo minuscole stelle cadenti<br \/>\nin questo eterno Cielo silente<br \/>\nche si chiama Vita.\u201d<\/p>\n<p>(\u201cVita\u201d)<\/p>\n<p>Ci troviamo poi di fronte alla raffinata e intrigante versatilit\u00e0 dell\u2019Autrice che, dopo un primo ciclo poetico, genera una suggestiva arte in prosa, nella quale prende vita la definitiva scelta tra il dubbio amletico di essere e non essere. Attraverso un luminoso racconto, infatti, Laura, con gli occhi di un bambino e le parole di un monaco, apre una finestra sul senso della vita, che pu\u00f2 essere trovato solo attraverso una ricerca interiore.<\/p>\n<p>(\u201cCUORI ERRANTI\u201d, Edizioni Dantebus, Roma, 2022)<\/p>\n<p>&nbsp;<\/p>\n<p>All\u2019interno della raccolta sono presenti alcune opere premiate:<\/p>\n<p>\u201cCUORI ERRANTI\u201d<\/p>\n<p>&#8211; Premio Letterario Internazionale \u201cLord Byron Golfo dei Poeti\u201d, Portovenere, 2021.<br \/>\n&#8211; Premio Letterario Internazionale \u201cMichelangelo Buonarroti\u201d, Seravezza, 2021.<br \/>\n&#8211; Premio Letterario Nazionale \u201cGiovane Holden\u201d, finalista alla 15^ Ediz., Viareggio, 2021.<\/p>\n<p>\u201cN\u00c9 ACQUA, N\u00c9 LUNA\u201d<\/p>\n<p>&#8211; Premio Letterario Nazionale \u201cUn Tempio per la Pace\u201d, Firenze, 2015.<br \/>\n&#8211; Premio Letterario Internazionale \u201cMichelangelo Buonarroti\u201d, Seravezza, 2021.<\/p>\n<p>\u201cQUI E ORA\u201d<\/p>\n<p>&#8211; Premio Letterario Internazionale \u201cCharles Bukowski\u201d, Viareggio, 2017.<br \/>\n&#8211; Premio Letterario Internazionale \u201cMichelangelo Buonarroti\u201d, Forte dei Marmi, 2018.<br \/>\n&#8211; Premio Letterario Internazionale \u201cLord Byron Golfo dei Poeti\u201d, Portovenere, 2018<\/p>","protected":false},"excerpt":{"rendered":"<p>\u00c8 nato il nuovo libro della scrittrice bellunese Laura De Menech che, con le sue quarantaquattro poesie, corredate da due racconti pluripremiati, costituisce una raffinata silloge nella quale ogni verso emoziona il lettore con la sua squisita delicatezza ed \u00e8 accompagnata da una profondit\u00e0 espressiva che, da sempre, caratterizza la scrittura dell\u2019autrice. Ci troviamo di [&hellip;]<\/p>\n","protected":false},"author":2,"featured_media":127771,"comment_status":"closed","ping_status":"open","sticky":false,"template":"","format":"standard","meta":{"footnotes":""},"categories":[3,25],"tags":[],"class_list":["post-136493","post","type-post","status-publish","format-standard","has-post-thumbnail","category-arte-cultura-spettacoli-scienza-archivi","category-pausa-caffe"],"yoast_head":"<!-- This site is optimized with the Yoast SEO plugin v28.4 - https:\/\/yoast.com\/product\/yoast-seo-wordpress\/ -->\n<title>Cuori erranti, il nuovo libro di Laura De Menech - Bellunopress - Dolomiti<\/title>\n<meta name=\"robots\" content=\"index, follow, max-snippet:-1, max-image-preview:large, max-video-preview:-1\" \/>\n<link rel=\"canonical\" href=\"https:\/\/www.bellunopress.it\/fr\/2022\/09\/18\/cuori-erranti-il-nuovo-libro-di-laura-de-menech\/\" \/>\n<meta property=\"og:locale\" content=\"fr_FR\" \/>\n<meta property=\"og:type\" content=\"article\" \/>\n<meta property=\"og:title\" content=\"Cuori erranti, il nuovo libro di Laura De Menech - Bellunopress - Dolomiti\" \/>\n<meta property=\"og:description\" content=\"\u00c8 nato il nuovo libro della scrittrice bellunese Laura De Menech che, con le sue quarantaquattro poesie, corredate da due racconti pluripremiati, costituisce una raffinata silloge nella quale ogni verso emoziona il lettore con la sua squisita delicatezza ed \u00e8 accompagnata da una profondit\u00e0 espressiva che, da sempre, caratterizza la scrittura dell\u2019autrice. Ci troviamo di [&hellip;]\" \/>\n<meta property=\"og:url\" content=\"https:\/\/www.bellunopress.it\/fr\/2022\/09\/18\/cuori-erranti-il-nuovo-libro-di-laura-de-menech\/\" \/>\n<meta property=\"og:site_name\" content=\"Bellunopress - Dolomiti\" \/>\n<meta property=\"article:publisher\" content=\"https:\/\/www.facebook.com\/profile.php?id=100008943462799\" \/>\n<meta property=\"article:published_time\" content=\"2022-09-18T18:23:31+00:00\" \/>\n<meta property=\"og:image\" content=\"https:\/\/www.bellunopress.it\/wp-content\/uploads\/2021\/09\/Laura-De-Menech_edited.jpg\" \/>\n\t<meta property=\"og:image:width\" content=\"637\" \/>\n\t<meta property=\"og:image:height\" content=\"800\" \/>\n\t<meta property=\"og:image:type\" content=\"image\/jpeg\" \/>\n<meta name=\"author\" content=\"redazione\" \/>\n<meta name=\"twitter:card\" content=\"summary_large_image\" \/>\n<meta name=\"twitter:creator\" content=\"@bellunopress\" \/>\n<meta name=\"twitter:site\" content=\"@bellunopress\" \/>\n<meta name=\"twitter:label1\" content=\"\u00c9crit par\" \/>\n\t<meta name=\"twitter:data1\" content=\"redazione\" \/>\n\t<meta name=\"twitter:label2\" content=\"Dur\u00e9e de lecture estim\u00e9e\" \/>\n\t<meta name=\"twitter:data2\" content=\"4 minutes\" \/>\n<script type=\"application\/ld+json\" class=\"yoast-schema-graph\">{\"@context\":\"https:\\\/\\\/schema.org\",\"@graph\":[{\"@type\":\"Article\",\"@id\":\"https:\\\/\\\/www.bellunopress.it\\\/2022\\\/09\\\/18\\\/cuori-erranti-il-nuovo-libro-di-laura-de-menech\\\/#article\",\"isPartOf\":{\"@id\":\"https:\\\/\\\/www.bellunopress.it\\\/2022\\\/09\\\/18\\\/cuori-erranti-il-nuovo-libro-di-laura-de-menech\\\/\"},\"author\":{\"name\":\"redazione\",\"@id\":\"https:\\\/\\\/www.bellunopress.it\\\/#\\\/schema\\\/person\\\/79bb06722b37ece1c03d3e94beb30d73\"},\"headline\":\"Cuori erranti, il nuovo libro di Laura De Menech\",\"datePublished\":\"2022-09-18T18:23:31+00:00\",\"mainEntityOfPage\":{\"@id\":\"https:\\\/\\\/www.bellunopress.it\\\/2022\\\/09\\\/18\\\/cuori-erranti-il-nuovo-libro-di-laura-de-menech\\\/\"},\"wordCount\":650,\"publisher\":{\"@id\":\"https:\\\/\\\/www.bellunopress.it\\\/#organization\"},\"image\":{\"@id\":\"https:\\\/\\\/www.bellunopress.it\\\/2022\\\/09\\\/18\\\/cuori-erranti-il-nuovo-libro-di-laura-de-menech\\\/#primaryimage\"},\"thumbnailUrl\":\"https:\\\/\\\/www.bellunopress.it\\\/wp-content\\\/uploads\\\/2021\\\/09\\\/Laura-De-Menech_edited.jpg\",\"articleSection\":[\"Arte, Cultura, Spettacoli, Scienza\",\"Pausa Caff\u00e8\"],\"inLanguage\":\"fr-FR\"},{\"@type\":\"WebPage\",\"@id\":\"https:\\\/\\\/www.bellunopress.it\\\/2022\\\/09\\\/18\\\/cuori-erranti-il-nuovo-libro-di-laura-de-menech\\\/\",\"url\":\"https:\\\/\\\/www.bellunopress.it\\\/2022\\\/09\\\/18\\\/cuori-erranti-il-nuovo-libro-di-laura-de-menech\\\/\",\"name\":\"Cuori erranti, il nuovo libro di Laura De Menech - Bellunopress - Dolomiti\",\"isPartOf\":{\"@id\":\"https:\\\/\\\/www.bellunopress.it\\\/#website\"},\"primaryImageOfPage\":{\"@id\":\"https:\\\/\\\/www.bellunopress.it\\\/2022\\\/09\\\/18\\\/cuori-erranti-il-nuovo-libro-di-laura-de-menech\\\/#primaryimage\"},\"image\":{\"@id\":\"https:\\\/\\\/www.bellunopress.it\\\/2022\\\/09\\\/18\\\/cuori-erranti-il-nuovo-libro-di-laura-de-menech\\\/#primaryimage\"},\"thumbnailUrl\":\"https:\\\/\\\/www.bellunopress.it\\\/wp-content\\\/uploads\\\/2021\\\/09\\\/Laura-De-Menech_edited.jpg\",\"datePublished\":\"2022-09-18T18:23:31+00:00\",\"breadcrumb\":{\"@id\":\"https:\\\/\\\/www.bellunopress.it\\\/2022\\\/09\\\/18\\\/cuori-erranti-il-nuovo-libro-di-laura-de-menech\\\/#breadcrumb\"},\"inLanguage\":\"fr-FR\",\"potentialAction\":[{\"@type\":\"ReadAction\",\"target\":[\"https:\\\/\\\/www.bellunopress.it\\\/2022\\\/09\\\/18\\\/cuori-erranti-il-nuovo-libro-di-laura-de-menech\\\/\"]}]},{\"@type\":\"ImageObject\",\"inLanguage\":\"fr-FR\",\"@id\":\"https:\\\/\\\/www.bellunopress.it\\\/2022\\\/09\\\/18\\\/cuori-erranti-il-nuovo-libro-di-laura-de-menech\\\/#primaryimage\",\"url\":\"https:\\\/\\\/www.bellunopress.it\\\/wp-content\\\/uploads\\\/2021\\\/09\\\/Laura-De-Menech_edited.jpg\",\"contentUrl\":\"https:\\\/\\\/www.bellunopress.it\\\/wp-content\\\/uploads\\\/2021\\\/09\\\/Laura-De-Menech_edited.jpg\",\"width\":637,\"height\":800,\"caption\":\"Laura De Menech\"},{\"@type\":\"BreadcrumbList\",\"@id\":\"https:\\\/\\\/www.bellunopress.it\\\/2022\\\/09\\\/18\\\/cuori-erranti-il-nuovo-libro-di-laura-de-menech\\\/#breadcrumb\",\"itemListElement\":[{\"@type\":\"ListItem\",\"position\":1,\"name\":\"Home\",\"item\":\"https:\\\/\\\/www.bellunopress.it\\\/\"},{\"@type\":\"ListItem\",\"position\":2,\"name\":\"Cuori erranti, il nuovo libro di Laura De Menech\"}]},{\"@type\":\"WebSite\",\"@id\":\"https:\\\/\\\/www.bellunopress.it\\\/#website\",\"url\":\"https:\\\/\\\/www.bellunopress.it\\\/\",\"name\":\"Bellunopress - Dolomiti\",\"description\":\"e-mail: redazione@bellunopress.it\",\"publisher\":{\"@id\":\"https:\\\/\\\/www.bellunopress.it\\\/#organization\"},\"potentialAction\":[{\"@type\":\"SearchAction\",\"target\":{\"@type\":\"EntryPoint\",\"urlTemplate\":\"https:\\\/\\\/www.bellunopress.it\\\/?s={search_term_string}\"},\"query-input\":{\"@type\":\"PropertyValueSpecification\",\"valueRequired\":true,\"valueName\":\"search_term_string\"}}],\"inLanguage\":\"fr-FR\"},{\"@type\":\"Organization\",\"@id\":\"https:\\\/\\\/www.bellunopress.it\\\/#organization\",\"name\":\"Bellunopress\",\"url\":\"https:\\\/\\\/www.bellunopress.it\\\/\",\"logo\":{\"@type\":\"ImageObject\",\"inLanguage\":\"fr-FR\",\"@id\":\"https:\\\/\\\/www.bellunopress.it\\\/#\\\/schema\\\/logo\\\/image\\\/\",\"url\":\"https:\\\/\\\/www.bellunopress.it\\\/wp-content\\\/uploads\\\/2011\\\/05\\\/cropped-logo-bellunopress-.jpg\",\"contentUrl\":\"https:\\\/\\\/www.bellunopress.it\\\/wp-content\\\/uploads\\\/2011\\\/05\\\/cropped-logo-bellunopress-.jpg\",\"width\":512,\"height\":512,\"caption\":\"Bellunopress\"},\"image\":{\"@id\":\"https:\\\/\\\/www.bellunopress.it\\\/#\\\/schema\\\/logo\\\/image\\\/\"},\"sameAs\":[\"https:\\\/\\\/www.facebook.com\\\/profile.php?id=100008943462799\",\"https:\\\/\\\/x.com\\\/bellunopress\",\"https:\\\/\\\/www.linkedin.com\\\/hp\\\/?dnr=JBzUWaJfMUw8vbXJJ2tVW5-I3jZKvC4wsoxE&amp;amp;amp;amp;amp;amp;trk=nav_responsive_tab_home\",\"https:\\\/\\\/www.youtube.com\\\/channel\\\/UCxL0wu1uN0_3_7hGG0306cw\"]},{\"@type\":\"Person\",\"@id\":\"https:\\\/\\\/www.bellunopress.it\\\/#\\\/schema\\\/person\\\/79bb06722b37ece1c03d3e94beb30d73\",\"name\":\"redazione\",\"image\":{\"@type\":\"ImageObject\",\"inLanguage\":\"fr-FR\",\"@id\":\"https:\\\/\\\/secure.gravatar.com\\\/avatar\\\/37d968a2e67a6fd04c169c4bdef102d0bc5d31b2546345219e348575eb80e9a0?s=96&d=mm&r=g\",\"url\":\"https:\\\/\\\/secure.gravatar.com\\\/avatar\\\/37d968a2e67a6fd04c169c4bdef102d0bc5d31b2546345219e348575eb80e9a0?s=96&d=mm&r=g\",\"contentUrl\":\"https:\\\/\\\/secure.gravatar.com\\\/avatar\\\/37d968a2e67a6fd04c169c4bdef102d0bc5d31b2546345219e348575eb80e9a0?s=96&d=mm&r=g\",\"caption\":\"redazione\"},\"sameAs\":[\"http:\\\/\\\/www.bellunopress.it\",\"https:\\\/\\\/x.com\\\/bellunopress\"],\"url\":\"https:\\\/\\\/www.bellunopress.it\\\/fr\\\/author\\\/redazione\\\/\"}]}<\/script>\n<!-- \/ Yoast SEO plugin. -->","yoast_head_json":{"title":"Cuori erranti, il nuovo libro di Laura De Menech - Bellunopress - Dolomiti","robots":{"index":"index","follow":"follow","max-snippet":"max-snippet:-1","max-image-preview":"max-image-preview:large","max-video-preview":"max-video-preview:-1"},"canonical":"https:\/\/www.bellunopress.it\/fr\/2022\/09\/18\/cuori-erranti-il-nuovo-libro-di-laura-de-menech\/","og_locale":"fr_FR","og_type":"article","og_title":"Cuori erranti, il nuovo libro di Laura De Menech - Bellunopress - Dolomiti","og_description":"\u00c8 nato il nuovo libro della scrittrice bellunese Laura De Menech che, con le sue quarantaquattro poesie, corredate da due racconti pluripremiati, costituisce una raffinata silloge nella quale ogni verso emoziona il lettore con la sua squisita delicatezza ed \u00e8 accompagnata da una profondit\u00e0 espressiva che, da sempre, caratterizza la scrittura dell\u2019autrice. Ci troviamo di [&hellip;]","og_url":"https:\/\/www.bellunopress.it\/fr\/2022\/09\/18\/cuori-erranti-il-nuovo-libro-di-laura-de-menech\/","og_site_name":"Bellunopress - Dolomiti","article_publisher":"https:\/\/www.facebook.com\/profile.php?id=100008943462799","article_published_time":"2022-09-18T18:23:31+00:00","og_image":[{"width":637,"height":800,"url":"https:\/\/www.bellunopress.it\/wp-content\/uploads\/2021\/09\/Laura-De-Menech_edited.jpg","type":"image\/jpeg"}],"author":"redazione","twitter_card":"summary_large_image","twitter_creator":"@bellunopress","twitter_site":"@bellunopress","twitter_misc":{"\u00c9crit par":"redazione","Dur\u00e9e de lecture estim\u00e9e":"4 minutes"},"schema":{"@context":"https:\/\/schema.org","@graph":[{"@type":"Article","@id":"https:\/\/www.bellunopress.it\/2022\/09\/18\/cuori-erranti-il-nuovo-libro-di-laura-de-menech\/#article","isPartOf":{"@id":"https:\/\/www.bellunopress.it\/2022\/09\/18\/cuori-erranti-il-nuovo-libro-di-laura-de-menech\/"},"author":{"name":"redazione","@id":"https:\/\/www.bellunopress.it\/#\/schema\/person\/79bb06722b37ece1c03d3e94beb30d73"},"headline":"Cuori erranti, il nuovo libro di Laura De Menech","datePublished":"2022-09-18T18:23:31+00:00","mainEntityOfPage":{"@id":"https:\/\/www.bellunopress.it\/2022\/09\/18\/cuori-erranti-il-nuovo-libro-di-laura-de-menech\/"},"wordCount":650,"publisher":{"@id":"https:\/\/www.bellunopress.it\/#organization"},"image":{"@id":"https:\/\/www.bellunopress.it\/2022\/09\/18\/cuori-erranti-il-nuovo-libro-di-laura-de-menech\/#primaryimage"},"thumbnailUrl":"https:\/\/www.bellunopress.it\/wp-content\/uploads\/2021\/09\/Laura-De-Menech_edited.jpg","articleSection":["Arte, Cultura, Spettacoli, Scienza","Pausa Caff\u00e8"],"inLanguage":"fr-FR"},{"@type":"WebPage","@id":"https:\/\/www.bellunopress.it\/2022\/09\/18\/cuori-erranti-il-nuovo-libro-di-laura-de-menech\/","url":"https:\/\/www.bellunopress.it\/2022\/09\/18\/cuori-erranti-il-nuovo-libro-di-laura-de-menech\/","name":"Cuori erranti, il nuovo libro di Laura De Menech - Bellunopress - Dolomiti","isPartOf":{"@id":"https:\/\/www.bellunopress.it\/#website"},"primaryImageOfPage":{"@id":"https:\/\/www.bellunopress.it\/2022\/09\/18\/cuori-erranti-il-nuovo-libro-di-laura-de-menech\/#primaryimage"},"image":{"@id":"https:\/\/www.bellunopress.it\/2022\/09\/18\/cuori-erranti-il-nuovo-libro-di-laura-de-menech\/#primaryimage"},"thumbnailUrl":"https:\/\/www.bellunopress.it\/wp-content\/uploads\/2021\/09\/Laura-De-Menech_edited.jpg","datePublished":"2022-09-18T18:23:31+00:00","breadcrumb":{"@id":"https:\/\/www.bellunopress.it\/2022\/09\/18\/cuori-erranti-il-nuovo-libro-di-laura-de-menech\/#breadcrumb"},"inLanguage":"fr-FR","potentialAction":[{"@type":"ReadAction","target":["https:\/\/www.bellunopress.it\/2022\/09\/18\/cuori-erranti-il-nuovo-libro-di-laura-de-menech\/"]}]},{"@type":"ImageObject","inLanguage":"fr-FR","@id":"https:\/\/www.bellunopress.it\/2022\/09\/18\/cuori-erranti-il-nuovo-libro-di-laura-de-menech\/#primaryimage","url":"https:\/\/www.bellunopress.it\/wp-content\/uploads\/2021\/09\/Laura-De-Menech_edited.jpg","contentUrl":"https:\/\/www.bellunopress.it\/wp-content\/uploads\/2021\/09\/Laura-De-Menech_edited.jpg","width":637,"height":800,"caption":"Laura De Menech"},{"@type":"BreadcrumbList","@id":"https:\/\/www.bellunopress.it\/2022\/09\/18\/cuori-erranti-il-nuovo-libro-di-laura-de-menech\/#breadcrumb","itemListElement":[{"@type":"ListItem","position":1,"name":"Home","item":"https:\/\/www.bellunopress.it\/"},{"@type":"ListItem","position":2,"name":"Cuori erranti, il nuovo libro di Laura De Menech"}]},{"@type":"WebSite","@id":"https:\/\/www.bellunopress.it\/#website","url":"https:\/\/www.bellunopress.it\/","name":"Bellunopress - Dolomiti","description":"e-mail: redazione@bellunopress.it","publisher":{"@id":"https:\/\/www.bellunopress.it\/#organization"},"potentialAction":[{"@type":"SearchAction","target":{"@type":"EntryPoint","urlTemplate":"https:\/\/www.bellunopress.it\/?s={search_term_string}"},"query-input":{"@type":"PropertyValueSpecification","valueRequired":true,"valueName":"search_term_string"}}],"inLanguage":"fr-FR"},{"@type":"Organization","@id":"https:\/\/www.bellunopress.it\/#organization","name":"Bellunopress","url":"https:\/\/www.bellunopress.it\/","logo":{"@type":"ImageObject","inLanguage":"fr-FR","@id":"https:\/\/www.bellunopress.it\/#\/schema\/logo\/image\/","url":"https:\/\/www.bellunopress.it\/wp-content\/uploads\/2011\/05\/cropped-logo-bellunopress-.jpg","contentUrl":"https:\/\/www.bellunopress.it\/wp-content\/uploads\/2011\/05\/cropped-logo-bellunopress-.jpg","width":512,"height":512,"caption":"Bellunopress"},"image":{"@id":"https:\/\/www.bellunopress.it\/#\/schema\/logo\/image\/"},"sameAs":["https:\/\/www.facebook.com\/profile.php?id=100008943462799","https:\/\/x.com\/bellunopress","https:\/\/www.linkedin.com\/hp\/?dnr=JBzUWaJfMUw8vbXJJ2tVW5-I3jZKvC4wsoxE&amp;amp;amp;amp;amp;amp;trk=nav_responsive_tab_home","https:\/\/www.youtube.com\/channel\/UCxL0wu1uN0_3_7hGG0306cw"]},{"@type":"Person","@id":"https:\/\/www.bellunopress.it\/#\/schema\/person\/79bb06722b37ece1c03d3e94beb30d73","name":"r\u00e9daction","image":{"@type":"ImageObject","inLanguage":"fr-FR","@id":"https:\/\/secure.gravatar.com\/avatar\/37d968a2e67a6fd04c169c4bdef102d0bc5d31b2546345219e348575eb80e9a0?s=96&d=mm&r=g","url":"https:\/\/secure.gravatar.com\/avatar\/37d968a2e67a6fd04c169c4bdef102d0bc5d31b2546345219e348575eb80e9a0?s=96&d=mm&r=g","contentUrl":"https:\/\/secure.gravatar.com\/avatar\/37d968a2e67a6fd04c169c4bdef102d0bc5d31b2546345219e348575eb80e9a0?s=96&d=mm&r=g","caption":"redazione"},"sameAs":["http:\/\/www.bellunopress.it","https:\/\/x.com\/bellunopress"],"url":"https:\/\/www.bellunopress.it\/fr\/author\/redazione\/"}]}},"_links":{"self":[{"href":"https:\/\/www.bellunopress.it\/fr\/wp-json\/wp\/v2\/posts\/136493","targetHints":{"allow":["GET"]}}],"collection":[{"href":"https:\/\/www.bellunopress.it\/fr\/wp-json\/wp\/v2\/posts"}],"about":[{"href":"https:\/\/www.bellunopress.it\/fr\/wp-json\/wp\/v2\/types\/post"}],"author":[{"embeddable":true,"href":"https:\/\/www.bellunopress.it\/fr\/wp-json\/wp\/v2\/users\/2"}],"replies":[{"embeddable":true,"href":"https:\/\/www.bellunopress.it\/fr\/wp-json\/wp\/v2\/comments?post=136493"}],"version-history":[{"count":1,"href":"https:\/\/www.bellunopress.it\/fr\/wp-json\/wp\/v2\/posts\/136493\/revisions"}],"predecessor-version":[{"id":136494,"href":"https:\/\/www.bellunopress.it\/fr\/wp-json\/wp\/v2\/posts\/136493\/revisions\/136494"}],"wp:featuredmedia":[{"embeddable":true,"href":"https:\/\/www.bellunopress.it\/fr\/wp-json\/wp\/v2\/media\/127771"}],"wp:attachment":[{"href":"https:\/\/www.bellunopress.it\/fr\/wp-json\/wp\/v2\/media?parent=136493"}],"wp:term":[{"taxonomy":"category","embeddable":true,"href":"https:\/\/www.bellunopress.it\/fr\/wp-json\/wp\/v2\/categories?post=136493"},{"taxonomy":"post_tag","embeddable":true,"href":"https:\/\/www.bellunopress.it\/fr\/wp-json\/wp\/v2\/tags?post=136493"}],"curies":[{"name":"wp","href":"https:\/\/api.w.org\/{rel}","templated":true}]}}