{"id":136491,"date":"2022-09-18T20:00:18","date_gmt":"2022-09-18T18:00:18","guid":{"rendered":"https:\/\/www.bellunopress.it\/?p=136491"},"modified":"2022-09-18T20:00:18","modified_gmt":"2022-09-18T18:00:18","slug":"politiche-2022-lettera-aperta-ai-candidati-bellunesi-dal-coordinamento-pace-e-disarmo-di-belluno","status":"publish","type":"post","link":"https:\/\/www.bellunopress.it\/fr\/2022\/09\/18\/politiche-2022-lettera-aperta-ai-candidati-bellunesi-dal-coordinamento-pace-e-disarmo-di-belluno\/","title":{"rendered":"Politiche 2022. Lettera aperta ai candidati bellunesi dal Coordinamento Pace e Disarmo di Belluno"},"content":{"rendered":"<p><img loading=\"lazy\" decoding=\"async\" class=\"alignleft size-full wp-image-128801\" src=\"https:\/\/www.bellunopress.it\/wp-content\/uploads\/2021\/10\/lettera_edited.jpg\" alt=\"\" width=\"477\" height=\"224\" \/>Gentili candidate e candidati,<br \/>\n\u00e8 possibile abituarsi o peggio alimentare una guerra devastante non solo per l\u2019Ucraina, ma per gran parte del mondo, per i popoli che soffrono la fame, per i danni ambientali e i rischi nucleari, per milioni di famiglie europee che si stanno impoverendo e cadendo in miseria?<\/p>\n<p>Chi scrive \u00e8 il Coordinamento Pace e Disarmo della provincia di Belluno. Siamo un gruppo di cittadini e associazioni mobilitati contro la guerra e contro l\u2019invio e l\u2019uso delle armi per risolvere le controversie ed i conflitti internazionali, che oltre all\u2019Ucraina, che ci tocca da vicino, sono presenti in diverse decine di paesi del nostro mondo.<br \/>\nIl Parlamento, proprio in questi ultimi giorni, ha deliberato ulteriori investimenti approvando oltre venti programmi di spesa proposti dal Ministro della Difesa Guerini per 12,5 miliardi di euro. E\u2019 un segnale inequivocabile, di un indirizzo, quello preso dall\u2019Italia e dalla UE in generale, in quest\u2019ultimo anno, che non ci piace, perch\u00e9 distoglie risorse da altri capitoli di spesa ben pi\u00f9 importanti per il benessere dei cittadini; perch\u00e9 ci espone a rischi rendendo pi\u00f9 probabile il coinvolgimento militare del nostro paese; e soprattutto perch\u00e9 tali investimenti fanno capire che solo con le armi si pu\u00f2 garantire la sicurezza, ignorando invece il ruolo delle azioni diplomatiche degli stati, degli organismi internazionali e della difesa nonviolenta.<\/p>\n<p>Nei programmi elettorali delle forze politiche, di conseguenza, pur con qualche distinguo, \u00e8 pi\u00f9 citata la Nato che non l\u2019ONU. E questo ci preoccupa non poco.<br \/>\nOra vi chiediamo se questo \u00e8 anche il vostro pensiero, in concreto se siete a favore o contrari:<br \/>\n\u2022 all\u2019invio continuo di armi all\u2019Ucraina, precludendo cos\u00ec la possibilit\u00e0 di attivare alcuna iniziativa o proposta politica di dialogo con le parti per una soluzione diplomatica e negoziale del conflitto.<br \/>\n\u2022 all\u2019aumento delle spese militari e conseguentemente ad un ritorno alla guerra fredda e alla divisione del mondo in blocchi contrapposti e armati.<br \/>\n\u2022 al potenziamento del ruolo dell\u2019ONU, ad una nuova diplomazia europea, all\u2019attivazione di un sistema europeo di sicurezza comune basato sulla difesa civile non armata e parallelamente ad un ridimensionamento della Nato.<br \/>\n\u2022 ad un mondo governato dal multilateralismo globale e non dall\u2019unilateralismo occidentale.<br \/>\nPremettendo che renderemo pubbliche le vostre risposte, o non risposte, vi siamo grati se vorrete esprimere le vostri opinioni a riguardo.<br \/>\nAugurandovi che possiate fare vostre, una volta eletti, le nostre preoccupazioni e la nostra progettualit\u00e0, vi alleghiamo le articolate proposte per una legislatura di pace predisposte dalla Rete italiana Pace e Disarmo.<\/p>\n<p>Con cordialit\u00e0,<br \/>\nBelluno, 17 settembre 2022<br \/>\npacedisarmobelluno@gmail.com<\/p>\n<p>&nbsp;<\/p>","protected":false},"excerpt":{"rendered":"<p>Gentili candidate e candidati, \u00e8 possibile abituarsi o peggio alimentare una guerra devastante non solo per l\u2019Ucraina, ma per gran parte del mondo, per i popoli che soffrono la fame, per i danni ambientali e i rischi nucleari, per milioni di famiglie europee che si stanno impoverendo e cadendo in miseria? Chi scrive \u00e8 il [&hellip;]<\/p>\n","protected":false},"author":2,"featured_media":123649,"comment_status":"closed","ping_status":"open","sticky":false,"template":"","format":"standard","meta":{"footnotes":""},"categories":[5,1],"tags":[],"class_list":["post-136491","post","type-post","status-publish","format-standard","has-post-thumbnail","category-cronaca","category-leo"],"yoast_head":"<!-- This site is optimized with the Yoast SEO plugin v28.4 - https:\/\/yoast.com\/product\/yoast-seo-wordpress\/ -->\n<title>Politiche 2022. Lettera aperta ai candidati bellunesi dal Coordinamento Pace e Disarmo di Belluno - Bellunopress - Dolomiti<\/title>\n<meta name=\"robots\" content=\"index, follow, max-snippet:-1, max-image-preview:large, max-video-preview:-1\" \/>\n<link rel=\"canonical\" href=\"https:\/\/www.bellunopress.it\/fr\/2022\/09\/18\/politiche-2022-lettera-aperta-ai-candidati-bellunesi-dal-coordinamento-pace-e-disarmo-di-belluno\/\" \/>\n<meta property=\"og:locale\" content=\"fr_FR\" \/>\n<meta property=\"og:type\" content=\"article\" \/>\n<meta property=\"og:title\" content=\"Politiche 2022. Lettera aperta ai candidati bellunesi dal Coordinamento Pace e Disarmo di Belluno - Bellunopress - Dolomiti\" \/>\n<meta property=\"og:description\" content=\"Gentili candidate e candidati, \u00e8 possibile abituarsi o peggio alimentare una guerra devastante non solo per l\u2019Ucraina, ma per gran parte del mondo, per i popoli che soffrono la fame, per i danni ambientali e i rischi nucleari, per milioni di famiglie europee che si stanno impoverendo e cadendo in miseria? Chi scrive \u00e8 il [&hellip;]\" \/>\n<meta property=\"og:url\" content=\"https:\/\/www.bellunopress.it\/fr\/2022\/09\/18\/politiche-2022-lettera-aperta-ai-candidati-bellunesi-dal-coordinamento-pace-e-disarmo-di-belluno\/\" \/>\n<meta property=\"og:site_name\" content=\"Bellunopress - Dolomiti\" \/>\n<meta property=\"article:publisher\" content=\"https:\/\/www.facebook.com\/profile.php?id=100008943462799\" \/>\n<meta property=\"article:published_time\" content=\"2022-09-18T18:00:18+00:00\" \/>\n<meta property=\"og:image\" content=\"https:\/\/www.bellunopress.it\/wp-content\/uploads\/2021\/04\/lettera-mail_edited.jpg\" \/>\n\t<meta property=\"og:image:width\" content=\"962\" \/>\n\t<meta property=\"og:image:height\" content=\"1000\" \/>\n\t<meta property=\"og:image:type\" content=\"image\/jpeg\" \/>\n<meta name=\"author\" content=\"redazione\" \/>\n<meta name=\"twitter:card\" content=\"summary_large_image\" \/>\n<meta name=\"twitter:creator\" content=\"@bellunopress\" \/>\n<meta name=\"twitter:site\" content=\"@bellunopress\" \/>\n<meta name=\"twitter:label1\" content=\"\u00c9crit par\" \/>\n\t<meta name=\"twitter:data1\" content=\"redazione\" \/>\n\t<meta name=\"twitter:label2\" content=\"Dur\u00e9e de lecture estim\u00e9e\" \/>\n\t<meta name=\"twitter:data2\" content=\"3 minutes\" \/>\n<script type=\"application\/ld+json\" class=\"yoast-schema-graph\">{\"@context\":\"https:\\\/\\\/schema.org\",\"@graph\":[{\"@type\":\"Article\",\"@id\":\"https:\\\/\\\/www.bellunopress.it\\\/2022\\\/09\\\/18\\\/politiche-2022-lettera-aperta-ai-candidati-bellunesi-dal-coordinamento-pace-e-disarmo-di-belluno\\\/#article\",\"isPartOf\":{\"@id\":\"https:\\\/\\\/www.bellunopress.it\\\/2022\\\/09\\\/18\\\/politiche-2022-lettera-aperta-ai-candidati-bellunesi-dal-coordinamento-pace-e-disarmo-di-belluno\\\/\"},\"author\":{\"name\":\"redazione\",\"@id\":\"https:\\\/\\\/www.bellunopress.it\\\/#\\\/schema\\\/person\\\/79bb06722b37ece1c03d3e94beb30d73\"},\"headline\":\"Politiche 2022. Lettera aperta ai candidati bellunesi dal Coordinamento Pace e Disarmo di Belluno\",\"datePublished\":\"2022-09-18T18:00:18+00:00\",\"mainEntityOfPage\":{\"@id\":\"https:\\\/\\\/www.bellunopress.it\\\/2022\\\/09\\\/18\\\/politiche-2022-lettera-aperta-ai-candidati-bellunesi-dal-coordinamento-pace-e-disarmo-di-belluno\\\/\"},\"wordCount\":439,\"publisher\":{\"@id\":\"https:\\\/\\\/www.bellunopress.it\\\/#organization\"},\"image\":{\"@id\":\"https:\\\/\\\/www.bellunopress.it\\\/2022\\\/09\\\/18\\\/politiche-2022-lettera-aperta-ai-candidati-bellunesi-dal-coordinamento-pace-e-disarmo-di-belluno\\\/#primaryimage\"},\"thumbnailUrl\":\"https:\\\/\\\/www.bellunopress.it\\\/wp-content\\\/uploads\\\/2021\\\/04\\\/lettera-mail_edited.jpg\",\"articleSection\":[\"Cronaca\\\/Politica\",\"Lettere Opinioni\"],\"inLanguage\":\"fr-FR\"},{\"@type\":\"WebPage\",\"@id\":\"https:\\\/\\\/www.bellunopress.it\\\/2022\\\/09\\\/18\\\/politiche-2022-lettera-aperta-ai-candidati-bellunesi-dal-coordinamento-pace-e-disarmo-di-belluno\\\/\",\"url\":\"https:\\\/\\\/www.bellunopress.it\\\/2022\\\/09\\\/18\\\/politiche-2022-lettera-aperta-ai-candidati-bellunesi-dal-coordinamento-pace-e-disarmo-di-belluno\\\/\",\"name\":\"Politiche 2022. Lettera aperta ai candidati bellunesi dal Coordinamento Pace e Disarmo di Belluno - Bellunopress - Dolomiti\",\"isPartOf\":{\"@id\":\"https:\\\/\\\/www.bellunopress.it\\\/#website\"},\"primaryImageOfPage\":{\"@id\":\"https:\\\/\\\/www.bellunopress.it\\\/2022\\\/09\\\/18\\\/politiche-2022-lettera-aperta-ai-candidati-bellunesi-dal-coordinamento-pace-e-disarmo-di-belluno\\\/#primaryimage\"},\"image\":{\"@id\":\"https:\\\/\\\/www.bellunopress.it\\\/2022\\\/09\\\/18\\\/politiche-2022-lettera-aperta-ai-candidati-bellunesi-dal-coordinamento-pace-e-disarmo-di-belluno\\\/#primaryimage\"},\"thumbnailUrl\":\"https:\\\/\\\/www.bellunopress.it\\\/wp-content\\\/uploads\\\/2021\\\/04\\\/lettera-mail_edited.jpg\",\"datePublished\":\"2022-09-18T18:00:18+00:00\",\"breadcrumb\":{\"@id\":\"https:\\\/\\\/www.bellunopress.it\\\/2022\\\/09\\\/18\\\/politiche-2022-lettera-aperta-ai-candidati-bellunesi-dal-coordinamento-pace-e-disarmo-di-belluno\\\/#breadcrumb\"},\"inLanguage\":\"fr-FR\",\"potentialAction\":[{\"@type\":\"ReadAction\",\"target\":[\"https:\\\/\\\/www.bellunopress.it\\\/2022\\\/09\\\/18\\\/politiche-2022-lettera-aperta-ai-candidati-bellunesi-dal-coordinamento-pace-e-disarmo-di-belluno\\\/\"]}]},{\"@type\":\"ImageObject\",\"inLanguage\":\"fr-FR\",\"@id\":\"https:\\\/\\\/www.bellunopress.it\\\/2022\\\/09\\\/18\\\/politiche-2022-lettera-aperta-ai-candidati-bellunesi-dal-coordinamento-pace-e-disarmo-di-belluno\\\/#primaryimage\",\"url\":\"https:\\\/\\\/www.bellunopress.it\\\/wp-content\\\/uploads\\\/2021\\\/04\\\/lettera-mail_edited.jpg\",\"contentUrl\":\"https:\\\/\\\/www.bellunopress.it\\\/wp-content\\\/uploads\\\/2021\\\/04\\\/lettera-mail_edited.jpg\",\"width\":962,\"height\":1000},{\"@type\":\"BreadcrumbList\",\"@id\":\"https:\\\/\\\/www.bellunopress.it\\\/2022\\\/09\\\/18\\\/politiche-2022-lettera-aperta-ai-candidati-bellunesi-dal-coordinamento-pace-e-disarmo-di-belluno\\\/#breadcrumb\",\"itemListElement\":[{\"@type\":\"ListItem\",\"position\":1,\"name\":\"Home\",\"item\":\"https:\\\/\\\/www.bellunopress.it\\\/\"},{\"@type\":\"ListItem\",\"position\":2,\"name\":\"Politiche 2022. Lettera aperta ai candidati bellunesi dal Coordinamento Pace e Disarmo di Belluno\"}]},{\"@type\":\"WebSite\",\"@id\":\"https:\\\/\\\/www.bellunopress.it\\\/#website\",\"url\":\"https:\\\/\\\/www.bellunopress.it\\\/\",\"name\":\"Bellunopress - Dolomiti\",\"description\":\"e-mail: redazione@bellunopress.it\",\"publisher\":{\"@id\":\"https:\\\/\\\/www.bellunopress.it\\\/#organization\"},\"potentialAction\":[{\"@type\":\"SearchAction\",\"target\":{\"@type\":\"EntryPoint\",\"urlTemplate\":\"https:\\\/\\\/www.bellunopress.it\\\/?s={search_term_string}\"},\"query-input\":{\"@type\":\"PropertyValueSpecification\",\"valueRequired\":true,\"valueName\":\"search_term_string\"}}],\"inLanguage\":\"fr-FR\"},{\"@type\":\"Organization\",\"@id\":\"https:\\\/\\\/www.bellunopress.it\\\/#organization\",\"name\":\"Bellunopress\",\"url\":\"https:\\\/\\\/www.bellunopress.it\\\/\",\"logo\":{\"@type\":\"ImageObject\",\"inLanguage\":\"fr-FR\",\"@id\":\"https:\\\/\\\/www.bellunopress.it\\\/#\\\/schema\\\/logo\\\/image\\\/\",\"url\":\"https:\\\/\\\/www.bellunopress.it\\\/wp-content\\\/uploads\\\/2011\\\/05\\\/cropped-logo-bellunopress-.jpg\",\"contentUrl\":\"https:\\\/\\\/www.bellunopress.it\\\/wp-content\\\/uploads\\\/2011\\\/05\\\/cropped-logo-bellunopress-.jpg\",\"width\":512,\"height\":512,\"caption\":\"Bellunopress\"},\"image\":{\"@id\":\"https:\\\/\\\/www.bellunopress.it\\\/#\\\/schema\\\/logo\\\/image\\\/\"},\"sameAs\":[\"https:\\\/\\\/www.facebook.com\\\/profile.php?id=100008943462799\",\"https:\\\/\\\/x.com\\\/bellunopress\",\"https:\\\/\\\/www.linkedin.com\\\/hp\\\/?dnr=JBzUWaJfMUw8vbXJJ2tVW5-I3jZKvC4wsoxE&amp;amp;amp;amp;amp;amp;trk=nav_responsive_tab_home\",\"https:\\\/\\\/www.youtube.com\\\/channel\\\/UCxL0wu1uN0_3_7hGG0306cw\"]},{\"@type\":\"Person\",\"@id\":\"https:\\\/\\\/www.bellunopress.it\\\/#\\\/schema\\\/person\\\/79bb06722b37ece1c03d3e94beb30d73\",\"name\":\"redazione\",\"image\":{\"@type\":\"ImageObject\",\"inLanguage\":\"fr-FR\",\"@id\":\"https:\\\/\\\/secure.gravatar.com\\\/avatar\\\/37d968a2e67a6fd04c169c4bdef102d0bc5d31b2546345219e348575eb80e9a0?s=96&d=mm&r=g\",\"url\":\"https:\\\/\\\/secure.gravatar.com\\\/avatar\\\/37d968a2e67a6fd04c169c4bdef102d0bc5d31b2546345219e348575eb80e9a0?s=96&d=mm&r=g\",\"contentUrl\":\"https:\\\/\\\/secure.gravatar.com\\\/avatar\\\/37d968a2e67a6fd04c169c4bdef102d0bc5d31b2546345219e348575eb80e9a0?s=96&d=mm&r=g\",\"caption\":\"redazione\"},\"sameAs\":[\"http:\\\/\\\/www.bellunopress.it\",\"https:\\\/\\\/x.com\\\/bellunopress\"],\"url\":\"https:\\\/\\\/www.bellunopress.it\\\/fr\\\/author\\\/redazione\\\/\"}]}<\/script>\n<!-- \/ Yoast SEO plugin. -->","yoast_head_json":{"title":"Politiche 2022. Lettera aperta ai candidati bellunesi dal Coordinamento Pace e Disarmo di Belluno - Bellunopress - Dolomiti","robots":{"index":"index","follow":"follow","max-snippet":"max-snippet:-1","max-image-preview":"max-image-preview:large","max-video-preview":"max-video-preview:-1"},"canonical":"https:\/\/www.bellunopress.it\/fr\/2022\/09\/18\/politiche-2022-lettera-aperta-ai-candidati-bellunesi-dal-coordinamento-pace-e-disarmo-di-belluno\/","og_locale":"fr_FR","og_type":"article","og_title":"Politiche 2022. Lettera aperta ai candidati bellunesi dal Coordinamento Pace e Disarmo di Belluno - Bellunopress - Dolomiti","og_description":"Gentili candidate e candidati, \u00e8 possibile abituarsi o peggio alimentare una guerra devastante non solo per l\u2019Ucraina, ma per gran parte del mondo, per i popoli che soffrono la fame, per i danni ambientali e i rischi nucleari, per milioni di famiglie europee che si stanno impoverendo e cadendo in miseria? Chi scrive \u00e8 il [&hellip;]","og_url":"https:\/\/www.bellunopress.it\/fr\/2022\/09\/18\/politiche-2022-lettera-aperta-ai-candidati-bellunesi-dal-coordinamento-pace-e-disarmo-di-belluno\/","og_site_name":"Bellunopress - Dolomiti","article_publisher":"https:\/\/www.facebook.com\/profile.php?id=100008943462799","article_published_time":"2022-09-18T18:00:18+00:00","og_image":[{"width":962,"height":1000,"url":"https:\/\/www.bellunopress.it\/wp-content\/uploads\/2021\/04\/lettera-mail_edited.jpg","type":"image\/jpeg"}],"author":"redazione","twitter_card":"summary_large_image","twitter_creator":"@bellunopress","twitter_site":"@bellunopress","twitter_misc":{"\u00c9crit par":"redazione","Dur\u00e9e de lecture estim\u00e9e":"3 minutes"},"schema":{"@context":"https:\/\/schema.org","@graph":[{"@type":"Article","@id":"https:\/\/www.bellunopress.it\/2022\/09\/18\/politiche-2022-lettera-aperta-ai-candidati-bellunesi-dal-coordinamento-pace-e-disarmo-di-belluno\/#article","isPartOf":{"@id":"https:\/\/www.bellunopress.it\/2022\/09\/18\/politiche-2022-lettera-aperta-ai-candidati-bellunesi-dal-coordinamento-pace-e-disarmo-di-belluno\/"},"author":{"name":"redazione","@id":"https:\/\/www.bellunopress.it\/#\/schema\/person\/79bb06722b37ece1c03d3e94beb30d73"},"headline":"Politiche 2022. Lettera aperta ai candidati bellunesi dal Coordinamento Pace e Disarmo di Belluno","datePublished":"2022-09-18T18:00:18+00:00","mainEntityOfPage":{"@id":"https:\/\/www.bellunopress.it\/2022\/09\/18\/politiche-2022-lettera-aperta-ai-candidati-bellunesi-dal-coordinamento-pace-e-disarmo-di-belluno\/"},"wordCount":439,"publisher":{"@id":"https:\/\/www.bellunopress.it\/#organization"},"image":{"@id":"https:\/\/www.bellunopress.it\/2022\/09\/18\/politiche-2022-lettera-aperta-ai-candidati-bellunesi-dal-coordinamento-pace-e-disarmo-di-belluno\/#primaryimage"},"thumbnailUrl":"https:\/\/www.bellunopress.it\/wp-content\/uploads\/2021\/04\/lettera-mail_edited.jpg","articleSection":["Cronaca\/Politica","Lettere Opinioni"],"inLanguage":"fr-FR"},{"@type":"WebPage","@id":"https:\/\/www.bellunopress.it\/2022\/09\/18\/politiche-2022-lettera-aperta-ai-candidati-bellunesi-dal-coordinamento-pace-e-disarmo-di-belluno\/","url":"https:\/\/www.bellunopress.it\/2022\/09\/18\/politiche-2022-lettera-aperta-ai-candidati-bellunesi-dal-coordinamento-pace-e-disarmo-di-belluno\/","name":"Politiche 2022. Lettera aperta ai candidati bellunesi dal Coordinamento Pace e Disarmo di Belluno - Bellunopress - Dolomiti","isPartOf":{"@id":"https:\/\/www.bellunopress.it\/#website"},"primaryImageOfPage":{"@id":"https:\/\/www.bellunopress.it\/2022\/09\/18\/politiche-2022-lettera-aperta-ai-candidati-bellunesi-dal-coordinamento-pace-e-disarmo-di-belluno\/#primaryimage"},"image":{"@id":"https:\/\/www.bellunopress.it\/2022\/09\/18\/politiche-2022-lettera-aperta-ai-candidati-bellunesi-dal-coordinamento-pace-e-disarmo-di-belluno\/#primaryimage"},"thumbnailUrl":"https:\/\/www.bellunopress.it\/wp-content\/uploads\/2021\/04\/lettera-mail_edited.jpg","datePublished":"2022-09-18T18:00:18+00:00","breadcrumb":{"@id":"https:\/\/www.bellunopress.it\/2022\/09\/18\/politiche-2022-lettera-aperta-ai-candidati-bellunesi-dal-coordinamento-pace-e-disarmo-di-belluno\/#breadcrumb"},"inLanguage":"fr-FR","potentialAction":[{"@type":"ReadAction","target":["https:\/\/www.bellunopress.it\/2022\/09\/18\/politiche-2022-lettera-aperta-ai-candidati-bellunesi-dal-coordinamento-pace-e-disarmo-di-belluno\/"]}]},{"@type":"ImageObject","inLanguage":"fr-FR","@id":"https:\/\/www.bellunopress.it\/2022\/09\/18\/politiche-2022-lettera-aperta-ai-candidati-bellunesi-dal-coordinamento-pace-e-disarmo-di-belluno\/#primaryimage","url":"https:\/\/www.bellunopress.it\/wp-content\/uploads\/2021\/04\/lettera-mail_edited.jpg","contentUrl":"https:\/\/www.bellunopress.it\/wp-content\/uploads\/2021\/04\/lettera-mail_edited.jpg","width":962,"height":1000},{"@type":"BreadcrumbList","@id":"https:\/\/www.bellunopress.it\/2022\/09\/18\/politiche-2022-lettera-aperta-ai-candidati-bellunesi-dal-coordinamento-pace-e-disarmo-di-belluno\/#breadcrumb","itemListElement":[{"@type":"ListItem","position":1,"name":"Home","item":"https:\/\/www.bellunopress.it\/"},{"@type":"ListItem","position":2,"name":"Politiche 2022. Lettera aperta ai candidati bellunesi dal Coordinamento Pace e Disarmo di Belluno"}]},{"@type":"WebSite","@id":"https:\/\/www.bellunopress.it\/#website","url":"https:\/\/www.bellunopress.it\/","name":"Bellunopress - Dolomiti","description":"e-mail: redazione@bellunopress.it","publisher":{"@id":"https:\/\/www.bellunopress.it\/#organization"},"potentialAction":[{"@type":"SearchAction","target":{"@type":"EntryPoint","urlTemplate":"https:\/\/www.bellunopress.it\/?s={search_term_string}"},"query-input":{"@type":"PropertyValueSpecification","valueRequired":true,"valueName":"search_term_string"}}],"inLanguage":"fr-FR"},{"@type":"Organization","@id":"https:\/\/www.bellunopress.it\/#organization","name":"Bellunopress","url":"https:\/\/www.bellunopress.it\/","logo":{"@type":"ImageObject","inLanguage":"fr-FR","@id":"https:\/\/www.bellunopress.it\/#\/schema\/logo\/image\/","url":"https:\/\/www.bellunopress.it\/wp-content\/uploads\/2011\/05\/cropped-logo-bellunopress-.jpg","contentUrl":"https:\/\/www.bellunopress.it\/wp-content\/uploads\/2011\/05\/cropped-logo-bellunopress-.jpg","width":512,"height":512,"caption":"Bellunopress"},"image":{"@id":"https:\/\/www.bellunopress.it\/#\/schema\/logo\/image\/"},"sameAs":["https:\/\/www.facebook.com\/profile.php?id=100008943462799","https:\/\/x.com\/bellunopress","https:\/\/www.linkedin.com\/hp\/?dnr=JBzUWaJfMUw8vbXJJ2tVW5-I3jZKvC4wsoxE&amp;amp;amp;amp;amp;amp;trk=nav_responsive_tab_home","https:\/\/www.youtube.com\/channel\/UCxL0wu1uN0_3_7hGG0306cw"]},{"@type":"Person","@id":"https:\/\/www.bellunopress.it\/#\/schema\/person\/79bb06722b37ece1c03d3e94beb30d73","name":"r\u00e9daction","image":{"@type":"ImageObject","inLanguage":"fr-FR","@id":"https:\/\/secure.gravatar.com\/avatar\/37d968a2e67a6fd04c169c4bdef102d0bc5d31b2546345219e348575eb80e9a0?s=96&d=mm&r=g","url":"https:\/\/secure.gravatar.com\/avatar\/37d968a2e67a6fd04c169c4bdef102d0bc5d31b2546345219e348575eb80e9a0?s=96&d=mm&r=g","contentUrl":"https:\/\/secure.gravatar.com\/avatar\/37d968a2e67a6fd04c169c4bdef102d0bc5d31b2546345219e348575eb80e9a0?s=96&d=mm&r=g","caption":"redazione"},"sameAs":["http:\/\/www.bellunopress.it","https:\/\/x.com\/bellunopress"],"url":"https:\/\/www.bellunopress.it\/fr\/author\/redazione\/"}]}},"_links":{"self":[{"href":"https:\/\/www.bellunopress.it\/fr\/wp-json\/wp\/v2\/posts\/136491","targetHints":{"allow":["GET"]}}],"collection":[{"href":"https:\/\/www.bellunopress.it\/fr\/wp-json\/wp\/v2\/posts"}],"about":[{"href":"https:\/\/www.bellunopress.it\/fr\/wp-json\/wp\/v2\/types\/post"}],"author":[{"embeddable":true,"href":"https:\/\/www.bellunopress.it\/fr\/wp-json\/wp\/v2\/users\/2"}],"replies":[{"embeddable":true,"href":"https:\/\/www.bellunopress.it\/fr\/wp-json\/wp\/v2\/comments?post=136491"}],"version-history":[{"count":1,"href":"https:\/\/www.bellunopress.it\/fr\/wp-json\/wp\/v2\/posts\/136491\/revisions"}],"predecessor-version":[{"id":136492,"href":"https:\/\/www.bellunopress.it\/fr\/wp-json\/wp\/v2\/posts\/136491\/revisions\/136492"}],"wp:featuredmedia":[{"embeddable":true,"href":"https:\/\/www.bellunopress.it\/fr\/wp-json\/wp\/v2\/media\/123649"}],"wp:attachment":[{"href":"https:\/\/www.bellunopress.it\/fr\/wp-json\/wp\/v2\/media?parent=136491"}],"wp:term":[{"taxonomy":"category","embeddable":true,"href":"https:\/\/www.bellunopress.it\/fr\/wp-json\/wp\/v2\/categories?post=136491"},{"taxonomy":"post_tag","embeddable":true,"href":"https:\/\/www.bellunopress.it\/fr\/wp-json\/wp\/v2\/tags?post=136491"}],"curies":[{"name":"wp","href":"https:\/\/api.w.org\/{rel}","templated":true}]}}