{"id":136485,"date":"2022-09-18T17:44:22","date_gmt":"2022-09-18T15:44:22","guid":{"rendered":"https:\/\/www.bellunopress.it\/?p=136485"},"modified":"2022-09-18T17:44:22","modified_gmt":"2022-09-18T15:44:22","slug":"a-laggio-di-cadore-il-campionato-provinciale-di-corsa-su-strada-del-csi-belluno","status":"publish","type":"post","link":"https:\/\/www.bellunopress.it\/fr\/2022\/09\/18\/a-laggio-di-cadore-il-campionato-provinciale-di-corsa-su-strada-del-csi-belluno\/","title":{"rendered":"A Laggio di Cadore il campionato provinciale di corsa su strada del CSI Belluno"},"content":{"rendered":"<figure id=\"attachment_136486\" aria-describedby=\"caption-attachment-136486\" style=\"width: 1000px\" class=\"wp-caption alignleft\"><img loading=\"lazy\" decoding=\"async\" class=\"size-full wp-image-136486\" src=\"https:\/\/www.bellunopress.it\/wp-content\/uploads\/2022\/09\/seniores-donne_edited.jpg\" alt=\"\" width=\"1000\" height=\"720\" srcset=\"https:\/\/www.bellunopress.it\/wp-content\/uploads\/2022\/09\/seniores-donne_edited.jpg 1000w, https:\/\/www.bellunopress.it\/wp-content\/uploads\/2022\/09\/seniores-donne_edited-500x360.jpg 500w, https:\/\/www.bellunopress.it\/wp-content\/uploads\/2022\/09\/seniores-donne_edited-696x501.jpg 696w, https:\/\/www.bellunopress.it\/wp-content\/uploads\/2022\/09\/seniores-donne_edited-583x420.jpg 583w\" sizes=\"auto, (max-width: 1000px) 100vw, 1000px\" \/><figcaption id=\"caption-attachment-136486\" class=\"wp-caption-text\">Seniores donne<\/figcaption><\/figure>\n<p>Vigo di Cadore (Belluno), 18 settembre 2022 &#8211; Sono stati un centinaio i concorrenti che oggi, domenica 18 settembre, hanno dato vita al campionato provinciale di corsa su strada di Csi Belluno. Si \u00e8 gareggiato a Laggio di Vigo di Cadore, per l&#8217;organizzazione dell&#8217;Unione sportiva Aquilotti di Pelos, coadiuvati dal Soccorso Alpino (il ricavato della manifestazione andr\u00e0 a finanziare i lavori di sistemazione del bivacco sul Monte Tudaio), dalla Protezione Civile e altre realt\u00e0 locali. Apprezzato il circuito cittadino che ha visto confrontarsi grandi e piccoli (in gara tutte le categorie, da Cuccioli a Veterani) in un&#8217; atmosfera di grande festa. Prima della partenza \u00e8 stato osservato un minuto di silenzio per le vittime dell&#8217;alluvione nelle Marche (come per tutti gli eventi Csi del fine settimana) e in memoria di Libero Da Rin De Nicol\u00f2, prezioso collaboratore dell&#8217;Us Aquilotti, scomparso nei giorni scorsi. \u00abUn plauso agli Aquilotti che si confermano societ\u00e0 molto dinamica\u00bb sottolinea Dante Passuello, responsabile della commissione atletica di Csi Belluno. \u00abDopo aver organizzato in primavera una prova del Criterium Cadorino, hanno proposto il campionato provinciale su strada. La gara di Laggio \u00e8 stata apprezzata da tutti e mi auguro che possa venire riproposta nei prossimi anni\u00bb. Questi i vincitori del Provinciale su strada. Cuccioli: Chiara De Nard (Atletica Lamon) e Mauro Miglietta (Aquilotti Pelos); Esordienti: Miriam Triches (Atletica Agordina) e Riccardo Passuello (As Pozzale); Ragazzi: Lucia Turrin (Virtus Nemeggio) e Mattia Simeoni (Astra Quero); Cadetti: Alessia Miniutti (Astra Quero) e Marco Menia Cadore (Quantin Alpenplus); Allievi: Gloria Fusina (Atletica Agordina) e Daniel Tom\u00e8 (Astra Quero); Juniores: Naike Bergamo (Giocallena Atleticadore); Seniores: Marina Giotto (La Piave 2000) e Osvaldo Zanella (Marciatori Calalzo); Amatori A: Manuela Bulf (Atletica Agordina) e Mirko Da Vi\u00e0 (Marciatori Calalzo); Amatori B: Silvia Vecellio (Giocallena Atleticadore) e Gabriele De Nard (Atletica Lamon); Veterani A: Viviana Pilat (Atletica Agordina) e Giovanni Unterpertinger (Marciatori Calalzo); Veterani B: Luisa Casagrande (Atletica Trichiana) e Gianni De Conti (Atletica Trichiana).<br \/>\nIl prossimo 2 ottobre a Lonigo (Vicenza) si svolger\u00e0 il Campionato regionale mentre il 16 ottobre a Bellano (Lecco) il Campionato nazionale.<\/p>\n<p>&nbsp;<\/p>","protected":false},"excerpt":{"rendered":"<p>Vigo di Cadore (Belluno), 18 settembre 2022 &#8211; Sono stati un centinaio i concorrenti che oggi, domenica 18 settembre, hanno dato vita al campionato provinciale di corsa su strada di Csi Belluno. Si \u00e8 gareggiato a Laggio di Vigo di Cadore, per l&#8217;organizzazione dell&#8217;Unione sportiva Aquilotti di Pelos, coadiuvati dal Soccorso Alpino (il ricavato della [&hellip;]<\/p>\n","protected":false},"author":2,"featured_media":136486,"comment_status":"closed","ping_status":"open","sticky":false,"template":"","format":"standard","meta":{"footnotes":""},"categories":[4],"tags":[],"class_list":["post-136485","post","type-post","status-publish","format-standard","has-post-thumbnail","category-sport"],"yoast_head":"<!-- This site is optimized with the Yoast SEO plugin v28.4 - https:\/\/yoast.com\/product\/yoast-seo-wordpress\/ -->\n<title>A Laggio di Cadore il campionato provinciale di corsa su strada del CSI Belluno - Bellunopress - Dolomiti<\/title>\n<meta name=\"robots\" content=\"index, follow, max-snippet:-1, max-image-preview:large, max-video-preview:-1\" \/>\n<link rel=\"canonical\" href=\"https:\/\/www.bellunopress.it\/fr\/2022\/09\/18\/a-laggio-di-cadore-il-campionato-provinciale-di-corsa-su-strada-del-csi-belluno\/\" \/>\n<meta property=\"og:locale\" content=\"fr_FR\" \/>\n<meta property=\"og:type\" content=\"article\" \/>\n<meta property=\"og:title\" content=\"A Laggio di Cadore il campionato provinciale di corsa su strada del CSI Belluno - Bellunopress - Dolomiti\" \/>\n<meta property=\"og:description\" content=\"Vigo di Cadore (Belluno), 18 settembre 2022 &#8211; Sono stati un centinaio i concorrenti che oggi, domenica 18 settembre, hanno dato vita al campionato provinciale di corsa su strada di Csi Belluno. Si \u00e8 gareggiato a Laggio di Vigo di Cadore, per l&#8217;organizzazione dell&#8217;Unione sportiva Aquilotti di Pelos, coadiuvati dal Soccorso Alpino (il ricavato della [&hellip;]\" \/>\n<meta property=\"og:url\" content=\"https:\/\/www.bellunopress.it\/fr\/2022\/09\/18\/a-laggio-di-cadore-il-campionato-provinciale-di-corsa-su-strada-del-csi-belluno\/\" \/>\n<meta property=\"og:site_name\" content=\"Bellunopress - Dolomiti\" \/>\n<meta property=\"article:publisher\" content=\"https:\/\/www.facebook.com\/profile.php?id=100008943462799\" \/>\n<meta property=\"article:published_time\" content=\"2022-09-18T15:44:22+00:00\" \/>\n<meta property=\"og:image\" content=\"https:\/\/www.bellunopress.it\/wp-content\/uploads\/2022\/09\/seniores-donne_edited.jpg\" \/>\n\t<meta property=\"og:image:width\" content=\"1000\" \/>\n\t<meta property=\"og:image:height\" content=\"720\" \/>\n\t<meta property=\"og:image:type\" content=\"image\/jpeg\" \/>\n<meta name=\"author\" content=\"redazione\" \/>\n<meta name=\"twitter:card\" content=\"summary_large_image\" \/>\n<meta name=\"twitter:creator\" content=\"@bellunopress\" \/>\n<meta name=\"twitter:site\" content=\"@bellunopress\" \/>\n<meta name=\"twitter:label1\" content=\"\u00c9crit par\" \/>\n\t<meta name=\"twitter:data1\" content=\"redazione\" \/>\n\t<meta name=\"twitter:label2\" content=\"Dur\u00e9e de lecture estim\u00e9e\" \/>\n\t<meta name=\"twitter:data2\" content=\"3 minutes\" \/>\n<script type=\"application\/ld+json\" class=\"yoast-schema-graph\">{\"@context\":\"https:\\\/\\\/schema.org\",\"@graph\":[{\"@type\":\"Article\",\"@id\":\"https:\\\/\\\/www.bellunopress.it\\\/2022\\\/09\\\/18\\\/a-laggio-di-cadore-il-campionato-provinciale-di-corsa-su-strada-del-csi-belluno\\\/#article\",\"isPartOf\":{\"@id\":\"https:\\\/\\\/www.bellunopress.it\\\/2022\\\/09\\\/18\\\/a-laggio-di-cadore-il-campionato-provinciale-di-corsa-su-strada-del-csi-belluno\\\/\"},\"author\":{\"name\":\"redazione\",\"@id\":\"https:\\\/\\\/www.bellunopress.it\\\/#\\\/schema\\\/person\\\/79bb06722b37ece1c03d3e94beb30d73\"},\"headline\":\"A Laggio di Cadore il campionato provinciale di corsa su strada del CSI Belluno\",\"datePublished\":\"2022-09-18T15:44:22+00:00\",\"mainEntityOfPage\":{\"@id\":\"https:\\\/\\\/www.bellunopress.it\\\/2022\\\/09\\\/18\\\/a-laggio-di-cadore-il-campionato-provinciale-di-corsa-su-strada-del-csi-belluno\\\/\"},\"wordCount\":362,\"publisher\":{\"@id\":\"https:\\\/\\\/www.bellunopress.it\\\/#organization\"},\"image\":{\"@id\":\"https:\\\/\\\/www.bellunopress.it\\\/2022\\\/09\\\/18\\\/a-laggio-di-cadore-il-campionato-provinciale-di-corsa-su-strada-del-csi-belluno\\\/#primaryimage\"},\"thumbnailUrl\":\"https:\\\/\\\/www.bellunopress.it\\\/wp-content\\\/uploads\\\/2022\\\/09\\\/seniores-donne_edited.jpg\",\"articleSection\":[\"Sport, tempo libero\"],\"inLanguage\":\"fr-FR\"},{\"@type\":\"WebPage\",\"@id\":\"https:\\\/\\\/www.bellunopress.it\\\/2022\\\/09\\\/18\\\/a-laggio-di-cadore-il-campionato-provinciale-di-corsa-su-strada-del-csi-belluno\\\/\",\"url\":\"https:\\\/\\\/www.bellunopress.it\\\/2022\\\/09\\\/18\\\/a-laggio-di-cadore-il-campionato-provinciale-di-corsa-su-strada-del-csi-belluno\\\/\",\"name\":\"A Laggio di Cadore il campionato provinciale di corsa su strada del CSI Belluno - Bellunopress - Dolomiti\",\"isPartOf\":{\"@id\":\"https:\\\/\\\/www.bellunopress.it\\\/#website\"},\"primaryImageOfPage\":{\"@id\":\"https:\\\/\\\/www.bellunopress.it\\\/2022\\\/09\\\/18\\\/a-laggio-di-cadore-il-campionato-provinciale-di-corsa-su-strada-del-csi-belluno\\\/#primaryimage\"},\"image\":{\"@id\":\"https:\\\/\\\/www.bellunopress.it\\\/2022\\\/09\\\/18\\\/a-laggio-di-cadore-il-campionato-provinciale-di-corsa-su-strada-del-csi-belluno\\\/#primaryimage\"},\"thumbnailUrl\":\"https:\\\/\\\/www.bellunopress.it\\\/wp-content\\\/uploads\\\/2022\\\/09\\\/seniores-donne_edited.jpg\",\"datePublished\":\"2022-09-18T15:44:22+00:00\",\"breadcrumb\":{\"@id\":\"https:\\\/\\\/www.bellunopress.it\\\/2022\\\/09\\\/18\\\/a-laggio-di-cadore-il-campionato-provinciale-di-corsa-su-strada-del-csi-belluno\\\/#breadcrumb\"},\"inLanguage\":\"fr-FR\",\"potentialAction\":[{\"@type\":\"ReadAction\",\"target\":[\"https:\\\/\\\/www.bellunopress.it\\\/2022\\\/09\\\/18\\\/a-laggio-di-cadore-il-campionato-provinciale-di-corsa-su-strada-del-csi-belluno\\\/\"]}]},{\"@type\":\"ImageObject\",\"inLanguage\":\"fr-FR\",\"@id\":\"https:\\\/\\\/www.bellunopress.it\\\/2022\\\/09\\\/18\\\/a-laggio-di-cadore-il-campionato-provinciale-di-corsa-su-strada-del-csi-belluno\\\/#primaryimage\",\"url\":\"https:\\\/\\\/www.bellunopress.it\\\/wp-content\\\/uploads\\\/2022\\\/09\\\/seniores-donne_edited.jpg\",\"contentUrl\":\"https:\\\/\\\/www.bellunopress.it\\\/wp-content\\\/uploads\\\/2022\\\/09\\\/seniores-donne_edited.jpg\",\"width\":1000,\"height\":720,\"caption\":\"Seniores donne\"},{\"@type\":\"BreadcrumbList\",\"@id\":\"https:\\\/\\\/www.bellunopress.it\\\/2022\\\/09\\\/18\\\/a-laggio-di-cadore-il-campionato-provinciale-di-corsa-su-strada-del-csi-belluno\\\/#breadcrumb\",\"itemListElement\":[{\"@type\":\"ListItem\",\"position\":1,\"name\":\"Home\",\"item\":\"https:\\\/\\\/www.bellunopress.it\\\/\"},{\"@type\":\"ListItem\",\"position\":2,\"name\":\"A Laggio di Cadore il campionato provinciale di corsa su strada del CSI Belluno\"}]},{\"@type\":\"WebSite\",\"@id\":\"https:\\\/\\\/www.bellunopress.it\\\/#website\",\"url\":\"https:\\\/\\\/www.bellunopress.it\\\/\",\"name\":\"Bellunopress - Dolomiti\",\"description\":\"e-mail: redazione@bellunopress.it\",\"publisher\":{\"@id\":\"https:\\\/\\\/www.bellunopress.it\\\/#organization\"},\"potentialAction\":[{\"@type\":\"SearchAction\",\"target\":{\"@type\":\"EntryPoint\",\"urlTemplate\":\"https:\\\/\\\/www.bellunopress.it\\\/?s={search_term_string}\"},\"query-input\":{\"@type\":\"PropertyValueSpecification\",\"valueRequired\":true,\"valueName\":\"search_term_string\"}}],\"inLanguage\":\"fr-FR\"},{\"@type\":\"Organization\",\"@id\":\"https:\\\/\\\/www.bellunopress.it\\\/#organization\",\"name\":\"Bellunopress\",\"url\":\"https:\\\/\\\/www.bellunopress.it\\\/\",\"logo\":{\"@type\":\"ImageObject\",\"inLanguage\":\"fr-FR\",\"@id\":\"https:\\\/\\\/www.bellunopress.it\\\/#\\\/schema\\\/logo\\\/image\\\/\",\"url\":\"https:\\\/\\\/www.bellunopress.it\\\/wp-content\\\/uploads\\\/2011\\\/05\\\/cropped-logo-bellunopress-.jpg\",\"contentUrl\":\"https:\\\/\\\/www.bellunopress.it\\\/wp-content\\\/uploads\\\/2011\\\/05\\\/cropped-logo-bellunopress-.jpg\",\"width\":512,\"height\":512,\"caption\":\"Bellunopress\"},\"image\":{\"@id\":\"https:\\\/\\\/www.bellunopress.it\\\/#\\\/schema\\\/logo\\\/image\\\/\"},\"sameAs\":[\"https:\\\/\\\/www.facebook.com\\\/profile.php?id=100008943462799\",\"https:\\\/\\\/x.com\\\/bellunopress\",\"https:\\\/\\\/www.linkedin.com\\\/hp\\\/?dnr=JBzUWaJfMUw8vbXJJ2tVW5-I3jZKvC4wsoxE&amp;amp;amp;amp;amp;amp;trk=nav_responsive_tab_home\",\"https:\\\/\\\/www.youtube.com\\\/channel\\\/UCxL0wu1uN0_3_7hGG0306cw\"]},{\"@type\":\"Person\",\"@id\":\"https:\\\/\\\/www.bellunopress.it\\\/#\\\/schema\\\/person\\\/79bb06722b37ece1c03d3e94beb30d73\",\"name\":\"redazione\",\"image\":{\"@type\":\"ImageObject\",\"inLanguage\":\"fr-FR\",\"@id\":\"https:\\\/\\\/secure.gravatar.com\\\/avatar\\\/37d968a2e67a6fd04c169c4bdef102d0bc5d31b2546345219e348575eb80e9a0?s=96&d=mm&r=g\",\"url\":\"https:\\\/\\\/secure.gravatar.com\\\/avatar\\\/37d968a2e67a6fd04c169c4bdef102d0bc5d31b2546345219e348575eb80e9a0?s=96&d=mm&r=g\",\"contentUrl\":\"https:\\\/\\\/secure.gravatar.com\\\/avatar\\\/37d968a2e67a6fd04c169c4bdef102d0bc5d31b2546345219e348575eb80e9a0?s=96&d=mm&r=g\",\"caption\":\"redazione\"},\"sameAs\":[\"http:\\\/\\\/www.bellunopress.it\",\"https:\\\/\\\/x.com\\\/bellunopress\"],\"url\":\"https:\\\/\\\/www.bellunopress.it\\\/fr\\\/author\\\/redazione\\\/\"}]}<\/script>\n<!-- \/ Yoast SEO plugin. -->","yoast_head_json":{"title":"A Laggio di Cadore il campionato provinciale di corsa su strada del CSI Belluno - Bellunopress - Dolomiti","robots":{"index":"index","follow":"follow","max-snippet":"max-snippet:-1","max-image-preview":"max-image-preview:large","max-video-preview":"max-video-preview:-1"},"canonical":"https:\/\/www.bellunopress.it\/fr\/2022\/09\/18\/a-laggio-di-cadore-il-campionato-provinciale-di-corsa-su-strada-del-csi-belluno\/","og_locale":"fr_FR","og_type":"article","og_title":"A Laggio di Cadore il campionato provinciale di corsa su strada del CSI Belluno - Bellunopress - Dolomiti","og_description":"Vigo di Cadore (Belluno), 18 settembre 2022 &#8211; Sono stati un centinaio i concorrenti che oggi, domenica 18 settembre, hanno dato vita al campionato provinciale di corsa su strada di Csi Belluno. Si \u00e8 gareggiato a Laggio di Vigo di Cadore, per l&#8217;organizzazione dell&#8217;Unione sportiva Aquilotti di Pelos, coadiuvati dal Soccorso Alpino (il ricavato della [&hellip;]","og_url":"https:\/\/www.bellunopress.it\/fr\/2022\/09\/18\/a-laggio-di-cadore-il-campionato-provinciale-di-corsa-su-strada-del-csi-belluno\/","og_site_name":"Bellunopress - Dolomiti","article_publisher":"https:\/\/www.facebook.com\/profile.php?id=100008943462799","article_published_time":"2022-09-18T15:44:22+00:00","og_image":[{"width":1000,"height":720,"url":"https:\/\/www.bellunopress.it\/wp-content\/uploads\/2022\/09\/seniores-donne_edited.jpg","type":"image\/jpeg"}],"author":"redazione","twitter_card":"summary_large_image","twitter_creator":"@bellunopress","twitter_site":"@bellunopress","twitter_misc":{"\u00c9crit par":"redazione","Dur\u00e9e de lecture estim\u00e9e":"3 minutes"},"schema":{"@context":"https:\/\/schema.org","@graph":[{"@type":"Article","@id":"https:\/\/www.bellunopress.it\/2022\/09\/18\/a-laggio-di-cadore-il-campionato-provinciale-di-corsa-su-strada-del-csi-belluno\/#article","isPartOf":{"@id":"https:\/\/www.bellunopress.it\/2022\/09\/18\/a-laggio-di-cadore-il-campionato-provinciale-di-corsa-su-strada-del-csi-belluno\/"},"author":{"name":"redazione","@id":"https:\/\/www.bellunopress.it\/#\/schema\/person\/79bb06722b37ece1c03d3e94beb30d73"},"headline":"A Laggio di Cadore il campionato provinciale di corsa su strada del CSI Belluno","datePublished":"2022-09-18T15:44:22+00:00","mainEntityOfPage":{"@id":"https:\/\/www.bellunopress.it\/2022\/09\/18\/a-laggio-di-cadore-il-campionato-provinciale-di-corsa-su-strada-del-csi-belluno\/"},"wordCount":362,"publisher":{"@id":"https:\/\/www.bellunopress.it\/#organization"},"image":{"@id":"https:\/\/www.bellunopress.it\/2022\/09\/18\/a-laggio-di-cadore-il-campionato-provinciale-di-corsa-su-strada-del-csi-belluno\/#primaryimage"},"thumbnailUrl":"https:\/\/www.bellunopress.it\/wp-content\/uploads\/2022\/09\/seniores-donne_edited.jpg","articleSection":["Sport, tempo libero"],"inLanguage":"fr-FR"},{"@type":"WebPage","@id":"https:\/\/www.bellunopress.it\/2022\/09\/18\/a-laggio-di-cadore-il-campionato-provinciale-di-corsa-su-strada-del-csi-belluno\/","url":"https:\/\/www.bellunopress.it\/2022\/09\/18\/a-laggio-di-cadore-il-campionato-provinciale-di-corsa-su-strada-del-csi-belluno\/","name":"A Laggio di Cadore il campionato provinciale di corsa su strada del CSI Belluno - Bellunopress - Dolomiti","isPartOf":{"@id":"https:\/\/www.bellunopress.it\/#website"},"primaryImageOfPage":{"@id":"https:\/\/www.bellunopress.it\/2022\/09\/18\/a-laggio-di-cadore-il-campionato-provinciale-di-corsa-su-strada-del-csi-belluno\/#primaryimage"},"image":{"@id":"https:\/\/www.bellunopress.it\/2022\/09\/18\/a-laggio-di-cadore-il-campionato-provinciale-di-corsa-su-strada-del-csi-belluno\/#primaryimage"},"thumbnailUrl":"https:\/\/www.bellunopress.it\/wp-content\/uploads\/2022\/09\/seniores-donne_edited.jpg","datePublished":"2022-09-18T15:44:22+00:00","breadcrumb":{"@id":"https:\/\/www.bellunopress.it\/2022\/09\/18\/a-laggio-di-cadore-il-campionato-provinciale-di-corsa-su-strada-del-csi-belluno\/#breadcrumb"},"inLanguage":"fr-FR","potentialAction":[{"@type":"ReadAction","target":["https:\/\/www.bellunopress.it\/2022\/09\/18\/a-laggio-di-cadore-il-campionato-provinciale-di-corsa-su-strada-del-csi-belluno\/"]}]},{"@type":"ImageObject","inLanguage":"fr-FR","@id":"https:\/\/www.bellunopress.it\/2022\/09\/18\/a-laggio-di-cadore-il-campionato-provinciale-di-corsa-su-strada-del-csi-belluno\/#primaryimage","url":"https:\/\/www.bellunopress.it\/wp-content\/uploads\/2022\/09\/seniores-donne_edited.jpg","contentUrl":"https:\/\/www.bellunopress.it\/wp-content\/uploads\/2022\/09\/seniores-donne_edited.jpg","width":1000,"height":720,"caption":"Seniores donne"},{"@type":"BreadcrumbList","@id":"https:\/\/www.bellunopress.it\/2022\/09\/18\/a-laggio-di-cadore-il-campionato-provinciale-di-corsa-su-strada-del-csi-belluno\/#breadcrumb","itemListElement":[{"@type":"ListItem","position":1,"name":"Home","item":"https:\/\/www.bellunopress.it\/"},{"@type":"ListItem","position":2,"name":"A Laggio di Cadore il campionato provinciale di corsa su strada del CSI Belluno"}]},{"@type":"WebSite","@id":"https:\/\/www.bellunopress.it\/#website","url":"https:\/\/www.bellunopress.it\/","name":"Bellunopress - Dolomiti","description":"e-mail: redazione@bellunopress.it","publisher":{"@id":"https:\/\/www.bellunopress.it\/#organization"},"potentialAction":[{"@type":"SearchAction","target":{"@type":"EntryPoint","urlTemplate":"https:\/\/www.bellunopress.it\/?s={search_term_string}"},"query-input":{"@type":"PropertyValueSpecification","valueRequired":true,"valueName":"search_term_string"}}],"inLanguage":"fr-FR"},{"@type":"Organization","@id":"https:\/\/www.bellunopress.it\/#organization","name":"Bellunopress","url":"https:\/\/www.bellunopress.it\/","logo":{"@type":"ImageObject","inLanguage":"fr-FR","@id":"https:\/\/www.bellunopress.it\/#\/schema\/logo\/image\/","url":"https:\/\/www.bellunopress.it\/wp-content\/uploads\/2011\/05\/cropped-logo-bellunopress-.jpg","contentUrl":"https:\/\/www.bellunopress.it\/wp-content\/uploads\/2011\/05\/cropped-logo-bellunopress-.jpg","width":512,"height":512,"caption":"Bellunopress"},"image":{"@id":"https:\/\/www.bellunopress.it\/#\/schema\/logo\/image\/"},"sameAs":["https:\/\/www.facebook.com\/profile.php?id=100008943462799","https:\/\/x.com\/bellunopress","https:\/\/www.linkedin.com\/hp\/?dnr=JBzUWaJfMUw8vbXJJ2tVW5-I3jZKvC4wsoxE&amp;amp;amp;amp;amp;amp;trk=nav_responsive_tab_home","https:\/\/www.youtube.com\/channel\/UCxL0wu1uN0_3_7hGG0306cw"]},{"@type":"Person","@id":"https:\/\/www.bellunopress.it\/#\/schema\/person\/79bb06722b37ece1c03d3e94beb30d73","name":"r\u00e9daction","image":{"@type":"ImageObject","inLanguage":"fr-FR","@id":"https:\/\/secure.gravatar.com\/avatar\/37d968a2e67a6fd04c169c4bdef102d0bc5d31b2546345219e348575eb80e9a0?s=96&d=mm&r=g","url":"https:\/\/secure.gravatar.com\/avatar\/37d968a2e67a6fd04c169c4bdef102d0bc5d31b2546345219e348575eb80e9a0?s=96&d=mm&r=g","contentUrl":"https:\/\/secure.gravatar.com\/avatar\/37d968a2e67a6fd04c169c4bdef102d0bc5d31b2546345219e348575eb80e9a0?s=96&d=mm&r=g","caption":"redazione"},"sameAs":["http:\/\/www.bellunopress.it","https:\/\/x.com\/bellunopress"],"url":"https:\/\/www.bellunopress.it\/fr\/author\/redazione\/"}]}},"_links":{"self":[{"href":"https:\/\/www.bellunopress.it\/fr\/wp-json\/wp\/v2\/posts\/136485","targetHints":{"allow":["GET"]}}],"collection":[{"href":"https:\/\/www.bellunopress.it\/fr\/wp-json\/wp\/v2\/posts"}],"about":[{"href":"https:\/\/www.bellunopress.it\/fr\/wp-json\/wp\/v2\/types\/post"}],"author":[{"embeddable":true,"href":"https:\/\/www.bellunopress.it\/fr\/wp-json\/wp\/v2\/users\/2"}],"replies":[{"embeddable":true,"href":"https:\/\/www.bellunopress.it\/fr\/wp-json\/wp\/v2\/comments?post=136485"}],"version-history":[{"count":1,"href":"https:\/\/www.bellunopress.it\/fr\/wp-json\/wp\/v2\/posts\/136485\/revisions"}],"predecessor-version":[{"id":136487,"href":"https:\/\/www.bellunopress.it\/fr\/wp-json\/wp\/v2\/posts\/136485\/revisions\/136487"}],"wp:featuredmedia":[{"embeddable":true,"href":"https:\/\/www.bellunopress.it\/fr\/wp-json\/wp\/v2\/media\/136486"}],"wp:attachment":[{"href":"https:\/\/www.bellunopress.it\/fr\/wp-json\/wp\/v2\/media?parent=136485"}],"wp:term":[{"taxonomy":"category","embeddable":true,"href":"https:\/\/www.bellunopress.it\/fr\/wp-json\/wp\/v2\/categories?post=136485"},{"taxonomy":"post_tag","embeddable":true,"href":"https:\/\/www.bellunopress.it\/fr\/wp-json\/wp\/v2\/tags?post=136485"}],"curies":[{"name":"wp","href":"https:\/\/api.w.org\/{rel}","templated":true}]}}