{"id":136475,"date":"2022-09-17T21:32:56","date_gmt":"2022-09-17T19:32:56","guid":{"rendered":"https:\/\/www.bellunopress.it\/?p=136475"},"modified":"2022-09-17T21:32:56","modified_gmt":"2022-09-17T19:32:56","slug":"dolomiti-bellunesi-primo-successo-in-campionato","status":"publish","type":"post","link":"https:\/\/www.bellunopress.it\/fr\/2022\/09\/17\/dolomiti-bellunesi-primo-successo-in-campionato\/","title":{"rendered":"Dolomiti Bellunesi &#8211; Primo successo in campionato"},"content":{"rendered":"<p><strong><em>Nel segno dei Filippo: decidono De Paoli e Artioli<\/em><\/strong><\/p>\n<p><img loading=\"lazy\" decoding=\"async\" class=\"alignleft size-full wp-image-136476\" src=\"https:\/\/www.bellunopress.it\/wp-content\/uploads\/2022\/09\/calcio-Dolomiti-Bellunesi_edited.jpg\" alt=\"\" width=\"1000\" height=\"666\" srcset=\"https:\/\/www.bellunopress.it\/wp-content\/uploads\/2022\/09\/calcio-Dolomiti-Bellunesi_edited.jpg 1000w, https:\/\/www.bellunopress.it\/wp-content\/uploads\/2022\/09\/calcio-Dolomiti-Bellunesi_edited-500x333.jpg 500w, https:\/\/www.bellunopress.it\/wp-content\/uploads\/2022\/09\/calcio-Dolomiti-Bellunesi_edited-696x464.jpg 696w, https:\/\/www.bellunopress.it\/wp-content\/uploads\/2022\/09\/calcio-Dolomiti-Bellunesi_edited-631x420.jpg 631w\" sizes=\"auto, (max-width: 1000px) 100vw, 1000px\" \/>Primi gol, primi punti, prima vittoria: come \u00e8 dolce l&#8217;anticipo dello Zugni Tauro. La SSD Dolomiti Bellunesi non lascia scampo al Torviscosa, muove la classifica e, soprattutto, ritrova quella concretezza che era mancata nei due atti di apertura del campionato. Ci voleva, questo 2-0 nel segno di Filippo: nome di battesimo che accomuna De Paoli e Artioli. I match winner di giornata. E cos\u00ec i dolomitici ripartono a tutta, con un successo da dedicare a un altro Filippo: lo sfortunatissimo Vinciguerra, ai box per un serio infortunio al ginocchio rimediato in Coppa Italia.<\/p>\n<p>A TAVOLETTA &#8211; I padroni di casa iniziano a tavoletta. E creano almeno tre pericoli, in meno di un quarto d&#8217;ora: con De Paoli, che ruba palla e calcia alto, una mischia furibonda davanti alla linea di porta. E con Svidercoschi, sul cui tiro si oppone l&#8217;estremo difensore Fabris. Ma il gol \u00e8 nell&#8217;aria e prende forma a ridosso della mezz&#8217;ora, quando Artioli imbecca De Paoli, che non perdona: 1-0. E il raddoppio segue a ruota, grazie al sinistro telecomandato di Artioli, su invito di Alex Cossalter. Il vantaggio potrebbe essere addirittura al cubo, se solo il guardalinee non sbandierasse un fuorigioco millimetrico di Svidercoschi.<\/p>\n<p>DUE ESPULSIONI &#8211; La gara \u00e8 in pugno. Ma i &#8220;blancos&#8221;, in realt\u00e0 ancora in maglia rosa, non alzano le mani dal manubrio. E, oltre a concedere pochi spazi a un pur generoso Torviscosa, vanno vicinissimi al tris con due staffilate fuori di un nulla: di Casella e Pasqualino. Gli ospiti, inoltre, restano in dieci per l&#8217;espulsione di Zetto (somma di cartellini gialli) e, in pi\u00f9, si fa allontanare mister Pittilino. Il sipario, quindi, cala in netto anticipo. E il collettivo di Brando si gode un pomeriggio luminoso. Con una sola ombra: l&#8217;infortunio a Macchioni, uscito in avvio di ripresa dolorante alla caviglia. L&#8217;auspicio \u00e8 che non sia nulla di serio.<\/p>\n<p>IL VERBO DI BRANDO &#8211; \u00abEra la partita da fare &#8211; analizza mister Lucio Brando -. Magari un po&#8217; meno spettacolare rispetto al solito, ma volevamo vincere e penso si sia visto. Complimenti ai ragazzi, hanno interpretato la sfida nel miglior modo possibile. Ho estrema fiducia in loro: sono forti\u00bb. Brando tiene la barra dritta: \u00abNon affrontiamo avversari di Terza categoria, un paio di occasioni si possono concedere, a fronte di 7, 8 o 10 da parte nostra. Un saldo di questo tipo lo firmerei in tutte le partite. La nostra mentalit\u00e0? Non cambia: vogliamo dominare il gioco e cerchiamo di creare le condizioni per arrivare allo scopo, lavorando con grande energia\u00bb. E ora, dieci giorni senza gare ufficiali: la SSD Dolomiti Bellunesi torner\u00e0 in capo mercoled\u00ec 28, a Bolzano, per affrontare la Virtus.<\/p>\n<p>DOLOMITI BELLUNESI-TORVISCOSA 2-0<\/p>\n<p>GOL: pt 29&#8242; De Paoli, 35&#8242; Artioli.<\/p>\n<p>DOLOMITI BELLUNESI: Virvilas, Pasqualino, Pettin\u00e0, Conti, De Paoli, Casella (st 23&#8242; Onescu), De Carli (st 27&#8242; Faraon), Macchioni (st 9&#8242; Toniolo), Artioli, A. Cossalter (st 33&#8242; Est\u00e9vez), Svidercoschi (st 27&#8242; Corbanese) (a disposizione: Saccon, Sommacal, Cucchisi, Arcopinto). Allenatore: L. Brando.<\/p>\n<p>TORVISCOSA: Fabris, Cucchiaro, Toso, Zuliani (st 1&#8242; Garbero), Tuniz, Dal Bello, Bertoni (st 38&#8242; Rigo), Grudina (st 41&#8242; Boschetti), Ciriello (st 44&#8242; Specogna), Oman (st 16&#8242; Borsetta), Zetto (a disposizione: Ioan, Curumi, Bozzo, Tomadino). Allenatore: F. Pittilino.<\/p>\n<p>ARBITRO: Marco Schmid di Rovereto (assistenti: Massimo Minniti e Stefan Nikolic di Merano).<\/p>\n<p>NOTE. Ammoniti: Zuliani, De Paoli, De Carli, Ciriello, Artioli, A. Cossalter. Espulsi: st 25&#8242; Zetto per somma di ammonizioni e al 29&#8242; mister Pittilino per proteste. Angoli: 4-3 per il Torviscosa. Recupero: pt 1&#8242;; st 6&#8242;.<\/p>","protected":false},"excerpt":{"rendered":"<p>Nel segno dei Filippo: decidono De Paoli e Artioli Primi gol, primi punti, prima vittoria: come \u00e8 dolce l&#8217;anticipo dello Zugni Tauro. La SSD Dolomiti Bellunesi non lascia scampo al Torviscosa, muove la classifica e, soprattutto, ritrova quella concretezza che era mancata nei due atti di apertura del campionato. Ci voleva, questo 2-0 nel segno [&hellip;]<\/p>\n","protected":false},"author":2,"featured_media":136476,"comment_status":"closed","ping_status":"open","sticky":false,"template":"","format":"standard","meta":{"footnotes":""},"categories":[26,4],"tags":[],"class_list":["post-136475","post","type-post","status-publish","format-standard","has-post-thumbnail","category-prima-pagina","category-sport"],"yoast_head":"<!-- This site is optimized with the Yoast SEO plugin v28.4 - https:\/\/yoast.com\/product\/yoast-seo-wordpress\/ -->\n<title>Dolomiti Bellunesi - Primo successo in campionato - Bellunopress - Dolomiti<\/title>\n<meta name=\"robots\" content=\"index, follow, max-snippet:-1, max-image-preview:large, max-video-preview:-1\" \/>\n<link rel=\"canonical\" href=\"https:\/\/www.bellunopress.it\/fr\/2022\/09\/17\/dolomiti-bellunesi-primo-successo-in-campionato\/\" \/>\n<meta property=\"og:locale\" content=\"fr_FR\" \/>\n<meta property=\"og:type\" content=\"article\" \/>\n<meta property=\"og:title\" content=\"Dolomiti Bellunesi - Primo successo in campionato - Bellunopress - Dolomiti\" \/>\n<meta property=\"og:description\" content=\"Nel segno dei Filippo: decidono De Paoli e Artioli Primi gol, primi punti, prima vittoria: come \u00e8 dolce l&#8217;anticipo dello Zugni Tauro. La SSD Dolomiti Bellunesi non lascia scampo al Torviscosa, muove la classifica e, soprattutto, ritrova quella concretezza che era mancata nei due atti di apertura del campionato. Ci voleva, questo 2-0 nel segno [&hellip;]\" \/>\n<meta property=\"og:url\" content=\"https:\/\/www.bellunopress.it\/fr\/2022\/09\/17\/dolomiti-bellunesi-primo-successo-in-campionato\/\" \/>\n<meta property=\"og:site_name\" content=\"Bellunopress - Dolomiti\" \/>\n<meta property=\"article:publisher\" content=\"https:\/\/www.facebook.com\/profile.php?id=100008943462799\" \/>\n<meta property=\"article:published_time\" content=\"2022-09-17T19:32:56+00:00\" \/>\n<meta property=\"og:image\" content=\"https:\/\/www.bellunopress.it\/wp-content\/uploads\/2022\/09\/calcio-Dolomiti-Bellunesi_edited.jpg\" \/>\n\t<meta property=\"og:image:width\" content=\"1000\" \/>\n\t<meta property=\"og:image:height\" content=\"666\" \/>\n\t<meta property=\"og:image:type\" content=\"image\/jpeg\" \/>\n<meta name=\"author\" content=\"redazione\" \/>\n<meta name=\"twitter:card\" content=\"summary_large_image\" \/>\n<meta name=\"twitter:creator\" content=\"@bellunopress\" \/>\n<meta name=\"twitter:site\" content=\"@bellunopress\" \/>\n<meta name=\"twitter:label1\" content=\"\u00c9crit par\" \/>\n\t<meta name=\"twitter:data1\" content=\"redazione\" \/>\n\t<meta name=\"twitter:label2\" content=\"Dur\u00e9e de lecture estim\u00e9e\" \/>\n\t<meta name=\"twitter:data2\" content=\"4 minutes\" \/>\n<script type=\"application\/ld+json\" class=\"yoast-schema-graph\">{\"@context\":\"https:\\\/\\\/schema.org\",\"@graph\":[{\"@type\":\"Article\",\"@id\":\"https:\\\/\\\/www.bellunopress.it\\\/2022\\\/09\\\/17\\\/dolomiti-bellunesi-primo-successo-in-campionato\\\/#article\",\"isPartOf\":{\"@id\":\"https:\\\/\\\/www.bellunopress.it\\\/2022\\\/09\\\/17\\\/dolomiti-bellunesi-primo-successo-in-campionato\\\/\"},\"author\":{\"name\":\"redazione\",\"@id\":\"https:\\\/\\\/www.bellunopress.it\\\/#\\\/schema\\\/person\\\/79bb06722b37ece1c03d3e94beb30d73\"},\"headline\":\"Dolomiti Bellunesi &#8211; Primo successo in campionato\",\"datePublished\":\"2022-09-17T19:32:56+00:00\",\"mainEntityOfPage\":{\"@id\":\"https:\\\/\\\/www.bellunopress.it\\\/2022\\\/09\\\/17\\\/dolomiti-bellunesi-primo-successo-in-campionato\\\/\"},\"wordCount\":580,\"publisher\":{\"@id\":\"https:\\\/\\\/www.bellunopress.it\\\/#organization\"},\"image\":{\"@id\":\"https:\\\/\\\/www.bellunopress.it\\\/2022\\\/09\\\/17\\\/dolomiti-bellunesi-primo-successo-in-campionato\\\/#primaryimage\"},\"thumbnailUrl\":\"https:\\\/\\\/www.bellunopress.it\\\/wp-content\\\/uploads\\\/2022\\\/09\\\/calcio-Dolomiti-Bellunesi_edited.jpg\",\"articleSection\":[\"Prima Pagina\",\"Sport, tempo libero\"],\"inLanguage\":\"fr-FR\"},{\"@type\":\"WebPage\",\"@id\":\"https:\\\/\\\/www.bellunopress.it\\\/2022\\\/09\\\/17\\\/dolomiti-bellunesi-primo-successo-in-campionato\\\/\",\"url\":\"https:\\\/\\\/www.bellunopress.it\\\/2022\\\/09\\\/17\\\/dolomiti-bellunesi-primo-successo-in-campionato\\\/\",\"name\":\"Dolomiti Bellunesi - Primo successo in campionato - Bellunopress - Dolomiti\",\"isPartOf\":{\"@id\":\"https:\\\/\\\/www.bellunopress.it\\\/#website\"},\"primaryImageOfPage\":{\"@id\":\"https:\\\/\\\/www.bellunopress.it\\\/2022\\\/09\\\/17\\\/dolomiti-bellunesi-primo-successo-in-campionato\\\/#primaryimage\"},\"image\":{\"@id\":\"https:\\\/\\\/www.bellunopress.it\\\/2022\\\/09\\\/17\\\/dolomiti-bellunesi-primo-successo-in-campionato\\\/#primaryimage\"},\"thumbnailUrl\":\"https:\\\/\\\/www.bellunopress.it\\\/wp-content\\\/uploads\\\/2022\\\/09\\\/calcio-Dolomiti-Bellunesi_edited.jpg\",\"datePublished\":\"2022-09-17T19:32:56+00:00\",\"breadcrumb\":{\"@id\":\"https:\\\/\\\/www.bellunopress.it\\\/2022\\\/09\\\/17\\\/dolomiti-bellunesi-primo-successo-in-campionato\\\/#breadcrumb\"},\"inLanguage\":\"fr-FR\",\"potentialAction\":[{\"@type\":\"ReadAction\",\"target\":[\"https:\\\/\\\/www.bellunopress.it\\\/2022\\\/09\\\/17\\\/dolomiti-bellunesi-primo-successo-in-campionato\\\/\"]}]},{\"@type\":\"ImageObject\",\"inLanguage\":\"fr-FR\",\"@id\":\"https:\\\/\\\/www.bellunopress.it\\\/2022\\\/09\\\/17\\\/dolomiti-bellunesi-primo-successo-in-campionato\\\/#primaryimage\",\"url\":\"https:\\\/\\\/www.bellunopress.it\\\/wp-content\\\/uploads\\\/2022\\\/09\\\/calcio-Dolomiti-Bellunesi_edited.jpg\",\"contentUrl\":\"https:\\\/\\\/www.bellunopress.it\\\/wp-content\\\/uploads\\\/2022\\\/09\\\/calcio-Dolomiti-Bellunesi_edited.jpg\",\"width\":1000,\"height\":666},{\"@type\":\"BreadcrumbList\",\"@id\":\"https:\\\/\\\/www.bellunopress.it\\\/2022\\\/09\\\/17\\\/dolomiti-bellunesi-primo-successo-in-campionato\\\/#breadcrumb\",\"itemListElement\":[{\"@type\":\"ListItem\",\"position\":1,\"name\":\"Home\",\"item\":\"https:\\\/\\\/www.bellunopress.it\\\/\"},{\"@type\":\"ListItem\",\"position\":2,\"name\":\"Dolomiti Bellunesi &#8211; Primo successo in campionato\"}]},{\"@type\":\"WebSite\",\"@id\":\"https:\\\/\\\/www.bellunopress.it\\\/#website\",\"url\":\"https:\\\/\\\/www.bellunopress.it\\\/\",\"name\":\"Bellunopress - Dolomiti\",\"description\":\"e-mail: redazione@bellunopress.it\",\"publisher\":{\"@id\":\"https:\\\/\\\/www.bellunopress.it\\\/#organization\"},\"potentialAction\":[{\"@type\":\"SearchAction\",\"target\":{\"@type\":\"EntryPoint\",\"urlTemplate\":\"https:\\\/\\\/www.bellunopress.it\\\/?s={search_term_string}\"},\"query-input\":{\"@type\":\"PropertyValueSpecification\",\"valueRequired\":true,\"valueName\":\"search_term_string\"}}],\"inLanguage\":\"fr-FR\"},{\"@type\":\"Organization\",\"@id\":\"https:\\\/\\\/www.bellunopress.it\\\/#organization\",\"name\":\"Bellunopress\",\"url\":\"https:\\\/\\\/www.bellunopress.it\\\/\",\"logo\":{\"@type\":\"ImageObject\",\"inLanguage\":\"fr-FR\",\"@id\":\"https:\\\/\\\/www.bellunopress.it\\\/#\\\/schema\\\/logo\\\/image\\\/\",\"url\":\"https:\\\/\\\/www.bellunopress.it\\\/wp-content\\\/uploads\\\/2011\\\/05\\\/cropped-logo-bellunopress-.jpg\",\"contentUrl\":\"https:\\\/\\\/www.bellunopress.it\\\/wp-content\\\/uploads\\\/2011\\\/05\\\/cropped-logo-bellunopress-.jpg\",\"width\":512,\"height\":512,\"caption\":\"Bellunopress\"},\"image\":{\"@id\":\"https:\\\/\\\/www.bellunopress.it\\\/#\\\/schema\\\/logo\\\/image\\\/\"},\"sameAs\":[\"https:\\\/\\\/www.facebook.com\\\/profile.php?id=100008943462799\",\"https:\\\/\\\/x.com\\\/bellunopress\",\"https:\\\/\\\/www.linkedin.com\\\/hp\\\/?dnr=JBzUWaJfMUw8vbXJJ2tVW5-I3jZKvC4wsoxE&amp;amp;amp;amp;amp;amp;trk=nav_responsive_tab_home\",\"https:\\\/\\\/www.youtube.com\\\/channel\\\/UCxL0wu1uN0_3_7hGG0306cw\"]},{\"@type\":\"Person\",\"@id\":\"https:\\\/\\\/www.bellunopress.it\\\/#\\\/schema\\\/person\\\/79bb06722b37ece1c03d3e94beb30d73\",\"name\":\"redazione\",\"image\":{\"@type\":\"ImageObject\",\"inLanguage\":\"fr-FR\",\"@id\":\"https:\\\/\\\/secure.gravatar.com\\\/avatar\\\/37d968a2e67a6fd04c169c4bdef102d0bc5d31b2546345219e348575eb80e9a0?s=96&d=mm&r=g\",\"url\":\"https:\\\/\\\/secure.gravatar.com\\\/avatar\\\/37d968a2e67a6fd04c169c4bdef102d0bc5d31b2546345219e348575eb80e9a0?s=96&d=mm&r=g\",\"contentUrl\":\"https:\\\/\\\/secure.gravatar.com\\\/avatar\\\/37d968a2e67a6fd04c169c4bdef102d0bc5d31b2546345219e348575eb80e9a0?s=96&d=mm&r=g\",\"caption\":\"redazione\"},\"sameAs\":[\"http:\\\/\\\/www.bellunopress.it\",\"https:\\\/\\\/x.com\\\/bellunopress\"],\"url\":\"https:\\\/\\\/www.bellunopress.it\\\/fr\\\/author\\\/redazione\\\/\"}]}<\/script>\n<!-- \/ Yoast SEO plugin. -->","yoast_head_json":{"title":"Dolomiti Bellunesi - Primo successo in campionato - Bellunopress - Dolomiti","robots":{"index":"index","follow":"follow","max-snippet":"max-snippet:-1","max-image-preview":"max-image-preview:large","max-video-preview":"max-video-preview:-1"},"canonical":"https:\/\/www.bellunopress.it\/fr\/2022\/09\/17\/dolomiti-bellunesi-primo-successo-in-campionato\/","og_locale":"fr_FR","og_type":"article","og_title":"Dolomiti Bellunesi - Primo successo in campionato - Bellunopress - Dolomiti","og_description":"Nel segno dei Filippo: decidono De Paoli e Artioli Primi gol, primi punti, prima vittoria: come \u00e8 dolce l&#8217;anticipo dello Zugni Tauro. La SSD Dolomiti Bellunesi non lascia scampo al Torviscosa, muove la classifica e, soprattutto, ritrova quella concretezza che era mancata nei due atti di apertura del campionato. Ci voleva, questo 2-0 nel segno [&hellip;]","og_url":"https:\/\/www.bellunopress.it\/fr\/2022\/09\/17\/dolomiti-bellunesi-primo-successo-in-campionato\/","og_site_name":"Bellunopress - Dolomiti","article_publisher":"https:\/\/www.facebook.com\/profile.php?id=100008943462799","article_published_time":"2022-09-17T19:32:56+00:00","og_image":[{"width":1000,"height":666,"url":"https:\/\/www.bellunopress.it\/wp-content\/uploads\/2022\/09\/calcio-Dolomiti-Bellunesi_edited.jpg","type":"image\/jpeg"}],"author":"redazione","twitter_card":"summary_large_image","twitter_creator":"@bellunopress","twitter_site":"@bellunopress","twitter_misc":{"\u00c9crit par":"redazione","Dur\u00e9e de lecture estim\u00e9e":"4 minutes"},"schema":{"@context":"https:\/\/schema.org","@graph":[{"@type":"Article","@id":"https:\/\/www.bellunopress.it\/2022\/09\/17\/dolomiti-bellunesi-primo-successo-in-campionato\/#article","isPartOf":{"@id":"https:\/\/www.bellunopress.it\/2022\/09\/17\/dolomiti-bellunesi-primo-successo-in-campionato\/"},"author":{"name":"redazione","@id":"https:\/\/www.bellunopress.it\/#\/schema\/person\/79bb06722b37ece1c03d3e94beb30d73"},"headline":"Dolomiti Bellunesi &#8211; Primo successo in campionato","datePublished":"2022-09-17T19:32:56+00:00","mainEntityOfPage":{"@id":"https:\/\/www.bellunopress.it\/2022\/09\/17\/dolomiti-bellunesi-primo-successo-in-campionato\/"},"wordCount":580,"publisher":{"@id":"https:\/\/www.bellunopress.it\/#organization"},"image":{"@id":"https:\/\/www.bellunopress.it\/2022\/09\/17\/dolomiti-bellunesi-primo-successo-in-campionato\/#primaryimage"},"thumbnailUrl":"https:\/\/www.bellunopress.it\/wp-content\/uploads\/2022\/09\/calcio-Dolomiti-Bellunesi_edited.jpg","articleSection":["Prima Pagina","Sport, tempo libero"],"inLanguage":"fr-FR"},{"@type":"WebPage","@id":"https:\/\/www.bellunopress.it\/2022\/09\/17\/dolomiti-bellunesi-primo-successo-in-campionato\/","url":"https:\/\/www.bellunopress.it\/2022\/09\/17\/dolomiti-bellunesi-primo-successo-in-campionato\/","name":"Dolomiti Bellunesi - Primo successo in campionato - Bellunopress - Dolomiti","isPartOf":{"@id":"https:\/\/www.bellunopress.it\/#website"},"primaryImageOfPage":{"@id":"https:\/\/www.bellunopress.it\/2022\/09\/17\/dolomiti-bellunesi-primo-successo-in-campionato\/#primaryimage"},"image":{"@id":"https:\/\/www.bellunopress.it\/2022\/09\/17\/dolomiti-bellunesi-primo-successo-in-campionato\/#primaryimage"},"thumbnailUrl":"https:\/\/www.bellunopress.it\/wp-content\/uploads\/2022\/09\/calcio-Dolomiti-Bellunesi_edited.jpg","datePublished":"2022-09-17T19:32:56+00:00","breadcrumb":{"@id":"https:\/\/www.bellunopress.it\/2022\/09\/17\/dolomiti-bellunesi-primo-successo-in-campionato\/#breadcrumb"},"inLanguage":"fr-FR","potentialAction":[{"@type":"ReadAction","target":["https:\/\/www.bellunopress.it\/2022\/09\/17\/dolomiti-bellunesi-primo-successo-in-campionato\/"]}]},{"@type":"ImageObject","inLanguage":"fr-FR","@id":"https:\/\/www.bellunopress.it\/2022\/09\/17\/dolomiti-bellunesi-primo-successo-in-campionato\/#primaryimage","url":"https:\/\/www.bellunopress.it\/wp-content\/uploads\/2022\/09\/calcio-Dolomiti-Bellunesi_edited.jpg","contentUrl":"https:\/\/www.bellunopress.it\/wp-content\/uploads\/2022\/09\/calcio-Dolomiti-Bellunesi_edited.jpg","width":1000,"height":666},{"@type":"BreadcrumbList","@id":"https:\/\/www.bellunopress.it\/2022\/09\/17\/dolomiti-bellunesi-primo-successo-in-campionato\/#breadcrumb","itemListElement":[{"@type":"ListItem","position":1,"name":"Home","item":"https:\/\/www.bellunopress.it\/"},{"@type":"ListItem","position":2,"name":"Dolomiti Bellunesi &#8211; Primo successo in campionato"}]},{"@type":"WebSite","@id":"https:\/\/www.bellunopress.it\/#website","url":"https:\/\/www.bellunopress.it\/","name":"Bellunopress - Dolomiti","description":"e-mail: redazione@bellunopress.it","publisher":{"@id":"https:\/\/www.bellunopress.it\/#organization"},"potentialAction":[{"@type":"SearchAction","target":{"@type":"EntryPoint","urlTemplate":"https:\/\/www.bellunopress.it\/?s={search_term_string}"},"query-input":{"@type":"PropertyValueSpecification","valueRequired":true,"valueName":"search_term_string"}}],"inLanguage":"fr-FR"},{"@type":"Organization","@id":"https:\/\/www.bellunopress.it\/#organization","name":"Bellunopress","url":"https:\/\/www.bellunopress.it\/","logo":{"@type":"ImageObject","inLanguage":"fr-FR","@id":"https:\/\/www.bellunopress.it\/#\/schema\/logo\/image\/","url":"https:\/\/www.bellunopress.it\/wp-content\/uploads\/2011\/05\/cropped-logo-bellunopress-.jpg","contentUrl":"https:\/\/www.bellunopress.it\/wp-content\/uploads\/2011\/05\/cropped-logo-bellunopress-.jpg","width":512,"height":512,"caption":"Bellunopress"},"image":{"@id":"https:\/\/www.bellunopress.it\/#\/schema\/logo\/image\/"},"sameAs":["https:\/\/www.facebook.com\/profile.php?id=100008943462799","https:\/\/x.com\/bellunopress","https:\/\/www.linkedin.com\/hp\/?dnr=JBzUWaJfMUw8vbXJJ2tVW5-I3jZKvC4wsoxE&amp;amp;amp;amp;amp;amp;trk=nav_responsive_tab_home","https:\/\/www.youtube.com\/channel\/UCxL0wu1uN0_3_7hGG0306cw"]},{"@type":"Person","@id":"https:\/\/www.bellunopress.it\/#\/schema\/person\/79bb06722b37ece1c03d3e94beb30d73","name":"r\u00e9daction","image":{"@type":"ImageObject","inLanguage":"fr-FR","@id":"https:\/\/secure.gravatar.com\/avatar\/37d968a2e67a6fd04c169c4bdef102d0bc5d31b2546345219e348575eb80e9a0?s=96&d=mm&r=g","url":"https:\/\/secure.gravatar.com\/avatar\/37d968a2e67a6fd04c169c4bdef102d0bc5d31b2546345219e348575eb80e9a0?s=96&d=mm&r=g","contentUrl":"https:\/\/secure.gravatar.com\/avatar\/37d968a2e67a6fd04c169c4bdef102d0bc5d31b2546345219e348575eb80e9a0?s=96&d=mm&r=g","caption":"redazione"},"sameAs":["http:\/\/www.bellunopress.it","https:\/\/x.com\/bellunopress"],"url":"https:\/\/www.bellunopress.it\/fr\/author\/redazione\/"}]}},"_links":{"self":[{"href":"https:\/\/www.bellunopress.it\/fr\/wp-json\/wp\/v2\/posts\/136475","targetHints":{"allow":["GET"]}}],"collection":[{"href":"https:\/\/www.bellunopress.it\/fr\/wp-json\/wp\/v2\/posts"}],"about":[{"href":"https:\/\/www.bellunopress.it\/fr\/wp-json\/wp\/v2\/types\/post"}],"author":[{"embeddable":true,"href":"https:\/\/www.bellunopress.it\/fr\/wp-json\/wp\/v2\/users\/2"}],"replies":[{"embeddable":true,"href":"https:\/\/www.bellunopress.it\/fr\/wp-json\/wp\/v2\/comments?post=136475"}],"version-history":[{"count":1,"href":"https:\/\/www.bellunopress.it\/fr\/wp-json\/wp\/v2\/posts\/136475\/revisions"}],"predecessor-version":[{"id":136477,"href":"https:\/\/www.bellunopress.it\/fr\/wp-json\/wp\/v2\/posts\/136475\/revisions\/136477"}],"wp:featuredmedia":[{"embeddable":true,"href":"https:\/\/www.bellunopress.it\/fr\/wp-json\/wp\/v2\/media\/136476"}],"wp:attachment":[{"href":"https:\/\/www.bellunopress.it\/fr\/wp-json\/wp\/v2\/media?parent=136475"}],"wp:term":[{"taxonomy":"category","embeddable":true,"href":"https:\/\/www.bellunopress.it\/fr\/wp-json\/wp\/v2\/categories?post=136475"},{"taxonomy":"post_tag","embeddable":true,"href":"https:\/\/www.bellunopress.it\/fr\/wp-json\/wp\/v2\/tags?post=136475"}],"curies":[{"name":"wp","href":"https:\/\/api.w.org\/{rel}","templated":true}]}}