{"id":136441,"date":"2022-09-18T09:04:23","date_gmt":"2022-09-18T07:04:23","guid":{"rendered":"https:\/\/www.bellunopress.it\/?p=136441"},"modified":"2022-09-16T09:11:11","modified_gmt":"2022-09-16T07:11:11","slug":"serata-dedicata-ai-parchi-nazionali-del-gran-paradiso-e-dabruzzo-lazio-e-molise-venerdi-23-settembre-alle-18-in-sala-bianchi-a-belluno","status":"publish","type":"post","link":"https:\/\/www.bellunopress.it\/fr\/2022\/09\/18\/serata-dedicata-ai-parchi-nazionali-del-gran-paradiso-e-dabruzzo-lazio-e-molise-venerdi-23-settembre-alle-18-in-sala-bianchi-a-belluno\/","title":{"rendered":"Serata dedicata ai Parchi Nazionali del Gran Paradiso e d\u2019Abruzzo, Lazio e Molise. Venerd\u00ec 23 settembre alle 18 in Sala  Bianchi a Belluno"},"content":{"rendered":"<figure id=\"attachment_112653\" aria-describedby=\"caption-attachment-112653\" style=\"width: 900px\" class=\"wp-caption alignleft\"><img loading=\"lazy\" decoding=\"async\" class=\"size-full wp-image-112653\" src=\"https:\/\/www.bellunopress.it\/wp-content\/uploads\/2020\/03\/sala-bianchi-belluno.jpg\" alt=\"\" width=\"900\" height=\"600\" srcset=\"https:\/\/www.bellunopress.it\/wp-content\/uploads\/2020\/03\/sala-bianchi-belluno.jpg 900w, https:\/\/www.bellunopress.it\/wp-content\/uploads\/2020\/03\/sala-bianchi-belluno-500x333.jpg 500w, https:\/\/www.bellunopress.it\/wp-content\/uploads\/2020\/03\/sala-bianchi-belluno-696x464.jpg 696w, https:\/\/www.bellunopress.it\/wp-content\/uploads\/2020\/03\/sala-bianchi-belluno-630x420.jpg 630w\" sizes=\"auto, (max-width: 900px) 100vw, 900px\" \/><figcaption id=\"caption-attachment-112653\" class=\"wp-caption-text\">Sala Bianchi &#8211; Belluno<\/figcaption><\/figure>\n<p>Un secolo fa, nel 1922, venivano istituiti i primi due Parchi Nazionali italiani: quello del Gran Paradiso e quello d\u2019Abruzzo; un evento di portata storica, grazie al quale anche in Italia si recepiva la grande idea, nata negli Stati Uniti d\u2019America nel 1872 con l\u2019istituzione del Parco di Yellowstone, di proteggere porzioni rilevanti di territorio per il loro valore intrinseco, a beneficio delle generazioni presenti e future.<br \/>\nUn\u2019idea che \u00e8 cresciuta nel tempo e si \u00e8 consolidata e che \u00e8 ancora di straordinaria attualit\u00e0, oggi in Italia i Parchi Nazionali sono 24. In un pianeta alle prese con i problemi legati alle emergenze ambientali e climatiche i Parchi conservano ci\u00f2 che resta di ambienti naturali altrove distrutti o degradati, sono un baluardo contro la perdita di biodiversit\u00e0, ci ricordano che siamo parte integrante della natura e che se scompare la natura scompare anche l\u2019uomo.<\/p>\n<p>Per celebrare il primo secolo di vita delle due pi\u00f9 antiche aree protette italiane il Parco Nazionale delle Dolomiti Bellunesi ha organizzato una serata venerd\u00ec 23 settembre, alle ore 18:00 in sala Bianchi, viale Fantuzzi a Belluno.<\/p>\n<p>Nel corso della serata, alla quale parteciper\u00e0 anche il Presidente del Parco Nazionale del Gran Paradiso, Italo Cerise, sar\u00e0 presentato il documentario: \u201c100 anni insieme per la natura\u201d, dedicato alla storia e alla natura dei Parchi Nazionali del Gran Paradiso e d\u2019Abruzzo, Lazio e Molise.<br \/>\nNel corso della serata sar\u00e0 presentato anche il volume \u201cParchi d\u2019Italia\u201d: un viaggio attraverso i 24 Parchi Nazionali italiani e sar\u00e0 proiettato un filmato dedicato al Parco Nazionale delle Dolomiti Bellunesi.<\/p>\n<figure id=\"attachment_105447\" aria-describedby=\"caption-attachment-105447\" style=\"width: 221px\" class=\"wp-caption alignleft\"><img loading=\"lazy\" decoding=\"async\" class=\"size-full wp-image-105447\" src=\"https:\/\/www.bellunopress.it\/wp-content\/uploads\/2019\/06\/Ennio-Vigne-sindaco-di-Santa-Giustina-BL.jpg\" alt=\"\" width=\"221\" height=\"300\" \/><figcaption id=\"caption-attachment-105447\" class=\"wp-caption-text\">Ennio Vigne<\/figcaption><\/figure>\n<p>\u201cLe esperienze del Gran Paradiso e del Parco d\u2019Abruzzo \u2013 ha dichiarato il Presidente del Parco, Ennio Vigne \u2013 costituiscono un esempio per tutti gli altri Parchi italiani ed europei, per questo abbiamo avviato con loro numerosi rapporti di collaborazione tecnico-scientifica, che vanno dagli studi coordinati degli effetti del cambiamento climatico sulla flora e sulla fauna, allo scambio di esperienze in progetti di valorizzazione delle produzioni agricole locali; dalle attivit\u00e0 nell\u2019ambito della Carta Europea per il Turismo Sostenibile, alla certificazione delle strutture ricettive rispettose dell\u2019ambiente naturale; era quindi doveroso \u2013 ha concluso il Presidente \u2013 dedicare una serata alla celebrazione del loro primo secolo di vita, presentando al pubblico bellunese questi due straordinari patrimoni\u201d.<\/p>","protected":false},"excerpt":{"rendered":"<p>Un secolo fa, nel 1922, venivano istituiti i primi due Parchi Nazionali italiani: quello del Gran Paradiso e quello d\u2019Abruzzo; un evento di portata storica, grazie al quale anche in Italia si recepiva la grande idea, nata negli Stati Uniti d\u2019America nel 1872 con l\u2019istituzione del Parco di Yellowstone, di proteggere porzioni rilevanti di territorio [&hellip;]<\/p>\n","protected":false},"author":2,"featured_media":112653,"comment_status":"closed","ping_status":"open","sticky":false,"template":"","format":"standard","meta":{"footnotes":""},"categories":[27,25,8],"tags":[],"class_list":["post-136441","post","type-post","status-publish","format-standard","has-post-thumbnail","category-appuntamenti","category-pausa-caffe","category-societa-istituzioni"],"yoast_head":"<!-- This site is optimized with the Yoast SEO plugin v28.4 - https:\/\/yoast.com\/product\/yoast-seo-wordpress\/ -->\n<title>Serata dedicata ai Parchi Nazionali del Gran Paradiso e d\u2019Abruzzo, Lazio e Molise. Venerd\u00ec 23 settembre alle 18 in Sala Bianchi a Belluno - Bellunopress - Dolomiti<\/title>\n<meta name=\"robots\" content=\"index, follow, max-snippet:-1, max-image-preview:large, max-video-preview:-1\" \/>\n<link rel=\"canonical\" href=\"https:\/\/www.bellunopress.it\/fr\/2022\/09\/18\/serata-dedicata-ai-parchi-nazionali-del-gran-paradiso-e-dabruzzo-lazio-e-molise-venerdi-23-settembre-alle-18-in-sala-bianchi-a-belluno\/\" \/>\n<meta property=\"og:locale\" content=\"fr_FR\" \/>\n<meta property=\"og:type\" content=\"article\" \/>\n<meta property=\"og:title\" content=\"Serata dedicata ai Parchi Nazionali del Gran Paradiso e d\u2019Abruzzo, Lazio e Molise. Venerd\u00ec 23 settembre alle 18 in Sala Bianchi a Belluno - Bellunopress - Dolomiti\" \/>\n<meta property=\"og:description\" content=\"Un secolo fa, nel 1922, venivano istituiti i primi due Parchi Nazionali italiani: quello del Gran Paradiso e quello d\u2019Abruzzo; un evento di portata storica, grazie al quale anche in Italia si recepiva la grande idea, nata negli Stati Uniti d\u2019America nel 1872 con l\u2019istituzione del Parco di Yellowstone, di proteggere porzioni rilevanti di territorio [&hellip;]\" \/>\n<meta property=\"og:url\" content=\"https:\/\/www.bellunopress.it\/fr\/2022\/09\/18\/serata-dedicata-ai-parchi-nazionali-del-gran-paradiso-e-dabruzzo-lazio-e-molise-venerdi-23-settembre-alle-18-in-sala-bianchi-a-belluno\/\" \/>\n<meta property=\"og:site_name\" content=\"Bellunopress - Dolomiti\" \/>\n<meta property=\"article:publisher\" content=\"https:\/\/www.facebook.com\/profile.php?id=100008943462799\" \/>\n<meta property=\"article:published_time\" content=\"2022-09-18T07:04:23+00:00\" \/>\n<meta property=\"og:image\" content=\"https:\/\/www.bellunopress.it\/wp-content\/uploads\/2020\/03\/sala-bianchi-belluno.jpg\" \/>\n\t<meta property=\"og:image:width\" content=\"900\" \/>\n\t<meta property=\"og:image:height\" content=\"600\" \/>\n\t<meta property=\"og:image:type\" content=\"image\/jpeg\" \/>\n<meta name=\"author\" content=\"redazione\" \/>\n<meta name=\"twitter:card\" content=\"summary_large_image\" \/>\n<meta name=\"twitter:creator\" content=\"@bellunopress\" \/>\n<meta name=\"twitter:site\" content=\"@bellunopress\" \/>\n<meta name=\"twitter:label1\" content=\"\u00c9crit par\" \/>\n\t<meta name=\"twitter:data1\" content=\"redazione\" \/>\n\t<meta name=\"twitter:label2\" content=\"Dur\u00e9e de lecture estim\u00e9e\" \/>\n\t<meta name=\"twitter:data2\" content=\"3 minutes\" \/>\n<script type=\"application\/ld+json\" class=\"yoast-schema-graph\">{\"@context\":\"https:\\\/\\\/schema.org\",\"@graph\":[{\"@type\":\"Article\",\"@id\":\"https:\\\/\\\/www.bellunopress.it\\\/2022\\\/09\\\/18\\\/serata-dedicata-ai-parchi-nazionali-del-gran-paradiso-e-dabruzzo-lazio-e-molise-venerdi-23-settembre-alle-18-in-sala-bianchi-a-belluno\\\/#article\",\"isPartOf\":{\"@id\":\"https:\\\/\\\/www.bellunopress.it\\\/2022\\\/09\\\/18\\\/serata-dedicata-ai-parchi-nazionali-del-gran-paradiso-e-dabruzzo-lazio-e-molise-venerdi-23-settembre-alle-18-in-sala-bianchi-a-belluno\\\/\"},\"author\":{\"name\":\"redazione\",\"@id\":\"https:\\\/\\\/www.bellunopress.it\\\/#\\\/schema\\\/person\\\/79bb06722b37ece1c03d3e94beb30d73\"},\"headline\":\"Serata dedicata ai Parchi Nazionali del Gran Paradiso e d\u2019Abruzzo, Lazio e Molise. Venerd\u00ec 23 settembre alle 18 in Sala Bianchi a Belluno\",\"datePublished\":\"2022-09-18T07:04:23+00:00\",\"mainEntityOfPage\":{\"@id\":\"https:\\\/\\\/www.bellunopress.it\\\/2022\\\/09\\\/18\\\/serata-dedicata-ai-parchi-nazionali-del-gran-paradiso-e-dabruzzo-lazio-e-molise-venerdi-23-settembre-alle-18-in-sala-bianchi-a-belluno\\\/\"},\"wordCount\":409,\"publisher\":{\"@id\":\"https:\\\/\\\/www.bellunopress.it\\\/#organization\"},\"image\":{\"@id\":\"https:\\\/\\\/www.bellunopress.it\\\/2022\\\/09\\\/18\\\/serata-dedicata-ai-parchi-nazionali-del-gran-paradiso-e-dabruzzo-lazio-e-molise-venerdi-23-settembre-alle-18-in-sala-bianchi-a-belluno\\\/#primaryimage\"},\"thumbnailUrl\":\"https:\\\/\\\/www.bellunopress.it\\\/wp-content\\\/uploads\\\/2020\\\/03\\\/sala-bianchi-belluno.jpg\",\"articleSection\":[\"Appuntamenti, Eventi\",\"Pausa Caff\u00e8\",\"Societ\u00e0, Associazioni, Istituzioni\"],\"inLanguage\":\"fr-FR\"},{\"@type\":\"WebPage\",\"@id\":\"https:\\\/\\\/www.bellunopress.it\\\/2022\\\/09\\\/18\\\/serata-dedicata-ai-parchi-nazionali-del-gran-paradiso-e-dabruzzo-lazio-e-molise-venerdi-23-settembre-alle-18-in-sala-bianchi-a-belluno\\\/\",\"url\":\"https:\\\/\\\/www.bellunopress.it\\\/2022\\\/09\\\/18\\\/serata-dedicata-ai-parchi-nazionali-del-gran-paradiso-e-dabruzzo-lazio-e-molise-venerdi-23-settembre-alle-18-in-sala-bianchi-a-belluno\\\/\",\"name\":\"Serata dedicata ai Parchi Nazionali del Gran Paradiso e d\u2019Abruzzo, Lazio e Molise. Venerd\u00ec 23 settembre alle 18 in Sala Bianchi a Belluno - Bellunopress - Dolomiti\",\"isPartOf\":{\"@id\":\"https:\\\/\\\/www.bellunopress.it\\\/#website\"},\"primaryImageOfPage\":{\"@id\":\"https:\\\/\\\/www.bellunopress.it\\\/2022\\\/09\\\/18\\\/serata-dedicata-ai-parchi-nazionali-del-gran-paradiso-e-dabruzzo-lazio-e-molise-venerdi-23-settembre-alle-18-in-sala-bianchi-a-belluno\\\/#primaryimage\"},\"image\":{\"@id\":\"https:\\\/\\\/www.bellunopress.it\\\/2022\\\/09\\\/18\\\/serata-dedicata-ai-parchi-nazionali-del-gran-paradiso-e-dabruzzo-lazio-e-molise-venerdi-23-settembre-alle-18-in-sala-bianchi-a-belluno\\\/#primaryimage\"},\"thumbnailUrl\":\"https:\\\/\\\/www.bellunopress.it\\\/wp-content\\\/uploads\\\/2020\\\/03\\\/sala-bianchi-belluno.jpg\",\"datePublished\":\"2022-09-18T07:04:23+00:00\",\"breadcrumb\":{\"@id\":\"https:\\\/\\\/www.bellunopress.it\\\/2022\\\/09\\\/18\\\/serata-dedicata-ai-parchi-nazionali-del-gran-paradiso-e-dabruzzo-lazio-e-molise-venerdi-23-settembre-alle-18-in-sala-bianchi-a-belluno\\\/#breadcrumb\"},\"inLanguage\":\"fr-FR\",\"potentialAction\":[{\"@type\":\"ReadAction\",\"target\":[\"https:\\\/\\\/www.bellunopress.it\\\/2022\\\/09\\\/18\\\/serata-dedicata-ai-parchi-nazionali-del-gran-paradiso-e-dabruzzo-lazio-e-molise-venerdi-23-settembre-alle-18-in-sala-bianchi-a-belluno\\\/\"]}]},{\"@type\":\"ImageObject\",\"inLanguage\":\"fr-FR\",\"@id\":\"https:\\\/\\\/www.bellunopress.it\\\/2022\\\/09\\\/18\\\/serata-dedicata-ai-parchi-nazionali-del-gran-paradiso-e-dabruzzo-lazio-e-molise-venerdi-23-settembre-alle-18-in-sala-bianchi-a-belluno\\\/#primaryimage\",\"url\":\"https:\\\/\\\/www.bellunopress.it\\\/wp-content\\\/uploads\\\/2020\\\/03\\\/sala-bianchi-belluno.jpg\",\"contentUrl\":\"https:\\\/\\\/www.bellunopress.it\\\/wp-content\\\/uploads\\\/2020\\\/03\\\/sala-bianchi-belluno.jpg\",\"width\":900,\"height\":600,\"caption\":\"Sala Bianchi - Belluno\"},{\"@type\":\"BreadcrumbList\",\"@id\":\"https:\\\/\\\/www.bellunopress.it\\\/2022\\\/09\\\/18\\\/serata-dedicata-ai-parchi-nazionali-del-gran-paradiso-e-dabruzzo-lazio-e-molise-venerdi-23-settembre-alle-18-in-sala-bianchi-a-belluno\\\/#breadcrumb\",\"itemListElement\":[{\"@type\":\"ListItem\",\"position\":1,\"name\":\"Home\",\"item\":\"https:\\\/\\\/www.bellunopress.it\\\/\"},{\"@type\":\"ListItem\",\"position\":2,\"name\":\"Serata dedicata ai Parchi Nazionali del Gran Paradiso e d\u2019Abruzzo, Lazio e Molise. Venerd\u00ec 23 settembre alle 18 in Sala Bianchi a Belluno\"}]},{\"@type\":\"WebSite\",\"@id\":\"https:\\\/\\\/www.bellunopress.it\\\/#website\",\"url\":\"https:\\\/\\\/www.bellunopress.it\\\/\",\"name\":\"Bellunopress - Dolomiti\",\"description\":\"e-mail: redazione@bellunopress.it\",\"publisher\":{\"@id\":\"https:\\\/\\\/www.bellunopress.it\\\/#organization\"},\"potentialAction\":[{\"@type\":\"SearchAction\",\"target\":{\"@type\":\"EntryPoint\",\"urlTemplate\":\"https:\\\/\\\/www.bellunopress.it\\\/?s={search_term_string}\"},\"query-input\":{\"@type\":\"PropertyValueSpecification\",\"valueRequired\":true,\"valueName\":\"search_term_string\"}}],\"inLanguage\":\"fr-FR\"},{\"@type\":\"Organization\",\"@id\":\"https:\\\/\\\/www.bellunopress.it\\\/#organization\",\"name\":\"Bellunopress\",\"url\":\"https:\\\/\\\/www.bellunopress.it\\\/\",\"logo\":{\"@type\":\"ImageObject\",\"inLanguage\":\"fr-FR\",\"@id\":\"https:\\\/\\\/www.bellunopress.it\\\/#\\\/schema\\\/logo\\\/image\\\/\",\"url\":\"https:\\\/\\\/www.bellunopress.it\\\/wp-content\\\/uploads\\\/2011\\\/05\\\/cropped-logo-bellunopress-.jpg\",\"contentUrl\":\"https:\\\/\\\/www.bellunopress.it\\\/wp-content\\\/uploads\\\/2011\\\/05\\\/cropped-logo-bellunopress-.jpg\",\"width\":512,\"height\":512,\"caption\":\"Bellunopress\"},\"image\":{\"@id\":\"https:\\\/\\\/www.bellunopress.it\\\/#\\\/schema\\\/logo\\\/image\\\/\"},\"sameAs\":[\"https:\\\/\\\/www.facebook.com\\\/profile.php?id=100008943462799\",\"https:\\\/\\\/x.com\\\/bellunopress\",\"https:\\\/\\\/www.linkedin.com\\\/hp\\\/?dnr=JBzUWaJfMUw8vbXJJ2tVW5-I3jZKvC4wsoxE&amp;amp;amp;amp;amp;amp;trk=nav_responsive_tab_home\",\"https:\\\/\\\/www.youtube.com\\\/channel\\\/UCxL0wu1uN0_3_7hGG0306cw\"]},{\"@type\":\"Person\",\"@id\":\"https:\\\/\\\/www.bellunopress.it\\\/#\\\/schema\\\/person\\\/79bb06722b37ece1c03d3e94beb30d73\",\"name\":\"redazione\",\"image\":{\"@type\":\"ImageObject\",\"inLanguage\":\"fr-FR\",\"@id\":\"https:\\\/\\\/secure.gravatar.com\\\/avatar\\\/37d968a2e67a6fd04c169c4bdef102d0bc5d31b2546345219e348575eb80e9a0?s=96&d=mm&r=g\",\"url\":\"https:\\\/\\\/secure.gravatar.com\\\/avatar\\\/37d968a2e67a6fd04c169c4bdef102d0bc5d31b2546345219e348575eb80e9a0?s=96&d=mm&r=g\",\"contentUrl\":\"https:\\\/\\\/secure.gravatar.com\\\/avatar\\\/37d968a2e67a6fd04c169c4bdef102d0bc5d31b2546345219e348575eb80e9a0?s=96&d=mm&r=g\",\"caption\":\"redazione\"},\"sameAs\":[\"http:\\\/\\\/www.bellunopress.it\",\"https:\\\/\\\/x.com\\\/bellunopress\"],\"url\":\"https:\\\/\\\/www.bellunopress.it\\\/fr\\\/author\\\/redazione\\\/\"}]}<\/script>\n<!-- \/ Yoast SEO plugin. -->","yoast_head_json":{"title":"Serata dedicata ai Parchi Nazionali del Gran Paradiso e d\u2019Abruzzo, Lazio e Molise. Venerd\u00ec 23 settembre alle 18 in Sala Bianchi a Belluno - Bellunopress - Dolomiti","robots":{"index":"index","follow":"follow","max-snippet":"max-snippet:-1","max-image-preview":"max-image-preview:large","max-video-preview":"max-video-preview:-1"},"canonical":"https:\/\/www.bellunopress.it\/fr\/2022\/09\/18\/serata-dedicata-ai-parchi-nazionali-del-gran-paradiso-e-dabruzzo-lazio-e-molise-venerdi-23-settembre-alle-18-in-sala-bianchi-a-belluno\/","og_locale":"fr_FR","og_type":"article","og_title":"Serata dedicata ai Parchi Nazionali del Gran Paradiso e d\u2019Abruzzo, Lazio e Molise. Venerd\u00ec 23 settembre alle 18 in Sala Bianchi a Belluno - Bellunopress - Dolomiti","og_description":"Un secolo fa, nel 1922, venivano istituiti i primi due Parchi Nazionali italiani: quello del Gran Paradiso e quello d\u2019Abruzzo; un evento di portata storica, grazie al quale anche in Italia si recepiva la grande idea, nata negli Stati Uniti d\u2019America nel 1872 con l\u2019istituzione del Parco di Yellowstone, di proteggere porzioni rilevanti di territorio [&hellip;]","og_url":"https:\/\/www.bellunopress.it\/fr\/2022\/09\/18\/serata-dedicata-ai-parchi-nazionali-del-gran-paradiso-e-dabruzzo-lazio-e-molise-venerdi-23-settembre-alle-18-in-sala-bianchi-a-belluno\/","og_site_name":"Bellunopress - Dolomiti","article_publisher":"https:\/\/www.facebook.com\/profile.php?id=100008943462799","article_published_time":"2022-09-18T07:04:23+00:00","og_image":[{"width":900,"height":600,"url":"https:\/\/www.bellunopress.it\/wp-content\/uploads\/2020\/03\/sala-bianchi-belluno.jpg","type":"image\/jpeg"}],"author":"redazione","twitter_card":"summary_large_image","twitter_creator":"@bellunopress","twitter_site":"@bellunopress","twitter_misc":{"\u00c9crit par":"redazione","Dur\u00e9e de lecture estim\u00e9e":"3 minutes"},"schema":{"@context":"https:\/\/schema.org","@graph":[{"@type":"Article","@id":"https:\/\/www.bellunopress.it\/2022\/09\/18\/serata-dedicata-ai-parchi-nazionali-del-gran-paradiso-e-dabruzzo-lazio-e-molise-venerdi-23-settembre-alle-18-in-sala-bianchi-a-belluno\/#article","isPartOf":{"@id":"https:\/\/www.bellunopress.it\/2022\/09\/18\/serata-dedicata-ai-parchi-nazionali-del-gran-paradiso-e-dabruzzo-lazio-e-molise-venerdi-23-settembre-alle-18-in-sala-bianchi-a-belluno\/"},"author":{"name":"redazione","@id":"https:\/\/www.bellunopress.it\/#\/schema\/person\/79bb06722b37ece1c03d3e94beb30d73"},"headline":"Serata dedicata ai Parchi Nazionali del Gran Paradiso e d\u2019Abruzzo, Lazio e Molise. Venerd\u00ec 23 settembre alle 18 in Sala Bianchi a Belluno","datePublished":"2022-09-18T07:04:23+00:00","mainEntityOfPage":{"@id":"https:\/\/www.bellunopress.it\/2022\/09\/18\/serata-dedicata-ai-parchi-nazionali-del-gran-paradiso-e-dabruzzo-lazio-e-molise-venerdi-23-settembre-alle-18-in-sala-bianchi-a-belluno\/"},"wordCount":409,"publisher":{"@id":"https:\/\/www.bellunopress.it\/#organization"},"image":{"@id":"https:\/\/www.bellunopress.it\/2022\/09\/18\/serata-dedicata-ai-parchi-nazionali-del-gran-paradiso-e-dabruzzo-lazio-e-molise-venerdi-23-settembre-alle-18-in-sala-bianchi-a-belluno\/#primaryimage"},"thumbnailUrl":"https:\/\/www.bellunopress.it\/wp-content\/uploads\/2020\/03\/sala-bianchi-belluno.jpg","articleSection":["Appuntamenti, Eventi","Pausa Caff\u00e8","Societ\u00e0, Associazioni, Istituzioni"],"inLanguage":"fr-FR"},{"@type":"WebPage","@id":"https:\/\/www.bellunopress.it\/2022\/09\/18\/serata-dedicata-ai-parchi-nazionali-del-gran-paradiso-e-dabruzzo-lazio-e-molise-venerdi-23-settembre-alle-18-in-sala-bianchi-a-belluno\/","url":"https:\/\/www.bellunopress.it\/2022\/09\/18\/serata-dedicata-ai-parchi-nazionali-del-gran-paradiso-e-dabruzzo-lazio-e-molise-venerdi-23-settembre-alle-18-in-sala-bianchi-a-belluno\/","name":"Serata dedicata ai Parchi Nazionali del Gran Paradiso e d\u2019Abruzzo, Lazio e Molise. Venerd\u00ec 23 settembre alle 18 in Sala Bianchi a Belluno - Bellunopress - Dolomiti","isPartOf":{"@id":"https:\/\/www.bellunopress.it\/#website"},"primaryImageOfPage":{"@id":"https:\/\/www.bellunopress.it\/2022\/09\/18\/serata-dedicata-ai-parchi-nazionali-del-gran-paradiso-e-dabruzzo-lazio-e-molise-venerdi-23-settembre-alle-18-in-sala-bianchi-a-belluno\/#primaryimage"},"image":{"@id":"https:\/\/www.bellunopress.it\/2022\/09\/18\/serata-dedicata-ai-parchi-nazionali-del-gran-paradiso-e-dabruzzo-lazio-e-molise-venerdi-23-settembre-alle-18-in-sala-bianchi-a-belluno\/#primaryimage"},"thumbnailUrl":"https:\/\/www.bellunopress.it\/wp-content\/uploads\/2020\/03\/sala-bianchi-belluno.jpg","datePublished":"2022-09-18T07:04:23+00:00","breadcrumb":{"@id":"https:\/\/www.bellunopress.it\/2022\/09\/18\/serata-dedicata-ai-parchi-nazionali-del-gran-paradiso-e-dabruzzo-lazio-e-molise-venerdi-23-settembre-alle-18-in-sala-bianchi-a-belluno\/#breadcrumb"},"inLanguage":"fr-FR","potentialAction":[{"@type":"ReadAction","target":["https:\/\/www.bellunopress.it\/2022\/09\/18\/serata-dedicata-ai-parchi-nazionali-del-gran-paradiso-e-dabruzzo-lazio-e-molise-venerdi-23-settembre-alle-18-in-sala-bianchi-a-belluno\/"]}]},{"@type":"ImageObject","inLanguage":"fr-FR","@id":"https:\/\/www.bellunopress.it\/2022\/09\/18\/serata-dedicata-ai-parchi-nazionali-del-gran-paradiso-e-dabruzzo-lazio-e-molise-venerdi-23-settembre-alle-18-in-sala-bianchi-a-belluno\/#primaryimage","url":"https:\/\/www.bellunopress.it\/wp-content\/uploads\/2020\/03\/sala-bianchi-belluno.jpg","contentUrl":"https:\/\/www.bellunopress.it\/wp-content\/uploads\/2020\/03\/sala-bianchi-belluno.jpg","width":900,"height":600,"caption":"Sala Bianchi - Belluno"},{"@type":"BreadcrumbList","@id":"https:\/\/www.bellunopress.it\/2022\/09\/18\/serata-dedicata-ai-parchi-nazionali-del-gran-paradiso-e-dabruzzo-lazio-e-molise-venerdi-23-settembre-alle-18-in-sala-bianchi-a-belluno\/#breadcrumb","itemListElement":[{"@type":"ListItem","position":1,"name":"Home","item":"https:\/\/www.bellunopress.it\/"},{"@type":"ListItem","position":2,"name":"Serata dedicata ai Parchi Nazionali del Gran Paradiso e d\u2019Abruzzo, Lazio e Molise. Venerd\u00ec 23 settembre alle 18 in Sala Bianchi a Belluno"}]},{"@type":"WebSite","@id":"https:\/\/www.bellunopress.it\/#website","url":"https:\/\/www.bellunopress.it\/","name":"Bellunopress - Dolomiti","description":"e-mail: redazione@bellunopress.it","publisher":{"@id":"https:\/\/www.bellunopress.it\/#organization"},"potentialAction":[{"@type":"SearchAction","target":{"@type":"EntryPoint","urlTemplate":"https:\/\/www.bellunopress.it\/?s={search_term_string}"},"query-input":{"@type":"PropertyValueSpecification","valueRequired":true,"valueName":"search_term_string"}}],"inLanguage":"fr-FR"},{"@type":"Organization","@id":"https:\/\/www.bellunopress.it\/#organization","name":"Bellunopress","url":"https:\/\/www.bellunopress.it\/","logo":{"@type":"ImageObject","inLanguage":"fr-FR","@id":"https:\/\/www.bellunopress.it\/#\/schema\/logo\/image\/","url":"https:\/\/www.bellunopress.it\/wp-content\/uploads\/2011\/05\/cropped-logo-bellunopress-.jpg","contentUrl":"https:\/\/www.bellunopress.it\/wp-content\/uploads\/2011\/05\/cropped-logo-bellunopress-.jpg","width":512,"height":512,"caption":"Bellunopress"},"image":{"@id":"https:\/\/www.bellunopress.it\/#\/schema\/logo\/image\/"},"sameAs":["https:\/\/www.facebook.com\/profile.php?id=100008943462799","https:\/\/x.com\/bellunopress","https:\/\/www.linkedin.com\/hp\/?dnr=JBzUWaJfMUw8vbXJJ2tVW5-I3jZKvC4wsoxE&amp;amp;amp;amp;amp;amp;trk=nav_responsive_tab_home","https:\/\/www.youtube.com\/channel\/UCxL0wu1uN0_3_7hGG0306cw"]},{"@type":"Person","@id":"https:\/\/www.bellunopress.it\/#\/schema\/person\/79bb06722b37ece1c03d3e94beb30d73","name":"r\u00e9daction","image":{"@type":"ImageObject","inLanguage":"fr-FR","@id":"https:\/\/secure.gravatar.com\/avatar\/37d968a2e67a6fd04c169c4bdef102d0bc5d31b2546345219e348575eb80e9a0?s=96&d=mm&r=g","url":"https:\/\/secure.gravatar.com\/avatar\/37d968a2e67a6fd04c169c4bdef102d0bc5d31b2546345219e348575eb80e9a0?s=96&d=mm&r=g","contentUrl":"https:\/\/secure.gravatar.com\/avatar\/37d968a2e67a6fd04c169c4bdef102d0bc5d31b2546345219e348575eb80e9a0?s=96&d=mm&r=g","caption":"redazione"},"sameAs":["http:\/\/www.bellunopress.it","https:\/\/x.com\/bellunopress"],"url":"https:\/\/www.bellunopress.it\/fr\/author\/redazione\/"}]}},"_links":{"self":[{"href":"https:\/\/www.bellunopress.it\/fr\/wp-json\/wp\/v2\/posts\/136441","targetHints":{"allow":["GET"]}}],"collection":[{"href":"https:\/\/www.bellunopress.it\/fr\/wp-json\/wp\/v2\/posts"}],"about":[{"href":"https:\/\/www.bellunopress.it\/fr\/wp-json\/wp\/v2\/types\/post"}],"author":[{"embeddable":true,"href":"https:\/\/www.bellunopress.it\/fr\/wp-json\/wp\/v2\/users\/2"}],"replies":[{"embeddable":true,"href":"https:\/\/www.bellunopress.it\/fr\/wp-json\/wp\/v2\/comments?post=136441"}],"version-history":[{"count":1,"href":"https:\/\/www.bellunopress.it\/fr\/wp-json\/wp\/v2\/posts\/136441\/revisions"}],"predecessor-version":[{"id":136442,"href":"https:\/\/www.bellunopress.it\/fr\/wp-json\/wp\/v2\/posts\/136441\/revisions\/136442"}],"wp:featuredmedia":[{"embeddable":true,"href":"https:\/\/www.bellunopress.it\/fr\/wp-json\/wp\/v2\/media\/112653"}],"wp:attachment":[{"href":"https:\/\/www.bellunopress.it\/fr\/wp-json\/wp\/v2\/media?parent=136441"}],"wp:term":[{"taxonomy":"category","embeddable":true,"href":"https:\/\/www.bellunopress.it\/fr\/wp-json\/wp\/v2\/categories?post=136441"},{"taxonomy":"post_tag","embeddable":true,"href":"https:\/\/www.bellunopress.it\/fr\/wp-json\/wp\/v2\/tags?post=136441"}],"curies":[{"name":"wp","href":"https:\/\/api.w.org\/{rel}","templated":true}]}}