{"id":136406,"date":"2022-09-14T07:38:53","date_gmt":"2022-09-14T05:38:53","guid":{"rendered":"https:\/\/www.bellunopress.it\/?p=136406"},"modified":"2022-09-14T13:42:10","modified_gmt":"2022-09-14T11:42:10","slug":"iscrizione-alla-camera-di-commercio-a-cosa-serve-e-quanto-costa","status":"publish","type":"post","link":"https:\/\/www.bellunopress.it\/fr\/2022\/09\/14\/iscrizione-alla-camera-di-commercio-a-cosa-serve-e-quanto-costa\/","title":{"rendered":"Iscrizione alla Camera di Commercio: a cosa serve e quanto costa?"},"content":{"rendered":"<p><img loading=\"lazy\" decoding=\"async\" class=\"alignleft size-full wp-image-112979\" src=\"https:\/\/www.bellunopress.it\/wp-content\/uploads\/2020\/03\/lavoro.jpg\" alt=\"\" width=\"524\" height=\"720\" srcset=\"https:\/\/www.bellunopress.it\/wp-content\/uploads\/2020\/03\/lavoro.jpg 524w, https:\/\/www.bellunopress.it\/wp-content\/uploads\/2020\/03\/lavoro-364x500.jpg 364w, https:\/\/www.bellunopress.it\/wp-content\/uploads\/2020\/03\/lavoro-306x420.jpg 306w\" sizes=\"auto, (max-width: 524px) 100vw, 524px\" \/>Come funziona l\u2019iscrizione alla Camera di Commercio? Per quale motivo alcuni professionisti devono farla?<\/p>\n<p>Spesso la questione relativa all\u2019iscrizione genera innumerevoli dubbi, ma non devi preoccuparti! Infatti, ti baster\u00e0 avere a disposizione una serie di informazioni per capire come operare.<\/p>\n<p>Ovviamente, creare un\u2019attivit\u00e0 da zero non sar\u00e0 semplice, ma \u00e8 anche una sfida emozionante. Tuttavia, prima di arrivare a questo punto, devi sottostare ad alcune incombenze burocratiche come, per l\u2019appunto, l\u2019iscrizione alla Camera di Commercio.<\/p>\n<p>Per fare tutto ci\u00f2 ti consigliamo di essere seguito da un commercialista o da un consulente fiscale, come uno del team di <a href=\"https:\/\/www.fiscozen.it\">Fiscozen<\/a>, che ti aiuti a trovare le alternative pi\u00f9 convenienti per te, al fine di lanciare la tua attivit\u00e0. Con loro avrai anche la possibilit\u00e0 di effettuare una consulenza gratuita e senza impegno, per trovare le risposte ad ogni tuo dubbio.<\/p>\n<p>&nbsp;<\/p>\n<p><strong>Perch\u00e9 iscriversi alla Camera di Commercio?<\/strong><\/p>\n<p>Una delle prime domande che sorge tra coloro che devono effettuare l\u2019iscrizione alla Camera di Commercio \u00e8 \u201cperch\u00e9?\u201d.<\/p>\n<p>Nonostante questa affermazione faccia un po\u2019 ridere in una fase iniziale, non per tutti \u00e8 chiaro per quale motivo alcune persone sono obbligate a procedere con l\u2019iscrizione alla Camera di Commercio, mentre altre no.<\/p>\n<p>Ebbene, andiamo a capire subito chi sono coloro che hanno questo obbligo, in modo da capire fin da subito come operare.<\/p>\n<p>Dunque, la Camera di Commercio, chiamata anche Camera di Commercio Industria Artigianato e Agricoltura (CCIAA) \u00e8 l\u2019ente di riferimento per tutte le imprese, siano esse ditte individuali oppure no che si occupano di:<\/p>\n<ul>\n<li>Produzione di beni o servizi<\/li>\n<li>Attivit\u00e0 bancarie o assicurative<\/li>\n<li>Trasporti<\/li>\n<li>Artigianato e commercio<\/li>\n<\/ul>\n<p>Se rientri in una di queste attivit\u00e0 ed hai deciso di metterti in proprio dovrai fare due cose:<\/p>\n<ul>\n<li>Costituire una nuova impresa<\/li>\n<li>Accedere al Registro delle Imprese gestito direttamente dalla Camera di Commercio<\/li>\n<\/ul>\n<p>&nbsp;<\/p>\n<p><strong>Quanto costa l\u2019iscrizione alla Camera di Commercio?<\/strong><\/p>\n<p>Ora che abbiamo capito cos\u2019\u00e8 la Camera di Commercio e per quali ragioni \u00e8 necessaria l\u2019iscrizione, andiamo a capire di quali costi stiamo parlando.<\/p>\n<p>Tuttavia, non possiamo fornire un\u2019unica risposta a questa domanda. Infatti, il costo dell\u2019iscrizione alla Camera di Commercio varia a seconda della tipologia di impresa che si intende aprire.<\/p>\n<p>Il costo pi\u00f9 basso \u00e8 quello destinato alle <a href=\"https:\/\/www.fiscozen.it\/guide\/aprire-ditta-individuale\/\">ditte individuali<\/a> iscritte nella sezione speciale, che pagheranno 44\u20ac all\u2019atto di iscrizione. Tuttavia, possiamo arrivare anche a 100\u20ac per le societ\u00e0 di persone o di capitali e 200\u20ac per le imprese individuali pi\u00f9 grandi, inserite nella sezione ordinaria.<\/p>\n<p>Oltre alla quota appena menzionata, chiamata diritto camerale, l\u2019impresa dovr\u00e0 pagare anche:<\/p>\n<ul>\n<li>Diritti di segreteria, che vanno da 18\u20ac a 90\u20ac in base alla tua attivit\u00e0<\/li>\n<li>Imposta di bollo, che varia dai 17,50\u20ac fino ai 65\u20ac<\/li>\n<\/ul>\n<p>Se non sai come procedere esattamente non devi preoccuparti, in quanto potrai affidarti alla consulenza di un esperto fiscale, che ti aiuter\u00e0 ad identificare le soluzioni migliori per il tuo caso specifico.<\/p>","protected":false},"excerpt":{"rendered":"<p>Come funziona l\u2019iscrizione alla Camera di Commercio? Per quale motivo alcuni professionisti devono farla? Spesso la questione relativa all\u2019iscrizione genera innumerevoli dubbi, ma non devi preoccuparti! Infatti, ti baster\u00e0 avere a disposizione una serie di informazioni per capire come operare. Ovviamente, creare un\u2019attivit\u00e0 da zero non sar\u00e0 semplice, ma \u00e8 anche una sfida emozionante. Tuttavia, [&hellip;]<\/p>\n","protected":false},"author":2,"featured_media":112979,"comment_status":"closed","ping_status":"open","sticky":false,"template":"","format":"standard","meta":{"footnotes":""},"categories":[36],"tags":[],"class_list":["post-136406","post","type-post","status-publish","format-standard","has-post-thumbnail","category-lavoro-economia"],"yoast_head":"<!-- This site is optimized with the Yoast SEO plugin v28.4 - https:\/\/yoast.com\/product\/yoast-seo-wordpress\/ -->\n<title>Iscrizione alla Camera di Commercio: a cosa serve e quanto costa? - Bellunopress - Dolomiti<\/title>\n<meta name=\"robots\" content=\"index, follow, max-snippet:-1, max-image-preview:large, max-video-preview:-1\" \/>\n<link rel=\"canonical\" href=\"https:\/\/www.bellunopress.it\/fr\/2022\/09\/14\/iscrizione-alla-camera-di-commercio-a-cosa-serve-e-quanto-costa\/\" \/>\n<meta property=\"og:locale\" content=\"fr_FR\" \/>\n<meta property=\"og:type\" content=\"article\" \/>\n<meta property=\"og:title\" content=\"Iscrizione alla Camera di Commercio: a cosa serve e quanto costa? - Bellunopress - Dolomiti\" \/>\n<meta property=\"og:description\" content=\"Come funziona l\u2019iscrizione alla Camera di Commercio? Per quale motivo alcuni professionisti devono farla? Spesso la questione relativa all\u2019iscrizione genera innumerevoli dubbi, ma non devi preoccuparti! Infatti, ti baster\u00e0 avere a disposizione una serie di informazioni per capire come operare. Ovviamente, creare un\u2019attivit\u00e0 da zero non sar\u00e0 semplice, ma \u00e8 anche una sfida emozionante. Tuttavia, [&hellip;]\" \/>\n<meta property=\"og:url\" content=\"https:\/\/www.bellunopress.it\/fr\/2022\/09\/14\/iscrizione-alla-camera-di-commercio-a-cosa-serve-e-quanto-costa\/\" \/>\n<meta property=\"og:site_name\" content=\"Bellunopress - Dolomiti\" \/>\n<meta property=\"article:publisher\" content=\"https:\/\/www.facebook.com\/profile.php?id=100008943462799\" \/>\n<meta property=\"article:published_time\" content=\"2022-09-14T05:38:53+00:00\" \/>\n<meta property=\"article:modified_time\" content=\"2022-09-14T11:42:10+00:00\" \/>\n<meta property=\"og:image\" content=\"https:\/\/www.bellunopress.it\/wp-content\/uploads\/2020\/03\/lavoro.jpg\" \/>\n\t<meta property=\"og:image:width\" content=\"524\" \/>\n\t<meta property=\"og:image:height\" content=\"720\" \/>\n\t<meta property=\"og:image:type\" content=\"image\/jpeg\" \/>\n<meta name=\"author\" content=\"redazione\" \/>\n<meta name=\"twitter:card\" content=\"summary_large_image\" \/>\n<meta name=\"twitter:creator\" content=\"@bellunopress\" \/>\n<meta name=\"twitter:site\" content=\"@bellunopress\" \/>\n<meta name=\"twitter:label1\" content=\"\u00c9crit par\" \/>\n\t<meta name=\"twitter:data1\" content=\"redazione\" \/>\n\t<meta name=\"twitter:label2\" content=\"Dur\u00e9e de lecture estim\u00e9e\" \/>\n\t<meta name=\"twitter:data2\" content=\"3 minutes\" \/>\n<script type=\"application\/ld+json\" class=\"yoast-schema-graph\">{\"@context\":\"https:\\\/\\\/schema.org\",\"@graph\":[{\"@type\":\"Article\",\"@id\":\"https:\\\/\\\/www.bellunopress.it\\\/2022\\\/09\\\/14\\\/iscrizione-alla-camera-di-commercio-a-cosa-serve-e-quanto-costa\\\/#article\",\"isPartOf\":{\"@id\":\"https:\\\/\\\/www.bellunopress.it\\\/2022\\\/09\\\/14\\\/iscrizione-alla-camera-di-commercio-a-cosa-serve-e-quanto-costa\\\/\"},\"author\":{\"name\":\"redazione\",\"@id\":\"https:\\\/\\\/www.bellunopress.it\\\/#\\\/schema\\\/person\\\/79bb06722b37ece1c03d3e94beb30d73\"},\"headline\":\"Iscrizione alla Camera di Commercio: a cosa serve e quanto costa?\",\"datePublished\":\"2022-09-14T05:38:53+00:00\",\"dateModified\":\"2022-09-14T11:42:10+00:00\",\"mainEntityOfPage\":{\"@id\":\"https:\\\/\\\/www.bellunopress.it\\\/2022\\\/09\\\/14\\\/iscrizione-alla-camera-di-commercio-a-cosa-serve-e-quanto-costa\\\/\"},\"wordCount\":483,\"publisher\":{\"@id\":\"https:\\\/\\\/www.bellunopress.it\\\/#organization\"},\"image\":{\"@id\":\"https:\\\/\\\/www.bellunopress.it\\\/2022\\\/09\\\/14\\\/iscrizione-alla-camera-di-commercio-a-cosa-serve-e-quanto-costa\\\/#primaryimage\"},\"thumbnailUrl\":\"https:\\\/\\\/www.bellunopress.it\\\/wp-content\\\/uploads\\\/2020\\\/03\\\/lavoro.jpg\",\"articleSection\":[\"Lavoro, Economia, Turismo\"],\"inLanguage\":\"fr-FR\"},{\"@type\":\"WebPage\",\"@id\":\"https:\\\/\\\/www.bellunopress.it\\\/2022\\\/09\\\/14\\\/iscrizione-alla-camera-di-commercio-a-cosa-serve-e-quanto-costa\\\/\",\"url\":\"https:\\\/\\\/www.bellunopress.it\\\/2022\\\/09\\\/14\\\/iscrizione-alla-camera-di-commercio-a-cosa-serve-e-quanto-costa\\\/\",\"name\":\"Iscrizione alla Camera di Commercio: a cosa serve e quanto costa? - Bellunopress - Dolomiti\",\"isPartOf\":{\"@id\":\"https:\\\/\\\/www.bellunopress.it\\\/#website\"},\"primaryImageOfPage\":{\"@id\":\"https:\\\/\\\/www.bellunopress.it\\\/2022\\\/09\\\/14\\\/iscrizione-alla-camera-di-commercio-a-cosa-serve-e-quanto-costa\\\/#primaryimage\"},\"image\":{\"@id\":\"https:\\\/\\\/www.bellunopress.it\\\/2022\\\/09\\\/14\\\/iscrizione-alla-camera-di-commercio-a-cosa-serve-e-quanto-costa\\\/#primaryimage\"},\"thumbnailUrl\":\"https:\\\/\\\/www.bellunopress.it\\\/wp-content\\\/uploads\\\/2020\\\/03\\\/lavoro.jpg\",\"datePublished\":\"2022-09-14T05:38:53+00:00\",\"dateModified\":\"2022-09-14T11:42:10+00:00\",\"breadcrumb\":{\"@id\":\"https:\\\/\\\/www.bellunopress.it\\\/2022\\\/09\\\/14\\\/iscrizione-alla-camera-di-commercio-a-cosa-serve-e-quanto-costa\\\/#breadcrumb\"},\"inLanguage\":\"fr-FR\",\"potentialAction\":[{\"@type\":\"ReadAction\",\"target\":[\"https:\\\/\\\/www.bellunopress.it\\\/2022\\\/09\\\/14\\\/iscrizione-alla-camera-di-commercio-a-cosa-serve-e-quanto-costa\\\/\"]}]},{\"@type\":\"ImageObject\",\"inLanguage\":\"fr-FR\",\"@id\":\"https:\\\/\\\/www.bellunopress.it\\\/2022\\\/09\\\/14\\\/iscrizione-alla-camera-di-commercio-a-cosa-serve-e-quanto-costa\\\/#primaryimage\",\"url\":\"https:\\\/\\\/www.bellunopress.it\\\/wp-content\\\/uploads\\\/2020\\\/03\\\/lavoro.jpg\",\"contentUrl\":\"https:\\\/\\\/www.bellunopress.it\\\/wp-content\\\/uploads\\\/2020\\\/03\\\/lavoro.jpg\",\"width\":524,\"height\":720},{\"@type\":\"BreadcrumbList\",\"@id\":\"https:\\\/\\\/www.bellunopress.it\\\/2022\\\/09\\\/14\\\/iscrizione-alla-camera-di-commercio-a-cosa-serve-e-quanto-costa\\\/#breadcrumb\",\"itemListElement\":[{\"@type\":\"ListItem\",\"position\":1,\"name\":\"Home\",\"item\":\"https:\\\/\\\/www.bellunopress.it\\\/\"},{\"@type\":\"ListItem\",\"position\":2,\"name\":\"Iscrizione alla Camera di Commercio: a cosa serve e quanto costa?\"}]},{\"@type\":\"WebSite\",\"@id\":\"https:\\\/\\\/www.bellunopress.it\\\/#website\",\"url\":\"https:\\\/\\\/www.bellunopress.it\\\/\",\"name\":\"Bellunopress - Dolomiti\",\"description\":\"e-mail: redazione@bellunopress.it\",\"publisher\":{\"@id\":\"https:\\\/\\\/www.bellunopress.it\\\/#organization\"},\"potentialAction\":[{\"@type\":\"SearchAction\",\"target\":{\"@type\":\"EntryPoint\",\"urlTemplate\":\"https:\\\/\\\/www.bellunopress.it\\\/?s={search_term_string}\"},\"query-input\":{\"@type\":\"PropertyValueSpecification\",\"valueRequired\":true,\"valueName\":\"search_term_string\"}}],\"inLanguage\":\"fr-FR\"},{\"@type\":\"Organization\",\"@id\":\"https:\\\/\\\/www.bellunopress.it\\\/#organization\",\"name\":\"Bellunopress\",\"url\":\"https:\\\/\\\/www.bellunopress.it\\\/\",\"logo\":{\"@type\":\"ImageObject\",\"inLanguage\":\"fr-FR\",\"@id\":\"https:\\\/\\\/www.bellunopress.it\\\/#\\\/schema\\\/logo\\\/image\\\/\",\"url\":\"https:\\\/\\\/www.bellunopress.it\\\/wp-content\\\/uploads\\\/2011\\\/05\\\/cropped-logo-bellunopress-.jpg\",\"contentUrl\":\"https:\\\/\\\/www.bellunopress.it\\\/wp-content\\\/uploads\\\/2011\\\/05\\\/cropped-logo-bellunopress-.jpg\",\"width\":512,\"height\":512,\"caption\":\"Bellunopress\"},\"image\":{\"@id\":\"https:\\\/\\\/www.bellunopress.it\\\/#\\\/schema\\\/logo\\\/image\\\/\"},\"sameAs\":[\"https:\\\/\\\/www.facebook.com\\\/profile.php?id=100008943462799\",\"https:\\\/\\\/x.com\\\/bellunopress\",\"https:\\\/\\\/www.linkedin.com\\\/hp\\\/?dnr=JBzUWaJfMUw8vbXJJ2tVW5-I3jZKvC4wsoxE&amp;amp;amp;amp;amp;amp;trk=nav_responsive_tab_home\",\"https:\\\/\\\/www.youtube.com\\\/channel\\\/UCxL0wu1uN0_3_7hGG0306cw\"]},{\"@type\":\"Person\",\"@id\":\"https:\\\/\\\/www.bellunopress.it\\\/#\\\/schema\\\/person\\\/79bb06722b37ece1c03d3e94beb30d73\",\"name\":\"redazione\",\"image\":{\"@type\":\"ImageObject\",\"inLanguage\":\"fr-FR\",\"@id\":\"https:\\\/\\\/secure.gravatar.com\\\/avatar\\\/37d968a2e67a6fd04c169c4bdef102d0bc5d31b2546345219e348575eb80e9a0?s=96&d=mm&r=g\",\"url\":\"https:\\\/\\\/secure.gravatar.com\\\/avatar\\\/37d968a2e67a6fd04c169c4bdef102d0bc5d31b2546345219e348575eb80e9a0?s=96&d=mm&r=g\",\"contentUrl\":\"https:\\\/\\\/secure.gravatar.com\\\/avatar\\\/37d968a2e67a6fd04c169c4bdef102d0bc5d31b2546345219e348575eb80e9a0?s=96&d=mm&r=g\",\"caption\":\"redazione\"},\"sameAs\":[\"http:\\\/\\\/www.bellunopress.it\",\"https:\\\/\\\/x.com\\\/bellunopress\"],\"url\":\"https:\\\/\\\/www.bellunopress.it\\\/fr\\\/author\\\/redazione\\\/\"}]}<\/script>\n<!-- \/ Yoast SEO plugin. -->","yoast_head_json":{"title":"Iscrizione alla Camera di Commercio: a cosa serve e quanto costa? - Bellunopress - Dolomiti","robots":{"index":"index","follow":"follow","max-snippet":"max-snippet:-1","max-image-preview":"max-image-preview:large","max-video-preview":"max-video-preview:-1"},"canonical":"https:\/\/www.bellunopress.it\/fr\/2022\/09\/14\/iscrizione-alla-camera-di-commercio-a-cosa-serve-e-quanto-costa\/","og_locale":"fr_FR","og_type":"article","og_title":"Iscrizione alla Camera di Commercio: a cosa serve e quanto costa? - Bellunopress - Dolomiti","og_description":"Come funziona l\u2019iscrizione alla Camera di Commercio? Per quale motivo alcuni professionisti devono farla? Spesso la questione relativa all\u2019iscrizione genera innumerevoli dubbi, ma non devi preoccuparti! Infatti, ti baster\u00e0 avere a disposizione una serie di informazioni per capire come operare. Ovviamente, creare un\u2019attivit\u00e0 da zero non sar\u00e0 semplice, ma \u00e8 anche una sfida emozionante. Tuttavia, [&hellip;]","og_url":"https:\/\/www.bellunopress.it\/fr\/2022\/09\/14\/iscrizione-alla-camera-di-commercio-a-cosa-serve-e-quanto-costa\/","og_site_name":"Bellunopress - Dolomiti","article_publisher":"https:\/\/www.facebook.com\/profile.php?id=100008943462799","article_published_time":"2022-09-14T05:38:53+00:00","article_modified_time":"2022-09-14T11:42:10+00:00","og_image":[{"width":524,"height":720,"url":"https:\/\/www.bellunopress.it\/wp-content\/uploads\/2020\/03\/lavoro.jpg","type":"image\/jpeg"}],"author":"redazione","twitter_card":"summary_large_image","twitter_creator":"@bellunopress","twitter_site":"@bellunopress","twitter_misc":{"\u00c9crit par":"redazione","Dur\u00e9e de lecture estim\u00e9e":"3 minutes"},"schema":{"@context":"https:\/\/schema.org","@graph":[{"@type":"Article","@id":"https:\/\/www.bellunopress.it\/2022\/09\/14\/iscrizione-alla-camera-di-commercio-a-cosa-serve-e-quanto-costa\/#article","isPartOf":{"@id":"https:\/\/www.bellunopress.it\/2022\/09\/14\/iscrizione-alla-camera-di-commercio-a-cosa-serve-e-quanto-costa\/"},"author":{"name":"redazione","@id":"https:\/\/www.bellunopress.it\/#\/schema\/person\/79bb06722b37ece1c03d3e94beb30d73"},"headline":"Iscrizione alla Camera di Commercio: a cosa serve e quanto costa?","datePublished":"2022-09-14T05:38:53+00:00","dateModified":"2022-09-14T11:42:10+00:00","mainEntityOfPage":{"@id":"https:\/\/www.bellunopress.it\/2022\/09\/14\/iscrizione-alla-camera-di-commercio-a-cosa-serve-e-quanto-costa\/"},"wordCount":483,"publisher":{"@id":"https:\/\/www.bellunopress.it\/#organization"},"image":{"@id":"https:\/\/www.bellunopress.it\/2022\/09\/14\/iscrizione-alla-camera-di-commercio-a-cosa-serve-e-quanto-costa\/#primaryimage"},"thumbnailUrl":"https:\/\/www.bellunopress.it\/wp-content\/uploads\/2020\/03\/lavoro.jpg","articleSection":["Lavoro, Economia, Turismo"],"inLanguage":"fr-FR"},{"@type":"WebPage","@id":"https:\/\/www.bellunopress.it\/2022\/09\/14\/iscrizione-alla-camera-di-commercio-a-cosa-serve-e-quanto-costa\/","url":"https:\/\/www.bellunopress.it\/2022\/09\/14\/iscrizione-alla-camera-di-commercio-a-cosa-serve-e-quanto-costa\/","name":"Iscrizione alla Camera di Commercio: a cosa serve e quanto costa? - Bellunopress - Dolomiti","isPartOf":{"@id":"https:\/\/www.bellunopress.it\/#website"},"primaryImageOfPage":{"@id":"https:\/\/www.bellunopress.it\/2022\/09\/14\/iscrizione-alla-camera-di-commercio-a-cosa-serve-e-quanto-costa\/#primaryimage"},"image":{"@id":"https:\/\/www.bellunopress.it\/2022\/09\/14\/iscrizione-alla-camera-di-commercio-a-cosa-serve-e-quanto-costa\/#primaryimage"},"thumbnailUrl":"https:\/\/www.bellunopress.it\/wp-content\/uploads\/2020\/03\/lavoro.jpg","datePublished":"2022-09-14T05:38:53+00:00","dateModified":"2022-09-14T11:42:10+00:00","breadcrumb":{"@id":"https:\/\/www.bellunopress.it\/2022\/09\/14\/iscrizione-alla-camera-di-commercio-a-cosa-serve-e-quanto-costa\/#breadcrumb"},"inLanguage":"fr-FR","potentialAction":[{"@type":"ReadAction","target":["https:\/\/www.bellunopress.it\/2022\/09\/14\/iscrizione-alla-camera-di-commercio-a-cosa-serve-e-quanto-costa\/"]}]},{"@type":"ImageObject","inLanguage":"fr-FR","@id":"https:\/\/www.bellunopress.it\/2022\/09\/14\/iscrizione-alla-camera-di-commercio-a-cosa-serve-e-quanto-costa\/#primaryimage","url":"https:\/\/www.bellunopress.it\/wp-content\/uploads\/2020\/03\/lavoro.jpg","contentUrl":"https:\/\/www.bellunopress.it\/wp-content\/uploads\/2020\/03\/lavoro.jpg","width":524,"height":720},{"@type":"BreadcrumbList","@id":"https:\/\/www.bellunopress.it\/2022\/09\/14\/iscrizione-alla-camera-di-commercio-a-cosa-serve-e-quanto-costa\/#breadcrumb","itemListElement":[{"@type":"ListItem","position":1,"name":"Home","item":"https:\/\/www.bellunopress.it\/"},{"@type":"ListItem","position":2,"name":"Iscrizione alla Camera di Commercio: a cosa serve e quanto costa?"}]},{"@type":"WebSite","@id":"https:\/\/www.bellunopress.it\/#website","url":"https:\/\/www.bellunopress.it\/","name":"Bellunopress - Dolomiti","description":"e-mail: redazione@bellunopress.it","publisher":{"@id":"https:\/\/www.bellunopress.it\/#organization"},"potentialAction":[{"@type":"SearchAction","target":{"@type":"EntryPoint","urlTemplate":"https:\/\/www.bellunopress.it\/?s={search_term_string}"},"query-input":{"@type":"PropertyValueSpecification","valueRequired":true,"valueName":"search_term_string"}}],"inLanguage":"fr-FR"},{"@type":"Organization","@id":"https:\/\/www.bellunopress.it\/#organization","name":"Bellunopress","url":"https:\/\/www.bellunopress.it\/","logo":{"@type":"ImageObject","inLanguage":"fr-FR","@id":"https:\/\/www.bellunopress.it\/#\/schema\/logo\/image\/","url":"https:\/\/www.bellunopress.it\/wp-content\/uploads\/2011\/05\/cropped-logo-bellunopress-.jpg","contentUrl":"https:\/\/www.bellunopress.it\/wp-content\/uploads\/2011\/05\/cropped-logo-bellunopress-.jpg","width":512,"height":512,"caption":"Bellunopress"},"image":{"@id":"https:\/\/www.bellunopress.it\/#\/schema\/logo\/image\/"},"sameAs":["https:\/\/www.facebook.com\/profile.php?id=100008943462799","https:\/\/x.com\/bellunopress","https:\/\/www.linkedin.com\/hp\/?dnr=JBzUWaJfMUw8vbXJJ2tVW5-I3jZKvC4wsoxE&amp;amp;amp;amp;amp;amp;trk=nav_responsive_tab_home","https:\/\/www.youtube.com\/channel\/UCxL0wu1uN0_3_7hGG0306cw"]},{"@type":"Person","@id":"https:\/\/www.bellunopress.it\/#\/schema\/person\/79bb06722b37ece1c03d3e94beb30d73","name":"r\u00e9daction","image":{"@type":"ImageObject","inLanguage":"fr-FR","@id":"https:\/\/secure.gravatar.com\/avatar\/37d968a2e67a6fd04c169c4bdef102d0bc5d31b2546345219e348575eb80e9a0?s=96&d=mm&r=g","url":"https:\/\/secure.gravatar.com\/avatar\/37d968a2e67a6fd04c169c4bdef102d0bc5d31b2546345219e348575eb80e9a0?s=96&d=mm&r=g","contentUrl":"https:\/\/secure.gravatar.com\/avatar\/37d968a2e67a6fd04c169c4bdef102d0bc5d31b2546345219e348575eb80e9a0?s=96&d=mm&r=g","caption":"redazione"},"sameAs":["http:\/\/www.bellunopress.it","https:\/\/x.com\/bellunopress"],"url":"https:\/\/www.bellunopress.it\/fr\/author\/redazione\/"}]}},"_links":{"self":[{"href":"https:\/\/www.bellunopress.it\/fr\/wp-json\/wp\/v2\/posts\/136406","targetHints":{"allow":["GET"]}}],"collection":[{"href":"https:\/\/www.bellunopress.it\/fr\/wp-json\/wp\/v2\/posts"}],"about":[{"href":"https:\/\/www.bellunopress.it\/fr\/wp-json\/wp\/v2\/types\/post"}],"author":[{"embeddable":true,"href":"https:\/\/www.bellunopress.it\/fr\/wp-json\/wp\/v2\/users\/2"}],"replies":[{"embeddable":true,"href":"https:\/\/www.bellunopress.it\/fr\/wp-json\/wp\/v2\/comments?post=136406"}],"version-history":[{"count":1,"href":"https:\/\/www.bellunopress.it\/fr\/wp-json\/wp\/v2\/posts\/136406\/revisions"}],"predecessor-version":[{"id":136407,"href":"https:\/\/www.bellunopress.it\/fr\/wp-json\/wp\/v2\/posts\/136406\/revisions\/136407"}],"wp:featuredmedia":[{"embeddable":true,"href":"https:\/\/www.bellunopress.it\/fr\/wp-json\/wp\/v2\/media\/112979"}],"wp:attachment":[{"href":"https:\/\/www.bellunopress.it\/fr\/wp-json\/wp\/v2\/media?parent=136406"}],"wp:term":[{"taxonomy":"category","embeddable":true,"href":"https:\/\/www.bellunopress.it\/fr\/wp-json\/wp\/v2\/categories?post=136406"},{"taxonomy":"post_tag","embeddable":true,"href":"https:\/\/www.bellunopress.it\/fr\/wp-json\/wp\/v2\/tags?post=136406"}],"curies":[{"name":"wp","href":"https:\/\/api.w.org\/{rel}","templated":true}]}}