{"id":136391,"date":"2022-09-13T19:36:04","date_gmt":"2022-09-13T17:36:04","guid":{"rendered":"https:\/\/www.bellunopress.it\/?p=136391"},"modified":"2022-09-13T19:36:04","modified_gmt":"2022-09-13T17:36:04","slug":"caro-energia-palaghiaccio-chiusi-ad-alleghe-e-a-pieve-di-cadore-de-carlo-rivedere-le-priorita-socialita-e-salute-dei-ragazzi-vanno-prima-di-tutto","status":"publish","type":"post","link":"https:\/\/www.bellunopress.it\/fr\/2022\/09\/13\/caro-energia-palaghiaccio-chiusi-ad-alleghe-e-a-pieve-di-cadore-de-carlo-rivedere-le-priorita-socialita-e-salute-dei-ragazzi-vanno-prima-di-tutto\/","title":{"rendered":"Caro-energia, palaghiaccio chiusi ad Alleghe e a Pieve di Cadore. De Carlo: &#8220;Rivedere le priorit\u00e0: socialit\u00e0 e salute dei ragazzi vanno prima di tutto&#8221;"},"content":{"rendered":"<figure id=\"attachment_120581\" aria-describedby=\"caption-attachment-120581\" style=\"width: 473px\" class=\"wp-caption alignleft\"><img loading=\"lazy\" decoding=\"async\" class=\"size-full wp-image-120581\" src=\"https:\/\/www.bellunopress.it\/wp-content\/uploads\/2021\/01\/Luca-De-Carlo_edited.jpg\" alt=\"\" width=\"473\" height=\"330\" srcset=\"https:\/\/www.bellunopress.it\/wp-content\/uploads\/2021\/01\/Luca-De-Carlo_edited.jpg 473w, https:\/\/www.bellunopress.it\/wp-content\/uploads\/2021\/01\/Luca-De-Carlo_edited-100x70.jpg 100w\" sizes=\"auto, (max-width: 473px) 100vw, 473px\" \/><figcaption id=\"caption-attachment-120581\" class=\"wp-caption-text\">Luca De Carlo, senatore<\/figcaption><\/figure>\n<p>Il caro-energia sta mettendo in ginocchio famiglie ed imprese, ma anche le pubbliche amministrazioni: lo dimostrano le recentissime chiusure dei palaghiaccio di Alleghe e di Pieve di Cadore, dove le bollette sono schizzate alle stelle.<\/p>\n<p>Sulla questione interviene il senatore Luca De Carlo, candidato all&#8217;uninominale al Senato: &#8220;Da sindaco, comprendo la difficolt\u00e0 dei colleghi che si sono trovati di fronte a rincari inimmaginabili e insostenibili; politicamente, credo che sia necessario rivedere le priorit\u00e0: perch\u00e9 investire in strutture dedicate a sport poco praticati, e difficilmente praticabili, anzich\u00e9 sostenere impianti che garantiscono a migliaia di atleti, di semplici appassionati e soprattutto di giovani, occasioni per socializzare e per svolgere attivit\u00e0 fisica? I ragazzi in particolar modo hanno pagato un prezzo durissimo in questi due anni di pandemia, e togliere loro questa occasione di socialit\u00e0 \u00e8 ingiusto e pericoloso, dal punto di vista psicologico e della salute. Certo, c&#8217;\u00e8 da lavorare per razionalizzare e contenere le spese, ma i cittadini non capiscono perch\u00e9, se si trovano le risorse pubbliche per pensare a strutture sportive dall&#8217;utilizzo limitato nel tempo e nel numero di fruitori, non si possano invece trovare per dare continuit\u00e0 ad impianti che non solo vengono utilizzati da un numero maggiore di persone, ma che svolgono anche un importante ruolo sociale per i nostri giovani&#8221;.<\/p>","protected":false},"excerpt":{"rendered":"<p>Il caro-energia sta mettendo in ginocchio famiglie ed imprese, ma anche le pubbliche amministrazioni: lo dimostrano le recentissime chiusure dei palaghiaccio di Alleghe e di Pieve di Cadore, dove le bollette sono schizzate alle stelle. Sulla questione interviene il senatore Luca De Carlo, candidato all&#8217;uninominale al Senato: &#8220;Da sindaco, comprendo la difficolt\u00e0 dei colleghi che [&hellip;]<\/p>\n","protected":false},"author":2,"featured_media":120581,"comment_status":"closed","ping_status":"open","sticky":false,"template":"","format":"standard","meta":{"footnotes":""},"categories":[5,26,4],"tags":[],"class_list":["post-136391","post","type-post","status-publish","format-standard","has-post-thumbnail","category-cronaca","category-prima-pagina","category-sport"],"yoast_head":"<!-- This site is optimized with the Yoast SEO plugin v28.4 - https:\/\/yoast.com\/product\/yoast-seo-wordpress\/ -->\n<title>Caro-energia, palaghiaccio chiusi ad Alleghe e a Pieve di Cadore. De Carlo: &quot;Rivedere le priorit\u00e0: socialit\u00e0 e salute dei ragazzi vanno prima di tutto&quot; - Bellunopress - Dolomiti<\/title>\n<meta name=\"robots\" content=\"index, follow, max-snippet:-1, max-image-preview:large, max-video-preview:-1\" \/>\n<link rel=\"canonical\" href=\"https:\/\/www.bellunopress.it\/fr\/2022\/09\/13\/caro-energia-palaghiaccio-chiusi-ad-alleghe-e-a-pieve-di-cadore-de-carlo-rivedere-le-priorita-socialita-e-salute-dei-ragazzi-vanno-prima-di-tutto\/\" \/>\n<meta property=\"og:locale\" content=\"fr_FR\" \/>\n<meta property=\"og:type\" content=\"article\" \/>\n<meta property=\"og:title\" content=\"Caro-energia, palaghiaccio chiusi ad Alleghe e a Pieve di Cadore. De Carlo: &quot;Rivedere le priorit\u00e0: socialit\u00e0 e salute dei ragazzi vanno prima di tutto&quot; - Bellunopress - Dolomiti\" \/>\n<meta property=\"og:description\" content=\"Il caro-energia sta mettendo in ginocchio famiglie ed imprese, ma anche le pubbliche amministrazioni: lo dimostrano le recentissime chiusure dei palaghiaccio di Alleghe e di Pieve di Cadore, dove le bollette sono schizzate alle stelle. Sulla questione interviene il senatore Luca De Carlo, candidato all&#8217;uninominale al Senato: &#8220;Da sindaco, comprendo la difficolt\u00e0 dei colleghi che [&hellip;]\" \/>\n<meta property=\"og:url\" content=\"https:\/\/www.bellunopress.it\/fr\/2022\/09\/13\/caro-energia-palaghiaccio-chiusi-ad-alleghe-e-a-pieve-di-cadore-de-carlo-rivedere-le-priorita-socialita-e-salute-dei-ragazzi-vanno-prima-di-tutto\/\" \/>\n<meta property=\"og:site_name\" content=\"Bellunopress - Dolomiti\" \/>\n<meta property=\"article:publisher\" content=\"https:\/\/www.facebook.com\/profile.php?id=100008943462799\" \/>\n<meta property=\"article:published_time\" content=\"2022-09-13T17:36:04+00:00\" \/>\n<meta property=\"og:image\" content=\"https:\/\/www.bellunopress.it\/wp-content\/uploads\/2021\/01\/Luca-De-Carlo_edited.jpg\" \/>\n\t<meta property=\"og:image:width\" content=\"473\" \/>\n\t<meta property=\"og:image:height\" content=\"330\" \/>\n\t<meta property=\"og:image:type\" content=\"image\/jpeg\" \/>\n<meta name=\"author\" content=\"redazione\" \/>\n<meta name=\"twitter:card\" content=\"summary_large_image\" \/>\n<meta name=\"twitter:creator\" content=\"@bellunopress\" \/>\n<meta name=\"twitter:site\" content=\"@bellunopress\" \/>\n<meta name=\"twitter:label1\" content=\"\u00c9crit par\" \/>\n\t<meta name=\"twitter:data1\" content=\"redazione\" \/>\n\t<meta name=\"twitter:label2\" content=\"Dur\u00e9e de lecture estim\u00e9e\" \/>\n\t<meta name=\"twitter:data2\" content=\"2 minutes\" \/>\n<script type=\"application\/ld+json\" class=\"yoast-schema-graph\">{\"@context\":\"https:\\\/\\\/schema.org\",\"@graph\":[{\"@type\":\"Article\",\"@id\":\"https:\\\/\\\/www.bellunopress.it\\\/2022\\\/09\\\/13\\\/caro-energia-palaghiaccio-chiusi-ad-alleghe-e-a-pieve-di-cadore-de-carlo-rivedere-le-priorita-socialita-e-salute-dei-ragazzi-vanno-prima-di-tutto\\\/#article\",\"isPartOf\":{\"@id\":\"https:\\\/\\\/www.bellunopress.it\\\/2022\\\/09\\\/13\\\/caro-energia-palaghiaccio-chiusi-ad-alleghe-e-a-pieve-di-cadore-de-carlo-rivedere-le-priorita-socialita-e-salute-dei-ragazzi-vanno-prima-di-tutto\\\/\"},\"author\":{\"name\":\"redazione\",\"@id\":\"https:\\\/\\\/www.bellunopress.it\\\/#\\\/schema\\\/person\\\/79bb06722b37ece1c03d3e94beb30d73\"},\"headline\":\"Caro-energia, palaghiaccio chiusi ad Alleghe e a Pieve di Cadore. De Carlo: &#8220;Rivedere le priorit\u00e0: socialit\u00e0 e salute dei ragazzi vanno prima di tutto&#8221;\",\"datePublished\":\"2022-09-13T17:36:04+00:00\",\"mainEntityOfPage\":{\"@id\":\"https:\\\/\\\/www.bellunopress.it\\\/2022\\\/09\\\/13\\\/caro-energia-palaghiaccio-chiusi-ad-alleghe-e-a-pieve-di-cadore-de-carlo-rivedere-le-priorita-socialita-e-salute-dei-ragazzi-vanno-prima-di-tutto\\\/\"},\"wordCount\":249,\"publisher\":{\"@id\":\"https:\\\/\\\/www.bellunopress.it\\\/#organization\"},\"image\":{\"@id\":\"https:\\\/\\\/www.bellunopress.it\\\/2022\\\/09\\\/13\\\/caro-energia-palaghiaccio-chiusi-ad-alleghe-e-a-pieve-di-cadore-de-carlo-rivedere-le-priorita-socialita-e-salute-dei-ragazzi-vanno-prima-di-tutto\\\/#primaryimage\"},\"thumbnailUrl\":\"https:\\\/\\\/www.bellunopress.it\\\/wp-content\\\/uploads\\\/2021\\\/01\\\/Luca-De-Carlo_edited.jpg\",\"articleSection\":[\"Cronaca\\\/Politica\",\"Prima Pagina\",\"Sport, tempo libero\"],\"inLanguage\":\"fr-FR\"},{\"@type\":\"WebPage\",\"@id\":\"https:\\\/\\\/www.bellunopress.it\\\/2022\\\/09\\\/13\\\/caro-energia-palaghiaccio-chiusi-ad-alleghe-e-a-pieve-di-cadore-de-carlo-rivedere-le-priorita-socialita-e-salute-dei-ragazzi-vanno-prima-di-tutto\\\/\",\"url\":\"https:\\\/\\\/www.bellunopress.it\\\/2022\\\/09\\\/13\\\/caro-energia-palaghiaccio-chiusi-ad-alleghe-e-a-pieve-di-cadore-de-carlo-rivedere-le-priorita-socialita-e-salute-dei-ragazzi-vanno-prima-di-tutto\\\/\",\"name\":\"Caro-energia, palaghiaccio chiusi ad Alleghe e a Pieve di Cadore. De Carlo: \\\"Rivedere le priorit\u00e0: socialit\u00e0 e salute dei ragazzi vanno prima di tutto\\\" - Bellunopress - Dolomiti\",\"isPartOf\":{\"@id\":\"https:\\\/\\\/www.bellunopress.it\\\/#website\"},\"primaryImageOfPage\":{\"@id\":\"https:\\\/\\\/www.bellunopress.it\\\/2022\\\/09\\\/13\\\/caro-energia-palaghiaccio-chiusi-ad-alleghe-e-a-pieve-di-cadore-de-carlo-rivedere-le-priorita-socialita-e-salute-dei-ragazzi-vanno-prima-di-tutto\\\/#primaryimage\"},\"image\":{\"@id\":\"https:\\\/\\\/www.bellunopress.it\\\/2022\\\/09\\\/13\\\/caro-energia-palaghiaccio-chiusi-ad-alleghe-e-a-pieve-di-cadore-de-carlo-rivedere-le-priorita-socialita-e-salute-dei-ragazzi-vanno-prima-di-tutto\\\/#primaryimage\"},\"thumbnailUrl\":\"https:\\\/\\\/www.bellunopress.it\\\/wp-content\\\/uploads\\\/2021\\\/01\\\/Luca-De-Carlo_edited.jpg\",\"datePublished\":\"2022-09-13T17:36:04+00:00\",\"breadcrumb\":{\"@id\":\"https:\\\/\\\/www.bellunopress.it\\\/2022\\\/09\\\/13\\\/caro-energia-palaghiaccio-chiusi-ad-alleghe-e-a-pieve-di-cadore-de-carlo-rivedere-le-priorita-socialita-e-salute-dei-ragazzi-vanno-prima-di-tutto\\\/#breadcrumb\"},\"inLanguage\":\"fr-FR\",\"potentialAction\":[{\"@type\":\"ReadAction\",\"target\":[\"https:\\\/\\\/www.bellunopress.it\\\/2022\\\/09\\\/13\\\/caro-energia-palaghiaccio-chiusi-ad-alleghe-e-a-pieve-di-cadore-de-carlo-rivedere-le-priorita-socialita-e-salute-dei-ragazzi-vanno-prima-di-tutto\\\/\"]}]},{\"@type\":\"ImageObject\",\"inLanguage\":\"fr-FR\",\"@id\":\"https:\\\/\\\/www.bellunopress.it\\\/2022\\\/09\\\/13\\\/caro-energia-palaghiaccio-chiusi-ad-alleghe-e-a-pieve-di-cadore-de-carlo-rivedere-le-priorita-socialita-e-salute-dei-ragazzi-vanno-prima-di-tutto\\\/#primaryimage\",\"url\":\"https:\\\/\\\/www.bellunopress.it\\\/wp-content\\\/uploads\\\/2021\\\/01\\\/Luca-De-Carlo_edited.jpg\",\"contentUrl\":\"https:\\\/\\\/www.bellunopress.it\\\/wp-content\\\/uploads\\\/2021\\\/01\\\/Luca-De-Carlo_edited.jpg\",\"width\":473,\"height\":330,\"caption\":\"Luca De Carlo, senatore\"},{\"@type\":\"BreadcrumbList\",\"@id\":\"https:\\\/\\\/www.bellunopress.it\\\/2022\\\/09\\\/13\\\/caro-energia-palaghiaccio-chiusi-ad-alleghe-e-a-pieve-di-cadore-de-carlo-rivedere-le-priorita-socialita-e-salute-dei-ragazzi-vanno-prima-di-tutto\\\/#breadcrumb\",\"itemListElement\":[{\"@type\":\"ListItem\",\"position\":1,\"name\":\"Home\",\"item\":\"https:\\\/\\\/www.bellunopress.it\\\/\"},{\"@type\":\"ListItem\",\"position\":2,\"name\":\"Caro-energia, palaghiaccio chiusi ad Alleghe e a Pieve di Cadore. De Carlo: &#8220;Rivedere le priorit\u00e0: socialit\u00e0 e salute dei ragazzi vanno prima di tutto&#8221;\"}]},{\"@type\":\"WebSite\",\"@id\":\"https:\\\/\\\/www.bellunopress.it\\\/#website\",\"url\":\"https:\\\/\\\/www.bellunopress.it\\\/\",\"name\":\"Bellunopress - Dolomiti\",\"description\":\"e-mail: redazione@bellunopress.it\",\"publisher\":{\"@id\":\"https:\\\/\\\/www.bellunopress.it\\\/#organization\"},\"potentialAction\":[{\"@type\":\"SearchAction\",\"target\":{\"@type\":\"EntryPoint\",\"urlTemplate\":\"https:\\\/\\\/www.bellunopress.it\\\/?s={search_term_string}\"},\"query-input\":{\"@type\":\"PropertyValueSpecification\",\"valueRequired\":true,\"valueName\":\"search_term_string\"}}],\"inLanguage\":\"fr-FR\"},{\"@type\":\"Organization\",\"@id\":\"https:\\\/\\\/www.bellunopress.it\\\/#organization\",\"name\":\"Bellunopress\",\"url\":\"https:\\\/\\\/www.bellunopress.it\\\/\",\"logo\":{\"@type\":\"ImageObject\",\"inLanguage\":\"fr-FR\",\"@id\":\"https:\\\/\\\/www.bellunopress.it\\\/#\\\/schema\\\/logo\\\/image\\\/\",\"url\":\"https:\\\/\\\/www.bellunopress.it\\\/wp-content\\\/uploads\\\/2011\\\/05\\\/cropped-logo-bellunopress-.jpg\",\"contentUrl\":\"https:\\\/\\\/www.bellunopress.it\\\/wp-content\\\/uploads\\\/2011\\\/05\\\/cropped-logo-bellunopress-.jpg\",\"width\":512,\"height\":512,\"caption\":\"Bellunopress\"},\"image\":{\"@id\":\"https:\\\/\\\/www.bellunopress.it\\\/#\\\/schema\\\/logo\\\/image\\\/\"},\"sameAs\":[\"https:\\\/\\\/www.facebook.com\\\/profile.php?id=100008943462799\",\"https:\\\/\\\/x.com\\\/bellunopress\",\"https:\\\/\\\/www.linkedin.com\\\/hp\\\/?dnr=JBzUWaJfMUw8vbXJJ2tVW5-I3jZKvC4wsoxE&amp;amp;amp;amp;amp;amp;trk=nav_responsive_tab_home\",\"https:\\\/\\\/www.youtube.com\\\/channel\\\/UCxL0wu1uN0_3_7hGG0306cw\"]},{\"@type\":\"Person\",\"@id\":\"https:\\\/\\\/www.bellunopress.it\\\/#\\\/schema\\\/person\\\/79bb06722b37ece1c03d3e94beb30d73\",\"name\":\"redazione\",\"image\":{\"@type\":\"ImageObject\",\"inLanguage\":\"fr-FR\",\"@id\":\"https:\\\/\\\/secure.gravatar.com\\\/avatar\\\/37d968a2e67a6fd04c169c4bdef102d0bc5d31b2546345219e348575eb80e9a0?s=96&d=mm&r=g\",\"url\":\"https:\\\/\\\/secure.gravatar.com\\\/avatar\\\/37d968a2e67a6fd04c169c4bdef102d0bc5d31b2546345219e348575eb80e9a0?s=96&d=mm&r=g\",\"contentUrl\":\"https:\\\/\\\/secure.gravatar.com\\\/avatar\\\/37d968a2e67a6fd04c169c4bdef102d0bc5d31b2546345219e348575eb80e9a0?s=96&d=mm&r=g\",\"caption\":\"redazione\"},\"sameAs\":[\"http:\\\/\\\/www.bellunopress.it\",\"https:\\\/\\\/x.com\\\/bellunopress\"],\"url\":\"https:\\\/\\\/www.bellunopress.it\\\/fr\\\/author\\\/redazione\\\/\"}]}<\/script>\n<!-- \/ Yoast SEO plugin. -->","yoast_head_json":{"title":"Caro-energia, palaghiaccio chiusi ad Alleghe e a Pieve di Cadore. De Carlo: \"Rivedere le priorit\u00e0: socialit\u00e0 e salute dei ragazzi vanno prima di tutto\" - Bellunopress - Dolomiti","robots":{"index":"index","follow":"follow","max-snippet":"max-snippet:-1","max-image-preview":"max-image-preview:large","max-video-preview":"max-video-preview:-1"},"canonical":"https:\/\/www.bellunopress.it\/fr\/2022\/09\/13\/caro-energia-palaghiaccio-chiusi-ad-alleghe-e-a-pieve-di-cadore-de-carlo-rivedere-le-priorita-socialita-e-salute-dei-ragazzi-vanno-prima-di-tutto\/","og_locale":"fr_FR","og_type":"article","og_title":"Caro-energia, palaghiaccio chiusi ad Alleghe e a Pieve di Cadore. De Carlo: \"Rivedere le priorit\u00e0: socialit\u00e0 e salute dei ragazzi vanno prima di tutto\" - Bellunopress - Dolomiti","og_description":"Il caro-energia sta mettendo in ginocchio famiglie ed imprese, ma anche le pubbliche amministrazioni: lo dimostrano le recentissime chiusure dei palaghiaccio di Alleghe e di Pieve di Cadore, dove le bollette sono schizzate alle stelle. Sulla questione interviene il senatore Luca De Carlo, candidato all&#8217;uninominale al Senato: &#8220;Da sindaco, comprendo la difficolt\u00e0 dei colleghi che [&hellip;]","og_url":"https:\/\/www.bellunopress.it\/fr\/2022\/09\/13\/caro-energia-palaghiaccio-chiusi-ad-alleghe-e-a-pieve-di-cadore-de-carlo-rivedere-le-priorita-socialita-e-salute-dei-ragazzi-vanno-prima-di-tutto\/","og_site_name":"Bellunopress - Dolomiti","article_publisher":"https:\/\/www.facebook.com\/profile.php?id=100008943462799","article_published_time":"2022-09-13T17:36:04+00:00","og_image":[{"width":473,"height":330,"url":"https:\/\/www.bellunopress.it\/wp-content\/uploads\/2021\/01\/Luca-De-Carlo_edited.jpg","type":"image\/jpeg"}],"author":"redazione","twitter_card":"summary_large_image","twitter_creator":"@bellunopress","twitter_site":"@bellunopress","twitter_misc":{"\u00c9crit par":"redazione","Dur\u00e9e de lecture estim\u00e9e":"2 minutes"},"schema":{"@context":"https:\/\/schema.org","@graph":[{"@type":"Article","@id":"https:\/\/www.bellunopress.it\/2022\/09\/13\/caro-energia-palaghiaccio-chiusi-ad-alleghe-e-a-pieve-di-cadore-de-carlo-rivedere-le-priorita-socialita-e-salute-dei-ragazzi-vanno-prima-di-tutto\/#article","isPartOf":{"@id":"https:\/\/www.bellunopress.it\/2022\/09\/13\/caro-energia-palaghiaccio-chiusi-ad-alleghe-e-a-pieve-di-cadore-de-carlo-rivedere-le-priorita-socialita-e-salute-dei-ragazzi-vanno-prima-di-tutto\/"},"author":{"name":"redazione","@id":"https:\/\/www.bellunopress.it\/#\/schema\/person\/79bb06722b37ece1c03d3e94beb30d73"},"headline":"Caro-energia, palaghiaccio chiusi ad Alleghe e a Pieve di Cadore. De Carlo: &#8220;Rivedere le priorit\u00e0: socialit\u00e0 e salute dei ragazzi vanno prima di tutto&#8221;","datePublished":"2022-09-13T17:36:04+00:00","mainEntityOfPage":{"@id":"https:\/\/www.bellunopress.it\/2022\/09\/13\/caro-energia-palaghiaccio-chiusi-ad-alleghe-e-a-pieve-di-cadore-de-carlo-rivedere-le-priorita-socialita-e-salute-dei-ragazzi-vanno-prima-di-tutto\/"},"wordCount":249,"publisher":{"@id":"https:\/\/www.bellunopress.it\/#organization"},"image":{"@id":"https:\/\/www.bellunopress.it\/2022\/09\/13\/caro-energia-palaghiaccio-chiusi-ad-alleghe-e-a-pieve-di-cadore-de-carlo-rivedere-le-priorita-socialita-e-salute-dei-ragazzi-vanno-prima-di-tutto\/#primaryimage"},"thumbnailUrl":"https:\/\/www.bellunopress.it\/wp-content\/uploads\/2021\/01\/Luca-De-Carlo_edited.jpg","articleSection":["Cronaca\/Politica","Prima Pagina","Sport, tempo libero"],"inLanguage":"fr-FR"},{"@type":"WebPage","@id":"https:\/\/www.bellunopress.it\/2022\/09\/13\/caro-energia-palaghiaccio-chiusi-ad-alleghe-e-a-pieve-di-cadore-de-carlo-rivedere-le-priorita-socialita-e-salute-dei-ragazzi-vanno-prima-di-tutto\/","url":"https:\/\/www.bellunopress.it\/2022\/09\/13\/caro-energia-palaghiaccio-chiusi-ad-alleghe-e-a-pieve-di-cadore-de-carlo-rivedere-le-priorita-socialita-e-salute-dei-ragazzi-vanno-prima-di-tutto\/","name":"Caro-energia, palaghiaccio chiusi ad Alleghe e a Pieve di Cadore. De Carlo: \"Rivedere le priorit\u00e0: socialit\u00e0 e salute dei ragazzi vanno prima di tutto\" - Bellunopress - Dolomiti","isPartOf":{"@id":"https:\/\/www.bellunopress.it\/#website"},"primaryImageOfPage":{"@id":"https:\/\/www.bellunopress.it\/2022\/09\/13\/caro-energia-palaghiaccio-chiusi-ad-alleghe-e-a-pieve-di-cadore-de-carlo-rivedere-le-priorita-socialita-e-salute-dei-ragazzi-vanno-prima-di-tutto\/#primaryimage"},"image":{"@id":"https:\/\/www.bellunopress.it\/2022\/09\/13\/caro-energia-palaghiaccio-chiusi-ad-alleghe-e-a-pieve-di-cadore-de-carlo-rivedere-le-priorita-socialita-e-salute-dei-ragazzi-vanno-prima-di-tutto\/#primaryimage"},"thumbnailUrl":"https:\/\/www.bellunopress.it\/wp-content\/uploads\/2021\/01\/Luca-De-Carlo_edited.jpg","datePublished":"2022-09-13T17:36:04+00:00","breadcrumb":{"@id":"https:\/\/www.bellunopress.it\/2022\/09\/13\/caro-energia-palaghiaccio-chiusi-ad-alleghe-e-a-pieve-di-cadore-de-carlo-rivedere-le-priorita-socialita-e-salute-dei-ragazzi-vanno-prima-di-tutto\/#breadcrumb"},"inLanguage":"fr-FR","potentialAction":[{"@type":"ReadAction","target":["https:\/\/www.bellunopress.it\/2022\/09\/13\/caro-energia-palaghiaccio-chiusi-ad-alleghe-e-a-pieve-di-cadore-de-carlo-rivedere-le-priorita-socialita-e-salute-dei-ragazzi-vanno-prima-di-tutto\/"]}]},{"@type":"ImageObject","inLanguage":"fr-FR","@id":"https:\/\/www.bellunopress.it\/2022\/09\/13\/caro-energia-palaghiaccio-chiusi-ad-alleghe-e-a-pieve-di-cadore-de-carlo-rivedere-le-priorita-socialita-e-salute-dei-ragazzi-vanno-prima-di-tutto\/#primaryimage","url":"https:\/\/www.bellunopress.it\/wp-content\/uploads\/2021\/01\/Luca-De-Carlo_edited.jpg","contentUrl":"https:\/\/www.bellunopress.it\/wp-content\/uploads\/2021\/01\/Luca-De-Carlo_edited.jpg","width":473,"height":330,"caption":"Luca De Carlo, senatore"},{"@type":"BreadcrumbList","@id":"https:\/\/www.bellunopress.it\/2022\/09\/13\/caro-energia-palaghiaccio-chiusi-ad-alleghe-e-a-pieve-di-cadore-de-carlo-rivedere-le-priorita-socialita-e-salute-dei-ragazzi-vanno-prima-di-tutto\/#breadcrumb","itemListElement":[{"@type":"ListItem","position":1,"name":"Home","item":"https:\/\/www.bellunopress.it\/"},{"@type":"ListItem","position":2,"name":"Caro-energia, palaghiaccio chiusi ad Alleghe e a Pieve di Cadore. De Carlo: &#8220;Rivedere le priorit\u00e0: socialit\u00e0 e salute dei ragazzi vanno prima di tutto&#8221;"}]},{"@type":"WebSite","@id":"https:\/\/www.bellunopress.it\/#website","url":"https:\/\/www.bellunopress.it\/","name":"Bellunopress - Dolomiti","description":"e-mail: redazione@bellunopress.it","publisher":{"@id":"https:\/\/www.bellunopress.it\/#organization"},"potentialAction":[{"@type":"SearchAction","target":{"@type":"EntryPoint","urlTemplate":"https:\/\/www.bellunopress.it\/?s={search_term_string}"},"query-input":{"@type":"PropertyValueSpecification","valueRequired":true,"valueName":"search_term_string"}}],"inLanguage":"fr-FR"},{"@type":"Organization","@id":"https:\/\/www.bellunopress.it\/#organization","name":"Bellunopress","url":"https:\/\/www.bellunopress.it\/","logo":{"@type":"ImageObject","inLanguage":"fr-FR","@id":"https:\/\/www.bellunopress.it\/#\/schema\/logo\/image\/","url":"https:\/\/www.bellunopress.it\/wp-content\/uploads\/2011\/05\/cropped-logo-bellunopress-.jpg","contentUrl":"https:\/\/www.bellunopress.it\/wp-content\/uploads\/2011\/05\/cropped-logo-bellunopress-.jpg","width":512,"height":512,"caption":"Bellunopress"},"image":{"@id":"https:\/\/www.bellunopress.it\/#\/schema\/logo\/image\/"},"sameAs":["https:\/\/www.facebook.com\/profile.php?id=100008943462799","https:\/\/x.com\/bellunopress","https:\/\/www.linkedin.com\/hp\/?dnr=JBzUWaJfMUw8vbXJJ2tVW5-I3jZKvC4wsoxE&amp;amp;amp;amp;amp;amp;trk=nav_responsive_tab_home","https:\/\/www.youtube.com\/channel\/UCxL0wu1uN0_3_7hGG0306cw"]},{"@type":"Person","@id":"https:\/\/www.bellunopress.it\/#\/schema\/person\/79bb06722b37ece1c03d3e94beb30d73","name":"r\u00e9daction","image":{"@type":"ImageObject","inLanguage":"fr-FR","@id":"https:\/\/secure.gravatar.com\/avatar\/37d968a2e67a6fd04c169c4bdef102d0bc5d31b2546345219e348575eb80e9a0?s=96&d=mm&r=g","url":"https:\/\/secure.gravatar.com\/avatar\/37d968a2e67a6fd04c169c4bdef102d0bc5d31b2546345219e348575eb80e9a0?s=96&d=mm&r=g","contentUrl":"https:\/\/secure.gravatar.com\/avatar\/37d968a2e67a6fd04c169c4bdef102d0bc5d31b2546345219e348575eb80e9a0?s=96&d=mm&r=g","caption":"redazione"},"sameAs":["http:\/\/www.bellunopress.it","https:\/\/x.com\/bellunopress"],"url":"https:\/\/www.bellunopress.it\/fr\/author\/redazione\/"}]}},"_links":{"self":[{"href":"https:\/\/www.bellunopress.it\/fr\/wp-json\/wp\/v2\/posts\/136391","targetHints":{"allow":["GET"]}}],"collection":[{"href":"https:\/\/www.bellunopress.it\/fr\/wp-json\/wp\/v2\/posts"}],"about":[{"href":"https:\/\/www.bellunopress.it\/fr\/wp-json\/wp\/v2\/types\/post"}],"author":[{"embeddable":true,"href":"https:\/\/www.bellunopress.it\/fr\/wp-json\/wp\/v2\/users\/2"}],"replies":[{"embeddable":true,"href":"https:\/\/www.bellunopress.it\/fr\/wp-json\/wp\/v2\/comments?post=136391"}],"version-history":[{"count":1,"href":"https:\/\/www.bellunopress.it\/fr\/wp-json\/wp\/v2\/posts\/136391\/revisions"}],"predecessor-version":[{"id":136392,"href":"https:\/\/www.bellunopress.it\/fr\/wp-json\/wp\/v2\/posts\/136391\/revisions\/136392"}],"wp:featuredmedia":[{"embeddable":true,"href":"https:\/\/www.bellunopress.it\/fr\/wp-json\/wp\/v2\/media\/120581"}],"wp:attachment":[{"href":"https:\/\/www.bellunopress.it\/fr\/wp-json\/wp\/v2\/media?parent=136391"}],"wp:term":[{"taxonomy":"category","embeddable":true,"href":"https:\/\/www.bellunopress.it\/fr\/wp-json\/wp\/v2\/categories?post=136391"},{"taxonomy":"post_tag","embeddable":true,"href":"https:\/\/www.bellunopress.it\/fr\/wp-json\/wp\/v2\/tags?post=136391"}],"curies":[{"name":"wp","href":"https:\/\/api.w.org\/{rel}","templated":true}]}}