{"id":136389,"date":"2022-09-13T17:27:16","date_gmt":"2022-09-13T15:27:16","guid":{"rendered":"https:\/\/www.bellunopress.it\/?p=136389"},"modified":"2024-03-06T17:05:18","modified_gmt":"2024-03-06T16:05:18","slug":"tre-domande-alle-autorita-sanitarie-di-filiberto-dal-molin","status":"publish","type":"post","link":"https:\/\/www.bellunopress.it\/fr\/2022\/09\/13\/tre-domande-alle-autorita-sanitarie-di-filiberto-dal-molin\/","title":{"rendered":"Tre domande alle Autorit\u00e0 Sanitarie     * di Filiberto Dal Molin"},"content":{"rendered":"<figure id=\"attachment_135571\" aria-describedby=\"caption-attachment-135571\" style=\"width: 750px\" class=\"wp-caption alignleft\"><img loading=\"lazy\" decoding=\"async\" class=\"size-full wp-image-135571\" src=\"https:\/\/www.bellunopress.it\/wp-content\/uploads\/2022\/08\/Filiberto-Dal-Molin_edited.jpg\" alt=\"\" width=\"750\" height=\"1000\" srcset=\"https:\/\/www.bellunopress.it\/wp-content\/uploads\/2022\/08\/Filiberto-Dal-Molin_edited.jpg 750w, https:\/\/www.bellunopress.it\/wp-content\/uploads\/2022\/08\/Filiberto-Dal-Molin_edited-375x500.jpg 375w, https:\/\/www.bellunopress.it\/wp-content\/uploads\/2022\/08\/Filiberto-Dal-Molin_edited-696x928.jpg 696w, https:\/\/www.bellunopress.it\/wp-content\/uploads\/2022\/08\/Filiberto-Dal-Molin_edited-315x420.jpg 315w\" sizes=\"auto, (max-width: 750px) 100vw, 750px\" \/><figcaption id=\"caption-attachment-135571\" class=\"wp-caption-text\">Filiberto Dal Molin<\/figcaption><\/figure>\n<p><strong>La prima domanda riguarda i Tamponi<\/strong><\/p>\n<p>Salvo errori od omissioni sappiamo che il prof. C.H. Drosten della Charit\u00e9 di Berlino, virologo, \u00e8 stato incaricato dalla Commissione Europea di impostare la diagnostica per la SARS-CoV-2 e ha utilizzato il test PCR, una tecnica di biologia molecolare per moltiplicare copie di DNA. Egli stesso ha chiarito che il test non si basa sul genoma di questo specifico virus, ma su sequenze di altri virus SARS-CoV poich\u00e9 \u201cnon sono stati resi disponibili campioni genomici ottenuti da Pazienti infettati\u201d. Probabilmente la mancata disponibilit\u00e0 esprime una precisa volont\u00e0 dell\u2019industria che produce i vaccini e la volont\u00e0 governativa di non consentire le autopsie. Quindi la diagnosi di infezione virale dei nostri tamponi si basa sulla somiglianza della SARS-CoV-2 con la SARS-CoV di circa 20 anni fa.<br \/>\nIl test PCR (Polymerase Chain Reaction) \u00e8 un metodo per moltiplicare copie del DNA e per identificare strutture genomiche in campioni biologici. Fu scoperto da Kari Mullis e gli valse il Nobel per la chimica nel 1993. Ha avuto importantissime applicazioni in tutti i campi della biologia ed \u00e8 stato utilizzato come metodo di elezione proprio per identificare frammenti di RNA virale nel corso della infezione da Covid-19. Purtroppo per\u00f2 in questo caso si basa sulla \u201csomiglianza\u201d con un virus non pi\u00f9 attivo. Pertanto si pu\u00f2 quanto meno affermare che non \u00e8 un test specifico.<br \/>\nInoltre il metodo del Prof. Drosten richiede circa 45 cicli di amplificazione per produrre una sufficiente quantit\u00e0 di materiale genetico. Gi\u00e0 Kari Mullis aveva specificato che oltre i 40 cicli il test diagnostico non ha alcuna affidabilit\u00e0.<br \/>\nSe escludiamo i test con tamponi rapidi, implicitamente inaffidabili, e i test molecolari col metodo PCR molto validi, ma nel nostro caso egualmente inutili, le diagnosi di positivit\u00e0 al virus che valore hanno?<br \/>\nSe questa \u00e8 la base della nostra confidenza diagnostica che cosa c\u2019\u00e8 di vero in questo inganno universale, a parte un numero inaccettabile di decessi, voluto e programmato con la indicazione della vigile attesa associata a una terapia antipiretica?<\/p>\n<p>&nbsp;<\/p>\n<p><strong>La seconda domanda riguarda le mascherine<\/strong><\/p>\n<p>L\u2019obbligo di indossare le mascherine all\u2019interno delle strutture sanitarie \u00e8 prorogato fino al 30 settembre 2022, per evitare la trasmissione del virus. Ma noi non sappiamo se il virus viene o meno trasmesso perch\u00e9 non abbiamo metodi certi per identificarlo. Soltanto la sintomatologia clinica ci pu\u00f2 dare una indicazione di infezione e in questo caso possiamo servirci immediatamente di una generica terapia anti-infiammatoria (non antipiretica) per stroncare in 3 gg l\u2019infezione, come avremmo dovuto fare fin da 3 anni fa. Quindi a che cosa servono le mascherine, in particolare nella popolazione pi\u00f9 vaccinata del mondo? Oppure dobbiamo ritenere che le Autorit\u00e0 Sanitarie preposte ci possano garantire che col primo giorno di ottobre il Covid-19 non ci sar\u00e0 pi\u00f9?<\/p>\n<p><strong>La terza domanda riguarda la sospensione dal lavoro e dallo stipendio fino al 31 dicembre per tutti i sanitari che hanno rifiutato la vaccinazione<\/strong><\/p>\n<p>Se dal primo giorno di ottobre il virus non ci sar\u00e0 pi\u00f9 (o non sar\u00e0 pi\u00f9 necessario tentare di identificarlo) perch\u00e9 per altri tre mesi i sanitari che hanno rifiutato di vaccinarsi devono rimanere sospesi dal lavoro e dallo stipendio? E\u2019 una punizione prevista per i dissidenti? Aver fatto parte della \u201cteppaglia no-vax e dei suoi rintronati mentori\u201d non potr\u00e0 essere in alcun modo punito dalla legge ma sar\u00e0 sufficiente per incorrer\u00e0 nell\u2019 ira funesta dell\u2019impagabile Speranza e dei suoi sodali?<\/p>\n<p><strong>Dott. Filiberto Dal Molin<\/strong><\/p>","protected":false},"excerpt":{"rendered":"<p>La prima domanda riguarda i Tamponi Salvo errori od omissioni sappiamo che il prof. C.H. Drosten della Charit\u00e9 di Berlino, virologo, \u00e8 stato incaricato dalla Commissione Europea di impostare la diagnostica per la SARS-CoV-2 e ha utilizzato il test PCR, una tecnica di biologia molecolare per moltiplicare copie di DNA. Egli stesso ha chiarito che [&hellip;]<\/p>\n","protected":false},"author":2,"featured_media":135571,"comment_status":"closed","ping_status":"open","sticky":false,"template":"","format":"standard","meta":{"footnotes":""},"categories":[3614,3446,26,17],"tags":[],"class_list":["post-136389","post","type-post","status-publish","format-standard","has-post-thumbnail","category-controcorrente","category-featured","category-prima-pagina","category-sanita"],"yoast_head":"<!-- This site is optimized with the Yoast SEO plugin v28.4 - https:\/\/yoast.com\/product\/yoast-seo-wordpress\/ -->\n<title>Tre domande alle Autorit\u00e0 Sanitarie   * di Filiberto Dal Molin - Bellunopress - Dolomiti<\/title>\n<meta name=\"robots\" content=\"index, follow, max-snippet:-1, max-image-preview:large, max-video-preview:-1\" \/>\n<link rel=\"canonical\" href=\"https:\/\/www.bellunopress.it\/fr\/2022\/09\/13\/tre-domande-alle-autorita-sanitarie-di-filiberto-dal-molin\/\" \/>\n<meta property=\"og:locale\" content=\"fr_FR\" \/>\n<meta property=\"og:type\" content=\"article\" \/>\n<meta property=\"og:title\" content=\"Tre domande alle Autorit\u00e0 Sanitarie   * di Filiberto Dal Molin - Bellunopress - Dolomiti\" \/>\n<meta property=\"og:description\" content=\"La prima domanda riguarda i Tamponi Salvo errori od omissioni sappiamo che il prof. C.H. Drosten della Charit\u00e9 di Berlino, virologo, \u00e8 stato incaricato dalla Commissione Europea di impostare la diagnostica per la SARS-CoV-2 e ha utilizzato il test PCR, una tecnica di biologia molecolare per moltiplicare copie di DNA. Egli stesso ha chiarito che [&hellip;]\" \/>\n<meta property=\"og:url\" content=\"https:\/\/www.bellunopress.it\/fr\/2022\/09\/13\/tre-domande-alle-autorita-sanitarie-di-filiberto-dal-molin\/\" \/>\n<meta property=\"og:site_name\" content=\"Bellunopress - Dolomiti\" \/>\n<meta property=\"article:publisher\" content=\"https:\/\/www.facebook.com\/profile.php?id=100008943462799\" \/>\n<meta property=\"article:published_time\" content=\"2022-09-13T15:27:16+00:00\" \/>\n<meta property=\"article:modified_time\" content=\"2024-03-06T16:05:18+00:00\" \/>\n<meta property=\"og:image\" content=\"https:\/\/www.bellunopress.it\/wp-content\/uploads\/2022\/08\/Filiberto-Dal-Molin_edited.jpg\" \/>\n\t<meta property=\"og:image:width\" content=\"750\" \/>\n\t<meta property=\"og:image:height\" content=\"1000\" \/>\n\t<meta property=\"og:image:type\" content=\"image\/jpeg\" \/>\n<meta name=\"author\" content=\"redazione\" \/>\n<meta name=\"twitter:card\" content=\"summary_large_image\" \/>\n<meta name=\"twitter:creator\" content=\"@bellunopress\" \/>\n<meta name=\"twitter:site\" content=\"@bellunopress\" \/>\n<meta name=\"twitter:label1\" content=\"\u00c9crit par\" \/>\n\t<meta name=\"twitter:data1\" content=\"redazione\" \/>\n\t<meta name=\"twitter:label2\" content=\"Dur\u00e9e de lecture estim\u00e9e\" \/>\n\t<meta name=\"twitter:data2\" content=\"4 minutes\" \/>\n<script type=\"application\/ld+json\" class=\"yoast-schema-graph\">{\"@context\":\"https:\\\/\\\/schema.org\",\"@graph\":[{\"@type\":\"Article\",\"@id\":\"https:\\\/\\\/www.bellunopress.it\\\/2022\\\/09\\\/13\\\/tre-domande-alle-autorita-sanitarie-di-filiberto-dal-molin\\\/#article\",\"isPartOf\":{\"@id\":\"https:\\\/\\\/www.bellunopress.it\\\/2022\\\/09\\\/13\\\/tre-domande-alle-autorita-sanitarie-di-filiberto-dal-molin\\\/\"},\"author\":{\"name\":\"redazione\",\"@id\":\"https:\\\/\\\/www.bellunopress.it\\\/#\\\/schema\\\/person\\\/79bb06722b37ece1c03d3e94beb30d73\"},\"headline\":\"Tre domande alle Autorit\u00e0 Sanitarie * di Filiberto Dal Molin\",\"datePublished\":\"2022-09-13T15:27:16+00:00\",\"dateModified\":\"2024-03-06T16:05:18+00:00\",\"mainEntityOfPage\":{\"@id\":\"https:\\\/\\\/www.bellunopress.it\\\/2022\\\/09\\\/13\\\/tre-domande-alle-autorita-sanitarie-di-filiberto-dal-molin\\\/\"},\"wordCount\":578,\"publisher\":{\"@id\":\"https:\\\/\\\/www.bellunopress.it\\\/#organization\"},\"image\":{\"@id\":\"https:\\\/\\\/www.bellunopress.it\\\/2022\\\/09\\\/13\\\/tre-domande-alle-autorita-sanitarie-di-filiberto-dal-molin\\\/#primaryimage\"},\"thumbnailUrl\":\"https:\\\/\\\/www.bellunopress.it\\\/wp-content\\\/uploads\\\/2022\\\/08\\\/Filiberto-Dal-Molin_edited.jpg\",\"articleSection\":[\"Controcorrente Dr Filiberto Dal Molin\",\"Featured\",\"Prima Pagina\",\"Sanit\u00e0 Medicina\"],\"inLanguage\":\"fr-FR\"},{\"@type\":\"WebPage\",\"@id\":\"https:\\\/\\\/www.bellunopress.it\\\/2022\\\/09\\\/13\\\/tre-domande-alle-autorita-sanitarie-di-filiberto-dal-molin\\\/\",\"url\":\"https:\\\/\\\/www.bellunopress.it\\\/2022\\\/09\\\/13\\\/tre-domande-alle-autorita-sanitarie-di-filiberto-dal-molin\\\/\",\"name\":\"Tre domande alle Autorit\u00e0 Sanitarie * di Filiberto Dal Molin - Bellunopress - Dolomiti\",\"isPartOf\":{\"@id\":\"https:\\\/\\\/www.bellunopress.it\\\/#website\"},\"primaryImageOfPage\":{\"@id\":\"https:\\\/\\\/www.bellunopress.it\\\/2022\\\/09\\\/13\\\/tre-domande-alle-autorita-sanitarie-di-filiberto-dal-molin\\\/#primaryimage\"},\"image\":{\"@id\":\"https:\\\/\\\/www.bellunopress.it\\\/2022\\\/09\\\/13\\\/tre-domande-alle-autorita-sanitarie-di-filiberto-dal-molin\\\/#primaryimage\"},\"thumbnailUrl\":\"https:\\\/\\\/www.bellunopress.it\\\/wp-content\\\/uploads\\\/2022\\\/08\\\/Filiberto-Dal-Molin_edited.jpg\",\"datePublished\":\"2022-09-13T15:27:16+00:00\",\"dateModified\":\"2024-03-06T16:05:18+00:00\",\"breadcrumb\":{\"@id\":\"https:\\\/\\\/www.bellunopress.it\\\/2022\\\/09\\\/13\\\/tre-domande-alle-autorita-sanitarie-di-filiberto-dal-molin\\\/#breadcrumb\"},\"inLanguage\":\"fr-FR\",\"potentialAction\":[{\"@type\":\"ReadAction\",\"target\":[\"https:\\\/\\\/www.bellunopress.it\\\/2022\\\/09\\\/13\\\/tre-domande-alle-autorita-sanitarie-di-filiberto-dal-molin\\\/\"]}]},{\"@type\":\"ImageObject\",\"inLanguage\":\"fr-FR\",\"@id\":\"https:\\\/\\\/www.bellunopress.it\\\/2022\\\/09\\\/13\\\/tre-domande-alle-autorita-sanitarie-di-filiberto-dal-molin\\\/#primaryimage\",\"url\":\"https:\\\/\\\/www.bellunopress.it\\\/wp-content\\\/uploads\\\/2022\\\/08\\\/Filiberto-Dal-Molin_edited.jpg\",\"contentUrl\":\"https:\\\/\\\/www.bellunopress.it\\\/wp-content\\\/uploads\\\/2022\\\/08\\\/Filiberto-Dal-Molin_edited.jpg\",\"width\":750,\"height\":1000,\"caption\":\"Filiberto Dal Molin - medico chirurgo specializzato in Radiologia, direttore sanitario della Salus, Istituto radiologico e fisiokinesiterapico con sede a Belluno.\"},{\"@type\":\"BreadcrumbList\",\"@id\":\"https:\\\/\\\/www.bellunopress.it\\\/2022\\\/09\\\/13\\\/tre-domande-alle-autorita-sanitarie-di-filiberto-dal-molin\\\/#breadcrumb\",\"itemListElement\":[{\"@type\":\"ListItem\",\"position\":1,\"name\":\"Home\",\"item\":\"https:\\\/\\\/www.bellunopress.it\\\/\"},{\"@type\":\"ListItem\",\"position\":2,\"name\":\"Tre domande alle Autorit\u00e0 Sanitarie * di Filiberto Dal Molin\"}]},{\"@type\":\"WebSite\",\"@id\":\"https:\\\/\\\/www.bellunopress.it\\\/#website\",\"url\":\"https:\\\/\\\/www.bellunopress.it\\\/\",\"name\":\"Bellunopress - Dolomiti\",\"description\":\"e-mail: redazione@bellunopress.it\",\"publisher\":{\"@id\":\"https:\\\/\\\/www.bellunopress.it\\\/#organization\"},\"potentialAction\":[{\"@type\":\"SearchAction\",\"target\":{\"@type\":\"EntryPoint\",\"urlTemplate\":\"https:\\\/\\\/www.bellunopress.it\\\/?s={search_term_string}\"},\"query-input\":{\"@type\":\"PropertyValueSpecification\",\"valueRequired\":true,\"valueName\":\"search_term_string\"}}],\"inLanguage\":\"fr-FR\"},{\"@type\":\"Organization\",\"@id\":\"https:\\\/\\\/www.bellunopress.it\\\/#organization\",\"name\":\"Bellunopress\",\"url\":\"https:\\\/\\\/www.bellunopress.it\\\/\",\"logo\":{\"@type\":\"ImageObject\",\"inLanguage\":\"fr-FR\",\"@id\":\"https:\\\/\\\/www.bellunopress.it\\\/#\\\/schema\\\/logo\\\/image\\\/\",\"url\":\"https:\\\/\\\/www.bellunopress.it\\\/wp-content\\\/uploads\\\/2011\\\/05\\\/cropped-logo-bellunopress-.jpg\",\"contentUrl\":\"https:\\\/\\\/www.bellunopress.it\\\/wp-content\\\/uploads\\\/2011\\\/05\\\/cropped-logo-bellunopress-.jpg\",\"width\":512,\"height\":512,\"caption\":\"Bellunopress\"},\"image\":{\"@id\":\"https:\\\/\\\/www.bellunopress.it\\\/#\\\/schema\\\/logo\\\/image\\\/\"},\"sameAs\":[\"https:\\\/\\\/www.facebook.com\\\/profile.php?id=100008943462799\",\"https:\\\/\\\/x.com\\\/bellunopress\",\"https:\\\/\\\/www.linkedin.com\\\/hp\\\/?dnr=JBzUWaJfMUw8vbXJJ2tVW5-I3jZKvC4wsoxE&amp;amp;amp;amp;amp;amp;trk=nav_responsive_tab_home\",\"https:\\\/\\\/www.youtube.com\\\/channel\\\/UCxL0wu1uN0_3_7hGG0306cw\"]},{\"@type\":\"Person\",\"@id\":\"https:\\\/\\\/www.bellunopress.it\\\/#\\\/schema\\\/person\\\/79bb06722b37ece1c03d3e94beb30d73\",\"name\":\"redazione\",\"image\":{\"@type\":\"ImageObject\",\"inLanguage\":\"fr-FR\",\"@id\":\"https:\\\/\\\/secure.gravatar.com\\\/avatar\\\/37d968a2e67a6fd04c169c4bdef102d0bc5d31b2546345219e348575eb80e9a0?s=96&d=mm&r=g\",\"url\":\"https:\\\/\\\/secure.gravatar.com\\\/avatar\\\/37d968a2e67a6fd04c169c4bdef102d0bc5d31b2546345219e348575eb80e9a0?s=96&d=mm&r=g\",\"contentUrl\":\"https:\\\/\\\/secure.gravatar.com\\\/avatar\\\/37d968a2e67a6fd04c169c4bdef102d0bc5d31b2546345219e348575eb80e9a0?s=96&d=mm&r=g\",\"caption\":\"redazione\"},\"sameAs\":[\"http:\\\/\\\/www.bellunopress.it\",\"https:\\\/\\\/x.com\\\/bellunopress\"],\"url\":\"https:\\\/\\\/www.bellunopress.it\\\/fr\\\/author\\\/redazione\\\/\"}]}<\/script>\n<!-- \/ Yoast SEO plugin. -->","yoast_head_json":{"title":"Tre domande alle Autorit\u00e0 Sanitarie   * di Filiberto Dal Molin - Bellunopress - Dolomiti","robots":{"index":"index","follow":"follow","max-snippet":"max-snippet:-1","max-image-preview":"max-image-preview:large","max-video-preview":"max-video-preview:-1"},"canonical":"https:\/\/www.bellunopress.it\/fr\/2022\/09\/13\/tre-domande-alle-autorita-sanitarie-di-filiberto-dal-molin\/","og_locale":"fr_FR","og_type":"article","og_title":"Tre domande alle Autorit\u00e0 Sanitarie   * di Filiberto Dal Molin - Bellunopress - Dolomiti","og_description":"La prima domanda riguarda i Tamponi Salvo errori od omissioni sappiamo che il prof. C.H. Drosten della Charit\u00e9 di Berlino, virologo, \u00e8 stato incaricato dalla Commissione Europea di impostare la diagnostica per la SARS-CoV-2 e ha utilizzato il test PCR, una tecnica di biologia molecolare per moltiplicare copie di DNA. Egli stesso ha chiarito che [&hellip;]","og_url":"https:\/\/www.bellunopress.it\/fr\/2022\/09\/13\/tre-domande-alle-autorita-sanitarie-di-filiberto-dal-molin\/","og_site_name":"Bellunopress - Dolomiti","article_publisher":"https:\/\/www.facebook.com\/profile.php?id=100008943462799","article_published_time":"2022-09-13T15:27:16+00:00","article_modified_time":"2024-03-06T16:05:18+00:00","og_image":[{"width":750,"height":1000,"url":"https:\/\/www.bellunopress.it\/wp-content\/uploads\/2022\/08\/Filiberto-Dal-Molin_edited.jpg","type":"image\/jpeg"}],"author":"redazione","twitter_card":"summary_large_image","twitter_creator":"@bellunopress","twitter_site":"@bellunopress","twitter_misc":{"\u00c9crit par":"redazione","Dur\u00e9e de lecture estim\u00e9e":"4 minutes"},"schema":{"@context":"https:\/\/schema.org","@graph":[{"@type":"Article","@id":"https:\/\/www.bellunopress.it\/2022\/09\/13\/tre-domande-alle-autorita-sanitarie-di-filiberto-dal-molin\/#article","isPartOf":{"@id":"https:\/\/www.bellunopress.it\/2022\/09\/13\/tre-domande-alle-autorita-sanitarie-di-filiberto-dal-molin\/"},"author":{"name":"redazione","@id":"https:\/\/www.bellunopress.it\/#\/schema\/person\/79bb06722b37ece1c03d3e94beb30d73"},"headline":"Tre domande alle Autorit\u00e0 Sanitarie * di Filiberto Dal Molin","datePublished":"2022-09-13T15:27:16+00:00","dateModified":"2024-03-06T16:05:18+00:00","mainEntityOfPage":{"@id":"https:\/\/www.bellunopress.it\/2022\/09\/13\/tre-domande-alle-autorita-sanitarie-di-filiberto-dal-molin\/"},"wordCount":578,"publisher":{"@id":"https:\/\/www.bellunopress.it\/#organization"},"image":{"@id":"https:\/\/www.bellunopress.it\/2022\/09\/13\/tre-domande-alle-autorita-sanitarie-di-filiberto-dal-molin\/#primaryimage"},"thumbnailUrl":"https:\/\/www.bellunopress.it\/wp-content\/uploads\/2022\/08\/Filiberto-Dal-Molin_edited.jpg","articleSection":["Controcorrente Dr Filiberto Dal Molin","Featured","Prima Pagina","Sanit\u00e0 Medicina"],"inLanguage":"fr-FR"},{"@type":"WebPage","@id":"https:\/\/www.bellunopress.it\/2022\/09\/13\/tre-domande-alle-autorita-sanitarie-di-filiberto-dal-molin\/","url":"https:\/\/www.bellunopress.it\/2022\/09\/13\/tre-domande-alle-autorita-sanitarie-di-filiberto-dal-molin\/","name":"Tre domande alle Autorit\u00e0 Sanitarie * di Filiberto Dal Molin - Bellunopress - Dolomiti","isPartOf":{"@id":"https:\/\/www.bellunopress.it\/#website"},"primaryImageOfPage":{"@id":"https:\/\/www.bellunopress.it\/2022\/09\/13\/tre-domande-alle-autorita-sanitarie-di-filiberto-dal-molin\/#primaryimage"},"image":{"@id":"https:\/\/www.bellunopress.it\/2022\/09\/13\/tre-domande-alle-autorita-sanitarie-di-filiberto-dal-molin\/#primaryimage"},"thumbnailUrl":"https:\/\/www.bellunopress.it\/wp-content\/uploads\/2022\/08\/Filiberto-Dal-Molin_edited.jpg","datePublished":"2022-09-13T15:27:16+00:00","dateModified":"2024-03-06T16:05:18+00:00","breadcrumb":{"@id":"https:\/\/www.bellunopress.it\/2022\/09\/13\/tre-domande-alle-autorita-sanitarie-di-filiberto-dal-molin\/#breadcrumb"},"inLanguage":"fr-FR","potentialAction":[{"@type":"ReadAction","target":["https:\/\/www.bellunopress.it\/2022\/09\/13\/tre-domande-alle-autorita-sanitarie-di-filiberto-dal-molin\/"]}]},{"@type":"ImageObject","inLanguage":"fr-FR","@id":"https:\/\/www.bellunopress.it\/2022\/09\/13\/tre-domande-alle-autorita-sanitarie-di-filiberto-dal-molin\/#primaryimage","url":"https:\/\/www.bellunopress.it\/wp-content\/uploads\/2022\/08\/Filiberto-Dal-Molin_edited.jpg","contentUrl":"https:\/\/www.bellunopress.it\/wp-content\/uploads\/2022\/08\/Filiberto-Dal-Molin_edited.jpg","width":750,"height":1000,"caption":"Filiberto Dal Molin - medico chirurgo specializzato in Radiologia, direttore sanitario della Salus, Istituto radiologico e fisiokinesiterapico con sede a Belluno."},{"@type":"BreadcrumbList","@id":"https:\/\/www.bellunopress.it\/2022\/09\/13\/tre-domande-alle-autorita-sanitarie-di-filiberto-dal-molin\/#breadcrumb","itemListElement":[{"@type":"ListItem","position":1,"name":"Home","item":"https:\/\/www.bellunopress.it\/"},{"@type":"ListItem","position":2,"name":"Tre domande alle Autorit\u00e0 Sanitarie * di Filiberto Dal Molin"}]},{"@type":"WebSite","@id":"https:\/\/www.bellunopress.it\/#website","url":"https:\/\/www.bellunopress.it\/","name":"Bellunopress - Dolomiti","description":"e-mail: redazione@bellunopress.it","publisher":{"@id":"https:\/\/www.bellunopress.it\/#organization"},"potentialAction":[{"@type":"SearchAction","target":{"@type":"EntryPoint","urlTemplate":"https:\/\/www.bellunopress.it\/?s={search_term_string}"},"query-input":{"@type":"PropertyValueSpecification","valueRequired":true,"valueName":"search_term_string"}}],"inLanguage":"fr-FR"},{"@type":"Organization","@id":"https:\/\/www.bellunopress.it\/#organization","name":"Bellunopress","url":"https:\/\/www.bellunopress.it\/","logo":{"@type":"ImageObject","inLanguage":"fr-FR","@id":"https:\/\/www.bellunopress.it\/#\/schema\/logo\/image\/","url":"https:\/\/www.bellunopress.it\/wp-content\/uploads\/2011\/05\/cropped-logo-bellunopress-.jpg","contentUrl":"https:\/\/www.bellunopress.it\/wp-content\/uploads\/2011\/05\/cropped-logo-bellunopress-.jpg","width":512,"height":512,"caption":"Bellunopress"},"image":{"@id":"https:\/\/www.bellunopress.it\/#\/schema\/logo\/image\/"},"sameAs":["https:\/\/www.facebook.com\/profile.php?id=100008943462799","https:\/\/x.com\/bellunopress","https:\/\/www.linkedin.com\/hp\/?dnr=JBzUWaJfMUw8vbXJJ2tVW5-I3jZKvC4wsoxE&amp;amp;amp;amp;amp;amp;trk=nav_responsive_tab_home","https:\/\/www.youtube.com\/channel\/UCxL0wu1uN0_3_7hGG0306cw"]},{"@type":"Person","@id":"https:\/\/www.bellunopress.it\/#\/schema\/person\/79bb06722b37ece1c03d3e94beb30d73","name":"r\u00e9daction","image":{"@type":"ImageObject","inLanguage":"fr-FR","@id":"https:\/\/secure.gravatar.com\/avatar\/37d968a2e67a6fd04c169c4bdef102d0bc5d31b2546345219e348575eb80e9a0?s=96&d=mm&r=g","url":"https:\/\/secure.gravatar.com\/avatar\/37d968a2e67a6fd04c169c4bdef102d0bc5d31b2546345219e348575eb80e9a0?s=96&d=mm&r=g","contentUrl":"https:\/\/secure.gravatar.com\/avatar\/37d968a2e67a6fd04c169c4bdef102d0bc5d31b2546345219e348575eb80e9a0?s=96&d=mm&r=g","caption":"redazione"},"sameAs":["http:\/\/www.bellunopress.it","https:\/\/x.com\/bellunopress"],"url":"https:\/\/www.bellunopress.it\/fr\/author\/redazione\/"}]}},"_links":{"self":[{"href":"https:\/\/www.bellunopress.it\/fr\/wp-json\/wp\/v2\/posts\/136389","targetHints":{"allow":["GET"]}}],"collection":[{"href":"https:\/\/www.bellunopress.it\/fr\/wp-json\/wp\/v2\/posts"}],"about":[{"href":"https:\/\/www.bellunopress.it\/fr\/wp-json\/wp\/v2\/types\/post"}],"author":[{"embeddable":true,"href":"https:\/\/www.bellunopress.it\/fr\/wp-json\/wp\/v2\/users\/2"}],"replies":[{"embeddable":true,"href":"https:\/\/www.bellunopress.it\/fr\/wp-json\/wp\/v2\/comments?post=136389"}],"version-history":[{"count":1,"href":"https:\/\/www.bellunopress.it\/fr\/wp-json\/wp\/v2\/posts\/136389\/revisions"}],"predecessor-version":[{"id":136390,"href":"https:\/\/www.bellunopress.it\/fr\/wp-json\/wp\/v2\/posts\/136389\/revisions\/136390"}],"wp:featuredmedia":[{"embeddable":true,"href":"https:\/\/www.bellunopress.it\/fr\/wp-json\/wp\/v2\/media\/135571"}],"wp:attachment":[{"href":"https:\/\/www.bellunopress.it\/fr\/wp-json\/wp\/v2\/media?parent=136389"}],"wp:term":[{"taxonomy":"category","embeddable":true,"href":"https:\/\/www.bellunopress.it\/fr\/wp-json\/wp\/v2\/categories?post=136389"},{"taxonomy":"post_tag","embeddable":true,"href":"https:\/\/www.bellunopress.it\/fr\/wp-json\/wp\/v2\/tags?post=136389"}],"curies":[{"name":"wp","href":"https:\/\/api.w.org\/{rel}","templated":true}]}}