{"id":136374,"date":"2022-09-13T09:35:39","date_gmt":"2022-09-13T07:35:39","guid":{"rendered":"https:\/\/www.bellunopress.it\/?p=136374"},"modified":"2022-09-13T09:35:39","modified_gmt":"2022-09-13T07:35:39","slug":"cortinametraggio-lancia-il-bando-per-la-18ma-edizione-del-festival-2023-su-filmfreeway-adesioni-entro-il-4-febbraio-2023","status":"publish","type":"post","link":"https:\/\/www.bellunopress.it\/fr\/2022\/09\/13\/cortinametraggio-lancia-il-bando-per-la-18ma-edizione-del-festival-2023-su-filmfreeway-adesioni-entro-il-4-febbraio-2023\/","title":{"rendered":"Cortinametraggio lancia il bando per la 18ma edizione del Festival 2023 su Filmfreeway. Adesioni entro il 4 febbraio 2023"},"content":{"rendered":"<p><img loading=\"lazy\" decoding=\"async\" class=\"alignleft size-full wp-image-136212\" src=\"https:\/\/www.bellunopress.it\/wp-content\/uploads\/2022\/09\/Cortinametraggio-2023_edited.jpg\" alt=\"\" width=\"1000\" height=\"667\" srcset=\"https:\/\/www.bellunopress.it\/wp-content\/uploads\/2022\/09\/Cortinametraggio-2023_edited.jpg 1000w, https:\/\/www.bellunopress.it\/wp-content\/uploads\/2022\/09\/Cortinametraggio-2023_edited-500x334.jpg 500w, https:\/\/www.bellunopress.it\/wp-content\/uploads\/2022\/09\/Cortinametraggio-2023_edited-696x464.jpg 696w, https:\/\/www.bellunopress.it\/wp-content\/uploads\/2022\/09\/Cortinametraggio-2023_edited-630x420.jpg 630w\" sizes=\"auto, (max-width: 1000px) 100vw, 1000px\" \/>Cortinametraggio d\u00e0 il via sulla piattaforma Filmfreeway al bando per la 18ma edizione del festival presieduto e fondato da Maddalena Mayneri e dedicato al meglio della cinematografia breve italiana. La prossima edizione si terr\u00e0 a Cortina d&#8217;Ampezzo dal 19 al 26 marzo 2023.<\/p>\n<p>Una settimana di proiezioni, incontri, mostre, workshop, omaggi e tanto altro. La 18a edizione del Festival si terr\u00e0 in doppia modalit\u00e0, dal vivo e in streaming.<br \/>\nLa sezione cortometraggi riguarda corti narrativi di finzione, di nazionalit\u00e0 italiana, di ogni genere che spaziano tra horror, thriller, fantascienza, poliziesco, drammatico, commedia, di durata non superiore ai 20 minuti, realizzati nel corso del 2022-2023. La selezione dei film avviene a cura e a giudizio insindacabile della direzione del Festival che vede come direttore artistico Niccol\u00f2 Gentili.<\/p>\n<p>I corti selezionati parteciperanno come ogni anno al Premio al Miglior Corto Assoluto. Saranno poi assegnati altri premi dalle giurie ufficiali del festival scelte tra protagonisti del mondo del cinema. Tra loro registi, attori, giornalisti, critici cinematografici, produttori, distributori che assegneranno un premio in denaro al miglior corto assoluto e agli altri premi a cui i cortometraggi selezionati concorrono. Il premio del pubblico verr\u00e0 conferito in seguito alla votazione del pubblico presente in sala.<\/p>\n<p>Deadline per partecipare alla selezione il 4 febbraio 2023. Il bando \u00e8 online sul sito del festival.<\/p>","protected":false},"excerpt":{"rendered":"<p>Cortinametraggio d\u00e0 il via sulla piattaforma Filmfreeway al bando per la 18ma edizione del festival presieduto e fondato da Maddalena Mayneri e dedicato al meglio della cinematografia breve italiana. La prossima edizione si terr\u00e0 a Cortina d&#8217;Ampezzo dal 19 al 26 marzo 2023. Una settimana di proiezioni, incontri, mostre, workshop, omaggi e tanto altro. La [&hellip;]<\/p>\n","protected":false},"author":2,"featured_media":136212,"comment_status":"closed","ping_status":"open","sticky":false,"template":"","format":"standard","meta":{"footnotes":""},"categories":[3,25],"tags":[],"class_list":["post-136374","post","type-post","status-publish","format-standard","has-post-thumbnail","category-arte-cultura-spettacoli-scienza-archivi","category-pausa-caffe"],"yoast_head":"<!-- This site is optimized with the Yoast SEO plugin v28.4 - https:\/\/yoast.com\/product\/yoast-seo-wordpress\/ -->\n<title>Cortinametraggio lancia il bando per la 18ma edizione del Festival 2023 su Filmfreeway. Adesioni entro il 4 febbraio 2023 - Bellunopress - Dolomiti<\/title>\n<meta name=\"robots\" content=\"index, follow, max-snippet:-1, max-image-preview:large, max-video-preview:-1\" \/>\n<link rel=\"canonical\" href=\"https:\/\/www.bellunopress.it\/fr\/2022\/09\/13\/cortinametraggio-lancia-il-bando-per-la-18ma-edizione-del-festival-2023-su-filmfreeway-adesioni-entro-il-4-febbraio-2023\/\" \/>\n<meta property=\"og:locale\" content=\"fr_FR\" \/>\n<meta property=\"og:type\" content=\"article\" \/>\n<meta property=\"og:title\" content=\"Cortinametraggio lancia il bando per la 18ma edizione del Festival 2023 su Filmfreeway. Adesioni entro il 4 febbraio 2023 - Bellunopress - Dolomiti\" \/>\n<meta property=\"og:description\" content=\"Cortinametraggio d\u00e0 il via sulla piattaforma Filmfreeway al bando per la 18ma edizione del festival presieduto e fondato da Maddalena Mayneri e dedicato al meglio della cinematografia breve italiana. La prossima edizione si terr\u00e0 a Cortina d&#8217;Ampezzo dal 19 al 26 marzo 2023. Una settimana di proiezioni, incontri, mostre, workshop, omaggi e tanto altro. La [&hellip;]\" \/>\n<meta property=\"og:url\" content=\"https:\/\/www.bellunopress.it\/fr\/2022\/09\/13\/cortinametraggio-lancia-il-bando-per-la-18ma-edizione-del-festival-2023-su-filmfreeway-adesioni-entro-il-4-febbraio-2023\/\" \/>\n<meta property=\"og:site_name\" content=\"Bellunopress - Dolomiti\" \/>\n<meta property=\"article:publisher\" content=\"https:\/\/www.facebook.com\/profile.php?id=100008943462799\" \/>\n<meta property=\"article:published_time\" content=\"2022-09-13T07:35:39+00:00\" \/>\n<meta property=\"og:image\" content=\"https:\/\/www.bellunopress.it\/wp-content\/uploads\/2022\/09\/Cortinametraggio-2023_edited.jpg\" \/>\n\t<meta property=\"og:image:width\" content=\"1000\" \/>\n\t<meta property=\"og:image:height\" content=\"667\" \/>\n\t<meta property=\"og:image:type\" content=\"image\/jpeg\" \/>\n<meta name=\"author\" content=\"redazione\" \/>\n<meta name=\"twitter:card\" content=\"summary_large_image\" \/>\n<meta name=\"twitter:creator\" content=\"@bellunopress\" \/>\n<meta name=\"twitter:site\" content=\"@bellunopress\" \/>\n<meta name=\"twitter:label1\" content=\"\u00c9crit par\" \/>\n\t<meta name=\"twitter:data1\" content=\"redazione\" \/>\n\t<meta name=\"twitter:label2\" content=\"Dur\u00e9e de lecture estim\u00e9e\" \/>\n\t<meta name=\"twitter:data2\" content=\"2 minutes\" \/>\n<script type=\"application\/ld+json\" class=\"yoast-schema-graph\">{\"@context\":\"https:\\\/\\\/schema.org\",\"@graph\":[{\"@type\":\"Article\",\"@id\":\"https:\\\/\\\/www.bellunopress.it\\\/2022\\\/09\\\/13\\\/cortinametraggio-lancia-il-bando-per-la-18ma-edizione-del-festival-2023-su-filmfreeway-adesioni-entro-il-4-febbraio-2023\\\/#article\",\"isPartOf\":{\"@id\":\"https:\\\/\\\/www.bellunopress.it\\\/2022\\\/09\\\/13\\\/cortinametraggio-lancia-il-bando-per-la-18ma-edizione-del-festival-2023-su-filmfreeway-adesioni-entro-il-4-febbraio-2023\\\/\"},\"author\":{\"name\":\"redazione\",\"@id\":\"https:\\\/\\\/www.bellunopress.it\\\/#\\\/schema\\\/person\\\/79bb06722b37ece1c03d3e94beb30d73\"},\"headline\":\"Cortinametraggio lancia il bando per la 18ma edizione del Festival 2023 su Filmfreeway. Adesioni entro il 4 febbraio 2023\",\"datePublished\":\"2022-09-13T07:35:39+00:00\",\"mainEntityOfPage\":{\"@id\":\"https:\\\/\\\/www.bellunopress.it\\\/2022\\\/09\\\/13\\\/cortinametraggio-lancia-il-bando-per-la-18ma-edizione-del-festival-2023-su-filmfreeway-adesioni-entro-il-4-febbraio-2023\\\/\"},\"wordCount\":227,\"publisher\":{\"@id\":\"https:\\\/\\\/www.bellunopress.it\\\/#organization\"},\"image\":{\"@id\":\"https:\\\/\\\/www.bellunopress.it\\\/2022\\\/09\\\/13\\\/cortinametraggio-lancia-il-bando-per-la-18ma-edizione-del-festival-2023-su-filmfreeway-adesioni-entro-il-4-febbraio-2023\\\/#primaryimage\"},\"thumbnailUrl\":\"https:\\\/\\\/www.bellunopress.it\\\/wp-content\\\/uploads\\\/2022\\\/09\\\/Cortinametraggio-2023_edited.jpg\",\"articleSection\":[\"Arte, Cultura, Spettacoli, Scienza\",\"Pausa Caff\u00e8\"],\"inLanguage\":\"fr-FR\"},{\"@type\":\"WebPage\",\"@id\":\"https:\\\/\\\/www.bellunopress.it\\\/2022\\\/09\\\/13\\\/cortinametraggio-lancia-il-bando-per-la-18ma-edizione-del-festival-2023-su-filmfreeway-adesioni-entro-il-4-febbraio-2023\\\/\",\"url\":\"https:\\\/\\\/www.bellunopress.it\\\/2022\\\/09\\\/13\\\/cortinametraggio-lancia-il-bando-per-la-18ma-edizione-del-festival-2023-su-filmfreeway-adesioni-entro-il-4-febbraio-2023\\\/\",\"name\":\"Cortinametraggio lancia il bando per la 18ma edizione del Festival 2023 su Filmfreeway. Adesioni entro il 4 febbraio 2023 - Bellunopress - Dolomiti\",\"isPartOf\":{\"@id\":\"https:\\\/\\\/www.bellunopress.it\\\/#website\"},\"primaryImageOfPage\":{\"@id\":\"https:\\\/\\\/www.bellunopress.it\\\/2022\\\/09\\\/13\\\/cortinametraggio-lancia-il-bando-per-la-18ma-edizione-del-festival-2023-su-filmfreeway-adesioni-entro-il-4-febbraio-2023\\\/#primaryimage\"},\"image\":{\"@id\":\"https:\\\/\\\/www.bellunopress.it\\\/2022\\\/09\\\/13\\\/cortinametraggio-lancia-il-bando-per-la-18ma-edizione-del-festival-2023-su-filmfreeway-adesioni-entro-il-4-febbraio-2023\\\/#primaryimage\"},\"thumbnailUrl\":\"https:\\\/\\\/www.bellunopress.it\\\/wp-content\\\/uploads\\\/2022\\\/09\\\/Cortinametraggio-2023_edited.jpg\",\"datePublished\":\"2022-09-13T07:35:39+00:00\",\"breadcrumb\":{\"@id\":\"https:\\\/\\\/www.bellunopress.it\\\/2022\\\/09\\\/13\\\/cortinametraggio-lancia-il-bando-per-la-18ma-edizione-del-festival-2023-su-filmfreeway-adesioni-entro-il-4-febbraio-2023\\\/#breadcrumb\"},\"inLanguage\":\"fr-FR\",\"potentialAction\":[{\"@type\":\"ReadAction\",\"target\":[\"https:\\\/\\\/www.bellunopress.it\\\/2022\\\/09\\\/13\\\/cortinametraggio-lancia-il-bando-per-la-18ma-edizione-del-festival-2023-su-filmfreeway-adesioni-entro-il-4-febbraio-2023\\\/\"]}]},{\"@type\":\"ImageObject\",\"inLanguage\":\"fr-FR\",\"@id\":\"https:\\\/\\\/www.bellunopress.it\\\/2022\\\/09\\\/13\\\/cortinametraggio-lancia-il-bando-per-la-18ma-edizione-del-festival-2023-su-filmfreeway-adesioni-entro-il-4-febbraio-2023\\\/#primaryimage\",\"url\":\"https:\\\/\\\/www.bellunopress.it\\\/wp-content\\\/uploads\\\/2022\\\/09\\\/Cortinametraggio-2023_edited.jpg\",\"contentUrl\":\"https:\\\/\\\/www.bellunopress.it\\\/wp-content\\\/uploads\\\/2022\\\/09\\\/Cortinametraggio-2023_edited.jpg\",\"width\":1000,\"height\":667},{\"@type\":\"BreadcrumbList\",\"@id\":\"https:\\\/\\\/www.bellunopress.it\\\/2022\\\/09\\\/13\\\/cortinametraggio-lancia-il-bando-per-la-18ma-edizione-del-festival-2023-su-filmfreeway-adesioni-entro-il-4-febbraio-2023\\\/#breadcrumb\",\"itemListElement\":[{\"@type\":\"ListItem\",\"position\":1,\"name\":\"Home\",\"item\":\"https:\\\/\\\/www.bellunopress.it\\\/\"},{\"@type\":\"ListItem\",\"position\":2,\"name\":\"Cortinametraggio lancia il bando per la 18ma edizione del Festival 2023 su Filmfreeway. Adesioni entro il 4 febbraio 2023\"}]},{\"@type\":\"WebSite\",\"@id\":\"https:\\\/\\\/www.bellunopress.it\\\/#website\",\"url\":\"https:\\\/\\\/www.bellunopress.it\\\/\",\"name\":\"Bellunopress - Dolomiti\",\"description\":\"e-mail: redazione@bellunopress.it\",\"publisher\":{\"@id\":\"https:\\\/\\\/www.bellunopress.it\\\/#organization\"},\"potentialAction\":[{\"@type\":\"SearchAction\",\"target\":{\"@type\":\"EntryPoint\",\"urlTemplate\":\"https:\\\/\\\/www.bellunopress.it\\\/?s={search_term_string}\"},\"query-input\":{\"@type\":\"PropertyValueSpecification\",\"valueRequired\":true,\"valueName\":\"search_term_string\"}}],\"inLanguage\":\"fr-FR\"},{\"@type\":\"Organization\",\"@id\":\"https:\\\/\\\/www.bellunopress.it\\\/#organization\",\"name\":\"Bellunopress\",\"url\":\"https:\\\/\\\/www.bellunopress.it\\\/\",\"logo\":{\"@type\":\"ImageObject\",\"inLanguage\":\"fr-FR\",\"@id\":\"https:\\\/\\\/www.bellunopress.it\\\/#\\\/schema\\\/logo\\\/image\\\/\",\"url\":\"https:\\\/\\\/www.bellunopress.it\\\/wp-content\\\/uploads\\\/2011\\\/05\\\/cropped-logo-bellunopress-.jpg\",\"contentUrl\":\"https:\\\/\\\/www.bellunopress.it\\\/wp-content\\\/uploads\\\/2011\\\/05\\\/cropped-logo-bellunopress-.jpg\",\"width\":512,\"height\":512,\"caption\":\"Bellunopress\"},\"image\":{\"@id\":\"https:\\\/\\\/www.bellunopress.it\\\/#\\\/schema\\\/logo\\\/image\\\/\"},\"sameAs\":[\"https:\\\/\\\/www.facebook.com\\\/profile.php?id=100008943462799\",\"https:\\\/\\\/x.com\\\/bellunopress\",\"https:\\\/\\\/www.linkedin.com\\\/hp\\\/?dnr=JBzUWaJfMUw8vbXJJ2tVW5-I3jZKvC4wsoxE&amp;amp;amp;amp;amp;amp;trk=nav_responsive_tab_home\",\"https:\\\/\\\/www.youtube.com\\\/channel\\\/UCxL0wu1uN0_3_7hGG0306cw\"]},{\"@type\":\"Person\",\"@id\":\"https:\\\/\\\/www.bellunopress.it\\\/#\\\/schema\\\/person\\\/79bb06722b37ece1c03d3e94beb30d73\",\"name\":\"redazione\",\"image\":{\"@type\":\"ImageObject\",\"inLanguage\":\"fr-FR\",\"@id\":\"https:\\\/\\\/secure.gravatar.com\\\/avatar\\\/37d968a2e67a6fd04c169c4bdef102d0bc5d31b2546345219e348575eb80e9a0?s=96&d=mm&r=g\",\"url\":\"https:\\\/\\\/secure.gravatar.com\\\/avatar\\\/37d968a2e67a6fd04c169c4bdef102d0bc5d31b2546345219e348575eb80e9a0?s=96&d=mm&r=g\",\"contentUrl\":\"https:\\\/\\\/secure.gravatar.com\\\/avatar\\\/37d968a2e67a6fd04c169c4bdef102d0bc5d31b2546345219e348575eb80e9a0?s=96&d=mm&r=g\",\"caption\":\"redazione\"},\"sameAs\":[\"http:\\\/\\\/www.bellunopress.it\",\"https:\\\/\\\/x.com\\\/bellunopress\"],\"url\":\"https:\\\/\\\/www.bellunopress.it\\\/fr\\\/author\\\/redazione\\\/\"}]}<\/script>\n<!-- \/ Yoast SEO plugin. -->","yoast_head_json":{"title":"Cortinametraggio lancia il bando per la 18ma edizione del Festival 2023 su Filmfreeway. Adesioni entro il 4 febbraio 2023 - Bellunopress - Dolomiti","robots":{"index":"index","follow":"follow","max-snippet":"max-snippet:-1","max-image-preview":"max-image-preview:large","max-video-preview":"max-video-preview:-1"},"canonical":"https:\/\/www.bellunopress.it\/fr\/2022\/09\/13\/cortinametraggio-lancia-il-bando-per-la-18ma-edizione-del-festival-2023-su-filmfreeway-adesioni-entro-il-4-febbraio-2023\/","og_locale":"fr_FR","og_type":"article","og_title":"Cortinametraggio lancia il bando per la 18ma edizione del Festival 2023 su Filmfreeway. Adesioni entro il 4 febbraio 2023 - Bellunopress - Dolomiti","og_description":"Cortinametraggio d\u00e0 il via sulla piattaforma Filmfreeway al bando per la 18ma edizione del festival presieduto e fondato da Maddalena Mayneri e dedicato al meglio della cinematografia breve italiana. La prossima edizione si terr\u00e0 a Cortina d&#8217;Ampezzo dal 19 al 26 marzo 2023. Una settimana di proiezioni, incontri, mostre, workshop, omaggi e tanto altro. La [&hellip;]","og_url":"https:\/\/www.bellunopress.it\/fr\/2022\/09\/13\/cortinametraggio-lancia-il-bando-per-la-18ma-edizione-del-festival-2023-su-filmfreeway-adesioni-entro-il-4-febbraio-2023\/","og_site_name":"Bellunopress - Dolomiti","article_publisher":"https:\/\/www.facebook.com\/profile.php?id=100008943462799","article_published_time":"2022-09-13T07:35:39+00:00","og_image":[{"width":1000,"height":667,"url":"https:\/\/www.bellunopress.it\/wp-content\/uploads\/2022\/09\/Cortinametraggio-2023_edited.jpg","type":"image\/jpeg"}],"author":"redazione","twitter_card":"summary_large_image","twitter_creator":"@bellunopress","twitter_site":"@bellunopress","twitter_misc":{"\u00c9crit par":"redazione","Dur\u00e9e de lecture estim\u00e9e":"2 minutes"},"schema":{"@context":"https:\/\/schema.org","@graph":[{"@type":"Article","@id":"https:\/\/www.bellunopress.it\/2022\/09\/13\/cortinametraggio-lancia-il-bando-per-la-18ma-edizione-del-festival-2023-su-filmfreeway-adesioni-entro-il-4-febbraio-2023\/#article","isPartOf":{"@id":"https:\/\/www.bellunopress.it\/2022\/09\/13\/cortinametraggio-lancia-il-bando-per-la-18ma-edizione-del-festival-2023-su-filmfreeway-adesioni-entro-il-4-febbraio-2023\/"},"author":{"name":"redazione","@id":"https:\/\/www.bellunopress.it\/#\/schema\/person\/79bb06722b37ece1c03d3e94beb30d73"},"headline":"Cortinametraggio lancia il bando per la 18ma edizione del Festival 2023 su Filmfreeway. Adesioni entro il 4 febbraio 2023","datePublished":"2022-09-13T07:35:39+00:00","mainEntityOfPage":{"@id":"https:\/\/www.bellunopress.it\/2022\/09\/13\/cortinametraggio-lancia-il-bando-per-la-18ma-edizione-del-festival-2023-su-filmfreeway-adesioni-entro-il-4-febbraio-2023\/"},"wordCount":227,"publisher":{"@id":"https:\/\/www.bellunopress.it\/#organization"},"image":{"@id":"https:\/\/www.bellunopress.it\/2022\/09\/13\/cortinametraggio-lancia-il-bando-per-la-18ma-edizione-del-festival-2023-su-filmfreeway-adesioni-entro-il-4-febbraio-2023\/#primaryimage"},"thumbnailUrl":"https:\/\/www.bellunopress.it\/wp-content\/uploads\/2022\/09\/Cortinametraggio-2023_edited.jpg","articleSection":["Arte, Cultura, Spettacoli, Scienza","Pausa Caff\u00e8"],"inLanguage":"fr-FR"},{"@type":"WebPage","@id":"https:\/\/www.bellunopress.it\/2022\/09\/13\/cortinametraggio-lancia-il-bando-per-la-18ma-edizione-del-festival-2023-su-filmfreeway-adesioni-entro-il-4-febbraio-2023\/","url":"https:\/\/www.bellunopress.it\/2022\/09\/13\/cortinametraggio-lancia-il-bando-per-la-18ma-edizione-del-festival-2023-su-filmfreeway-adesioni-entro-il-4-febbraio-2023\/","name":"Cortinametraggio lancia il bando per la 18ma edizione del Festival 2023 su Filmfreeway. Adesioni entro il 4 febbraio 2023 - Bellunopress - Dolomiti","isPartOf":{"@id":"https:\/\/www.bellunopress.it\/#website"},"primaryImageOfPage":{"@id":"https:\/\/www.bellunopress.it\/2022\/09\/13\/cortinametraggio-lancia-il-bando-per-la-18ma-edizione-del-festival-2023-su-filmfreeway-adesioni-entro-il-4-febbraio-2023\/#primaryimage"},"image":{"@id":"https:\/\/www.bellunopress.it\/2022\/09\/13\/cortinametraggio-lancia-il-bando-per-la-18ma-edizione-del-festival-2023-su-filmfreeway-adesioni-entro-il-4-febbraio-2023\/#primaryimage"},"thumbnailUrl":"https:\/\/www.bellunopress.it\/wp-content\/uploads\/2022\/09\/Cortinametraggio-2023_edited.jpg","datePublished":"2022-09-13T07:35:39+00:00","breadcrumb":{"@id":"https:\/\/www.bellunopress.it\/2022\/09\/13\/cortinametraggio-lancia-il-bando-per-la-18ma-edizione-del-festival-2023-su-filmfreeway-adesioni-entro-il-4-febbraio-2023\/#breadcrumb"},"inLanguage":"fr-FR","potentialAction":[{"@type":"ReadAction","target":["https:\/\/www.bellunopress.it\/2022\/09\/13\/cortinametraggio-lancia-il-bando-per-la-18ma-edizione-del-festival-2023-su-filmfreeway-adesioni-entro-il-4-febbraio-2023\/"]}]},{"@type":"ImageObject","inLanguage":"fr-FR","@id":"https:\/\/www.bellunopress.it\/2022\/09\/13\/cortinametraggio-lancia-il-bando-per-la-18ma-edizione-del-festival-2023-su-filmfreeway-adesioni-entro-il-4-febbraio-2023\/#primaryimage","url":"https:\/\/www.bellunopress.it\/wp-content\/uploads\/2022\/09\/Cortinametraggio-2023_edited.jpg","contentUrl":"https:\/\/www.bellunopress.it\/wp-content\/uploads\/2022\/09\/Cortinametraggio-2023_edited.jpg","width":1000,"height":667},{"@type":"BreadcrumbList","@id":"https:\/\/www.bellunopress.it\/2022\/09\/13\/cortinametraggio-lancia-il-bando-per-la-18ma-edizione-del-festival-2023-su-filmfreeway-adesioni-entro-il-4-febbraio-2023\/#breadcrumb","itemListElement":[{"@type":"ListItem","position":1,"name":"Home","item":"https:\/\/www.bellunopress.it\/"},{"@type":"ListItem","position":2,"name":"Cortinametraggio lancia il bando per la 18ma edizione del Festival 2023 su Filmfreeway. Adesioni entro il 4 febbraio 2023"}]},{"@type":"WebSite","@id":"https:\/\/www.bellunopress.it\/#website","url":"https:\/\/www.bellunopress.it\/","name":"Bellunopress - Dolomiti","description":"e-mail: redazione@bellunopress.it","publisher":{"@id":"https:\/\/www.bellunopress.it\/#organization"},"potentialAction":[{"@type":"SearchAction","target":{"@type":"EntryPoint","urlTemplate":"https:\/\/www.bellunopress.it\/?s={search_term_string}"},"query-input":{"@type":"PropertyValueSpecification","valueRequired":true,"valueName":"search_term_string"}}],"inLanguage":"fr-FR"},{"@type":"Organization","@id":"https:\/\/www.bellunopress.it\/#organization","name":"Bellunopress","url":"https:\/\/www.bellunopress.it\/","logo":{"@type":"ImageObject","inLanguage":"fr-FR","@id":"https:\/\/www.bellunopress.it\/#\/schema\/logo\/image\/","url":"https:\/\/www.bellunopress.it\/wp-content\/uploads\/2011\/05\/cropped-logo-bellunopress-.jpg","contentUrl":"https:\/\/www.bellunopress.it\/wp-content\/uploads\/2011\/05\/cropped-logo-bellunopress-.jpg","width":512,"height":512,"caption":"Bellunopress"},"image":{"@id":"https:\/\/www.bellunopress.it\/#\/schema\/logo\/image\/"},"sameAs":["https:\/\/www.facebook.com\/profile.php?id=100008943462799","https:\/\/x.com\/bellunopress","https:\/\/www.linkedin.com\/hp\/?dnr=JBzUWaJfMUw8vbXJJ2tVW5-I3jZKvC4wsoxE&amp;amp;amp;amp;amp;amp;trk=nav_responsive_tab_home","https:\/\/www.youtube.com\/channel\/UCxL0wu1uN0_3_7hGG0306cw"]},{"@type":"Person","@id":"https:\/\/www.bellunopress.it\/#\/schema\/person\/79bb06722b37ece1c03d3e94beb30d73","name":"r\u00e9daction","image":{"@type":"ImageObject","inLanguage":"fr-FR","@id":"https:\/\/secure.gravatar.com\/avatar\/37d968a2e67a6fd04c169c4bdef102d0bc5d31b2546345219e348575eb80e9a0?s=96&d=mm&r=g","url":"https:\/\/secure.gravatar.com\/avatar\/37d968a2e67a6fd04c169c4bdef102d0bc5d31b2546345219e348575eb80e9a0?s=96&d=mm&r=g","contentUrl":"https:\/\/secure.gravatar.com\/avatar\/37d968a2e67a6fd04c169c4bdef102d0bc5d31b2546345219e348575eb80e9a0?s=96&d=mm&r=g","caption":"redazione"},"sameAs":["http:\/\/www.bellunopress.it","https:\/\/x.com\/bellunopress"],"url":"https:\/\/www.bellunopress.it\/fr\/author\/redazione\/"}]}},"_links":{"self":[{"href":"https:\/\/www.bellunopress.it\/fr\/wp-json\/wp\/v2\/posts\/136374","targetHints":{"allow":["GET"]}}],"collection":[{"href":"https:\/\/www.bellunopress.it\/fr\/wp-json\/wp\/v2\/posts"}],"about":[{"href":"https:\/\/www.bellunopress.it\/fr\/wp-json\/wp\/v2\/types\/post"}],"author":[{"embeddable":true,"href":"https:\/\/www.bellunopress.it\/fr\/wp-json\/wp\/v2\/users\/2"}],"replies":[{"embeddable":true,"href":"https:\/\/www.bellunopress.it\/fr\/wp-json\/wp\/v2\/comments?post=136374"}],"version-history":[{"count":1,"href":"https:\/\/www.bellunopress.it\/fr\/wp-json\/wp\/v2\/posts\/136374\/revisions"}],"predecessor-version":[{"id":136375,"href":"https:\/\/www.bellunopress.it\/fr\/wp-json\/wp\/v2\/posts\/136374\/revisions\/136375"}],"wp:featuredmedia":[{"embeddable":true,"href":"https:\/\/www.bellunopress.it\/fr\/wp-json\/wp\/v2\/media\/136212"}],"wp:attachment":[{"href":"https:\/\/www.bellunopress.it\/fr\/wp-json\/wp\/v2\/media?parent=136374"}],"wp:term":[{"taxonomy":"category","embeddable":true,"href":"https:\/\/www.bellunopress.it\/fr\/wp-json\/wp\/v2\/categories?post=136374"},{"taxonomy":"post_tag","embeddable":true,"href":"https:\/\/www.bellunopress.it\/fr\/wp-json\/wp\/v2\/tags?post=136374"}],"curies":[{"name":"wp","href":"https:\/\/api.w.org\/{rel}","templated":true}]}}