{"id":136371,"date":"2022-09-12T18:44:49","date_gmt":"2022-09-12T16:44:49","guid":{"rendered":"https:\/\/www.bellunopress.it\/?p=136371"},"modified":"2022-09-12T18:44:49","modified_gmt":"2022-09-12T16:44:49","slug":"via-alla-selezione-per-350-operatori-socio-sanitari","status":"publish","type":"post","link":"https:\/\/www.bellunopress.it\/fr\/2022\/09\/12\/via-alla-selezione-per-350-operatori-socio-sanitari\/","title":{"rendered":"Via alla selezione per 350 operatori socio-sanitari"},"content":{"rendered":"<p><img loading=\"lazy\" decoding=\"async\" class=\"alignleft  wp-image-136372\" src=\"https:\/\/www.bellunopress.it\/wp-content\/uploads\/2022\/09\/OSS-operatori-socio-sanitari_edited.jpg\" alt=\"\" width=\"424\" height=\"635\" srcset=\"https:\/\/www.bellunopress.it\/wp-content\/uploads\/2022\/09\/OSS-operatori-socio-sanitari_edited.jpg 652w, https:\/\/www.bellunopress.it\/wp-content\/uploads\/2022\/09\/OSS-operatori-socio-sanitari_edited-334x500.jpg 334w, https:\/\/www.bellunopress.it\/wp-content\/uploads\/2022\/09\/OSS-operatori-socio-sanitari_edited-281x420.jpg 281w\" sizes=\"auto, (max-width: 424px) 100vw, 424px\" \/>Il gruppo Sereni Orizzonti \u2013 tra le prime tre realt\u00e0 in Italia nella costruzione e gestione di residenze per anziani, con 80 Rsa e pi\u00f9 di 5mila posti letto in Italia e all\u2019estero \u2013 ha attivato le procedure di ricerca e selezione del personale da impiegare nelle strutture in fase di apertura o di ampliamento.<\/p>\n<p>Al momento si cercano 350 operatori sociosanitari, che verranno inseriti nelle residenze in Veneto, in Friuli-Venezia Giulia, in Piemonte e in Lombardia.<\/p>\n<p>\u00abStiamo cercando molti operatori socio-sanitari per le nostre residenze nel Nord-Italia\u00bb &#8211; afferma Mario Modolo, direttore generale del gruppo Sereni Orizzonti &#8211; \u00abSiamo una realt\u00e0 in forte crescita, che ogni giorno d\u00e0 lavoro a migliaia di persone e garantiamo un servizio in un settore fondamentale nel nostro Paese\u00bb.<\/p>\n<p>Dopo una prima fase di preselezione, in cui verr\u00e0 verificato il corretto possesso del titolo, far\u00e0 seguito un colloquio conoscitivo condotto da un Team di professionisti. La ricerca \u00e8 estesa in tutta Italia: Sereni Orizzonti valuta anche profili provenienti da regioni del Centro Italia e Sud-Italia, offrendo un incentivo economico a coloro che sono disponibili al trasferimento.<\/p>\n<p>Tutti i professionisti interessati possono inviare il loro curriculum vitae all\u2019indirizzo ufficiale segreteria@sereniorizzonti.it. Per informazioni \u00e8 possibile contattare il numero 320.7108597 o 345.1682229.<\/p>","protected":false},"excerpt":{"rendered":"<p>Il gruppo Sereni Orizzonti \u2013 tra le prime tre realt\u00e0 in Italia nella costruzione e gestione di residenze per anziani, con 80 Rsa e pi\u00f9 di 5mila posti letto in Italia e all\u2019estero \u2013 ha attivato le procedure di ricerca e selezione del personale da impiegare nelle strutture in fase di apertura o di ampliamento. [&hellip;]<\/p>\n","protected":false},"author":2,"featured_media":136372,"comment_status":"closed","ping_status":"open","sticky":false,"template":"","format":"standard","meta":{"footnotes":""},"categories":[36,17],"tags":[],"class_list":["post-136371","post","type-post","status-publish","format-standard","has-post-thumbnail","category-lavoro-economia","category-sanita"],"yoast_head":"<!-- This site is optimized with the Yoast SEO plugin v28.4 - https:\/\/yoast.com\/product\/yoast-seo-wordpress\/ -->\n<title>Via alla selezione per 350 operatori socio-sanitari - Bellunopress - Dolomiti<\/title>\n<meta name=\"robots\" content=\"index, follow, max-snippet:-1, max-image-preview:large, max-video-preview:-1\" \/>\n<link rel=\"canonical\" href=\"https:\/\/www.bellunopress.it\/fr\/2022\/09\/12\/via-alla-selezione-per-350-operatori-socio-sanitari\/\" \/>\n<meta property=\"og:locale\" content=\"fr_FR\" \/>\n<meta property=\"og:type\" content=\"article\" \/>\n<meta property=\"og:title\" content=\"Via alla selezione per 350 operatori socio-sanitari - Bellunopress - Dolomiti\" \/>\n<meta property=\"og:description\" content=\"Il gruppo Sereni Orizzonti \u2013 tra le prime tre realt\u00e0 in Italia nella costruzione e gestione di residenze per anziani, con 80 Rsa e pi\u00f9 di 5mila posti letto in Italia e all\u2019estero \u2013 ha attivato le procedure di ricerca e selezione del personale da impiegare nelle strutture in fase di apertura o di ampliamento. [&hellip;]\" \/>\n<meta property=\"og:url\" content=\"https:\/\/www.bellunopress.it\/fr\/2022\/09\/12\/via-alla-selezione-per-350-operatori-socio-sanitari\/\" \/>\n<meta property=\"og:site_name\" content=\"Bellunopress - Dolomiti\" \/>\n<meta property=\"article:publisher\" content=\"https:\/\/www.facebook.com\/profile.php?id=100008943462799\" \/>\n<meta property=\"article:published_time\" content=\"2022-09-12T16:44:49+00:00\" \/>\n<meta property=\"og:image\" content=\"https:\/\/www.bellunopress.it\/wp-content\/uploads\/2022\/09\/OSS-operatori-socio-sanitari_edited.jpg\" \/>\n\t<meta property=\"og:image:width\" content=\"652\" \/>\n\t<meta property=\"og:image:height\" content=\"976\" \/>\n\t<meta property=\"og:image:type\" content=\"image\/jpeg\" \/>\n<meta name=\"author\" content=\"redazione\" \/>\n<meta name=\"twitter:card\" content=\"summary_large_image\" \/>\n<meta name=\"twitter:creator\" content=\"@bellunopress\" \/>\n<meta name=\"twitter:site\" content=\"@bellunopress\" \/>\n<meta name=\"twitter:label1\" content=\"\u00c9crit par\" \/>\n\t<meta name=\"twitter:data1\" content=\"redazione\" \/>\n\t<meta name=\"twitter:label2\" content=\"Dur\u00e9e de lecture estim\u00e9e\" \/>\n\t<meta name=\"twitter:data2\" content=\"2 minutes\" \/>\n<script type=\"application\/ld+json\" class=\"yoast-schema-graph\">{\"@context\":\"https:\\\/\\\/schema.org\",\"@graph\":[{\"@type\":\"Article\",\"@id\":\"https:\\\/\\\/www.bellunopress.it\\\/2022\\\/09\\\/12\\\/via-alla-selezione-per-350-operatori-socio-sanitari\\\/#article\",\"isPartOf\":{\"@id\":\"https:\\\/\\\/www.bellunopress.it\\\/2022\\\/09\\\/12\\\/via-alla-selezione-per-350-operatori-socio-sanitari\\\/\"},\"author\":{\"name\":\"redazione\",\"@id\":\"https:\\\/\\\/www.bellunopress.it\\\/#\\\/schema\\\/person\\\/79bb06722b37ece1c03d3e94beb30d73\"},\"headline\":\"Via alla selezione per 350 operatori socio-sanitari\",\"datePublished\":\"2022-09-12T16:44:49+00:00\",\"mainEntityOfPage\":{\"@id\":\"https:\\\/\\\/www.bellunopress.it\\\/2022\\\/09\\\/12\\\/via-alla-selezione-per-350-operatori-socio-sanitari\\\/\"},\"wordCount\":207,\"publisher\":{\"@id\":\"https:\\\/\\\/www.bellunopress.it\\\/#organization\"},\"image\":{\"@id\":\"https:\\\/\\\/www.bellunopress.it\\\/2022\\\/09\\\/12\\\/via-alla-selezione-per-350-operatori-socio-sanitari\\\/#primaryimage\"},\"thumbnailUrl\":\"https:\\\/\\\/www.bellunopress.it\\\/wp-content\\\/uploads\\\/2022\\\/09\\\/OSS-operatori-socio-sanitari_edited.jpg\",\"articleSection\":[\"Lavoro, Economia, Turismo\",\"Sanit\u00e0 Medicina\"],\"inLanguage\":\"fr-FR\"},{\"@type\":\"WebPage\",\"@id\":\"https:\\\/\\\/www.bellunopress.it\\\/2022\\\/09\\\/12\\\/via-alla-selezione-per-350-operatori-socio-sanitari\\\/\",\"url\":\"https:\\\/\\\/www.bellunopress.it\\\/2022\\\/09\\\/12\\\/via-alla-selezione-per-350-operatori-socio-sanitari\\\/\",\"name\":\"Via alla selezione per 350 operatori socio-sanitari - Bellunopress - Dolomiti\",\"isPartOf\":{\"@id\":\"https:\\\/\\\/www.bellunopress.it\\\/#website\"},\"primaryImageOfPage\":{\"@id\":\"https:\\\/\\\/www.bellunopress.it\\\/2022\\\/09\\\/12\\\/via-alla-selezione-per-350-operatori-socio-sanitari\\\/#primaryimage\"},\"image\":{\"@id\":\"https:\\\/\\\/www.bellunopress.it\\\/2022\\\/09\\\/12\\\/via-alla-selezione-per-350-operatori-socio-sanitari\\\/#primaryimage\"},\"thumbnailUrl\":\"https:\\\/\\\/www.bellunopress.it\\\/wp-content\\\/uploads\\\/2022\\\/09\\\/OSS-operatori-socio-sanitari_edited.jpg\",\"datePublished\":\"2022-09-12T16:44:49+00:00\",\"breadcrumb\":{\"@id\":\"https:\\\/\\\/www.bellunopress.it\\\/2022\\\/09\\\/12\\\/via-alla-selezione-per-350-operatori-socio-sanitari\\\/#breadcrumb\"},\"inLanguage\":\"fr-FR\",\"potentialAction\":[{\"@type\":\"ReadAction\",\"target\":[\"https:\\\/\\\/www.bellunopress.it\\\/2022\\\/09\\\/12\\\/via-alla-selezione-per-350-operatori-socio-sanitari\\\/\"]}]},{\"@type\":\"ImageObject\",\"inLanguage\":\"fr-FR\",\"@id\":\"https:\\\/\\\/www.bellunopress.it\\\/2022\\\/09\\\/12\\\/via-alla-selezione-per-350-operatori-socio-sanitari\\\/#primaryimage\",\"url\":\"https:\\\/\\\/www.bellunopress.it\\\/wp-content\\\/uploads\\\/2022\\\/09\\\/OSS-operatori-socio-sanitari_edited.jpg\",\"contentUrl\":\"https:\\\/\\\/www.bellunopress.it\\\/wp-content\\\/uploads\\\/2022\\\/09\\\/OSS-operatori-socio-sanitari_edited.jpg\",\"width\":652,\"height\":976},{\"@type\":\"BreadcrumbList\",\"@id\":\"https:\\\/\\\/www.bellunopress.it\\\/2022\\\/09\\\/12\\\/via-alla-selezione-per-350-operatori-socio-sanitari\\\/#breadcrumb\",\"itemListElement\":[{\"@type\":\"ListItem\",\"position\":1,\"name\":\"Home\",\"item\":\"https:\\\/\\\/www.bellunopress.it\\\/\"},{\"@type\":\"ListItem\",\"position\":2,\"name\":\"Via alla selezione per 350 operatori socio-sanitari\"}]},{\"@type\":\"WebSite\",\"@id\":\"https:\\\/\\\/www.bellunopress.it\\\/#website\",\"url\":\"https:\\\/\\\/www.bellunopress.it\\\/\",\"name\":\"Bellunopress - Dolomiti\",\"description\":\"e-mail: redazione@bellunopress.it\",\"publisher\":{\"@id\":\"https:\\\/\\\/www.bellunopress.it\\\/#organization\"},\"potentialAction\":[{\"@type\":\"SearchAction\",\"target\":{\"@type\":\"EntryPoint\",\"urlTemplate\":\"https:\\\/\\\/www.bellunopress.it\\\/?s={search_term_string}\"},\"query-input\":{\"@type\":\"PropertyValueSpecification\",\"valueRequired\":true,\"valueName\":\"search_term_string\"}}],\"inLanguage\":\"fr-FR\"},{\"@type\":\"Organization\",\"@id\":\"https:\\\/\\\/www.bellunopress.it\\\/#organization\",\"name\":\"Bellunopress\",\"url\":\"https:\\\/\\\/www.bellunopress.it\\\/\",\"logo\":{\"@type\":\"ImageObject\",\"inLanguage\":\"fr-FR\",\"@id\":\"https:\\\/\\\/www.bellunopress.it\\\/#\\\/schema\\\/logo\\\/image\\\/\",\"url\":\"https:\\\/\\\/www.bellunopress.it\\\/wp-content\\\/uploads\\\/2011\\\/05\\\/cropped-logo-bellunopress-.jpg\",\"contentUrl\":\"https:\\\/\\\/www.bellunopress.it\\\/wp-content\\\/uploads\\\/2011\\\/05\\\/cropped-logo-bellunopress-.jpg\",\"width\":512,\"height\":512,\"caption\":\"Bellunopress\"},\"image\":{\"@id\":\"https:\\\/\\\/www.bellunopress.it\\\/#\\\/schema\\\/logo\\\/image\\\/\"},\"sameAs\":[\"https:\\\/\\\/www.facebook.com\\\/profile.php?id=100008943462799\",\"https:\\\/\\\/x.com\\\/bellunopress\",\"https:\\\/\\\/www.linkedin.com\\\/hp\\\/?dnr=JBzUWaJfMUw8vbXJJ2tVW5-I3jZKvC4wsoxE&amp;amp;amp;amp;amp;amp;trk=nav_responsive_tab_home\",\"https:\\\/\\\/www.youtube.com\\\/channel\\\/UCxL0wu1uN0_3_7hGG0306cw\"]},{\"@type\":\"Person\",\"@id\":\"https:\\\/\\\/www.bellunopress.it\\\/#\\\/schema\\\/person\\\/79bb06722b37ece1c03d3e94beb30d73\",\"name\":\"redazione\",\"image\":{\"@type\":\"ImageObject\",\"inLanguage\":\"fr-FR\",\"@id\":\"https:\\\/\\\/secure.gravatar.com\\\/avatar\\\/37d968a2e67a6fd04c169c4bdef102d0bc5d31b2546345219e348575eb80e9a0?s=96&d=mm&r=g\",\"url\":\"https:\\\/\\\/secure.gravatar.com\\\/avatar\\\/37d968a2e67a6fd04c169c4bdef102d0bc5d31b2546345219e348575eb80e9a0?s=96&d=mm&r=g\",\"contentUrl\":\"https:\\\/\\\/secure.gravatar.com\\\/avatar\\\/37d968a2e67a6fd04c169c4bdef102d0bc5d31b2546345219e348575eb80e9a0?s=96&d=mm&r=g\",\"caption\":\"redazione\"},\"sameAs\":[\"http:\\\/\\\/www.bellunopress.it\",\"https:\\\/\\\/x.com\\\/bellunopress\"],\"url\":\"https:\\\/\\\/www.bellunopress.it\\\/fr\\\/author\\\/redazione\\\/\"}]}<\/script>\n<!-- \/ Yoast SEO plugin. -->","yoast_head_json":{"title":"Via alla selezione per 350 operatori socio-sanitari - Bellunopress - Dolomiti","robots":{"index":"index","follow":"follow","max-snippet":"max-snippet:-1","max-image-preview":"max-image-preview:large","max-video-preview":"max-video-preview:-1"},"canonical":"https:\/\/www.bellunopress.it\/fr\/2022\/09\/12\/via-alla-selezione-per-350-operatori-socio-sanitari\/","og_locale":"fr_FR","og_type":"article","og_title":"Via alla selezione per 350 operatori socio-sanitari - Bellunopress - Dolomiti","og_description":"Il gruppo Sereni Orizzonti \u2013 tra le prime tre realt\u00e0 in Italia nella costruzione e gestione di residenze per anziani, con 80 Rsa e pi\u00f9 di 5mila posti letto in Italia e all\u2019estero \u2013 ha attivato le procedure di ricerca e selezione del personale da impiegare nelle strutture in fase di apertura o di ampliamento. [&hellip;]","og_url":"https:\/\/www.bellunopress.it\/fr\/2022\/09\/12\/via-alla-selezione-per-350-operatori-socio-sanitari\/","og_site_name":"Bellunopress - Dolomiti","article_publisher":"https:\/\/www.facebook.com\/profile.php?id=100008943462799","article_published_time":"2022-09-12T16:44:49+00:00","og_image":[{"width":652,"height":976,"url":"https:\/\/www.bellunopress.it\/wp-content\/uploads\/2022\/09\/OSS-operatori-socio-sanitari_edited.jpg","type":"image\/jpeg"}],"author":"redazione","twitter_card":"summary_large_image","twitter_creator":"@bellunopress","twitter_site":"@bellunopress","twitter_misc":{"\u00c9crit par":"redazione","Dur\u00e9e de lecture estim\u00e9e":"2 minutes"},"schema":{"@context":"https:\/\/schema.org","@graph":[{"@type":"Article","@id":"https:\/\/www.bellunopress.it\/2022\/09\/12\/via-alla-selezione-per-350-operatori-socio-sanitari\/#article","isPartOf":{"@id":"https:\/\/www.bellunopress.it\/2022\/09\/12\/via-alla-selezione-per-350-operatori-socio-sanitari\/"},"author":{"name":"redazione","@id":"https:\/\/www.bellunopress.it\/#\/schema\/person\/79bb06722b37ece1c03d3e94beb30d73"},"headline":"Via alla selezione per 350 operatori socio-sanitari","datePublished":"2022-09-12T16:44:49+00:00","mainEntityOfPage":{"@id":"https:\/\/www.bellunopress.it\/2022\/09\/12\/via-alla-selezione-per-350-operatori-socio-sanitari\/"},"wordCount":207,"publisher":{"@id":"https:\/\/www.bellunopress.it\/#organization"},"image":{"@id":"https:\/\/www.bellunopress.it\/2022\/09\/12\/via-alla-selezione-per-350-operatori-socio-sanitari\/#primaryimage"},"thumbnailUrl":"https:\/\/www.bellunopress.it\/wp-content\/uploads\/2022\/09\/OSS-operatori-socio-sanitari_edited.jpg","articleSection":["Lavoro, Economia, Turismo","Sanit\u00e0 Medicina"],"inLanguage":"fr-FR"},{"@type":"WebPage","@id":"https:\/\/www.bellunopress.it\/2022\/09\/12\/via-alla-selezione-per-350-operatori-socio-sanitari\/","url":"https:\/\/www.bellunopress.it\/2022\/09\/12\/via-alla-selezione-per-350-operatori-socio-sanitari\/","name":"Via alla selezione per 350 operatori socio-sanitari - Bellunopress - Dolomiti","isPartOf":{"@id":"https:\/\/www.bellunopress.it\/#website"},"primaryImageOfPage":{"@id":"https:\/\/www.bellunopress.it\/2022\/09\/12\/via-alla-selezione-per-350-operatori-socio-sanitari\/#primaryimage"},"image":{"@id":"https:\/\/www.bellunopress.it\/2022\/09\/12\/via-alla-selezione-per-350-operatori-socio-sanitari\/#primaryimage"},"thumbnailUrl":"https:\/\/www.bellunopress.it\/wp-content\/uploads\/2022\/09\/OSS-operatori-socio-sanitari_edited.jpg","datePublished":"2022-09-12T16:44:49+00:00","breadcrumb":{"@id":"https:\/\/www.bellunopress.it\/2022\/09\/12\/via-alla-selezione-per-350-operatori-socio-sanitari\/#breadcrumb"},"inLanguage":"fr-FR","potentialAction":[{"@type":"ReadAction","target":["https:\/\/www.bellunopress.it\/2022\/09\/12\/via-alla-selezione-per-350-operatori-socio-sanitari\/"]}]},{"@type":"ImageObject","inLanguage":"fr-FR","@id":"https:\/\/www.bellunopress.it\/2022\/09\/12\/via-alla-selezione-per-350-operatori-socio-sanitari\/#primaryimage","url":"https:\/\/www.bellunopress.it\/wp-content\/uploads\/2022\/09\/OSS-operatori-socio-sanitari_edited.jpg","contentUrl":"https:\/\/www.bellunopress.it\/wp-content\/uploads\/2022\/09\/OSS-operatori-socio-sanitari_edited.jpg","width":652,"height":976},{"@type":"BreadcrumbList","@id":"https:\/\/www.bellunopress.it\/2022\/09\/12\/via-alla-selezione-per-350-operatori-socio-sanitari\/#breadcrumb","itemListElement":[{"@type":"ListItem","position":1,"name":"Home","item":"https:\/\/www.bellunopress.it\/"},{"@type":"ListItem","position":2,"name":"Via alla selezione per 350 operatori socio-sanitari"}]},{"@type":"WebSite","@id":"https:\/\/www.bellunopress.it\/#website","url":"https:\/\/www.bellunopress.it\/","name":"Bellunopress - Dolomiti","description":"e-mail: redazione@bellunopress.it","publisher":{"@id":"https:\/\/www.bellunopress.it\/#organization"},"potentialAction":[{"@type":"SearchAction","target":{"@type":"EntryPoint","urlTemplate":"https:\/\/www.bellunopress.it\/?s={search_term_string}"},"query-input":{"@type":"PropertyValueSpecification","valueRequired":true,"valueName":"search_term_string"}}],"inLanguage":"fr-FR"},{"@type":"Organization","@id":"https:\/\/www.bellunopress.it\/#organization","name":"Bellunopress","url":"https:\/\/www.bellunopress.it\/","logo":{"@type":"ImageObject","inLanguage":"fr-FR","@id":"https:\/\/www.bellunopress.it\/#\/schema\/logo\/image\/","url":"https:\/\/www.bellunopress.it\/wp-content\/uploads\/2011\/05\/cropped-logo-bellunopress-.jpg","contentUrl":"https:\/\/www.bellunopress.it\/wp-content\/uploads\/2011\/05\/cropped-logo-bellunopress-.jpg","width":512,"height":512,"caption":"Bellunopress"},"image":{"@id":"https:\/\/www.bellunopress.it\/#\/schema\/logo\/image\/"},"sameAs":["https:\/\/www.facebook.com\/profile.php?id=100008943462799","https:\/\/x.com\/bellunopress","https:\/\/www.linkedin.com\/hp\/?dnr=JBzUWaJfMUw8vbXJJ2tVW5-I3jZKvC4wsoxE&amp;amp;amp;amp;amp;amp;trk=nav_responsive_tab_home","https:\/\/www.youtube.com\/channel\/UCxL0wu1uN0_3_7hGG0306cw"]},{"@type":"Person","@id":"https:\/\/www.bellunopress.it\/#\/schema\/person\/79bb06722b37ece1c03d3e94beb30d73","name":"r\u00e9daction","image":{"@type":"ImageObject","inLanguage":"fr-FR","@id":"https:\/\/secure.gravatar.com\/avatar\/37d968a2e67a6fd04c169c4bdef102d0bc5d31b2546345219e348575eb80e9a0?s=96&d=mm&r=g","url":"https:\/\/secure.gravatar.com\/avatar\/37d968a2e67a6fd04c169c4bdef102d0bc5d31b2546345219e348575eb80e9a0?s=96&d=mm&r=g","contentUrl":"https:\/\/secure.gravatar.com\/avatar\/37d968a2e67a6fd04c169c4bdef102d0bc5d31b2546345219e348575eb80e9a0?s=96&d=mm&r=g","caption":"redazione"},"sameAs":["http:\/\/www.bellunopress.it","https:\/\/x.com\/bellunopress"],"url":"https:\/\/www.bellunopress.it\/fr\/author\/redazione\/"}]}},"_links":{"self":[{"href":"https:\/\/www.bellunopress.it\/fr\/wp-json\/wp\/v2\/posts\/136371","targetHints":{"allow":["GET"]}}],"collection":[{"href":"https:\/\/www.bellunopress.it\/fr\/wp-json\/wp\/v2\/posts"}],"about":[{"href":"https:\/\/www.bellunopress.it\/fr\/wp-json\/wp\/v2\/types\/post"}],"author":[{"embeddable":true,"href":"https:\/\/www.bellunopress.it\/fr\/wp-json\/wp\/v2\/users\/2"}],"replies":[{"embeddable":true,"href":"https:\/\/www.bellunopress.it\/fr\/wp-json\/wp\/v2\/comments?post=136371"}],"version-history":[{"count":1,"href":"https:\/\/www.bellunopress.it\/fr\/wp-json\/wp\/v2\/posts\/136371\/revisions"}],"predecessor-version":[{"id":136373,"href":"https:\/\/www.bellunopress.it\/fr\/wp-json\/wp\/v2\/posts\/136371\/revisions\/136373"}],"wp:featuredmedia":[{"embeddable":true,"href":"https:\/\/www.bellunopress.it\/fr\/wp-json\/wp\/v2\/media\/136372"}],"wp:attachment":[{"href":"https:\/\/www.bellunopress.it\/fr\/wp-json\/wp\/v2\/media?parent=136371"}],"wp:term":[{"taxonomy":"category","embeddable":true,"href":"https:\/\/www.bellunopress.it\/fr\/wp-json\/wp\/v2\/categories?post=136371"},{"taxonomy":"post_tag","embeddable":true,"href":"https:\/\/www.bellunopress.it\/fr\/wp-json\/wp\/v2\/tags?post=136371"}],"curies":[{"name":"wp","href":"https:\/\/api.w.org\/{rel}","templated":true}]}}